{"id":1228,"date":"2019-09-24T16:21:34","date_gmt":"2019-09-24T19:21:34","guid":{"rendered":"https:\/\/www.manualdeideias.com\/estilo-de-vida\/saude\/a-fraqueza-deste-musculo-localizado-na-sua-coluna-pode-causar-ansiedade\/"},"modified":"2019-09-24T16:21:34","modified_gmt":"2019-09-24T19:21:34","slug":"a-fraqueza-deste-musculo-localizado-na-sua-coluna-pode-causar-ansiedade","status":"publish","type":"post","link":"https:\/\/www.conveniosocial.com.br\/blog\/saude\/a-fraqueza-deste-musculo-localizado-na-sua-coluna-pode-causar-ansiedade\/","title":{"rendered":"A fraqueza deste m\u00fasculo localizado na sua coluna pode causar ansiedade\u2026"},"content":{"rendered":"\n<p><strong>H\u00e1 um m\u00fasculo que se localiza perto do osso do quadril, conhecido pela medicina chinesa como \u201cm\u00fasculo da alma\u201d.<\/strong><\/p>\n<p>No entanto, seu verdadeiro nome \u00e9 psoas.<\/p>\n<p>Esse <strong>m\u00fasculo influencia nossa flexibilidade, mobilidade e equil\u00edbrio.<\/strong><\/p>\n<p>Para voc\u00ea ter ideia, ele suporta todo o peso da postura vertical do corpo.<\/p>\n<p>Al\u00e9m disso, \u00e9 important\u00edssimo para nossa sa\u00fade f\u00edsica e emocional, j\u00e1 que tamb\u00e9m passa pelo abd\u00f3men.<\/p>\n<p>E o que o abd\u00f3men tem a ver com nosso estado de esp\u00edrito?<\/p>\n<p>Bom, segundo os orientais, principalmente chineses e os indianos, tudo!<\/p>\n<p>A filosofia oriental acredita que quatro chakras importantes se localizam na regi\u00e3o abdominal.<\/p>\n<p>Ou seja, \u00e9 onde maior parte da nossa energia se concentra.<\/p>\n<p><strong>Quando a regi\u00e3o fica tensionada, todo o corpo sofre<\/strong>.<\/p>\n<p>O livro \u201cThe Psoas\u201d, de Liz Koch, explica bem isso.<\/p>\n<p>Segundo o autor, o m\u00fasculo \u00e9 bastante especial porque influencia a grande parte das demais musculaturas, fazendo uma trajet\u00f3ria comprida em nosso corpo.<\/p>\n<p>E n\u00e3o p<strong>ara por a\u00ed!<\/strong><\/p>\n<p><strong>O psoas \u00e9 o principal m\u00fasculo ligado \u00e0 estabilidade f\u00edsica.<\/strong><\/p>\n<p>Ele \u00e9 o \u00fa<strong>nico m\u00fasculo que liga a coluna vertebral \u00e0s pernas.<\/strong><\/p>\n<p>Al\u00e9m disso, \u00e9 respons\u00e1vel por nos manter em p\u00e9 e o que permite levantar as pernas para andar.<\/p>\n<p>Quando est\u00e1 saud\u00e1vel, o psoas estabiliza a coluna vertebral e proporciona apoio atrav\u00e9s do tronco, al\u00e9m de formar um bom suporte para os \u00f3rg\u00e3os abdominais.<\/p>\n<p>Tamb\u00e9m est\u00e1 conectado ao diafragma, que controla a respira\u00e7\u00e3o, e aos sintomas f\u00edsicos, ligados ao medo e \u00e0 ansiedade.<\/p>\n<p>Infelizmente, nosso estilo de vida tende a danificar o m\u00fasculo psoas.<\/p>\n<p>Basta observar como algumas cadeiras, roupas e sapatos nos deixam com uma p\u00e9ssima postura e restringem nossos movimentos.<\/p>\n<p>Os danos no psoas atingem os joelhos, as costas, a respira\u00e7\u00e3o e at\u00e9 a digest\u00e3o. D\u00e1 para acreditar?<\/p>\n<p><strong>Se o preju\u00edzo for cr\u00f4nico, sentiremos dores cr\u00f4nicas e nosso humor estar\u00e1 comprometido.<\/strong><\/p>\n<p>O problema vai se tornando uma grande bola de neve.<\/p>\n<p><strong>Para reverter, \u00e9 necess\u00e1rio aliviar a tens\u00e3o no psoas, distribuindo adequadamente a energia vital.<\/strong><\/p>\n<p><strong>Como fazer isso?<\/strong><\/p>\n<p>H\u00e1 muitos movimentos de ioga que s\u00e3o infal\u00edveis.<\/p>\n<ul>\n<li>Voc\u00ea pode praticar esses movimentos sozinho.<\/li>\n<li>Mas o ideal \u00e9 procurar a ajuda de um bom professor de ioga e solicitar a ele exerc\u00edcios que fortale\u00e7am esse m\u00fasculo.<\/li>\n<\/ul>\n<p>Este \u00e9 um blog de not\u00edcias sobre tratamentos caseiros. Ele n\u00e3o substitui um especialista. Consulte sempre seu m\u00e9dico.<\/p>\n","protected":false},"excerpt":{"rendered":"<p>H\u00e1 um m\u00fasculo que se localiza perto do osso do quadril, conhecido pela medicina chinesa como \u201cm\u00fasculo da alma\u201d. No entanto, seu verdadeiro nome \u00e9 psoas. Esse m\u00fasculo influencia nossa flexibilidade, mobilidade e equil\u00edbrio. Para voc\u00ea ter ideia, ele suporta todo o peso da postura vertical do corpo. Al\u00e9m disso, \u00e9 important\u00edssimo para nossa sa\u00fade [&hellip;]<\/p>\n","protected":false},"author":2,"featured_media":1229,"comment_status":"open","ping_status":"open","sticky":false,"template":"","format":"standard","meta":{"_et_pb_use_builder":"o","_et_pb_old_content":"","_et_gb_content_width":"","footnotes":""},"categories":[614],"tags":[],"class_list":["post-1228","post","type-post","status-publish","format-standard","has-post-thumbnail","hentry","category-saude"],"yoast_head":"<!-- This site is optimized with the Yoast SEO Premium plugin v21.3 (Yoast SEO v27.5) - https:\/\/yoast.com\/product\/yoast-seo-premium-wordpress\/ -->\n<title>A fraqueza deste m\u00fasculo localizado na sua coluna pode causar ansiedade\u2026 - Conv\u00eanio Social<\/title>\n<meta name=\"robots\" content=\"index, follow, max-snippet:-1, max-image-preview:large, max-video-preview:-1\" \/>\n<link rel=\"canonical\" href=\"https:\/\/www.conveniosocial.com.br\/blog\/nehuma\/a-fraqueza-deste-musculo-localizado-na-sua-coluna-pode-causar-ansiedade\/\" \/>\n<meta property=\"og:locale\" content=\"pt_BR\" \/>\n<meta property=\"og:type\" content=\"article\" \/>\n<meta property=\"og:title\" content=\"A fraqueza deste m\u00fasculo localizado na sua coluna pode causar ansiedade\u2026\" \/>\n<meta property=\"og:description\" content=\"H\u00e1 um m\u00fasculo que se localiza perto do osso do quadril, conhecido pela medicina chinesa como \u201cm\u00fasculo da alma\u201d. No entanto, seu verdadeiro nome \u00e9 psoas. Esse m\u00fasculo influencia nossa flexibilidade, mobilidade e equil\u00edbrio. Para voc\u00ea ter ideia, ele suporta todo o peso da postura vertical do corpo. Al\u00e9m disso, \u00e9 important\u00edssimo para nossa sa\u00fade [&hellip;]\" \/>\n<meta property=\"og:url\" content=\"https:\/\/www.conveniosocial.com.br\/blog\/nehuma\/a-fraqueza-deste-musculo-localizado-na-sua-coluna-pode-causar-ansiedade\/\" \/>\n<meta property=\"og:site_name\" content=\"Conv\u00eanio Social\" \/>\n<meta property=\"article:published_time\" content=\"2019-09-24T19:21:34+00:00\" \/>\n<meta name=\"author\" content=\"Reda\u00e7\u00e3o\" \/>\n<meta name=\"twitter:card\" content=\"summary_large_image\" \/>\n<meta name=\"twitter:label1\" content=\"Escrito por\" \/>\n\t<meta name=\"twitter:data1\" content=\"Reda\u00e7\u00e3o\" \/>\n\t<meta name=\"twitter:label2\" content=\"Est. tempo de leitura\" \/>\n\t<meta name=\"twitter:data2\" content=\"2 minutos\" \/>\n<script type=\"application\/ld+json\" class=\"yoast-schema-graph\">{\"@context\":\"https:\\\/\\\/schema.org\",\"@graph\":[{\"@type\":\"Article\",\"@id\":\"https:\\\/\\\/www.conveniosocial.com.br\\\/blog\\\/nehuma\\\/a-fraqueza-deste-musculo-localizado-na-sua-coluna-pode-causar-ansiedade\\\/#article\",\"isPartOf\":{\"@id\":\"https:\\\/\\\/www.conveniosocial.com.br\\\/blog\\\/nehuma\\\/a-fraqueza-deste-musculo-localizado-na-sua-coluna-pode-causar-ansiedade\\\/\"},\"author\":{\"name\":\"Reda\u00e7\u00e3o\",\"@id\":\"https:\\\/\\\/www.conveniosocial.com.br\\\/blog\\\/#\\\/schema\\\/person\\\/95c30bfdd058f90f62325275583f6bdb\"},\"headline\":\"A fraqueza deste m\u00fasculo localizado na sua coluna pode causar ansiedade\u2026\",\"datePublished\":\"2019-09-24T19:21:34+00:00\",\"mainEntityOfPage\":{\"@id\":\"https:\\\/\\\/www.conveniosocial.com.br\\\/blog\\\/nehuma\\\/a-fraqueza-deste-musculo-localizado-na-sua-coluna-pode-causar-ansiedade\\\/\"},\"wordCount\":429,\"commentCount\":0,\"publisher\":{\"@id\":\"https:\\\/\\\/www.conveniosocial.com.br\\\/blog\\\/#organization\"},\"image\":{\"@id\":\"https:\\\/\\\/www.conveniosocial.com.br\\\/blog\\\/nehuma\\\/a-fraqueza-deste-musculo-localizado-na-sua-coluna-pode-causar-ansiedade\\\/#primaryimage\"},\"thumbnailUrl\":\"\",\"articleSection\":[\"Sa\u00fade\"],\"inLanguage\":\"pt-BR\"},{\"@type\":\"WebPage\",\"@id\":\"https:\\\/\\\/www.conveniosocial.com.br\\\/blog\\\/nehuma\\\/a-fraqueza-deste-musculo-localizado-na-sua-coluna-pode-causar-ansiedade\\\/\",\"url\":\"https:\\\/\\\/www.conveniosocial.com.br\\\/blog\\\/nehuma\\\/a-fraqueza-deste-musculo-localizado-na-sua-coluna-pode-causar-ansiedade\\\/\",\"name\":\"A fraqueza deste m\u00fasculo localizado na sua coluna pode causar ansiedade\u2026 - Conv\u00eanio Social\",\"isPartOf\":{\"@id\":\"https:\\\/\\\/www.conveniosocial.com.br\\\/blog\\\/#website\"},\"primaryImageOfPage\":{\"@id\":\"https:\\\/\\\/www.conveniosocial.com.br\\\/blog\\\/nehuma\\\/a-fraqueza-deste-musculo-localizado-na-sua-coluna-pode-causar-ansiedade\\\/#primaryimage\"},\"image\":{\"@id\":\"https:\\\/\\\/www.conveniosocial.com.br\\\/blog\\\/nehuma\\\/a-fraqueza-deste-musculo-localizado-na-sua-coluna-pode-causar-ansiedade\\\/#primaryimage\"},\"thumbnailUrl\":\"\",\"datePublished\":\"2019-09-24T19:21:34+00:00\",\"breadcrumb\":{\"@id\":\"https:\\\/\\\/www.conveniosocial.com.br\\\/blog\\\/nehuma\\\/a-fraqueza-deste-musculo-localizado-na-sua-coluna-pode-causar-ansiedade\\\/#breadcrumb\"},\"inLanguage\":\"pt-BR\",\"potentialAction\":[{\"@type\":\"ReadAction\",\"target\":[\"https:\\\/\\\/www.conveniosocial.com.br\\\/blog\\\/nehuma\\\/a-fraqueza-deste-musculo-localizado-na-sua-coluna-pode-causar-ansiedade\\\/\"]}]},{\"@type\":\"ImageObject\",\"inLanguage\":\"pt-BR\",\"@id\":\"https:\\\/\\\/www.conveniosocial.com.br\\\/blog\\\/nehuma\\\/a-fraqueza-deste-musculo-localizado-na-sua-coluna-pode-causar-ansiedade\\\/#primaryimage\",\"url\":\"\",\"contentUrl\":\"\"},{\"@type\":\"BreadcrumbList\",\"@id\":\"https:\\\/\\\/www.conveniosocial.com.br\\\/blog\\\/nehuma\\\/a-fraqueza-deste-musculo-localizado-na-sua-coluna-pode-causar-ansiedade\\\/#breadcrumb\",\"itemListElement\":[{\"@type\":\"ListItem\",\"position\":1,\"name\":\"Home\",\"item\":\"https:\\\/\\\/www.conveniosocial.com.br\\\/blog\\\/\"},{\"@type\":\"ListItem\",\"position\":2,\"name\":\"Nenhuma\",\"item\":\"https:\\\/\\\/www.conveniosocial.com.br\\\/blog\\\/nehuma\\\/\"},{\"@type\":\"ListItem\",\"position\":3,\"name\":\"A fraqueza deste m\u00fasculo localizado na sua coluna pode causar ansiedade\u2026\"}]},{\"@type\":\"WebSite\",\"@id\":\"https:\\\/\\\/www.conveniosocial.com.br\\\/blog\\\/#website\",\"url\":\"https:\\\/\\\/www.conveniosocial.com.br\\\/blog\\\/\",\"name\":\"Conv\u00eanio Social\",\"description\":\"Informa\u00e7\u00f5es de Sa\u00fade e Bem-estar, Consultas e Exames Popular\",\"publisher\":{\"@id\":\"https:\\\/\\\/www.conveniosocial.com.br\\\/blog\\\/#organization\"},\"potentialAction\":[{\"@type\":\"SearchAction\",\"target\":{\"@type\":\"EntryPoint\",\"urlTemplate\":\"https:\\\/\\\/www.conveniosocial.com.br\\\/blog\\\/?s={search_term_string}\"},\"query-input\":{\"@type\":\"PropertyValueSpecification\",\"valueRequired\":true,\"valueName\":\"search_term_string\"}}],\"inLanguage\":\"pt-BR\"},{\"@type\":\"Organization\",\"@id\":\"https:\\\/\\\/www.conveniosocial.com.br\\\/blog\\\/#organization\",\"name\":\"Conv\u00eanio Social\",\"url\":\"https:\\\/\\\/www.conveniosocial.com.br\\\/blog\\\/\",\"logo\":{\"@type\":\"ImageObject\",\"inLanguage\":\"pt-BR\",\"@id\":\"https:\\\/\\\/www.conveniosocial.com.br\\\/blog\\\/#\\\/schema\\\/logo\\\/image\\\/\",\"url\":\"https:\\\/\\\/www.conveniosocial.com.br\\\/blog\\\/wp-content\\\/uploads\\\/2021\\\/11\\\/novo_logo-convenio-socia-digital.png\",\"contentUrl\":\"https:\\\/\\\/www.conveniosocial.com.br\\\/blog\\\/wp-content\\\/uploads\\\/2021\\\/11\\\/novo_logo-convenio-socia-digital.png\",\"width\":400,\"height\":102,\"caption\":\"Conv\u00eanio Social\"},\"image\":{\"@id\":\"https:\\\/\\\/www.conveniosocial.com.br\\\/blog\\\/#\\\/schema\\\/logo\\\/image\\\/\"}},{\"@type\":\"Person\",\"@id\":\"https:\\\/\\\/www.conveniosocial.com.br\\\/blog\\\/#\\\/schema\\\/person\\\/95c30bfdd058f90f62325275583f6bdb\",\"name\":\"Reda\u00e7\u00e3o\",\"image\":{\"@type\":\"ImageObject\",\"inLanguage\":\"pt-BR\",\"@id\":\"https:\\\/\\\/www.conveniosocial.com.br\\\/blog\\\/wp-content\\\/litespeed\\\/avatar\\\/4e54f19e6593de883bfb434e7ed885ea.jpg?ver=1777443823\",\"url\":\"https:\\\/\\\/www.conveniosocial.com.br\\\/blog\\\/wp-content\\\/litespeed\\\/avatar\\\/4e54f19e6593de883bfb434e7ed885ea.jpg?ver=1777443823\",\"contentUrl\":\"https:\\\/\\\/www.conveniosocial.com.br\\\/blog\\\/wp-content\\\/litespeed\\\/avatar\\\/4e54f19e6593de883bfb434e7ed885ea.jpg?ver=1777443823\",\"caption\":\"Reda\u00e7\u00e3o\"},\"description\":\"Presente nos 26 estados do Pa\u00eds e no Distrito Federal, Conv\u00eanio Social vem simplificando a experi\u00eancia dos usu\u00e1rios, que por meio do nosso portal, encontram, em um s\u00f3 local, tudo o que se refere aos servi\u00e7os de sa\u00fade a pre\u00e7os populares.\"}]}<\/script>\n<!-- \/ Yoast SEO Premium plugin. -->","yoast_head_json":{"title":"A fraqueza deste m\u00fasculo localizado na sua coluna pode causar ansiedade\u2026 - Conv\u00eanio Social","robots":{"index":"index","follow":"follow","max-snippet":"max-snippet:-1","max-image-preview":"max-image-preview:large","max-video-preview":"max-video-preview:-1"},"canonical":"https:\/\/www.conveniosocial.com.br\/blog\/nehuma\/a-fraqueza-deste-musculo-localizado-na-sua-coluna-pode-causar-ansiedade\/","og_locale":"pt_BR","og_type":"article","og_title":"A fraqueza deste m\u00fasculo localizado na sua coluna pode causar ansiedade\u2026","og_description":"H\u00e1 um m\u00fasculo que se localiza perto do osso do quadril, conhecido pela medicina chinesa como \u201cm\u00fasculo da alma\u201d. No entanto, seu verdadeiro nome \u00e9 psoas. Esse m\u00fasculo influencia nossa flexibilidade, mobilidade e equil\u00edbrio. Para voc\u00ea ter ideia, ele suporta todo o peso da postura vertical do corpo. Al\u00e9m disso, \u00e9 important\u00edssimo para nossa sa\u00fade [&hellip;]","og_url":"https:\/\/www.conveniosocial.com.br\/blog\/nehuma\/a-fraqueza-deste-musculo-localizado-na-sua-coluna-pode-causar-ansiedade\/","og_site_name":"Conv\u00eanio Social","article_published_time":"2019-09-24T19:21:34+00:00","author":"Reda\u00e7\u00e3o","twitter_card":"summary_large_image","twitter_misc":{"Escrito por":"Reda\u00e7\u00e3o","Est. tempo de leitura":"2 minutos"},"schema":{"@context":"https:\/\/schema.org","@graph":[{"@type":"Article","@id":"https:\/\/www.conveniosocial.com.br\/blog\/nehuma\/a-fraqueza-deste-musculo-localizado-na-sua-coluna-pode-causar-ansiedade\/#article","isPartOf":{"@id":"https:\/\/www.conveniosocial.com.br\/blog\/nehuma\/a-fraqueza-deste-musculo-localizado-na-sua-coluna-pode-causar-ansiedade\/"},"author":{"name":"Reda\u00e7\u00e3o","@id":"https:\/\/www.conveniosocial.com.br\/blog\/#\/schema\/person\/95c30bfdd058f90f62325275583f6bdb"},"headline":"A fraqueza deste m\u00fasculo localizado na sua coluna pode causar ansiedade\u2026","datePublished":"2019-09-24T19:21:34+00:00","mainEntityOfPage":{"@id":"https:\/\/www.conveniosocial.com.br\/blog\/nehuma\/a-fraqueza-deste-musculo-localizado-na-sua-coluna-pode-causar-ansiedade\/"},"wordCount":429,"commentCount":0,"publisher":{"@id":"https:\/\/www.conveniosocial.com.br\/blog\/#organization"},"image":{"@id":"https:\/\/www.conveniosocial.com.br\/blog\/nehuma\/a-fraqueza-deste-musculo-localizado-na-sua-coluna-pode-causar-ansiedade\/#primaryimage"},"thumbnailUrl":"","articleSection":["Sa\u00fade"],"inLanguage":"pt-BR"},{"@type":"WebPage","@id":"https:\/\/www.conveniosocial.com.br\/blog\/nehuma\/a-fraqueza-deste-musculo-localizado-na-sua-coluna-pode-causar-ansiedade\/","url":"https:\/\/www.conveniosocial.com.br\/blog\/nehuma\/a-fraqueza-deste-musculo-localizado-na-sua-coluna-pode-causar-ansiedade\/","name":"A fraqueza deste m\u00fasculo localizado na sua coluna pode causar ansiedade\u2026 - Conv\u00eanio Social","isPartOf":{"@id":"https:\/\/www.conveniosocial.com.br\/blog\/#website"},"primaryImageOfPage":{"@id":"https:\/\/www.conveniosocial.com.br\/blog\/nehuma\/a-fraqueza-deste-musculo-localizado-na-sua-coluna-pode-causar-ansiedade\/#primaryimage"},"image":{"@id":"https:\/\/www.conveniosocial.com.br\/blog\/nehuma\/a-fraqueza-deste-musculo-localizado-na-sua-coluna-pode-causar-ansiedade\/#primaryimage"},"thumbnailUrl":"","datePublished":"2019-09-24T19:21:34+00:00","breadcrumb":{"@id":"https:\/\/www.conveniosocial.com.br\/blog\/nehuma\/a-fraqueza-deste-musculo-localizado-na-sua-coluna-pode-causar-ansiedade\/#breadcrumb"},"inLanguage":"pt-BR","potentialAction":[{"@type":"ReadAction","target":["https:\/\/www.conveniosocial.com.br\/blog\/nehuma\/a-fraqueza-deste-musculo-localizado-na-sua-coluna-pode-causar-ansiedade\/"]}]},{"@type":"ImageObject","inLanguage":"pt-BR","@id":"https:\/\/www.conveniosocial.com.br\/blog\/nehuma\/a-fraqueza-deste-musculo-localizado-na-sua-coluna-pode-causar-ansiedade\/#primaryimage","url":"","contentUrl":""},{"@type":"BreadcrumbList","@id":"https:\/\/www.conveniosocial.com.br\/blog\/nehuma\/a-fraqueza-deste-musculo-localizado-na-sua-coluna-pode-causar-ansiedade\/#breadcrumb","itemListElement":[{"@type":"ListItem","position":1,"name":"Home","item":"https:\/\/www.conveniosocial.com.br\/blog\/"},{"@type":"ListItem","position":2,"name":"Nenhuma","item":"https:\/\/www.conveniosocial.com.br\/blog\/nehuma\/"},{"@type":"ListItem","position":3,"name":"A fraqueza deste m\u00fasculo localizado na sua coluna pode causar ansiedade\u2026"}]},{"@type":"WebSite","@id":"https:\/\/www.conveniosocial.com.br\/blog\/#website","url":"https:\/\/www.conveniosocial.com.br\/blog\/","name":"Conv\u00eanio Social","description":"Informa\u00e7\u00f5es de Sa\u00fade e Bem-estar, Consultas e Exames Popular","publisher":{"@id":"https:\/\/www.conveniosocial.com.br\/blog\/#organization"},"potentialAction":[{"@type":"SearchAction","target":{"@type":"EntryPoint","urlTemplate":"https:\/\/www.conveniosocial.com.br\/blog\/?s={search_term_string}"},"query-input":{"@type":"PropertyValueSpecification","valueRequired":true,"valueName":"search_term_string"}}],"inLanguage":"pt-BR"},{"@type":"Organization","@id":"https:\/\/www.conveniosocial.com.br\/blog\/#organization","name":"Conv\u00eanio Social","url":"https:\/\/www.conveniosocial.com.br\/blog\/","logo":{"@type":"ImageObject","inLanguage":"pt-BR","@id":"https:\/\/www.conveniosocial.com.br\/blog\/#\/schema\/logo\/image\/","url":"https:\/\/www.conveniosocial.com.br\/blog\/wp-content\/uploads\/2021\/11\/novo_logo-convenio-socia-digital.png","contentUrl":"https:\/\/www.conveniosocial.com.br\/blog\/wp-content\/uploads\/2021\/11\/novo_logo-convenio-socia-digital.png","width":400,"height":102,"caption":"Conv\u00eanio Social"},"image":{"@id":"https:\/\/www.conveniosocial.com.br\/blog\/#\/schema\/logo\/image\/"}},{"@type":"Person","@id":"https:\/\/www.conveniosocial.com.br\/blog\/#\/schema\/person\/95c30bfdd058f90f62325275583f6bdb","name":"Reda\u00e7\u00e3o","image":{"@type":"ImageObject","inLanguage":"pt-BR","@id":"https:\/\/www.conveniosocial.com.br\/blog\/wp-content\/litespeed\/avatar\/4e54f19e6593de883bfb434e7ed885ea.jpg?ver=1777443823","url":"https:\/\/www.conveniosocial.com.br\/blog\/wp-content\/litespeed\/avatar\/4e54f19e6593de883bfb434e7ed885ea.jpg?ver=1777443823","contentUrl":"https:\/\/www.conveniosocial.com.br\/blog\/wp-content\/litespeed\/avatar\/4e54f19e6593de883bfb434e7ed885ea.jpg?ver=1777443823","caption":"Reda\u00e7\u00e3o"},"description":"Presente nos 26 estados do Pa\u00eds e no Distrito Federal, Conv\u00eanio Social vem simplificando a experi\u00eancia dos usu\u00e1rios, que por meio do nosso portal, encontram, em um s\u00f3 local, tudo o que se refere aos servi\u00e7os de sa\u00fade a pre\u00e7os populares."}]}},"_links":{"self":[{"href":"https:\/\/www.conveniosocial.com.br\/blog\/wp-json\/wp\/v2\/posts\/1228","targetHints":{"allow":["GET"]}}],"collection":[{"href":"https:\/\/www.conveniosocial.com.br\/blog\/wp-json\/wp\/v2\/posts"}],"about":[{"href":"https:\/\/www.conveniosocial.com.br\/blog\/wp-json\/wp\/v2\/types\/post"}],"author":[{"embeddable":true,"href":"https:\/\/www.conveniosocial.com.br\/blog\/wp-json\/wp\/v2\/users\/2"}],"replies":[{"embeddable":true,"href":"https:\/\/www.conveniosocial.com.br\/blog\/wp-json\/wp\/v2\/comments?post=1228"}],"version-history":[{"count":0,"href":"https:\/\/www.conveniosocial.com.br\/blog\/wp-json\/wp\/v2\/posts\/1228\/revisions"}],"wp:featuredmedia":[{"embeddable":true,"href":"https:\/\/www.conveniosocial.com.br\/blog\/wp-json\/"}],"wp:attachment":[{"href":"https:\/\/www.conveniosocial.com.br\/blog\/wp-json\/wp\/v2\/media?parent=1228"}],"wp:term":[{"taxonomy":"category","embeddable":true,"href":"https:\/\/www.conveniosocial.com.br\/blog\/wp-json\/wp\/v2\/categories?post=1228"},{"taxonomy":"post_tag","embeddable":true,"href":"https:\/\/www.conveniosocial.com.br\/blog\/wp-json\/wp\/v2\/tags?post=1228"}],"curies":[{"name":"wp","href":"https:\/\/api.w.org\/{rel}","templated":true}]}}