{"id":1315,"date":"2019-09-24T16:21:56","date_gmt":"2019-09-24T19:21:56","guid":{"rendered":"https:\/\/www.manualdeideias.com\/estilo-de-vida\/saude\/o-significado-emocional-de-cada-vertebra-e-sua-correspondencia-com-a-dor\/"},"modified":"2019-09-24T16:21:56","modified_gmt":"2019-09-24T19:21:56","slug":"o-significado-emocional-de-cada-vertebra-e-sua-correspondencia-com-a-dor","status":"publish","type":"post","link":"https:\/\/www.conveniosocial.com.br\/blog\/saude\/o-significado-emocional-de-cada-vertebra-e-sua-correspondencia-com-a-dor\/","title":{"rendered":"O significado emocional de cada v\u00e9rtebra e sua correspond\u00eancia com a dor"},"content":{"rendered":"\n<p><strong>J\u00e1 falamos, em outras mat\u00e9rias, sobre a coluna vertebral.<\/strong><\/p>\n<p>E hoje vamos mostrar a estreita rela\u00e7\u00e3o dela com nossas emo\u00e7\u00f5es.<\/p>\n<p><strong>Antes de mais nada, \u00e9 importante que voc\u00ea entenda: nossa coluna \u00e9 formada por 33 v\u00e9rtebras apoiadas por um sistema de m\u00fasculos e ligamentos.<\/strong><\/p>\n<p>\u00c9 justamente isso que proporciona flexibilidade e estabilidade.<\/p>\n<p>Se ainda n\u00e3o parou para pensar<strong>, saiba que a coluna \u00e9 o eixo mais importante do corpo, \u00e9 ela quem d\u00e1 for\u00e7a e vida aos nossos movimentos.<\/strong><\/p>\n<p>Al\u00e9m disso, a coluna \u00e9 capaz de suportar um peso \u201cextra\u201d, causado por estresse, tens\u00e3o e press\u00e3o do dia a dia.<\/p>\n<p><strong>Portanto, se voc\u00ea vive sentindo dores nas costas, observe como est\u00e1 sua vida emocional.<\/strong><\/p>\n<p><strong>1. Regi\u00e3o cervical<\/strong><\/p>\n<ul>\n<li>A parte superior das costas corresponde \u00e0 regi\u00e3o do cora\u00e7\u00e3o e ao centro de energia card\u00edaca.<\/li>\n<li>Se voc\u00ea sente dores nessa \u00e1rea, indica que teve problemas emocionais nas primeiras fases da vida.<\/li>\n<li>Ou seja, sete v\u00e9rtebras cervicais absorvem as emo\u00e7\u00f5es dos nossos primeiros anos.<\/li>\n<\/ul>\n<p>\u2013 v\u00e9rtebras cervicais<\/p>\n<p><strong>C1:<\/strong> a primeira v\u00e9rtebra cervical \u00e9 chamada atlas e serve para suportar a cabe\u00e7a.<\/p>\n<p>A dor nessa v\u00e9rtebra pode ser devido \u00e0 preocupa\u00e7\u00e3o, medo, ansiedade, dificuldade em expressar emo\u00e7\u00f5es e negatividade.<\/p>\n<p><strong>C2: s<\/strong>egunda v\u00e9rtebra cervical trabalha em estreita colabora\u00e7\u00e3o com a C1.<\/p>\n<p>Ela se chama axis.<\/p>\n<p>E est\u00e1 ligada aos olhos, nariz, orelhas e boca (l\u00edngua).<\/p>\n<p>N\u00e3o \u00e9 a toa que esses \u00f3rg\u00e3o s\u00e3o atingidos quando esta v\u00e9rtebra sofre alguma les\u00e3o.<\/p>\n<p><strong>C3:<\/strong> a terceira v\u00e9rtebra cervical se encontra isolada das demais.<\/p>\n<p>Por esse motivo n\u00e3o tem o suporte das outras, quando precisa.<\/p>\n<p>Isso pode causar danos \u00e0 pele, aos ossos, nervos, \u00e0 regi\u00e3o dorsal e aos dentes.<\/p>\n<p><strong>C4, C5, C6:<\/strong> essas v\u00e9rtebras est\u00e3o localizadas no n\u00edvel de tireoide e se encontram bem ligadas a ela.<\/p>\n<ul>\n<li>Se voc\u00ea n\u00e3o sabe, desempenham um papel importante na linguagem e nas cordas vocais.<\/li>\n<li>Por exemplo, qualquer parte que fique entre a boca e os ombros, como a garganta, pode ser afetada se houver algum problema nessas v\u00e9rtebras.<\/li>\n<\/ul>\n<p><strong>C7:<\/strong> a \u00faltima v\u00e9rtebra cervical \u00e9 altamente influenciada pela forma em que levamos assunto religiosos, isso inclui moral e cren\u00e7a.<\/p>\n<p>Se voc\u00ea leva uma vida em constante desarmonia com a natureza e a sociedade, provavelmente ter\u00e1 problemas com a s\u00e9tima v\u00e9rtebra, o que pode afetar as m\u00e3os, os cotovelos e bra\u00e7os, deixando-os r\u00edgidos.<\/p>\n<p><strong>\u2013 Dorsal<\/strong><\/p>\n<ul>\n<li>Esta \u00e9 a regi\u00e3o central da nossa coluna, logo abaixo das omoplatas.<\/li>\n<li>Esta \u00e1rea \u00e9 onde a maioria das pessoas tendem a se inclinar para a frente, como se sentissem um grande peso nas costas.<\/li>\n<li>Para quem n\u00e3o sabe, \u00e9 uma regi\u00e3o ligada \u00e0 culpa emocional e afetiva.<\/li>\n<\/ul>\n<p><strong>D1:<\/strong> a primeira v\u00e9rtebra dorsal pode doer muito quando voc\u00ea se sentir no limite, seja no trabalho, no exerc\u00edcio f\u00edscio ou at\u00e9 mesmo na rela\u00e7\u00e3o com as pessoas.<\/p>\n<p>Isso \u00e9 t\u00e3o s\u00e9rio que, al\u00e9m de causar problemas de sa\u00fade em qualquer parte do corpo situada entre os cotovelos e as pontas dos dedos, pode provocar dificuldades respirat\u00f3rias, como tosse e asma.<\/p>\n<p><strong>D2:<\/strong> a segunda v\u00e9rtebra dorsal \u00e9 rapidamente atingida quando sofremos emocionalmente.<\/p>\n<p>O inc\u00f4modo pode se espalhar e causar dores no cora\u00e7\u00e3o e em outro \u00f3rg\u00e3os ligados a ele, como os pulm\u00f5es.<\/p>\n<p>Por isso \u00e9 muito importante n\u00e3o acumular sentimentos ruins.<\/p>\n<p><strong>D3:<\/strong> a terceira v\u00e9rtebra dorsal est\u00e1 relacionada aos pulm\u00f5es e ao peito.<\/p>\n<p>Geralmente, quem sente dor nessa \u00e1rea s\u00e3o indiv\u00edduos que t\u00eam tend\u00eancia de julgar pessoas e situa\u00e7\u00f5es.<\/p>\n<p><strong>D4:<\/strong> esta regi\u00e3o est\u00e1 ligada aos prazeres, desejos e \u00e0s tenta\u00e7\u00f5es que n\u00e3o podem ser realizadas.<\/p>\n<p>Quando essa v\u00e9rtebra dorsal \u00e9 atingida, pode causar problemas na ves\u00edcula biliar.<\/p>\n<p><strong>D5: a<\/strong> sensa\u00e7\u00e3o de perda de controle atinge a quinta v\u00e9rtebra dorsal.<\/p>\n<p>E, quando isso ocorre, \u00e9 poss\u00edvel o corpo desenvolver v\u00e1rias doen\u00e7as que afetam o f\u00edgado e a corrente sangu\u00ednea.<\/p>\n<p><strong>D6:<\/strong> se voc\u00ea cresceu num ambiente muito severo, \u00e9 poss\u00edvel que a press\u00e3o e as cr\u00edticas levem-no a sentir dores na sexta v\u00e9rtebra dorsal.<\/p>\n<p>Junto com isso, voc\u00ea pode sentir fortes desconfortos no est\u00f4mago.<\/p>\n<p><strong>D7: e<\/strong>sta regi\u00e3o vai emitir dores se voc\u00ea ultrapassar seu limites.<\/p>\n<p>Ent\u00e3o, quando sentir que o corpo precisa parar, pare!<\/p>\n<p><strong>D8 e D9:<\/strong> as duas v\u00e9rtebra tor\u00e1cicas est\u00e3o localizadas na altura do diafragma e est\u00e3o intimamente ligadas a ele.<\/p>\n<p>Quando voc\u00ea vive constantemente com a sensa\u00e7\u00e3o de inseguran\u00e7a por medo de perder uma pessoa ou o controle de uma situa\u00e7\u00e3o, essa regi\u00e3o fica dolorida.<\/p>\n<p>Uma dor na oitava v\u00e9rtebra dorsal pode causar problemas no diafragma e do ba\u00e7o (incluindo dist\u00farbios do sangue).<\/p>\n<p>Por outro lado, uma na nona v\u00e9rtebra pode resultar em alergia ou mau funcionamento das gl\u00e2ndulas suprarrenais.<\/p>\n<p><strong>D10:<\/strong> quando voc\u00ea se sente impotente, sem poder solucionar algum problema, \u00e9 poss\u00edvel sofrer com dor nesta v\u00e9rtebra, que muitas vezes vem acompanhada de problemas nos rins.<\/p>\n<p><strong>D11: i<\/strong>nc\u00f4modos nesta v\u00e9rtebra podem ser sinal de anormalidade no sistema nervoso.<\/p>\n<p>Problemas na d\u00e9cima primeira v\u00e9rtebra dorsal causam dores nos rins e doen\u00e7as na pele, como eczema e acne.<\/p>\n<p><strong>D12<\/strong>: d\u00e9cima segunda v\u00e9rtebra tor\u00e1cica \u00e9 afetada especialmente quando voc\u00ea vive em uma \u00e1rea fechada.<\/p>\n<p>Um problema na D12 \u00e9 muitas vezes acompanhado por doen\u00e7as intestinais, dores nas articula\u00e7\u00f5es, circula\u00e7\u00e3o linf\u00e1tica e no aparelho reprodutor feminino.<\/p>\n<p><strong>\u2013 Lombar<\/strong><\/p>\n<ul>\n<li>Muitas vezes esta regi\u00e3o \u00e9 confundida com os rins.<\/li>\n<li>Ela se localiza entre a cintura e o c\u00f3ccix.<\/li>\n<li>Dores na regi\u00e3o lombar indicam inseguran\u00e7a no trabalho, na economia, nos bens e na vida afetiva.<\/li>\n<li>Essa press\u00e3o \u00e9 terr\u00edvel para nossa sa\u00fade e bem-estar.<\/li>\n<\/ul>\n<p><strong>\u2013 V\u00e9rtebras lombares<\/strong><\/p>\n<p><strong>L1:<\/strong> voc\u00ea sentir\u00e1 dores na primeira v\u00e9rtebra lombar em casos de impot\u00eancia.<\/p>\n<p>Isso pode trazer p\u00e9ssimas consequ\u00eancias para o seu corpo, atingindo a digest\u00e3o com pris\u00e3o de ventre e disenteria.<\/p>\n<p><strong>L2:<\/strong> o estado da segunda v\u00e9rtebra lombar depende muito da sua rela\u00e7\u00e3o com os outros.<\/p>\n<p>Se voc\u00ea \u00e9 uma pessoa solit\u00e1ria e muito t\u00edmida, possivelmente sentir\u00e1 dor nessa \u00e1rea.<\/p>\n<p>Se a segunda v\u00e9rtebra lombar estiver com problemas, nosso corpo tende a sofrer com doen\u00e7as no abdome, no ap\u00eandice ou nas pernas, causadas por varizes.<\/p>\n<p><strong>L3: a<\/strong> terceira v\u00e9rtebra lombar \u00e9 afetada quando h\u00e1 muitas brigas e tens\u00f5es familiares.<\/p>\n<p>O mau estado dessa v\u00e9rtebra causa doen\u00e7as nos \u00f3rg\u00e3os genitais, \u00fatero, na bexiga ou at\u00e9 mesmo nos joelhos, que desenvolvem artrite, inflama\u00e7\u00e3o e dor.<\/p>\n<p><strong>L4:<\/strong> quando a quarta v\u00e9rtebra lombar fica dolorida, normalmente \u00e9 porque voc\u00ea tem dificuldades em enfrentar a sua realidade.***<\/p>\n<p>Problemas nessa v\u00e9rtebra podem causar dores na regi\u00e3o do nervo ci\u00e1tico e problemas de pr\u00f3stata nos homens.<\/p>\n<p><strong>L5:<\/strong> a quinta v\u00e9rtebra lombar \u00e9 afetada por ci\u00fame, desgosto ou frustra\u00e7\u00e3o.<\/p>\n<p>A m\u00e1 condi\u00e7\u00e3o dessa v\u00e9rtebra pode causar dor nas pernas, nos joelhos e nos dedos dos p\u00e9s.<\/p>\n<p><strong>\u2013 Regi\u00e3o do sacro e c\u00f3ccix<\/strong><\/p>\n<ul>\n<li>\u00c9 ela quem nos mant\u00e9m em linha reta e \u00e9 geralmente a causa da queixa da maioria das pessoas.<\/li>\n<li>Ela representa a base da sexualidade.<\/li>\n<li>Portanto, uma boa rela\u00e7\u00e3o amorosa, com sexo, confian\u00e7a, abrigo e muito amor pode impedir ou combater dores nessa regi\u00e3o.<\/li>\n<\/ul>\n<p><strong>\u2013 V\u00e9rtebras sagradas<\/strong><\/p>\n<p><strong>S1, S2, S3: as prim<\/strong>eiras v\u00e9rtebras sagradas pertencem \u00e0 regi\u00e3o do sacro e est\u00e3o bastante interligadas.<\/p>\n<p>Pessoas muito r\u00edgidas, de mente excessivamente fechada, podem sofrer com dores nessa regi\u00e3o.<\/p>\n<p>Al\u00e9m disso, desenvolvem problemas sexuais e de comunica\u00e7\u00e3o.<\/p>\n<p><strong>S4, S5:<\/strong> todos os desejos est\u00e3o enraizados na quarta e quinta v\u00e9rtebras sagradas do sacro.<\/p>\n<p>Se voc\u00ea tem tempo e se permite realizar as atividades que gosta, tudo vai bem.<\/p>\n<p>Por outro lado, se for impedido disso, provavelmente a S4 e a S5 v\u00e3o causar problemas, como infertilidade, frigidez ou herpes.<\/p>\n<p>E n\u00e3o \u00e9 s\u00f3 isso, mas tamb\u00e9m danos nos rins, como cistite e c\u00e1lculos; na digest\u00e3o, como diarreia, pris\u00e3o de ventre, colite, etc.<\/p>\n<p><strong>C\u00f3ccix \u00e9 composto por cinco v\u00e9rtebras cocc\u00edgeas, que s\u00e3o soldadas entre si.<\/strong><\/p>\n<p>Elas representas a depend\u00eancia que podemos ter de outras pessoas.<\/p>\n<p>Um desequil\u00edbrio neste centro de energia pode desenvolver dist\u00farbios f\u00edsicos, como hemorr\u00f3idas, irrita\u00e7\u00e3o, transtornos urin\u00e1rios ou problema na pr\u00f3stata.<\/p>\n<p>Voc\u00ea tamb\u00e9m pode sentir dor na base da coluna vertebral, ganho ou perda de peso significativa (obesidade, anorexia) e m\u00e1 circula\u00e7\u00e3o sangu\u00ednea nas pernas (flebite), m\u00e3os e p\u00e9s.<\/p>\n<p><em>Este \u00e9 um blog de not\u00edcias sobre tratamentos caseiros. Ele n\u00e3o substitui o trabalho de um especialista. Consulte sempre seu m\u00e9dico.<\/em><\/p>\n","protected":false},"excerpt":{"rendered":"<p>J\u00e1 falamos, em outras mat\u00e9rias, sobre a coluna vertebral. E hoje vamos mostrar a estreita rela\u00e7\u00e3o dela com nossas emo\u00e7\u00f5es. Antes de mais nada, \u00e9 importante que voc\u00ea entenda: nossa coluna \u00e9 formada por 33 v\u00e9rtebras apoiadas por um sistema de m\u00fasculos e ligamentos. \u00c9 justamente isso que proporciona flexibilidade e estabilidade. Se ainda n\u00e3o [&hellip;]<\/p>\n","protected":false},"author":2,"featured_media":1316,"comment_status":"open","ping_status":"open","sticky":false,"template":"","format":"standard","meta":{"_et_pb_use_builder":"o","_et_pb_old_content":"","_et_gb_content_width":"","footnotes":""},"categories":[614],"tags":[],"class_list":["post-1315","post","type-post","status-publish","format-standard","has-post-thumbnail","hentry","category-saude"],"yoast_head":"<!-- This site is optimized with the Yoast SEO Premium plugin v21.3 (Yoast SEO v27.5) - https:\/\/yoast.com\/product\/yoast-seo-premium-wordpress\/ -->\n<title>O significado emocional de cada v\u00e9rtebra e sua correspond\u00eancia com a dor - Conv\u00eanio Social<\/title>\n<meta name=\"robots\" content=\"index, follow, max-snippet:-1, max-image-preview:large, max-video-preview:-1\" \/>\n<link rel=\"canonical\" href=\"https:\/\/www.conveniosocial.com.br\/blog\/nehuma\/o-significado-emocional-de-cada-vertebra-e-sua-correspondencia-com-a-dor\/\" \/>\n<meta property=\"og:locale\" content=\"pt_BR\" \/>\n<meta property=\"og:type\" content=\"article\" \/>\n<meta property=\"og:title\" content=\"O significado emocional de cada v\u00e9rtebra e sua correspond\u00eancia com a dor\" \/>\n<meta property=\"og:description\" content=\"J\u00e1 falamos, em outras mat\u00e9rias, sobre a coluna vertebral. E hoje vamos mostrar a estreita rela\u00e7\u00e3o dela com nossas emo\u00e7\u00f5es. Antes de mais nada, \u00e9 importante que voc\u00ea entenda: nossa coluna \u00e9 formada por 33 v\u00e9rtebras apoiadas por um sistema de m\u00fasculos e ligamentos. \u00c9 justamente isso que proporciona flexibilidade e estabilidade. Se ainda n\u00e3o [&hellip;]\" \/>\n<meta property=\"og:url\" content=\"https:\/\/www.conveniosocial.com.br\/blog\/nehuma\/o-significado-emocional-de-cada-vertebra-e-sua-correspondencia-com-a-dor\/\" \/>\n<meta property=\"og:site_name\" content=\"Conv\u00eanio Social\" \/>\n<meta property=\"article:published_time\" content=\"2019-09-24T19:21:56+00:00\" \/>\n<meta name=\"author\" content=\"Reda\u00e7\u00e3o\" \/>\n<meta name=\"twitter:card\" content=\"summary_large_image\" \/>\n<meta name=\"twitter:label1\" content=\"Escrito por\" \/>\n\t<meta name=\"twitter:data1\" content=\"Reda\u00e7\u00e3o\" \/>\n\t<meta name=\"twitter:label2\" content=\"Est. tempo de leitura\" \/>\n\t<meta name=\"twitter:data2\" content=\"7 minutos\" \/>\n<script type=\"application\/ld+json\" class=\"yoast-schema-graph\">{\"@context\":\"https:\\\/\\\/schema.org\",\"@graph\":[{\"@type\":\"Article\",\"@id\":\"https:\\\/\\\/www.conveniosocial.com.br\\\/blog\\\/nehuma\\\/o-significado-emocional-de-cada-vertebra-e-sua-correspondencia-com-a-dor\\\/#article\",\"isPartOf\":{\"@id\":\"https:\\\/\\\/www.conveniosocial.com.br\\\/blog\\\/nehuma\\\/o-significado-emocional-de-cada-vertebra-e-sua-correspondencia-com-a-dor\\\/\"},\"author\":{\"name\":\"Reda\u00e7\u00e3o\",\"@id\":\"https:\\\/\\\/www.conveniosocial.com.br\\\/blog\\\/#\\\/schema\\\/person\\\/95c30bfdd058f90f62325275583f6bdb\"},\"headline\":\"O significado emocional de cada v\u00e9rtebra e sua correspond\u00eancia com a dor\",\"datePublished\":\"2019-09-24T19:21:56+00:00\",\"mainEntityOfPage\":{\"@id\":\"https:\\\/\\\/www.conveniosocial.com.br\\\/blog\\\/nehuma\\\/o-significado-emocional-de-cada-vertebra-e-sua-correspondencia-com-a-dor\\\/\"},\"wordCount\":1497,\"commentCount\":0,\"publisher\":{\"@id\":\"https:\\\/\\\/www.conveniosocial.com.br\\\/blog\\\/#organization\"},\"image\":{\"@id\":\"https:\\\/\\\/www.conveniosocial.com.br\\\/blog\\\/nehuma\\\/o-significado-emocional-de-cada-vertebra-e-sua-correspondencia-com-a-dor\\\/#primaryimage\"},\"thumbnailUrl\":\"\",\"articleSection\":[\"Sa\u00fade\"],\"inLanguage\":\"pt-BR\"},{\"@type\":\"WebPage\",\"@id\":\"https:\\\/\\\/www.conveniosocial.com.br\\\/blog\\\/nehuma\\\/o-significado-emocional-de-cada-vertebra-e-sua-correspondencia-com-a-dor\\\/\",\"url\":\"https:\\\/\\\/www.conveniosocial.com.br\\\/blog\\\/nehuma\\\/o-significado-emocional-de-cada-vertebra-e-sua-correspondencia-com-a-dor\\\/\",\"name\":\"O significado emocional de cada v\u00e9rtebra e sua correspond\u00eancia com a dor - Conv\u00eanio Social\",\"isPartOf\":{\"@id\":\"https:\\\/\\\/www.conveniosocial.com.br\\\/blog\\\/#website\"},\"primaryImageOfPage\":{\"@id\":\"https:\\\/\\\/www.conveniosocial.com.br\\\/blog\\\/nehuma\\\/o-significado-emocional-de-cada-vertebra-e-sua-correspondencia-com-a-dor\\\/#primaryimage\"},\"image\":{\"@id\":\"https:\\\/\\\/www.conveniosocial.com.br\\\/blog\\\/nehuma\\\/o-significado-emocional-de-cada-vertebra-e-sua-correspondencia-com-a-dor\\\/#primaryimage\"},\"thumbnailUrl\":\"\",\"datePublished\":\"2019-09-24T19:21:56+00:00\",\"breadcrumb\":{\"@id\":\"https:\\\/\\\/www.conveniosocial.com.br\\\/blog\\\/nehuma\\\/o-significado-emocional-de-cada-vertebra-e-sua-correspondencia-com-a-dor\\\/#breadcrumb\"},\"inLanguage\":\"pt-BR\",\"potentialAction\":[{\"@type\":\"ReadAction\",\"target\":[\"https:\\\/\\\/www.conveniosocial.com.br\\\/blog\\\/nehuma\\\/o-significado-emocional-de-cada-vertebra-e-sua-correspondencia-com-a-dor\\\/\"]}]},{\"@type\":\"ImageObject\",\"inLanguage\":\"pt-BR\",\"@id\":\"https:\\\/\\\/www.conveniosocial.com.br\\\/blog\\\/nehuma\\\/o-significado-emocional-de-cada-vertebra-e-sua-correspondencia-com-a-dor\\\/#primaryimage\",\"url\":\"\",\"contentUrl\":\"\"},{\"@type\":\"BreadcrumbList\",\"@id\":\"https:\\\/\\\/www.conveniosocial.com.br\\\/blog\\\/nehuma\\\/o-significado-emocional-de-cada-vertebra-e-sua-correspondencia-com-a-dor\\\/#breadcrumb\",\"itemListElement\":[{\"@type\":\"ListItem\",\"position\":1,\"name\":\"Home\",\"item\":\"https:\\\/\\\/www.conveniosocial.com.br\\\/blog\\\/\"},{\"@type\":\"ListItem\",\"position\":2,\"name\":\"Nenhuma\",\"item\":\"https:\\\/\\\/www.conveniosocial.com.br\\\/blog\\\/nehuma\\\/\"},{\"@type\":\"ListItem\",\"position\":3,\"name\":\"O significado emocional de cada v\u00e9rtebra e sua correspond\u00eancia com a dor\"}]},{\"@type\":\"WebSite\",\"@id\":\"https:\\\/\\\/www.conveniosocial.com.br\\\/blog\\\/#website\",\"url\":\"https:\\\/\\\/www.conveniosocial.com.br\\\/blog\\\/\",\"name\":\"Conv\u00eanio Social\",\"description\":\"Informa\u00e7\u00f5es de Sa\u00fade e Bem-estar, Consultas e Exames Popular\",\"publisher\":{\"@id\":\"https:\\\/\\\/www.conveniosocial.com.br\\\/blog\\\/#organization\"},\"potentialAction\":[{\"@type\":\"SearchAction\",\"target\":{\"@type\":\"EntryPoint\",\"urlTemplate\":\"https:\\\/\\\/www.conveniosocial.com.br\\\/blog\\\/?s={search_term_string}\"},\"query-input\":{\"@type\":\"PropertyValueSpecification\",\"valueRequired\":true,\"valueName\":\"search_term_string\"}}],\"inLanguage\":\"pt-BR\"},{\"@type\":\"Organization\",\"@id\":\"https:\\\/\\\/www.conveniosocial.com.br\\\/blog\\\/#organization\",\"name\":\"Conv\u00eanio Social\",\"url\":\"https:\\\/\\\/www.conveniosocial.com.br\\\/blog\\\/\",\"logo\":{\"@type\":\"ImageObject\",\"inLanguage\":\"pt-BR\",\"@id\":\"https:\\\/\\\/www.conveniosocial.com.br\\\/blog\\\/#\\\/schema\\\/logo\\\/image\\\/\",\"url\":\"https:\\\/\\\/www.conveniosocial.com.br\\\/blog\\\/wp-content\\\/uploads\\\/2021\\\/11\\\/novo_logo-convenio-socia-digital.png\",\"contentUrl\":\"https:\\\/\\\/www.conveniosocial.com.br\\\/blog\\\/wp-content\\\/uploads\\\/2021\\\/11\\\/novo_logo-convenio-socia-digital.png\",\"width\":400,\"height\":102,\"caption\":\"Conv\u00eanio Social\"},\"image\":{\"@id\":\"https:\\\/\\\/www.conveniosocial.com.br\\\/blog\\\/#\\\/schema\\\/logo\\\/image\\\/\"}},{\"@type\":\"Person\",\"@id\":\"https:\\\/\\\/www.conveniosocial.com.br\\\/blog\\\/#\\\/schema\\\/person\\\/95c30bfdd058f90f62325275583f6bdb\",\"name\":\"Reda\u00e7\u00e3o\",\"image\":{\"@type\":\"ImageObject\",\"inLanguage\":\"pt-BR\",\"@id\":\"https:\\\/\\\/www.conveniosocial.com.br\\\/blog\\\/wp-content\\\/litespeed\\\/avatar\\\/4e54f19e6593de883bfb434e7ed885ea.jpg?ver=1777443823\",\"url\":\"https:\\\/\\\/www.conveniosocial.com.br\\\/blog\\\/wp-content\\\/litespeed\\\/avatar\\\/4e54f19e6593de883bfb434e7ed885ea.jpg?ver=1777443823\",\"contentUrl\":\"https:\\\/\\\/www.conveniosocial.com.br\\\/blog\\\/wp-content\\\/litespeed\\\/avatar\\\/4e54f19e6593de883bfb434e7ed885ea.jpg?ver=1777443823\",\"caption\":\"Reda\u00e7\u00e3o\"},\"description\":\"Presente nos 26 estados do Pa\u00eds e no Distrito Federal, Conv\u00eanio Social vem simplificando a experi\u00eancia dos usu\u00e1rios, que por meio do nosso portal, encontram, em um s\u00f3 local, tudo o que se refere aos servi\u00e7os de sa\u00fade a pre\u00e7os populares.\"}]}<\/script>\n<!-- \/ Yoast SEO Premium plugin. -->","yoast_head_json":{"title":"O significado emocional de cada v\u00e9rtebra e sua correspond\u00eancia com a dor - Conv\u00eanio Social","robots":{"index":"index","follow":"follow","max-snippet":"max-snippet:-1","max-image-preview":"max-image-preview:large","max-video-preview":"max-video-preview:-1"},"canonical":"https:\/\/www.conveniosocial.com.br\/blog\/nehuma\/o-significado-emocional-de-cada-vertebra-e-sua-correspondencia-com-a-dor\/","og_locale":"pt_BR","og_type":"article","og_title":"O significado emocional de cada v\u00e9rtebra e sua correspond\u00eancia com a dor","og_description":"J\u00e1 falamos, em outras mat\u00e9rias, sobre a coluna vertebral. E hoje vamos mostrar a estreita rela\u00e7\u00e3o dela com nossas emo\u00e7\u00f5es. Antes de mais nada, \u00e9 importante que voc\u00ea entenda: nossa coluna \u00e9 formada por 33 v\u00e9rtebras apoiadas por um sistema de m\u00fasculos e ligamentos. \u00c9 justamente isso que proporciona flexibilidade e estabilidade. Se ainda n\u00e3o [&hellip;]","og_url":"https:\/\/www.conveniosocial.com.br\/blog\/nehuma\/o-significado-emocional-de-cada-vertebra-e-sua-correspondencia-com-a-dor\/","og_site_name":"Conv\u00eanio Social","article_published_time":"2019-09-24T19:21:56+00:00","author":"Reda\u00e7\u00e3o","twitter_card":"summary_large_image","twitter_misc":{"Escrito por":"Reda\u00e7\u00e3o","Est. tempo de leitura":"7 minutos"},"schema":{"@context":"https:\/\/schema.org","@graph":[{"@type":"Article","@id":"https:\/\/www.conveniosocial.com.br\/blog\/nehuma\/o-significado-emocional-de-cada-vertebra-e-sua-correspondencia-com-a-dor\/#article","isPartOf":{"@id":"https:\/\/www.conveniosocial.com.br\/blog\/nehuma\/o-significado-emocional-de-cada-vertebra-e-sua-correspondencia-com-a-dor\/"},"author":{"name":"Reda\u00e7\u00e3o","@id":"https:\/\/www.conveniosocial.com.br\/blog\/#\/schema\/person\/95c30bfdd058f90f62325275583f6bdb"},"headline":"O significado emocional de cada v\u00e9rtebra e sua correspond\u00eancia com a dor","datePublished":"2019-09-24T19:21:56+00:00","mainEntityOfPage":{"@id":"https:\/\/www.conveniosocial.com.br\/blog\/nehuma\/o-significado-emocional-de-cada-vertebra-e-sua-correspondencia-com-a-dor\/"},"wordCount":1497,"commentCount":0,"publisher":{"@id":"https:\/\/www.conveniosocial.com.br\/blog\/#organization"},"image":{"@id":"https:\/\/www.conveniosocial.com.br\/blog\/nehuma\/o-significado-emocional-de-cada-vertebra-e-sua-correspondencia-com-a-dor\/#primaryimage"},"thumbnailUrl":"","articleSection":["Sa\u00fade"],"inLanguage":"pt-BR"},{"@type":"WebPage","@id":"https:\/\/www.conveniosocial.com.br\/blog\/nehuma\/o-significado-emocional-de-cada-vertebra-e-sua-correspondencia-com-a-dor\/","url":"https:\/\/www.conveniosocial.com.br\/blog\/nehuma\/o-significado-emocional-de-cada-vertebra-e-sua-correspondencia-com-a-dor\/","name":"O significado emocional de cada v\u00e9rtebra e sua correspond\u00eancia com a dor - Conv\u00eanio Social","isPartOf":{"@id":"https:\/\/www.conveniosocial.com.br\/blog\/#website"},"primaryImageOfPage":{"@id":"https:\/\/www.conveniosocial.com.br\/blog\/nehuma\/o-significado-emocional-de-cada-vertebra-e-sua-correspondencia-com-a-dor\/#primaryimage"},"image":{"@id":"https:\/\/www.conveniosocial.com.br\/blog\/nehuma\/o-significado-emocional-de-cada-vertebra-e-sua-correspondencia-com-a-dor\/#primaryimage"},"thumbnailUrl":"","datePublished":"2019-09-24T19:21:56+00:00","breadcrumb":{"@id":"https:\/\/www.conveniosocial.com.br\/blog\/nehuma\/o-significado-emocional-de-cada-vertebra-e-sua-correspondencia-com-a-dor\/#breadcrumb"},"inLanguage":"pt-BR","potentialAction":[{"@type":"ReadAction","target":["https:\/\/www.conveniosocial.com.br\/blog\/nehuma\/o-significado-emocional-de-cada-vertebra-e-sua-correspondencia-com-a-dor\/"]}]},{"@type":"ImageObject","inLanguage":"pt-BR","@id":"https:\/\/www.conveniosocial.com.br\/blog\/nehuma\/o-significado-emocional-de-cada-vertebra-e-sua-correspondencia-com-a-dor\/#primaryimage","url":"","contentUrl":""},{"@type":"BreadcrumbList","@id":"https:\/\/www.conveniosocial.com.br\/blog\/nehuma\/o-significado-emocional-de-cada-vertebra-e-sua-correspondencia-com-a-dor\/#breadcrumb","itemListElement":[{"@type":"ListItem","position":1,"name":"Home","item":"https:\/\/www.conveniosocial.com.br\/blog\/"},{"@type":"ListItem","position":2,"name":"Nenhuma","item":"https:\/\/www.conveniosocial.com.br\/blog\/nehuma\/"},{"@type":"ListItem","position":3,"name":"O significado emocional de cada v\u00e9rtebra e sua correspond\u00eancia com a dor"}]},{"@type":"WebSite","@id":"https:\/\/www.conveniosocial.com.br\/blog\/#website","url":"https:\/\/www.conveniosocial.com.br\/blog\/","name":"Conv\u00eanio Social","description":"Informa\u00e7\u00f5es de Sa\u00fade e Bem-estar, Consultas e Exames Popular","publisher":{"@id":"https:\/\/www.conveniosocial.com.br\/blog\/#organization"},"potentialAction":[{"@type":"SearchAction","target":{"@type":"EntryPoint","urlTemplate":"https:\/\/www.conveniosocial.com.br\/blog\/?s={search_term_string}"},"query-input":{"@type":"PropertyValueSpecification","valueRequired":true,"valueName":"search_term_string"}}],"inLanguage":"pt-BR"},{"@type":"Organization","@id":"https:\/\/www.conveniosocial.com.br\/blog\/#organization","name":"Conv\u00eanio Social","url":"https:\/\/www.conveniosocial.com.br\/blog\/","logo":{"@type":"ImageObject","inLanguage":"pt-BR","@id":"https:\/\/www.conveniosocial.com.br\/blog\/#\/schema\/logo\/image\/","url":"https:\/\/www.conveniosocial.com.br\/blog\/wp-content\/uploads\/2021\/11\/novo_logo-convenio-socia-digital.png","contentUrl":"https:\/\/www.conveniosocial.com.br\/blog\/wp-content\/uploads\/2021\/11\/novo_logo-convenio-socia-digital.png","width":400,"height":102,"caption":"Conv\u00eanio Social"},"image":{"@id":"https:\/\/www.conveniosocial.com.br\/blog\/#\/schema\/logo\/image\/"}},{"@type":"Person","@id":"https:\/\/www.conveniosocial.com.br\/blog\/#\/schema\/person\/95c30bfdd058f90f62325275583f6bdb","name":"Reda\u00e7\u00e3o","image":{"@type":"ImageObject","inLanguage":"pt-BR","@id":"https:\/\/www.conveniosocial.com.br\/blog\/wp-content\/litespeed\/avatar\/4e54f19e6593de883bfb434e7ed885ea.jpg?ver=1777443823","url":"https:\/\/www.conveniosocial.com.br\/blog\/wp-content\/litespeed\/avatar\/4e54f19e6593de883bfb434e7ed885ea.jpg?ver=1777443823","contentUrl":"https:\/\/www.conveniosocial.com.br\/blog\/wp-content\/litespeed\/avatar\/4e54f19e6593de883bfb434e7ed885ea.jpg?ver=1777443823","caption":"Reda\u00e7\u00e3o"},"description":"Presente nos 26 estados do Pa\u00eds e no Distrito Federal, Conv\u00eanio Social vem simplificando a experi\u00eancia dos usu\u00e1rios, que por meio do nosso portal, encontram, em um s\u00f3 local, tudo o que se refere aos servi\u00e7os de sa\u00fade a pre\u00e7os populares."}]}},"_links":{"self":[{"href":"https:\/\/www.conveniosocial.com.br\/blog\/wp-json\/wp\/v2\/posts\/1315","targetHints":{"allow":["GET"]}}],"collection":[{"href":"https:\/\/www.conveniosocial.com.br\/blog\/wp-json\/wp\/v2\/posts"}],"about":[{"href":"https:\/\/www.conveniosocial.com.br\/blog\/wp-json\/wp\/v2\/types\/post"}],"author":[{"embeddable":true,"href":"https:\/\/www.conveniosocial.com.br\/blog\/wp-json\/wp\/v2\/users\/2"}],"replies":[{"embeddable":true,"href":"https:\/\/www.conveniosocial.com.br\/blog\/wp-json\/wp\/v2\/comments?post=1315"}],"version-history":[{"count":0,"href":"https:\/\/www.conveniosocial.com.br\/blog\/wp-json\/wp\/v2\/posts\/1315\/revisions"}],"wp:featuredmedia":[{"embeddable":true,"href":"https:\/\/www.conveniosocial.com.br\/blog\/wp-json\/"}],"wp:attachment":[{"href":"https:\/\/www.conveniosocial.com.br\/blog\/wp-json\/wp\/v2\/media?parent=1315"}],"wp:term":[{"taxonomy":"category","embeddable":true,"href":"https:\/\/www.conveniosocial.com.br\/blog\/wp-json\/wp\/v2\/categories?post=1315"},{"taxonomy":"post_tag","embeddable":true,"href":"https:\/\/www.conveniosocial.com.br\/blog\/wp-json\/wp\/v2\/tags?post=1315"}],"curies":[{"name":"wp","href":"https:\/\/api.w.org\/{rel}","templated":true}]}}