{"id":144343,"date":"2022-03-16T21:36:13","date_gmt":"2022-03-17T00:36:13","guid":{"rendered":"https:\/\/www.somospopular.com.br\/?p=144343"},"modified":"2022-03-16T21:36:13","modified_gmt":"2022-03-17T00:36:13","slug":"o-que-e-esquizofrenia-sintomas-e-tratamento","status":"publish","type":"post","link":"https:\/\/www.conveniosocial.com.br\/blog\/saude\/o-que-e-esquizofrenia-sintomas-e-tratamento\/","title":{"rendered":"O Que \u00e9 Esquizofrenia? Sintomas e Tratamento"},"content":{"rendered":"<div id=\"ez-toc-container\" class=\"ez-toc-v2_0_82_2 counter-flat ez-toc-counter ez-toc-white ez-toc-container-direction\">\n<p class=\"ez-toc-title\" style=\"cursor:inherit\">\u00cdndice do Conte\u00fado<\/p>\n<label for=\"ez-toc-cssicon-toggle-item-69f7385b8c1e1\" class=\"ez-toc-cssicon-toggle-label\"><span class=\"ez-toc-cssicon\"><span class=\"eztoc-hide\" style=\"display:none;\">Toggle<\/span><span class=\"ez-toc-icon-toggle-span\"><svg style=\"fill: #999;color:#999\" xmlns=\"http:\/\/www.w3.org\/2000\/svg\" class=\"list-377408\" width=\"20px\" height=\"20px\" viewBox=\"0 0 24 24\" fill=\"none\"><path d=\"M6 6H4v2h2V6zm14 0H8v2h12V6zM4 11h2v2H4v-2zm16 0H8v2h12v-2zM4 16h2v2H4v-2zm16 0H8v2h12v-2z\" fill=\"currentColor\"><\/path><\/svg><svg style=\"fill: #999;color:#999\" class=\"arrow-unsorted-368013\" xmlns=\"http:\/\/www.w3.org\/2000\/svg\" width=\"10px\" height=\"10px\" viewBox=\"0 0 24 24\" version=\"1.2\" baseProfile=\"tiny\"><path d=\"M18.2 9.3l-6.2-6.3-6.2 6.3c-.2.2-.3.4-.3.7s.1.5.3.7c.2.2.4.3.7.3h11c.3 0 .5-.1.7-.3.2-.2.3-.5.3-.7s-.1-.5-.3-.7zM5.8 14.7l6.2 6.3 6.2-6.3c.2-.2.3-.5.3-.7s-.1-.5-.3-.7c-.2-.2-.4-.3-.7-.3h-11c-.3 0-.5.1-.7.3-.2.2-.3.5-.3.7s.1.5.3.7z\"\/><\/svg><\/span><\/span><\/label><input type=\"checkbox\"  id=\"ez-toc-cssicon-toggle-item-69f7385b8c1e1\" checked aria-label=\"Alternar\" \/><nav><ul class='ez-toc-list ez-toc-list-level-1 ' ><li class='ez-toc-page-1'><a class=\"ez-toc-link ez-toc-heading-1\" href=\"https:\/\/www.conveniosocial.com.br\/blog\/saude\/o-que-e-esquizofrenia-sintomas-e-tratamento\/#Os_sintomas_da_esquizofrenia_incluem\" >Os sintomas da esquizofrenia incluem:<\/a><\/li><li class='ez-toc-page-1'><a class=\"ez-toc-link ez-toc-heading-2\" href=\"https:\/\/www.conveniosocial.com.br\/blog\/saude\/o-que-e-esquizofrenia-sintomas-e-tratamento\/#Os_tratamentos_incluem\" >Os tratamentos incluem:<\/a><\/li><\/ul><\/nav><\/div>\n<p><span style=\"vertical-align: inherit\"><span style=\"vertical-align: inherit\">A esquizofrenia \u00e9 um dist\u00farbio cerebral cr\u00f4nico, grave e incapacitante. Afeta como uma pessoa pensa, sente, se comporta e se relaciona com os outros. As pessoas com esse dist\u00farbio podem parecer que \u00e0s vezes perderam o contato com a realidade ou exibem comportamentos incomuns ou assustadores para os outros. Pessoas com esquizofrenia podem ter dificuldade em dizer a diferen\u00e7a entre experi\u00eancias reais e irreais. Eles tamb\u00e9m podem ter dificuldade em organizar seus pensamentos e tomar decis\u00f5es.<\/span><\/span><\/p>\n<p><span style=\"vertical-align: inherit\"><span style=\"vertical-align: inherit\">Pode ser diagnosticado por um psiquiatra ou um psic\u00f3logo.<\/span><\/span><\/p>\n<h2><span class=\"ez-toc-section\" id=\"Os_sintomas_da_esquizofrenia_incluem\"><\/span><span style=\"vertical-align: inherit\"><span style=\"vertical-align: inherit\">Os sintomas da esquizofrenia incluem:<\/span><\/span><span class=\"ez-toc-section-end\"><\/span><\/h2>\n<blockquote><p><span style=\"vertical-align: inherit\"><span style=\"vertical-align: inherit\">Alucina\u00e7\u00f5es <\/span><\/span><span style=\"vertical-align: inherit\"><span style=\"vertical-align: inherit\">(ver coisas que n\u00e3o existem)<\/span><\/span><br \/>\n<span style=\"vertical-align: inherit\"><span style=\"vertical-align: inherit\">Del\u00edrios <\/span><\/span><span style=\"vertical-align: inherit\"><span style=\"vertical-align: inherit\">(acreditar em coisas que n\u00e3o s\u00e3o verdadeiras)<\/span><\/span><br \/>\n<span style=\"vertical-align: inherit\"><span style=\"vertical-align: inherit\">Discurso ou comportamento desorganizado<\/span><\/span><br \/>\n<span style=\"vertical-align: inherit\"><span style=\"vertical-align: inherit\">Falta de express\u00e3o emocional<\/span><\/span><\/p><\/blockquote>\n<p><span style=\"vertical-align: inherit\"><span style=\"vertical-align: inherit\">A esquizofrenia \u00e9 o transtorno psic\u00f3tico mais comum. Afeta cerca de 1% da popula\u00e7\u00e3o mundial. A esquizofrenia pode causar <a href=\"https:\/\/www.conveniosocial.com.br\/blog\/exames\/teste-de-gravidez\/\">sintomas<\/a> positivos, como alucina\u00e7\u00f5es, del\u00edrios e fala desorganizada, e sintomas negativos, como retraimento social, falta de motiva\u00e7\u00e3o e baixa express\u00e3o emocional.<\/span><\/span><\/p>\n<p><span style=\"vertical-align: inherit\"><span style=\"vertical-align: inherit\">A esquizofrenia \u00e9 causada por muitos fatores. Estes incluem gen\u00e9tica e meio ambiente. Quanto mais fatores de risco para a esquizofrenia algu\u00e9m tiver, maior a probabilidade de desenvolv\u00ea-la. N\u00e3o h\u00e1 cura para esse dist\u00farbio, mas existem <a href=\"https:\/\/www.conveniosocial.com.br\/blog\/ortopedista\/quando-preciso-de-um-ortopedista\/\">tratamentos<\/a> que podem ajudar a control\u00e1-la, como medica\u00e7\u00e3o antipsic\u00f3tica e psicoterapia (terapia da fala).<\/span><\/span><\/p>\n<div id=\"attachment_144345\" style=\"width: 616px\" class=\"wp-caption alignnone\"><img loading=\"lazy\" decoding=\"async\" aria-describedby=\"caption-attachment-144345\" class=\"wp-image-144345 size-full\" src=\"https:\/\/www.somospopular.com.br\/app\/wp-content\/uploads\/2022\/03\/O-Que-e\u0301-Esquizofrenia-Sintomas-e-Tratamento.jpg\" alt=\"O Que e\u0301 Esquizofrenia? Sintomas e Tratamento\" width=\"606\" height=\"380\" \/><p id=\"caption-attachment-144345\" class=\"wp-caption-text\">O Que e\u0301 Esquizofrenia? Sintomas e Tratamento<\/p><\/div>\n<h3><span class=\"ez-toc-section\" id=\"Os_tratamentos_incluem\"><\/span><span style=\"vertical-align: inherit\"><span style=\"vertical-align: inherit\">Os tratamentos incluem:<\/span><\/span><span class=\"ez-toc-section-end\"><\/span><\/h3>\n<blockquote><p><span style=\"vertical-align: inherit\"><span style=\"vertical-align: inherit\">Terapia cognitivo-comportamental (TCC)<\/span><\/span><br \/>\n<span style=\"vertical-align: inherit\"><span style=\"vertical-align: inherit\">Medica\u00e7\u00e3o<\/span><\/span><br \/>\n<span style=\"vertical-align: inherit\"><span style=\"vertical-align: inherit\">Interven\u00e7\u00f5es psicossociais<\/span><\/span><br \/>\n<span style=\"vertical-align: inherit\"><span style=\"vertical-align: inherit\">Terapia familiar<\/span><\/span><\/p><\/blockquote>\n<p><span style=\"vertical-align: inherit\"><span style=\"vertical-align: inherit\">A causa exata n\u00e3o \u00e9 conhecida, mas parece prov\u00e1vel que fatores biol\u00f3gicos (por exemplo, gen\u00e9tica) e fatores ambientais (por exemplo, <a href=\"https:\/\/www.conveniosocial.com.br\/blog\/bem-estar\/o-que-e-depressao-e-como-tratar\/\">estresse<\/a>) desempenhem um papel no desenvolvimento da doen\u00e7a.<\/span><\/span><\/p>\n<p class=\"p1\"><b><span style=\"vertical-align: inherit\"><span style=\"vertical-align: inherit\">Aten\u00e7\u00e3o este artigo n\u00e3o \u00e9 uma recomenda\u00e7\u00e3o de tratamento, muito menos de diagn\u00f3stico. Procure sempre um M\u00e9dico especialista para obter os cuidados necess\u00e1rios. Cuide Sempre da Tua Sa\u00fade, Cuide Sempre da Vida.<\/span><\/span><\/b><\/p>\n","protected":false},"excerpt":{"rendered":"<p>A esquizofrenia \u00e9 um dist\u00farbio cerebral cr\u00f4nico, grave e incapacitante. Afeta como uma pessoa pensa, sente, se comporta e se relaciona com os outros. As pessoas com esse dist\u00farbio podem parecer que \u00e0s vezes perderam o contato com a realidade ou exibem comportamentos incomuns ou assustadores para os outros. Pessoas com esquizofrenia podem ter dificuldade [&hellip;]<\/p>\n","protected":false},"author":1,"featured_media":144346,"comment_status":"closed","ping_status":"closed","sticky":false,"template":"","format":"standard","meta":{"_et_pb_use_builder":"o","_et_pb_old_content":"","_et_gb_content_width":"","footnotes":""},"categories":[734,735,614],"tags":[675,215,673,674,676],"class_list":["post-144343","post","type-post","status-publish","format-standard","has-post-thumbnail","hentry","category-psicologos","category-psiquiatra","category-saude","tag-causas","tag-doenca","tag-especialista","tag-sintomas","tag-tratamento"],"yoast_head":"<!-- This site is optimized with the Yoast SEO Premium plugin v21.3 (Yoast SEO v27.5) - https:\/\/yoast.com\/product\/yoast-seo-premium-wordpress\/ -->\n<title>O Que \u00e9 Esquizofrenia? Sintomas e Tratamento - Conv\u00eanio Social - Sa\u00fade<\/title>\n<meta name=\"description\" content=\"A esquizofrenia \u00e9 um dist\u00farbio cerebral cr\u00f4nico, grave e incapacitante. Afeta como uma pessoa pensa, sente, se comporta e se relaciona...\" \/>\n<meta name=\"robots\" content=\"index, follow, max-snippet:-1, max-image-preview:large, max-video-preview:-1\" \/>\n<link rel=\"canonical\" href=\"https:\/\/www.conveniosocial.com.br\/blog\/saude\/o-que-e-esquizofrenia-sintomas-e-tratamento\/\" \/>\n<meta property=\"og:locale\" content=\"pt_BR\" \/>\n<meta property=\"og:type\" content=\"article\" \/>\n<meta property=\"og:title\" content=\"O Que \u00e9 Esquizofrenia? Sintomas e Tratamento\" \/>\n<meta property=\"og:description\" content=\"A esquizofrenia \u00e9 um dist\u00farbio cerebral cr\u00f4nico, grave e incapacitante. Afeta como uma pessoa pensa, sente, se comporta e se relaciona...\" \/>\n<meta property=\"og:url\" content=\"https:\/\/www.conveniosocial.com.br\/blog\/saude\/o-que-e-esquizofrenia-sintomas-e-tratamento\/\" \/>\n<meta property=\"og:site_name\" content=\"Conv\u00eanio Social\" \/>\n<meta property=\"article:published_time\" content=\"2022-03-17T00:36:13+00:00\" \/>\n<meta name=\"author\" content=\"Conv\u00eanio Social\" \/>\n<meta name=\"twitter:card\" content=\"summary_large_image\" \/>\n<meta name=\"twitter:label1\" content=\"Escrito por\" \/>\n\t<meta name=\"twitter:data1\" content=\"Conv\u00eanio Social\" \/>\n\t<meta name=\"twitter:label2\" content=\"Est. tempo de leitura\" \/>\n\t<meta name=\"twitter:data2\" content=\"2 minutos\" \/>\n<script type=\"application\/ld+json\" class=\"yoast-schema-graph\">{\"@context\":\"https:\\\/\\\/schema.org\",\"@graph\":[{\"@type\":\"Article\",\"@id\":\"https:\\\/\\\/www.conveniosocial.com.br\\\/blog\\\/saude\\\/o-que-e-esquizofrenia-sintomas-e-tratamento\\\/#article\",\"isPartOf\":{\"@id\":\"https:\\\/\\\/www.conveniosocial.com.br\\\/blog\\\/saude\\\/o-que-e-esquizofrenia-sintomas-e-tratamento\\\/\"},\"author\":{\"name\":\"Conv\u00eanio Social\",\"@id\":\"https:\\\/\\\/www.conveniosocial.com.br\\\/blog\\\/#\\\/schema\\\/person\\\/f153884ae44c840e378db3b3ae9f8b5f\"},\"headline\":\"O Que \u00e9 Esquizofrenia? Sintomas e Tratamento\",\"datePublished\":\"2022-03-17T00:36:13+00:00\",\"mainEntityOfPage\":{\"@id\":\"https:\\\/\\\/www.conveniosocial.com.br\\\/blog\\\/saude\\\/o-que-e-esquizofrenia-sintomas-e-tratamento\\\/\"},\"wordCount\":329,\"publisher\":{\"@id\":\"https:\\\/\\\/www.conveniosocial.com.br\\\/blog\\\/#organization\"},\"image\":{\"@id\":\"https:\\\/\\\/www.conveniosocial.com.br\\\/blog\\\/saude\\\/o-que-e-esquizofrenia-sintomas-e-tratamento\\\/#primaryimage\"},\"thumbnailUrl\":\"\",\"keywords\":[\"causas\",\"doen\u00e7a\",\"especialista\",\"sintomas\",\"tratamento\"],\"articleSection\":[\"Psic\u00f3logos\",\"Psiquiatra\",\"Sa\u00fade\"],\"inLanguage\":\"pt-BR\"},{\"@type\":\"WebPage\",\"@id\":\"https:\\\/\\\/www.conveniosocial.com.br\\\/blog\\\/saude\\\/o-que-e-esquizofrenia-sintomas-e-tratamento\\\/\",\"url\":\"https:\\\/\\\/www.conveniosocial.com.br\\\/blog\\\/saude\\\/o-que-e-esquizofrenia-sintomas-e-tratamento\\\/\",\"name\":\"O Que \u00e9 Esquizofrenia? Sintomas e Tratamento - Conv\u00eanio Social - Sa\u00fade\",\"isPartOf\":{\"@id\":\"https:\\\/\\\/www.conveniosocial.com.br\\\/blog\\\/#website\"},\"primaryImageOfPage\":{\"@id\":\"https:\\\/\\\/www.conveniosocial.com.br\\\/blog\\\/saude\\\/o-que-e-esquizofrenia-sintomas-e-tratamento\\\/#primaryimage\"},\"image\":{\"@id\":\"https:\\\/\\\/www.conveniosocial.com.br\\\/blog\\\/saude\\\/o-que-e-esquizofrenia-sintomas-e-tratamento\\\/#primaryimage\"},\"thumbnailUrl\":\"\",\"datePublished\":\"2022-03-17T00:36:13+00:00\",\"description\":\"A esquizofrenia \u00e9 um dist\u00farbio cerebral cr\u00f4nico, grave e incapacitante. Afeta como uma pessoa pensa, sente, se comporta e se relaciona...\",\"breadcrumb\":{\"@id\":\"https:\\\/\\\/www.conveniosocial.com.br\\\/blog\\\/saude\\\/o-que-e-esquizofrenia-sintomas-e-tratamento\\\/#breadcrumb\"},\"inLanguage\":\"pt-BR\",\"potentialAction\":[{\"@type\":\"ReadAction\",\"target\":[\"https:\\\/\\\/www.conveniosocial.com.br\\\/blog\\\/saude\\\/o-que-e-esquizofrenia-sintomas-e-tratamento\\\/\"]}]},{\"@type\":\"ImageObject\",\"inLanguage\":\"pt-BR\",\"@id\":\"https:\\\/\\\/www.conveniosocial.com.br\\\/blog\\\/saude\\\/o-que-e-esquizofrenia-sintomas-e-tratamento\\\/#primaryimage\",\"url\":\"\",\"contentUrl\":\"\"},{\"@type\":\"BreadcrumbList\",\"@id\":\"https:\\\/\\\/www.conveniosocial.com.br\\\/blog\\\/saude\\\/o-que-e-esquizofrenia-sintomas-e-tratamento\\\/#breadcrumb\",\"itemListElement\":[{\"@type\":\"ListItem\",\"position\":1,\"name\":\"Home\",\"item\":\"https:\\\/\\\/www.conveniosocial.com.br\\\/blog\\\/\"},{\"@type\":\"ListItem\",\"position\":2,\"name\":\"Psic\u00f3logos\",\"item\":\"https:\\\/\\\/www.conveniosocial.com.br\\\/blog\\\/psicologos\\\/\"},{\"@type\":\"ListItem\",\"position\":3,\"name\":\"O Que \u00e9 Esquizofrenia? Sintomas e Tratamento\"}]},{\"@type\":\"WebSite\",\"@id\":\"https:\\\/\\\/www.conveniosocial.com.br\\\/blog\\\/#website\",\"url\":\"https:\\\/\\\/www.conveniosocial.com.br\\\/blog\\\/\",\"name\":\"Conv\u00eanio Social\",\"description\":\"Informa\u00e7\u00f5es de Sa\u00fade e Bem-estar, Consultas e Exames Popular\",\"publisher\":{\"@id\":\"https:\\\/\\\/www.conveniosocial.com.br\\\/blog\\\/#organization\"},\"potentialAction\":[{\"@type\":\"SearchAction\",\"target\":{\"@type\":\"EntryPoint\",\"urlTemplate\":\"https:\\\/\\\/www.conveniosocial.com.br\\\/blog\\\/?s={search_term_string}\"},\"query-input\":{\"@type\":\"PropertyValueSpecification\",\"valueRequired\":true,\"valueName\":\"search_term_string\"}}],\"inLanguage\":\"pt-BR\"},{\"@type\":\"Organization\",\"@id\":\"https:\\\/\\\/www.conveniosocial.com.br\\\/blog\\\/#organization\",\"name\":\"Conv\u00eanio Social\",\"url\":\"https:\\\/\\\/www.conveniosocial.com.br\\\/blog\\\/\",\"logo\":{\"@type\":\"ImageObject\",\"inLanguage\":\"pt-BR\",\"@id\":\"https:\\\/\\\/www.conveniosocial.com.br\\\/blog\\\/#\\\/schema\\\/logo\\\/image\\\/\",\"url\":\"https:\\\/\\\/www.conveniosocial.com.br\\\/blog\\\/wp-content\\\/uploads\\\/2021\\\/11\\\/novo_logo-convenio-socia-digital.png\",\"contentUrl\":\"https:\\\/\\\/www.conveniosocial.com.br\\\/blog\\\/wp-content\\\/uploads\\\/2021\\\/11\\\/novo_logo-convenio-socia-digital.png\",\"width\":400,\"height\":102,\"caption\":\"Conv\u00eanio Social\"},\"image\":{\"@id\":\"https:\\\/\\\/www.conveniosocial.com.br\\\/blog\\\/#\\\/schema\\\/logo\\\/image\\\/\"}},{\"@type\":\"Person\",\"@id\":\"https:\\\/\\\/www.conveniosocial.com.br\\\/blog\\\/#\\\/schema\\\/person\\\/f153884ae44c840e378db3b3ae9f8b5f\",\"name\":\"Conv\u00eanio Social\",\"image\":{\"@type\":\"ImageObject\",\"inLanguage\":\"pt-BR\",\"@id\":\"https:\\\/\\\/www.conveniosocial.com.br\\\/blog\\\/wp-content\\\/litespeed\\\/avatar\\\/873a7b32a00ffa116916e092d21a5524.jpg?ver=1777462719\",\"url\":\"https:\\\/\\\/www.conveniosocial.com.br\\\/blog\\\/wp-content\\\/litespeed\\\/avatar\\\/873a7b32a00ffa116916e092d21a5524.jpg?ver=1777462719\",\"contentUrl\":\"https:\\\/\\\/www.conveniosocial.com.br\\\/blog\\\/wp-content\\\/litespeed\\\/avatar\\\/873a7b32a00ffa116916e092d21a5524.jpg?ver=1777462719\",\"caption\":\"Conv\u00eanio Social\"}}]}<\/script>\n<!-- \/ Yoast SEO Premium plugin. -->","yoast_head_json":{"title":"O Que \u00e9 Esquizofrenia? Sintomas e Tratamento - Conv\u00eanio Social - Sa\u00fade","description":"A esquizofrenia \u00e9 um dist\u00farbio cerebral cr\u00f4nico, grave e incapacitante. Afeta como uma pessoa pensa, sente, se comporta e se relaciona...","robots":{"index":"index","follow":"follow","max-snippet":"max-snippet:-1","max-image-preview":"max-image-preview:large","max-video-preview":"max-video-preview:-1"},"canonical":"https:\/\/www.conveniosocial.com.br\/blog\/saude\/o-que-e-esquizofrenia-sintomas-e-tratamento\/","og_locale":"pt_BR","og_type":"article","og_title":"O Que \u00e9 Esquizofrenia? Sintomas e Tratamento","og_description":"A esquizofrenia \u00e9 um dist\u00farbio cerebral cr\u00f4nico, grave e incapacitante. Afeta como uma pessoa pensa, sente, se comporta e se relaciona...","og_url":"https:\/\/www.conveniosocial.com.br\/blog\/saude\/o-que-e-esquizofrenia-sintomas-e-tratamento\/","og_site_name":"Conv\u00eanio Social","article_published_time":"2022-03-17T00:36:13+00:00","author":"Conv\u00eanio Social","twitter_card":"summary_large_image","twitter_misc":{"Escrito por":"Conv\u00eanio Social","Est. tempo de leitura":"2 minutos"},"schema":{"@context":"https:\/\/schema.org","@graph":[{"@type":"Article","@id":"https:\/\/www.conveniosocial.com.br\/blog\/saude\/o-que-e-esquizofrenia-sintomas-e-tratamento\/#article","isPartOf":{"@id":"https:\/\/www.conveniosocial.com.br\/blog\/saude\/o-que-e-esquizofrenia-sintomas-e-tratamento\/"},"author":{"name":"Conv\u00eanio Social","@id":"https:\/\/www.conveniosocial.com.br\/blog\/#\/schema\/person\/f153884ae44c840e378db3b3ae9f8b5f"},"headline":"O Que \u00e9 Esquizofrenia? Sintomas e Tratamento","datePublished":"2022-03-17T00:36:13+00:00","mainEntityOfPage":{"@id":"https:\/\/www.conveniosocial.com.br\/blog\/saude\/o-que-e-esquizofrenia-sintomas-e-tratamento\/"},"wordCount":329,"publisher":{"@id":"https:\/\/www.conveniosocial.com.br\/blog\/#organization"},"image":{"@id":"https:\/\/www.conveniosocial.com.br\/blog\/saude\/o-que-e-esquizofrenia-sintomas-e-tratamento\/#primaryimage"},"thumbnailUrl":"","keywords":["causas","doen\u00e7a","especialista","sintomas","tratamento"],"articleSection":["Psic\u00f3logos","Psiquiatra","Sa\u00fade"],"inLanguage":"pt-BR"},{"@type":"WebPage","@id":"https:\/\/www.conveniosocial.com.br\/blog\/saude\/o-que-e-esquizofrenia-sintomas-e-tratamento\/","url":"https:\/\/www.conveniosocial.com.br\/blog\/saude\/o-que-e-esquizofrenia-sintomas-e-tratamento\/","name":"O Que \u00e9 Esquizofrenia? Sintomas e Tratamento - Conv\u00eanio Social - Sa\u00fade","isPartOf":{"@id":"https:\/\/www.conveniosocial.com.br\/blog\/#website"},"primaryImageOfPage":{"@id":"https:\/\/www.conveniosocial.com.br\/blog\/saude\/o-que-e-esquizofrenia-sintomas-e-tratamento\/#primaryimage"},"image":{"@id":"https:\/\/www.conveniosocial.com.br\/blog\/saude\/o-que-e-esquizofrenia-sintomas-e-tratamento\/#primaryimage"},"thumbnailUrl":"","datePublished":"2022-03-17T00:36:13+00:00","description":"A esquizofrenia \u00e9 um dist\u00farbio cerebral cr\u00f4nico, grave e incapacitante. Afeta como uma pessoa pensa, sente, se comporta e se relaciona...","breadcrumb":{"@id":"https:\/\/www.conveniosocial.com.br\/blog\/saude\/o-que-e-esquizofrenia-sintomas-e-tratamento\/#breadcrumb"},"inLanguage":"pt-BR","potentialAction":[{"@type":"ReadAction","target":["https:\/\/www.conveniosocial.com.br\/blog\/saude\/o-que-e-esquizofrenia-sintomas-e-tratamento\/"]}]},{"@type":"ImageObject","inLanguage":"pt-BR","@id":"https:\/\/www.conveniosocial.com.br\/blog\/saude\/o-que-e-esquizofrenia-sintomas-e-tratamento\/#primaryimage","url":"","contentUrl":""},{"@type":"BreadcrumbList","@id":"https:\/\/www.conveniosocial.com.br\/blog\/saude\/o-que-e-esquizofrenia-sintomas-e-tratamento\/#breadcrumb","itemListElement":[{"@type":"ListItem","position":1,"name":"Home","item":"https:\/\/www.conveniosocial.com.br\/blog\/"},{"@type":"ListItem","position":2,"name":"Psic\u00f3logos","item":"https:\/\/www.conveniosocial.com.br\/blog\/psicologos\/"},{"@type":"ListItem","position":3,"name":"O Que \u00e9 Esquizofrenia? Sintomas e Tratamento"}]},{"@type":"WebSite","@id":"https:\/\/www.conveniosocial.com.br\/blog\/#website","url":"https:\/\/www.conveniosocial.com.br\/blog\/","name":"Conv\u00eanio Social","description":"Informa\u00e7\u00f5es de Sa\u00fade e Bem-estar, Consultas e Exames Popular","publisher":{"@id":"https:\/\/www.conveniosocial.com.br\/blog\/#organization"},"potentialAction":[{"@type":"SearchAction","target":{"@type":"EntryPoint","urlTemplate":"https:\/\/www.conveniosocial.com.br\/blog\/?s={search_term_string}"},"query-input":{"@type":"PropertyValueSpecification","valueRequired":true,"valueName":"search_term_string"}}],"inLanguage":"pt-BR"},{"@type":"Organization","@id":"https:\/\/www.conveniosocial.com.br\/blog\/#organization","name":"Conv\u00eanio Social","url":"https:\/\/www.conveniosocial.com.br\/blog\/","logo":{"@type":"ImageObject","inLanguage":"pt-BR","@id":"https:\/\/www.conveniosocial.com.br\/blog\/#\/schema\/logo\/image\/","url":"https:\/\/www.conveniosocial.com.br\/blog\/wp-content\/uploads\/2021\/11\/novo_logo-convenio-socia-digital.png","contentUrl":"https:\/\/www.conveniosocial.com.br\/blog\/wp-content\/uploads\/2021\/11\/novo_logo-convenio-socia-digital.png","width":400,"height":102,"caption":"Conv\u00eanio Social"},"image":{"@id":"https:\/\/www.conveniosocial.com.br\/blog\/#\/schema\/logo\/image\/"}},{"@type":"Person","@id":"https:\/\/www.conveniosocial.com.br\/blog\/#\/schema\/person\/f153884ae44c840e378db3b3ae9f8b5f","name":"Conv\u00eanio Social","image":{"@type":"ImageObject","inLanguage":"pt-BR","@id":"https:\/\/www.conveniosocial.com.br\/blog\/wp-content\/litespeed\/avatar\/873a7b32a00ffa116916e092d21a5524.jpg?ver=1777462719","url":"https:\/\/www.conveniosocial.com.br\/blog\/wp-content\/litespeed\/avatar\/873a7b32a00ffa116916e092d21a5524.jpg?ver=1777462719","contentUrl":"https:\/\/www.conveniosocial.com.br\/blog\/wp-content\/litespeed\/avatar\/873a7b32a00ffa116916e092d21a5524.jpg?ver=1777462719","caption":"Conv\u00eanio Social"}}]}},"_links":{"self":[{"href":"https:\/\/www.conveniosocial.com.br\/blog\/wp-json\/wp\/v2\/posts\/144343","targetHints":{"allow":["GET"]}}],"collection":[{"href":"https:\/\/www.conveniosocial.com.br\/blog\/wp-json\/wp\/v2\/posts"}],"about":[{"href":"https:\/\/www.conveniosocial.com.br\/blog\/wp-json\/wp\/v2\/types\/post"}],"author":[{"embeddable":true,"href":"https:\/\/www.conveniosocial.com.br\/blog\/wp-json\/wp\/v2\/users\/1"}],"replies":[{"embeddable":true,"href":"https:\/\/www.conveniosocial.com.br\/blog\/wp-json\/wp\/v2\/comments?post=144343"}],"version-history":[{"count":0,"href":"https:\/\/www.conveniosocial.com.br\/blog\/wp-json\/wp\/v2\/posts\/144343\/revisions"}],"wp:featuredmedia":[{"embeddable":true,"href":"https:\/\/www.conveniosocial.com.br\/blog\/wp-json\/"}],"wp:attachment":[{"href":"https:\/\/www.conveniosocial.com.br\/blog\/wp-json\/wp\/v2\/media?parent=144343"}],"wp:term":[{"taxonomy":"category","embeddable":true,"href":"https:\/\/www.conveniosocial.com.br\/blog\/wp-json\/wp\/v2\/categories?post=144343"},{"taxonomy":"post_tag","embeddable":true,"href":"https:\/\/www.conveniosocial.com.br\/blog\/wp-json\/wp\/v2\/tags?post=144343"}],"curies":[{"name":"wp","href":"https:\/\/api.w.org\/{rel}","templated":true}]}}