{"id":144661,"date":"2022-04-13T10:24:42","date_gmt":"2022-04-13T13:24:42","guid":{"rendered":"https:\/\/www.somospopular.com.br\/?p=144661"},"modified":"2022-04-13T10:24:42","modified_gmt":"2022-04-13T13:24:42","slug":"principais-sintomas-do-ataque-de-panico","status":"publish","type":"post","link":"https:\/\/www.conveniosocial.com.br\/blog\/saude\/principais-sintomas-do-ataque-de-panico\/","title":{"rendered":"Principais Sintomas do Ataque de P\u00e2nico."},"content":{"rendered":"<div id=\"ez-toc-container\" class=\"ez-toc-v2_0_82_2 counter-flat ez-toc-counter ez-toc-white ez-toc-container-direction\">\n<p class=\"ez-toc-title\" style=\"cursor:inherit\">\u00cdndice do Conte\u00fado<\/p>\n<label for=\"ez-toc-cssicon-toggle-item-69f73851ee161\" class=\"ez-toc-cssicon-toggle-label\"><span class=\"ez-toc-cssicon\"><span class=\"eztoc-hide\" style=\"display:none;\">Toggle<\/span><span class=\"ez-toc-icon-toggle-span\"><svg style=\"fill: #999;color:#999\" xmlns=\"http:\/\/www.w3.org\/2000\/svg\" class=\"list-377408\" width=\"20px\" height=\"20px\" viewBox=\"0 0 24 24\" fill=\"none\"><path d=\"M6 6H4v2h2V6zm14 0H8v2h12V6zM4 11h2v2H4v-2zm16 0H8v2h12v-2zM4 16h2v2H4v-2zm16 0H8v2h12v-2z\" fill=\"currentColor\"><\/path><\/svg><svg style=\"fill: #999;color:#999\" class=\"arrow-unsorted-368013\" xmlns=\"http:\/\/www.w3.org\/2000\/svg\" width=\"10px\" height=\"10px\" viewBox=\"0 0 24 24\" version=\"1.2\" baseProfile=\"tiny\"><path d=\"M18.2 9.3l-6.2-6.3-6.2 6.3c-.2.2-.3.4-.3.7s.1.5.3.7c.2.2.4.3.7.3h11c.3 0 .5-.1.7-.3.2-.2.3-.5.3-.7s-.1-.5-.3-.7zM5.8 14.7l6.2 6.3 6.2-6.3c.2-.2.3-.5.3-.7s-.1-.5-.3-.7c-.2-.2-.4-.3-.7-.3h-11c-.3 0-.5.1-.7.3-.2.2-.3.5-.3.7s.1.5.3.7z\"\/><\/svg><\/span><\/span><\/label><input type=\"checkbox\"  id=\"ez-toc-cssicon-toggle-item-69f73851ee161\" checked aria-label=\"Alternar\" \/><nav><ul class='ez-toc-list ez-toc-list-level-1 ' ><li class='ez-toc-page-1'><a class=\"ez-toc-link ez-toc-heading-1\" href=\"https:\/\/www.conveniosocial.com.br\/blog\/saude\/principais-sintomas-do-ataque-de-panico\/#Os_principais_sintomas_do_ataque_de_panico_sao\" >Os principais sintomas do ataque de p\u00e2nico s\u00e3o:<\/a><\/li><li class='ez-toc-page-1'><a class=\"ez-toc-link ez-toc-heading-2\" href=\"https:\/\/www.conveniosocial.com.br\/blog\/saude\/principais-sintomas-do-ataque-de-panico\/#Podendo_ser_causado_por_uma_serie_de_coisas_diferentes\" >Podendo ser causado por uma s\u00e9rie de coisas diferentes:<\/a><\/li><\/ul><\/nav><\/div>\n<p><span style=\"vertical-align: inherit\"><span style=\"vertical-align: inherit\">O ataque de p\u00e2nico \u00e9 um epis\u00f3dio s\u00fabito de medo intenso que \u00e9 acompanhado por <a href=\"https:\/\/www.conveniosocial.com.br\/blog\/exames\/teste-de-gravidez\/\">sintomas<\/a> f\u00edsicos. Um ataque de p\u00e2nico \u00e9 uma onda repentina de medo e ansiedade intensos que atingem o pico em 10 minutos.<\/span><\/span><\/p>\n<p><span style=\"vertical-align: inherit\"><span style=\"vertical-align: inherit\">Os ataques de p\u00e2nico tamb\u00e9m s\u00e3o chamados de ataques de ansiedade ou transtorno de <a href=\"https:\/\/www.conveniosocial.com.br\/blog\/bem-estar\/o-que-e-depressao-e-como-tratar\/\">estresse<\/a> agudo. Eles s\u00e3o um dos transtornos mentais mais comuns nos Estados Unidos e podem ser muito assustadores para quem os experimenta.<\/span><\/span><\/p>\n<p><span style=\"vertical-align: inherit\"><span style=\"vertical-align: inherit\">Ao contr\u00e1rio do que muitos pensam, a crise de p\u00e2nico n\u00e3o est\u00e1 relacionada a uma situa\u00e7\u00e3o em que o indiv\u00edduo sente um medo extremo. Esses epis\u00f3dios est\u00e3o mais relacionados \u00e0 rea\u00e7\u00e3o do corpo do que ao evento que o causou, propriamente dito. <\/span><\/span><span style=\"vertical-align: inherit\"><span style=\"vertical-align: inherit\">As crises podem acontecer com pessoas a partir dos 15 anos de idade, mas s\u00e3o mais comuns entre os 25 e 40 anos. Nas crian\u00e7as, a ocorr\u00eancia \u00e9 menos comum, mas n\u00e3o \u00e9 imposs\u00edvel. Geralmente, os epis\u00f3dios duram alguns minutos, mas podem levar at\u00e9 algumas horas, a depender do caso.<\/span><\/span><\/p>\n<h2><span class=\"ez-toc-section\" id=\"Os_principais_sintomas_do_ataque_de_panico_sao\"><\/span><span style=\"vertical-align: inherit\"><span style=\"vertical-align: inherit\">Os principais sintomas do ataque de p\u00e2nico s\u00e3o:<\/span><\/span><span class=\"ez-toc-section-end\"><\/span><\/h2>\n<blockquote><p><span style=\"vertical-align: inherit\"><span style=\"vertical-align: inherit\">Palpita\u00e7\u00f5es, taquicardia ou aumento da frequ\u00eancia card\u00edaca.<\/span><\/span><\/p>\n<p><span style=\"vertical-align: inherit\"><span style=\"vertical-align: inherit\">Sudorese.<\/span><\/span><\/p>\n<p><span style=\"vertical-align: inherit\"><span style=\"vertical-align: inherit\">Tremendo ou tremendo.<\/span><\/span><\/p>\n<p><span style=\"vertical-align: inherit\"><span style=\"vertical-align: inherit\">Falta de ar ou hiperventila\u00e7\u00e3o.<\/span><\/span><\/p>\n<p><span style=\"vertical-align: inherit\"><span style=\"vertical-align: inherit\"><a href=\"https:\/\/www.conveniosocial.com.br\/blog\/saude\/remedios-caseiros-para-gastrite\/\">Dor<\/a> ou desconforto no peito.<\/span><\/span><\/p>\n<p><span style=\"vertical-align: inherit\"><span style=\"vertical-align: inherit\">N\u00e1useas, c\u00f3licas estomacais, <a href=\"https:\/\/www.conveniosocial.com.br\/blog\/alimentacao\/sindrome-do-intestino-irritavel\/\">diarreia<\/a>, tonturas, vertigens.<\/span><\/span><\/p>\n<p><span style=\"vertical-align: inherit\"><span style=\"vertical-align: inherit\">Calafrios ou ondas de <a href=\"https:\/\/www.conveniosocial.com.br\/blog\/saude\/candidiase-feminina-fotos-reais\/\">calor<\/a>.<\/span><\/span><\/p>\n<p><span style=\"vertical-align: inherit\"><span style=\"vertical-align: inherit\">Desrealiza\u00e7\u00e3o (sensa\u00e7\u00e3o de que o ambiente \u00e9 irreal) ou despersonaliza\u00e7\u00e3o (sensa\u00e7\u00e3o de que o eu \u00e9 irreal).<\/span><\/span><\/p>\n<p><span style=\"vertical-align: inherit\"><span style=\"vertical-align: inherit\">Medo de perder o controle ou enlouquecer.<\/span><\/span><\/p><\/blockquote>\n<div id=\"attachment_144665\" style=\"width: 891px\" class=\"wp-caption alignnone\"><img loading=\"lazy\" decoding=\"async\" aria-describedby=\"caption-attachment-144665\" class=\"wp-image-144665 size-full\" src=\"https:\/\/www.somospopular.com.br\/app\/wp-content\/uploads\/2022\/04\/Principais-Sintomas-do-Ataque-de-Pa\u0302nico..jpg\" alt=\"Principais Sintomas do Ataque de Pa\u0302nico.\" width=\"881\" height=\"660\" \/><p id=\"caption-attachment-144665\" class=\"wp-caption-text\"><span style=\"vertical-align: inherit\"><span style=\"vertical-align: inherit\">Principais Sintomas do Ataque de Pa\u0302nico.<\/span><\/span><\/p><\/div>\n<h3><span class=\"ez-toc-section\" id=\"Podendo_ser_causado_por_uma_serie_de_coisas_diferentes\"><\/span><span style=\"vertical-align: inherit\"><span style=\"vertical-align: inherit\">Podendo ser causado por uma s\u00e9rie de coisas diferentes:<\/span><\/span><span class=\"ez-toc-section-end\"><\/span><\/h3>\n<blockquote><p><span style=\"vertical-align: inherit\"><span style=\"vertical-align: inherit\">Um evento estressante<\/span><\/span><\/p>\n<p><span style=\"vertical-align: inherit\"><span style=\"vertical-align: inherit\">Um evento traum\u00e1tico<\/span><\/span><\/p>\n<p><span style=\"vertical-align: inherit\"><span style=\"vertical-align: inherit\">Transtornos de ansiedade<\/span><\/span><\/p>\n<p><span style=\"vertical-align: inherit\"><span style=\"vertical-align: inherit\">Depress\u00e3o<\/span><\/span><\/p>\n<p><span style=\"vertical-align: inherit\"><span style=\"vertical-align: inherit\">Abuso de subst\u00e2ncias<\/span><\/span><\/p>\n<p><span style=\"vertical-align: inherit\"><span style=\"vertical-align: inherit\">Condi\u00e7\u00f5es m\u00e9dicas (por exemplo, hipertireoidismo)<\/span><\/span><\/p><\/blockquote>\n<p class=\"p1\"><b>Aten\u00e7\u00e3o este artigo n\u00e3o \u00e9 uma recomenda\u00e7\u00e3o de tratamento, muito menos de diagn\u00f3stico. Procure sempre um M\u00e9dico especialista para obter os cuidados necess\u00e1rios. Cuide Sempre da Tua Sa\u00fade, Cuide Sempre da Vida.<\/b><\/p>\n","protected":false},"excerpt":{"rendered":"<p>O ataque de p\u00e2nico \u00e9 um epis\u00f3dio s\u00fabito de medo intenso que \u00e9 acompanhado por sintomas f\u00edsicos. Um ataque de p\u00e2nico \u00e9 uma onda repentina de medo e ansiedade intensos que atingem o pico em 10 minutos. Os ataques de p\u00e2nico tamb\u00e9m s\u00e3o chamados de ataques de ansiedade ou transtorno de estresse agudo. Eles s\u00e3o [&hellip;]<\/p>\n","protected":false},"author":1,"featured_media":144664,"comment_status":"closed","ping_status":"closed","sticky":false,"template":"","format":"standard","meta":{"_et_pb_use_builder":"o","_et_pb_old_content":"","_et_gb_content_width":"","footnotes":""},"categories":[614],"tags":[215,673,671,278,674,676],"class_list":["post-144661","post","type-post","status-publish","format-standard","has-post-thumbnail","hentry","category-saude","tag-doenca","tag-especialista","tag-medicina","tag-saude","tag-sintomas","tag-tratamento"],"yoast_head":"<!-- This site is optimized with the Yoast SEO Premium plugin v21.3 (Yoast SEO v27.5) - https:\/\/yoast.com\/product\/yoast-seo-premium-wordpress\/ -->\n<title>Principais Sintomas do Ataque de P\u00e2nico. - Conv\u00eanio Social - Sa\u00fade<\/title>\n<meta name=\"description\" content=\"O ataque de p\u00e2nico \u00e9 um epis\u00f3dio s\u00fabito de medo intenso que \u00e9 acompanhado por sintomas f\u00edsicos. \u00c9 uma onda repentina de ansiedade...\" \/>\n<meta name=\"robots\" content=\"index, follow, max-snippet:-1, max-image-preview:large, max-video-preview:-1\" \/>\n<link rel=\"canonical\" href=\"https:\/\/www.conveniosocial.com.br\/blog\/saude\/principais-sintomas-do-ataque-de-panico\/\" \/>\n<meta property=\"og:locale\" content=\"pt_BR\" \/>\n<meta property=\"og:type\" content=\"article\" \/>\n<meta property=\"og:title\" content=\"Principais Sintomas do Ataque de P\u00e2nico.\" \/>\n<meta property=\"og:description\" content=\"O ataque de p\u00e2nico \u00e9 um epis\u00f3dio s\u00fabito de medo intenso que \u00e9 acompanhado por sintomas f\u00edsicos. \u00c9 uma onda repentina de ansiedade...\" \/>\n<meta property=\"og:url\" content=\"https:\/\/www.conveniosocial.com.br\/blog\/saude\/principais-sintomas-do-ataque-de-panico\/\" \/>\n<meta property=\"og:site_name\" content=\"Conv\u00eanio Social\" \/>\n<meta property=\"article:published_time\" content=\"2022-04-13T13:24:42+00:00\" \/>\n<meta name=\"author\" content=\"Conv\u00eanio Social\" \/>\n<meta name=\"twitter:card\" content=\"summary_large_image\" \/>\n<meta name=\"twitter:label1\" content=\"Escrito por\" \/>\n\t<meta name=\"twitter:data1\" content=\"Conv\u00eanio Social\" \/>\n\t<meta name=\"twitter:label2\" content=\"Est. tempo de leitura\" \/>\n\t<meta name=\"twitter:data2\" content=\"2 minutos\" \/>\n<script type=\"application\/ld+json\" class=\"yoast-schema-graph\">{\"@context\":\"https:\\\/\\\/schema.org\",\"@graph\":[{\"@type\":\"Article\",\"@id\":\"https:\\\/\\\/www.conveniosocial.com.br\\\/blog\\\/saude\\\/principais-sintomas-do-ataque-de-panico\\\/#article\",\"isPartOf\":{\"@id\":\"https:\\\/\\\/www.conveniosocial.com.br\\\/blog\\\/saude\\\/principais-sintomas-do-ataque-de-panico\\\/\"},\"author\":{\"name\":\"Conv\u00eanio Social\",\"@id\":\"https:\\\/\\\/www.conveniosocial.com.br\\\/blog\\\/#\\\/schema\\\/person\\\/f153884ae44c840e378db3b3ae9f8b5f\"},\"headline\":\"Principais Sintomas do Ataque de P\u00e2nico.\",\"datePublished\":\"2022-04-13T13:24:42+00:00\",\"mainEntityOfPage\":{\"@id\":\"https:\\\/\\\/www.conveniosocial.com.br\\\/blog\\\/saude\\\/principais-sintomas-do-ataque-de-panico\\\/\"},\"wordCount\":344,\"publisher\":{\"@id\":\"https:\\\/\\\/www.conveniosocial.com.br\\\/blog\\\/#organization\"},\"image\":{\"@id\":\"https:\\\/\\\/www.conveniosocial.com.br\\\/blog\\\/saude\\\/principais-sintomas-do-ataque-de-panico\\\/#primaryimage\"},\"thumbnailUrl\":\"\",\"keywords\":[\"doen\u00e7a\",\"especialista\",\"medicina\",\"sa\u00fade\",\"sintomas\",\"tratamento\"],\"articleSection\":[\"Sa\u00fade\"],\"inLanguage\":\"pt-BR\"},{\"@type\":\"WebPage\",\"@id\":\"https:\\\/\\\/www.conveniosocial.com.br\\\/blog\\\/saude\\\/principais-sintomas-do-ataque-de-panico\\\/\",\"url\":\"https:\\\/\\\/www.conveniosocial.com.br\\\/blog\\\/saude\\\/principais-sintomas-do-ataque-de-panico\\\/\",\"name\":\"Principais Sintomas do Ataque de P\u00e2nico. - Conv\u00eanio Social - Sa\u00fade\",\"isPartOf\":{\"@id\":\"https:\\\/\\\/www.conveniosocial.com.br\\\/blog\\\/#website\"},\"primaryImageOfPage\":{\"@id\":\"https:\\\/\\\/www.conveniosocial.com.br\\\/blog\\\/saude\\\/principais-sintomas-do-ataque-de-panico\\\/#primaryimage\"},\"image\":{\"@id\":\"https:\\\/\\\/www.conveniosocial.com.br\\\/blog\\\/saude\\\/principais-sintomas-do-ataque-de-panico\\\/#primaryimage\"},\"thumbnailUrl\":\"\",\"datePublished\":\"2022-04-13T13:24:42+00:00\",\"description\":\"O ataque de p\u00e2nico \u00e9 um epis\u00f3dio s\u00fabito de medo intenso que \u00e9 acompanhado por sintomas f\u00edsicos. \u00c9 uma onda repentina de ansiedade...\",\"breadcrumb\":{\"@id\":\"https:\\\/\\\/www.conveniosocial.com.br\\\/blog\\\/saude\\\/principais-sintomas-do-ataque-de-panico\\\/#breadcrumb\"},\"inLanguage\":\"pt-BR\",\"potentialAction\":[{\"@type\":\"ReadAction\",\"target\":[\"https:\\\/\\\/www.conveniosocial.com.br\\\/blog\\\/saude\\\/principais-sintomas-do-ataque-de-panico\\\/\"]}]},{\"@type\":\"ImageObject\",\"inLanguage\":\"pt-BR\",\"@id\":\"https:\\\/\\\/www.conveniosocial.com.br\\\/blog\\\/saude\\\/principais-sintomas-do-ataque-de-panico\\\/#primaryimage\",\"url\":\"\",\"contentUrl\":\"\"},{\"@type\":\"BreadcrumbList\",\"@id\":\"https:\\\/\\\/www.conveniosocial.com.br\\\/blog\\\/saude\\\/principais-sintomas-do-ataque-de-panico\\\/#breadcrumb\",\"itemListElement\":[{\"@type\":\"ListItem\",\"position\":1,\"name\":\"Home\",\"item\":\"https:\\\/\\\/www.conveniosocial.com.br\\\/blog\\\/\"},{\"@type\":\"ListItem\",\"position\":2,\"name\":\"Sa\u00fade\",\"item\":\"https:\\\/\\\/www.conveniosocial.com.br\\\/blog\\\/saude\\\/\"},{\"@type\":\"ListItem\",\"position\":3,\"name\":\"Principais Sintomas do Ataque de P\u00e2nico.\"}]},{\"@type\":\"WebSite\",\"@id\":\"https:\\\/\\\/www.conveniosocial.com.br\\\/blog\\\/#website\",\"url\":\"https:\\\/\\\/www.conveniosocial.com.br\\\/blog\\\/\",\"name\":\"Conv\u00eanio Social\",\"description\":\"Informa\u00e7\u00f5es de Sa\u00fade e Bem-estar, Consultas e Exames Popular\",\"publisher\":{\"@id\":\"https:\\\/\\\/www.conveniosocial.com.br\\\/blog\\\/#organization\"},\"potentialAction\":[{\"@type\":\"SearchAction\",\"target\":{\"@type\":\"EntryPoint\",\"urlTemplate\":\"https:\\\/\\\/www.conveniosocial.com.br\\\/blog\\\/?s={search_term_string}\"},\"query-input\":{\"@type\":\"PropertyValueSpecification\",\"valueRequired\":true,\"valueName\":\"search_term_string\"}}],\"inLanguage\":\"pt-BR\"},{\"@type\":\"Organization\",\"@id\":\"https:\\\/\\\/www.conveniosocial.com.br\\\/blog\\\/#organization\",\"name\":\"Conv\u00eanio Social\",\"url\":\"https:\\\/\\\/www.conveniosocial.com.br\\\/blog\\\/\",\"logo\":{\"@type\":\"ImageObject\",\"inLanguage\":\"pt-BR\",\"@id\":\"https:\\\/\\\/www.conveniosocial.com.br\\\/blog\\\/#\\\/schema\\\/logo\\\/image\\\/\",\"url\":\"https:\\\/\\\/www.conveniosocial.com.br\\\/blog\\\/wp-content\\\/uploads\\\/2021\\\/11\\\/novo_logo-convenio-socia-digital.png\",\"contentUrl\":\"https:\\\/\\\/www.conveniosocial.com.br\\\/blog\\\/wp-content\\\/uploads\\\/2021\\\/11\\\/novo_logo-convenio-socia-digital.png\",\"width\":400,\"height\":102,\"caption\":\"Conv\u00eanio Social\"},\"image\":{\"@id\":\"https:\\\/\\\/www.conveniosocial.com.br\\\/blog\\\/#\\\/schema\\\/logo\\\/image\\\/\"}},{\"@type\":\"Person\",\"@id\":\"https:\\\/\\\/www.conveniosocial.com.br\\\/blog\\\/#\\\/schema\\\/person\\\/f153884ae44c840e378db3b3ae9f8b5f\",\"name\":\"Conv\u00eanio Social\",\"image\":{\"@type\":\"ImageObject\",\"inLanguage\":\"pt-BR\",\"@id\":\"https:\\\/\\\/www.conveniosocial.com.br\\\/blog\\\/wp-content\\\/litespeed\\\/avatar\\\/873a7b32a00ffa116916e092d21a5524.jpg?ver=1777462719\",\"url\":\"https:\\\/\\\/www.conveniosocial.com.br\\\/blog\\\/wp-content\\\/litespeed\\\/avatar\\\/873a7b32a00ffa116916e092d21a5524.jpg?ver=1777462719\",\"contentUrl\":\"https:\\\/\\\/www.conveniosocial.com.br\\\/blog\\\/wp-content\\\/litespeed\\\/avatar\\\/873a7b32a00ffa116916e092d21a5524.jpg?ver=1777462719\",\"caption\":\"Conv\u00eanio Social\"}}]}<\/script>\n<!-- \/ Yoast SEO Premium plugin. -->","yoast_head_json":{"title":"Principais Sintomas do Ataque de P\u00e2nico. - Conv\u00eanio Social - Sa\u00fade","description":"O ataque de p\u00e2nico \u00e9 um epis\u00f3dio s\u00fabito de medo intenso que \u00e9 acompanhado por sintomas f\u00edsicos. \u00c9 uma onda repentina de ansiedade...","robots":{"index":"index","follow":"follow","max-snippet":"max-snippet:-1","max-image-preview":"max-image-preview:large","max-video-preview":"max-video-preview:-1"},"canonical":"https:\/\/www.conveniosocial.com.br\/blog\/saude\/principais-sintomas-do-ataque-de-panico\/","og_locale":"pt_BR","og_type":"article","og_title":"Principais Sintomas do Ataque de P\u00e2nico.","og_description":"O ataque de p\u00e2nico \u00e9 um epis\u00f3dio s\u00fabito de medo intenso que \u00e9 acompanhado por sintomas f\u00edsicos. \u00c9 uma onda repentina de ansiedade...","og_url":"https:\/\/www.conveniosocial.com.br\/blog\/saude\/principais-sintomas-do-ataque-de-panico\/","og_site_name":"Conv\u00eanio Social","article_published_time":"2022-04-13T13:24:42+00:00","author":"Conv\u00eanio Social","twitter_card":"summary_large_image","twitter_misc":{"Escrito por":"Conv\u00eanio Social","Est. tempo de leitura":"2 minutos"},"schema":{"@context":"https:\/\/schema.org","@graph":[{"@type":"Article","@id":"https:\/\/www.conveniosocial.com.br\/blog\/saude\/principais-sintomas-do-ataque-de-panico\/#article","isPartOf":{"@id":"https:\/\/www.conveniosocial.com.br\/blog\/saude\/principais-sintomas-do-ataque-de-panico\/"},"author":{"name":"Conv\u00eanio Social","@id":"https:\/\/www.conveniosocial.com.br\/blog\/#\/schema\/person\/f153884ae44c840e378db3b3ae9f8b5f"},"headline":"Principais Sintomas do Ataque de P\u00e2nico.","datePublished":"2022-04-13T13:24:42+00:00","mainEntityOfPage":{"@id":"https:\/\/www.conveniosocial.com.br\/blog\/saude\/principais-sintomas-do-ataque-de-panico\/"},"wordCount":344,"publisher":{"@id":"https:\/\/www.conveniosocial.com.br\/blog\/#organization"},"image":{"@id":"https:\/\/www.conveniosocial.com.br\/blog\/saude\/principais-sintomas-do-ataque-de-panico\/#primaryimage"},"thumbnailUrl":"","keywords":["doen\u00e7a","especialista","medicina","sa\u00fade","sintomas","tratamento"],"articleSection":["Sa\u00fade"],"inLanguage":"pt-BR"},{"@type":"WebPage","@id":"https:\/\/www.conveniosocial.com.br\/blog\/saude\/principais-sintomas-do-ataque-de-panico\/","url":"https:\/\/www.conveniosocial.com.br\/blog\/saude\/principais-sintomas-do-ataque-de-panico\/","name":"Principais Sintomas do Ataque de P\u00e2nico. - Conv\u00eanio Social - Sa\u00fade","isPartOf":{"@id":"https:\/\/www.conveniosocial.com.br\/blog\/#website"},"primaryImageOfPage":{"@id":"https:\/\/www.conveniosocial.com.br\/blog\/saude\/principais-sintomas-do-ataque-de-panico\/#primaryimage"},"image":{"@id":"https:\/\/www.conveniosocial.com.br\/blog\/saude\/principais-sintomas-do-ataque-de-panico\/#primaryimage"},"thumbnailUrl":"","datePublished":"2022-04-13T13:24:42+00:00","description":"O ataque de p\u00e2nico \u00e9 um epis\u00f3dio s\u00fabito de medo intenso que \u00e9 acompanhado por sintomas f\u00edsicos. \u00c9 uma onda repentina de ansiedade...","breadcrumb":{"@id":"https:\/\/www.conveniosocial.com.br\/blog\/saude\/principais-sintomas-do-ataque-de-panico\/#breadcrumb"},"inLanguage":"pt-BR","potentialAction":[{"@type":"ReadAction","target":["https:\/\/www.conveniosocial.com.br\/blog\/saude\/principais-sintomas-do-ataque-de-panico\/"]}]},{"@type":"ImageObject","inLanguage":"pt-BR","@id":"https:\/\/www.conveniosocial.com.br\/blog\/saude\/principais-sintomas-do-ataque-de-panico\/#primaryimage","url":"","contentUrl":""},{"@type":"BreadcrumbList","@id":"https:\/\/www.conveniosocial.com.br\/blog\/saude\/principais-sintomas-do-ataque-de-panico\/#breadcrumb","itemListElement":[{"@type":"ListItem","position":1,"name":"Home","item":"https:\/\/www.conveniosocial.com.br\/blog\/"},{"@type":"ListItem","position":2,"name":"Sa\u00fade","item":"https:\/\/www.conveniosocial.com.br\/blog\/saude\/"},{"@type":"ListItem","position":3,"name":"Principais Sintomas do Ataque de P\u00e2nico."}]},{"@type":"WebSite","@id":"https:\/\/www.conveniosocial.com.br\/blog\/#website","url":"https:\/\/www.conveniosocial.com.br\/blog\/","name":"Conv\u00eanio Social","description":"Informa\u00e7\u00f5es de Sa\u00fade e Bem-estar, Consultas e Exames Popular","publisher":{"@id":"https:\/\/www.conveniosocial.com.br\/blog\/#organization"},"potentialAction":[{"@type":"SearchAction","target":{"@type":"EntryPoint","urlTemplate":"https:\/\/www.conveniosocial.com.br\/blog\/?s={search_term_string}"},"query-input":{"@type":"PropertyValueSpecification","valueRequired":true,"valueName":"search_term_string"}}],"inLanguage":"pt-BR"},{"@type":"Organization","@id":"https:\/\/www.conveniosocial.com.br\/blog\/#organization","name":"Conv\u00eanio Social","url":"https:\/\/www.conveniosocial.com.br\/blog\/","logo":{"@type":"ImageObject","inLanguage":"pt-BR","@id":"https:\/\/www.conveniosocial.com.br\/blog\/#\/schema\/logo\/image\/","url":"https:\/\/www.conveniosocial.com.br\/blog\/wp-content\/uploads\/2021\/11\/novo_logo-convenio-socia-digital.png","contentUrl":"https:\/\/www.conveniosocial.com.br\/blog\/wp-content\/uploads\/2021\/11\/novo_logo-convenio-socia-digital.png","width":400,"height":102,"caption":"Conv\u00eanio Social"},"image":{"@id":"https:\/\/www.conveniosocial.com.br\/blog\/#\/schema\/logo\/image\/"}},{"@type":"Person","@id":"https:\/\/www.conveniosocial.com.br\/blog\/#\/schema\/person\/f153884ae44c840e378db3b3ae9f8b5f","name":"Conv\u00eanio Social","image":{"@type":"ImageObject","inLanguage":"pt-BR","@id":"https:\/\/www.conveniosocial.com.br\/blog\/wp-content\/litespeed\/avatar\/873a7b32a00ffa116916e092d21a5524.jpg?ver=1777462719","url":"https:\/\/www.conveniosocial.com.br\/blog\/wp-content\/litespeed\/avatar\/873a7b32a00ffa116916e092d21a5524.jpg?ver=1777462719","contentUrl":"https:\/\/www.conveniosocial.com.br\/blog\/wp-content\/litespeed\/avatar\/873a7b32a00ffa116916e092d21a5524.jpg?ver=1777462719","caption":"Conv\u00eanio Social"}}]}},"_links":{"self":[{"href":"https:\/\/www.conveniosocial.com.br\/blog\/wp-json\/wp\/v2\/posts\/144661","targetHints":{"allow":["GET"]}}],"collection":[{"href":"https:\/\/www.conveniosocial.com.br\/blog\/wp-json\/wp\/v2\/posts"}],"about":[{"href":"https:\/\/www.conveniosocial.com.br\/blog\/wp-json\/wp\/v2\/types\/post"}],"author":[{"embeddable":true,"href":"https:\/\/www.conveniosocial.com.br\/blog\/wp-json\/wp\/v2\/users\/1"}],"replies":[{"embeddable":true,"href":"https:\/\/www.conveniosocial.com.br\/blog\/wp-json\/wp\/v2\/comments?post=144661"}],"version-history":[{"count":0,"href":"https:\/\/www.conveniosocial.com.br\/blog\/wp-json\/wp\/v2\/posts\/144661\/revisions"}],"wp:featuredmedia":[{"embeddable":true,"href":"https:\/\/www.conveniosocial.com.br\/blog\/wp-json\/"}],"wp:attachment":[{"href":"https:\/\/www.conveniosocial.com.br\/blog\/wp-json\/wp\/v2\/media?parent=144661"}],"wp:term":[{"taxonomy":"category","embeddable":true,"href":"https:\/\/www.conveniosocial.com.br\/blog\/wp-json\/wp\/v2\/categories?post=144661"},{"taxonomy":"post_tag","embeddable":true,"href":"https:\/\/www.conveniosocial.com.br\/blog\/wp-json\/wp\/v2\/tags?post=144661"}],"curies":[{"name":"wp","href":"https:\/\/api.w.org\/{rel}","templated":true}]}}