{"id":144861,"date":"2022-04-25T10:47:21","date_gmt":"2022-04-25T13:47:21","guid":{"rendered":"https:\/\/www.somospopular.com.br\/?p=144861"},"modified":"2022-04-25T10:47:21","modified_gmt":"2022-04-25T13:47:21","slug":"o-que-e-cefaleia-tensional","status":"publish","type":"post","link":"https:\/\/www.conveniosocial.com.br\/blog\/saude\/o-que-e-cefaleia-tensional\/","title":{"rendered":"O Que \u00e9 Cefaleia Tensional?"},"content":{"rendered":"<p>A cefaleia tensional \u00e9 um tipo de <a href=\"https:\/\/www.conveniosocial.com.br\/blog\/saude\/remedios-caseiros-para-gastrite\/\">dor<\/a> de cabe\u00e7a que geralmente \u00e9 sentida na frente ou nas laterais da cabe\u00e7a. \u00c9 causada por tens\u00e3o muscular e <a href=\"https:\/\/www.conveniosocial.com.br\/blog\/bem-estar\/o-que-e-depressao-e-como-tratar\/\">estresse<\/a>. A dor pode ser intensa e pode durar horas, dias, semanas ou meses.<\/p>\n<p>As dores de cabe\u00e7a tensionais n\u00e3o s\u00e3o t\u00e3o perigosas quanto outros tipos de dores de cabe\u00e7a, mas ainda podem causar problemas no sistema imunol\u00f3gico se voc\u00ea tiver dores de cabe\u00e7a tensionais cr\u00f4nicas. S\u00e3o frequentemente causados por estresse e m\u00fasculos tensos no pesco\u00e7o, ombros ou costas. As dores de cabe\u00e7a tensionais podem ser tratadas com medicamentos ou fisioterapia.<\/p>\n<p>A dor pode ser sentida de diferentes maneiras, como uma sensa\u00e7\u00e3o de aperto, uma sensa\u00e7\u00e3o de faixa ou como se a cabe\u00e7a estivesse sendo apertada.<\/p>\n<p>A causa mais comum de Cefaleia Tensional \u00e9 o estresse. O estresse pode levar ao aumento da tens\u00e3o muscular e isso, por sua vez, leva a dores de cabe\u00e7a. Outras causas incluem fadiga ocular, problemas oculares, m\u00e1 postura, problemas no pesco\u00e7o, problemas dent\u00e1rios e sinusite.<\/p>\n<h2>Sintomas:<\/h2>\n<blockquote><p>Dores (a regi\u00e3o da cabe\u00e7a e a intensidade ajudam a definir o tipo do problema);<\/p>\n<p>Sensa\u00e7\u00e3o de peso ou de aperto na cabe\u00e7a;<\/p>\n<p>N\u00e1usea e v\u00f4mito;<\/p>\n<p>Olho lacrimejante;<\/p>\n<p>Sensibilidade \u00e0 luz;<\/p>\n<p>Dist\u00farbios de vis\u00e3o: o paciente enxerga pontos pretos (enxaqueca com aura).<\/p><\/blockquote>\n<div id=\"attachment_144864\" style=\"width: 1034px\" class=\"wp-caption alignnone\"><img loading=\"lazy\" decoding=\"async\" aria-describedby=\"caption-attachment-144864\" class=\"wp-image-144864 size-large\" src=\"https:\/\/www.somospopular.com.br\/app\/wp-content\/uploads\/2022\/04\/O-Que-e\u0301-Cefaleia-Tensional.-1024x576.jpg\" alt=\"O Que e\u0301 Cefaleia Tensional?.\" width=\"1024\" height=\"576\" \/><p id=\"caption-attachment-144864\" class=\"wp-caption-text\">O Que e\u0301 Cefaleia Tensional?.<\/p><\/div>\n<p>Existem muitos <a href=\"https:\/\/www.conveniosocial.com.br\/blog\/ortopedista\/quando-preciso-de-um-ortopedista\/\">tratamentos<\/a> para dores de cabe\u00e7a tensionais, incluindo medicamentos de venda livre, como ibuprofeno, acetaminofeno (paracetamol) e naproxeno, mas esses medicamentos nem sempre s\u00e3o eficazes. Algumas pessoas tamb\u00e9m usam massagem terap\u00eautica e acupuntura para ajudar a aliviar a dor de suas dores de cabe\u00e7a. Em casos mais graves, os m\u00e9dicos podem prescrever medicamentos mais fortes ou encaminhar o paciente para fisioterapia.<\/p>\n<p>A cefaleia de tens\u00e3o pode ser epis\u00f3dica (menos de 15 dias por m\u00eas) ou cr\u00f4nica (mais de 15 dias por m\u00eas). As dores de cabe\u00e7a podem durar entre 30 minutos e v\u00e1rios dias.<\/p>\n<p class=\"p1\"><b>Aten\u00e7\u00e3o este artigo n\u00e3o \u00e9 uma recomenda\u00e7\u00e3o de tratamento, muito menos de diagn\u00f3stico. Procure sempre um M\u00e9dico especialista para obter os cuidados necess\u00e1rios. Cuide Sempre da Tua Sa\u00fade, Cuide Sempre da Vida.<\/b><\/p>\n","protected":false},"excerpt":{"rendered":"<p>A cefaleia tensional \u00e9 um tipo de dor de cabe\u00e7a que geralmente \u00e9 sentida na frente ou nas laterais da cabe\u00e7a. \u00c9 causada por tens\u00e3o muscular e estresse. A dor pode ser intensa e pode durar horas, dias, semanas ou meses. As dores de cabe\u00e7a tensionais n\u00e3o s\u00e3o t\u00e3o perigosas quanto outros tipos de dores [&hellip;]<\/p>\n","protected":false},"author":1,"featured_media":144863,"comment_status":"closed","ping_status":"closed","sticky":false,"template":"","format":"standard","meta":{"_et_pb_use_builder":"o","_et_pb_old_content":"","_et_gb_content_width":"","footnotes":""},"categories":[614],"tags":[755,671,692,278,674,680],"class_list":["post-144861","post","type-post","status-publish","format-standard","has-post-thumbnail","hentry","category-saude","tag-cabeca","tag-medicina","tag-rosto","tag-saude","tag-sintomas","tag-tratamentos"],"yoast_head":"<!-- This site is optimized with the Yoast SEO Premium plugin v21.3 (Yoast SEO v27.5) - https:\/\/yoast.com\/product\/yoast-seo-premium-wordpress\/ -->\n<title>O Que \u00e9 Cefaleia Tensional? Conv\u00eanio Social -Sa\u00fade, Cl\u00ednica e Consult\u00f3rio<\/title>\n<meta name=\"description\" content=\"A cefaleia tensional \u00e9 um tipo de dor de cabe\u00e7a que geralmente \u00e9 sentida na frente ou nas laterais da cabe\u00e7a. \u00c9 causada por tens\u00e3o...\" \/>\n<meta name=\"robots\" content=\"index, follow, max-snippet:-1, max-image-preview:large, max-video-preview:-1\" \/>\n<link rel=\"canonical\" href=\"https:\/\/www.conveniosocial.com.br\/blog\/saude\/o-que-e-cefaleia-tensional\/\" \/>\n<meta property=\"og:locale\" content=\"pt_BR\" \/>\n<meta property=\"og:type\" content=\"article\" \/>\n<meta property=\"og:title\" content=\"O Que \u00e9 Cefaleia Tensional?\" \/>\n<meta property=\"og:description\" content=\"A cefaleia tensional \u00e9 um tipo de dor de cabe\u00e7a que geralmente \u00e9 sentida na frente ou nas laterais da cabe\u00e7a. \u00c9 causada por tens\u00e3o...\" \/>\n<meta property=\"og:url\" content=\"https:\/\/www.conveniosocial.com.br\/blog\/saude\/o-que-e-cefaleia-tensional\/\" \/>\n<meta property=\"og:site_name\" content=\"Conv\u00eanio Social\" \/>\n<meta property=\"article:published_time\" content=\"2022-04-25T13:47:21+00:00\" \/>\n<meta name=\"author\" content=\"Conv\u00eanio Social\" \/>\n<meta name=\"twitter:card\" content=\"summary_large_image\" \/>\n<meta name=\"twitter:label1\" content=\"Escrito por\" \/>\n\t<meta name=\"twitter:data1\" content=\"Conv\u00eanio Social\" \/>\n\t<meta name=\"twitter:label2\" content=\"Est. tempo de leitura\" \/>\n\t<meta name=\"twitter:data2\" content=\"3 minutos\" \/>\n<script type=\"application\/ld+json\" class=\"yoast-schema-graph\">{\"@context\":\"https:\\\/\\\/schema.org\",\"@graph\":[{\"@type\":\"Article\",\"@id\":\"https:\\\/\\\/www.conveniosocial.com.br\\\/blog\\\/saude\\\/o-que-e-cefaleia-tensional\\\/#article\",\"isPartOf\":{\"@id\":\"https:\\\/\\\/www.conveniosocial.com.br\\\/blog\\\/saude\\\/o-que-e-cefaleia-tensional\\\/\"},\"author\":{\"name\":\"Conv\u00eanio Social\",\"@id\":\"https:\\\/\\\/www.conveniosocial.com.br\\\/blog\\\/#\\\/schema\\\/person\\\/f153884ae44c840e378db3b3ae9f8b5f\"},\"headline\":\"O Que \u00e9 Cefaleia Tensional?\",\"datePublished\":\"2022-04-25T13:47:21+00:00\",\"mainEntityOfPage\":{\"@id\":\"https:\\\/\\\/www.conveniosocial.com.br\\\/blog\\\/saude\\\/o-que-e-cefaleia-tensional\\\/\"},\"wordCount\":395,\"publisher\":{\"@id\":\"https:\\\/\\\/www.conveniosocial.com.br\\\/blog\\\/#organization\"},\"image\":{\"@id\":\"https:\\\/\\\/www.conveniosocial.com.br\\\/blog\\\/saude\\\/o-que-e-cefaleia-tensional\\\/#primaryimage\"},\"thumbnailUrl\":\"\",\"keywords\":[\"cabe\u00e7a\",\"medicina\",\"rosto\",\"sa\u00fade\",\"sintomas\",\"tratamentos\"],\"articleSection\":[\"Sa\u00fade\"],\"inLanguage\":\"pt-BR\"},{\"@type\":\"WebPage\",\"@id\":\"https:\\\/\\\/www.conveniosocial.com.br\\\/blog\\\/saude\\\/o-que-e-cefaleia-tensional\\\/\",\"url\":\"https:\\\/\\\/www.conveniosocial.com.br\\\/blog\\\/saude\\\/o-que-e-cefaleia-tensional\\\/\",\"name\":\"O Que \u00e9 Cefaleia Tensional? Conv\u00eanio Social -Sa\u00fade, Cl\u00ednica e Consult\u00f3rio\",\"isPartOf\":{\"@id\":\"https:\\\/\\\/www.conveniosocial.com.br\\\/blog\\\/#website\"},\"primaryImageOfPage\":{\"@id\":\"https:\\\/\\\/www.conveniosocial.com.br\\\/blog\\\/saude\\\/o-que-e-cefaleia-tensional\\\/#primaryimage\"},\"image\":{\"@id\":\"https:\\\/\\\/www.conveniosocial.com.br\\\/blog\\\/saude\\\/o-que-e-cefaleia-tensional\\\/#primaryimage\"},\"thumbnailUrl\":\"\",\"datePublished\":\"2022-04-25T13:47:21+00:00\",\"description\":\"A cefaleia tensional \u00e9 um tipo de dor de cabe\u00e7a que geralmente \u00e9 sentida na frente ou nas laterais da cabe\u00e7a. \u00c9 causada por tens\u00e3o...\",\"breadcrumb\":{\"@id\":\"https:\\\/\\\/www.conveniosocial.com.br\\\/blog\\\/saude\\\/o-que-e-cefaleia-tensional\\\/#breadcrumb\"},\"inLanguage\":\"pt-BR\",\"potentialAction\":[{\"@type\":\"ReadAction\",\"target\":[\"https:\\\/\\\/www.conveniosocial.com.br\\\/blog\\\/saude\\\/o-que-e-cefaleia-tensional\\\/\"]}]},{\"@type\":\"ImageObject\",\"inLanguage\":\"pt-BR\",\"@id\":\"https:\\\/\\\/www.conveniosocial.com.br\\\/blog\\\/saude\\\/o-que-e-cefaleia-tensional\\\/#primaryimage\",\"url\":\"\",\"contentUrl\":\"\"},{\"@type\":\"BreadcrumbList\",\"@id\":\"https:\\\/\\\/www.conveniosocial.com.br\\\/blog\\\/saude\\\/o-que-e-cefaleia-tensional\\\/#breadcrumb\",\"itemListElement\":[{\"@type\":\"ListItem\",\"position\":1,\"name\":\"Home\",\"item\":\"https:\\\/\\\/www.conveniosocial.com.br\\\/blog\\\/\"},{\"@type\":\"ListItem\",\"position\":2,\"name\":\"Sa\u00fade\",\"item\":\"https:\\\/\\\/www.conveniosocial.com.br\\\/blog\\\/saude\\\/\"},{\"@type\":\"ListItem\",\"position\":3,\"name\":\"O Que \u00e9 Cefaleia Tensional?\"}]},{\"@type\":\"WebSite\",\"@id\":\"https:\\\/\\\/www.conveniosocial.com.br\\\/blog\\\/#website\",\"url\":\"https:\\\/\\\/www.conveniosocial.com.br\\\/blog\\\/\",\"name\":\"Conv\u00eanio Social\",\"description\":\"Informa\u00e7\u00f5es de Sa\u00fade e Bem-estar, Consultas e Exames Popular\",\"publisher\":{\"@id\":\"https:\\\/\\\/www.conveniosocial.com.br\\\/blog\\\/#organization\"},\"potentialAction\":[{\"@type\":\"SearchAction\",\"target\":{\"@type\":\"EntryPoint\",\"urlTemplate\":\"https:\\\/\\\/www.conveniosocial.com.br\\\/blog\\\/?s={search_term_string}\"},\"query-input\":{\"@type\":\"PropertyValueSpecification\",\"valueRequired\":true,\"valueName\":\"search_term_string\"}}],\"inLanguage\":\"pt-BR\"},{\"@type\":\"Organization\",\"@id\":\"https:\\\/\\\/www.conveniosocial.com.br\\\/blog\\\/#organization\",\"name\":\"Conv\u00eanio Social\",\"url\":\"https:\\\/\\\/www.conveniosocial.com.br\\\/blog\\\/\",\"logo\":{\"@type\":\"ImageObject\",\"inLanguage\":\"pt-BR\",\"@id\":\"https:\\\/\\\/www.conveniosocial.com.br\\\/blog\\\/#\\\/schema\\\/logo\\\/image\\\/\",\"url\":\"https:\\\/\\\/www.conveniosocial.com.br\\\/blog\\\/wp-content\\\/uploads\\\/2021\\\/11\\\/novo_logo-convenio-socia-digital.png\",\"contentUrl\":\"https:\\\/\\\/www.conveniosocial.com.br\\\/blog\\\/wp-content\\\/uploads\\\/2021\\\/11\\\/novo_logo-convenio-socia-digital.png\",\"width\":400,\"height\":102,\"caption\":\"Conv\u00eanio Social\"},\"image\":{\"@id\":\"https:\\\/\\\/www.conveniosocial.com.br\\\/blog\\\/#\\\/schema\\\/logo\\\/image\\\/\"}},{\"@type\":\"Person\",\"@id\":\"https:\\\/\\\/www.conveniosocial.com.br\\\/blog\\\/#\\\/schema\\\/person\\\/f153884ae44c840e378db3b3ae9f8b5f\",\"name\":\"Conv\u00eanio Social\",\"image\":{\"@type\":\"ImageObject\",\"inLanguage\":\"pt-BR\",\"@id\":\"https:\\\/\\\/www.conveniosocial.com.br\\\/blog\\\/wp-content\\\/litespeed\\\/avatar\\\/873a7b32a00ffa116916e092d21a5524.jpg?ver=1777462719\",\"url\":\"https:\\\/\\\/www.conveniosocial.com.br\\\/blog\\\/wp-content\\\/litespeed\\\/avatar\\\/873a7b32a00ffa116916e092d21a5524.jpg?ver=1777462719\",\"contentUrl\":\"https:\\\/\\\/www.conveniosocial.com.br\\\/blog\\\/wp-content\\\/litespeed\\\/avatar\\\/873a7b32a00ffa116916e092d21a5524.jpg?ver=1777462719\",\"caption\":\"Conv\u00eanio Social\"}}]}<\/script>\n<!-- \/ Yoast SEO Premium plugin. -->","yoast_head_json":{"title":"O Que \u00e9 Cefaleia Tensional? Conv\u00eanio Social -Sa\u00fade, Cl\u00ednica e Consult\u00f3rio","description":"A cefaleia tensional \u00e9 um tipo de dor de cabe\u00e7a que geralmente \u00e9 sentida na frente ou nas laterais da cabe\u00e7a. \u00c9 causada por tens\u00e3o...","robots":{"index":"index","follow":"follow","max-snippet":"max-snippet:-1","max-image-preview":"max-image-preview:large","max-video-preview":"max-video-preview:-1"},"canonical":"https:\/\/www.conveniosocial.com.br\/blog\/saude\/o-que-e-cefaleia-tensional\/","og_locale":"pt_BR","og_type":"article","og_title":"O Que \u00e9 Cefaleia Tensional?","og_description":"A cefaleia tensional \u00e9 um tipo de dor de cabe\u00e7a que geralmente \u00e9 sentida na frente ou nas laterais da cabe\u00e7a. \u00c9 causada por tens\u00e3o...","og_url":"https:\/\/www.conveniosocial.com.br\/blog\/saude\/o-que-e-cefaleia-tensional\/","og_site_name":"Conv\u00eanio Social","article_published_time":"2022-04-25T13:47:21+00:00","author":"Conv\u00eanio Social","twitter_card":"summary_large_image","twitter_misc":{"Escrito por":"Conv\u00eanio Social","Est. tempo de leitura":"3 minutos"},"schema":{"@context":"https:\/\/schema.org","@graph":[{"@type":"Article","@id":"https:\/\/www.conveniosocial.com.br\/blog\/saude\/o-que-e-cefaleia-tensional\/#article","isPartOf":{"@id":"https:\/\/www.conveniosocial.com.br\/blog\/saude\/o-que-e-cefaleia-tensional\/"},"author":{"name":"Conv\u00eanio Social","@id":"https:\/\/www.conveniosocial.com.br\/blog\/#\/schema\/person\/f153884ae44c840e378db3b3ae9f8b5f"},"headline":"O Que \u00e9 Cefaleia Tensional?","datePublished":"2022-04-25T13:47:21+00:00","mainEntityOfPage":{"@id":"https:\/\/www.conveniosocial.com.br\/blog\/saude\/o-que-e-cefaleia-tensional\/"},"wordCount":395,"publisher":{"@id":"https:\/\/www.conveniosocial.com.br\/blog\/#organization"},"image":{"@id":"https:\/\/www.conveniosocial.com.br\/blog\/saude\/o-que-e-cefaleia-tensional\/#primaryimage"},"thumbnailUrl":"","keywords":["cabe\u00e7a","medicina","rosto","sa\u00fade","sintomas","tratamentos"],"articleSection":["Sa\u00fade"],"inLanguage":"pt-BR"},{"@type":"WebPage","@id":"https:\/\/www.conveniosocial.com.br\/blog\/saude\/o-que-e-cefaleia-tensional\/","url":"https:\/\/www.conveniosocial.com.br\/blog\/saude\/o-que-e-cefaleia-tensional\/","name":"O Que \u00e9 Cefaleia Tensional? Conv\u00eanio Social -Sa\u00fade, Cl\u00ednica e Consult\u00f3rio","isPartOf":{"@id":"https:\/\/www.conveniosocial.com.br\/blog\/#website"},"primaryImageOfPage":{"@id":"https:\/\/www.conveniosocial.com.br\/blog\/saude\/o-que-e-cefaleia-tensional\/#primaryimage"},"image":{"@id":"https:\/\/www.conveniosocial.com.br\/blog\/saude\/o-que-e-cefaleia-tensional\/#primaryimage"},"thumbnailUrl":"","datePublished":"2022-04-25T13:47:21+00:00","description":"A cefaleia tensional \u00e9 um tipo de dor de cabe\u00e7a que geralmente \u00e9 sentida na frente ou nas laterais da cabe\u00e7a. \u00c9 causada por tens\u00e3o...","breadcrumb":{"@id":"https:\/\/www.conveniosocial.com.br\/blog\/saude\/o-que-e-cefaleia-tensional\/#breadcrumb"},"inLanguage":"pt-BR","potentialAction":[{"@type":"ReadAction","target":["https:\/\/www.conveniosocial.com.br\/blog\/saude\/o-que-e-cefaleia-tensional\/"]}]},{"@type":"ImageObject","inLanguage":"pt-BR","@id":"https:\/\/www.conveniosocial.com.br\/blog\/saude\/o-que-e-cefaleia-tensional\/#primaryimage","url":"","contentUrl":""},{"@type":"BreadcrumbList","@id":"https:\/\/www.conveniosocial.com.br\/blog\/saude\/o-que-e-cefaleia-tensional\/#breadcrumb","itemListElement":[{"@type":"ListItem","position":1,"name":"Home","item":"https:\/\/www.conveniosocial.com.br\/blog\/"},{"@type":"ListItem","position":2,"name":"Sa\u00fade","item":"https:\/\/www.conveniosocial.com.br\/blog\/saude\/"},{"@type":"ListItem","position":3,"name":"O Que \u00e9 Cefaleia Tensional?"}]},{"@type":"WebSite","@id":"https:\/\/www.conveniosocial.com.br\/blog\/#website","url":"https:\/\/www.conveniosocial.com.br\/blog\/","name":"Conv\u00eanio Social","description":"Informa\u00e7\u00f5es de Sa\u00fade e Bem-estar, Consultas e Exames Popular","publisher":{"@id":"https:\/\/www.conveniosocial.com.br\/blog\/#organization"},"potentialAction":[{"@type":"SearchAction","target":{"@type":"EntryPoint","urlTemplate":"https:\/\/www.conveniosocial.com.br\/blog\/?s={search_term_string}"},"query-input":{"@type":"PropertyValueSpecification","valueRequired":true,"valueName":"search_term_string"}}],"inLanguage":"pt-BR"},{"@type":"Organization","@id":"https:\/\/www.conveniosocial.com.br\/blog\/#organization","name":"Conv\u00eanio Social","url":"https:\/\/www.conveniosocial.com.br\/blog\/","logo":{"@type":"ImageObject","inLanguage":"pt-BR","@id":"https:\/\/www.conveniosocial.com.br\/blog\/#\/schema\/logo\/image\/","url":"https:\/\/www.conveniosocial.com.br\/blog\/wp-content\/uploads\/2021\/11\/novo_logo-convenio-socia-digital.png","contentUrl":"https:\/\/www.conveniosocial.com.br\/blog\/wp-content\/uploads\/2021\/11\/novo_logo-convenio-socia-digital.png","width":400,"height":102,"caption":"Conv\u00eanio Social"},"image":{"@id":"https:\/\/www.conveniosocial.com.br\/blog\/#\/schema\/logo\/image\/"}},{"@type":"Person","@id":"https:\/\/www.conveniosocial.com.br\/blog\/#\/schema\/person\/f153884ae44c840e378db3b3ae9f8b5f","name":"Conv\u00eanio Social","image":{"@type":"ImageObject","inLanguage":"pt-BR","@id":"https:\/\/www.conveniosocial.com.br\/blog\/wp-content\/litespeed\/avatar\/873a7b32a00ffa116916e092d21a5524.jpg?ver=1777462719","url":"https:\/\/www.conveniosocial.com.br\/blog\/wp-content\/litespeed\/avatar\/873a7b32a00ffa116916e092d21a5524.jpg?ver=1777462719","contentUrl":"https:\/\/www.conveniosocial.com.br\/blog\/wp-content\/litespeed\/avatar\/873a7b32a00ffa116916e092d21a5524.jpg?ver=1777462719","caption":"Conv\u00eanio Social"}}]}},"_links":{"self":[{"href":"https:\/\/www.conveniosocial.com.br\/blog\/wp-json\/wp\/v2\/posts\/144861","targetHints":{"allow":["GET"]}}],"collection":[{"href":"https:\/\/www.conveniosocial.com.br\/blog\/wp-json\/wp\/v2\/posts"}],"about":[{"href":"https:\/\/www.conveniosocial.com.br\/blog\/wp-json\/wp\/v2\/types\/post"}],"author":[{"embeddable":true,"href":"https:\/\/www.conveniosocial.com.br\/blog\/wp-json\/wp\/v2\/users\/1"}],"replies":[{"embeddable":true,"href":"https:\/\/www.conveniosocial.com.br\/blog\/wp-json\/wp\/v2\/comments?post=144861"}],"version-history":[{"count":0,"href":"https:\/\/www.conveniosocial.com.br\/blog\/wp-json\/wp\/v2\/posts\/144861\/revisions"}],"wp:featuredmedia":[{"embeddable":true,"href":"https:\/\/www.conveniosocial.com.br\/blog\/wp-json\/"}],"wp:attachment":[{"href":"https:\/\/www.conveniosocial.com.br\/blog\/wp-json\/wp\/v2\/media?parent=144861"}],"wp:term":[{"taxonomy":"category","embeddable":true,"href":"https:\/\/www.conveniosocial.com.br\/blog\/wp-json\/wp\/v2\/categories?post=144861"},{"taxonomy":"post_tag","embeddable":true,"href":"https:\/\/www.conveniosocial.com.br\/blog\/wp-json\/wp\/v2\/tags?post=144861"}],"curies":[{"name":"wp","href":"https:\/\/api.w.org\/{rel}","templated":true}]}}