{"id":147981,"date":"2025-12-01T21:00:09","date_gmt":"2025-12-02T00:00:09","guid":{"rendered":"https:\/\/www.conveniosocial.com.br\/blog\/nehuma\/unevidas-especialistas-em-reabilitacao-em-anapolis\/"},"modified":"2025-12-01T21:00:09","modified_gmt":"2025-12-02T00:00:09","slug":"unevidas-especialistas-em-reabilitacao-em-anapolis","status":"publish","type":"post","link":"https:\/\/www.conveniosocial.com.br\/blog\/reabilitacao\/unevidas-especialistas-em-reabilitacao-em-anapolis\/","title":{"rendered":"UNEVIDAS: Especialistas em Reabilita\u00e7\u00e3o em An\u00e1polis"},"content":{"rendered":"<div id=\"ez-toc-container\" class=\"ez-toc-v2_0_82_2 counter-flat ez-toc-counter ez-toc-white ez-toc-container-direction\">\n<p class=\"ez-toc-title\" style=\"cursor:inherit\">\u00cdndice do Conte\u00fado<\/p>\n<label for=\"ez-toc-cssicon-toggle-item-69f4990044b1c\" class=\"ez-toc-cssicon-toggle-label\"><span class=\"ez-toc-cssicon\"><span class=\"eztoc-hide\" style=\"display:none;\">Toggle<\/span><span class=\"ez-toc-icon-toggle-span\"><svg style=\"fill: #999;color:#999\" xmlns=\"http:\/\/www.w3.org\/2000\/svg\" class=\"list-377408\" width=\"20px\" height=\"20px\" viewBox=\"0 0 24 24\" fill=\"none\"><path d=\"M6 6H4v2h2V6zm14 0H8v2h12V6zM4 11h2v2H4v-2zm16 0H8v2h12v-2zM4 16h2v2H4v-2zm16 0H8v2h12v-2z\" fill=\"currentColor\"><\/path><\/svg><svg style=\"fill: #999;color:#999\" class=\"arrow-unsorted-368013\" xmlns=\"http:\/\/www.w3.org\/2000\/svg\" width=\"10px\" height=\"10px\" viewBox=\"0 0 24 24\" version=\"1.2\" baseProfile=\"tiny\"><path d=\"M18.2 9.3l-6.2-6.3-6.2 6.3c-.2.2-.3.4-.3.7s.1.5.3.7c.2.2.4.3.7.3h11c.3 0 .5-.1.7-.3.2-.2.3-.5.3-.7s-.1-.5-.3-.7zM5.8 14.7l6.2 6.3 6.2-6.3c.2-.2.3-.5.3-.7s-.1-.5-.3-.7c-.2-.2-.4-.3-.7-.3h-11c-.3 0-.5.1-.7.3-.2.2-.3.5-.3.7s.1.5.3.7z\"\/><\/svg><\/span><\/span><\/label><input type=\"checkbox\"  id=\"ez-toc-cssicon-toggle-item-69f4990044b1c\" checked aria-label=\"Alternar\" \/><nav><ul class='ez-toc-list ez-toc-list-level-1 ' ><li class='ez-toc-page-1'><a class=\"ez-toc-link ez-toc-heading-1\" href=\"https:\/\/www.conveniosocial.com.br\/blog\/reabilitacao\/unevidas-especialistas-em-reabilitacao-em-anapolis\/#UNEVIDAS_Especialistas_em_Reabilitacao_em_Anapolis\" >UNEVIDAS: Especialistas em Reabilita\u00e7\u00e3o em An\u00e1polis<\/a><\/li><li class='ez-toc-page-1'><a class=\"ez-toc-link ez-toc-heading-2\" href=\"https:\/\/www.conveniosocial.com.br\/blog\/reabilitacao\/unevidas-especialistas-em-reabilitacao-em-anapolis\/#Perguntas_Frequentes\" >Perguntas Frequentes<\/a><\/li><li class='ez-toc-page-1'><a class=\"ez-toc-link ez-toc-heading-3\" href=\"https:\/\/www.conveniosocial.com.br\/blog\/reabilitacao\/unevidas-especialistas-em-reabilitacao-em-anapolis\/#Contato\" >Contato<\/a><\/li><\/ul><\/nav><\/div>\n<h2><span class=\"ez-toc-section\" id=\"UNEVIDAS_Especialistas_em_Reabilitacao_em_Anapolis\"><\/span>UNEVIDAS: Especialistas em Reabilita\u00e7\u00e3o em An\u00e1polis<span class=\"ez-toc-section-end\"><\/span><\/h2>\n<p>A UNEVIDAS \u00e9 uma cl\u00ednica localizada no cora\u00e7\u00e3o de An\u00e1polis, no Setor Central, que se destaca na \u00e1rea de Medicina F\u00edsica e Reabilita\u00e7\u00e3o. Sob a responsabilidade da Dra. Ester Bueno Cunha Faria, com CRM &#8211; 11302 GO, a cl\u00ednica oferece um atendimento humanizado e acolhedor, focado no bem-estar e na recupera\u00e7\u00e3o de seus pacientes. A UNEVIDAS \u00e9 a escolha ideal para aqueles que sofrem de les\u00f5es medulares, AVC, dores cr\u00f4nicas, h\u00e9rnia de disco, fibromialgia e problemas de coluna, entre outras condi\u00e7\u00f5es. Com um hor\u00e1rio de atendimento que se estende de ter\u00e7a a sexta-feira, das 13h \u00e0s 17h30, a cl\u00ednica proporciona uma flexibilidade que se adapta \u00e0 rotina de seus pacientes.<\/p>\n<p>Uma das principais vantagens da UNEVIDAS \u00e9 a variedade de exames que realiza. A cl\u00ednica realiza um exame f\u00edsico detalhado, que inclui uma avalia\u00e7\u00e3o cl\u00ednica geral e exames musculoesquel\u00e9ticos e neurol\u00f3gicos. Isso permite uma an\u00e1lise minuciosa da for\u00e7a muscular, sensibilidade, reflexos, mobilidade articular e postura. Al\u00e9m disso, a UNEVIDAS tamb\u00e9m conta com exames complementares, como radiografias, tomografias e resson\u00e2ncias magn\u00e9ticas, que s\u00e3o essenciais para diagn\u00f3sticos precisos relacionados a coluna, articula\u00e7\u00f5es, les\u00f5es, compress\u00f5es e quest\u00f5es estruturais ou neurol\u00f3gicas.<\/p>\n<p>A equipe da UNEVIDAS est\u00e1 sempre atualizada com as melhores pr\u00e1ticas e tecnologias na \u00e1rea da reabilita\u00e7\u00e3o, garantindo que cada paciente receba um tratamento personalizado, adaptado \u00e0s suas necessidades espec\u00edficas. A Dra. Ester e sua equipe s\u00e3o conhecidas pela aten\u00e7\u00e3o cuidadosa que oferecem, buscando n\u00e3o apenas tratar, mas tamb\u00e9m educar os pacientes sobre sua sa\u00fade e como podem contribuir para sua pr\u00f3pria recupera\u00e7\u00e3o.<\/p>\n<p>Outro ponto importante \u00e9 a acessibilidade da cl\u00ednica. Situada em uma regi\u00e3o central de An\u00e1polis, \u00e9 facilmente acess\u00edvel para moradores do Setor Sul, Setor Norte, Jundia\u00ed, Jardim Am\u00e9rica e da regi\u00e3o do Anexo do Bom Sucesso. Isso facilita o atendimento a um maior n\u00famero de pacientes, que podem contar com um servi\u00e7o de qualidade perto de sua resid\u00eancia.<\/p>\n<p>Atualmente, a UNEVIDAS atende pacientes particulares, o que permite uma maior flexibilidade e foco no atendimento individualizado. Para agendar uma consulta ou obter mais informa\u00e7\u00f5es, os interessados podem entrar em contato pelo telefone (62) 99109-6933. A cl\u00ednica tamb\u00e9m est\u00e1 presente nas redes sociais, com um perfil ativo no Instagram [@dra.esterbueno.fisiatra](https:\/\/www.instagram.com\/dra.esterbueno.fisiatra?igsh=MW9hb2VjcmpsdGc5eg==), onde compartilha dicas de sa\u00fade e bem-estar, al\u00e9m de atualiza\u00e7\u00f5es sobre os servi\u00e7os oferecidos. Para mais detalhes sobre a cl\u00ednica e a Dra. Ester, visite o site [Doctoralia](https:\/\/www.doctoralia.com.br\/ester-bueno-cunha-faria\/especialista-em-medicina-fisica-e-reabilitacao\/anapolis). A UNEVIDAS \u00e9 a sua parceira na jornada de recupera\u00e7\u00e3o e sa\u00fade.<\/p>\n<h3><span class=\"ez-toc-section\" id=\"Perguntas_Frequentes\"><\/span>Perguntas Frequentes<span class=\"ez-toc-section-end\"><\/span><\/h3>\n<p>P: Quais especialidades a cl\u00ednica UNEVIDAS atende?<br \/>\nR: A cl\u00ednica UNEVIDAS atende especialidades como les\u00f5es medulares, AVC, dores cr\u00f4nicas, h\u00e9rnia de disco, fibromialgia e problemas de coluna.<\/p>\n<p>P: Que tipo de exames s\u00e3o realizados na UNEVIDAS?<br \/>\nR: Realizamos exames f\u00edsicos detalhados e exames complementares como radiografias, tomografias e resson\u00e2ncias magn\u00e9ticas.<\/p>\n<p>P: Qual o hor\u00e1rio de funcionamento da cl\u00ednica?<br \/>\nR: A UNEVIDAS funciona de ter\u00e7a a sexta-feira, das 13h \u00e0s 17h30.<\/p>\n<p>P: A cl\u00ednica atende conv\u00eanios?<br \/>\nR: Atualmente, a UNEVIDAS atende apenas pacientes particulares.<\/p>\n<p>P: Como posso agendar uma consulta?<br \/>\nR: Voc\u00ea pode agendar uma consulta pelo telefone (62) 99109-6933.<\/p>\n<p>P: A UNEVIDAS \u00e9 acess\u00edvel para pessoas com dificuldades de locomo\u00e7\u00e3o?<br \/>\nR: Sim, a cl\u00ednica est\u00e1 localizada em uma \u00e1rea central e \u00e9 acess\u00edvel para todos.<\/p>\n<p>P: A Dra. Ester \u00e9 qualificada para atender casos de AVC?<br \/>\nR: Sim, a Dra. Ester Bueno \u00e9 especialista em Medicina F\u00edsica e Reabilita\u00e7\u00e3o, com experi\u00eancia no tratamento de AVC.<\/p>\n<p>P: Quais os benef\u00edcios de me tratar na UNEVIDAS?<br \/>\nR: Oferecemos atendimento humanizado, exames detalhados e uma equipe qualificada, focada no seu bem-estar.<\/p>\n<p>P: A cl\u00ednica realiza avalia\u00e7\u00f5es f\u00edsicas?<br \/>\nR: Sim, realizamos avalia\u00e7\u00f5es f\u00edsicas detalhadas para um diagn\u00f3stico preciso.<\/p>\n<p>P: Onde posso encontrar mais informa\u00e7\u00f5es sobre a cl\u00ednica?<br \/>\nR: Voc\u00ea pode visitar nosso site no Doctoralia ou seguir nosso Instagram para mais atualiza\u00e7\u00f5es.<\/p>\n<h3><span class=\"ez-toc-section\" id=\"Contato\"><\/span>Contato<span class=\"ez-toc-section-end\"><\/span><\/h3>\n<p><strong>Tel.: (62) 99109-6933 | (62) 99109-6933<\/strong><br \/>\n<strong>WhatsApp: &#8211; <\/strong><\/p>\n","protected":false},"excerpt":{"rendered":"<p>UNEVIDAS: Especialistas em Reabilita\u00e7\u00e3o em An\u00e1polis A UNEVIDAS \u00e9 uma cl\u00ednica localizada no cora\u00e7\u00e3o de An\u00e1polis, no Setor Central, que se destaca na \u00e1rea de Medicina F\u00edsica e Reabilita\u00e7\u00e3o. Sob a responsabilidade da Dra. Ester Bueno Cunha Faria, com CRM &#8211; 11302 GO, a cl\u00ednica oferece um atendimento humanizado e acolhedor, focado no bem-estar e [&hellip;]<\/p>\n","protected":false},"author":0,"featured_media":0,"comment_status":"open","ping_status":"open","sticky":false,"template":"","format":"standard","meta":{"_et_pb_use_builder":"o","_et_pb_old_content":"","_et_gb_content_width":"","footnotes":""},"categories":[944,1584,917],"tags":[],"class_list":["post-147981","post","type-post","status-publish","format-standard","hentry","category-exames-de-imagem","category-medicina-fisica","category-reabilitacao"],"yoast_head":"<!-- This site is optimized with the Yoast SEO Premium plugin v21.3 (Yoast SEO v27.5) - https:\/\/yoast.com\/product\/yoast-seo-premium-wordpress\/ -->\n<title>UNEVIDAS: Especialistas em Reabilita\u00e7\u00e3o em An\u00e1polis - Conv\u00eanio Social<\/title>\n<meta name=\"robots\" content=\"index, follow, max-snippet:-1, max-image-preview:large, max-video-preview:-1\" \/>\n<link rel=\"canonical\" href=\"https:\/\/www.conveniosocial.com.br\/blog\/reabilitacao\/unevidas-especialistas-em-reabilitacao-em-anapolis\/\" \/>\n<meta property=\"og:locale\" content=\"pt_BR\" \/>\n<meta property=\"og:type\" content=\"article\" \/>\n<meta property=\"og:title\" content=\"UNEVIDAS: Especialistas em Reabilita\u00e7\u00e3o em An\u00e1polis\" \/>\n<meta property=\"og:description\" content=\"UNEVIDAS: Especialistas em Reabilita\u00e7\u00e3o em An\u00e1polis A UNEVIDAS \u00e9 uma cl\u00ednica localizada no cora\u00e7\u00e3o de An\u00e1polis, no Setor Central, que se destaca na \u00e1rea de Medicina F\u00edsica e Reabilita\u00e7\u00e3o. Sob a responsabilidade da Dra. Ester Bueno Cunha Faria, com CRM - 11302 GO, a cl\u00ednica oferece um atendimento humanizado e acolhedor, focado no bem-estar e [&hellip;]\" \/>\n<meta property=\"og:url\" content=\"https:\/\/www.conveniosocial.com.br\/blog\/reabilitacao\/unevidas-especialistas-em-reabilitacao-em-anapolis\/\" \/>\n<meta property=\"og:site_name\" content=\"Conv\u00eanio Social\" \/>\n<meta property=\"article:published_time\" content=\"2025-12-02T00:00:09+00:00\" \/>\n<meta name=\"twitter:card\" content=\"summary_large_image\" \/>\n<meta name=\"twitter:label1\" content=\"Est. tempo de leitura\" \/>\n\t<meta name=\"twitter:data1\" content=\"4 minutos\" \/>\n<script type=\"application\/ld+json\" class=\"yoast-schema-graph\">{\"@context\":\"https:\\\/\\\/schema.org\",\"@graph\":[{\"@type\":\"Article\",\"@id\":\"https:\\\/\\\/www.conveniosocial.com.br\\\/blog\\\/reabilitacao\\\/unevidas-especialistas-em-reabilitacao-em-anapolis\\\/#article\",\"isPartOf\":{\"@id\":\"https:\\\/\\\/www.conveniosocial.com.br\\\/blog\\\/reabilitacao\\\/unevidas-especialistas-em-reabilitacao-em-anapolis\\\/\"},\"author\":{\"name\":\"\",\"@id\":\"\"},\"headline\":\"UNEVIDAS: Especialistas em Reabilita\u00e7\u00e3o em An\u00e1polis\",\"datePublished\":\"2025-12-02T00:00:09+00:00\",\"mainEntityOfPage\":{\"@id\":\"https:\\\/\\\/www.conveniosocial.com.br\\\/blog\\\/reabilitacao\\\/unevidas-especialistas-em-reabilitacao-em-anapolis\\\/\"},\"wordCount\":740,\"commentCount\":0,\"publisher\":{\"@id\":\"https:\\\/\\\/www.conveniosocial.com.br\\\/blog\\\/#organization\"},\"articleSection\":[\"Exames de Imagem\",\"Medicina F\u00edsica\",\"Reabilita\u00e7\u00e3o\"],\"inLanguage\":\"pt-BR\"},{\"@type\":\"WebPage\",\"@id\":\"https:\\\/\\\/www.conveniosocial.com.br\\\/blog\\\/reabilitacao\\\/unevidas-especialistas-em-reabilitacao-em-anapolis\\\/\",\"url\":\"https:\\\/\\\/www.conveniosocial.com.br\\\/blog\\\/reabilitacao\\\/unevidas-especialistas-em-reabilitacao-em-anapolis\\\/\",\"name\":\"UNEVIDAS: Especialistas em Reabilita\u00e7\u00e3o em An\u00e1polis - Conv\u00eanio Social\",\"isPartOf\":{\"@id\":\"https:\\\/\\\/www.conveniosocial.com.br\\\/blog\\\/#website\"},\"datePublished\":\"2025-12-02T00:00:09+00:00\",\"breadcrumb\":{\"@id\":\"https:\\\/\\\/www.conveniosocial.com.br\\\/blog\\\/reabilitacao\\\/unevidas-especialistas-em-reabilitacao-em-anapolis\\\/#breadcrumb\"},\"inLanguage\":\"pt-BR\",\"potentialAction\":[{\"@type\":\"ReadAction\",\"target\":[\"https:\\\/\\\/www.conveniosocial.com.br\\\/blog\\\/reabilitacao\\\/unevidas-especialistas-em-reabilitacao-em-anapolis\\\/\"]}]},{\"@type\":\"BreadcrumbList\",\"@id\":\"https:\\\/\\\/www.conveniosocial.com.br\\\/blog\\\/reabilitacao\\\/unevidas-especialistas-em-reabilitacao-em-anapolis\\\/#breadcrumb\",\"itemListElement\":[{\"@type\":\"ListItem\",\"position\":1,\"name\":\"Home\",\"item\":\"https:\\\/\\\/www.conveniosocial.com.br\\\/blog\\\/\"},{\"@type\":\"ListItem\",\"position\":2,\"name\":\"Exames de Imagem\",\"item\":\"https:\\\/\\\/www.conveniosocial.com.br\\\/blog\\\/exames-de-imagem\\\/\"},{\"@type\":\"ListItem\",\"position\":3,\"name\":\"UNEVIDAS: Especialistas em Reabilita\u00e7\u00e3o em An\u00e1polis\"}]},{\"@type\":\"WebSite\",\"@id\":\"https:\\\/\\\/www.conveniosocial.com.br\\\/blog\\\/#website\",\"url\":\"https:\\\/\\\/www.conveniosocial.com.br\\\/blog\\\/\",\"name\":\"Conv\u00eanio Social\",\"description\":\"Informa\u00e7\u00f5es de Sa\u00fade e Bem-estar, Consultas e Exames Popular\",\"publisher\":{\"@id\":\"https:\\\/\\\/www.conveniosocial.com.br\\\/blog\\\/#organization\"},\"potentialAction\":[{\"@type\":\"SearchAction\",\"target\":{\"@type\":\"EntryPoint\",\"urlTemplate\":\"https:\\\/\\\/www.conveniosocial.com.br\\\/blog\\\/?s={search_term_string}\"},\"query-input\":{\"@type\":\"PropertyValueSpecification\",\"valueRequired\":true,\"valueName\":\"search_term_string\"}}],\"inLanguage\":\"pt-BR\"},{\"@type\":\"Organization\",\"@id\":\"https:\\\/\\\/www.conveniosocial.com.br\\\/blog\\\/#organization\",\"name\":\"Conv\u00eanio Social\",\"url\":\"https:\\\/\\\/www.conveniosocial.com.br\\\/blog\\\/\",\"logo\":{\"@type\":\"ImageObject\",\"inLanguage\":\"pt-BR\",\"@id\":\"https:\\\/\\\/www.conveniosocial.com.br\\\/blog\\\/#\\\/schema\\\/logo\\\/image\\\/\",\"url\":\"https:\\\/\\\/www.conveniosocial.com.br\\\/blog\\\/wp-content\\\/uploads\\\/2021\\\/11\\\/novo_logo-convenio-socia-digital.png\",\"contentUrl\":\"https:\\\/\\\/www.conveniosocial.com.br\\\/blog\\\/wp-content\\\/uploads\\\/2021\\\/11\\\/novo_logo-convenio-socia-digital.png\",\"width\":400,\"height\":102,\"caption\":\"Conv\u00eanio Social\"},\"image\":{\"@id\":\"https:\\\/\\\/www.conveniosocial.com.br\\\/blog\\\/#\\\/schema\\\/logo\\\/image\\\/\"}}]}<\/script>\n<!-- \/ Yoast SEO Premium plugin. -->","yoast_head_json":{"title":"UNEVIDAS: Especialistas em Reabilita\u00e7\u00e3o em An\u00e1polis - Conv\u00eanio Social","robots":{"index":"index","follow":"follow","max-snippet":"max-snippet:-1","max-image-preview":"max-image-preview:large","max-video-preview":"max-video-preview:-1"},"canonical":"https:\/\/www.conveniosocial.com.br\/blog\/reabilitacao\/unevidas-especialistas-em-reabilitacao-em-anapolis\/","og_locale":"pt_BR","og_type":"article","og_title":"UNEVIDAS: Especialistas em Reabilita\u00e7\u00e3o em An\u00e1polis","og_description":"UNEVIDAS: Especialistas em Reabilita\u00e7\u00e3o em An\u00e1polis A UNEVIDAS \u00e9 uma cl\u00ednica localizada no cora\u00e7\u00e3o de An\u00e1polis, no Setor Central, que se destaca na \u00e1rea de Medicina F\u00edsica e Reabilita\u00e7\u00e3o. Sob a responsabilidade da Dra. Ester Bueno Cunha Faria, com CRM - 11302 GO, a cl\u00ednica oferece um atendimento humanizado e acolhedor, focado no bem-estar e [&hellip;]","og_url":"https:\/\/www.conveniosocial.com.br\/blog\/reabilitacao\/unevidas-especialistas-em-reabilitacao-em-anapolis\/","og_site_name":"Conv\u00eanio Social","article_published_time":"2025-12-02T00:00:09+00:00","twitter_card":"summary_large_image","twitter_misc":{"Est. tempo de leitura":"4 minutos"},"schema":{"@context":"https:\/\/schema.org","@graph":[{"@type":"Article","@id":"https:\/\/www.conveniosocial.com.br\/blog\/reabilitacao\/unevidas-especialistas-em-reabilitacao-em-anapolis\/#article","isPartOf":{"@id":"https:\/\/www.conveniosocial.com.br\/blog\/reabilitacao\/unevidas-especialistas-em-reabilitacao-em-anapolis\/"},"author":{"name":"","@id":""},"headline":"UNEVIDAS: Especialistas em Reabilita\u00e7\u00e3o em An\u00e1polis","datePublished":"2025-12-02T00:00:09+00:00","mainEntityOfPage":{"@id":"https:\/\/www.conveniosocial.com.br\/blog\/reabilitacao\/unevidas-especialistas-em-reabilitacao-em-anapolis\/"},"wordCount":740,"commentCount":0,"publisher":{"@id":"https:\/\/www.conveniosocial.com.br\/blog\/#organization"},"articleSection":["Exames de Imagem","Medicina F\u00edsica","Reabilita\u00e7\u00e3o"],"inLanguage":"pt-BR"},{"@type":"WebPage","@id":"https:\/\/www.conveniosocial.com.br\/blog\/reabilitacao\/unevidas-especialistas-em-reabilitacao-em-anapolis\/","url":"https:\/\/www.conveniosocial.com.br\/blog\/reabilitacao\/unevidas-especialistas-em-reabilitacao-em-anapolis\/","name":"UNEVIDAS: Especialistas em Reabilita\u00e7\u00e3o em An\u00e1polis - Conv\u00eanio Social","isPartOf":{"@id":"https:\/\/www.conveniosocial.com.br\/blog\/#website"},"datePublished":"2025-12-02T00:00:09+00:00","breadcrumb":{"@id":"https:\/\/www.conveniosocial.com.br\/blog\/reabilitacao\/unevidas-especialistas-em-reabilitacao-em-anapolis\/#breadcrumb"},"inLanguage":"pt-BR","potentialAction":[{"@type":"ReadAction","target":["https:\/\/www.conveniosocial.com.br\/blog\/reabilitacao\/unevidas-especialistas-em-reabilitacao-em-anapolis\/"]}]},{"@type":"BreadcrumbList","@id":"https:\/\/www.conveniosocial.com.br\/blog\/reabilitacao\/unevidas-especialistas-em-reabilitacao-em-anapolis\/#breadcrumb","itemListElement":[{"@type":"ListItem","position":1,"name":"Home","item":"https:\/\/www.conveniosocial.com.br\/blog\/"},{"@type":"ListItem","position":2,"name":"Exames de Imagem","item":"https:\/\/www.conveniosocial.com.br\/blog\/exames-de-imagem\/"},{"@type":"ListItem","position":3,"name":"UNEVIDAS: Especialistas em Reabilita\u00e7\u00e3o em An\u00e1polis"}]},{"@type":"WebSite","@id":"https:\/\/www.conveniosocial.com.br\/blog\/#website","url":"https:\/\/www.conveniosocial.com.br\/blog\/","name":"Conv\u00eanio Social","description":"Informa\u00e7\u00f5es de Sa\u00fade e Bem-estar, Consultas e Exames Popular","publisher":{"@id":"https:\/\/www.conveniosocial.com.br\/blog\/#organization"},"potentialAction":[{"@type":"SearchAction","target":{"@type":"EntryPoint","urlTemplate":"https:\/\/www.conveniosocial.com.br\/blog\/?s={search_term_string}"},"query-input":{"@type":"PropertyValueSpecification","valueRequired":true,"valueName":"search_term_string"}}],"inLanguage":"pt-BR"},{"@type":"Organization","@id":"https:\/\/www.conveniosocial.com.br\/blog\/#organization","name":"Conv\u00eanio Social","url":"https:\/\/www.conveniosocial.com.br\/blog\/","logo":{"@type":"ImageObject","inLanguage":"pt-BR","@id":"https:\/\/www.conveniosocial.com.br\/blog\/#\/schema\/logo\/image\/","url":"https:\/\/www.conveniosocial.com.br\/blog\/wp-content\/uploads\/2021\/11\/novo_logo-convenio-socia-digital.png","contentUrl":"https:\/\/www.conveniosocial.com.br\/blog\/wp-content\/uploads\/2021\/11\/novo_logo-convenio-socia-digital.png","width":400,"height":102,"caption":"Conv\u00eanio Social"},"image":{"@id":"https:\/\/www.conveniosocial.com.br\/blog\/#\/schema\/logo\/image\/"}}]}},"_links":{"self":[{"href":"https:\/\/www.conveniosocial.com.br\/blog\/wp-json\/wp\/v2\/posts\/147981","targetHints":{"allow":["GET"]}}],"collection":[{"href":"https:\/\/www.conveniosocial.com.br\/blog\/wp-json\/wp\/v2\/posts"}],"about":[{"href":"https:\/\/www.conveniosocial.com.br\/blog\/wp-json\/wp\/v2\/types\/post"}],"replies":[{"embeddable":true,"href":"https:\/\/www.conveniosocial.com.br\/blog\/wp-json\/wp\/v2\/comments?post=147981"}],"version-history":[{"count":0,"href":"https:\/\/www.conveniosocial.com.br\/blog\/wp-json\/wp\/v2\/posts\/147981\/revisions"}],"wp:attachment":[{"href":"https:\/\/www.conveniosocial.com.br\/blog\/wp-json\/wp\/v2\/media?parent=147981"}],"wp:term":[{"taxonomy":"category","embeddable":true,"href":"https:\/\/www.conveniosocial.com.br\/blog\/wp-json\/wp\/v2\/categories?post=147981"},{"taxonomy":"post_tag","embeddable":true,"href":"https:\/\/www.conveniosocial.com.br\/blog\/wp-json\/wp\/v2\/tags?post=147981"}],"curies":[{"name":"wp","href":"https:\/\/api.w.org\/{rel}","templated":true}]}}