{"id":148076,"date":"2025-12-05T21:00:09","date_gmt":"2025-12-06T00:00:09","guid":{"rendered":"https:\/\/www.conveniosocial.com.br\/blog\/nehuma\/hygeia-clinica-medica-saude-e-bem-estar-em-serra\/"},"modified":"2025-12-05T21:00:09","modified_gmt":"2025-12-06T00:00:09","slug":"hygeia-clinica-medica-saude-e-bem-estar-em-serra","status":"publish","type":"post","link":"https:\/\/www.conveniosocial.com.br\/blog\/especialidades-medicas\/hygeia-clinica-medica-saude-e-bem-estar-em-serra\/","title":{"rendered":"Hyg\u00e9ia Cl\u00ednica M\u00e9dica: Sa\u00fade e Bem-Estar em Serra"},"content":{"rendered":"<div id=\"ez-toc-container\" class=\"ez-toc-v2_0_82_2 counter-flat ez-toc-counter ez-toc-white ez-toc-container-direction\">\n<p class=\"ez-toc-title\" style=\"cursor:inherit\">\u00cdndice do Conte\u00fado<\/p>\n<label for=\"ez-toc-cssicon-toggle-item-69f20f8506cbc\" class=\"ez-toc-cssicon-toggle-label\"><span class=\"ez-toc-cssicon\"><span class=\"eztoc-hide\" style=\"display:none;\">Toggle<\/span><span class=\"ez-toc-icon-toggle-span\"><svg style=\"fill: #999;color:#999\" xmlns=\"http:\/\/www.w3.org\/2000\/svg\" class=\"list-377408\" width=\"20px\" height=\"20px\" viewBox=\"0 0 24 24\" fill=\"none\"><path d=\"M6 6H4v2h2V6zm14 0H8v2h12V6zM4 11h2v2H4v-2zm16 0H8v2h12v-2zM4 16h2v2H4v-2zm16 0H8v2h12v-2z\" fill=\"currentColor\"><\/path><\/svg><svg style=\"fill: #999;color:#999\" class=\"arrow-unsorted-368013\" xmlns=\"http:\/\/www.w3.org\/2000\/svg\" width=\"10px\" height=\"10px\" viewBox=\"0 0 24 24\" version=\"1.2\" baseProfile=\"tiny\"><path d=\"M18.2 9.3l-6.2-6.3-6.2 6.3c-.2.2-.3.4-.3.7s.1.5.3.7c.2.2.4.3.7.3h11c.3 0 .5-.1.7-.3.2-.2.3-.5.3-.7s-.1-.5-.3-.7zM5.8 14.7l6.2 6.3 6.2-6.3c.2-.2.3-.5.3-.7s-.1-.5-.3-.7c-.2-.2-.4-.3-.7-.3h-11c-.3 0-.5.1-.7.3-.2.2-.3.5-.3.7s.1.5.3.7z\"\/><\/svg><\/span><\/span><\/label><input type=\"checkbox\"  id=\"ez-toc-cssicon-toggle-item-69f20f8506cbc\" checked aria-label=\"Alternar\" \/><nav><ul class='ez-toc-list ez-toc-list-level-1 ' ><li class='ez-toc-page-1'><a class=\"ez-toc-link ez-toc-heading-1\" href=\"https:\/\/www.conveniosocial.com.br\/blog\/especialidades-medicas\/hygeia-clinica-medica-saude-e-bem-estar-em-serra\/#Hygeia_Clinica_Medica_Saude_e_Bem-Estar_em_Serra\" >Hyg\u00e9ia Cl\u00ednica M\u00e9dica: Sa\u00fade e Bem-Estar em Serra<\/a><\/li><li class='ez-toc-page-1'><a class=\"ez-toc-link ez-toc-heading-2\" href=\"https:\/\/www.conveniosocial.com.br\/blog\/especialidades-medicas\/hygeia-clinica-medica-saude-e-bem-estar-em-serra\/#Perguntas_Frequentes\" >Perguntas Frequentes<\/a><\/li><li class='ez-toc-page-1'><a class=\"ez-toc-link ez-toc-heading-3\" href=\"https:\/\/www.conveniosocial.com.br\/blog\/especialidades-medicas\/hygeia-clinica-medica-saude-e-bem-estar-em-serra\/#Contato\" >Contato<\/a><\/li><\/ul><\/nav><\/div>\n<h2><span class=\"ez-toc-section\" id=\"Hygeia_Clinica_Medica_Saude_e_Bem-Estar_em_Serra\"><\/span>Hyg\u00e9ia Cl\u00ednica M\u00e9dica: Sa\u00fade e Bem-Estar em Serra<span class=\"ez-toc-section-end\"><\/span><\/h2>\n<p>A Hyg\u00e9ia Cl\u00ednica M\u00e9dica, localizada no cora\u00e7\u00e3o de Laranjeiras, Serra &#8211; ES, \u00e9 um espa\u00e7o dedicado ao cuidado integral da sa\u00fade. Com um time de profissionais qualificados, liderados pelo Dr. Aneildo Menezes de Oliveira Junior (CRM\/ES 8130), a cl\u00ednica se destaca pela excel\u00eancia no atendimento e pela humaniza\u00e7\u00e3o dos servi\u00e7os prestados. <\/p>\n<p>Nossa cl\u00ednica oferece uma ampla gama de especialidades m\u00e9dicas, incluindo M\u00e9dico Cl\u00ednico Geral, Angiologia, Cardiologia, Cirurgia Geral, Coloproctologia, Endocrinologia, Gastroenterologia, Ginecologia, Nutri\u00e7\u00e3o, Oftalmologia, Ortopedia e Traumatologia, Pediatria, Pneumologia e Urologia. Isso permite que nossos pacientes tenham acesso a um atendimento completo e integrado em um \u00fanico local. <\/p>\n<p>Al\u00e9m das consultas, disponibilizamos uma variedade de exames, como Primeira Consulta em Neurologia, Radiologia e Diagn\u00f3stico por Imagem, Nutrologia, Medicina de Fam\u00edlia e Comunidade, Ginecologia e Obstetr\u00edcia, Cl\u00ednica M\u00e9dica, Nutri\u00e7\u00e3o, Oftalmologia, Psicologia e Psiquiatria. Essa diversidade garante que nossos pacientes possam realizar diagn\u00f3sticos precisos e receber o tratamento adequado sem a necessidade de deslocamentos longos. <\/p>\n<p>A Hyg\u00e9ia Cl\u00ednica M\u00e9dica preza pela acessibilidade. Estamos abertos de segunda a sexta-feira, das 08:00 \u00e0s 18:00, oferecendo hor\u00e1rios que se adaptam \u00e0 rotina de nossos pacientes. Nossa localiza\u00e7\u00e3o em Laranjeiras \u00e9 de f\u00e1cil acesso, tornando a visita \u00e0 cl\u00ednica uma experi\u00eancia confort\u00e1vel e pr\u00e1tica. <\/p>\n<p>Estamos conveniados com a Geap Sa\u00fade, oferecendo suporte e facilidades para nossos pacientes. Al\u00e9m disso, nossos profissionais est\u00e3o sempre em atualiza\u00e7\u00e3o para garantir que as melhores pr\u00e1ticas de sa\u00fade sejam aplicadas no atendimento. <\/p>\n<p>Nosso compromisso \u00e9 com a sa\u00fade e o bem-estar de cada paciente que nos procura. Aqui, voc\u00ea encontrar\u00e1 n\u00e3o apenas um atendimento m\u00e9dico, mas um acolhimento genu\u00edno e individualizado. Para agendar uma consulta ou esclarecer d\u00favidas, entre em contato pelo telefone 27 3064-9099. Em breve, estaremos dispon\u00edveis tamb\u00e9m em nosso site e Instagram, onde voc\u00ea poder\u00e1 acompanhar nossas novidades e dicas de sa\u00fade. <\/p>\n<p>Na Hyg\u00e9ia Cl\u00ednica M\u00e9dica, sua sa\u00fade \u00e9 a nossa prioridade. Venha nos visitar e descubra um novo conceito em atendimento m\u00e9dico, onde a humaniza\u00e7\u00e3o e a excel\u00eancia andam de m\u00e3os dadas.<\/p>\n<h3><span class=\"ez-toc-section\" id=\"Perguntas_Frequentes\"><\/span>Perguntas Frequentes<span class=\"ez-toc-section-end\"><\/span><\/h3>\n<p>P: Quais especialidades m\u00e9dicas a Hyg\u00e9ia Cl\u00ednica M\u00e9dica oferece?<br \/>\nR: Oferecemos diversas especialidades, incluindo Medicina Cl\u00ednica Geral, Cardiologia, Ginecologia, Nutri\u00e7\u00e3o, Oftalmologia, entre outras.<\/p>\n<p>P: A cl\u00ednica realiza exames?<br \/>\nR: Sim, realizamos exames como Radiologia, Nutri\u00e7\u00e3o, e consultas em diversas especialidades m\u00e9dicas.<\/p>\n<p>P: Como posso agendar uma consulta?<br \/>\nR: Para agendar uma consulta, basta ligar para o telefone 27 3064-9099.<\/p>\n<p>P: Quais s\u00e3o os hor\u00e1rios de atendimento da cl\u00ednica?<br \/>\nR: Estamos abertos de segunda a sexta-feira, das 08:00 \u00e0s 18:00.<\/p>\n<p>P: A Hyg\u00e9ia Cl\u00ednica M\u00e9dica aceita conv\u00eanios?<br \/>\nR: Sim, aceitamos conv\u00eanios, incluindo a Geap Sa\u00fade.<\/p>\n<p>P: Onde a cl\u00ednica est\u00e1 localizada?<br \/>\nR: Estamos localizados no bairro Laranjeiras, em Serra &#8211; ES.<\/p>\n<p>P: Quem \u00e9 o respons\u00e1vel t\u00e9cnico da cl\u00ednica?<br \/>\nR: O respons\u00e1vel t\u00e9cnico \u00e9 o Dr. Aneildo Menezes de Oliveira Junior, CRM\/ES 8130.<\/p>\n<p>P: A cl\u00ednica oferece atendimento pedi\u00e1trico?<br \/>\nR: Sim, temos especialistas em Pediatria para atender as necessidades das crian\u00e7as.<\/p>\n<p>P: Posso realizar exames sem passar por uma consulta?<br \/>\nR: Algumas modalidades de exames podem ser realizadas sem consulta pr\u00e9via, mas \u00e9 sempre recomendado consultar um m\u00e9dico.<\/p>\n<p>P: A cl\u00ednica possui estacionamento?<br \/>\nR: Sim, a Hyg\u00e9ia Cl\u00ednica M\u00e9dica oferece estacionamento para maior comodidade dos nossos pacientes.<\/p>\n<h3><span class=\"ez-toc-section\" id=\"Contato\"><\/span>Contato<span class=\"ez-toc-section-end\"><\/span><\/h3>\n<p><strong>Tel.: 2730649099 | 27992984877<\/strong><br \/>\n<strong>WhatsApp: &#8211; <\/strong><\/p>\n","protected":false},"excerpt":{"rendered":"<p>Hyg\u00e9ia Cl\u00ednica M\u00e9dica: Sa\u00fade e Bem-Estar em Serra A Hyg\u00e9ia Cl\u00ednica M\u00e9dica, localizada no cora\u00e7\u00e3o de Laranjeiras, Serra &#8211; ES, \u00e9 um espa\u00e7o dedicado ao cuidado integral da sa\u00fade. Com um time de profissionais qualificados, liderados pelo Dr. Aneildo Menezes de Oliveira Junior (CRM\/ES 8130), a cl\u00ednica se destaca pela excel\u00eancia no atendimento e pela [&hellip;]<\/p>\n","protected":false},"author":0,"featured_media":0,"comment_status":"open","ping_status":"open","sticky":false,"template":"","format":"standard","meta":{"_et_pb_use_builder":"o","_et_pb_old_content":"","_et_gb_content_width":"","footnotes":""},"categories":[1333,1089,1383],"tags":[],"class_list":["post-148076","post","type-post","status-publish","format-standard","hentry","category-clinica-medica","category-especialidades-medicas","category-exames-de-diagnostico"],"yoast_head":"<!-- This site is optimized with the Yoast SEO Premium plugin v21.3 (Yoast SEO v27.5) - https:\/\/yoast.com\/product\/yoast-seo-premium-wordpress\/ -->\n<title>Hyg\u00e9ia Cl\u00ednica M\u00e9dica: Sa\u00fade e Bem-Estar em Serra - Conv\u00eanio Social<\/title>\n<meta name=\"robots\" content=\"index, follow, max-snippet:-1, max-image-preview:large, max-video-preview:-1\" \/>\n<link rel=\"canonical\" href=\"https:\/\/www.conveniosocial.com.br\/blog\/especialidades-medicas\/hygeia-clinica-medica-saude-e-bem-estar-em-serra\/\" \/>\n<meta property=\"og:locale\" content=\"pt_BR\" \/>\n<meta property=\"og:type\" content=\"article\" \/>\n<meta property=\"og:title\" content=\"Hyg\u00e9ia Cl\u00ednica M\u00e9dica: Sa\u00fade e Bem-Estar em Serra\" \/>\n<meta property=\"og:description\" content=\"Hyg\u00e9ia Cl\u00ednica M\u00e9dica: Sa\u00fade e Bem-Estar em Serra A Hyg\u00e9ia Cl\u00ednica M\u00e9dica, localizada no cora\u00e7\u00e3o de Laranjeiras, Serra - ES, \u00e9 um espa\u00e7o dedicado ao cuidado integral da sa\u00fade. Com um time de profissionais qualificados, liderados pelo Dr. Aneildo Menezes de Oliveira Junior (CRM\/ES 8130), a cl\u00ednica se destaca pela excel\u00eancia no atendimento e pela [&hellip;]\" \/>\n<meta property=\"og:url\" content=\"https:\/\/www.conveniosocial.com.br\/blog\/especialidades-medicas\/hygeia-clinica-medica-saude-e-bem-estar-em-serra\/\" \/>\n<meta property=\"og:site_name\" content=\"Conv\u00eanio Social\" \/>\n<meta property=\"article:published_time\" content=\"2025-12-06T00:00:09+00:00\" \/>\n<meta name=\"twitter:card\" content=\"summary_large_image\" \/>\n<meta name=\"twitter:label1\" content=\"Est. tempo de leitura\" \/>\n\t<meta name=\"twitter:data1\" content=\"3 minutos\" \/>\n<script type=\"application\/ld+json\" class=\"yoast-schema-graph\">{\"@context\":\"https:\\\/\\\/schema.org\",\"@graph\":[{\"@type\":\"Article\",\"@id\":\"https:\\\/\\\/www.conveniosocial.com.br\\\/blog\\\/especialidades-medicas\\\/hygeia-clinica-medica-saude-e-bem-estar-em-serra\\\/#article\",\"isPartOf\":{\"@id\":\"https:\\\/\\\/www.conveniosocial.com.br\\\/blog\\\/especialidades-medicas\\\/hygeia-clinica-medica-saude-e-bem-estar-em-serra\\\/\"},\"author\":{\"name\":\"\",\"@id\":\"\"},\"headline\":\"Hyg\u00e9ia Cl\u00ednica M\u00e9dica: Sa\u00fade e Bem-Estar em Serra\",\"datePublished\":\"2025-12-06T00:00:09+00:00\",\"mainEntityOfPage\":{\"@id\":\"https:\\\/\\\/www.conveniosocial.com.br\\\/blog\\\/especialidades-medicas\\\/hygeia-clinica-medica-saude-e-bem-estar-em-serra\\\/\"},\"wordCount\":623,\"commentCount\":0,\"publisher\":{\"@id\":\"https:\\\/\\\/www.conveniosocial.com.br\\\/blog\\\/#organization\"},\"articleSection\":[\"Cl\u00ednica M\u00e9dica\",\"Especialidades M\u00e9dicas\",\"Exames de Diagn\u00f3stico\"],\"inLanguage\":\"pt-BR\"},{\"@type\":\"WebPage\",\"@id\":\"https:\\\/\\\/www.conveniosocial.com.br\\\/blog\\\/especialidades-medicas\\\/hygeia-clinica-medica-saude-e-bem-estar-em-serra\\\/\",\"url\":\"https:\\\/\\\/www.conveniosocial.com.br\\\/blog\\\/especialidades-medicas\\\/hygeia-clinica-medica-saude-e-bem-estar-em-serra\\\/\",\"name\":\"Hyg\u00e9ia Cl\u00ednica M\u00e9dica: Sa\u00fade e Bem-Estar em Serra - Conv\u00eanio Social\",\"isPartOf\":{\"@id\":\"https:\\\/\\\/www.conveniosocial.com.br\\\/blog\\\/#website\"},\"datePublished\":\"2025-12-06T00:00:09+00:00\",\"breadcrumb\":{\"@id\":\"https:\\\/\\\/www.conveniosocial.com.br\\\/blog\\\/especialidades-medicas\\\/hygeia-clinica-medica-saude-e-bem-estar-em-serra\\\/#breadcrumb\"},\"inLanguage\":\"pt-BR\",\"potentialAction\":[{\"@type\":\"ReadAction\",\"target\":[\"https:\\\/\\\/www.conveniosocial.com.br\\\/blog\\\/especialidades-medicas\\\/hygeia-clinica-medica-saude-e-bem-estar-em-serra\\\/\"]}]},{\"@type\":\"BreadcrumbList\",\"@id\":\"https:\\\/\\\/www.conveniosocial.com.br\\\/blog\\\/especialidades-medicas\\\/hygeia-clinica-medica-saude-e-bem-estar-em-serra\\\/#breadcrumb\",\"itemListElement\":[{\"@type\":\"ListItem\",\"position\":1,\"name\":\"Home\",\"item\":\"https:\\\/\\\/www.conveniosocial.com.br\\\/blog\\\/\"},{\"@type\":\"ListItem\",\"position\":2,\"name\":\"Cl\u00ednica M\u00e9dica\",\"item\":\"https:\\\/\\\/www.conveniosocial.com.br\\\/blog\\\/clinica-medica\\\/\"},{\"@type\":\"ListItem\",\"position\":3,\"name\":\"Hyg\u00e9ia Cl\u00ednica M\u00e9dica: Sa\u00fade e Bem-Estar em Serra\"}]},{\"@type\":\"WebSite\",\"@id\":\"https:\\\/\\\/www.conveniosocial.com.br\\\/blog\\\/#website\",\"url\":\"https:\\\/\\\/www.conveniosocial.com.br\\\/blog\\\/\",\"name\":\"Conv\u00eanio Social\",\"description\":\"Informa\u00e7\u00f5es de Sa\u00fade e Bem-estar, Consultas e Exames Popular\",\"publisher\":{\"@id\":\"https:\\\/\\\/www.conveniosocial.com.br\\\/blog\\\/#organization\"},\"potentialAction\":[{\"@type\":\"SearchAction\",\"target\":{\"@type\":\"EntryPoint\",\"urlTemplate\":\"https:\\\/\\\/www.conveniosocial.com.br\\\/blog\\\/?s={search_term_string}\"},\"query-input\":{\"@type\":\"PropertyValueSpecification\",\"valueRequired\":true,\"valueName\":\"search_term_string\"}}],\"inLanguage\":\"pt-BR\"},{\"@type\":\"Organization\",\"@id\":\"https:\\\/\\\/www.conveniosocial.com.br\\\/blog\\\/#organization\",\"name\":\"Conv\u00eanio Social\",\"url\":\"https:\\\/\\\/www.conveniosocial.com.br\\\/blog\\\/\",\"logo\":{\"@type\":\"ImageObject\",\"inLanguage\":\"pt-BR\",\"@id\":\"https:\\\/\\\/www.conveniosocial.com.br\\\/blog\\\/#\\\/schema\\\/logo\\\/image\\\/\",\"url\":\"https:\\\/\\\/www.conveniosocial.com.br\\\/blog\\\/wp-content\\\/uploads\\\/2021\\\/11\\\/novo_logo-convenio-socia-digital.png\",\"contentUrl\":\"https:\\\/\\\/www.conveniosocial.com.br\\\/blog\\\/wp-content\\\/uploads\\\/2021\\\/11\\\/novo_logo-convenio-socia-digital.png\",\"width\":400,\"height\":102,\"caption\":\"Conv\u00eanio Social\"},\"image\":{\"@id\":\"https:\\\/\\\/www.conveniosocial.com.br\\\/blog\\\/#\\\/schema\\\/logo\\\/image\\\/\"}}]}<\/script>\n<!-- \/ Yoast SEO Premium plugin. -->","yoast_head_json":{"title":"Hyg\u00e9ia Cl\u00ednica M\u00e9dica: Sa\u00fade e Bem-Estar em Serra - Conv\u00eanio Social","robots":{"index":"index","follow":"follow","max-snippet":"max-snippet:-1","max-image-preview":"max-image-preview:large","max-video-preview":"max-video-preview:-1"},"canonical":"https:\/\/www.conveniosocial.com.br\/blog\/especialidades-medicas\/hygeia-clinica-medica-saude-e-bem-estar-em-serra\/","og_locale":"pt_BR","og_type":"article","og_title":"Hyg\u00e9ia Cl\u00ednica M\u00e9dica: Sa\u00fade e Bem-Estar em Serra","og_description":"Hyg\u00e9ia Cl\u00ednica M\u00e9dica: Sa\u00fade e Bem-Estar em Serra A Hyg\u00e9ia Cl\u00ednica M\u00e9dica, localizada no cora\u00e7\u00e3o de Laranjeiras, Serra - ES, \u00e9 um espa\u00e7o dedicado ao cuidado integral da sa\u00fade. Com um time de profissionais qualificados, liderados pelo Dr. Aneildo Menezes de Oliveira Junior (CRM\/ES 8130), a cl\u00ednica se destaca pela excel\u00eancia no atendimento e pela [&hellip;]","og_url":"https:\/\/www.conveniosocial.com.br\/blog\/especialidades-medicas\/hygeia-clinica-medica-saude-e-bem-estar-em-serra\/","og_site_name":"Conv\u00eanio Social","article_published_time":"2025-12-06T00:00:09+00:00","twitter_card":"summary_large_image","twitter_misc":{"Est. tempo de leitura":"3 minutos"},"schema":{"@context":"https:\/\/schema.org","@graph":[{"@type":"Article","@id":"https:\/\/www.conveniosocial.com.br\/blog\/especialidades-medicas\/hygeia-clinica-medica-saude-e-bem-estar-em-serra\/#article","isPartOf":{"@id":"https:\/\/www.conveniosocial.com.br\/blog\/especialidades-medicas\/hygeia-clinica-medica-saude-e-bem-estar-em-serra\/"},"author":{"name":"","@id":""},"headline":"Hyg\u00e9ia Cl\u00ednica M\u00e9dica: Sa\u00fade e Bem-Estar em Serra","datePublished":"2025-12-06T00:00:09+00:00","mainEntityOfPage":{"@id":"https:\/\/www.conveniosocial.com.br\/blog\/especialidades-medicas\/hygeia-clinica-medica-saude-e-bem-estar-em-serra\/"},"wordCount":623,"commentCount":0,"publisher":{"@id":"https:\/\/www.conveniosocial.com.br\/blog\/#organization"},"articleSection":["Cl\u00ednica M\u00e9dica","Especialidades M\u00e9dicas","Exames de Diagn\u00f3stico"],"inLanguage":"pt-BR"},{"@type":"WebPage","@id":"https:\/\/www.conveniosocial.com.br\/blog\/especialidades-medicas\/hygeia-clinica-medica-saude-e-bem-estar-em-serra\/","url":"https:\/\/www.conveniosocial.com.br\/blog\/especialidades-medicas\/hygeia-clinica-medica-saude-e-bem-estar-em-serra\/","name":"Hyg\u00e9ia Cl\u00ednica M\u00e9dica: Sa\u00fade e Bem-Estar em Serra - Conv\u00eanio Social","isPartOf":{"@id":"https:\/\/www.conveniosocial.com.br\/blog\/#website"},"datePublished":"2025-12-06T00:00:09+00:00","breadcrumb":{"@id":"https:\/\/www.conveniosocial.com.br\/blog\/especialidades-medicas\/hygeia-clinica-medica-saude-e-bem-estar-em-serra\/#breadcrumb"},"inLanguage":"pt-BR","potentialAction":[{"@type":"ReadAction","target":["https:\/\/www.conveniosocial.com.br\/blog\/especialidades-medicas\/hygeia-clinica-medica-saude-e-bem-estar-em-serra\/"]}]},{"@type":"BreadcrumbList","@id":"https:\/\/www.conveniosocial.com.br\/blog\/especialidades-medicas\/hygeia-clinica-medica-saude-e-bem-estar-em-serra\/#breadcrumb","itemListElement":[{"@type":"ListItem","position":1,"name":"Home","item":"https:\/\/www.conveniosocial.com.br\/blog\/"},{"@type":"ListItem","position":2,"name":"Cl\u00ednica M\u00e9dica","item":"https:\/\/www.conveniosocial.com.br\/blog\/clinica-medica\/"},{"@type":"ListItem","position":3,"name":"Hyg\u00e9ia Cl\u00ednica M\u00e9dica: Sa\u00fade e Bem-Estar em Serra"}]},{"@type":"WebSite","@id":"https:\/\/www.conveniosocial.com.br\/blog\/#website","url":"https:\/\/www.conveniosocial.com.br\/blog\/","name":"Conv\u00eanio Social","description":"Informa\u00e7\u00f5es de Sa\u00fade e Bem-estar, Consultas e Exames Popular","publisher":{"@id":"https:\/\/www.conveniosocial.com.br\/blog\/#organization"},"potentialAction":[{"@type":"SearchAction","target":{"@type":"EntryPoint","urlTemplate":"https:\/\/www.conveniosocial.com.br\/blog\/?s={search_term_string}"},"query-input":{"@type":"PropertyValueSpecification","valueRequired":true,"valueName":"search_term_string"}}],"inLanguage":"pt-BR"},{"@type":"Organization","@id":"https:\/\/www.conveniosocial.com.br\/blog\/#organization","name":"Conv\u00eanio Social","url":"https:\/\/www.conveniosocial.com.br\/blog\/","logo":{"@type":"ImageObject","inLanguage":"pt-BR","@id":"https:\/\/www.conveniosocial.com.br\/blog\/#\/schema\/logo\/image\/","url":"https:\/\/www.conveniosocial.com.br\/blog\/wp-content\/uploads\/2021\/11\/novo_logo-convenio-socia-digital.png","contentUrl":"https:\/\/www.conveniosocial.com.br\/blog\/wp-content\/uploads\/2021\/11\/novo_logo-convenio-socia-digital.png","width":400,"height":102,"caption":"Conv\u00eanio Social"},"image":{"@id":"https:\/\/www.conveniosocial.com.br\/blog\/#\/schema\/logo\/image\/"}}]}},"_links":{"self":[{"href":"https:\/\/www.conveniosocial.com.br\/blog\/wp-json\/wp\/v2\/posts\/148076","targetHints":{"allow":["GET"]}}],"collection":[{"href":"https:\/\/www.conveniosocial.com.br\/blog\/wp-json\/wp\/v2\/posts"}],"about":[{"href":"https:\/\/www.conveniosocial.com.br\/blog\/wp-json\/wp\/v2\/types\/post"}],"replies":[{"embeddable":true,"href":"https:\/\/www.conveniosocial.com.br\/blog\/wp-json\/wp\/v2\/comments?post=148076"}],"version-history":[{"count":0,"href":"https:\/\/www.conveniosocial.com.br\/blog\/wp-json\/wp\/v2\/posts\/148076\/revisions"}],"wp:attachment":[{"href":"https:\/\/www.conveniosocial.com.br\/blog\/wp-json\/wp\/v2\/media?parent=148076"}],"wp:term":[{"taxonomy":"category","embeddable":true,"href":"https:\/\/www.conveniosocial.com.br\/blog\/wp-json\/wp\/v2\/categories?post=148076"},{"taxonomy":"post_tag","embeddable":true,"href":"https:\/\/www.conveniosocial.com.br\/blog\/wp-json\/wp\/v2\/tags?post=148076"}],"curies":[{"name":"wp","href":"https:\/\/api.w.org\/{rel}","templated":true}]}}