{"id":148081,"date":"2025-12-05T21:00:09","date_gmt":"2025-12-06T00:00:09","guid":{"rendered":"https:\/\/www.conveniosocial.com.br\/blog\/nehuma\/medical-gastro-saude-digestiva-em-vitoria-es\/"},"modified":"2025-12-05T21:00:10","modified_gmt":"2025-12-06T00:00:10","slug":"medical-gastro-saude-digestiva-em-vitoria-es","status":"publish","type":"post","link":"https:\/\/www.conveniosocial.com.br\/blog\/gastroenterologia-consultorios-e-clinicas\/medical-gastro-saude-digestiva-em-vitoria-es\/","title":{"rendered":"Medical Gastro: Sa\u00fade Digestiva em Vit\u00f3ria, ES"},"content":{"rendered":"<div id=\"ez-toc-container\" class=\"ez-toc-v2_0_82_2 counter-flat ez-toc-counter ez-toc-white ez-toc-container-direction\">\n<p class=\"ez-toc-title\" style=\"cursor:inherit\">\u00cdndice do Conte\u00fado<\/p>\n<label for=\"ez-toc-cssicon-toggle-item-69f240f6cd84a\" class=\"ez-toc-cssicon-toggle-label\"><span class=\"ez-toc-cssicon\"><span class=\"eztoc-hide\" style=\"display:none;\">Toggle<\/span><span class=\"ez-toc-icon-toggle-span\"><svg style=\"fill: #999;color:#999\" xmlns=\"http:\/\/www.w3.org\/2000\/svg\" class=\"list-377408\" width=\"20px\" height=\"20px\" viewBox=\"0 0 24 24\" fill=\"none\"><path d=\"M6 6H4v2h2V6zm14 0H8v2h12V6zM4 11h2v2H4v-2zm16 0H8v2h12v-2zM4 16h2v2H4v-2zm16 0H8v2h12v-2z\" fill=\"currentColor\"><\/path><\/svg><svg style=\"fill: #999;color:#999\" class=\"arrow-unsorted-368013\" xmlns=\"http:\/\/www.w3.org\/2000\/svg\" width=\"10px\" height=\"10px\" viewBox=\"0 0 24 24\" version=\"1.2\" baseProfile=\"tiny\"><path d=\"M18.2 9.3l-6.2-6.3-6.2 6.3c-.2.2-.3.4-.3.7s.1.5.3.7c.2.2.4.3.7.3h11c.3 0 .5-.1.7-.3.2-.2.3-.5.3-.7s-.1-.5-.3-.7zM5.8 14.7l6.2 6.3 6.2-6.3c.2-.2.3-.5.3-.7s-.1-.5-.3-.7c-.2-.2-.4-.3-.7-.3h-11c-.3 0-.5.1-.7.3-.2.2-.3.5-.3.7s.1.5.3.7z\"\/><\/svg><\/span><\/span><\/label><input type=\"checkbox\"  id=\"ez-toc-cssicon-toggle-item-69f240f6cd84a\" checked aria-label=\"Alternar\" \/><nav><ul class='ez-toc-list ez-toc-list-level-1 ' ><li class='ez-toc-page-1'><a class=\"ez-toc-link ez-toc-heading-1\" href=\"https:\/\/www.conveniosocial.com.br\/blog\/gastroenterologia-consultorios-e-clinicas\/medical-gastro-saude-digestiva-em-vitoria-es\/#Medical_Gastro_Saude_Digestiva_em_Vitoria_ES\" >Medical Gastro: Sa\u00fade Digestiva em Vit\u00f3ria, ES<\/a><\/li><li class='ez-toc-page-1'><a class=\"ez-toc-link ez-toc-heading-2\" href=\"https:\/\/www.conveniosocial.com.br\/blog\/gastroenterologia-consultorios-e-clinicas\/medical-gastro-saude-digestiva-em-vitoria-es\/#Perguntas_Frequentes\" >Perguntas Frequentes<\/a><\/li><li class='ez-toc-page-1'><a class=\"ez-toc-link ez-toc-heading-3\" href=\"https:\/\/www.conveniosocial.com.br\/blog\/gastroenterologia-consultorios-e-clinicas\/medical-gastro-saude-digestiva-em-vitoria-es\/#Contato\" >Contato<\/a><\/li><\/ul><\/nav><\/div>\n<h2><span class=\"ez-toc-section\" id=\"Medical_Gastro_Saude_Digestiva_em_Vitoria_ES\"><\/span>Medical Gastro: Sa\u00fade Digestiva em Vit\u00f3ria, ES<span class=\"ez-toc-section-end\"><\/span><\/h2>\n<p>A Medical Gastro \u00e9 uma cl\u00ednica especializada em gastroenterologia, localizada no cora\u00e7\u00e3o de Vit\u00f3ria, no bairro Santa Lucia. Com uma infraestrutura moderna e acolhedora, oferecemos servi\u00e7os de alta qualidade para o diagn\u00f3stico e tratamento de doen\u00e7as do aparelho digestivo. Nossa equipe \u00e9 composta por profissionais altamente qualificados, sob a supervis\u00e3o do Dr. M\u00e1rcio Demoner Brand\u00e3o, respons\u00e1vel t\u00e9cnico da cl\u00ednica, com CRM-ES 6012.<\/p>\n<p>Nosso compromisso \u00e9 com a sa\u00fade e o bem-estar de nossos pacientes. A Medical Gastro se destaca pela humaniza\u00e7\u00e3o no atendimento, garantindo que cada visita seja uma experi\u00eancia confort\u00e1vel e informativa. As nossas especialidades incluem Endoscopia Digestiva Alta, Colonoscopia e Tratamento da Obesidade, al\u00e9m de consultas e cirurgias do aparelho digestivo. A realiza\u00e7\u00e3o de exames \u00e9 feita com tecnologia de ponta, visando a precis\u00e3o e agilidade nos diagn\u00f3sticos.<\/p>\n<p>Estamos localizados em uma \u00e1rea de f\u00e1cil acesso, com estacionamento dispon\u00edvel e pr\u00f3ximo a pontos de transporte p\u00fablico, facilitando a chegada dos pacientes. Atendemos de segunda a sexta-feira, das 07:00 \u00e0s 18:00 horas, sempre prontos para oferecer o melhor atendimento. Entre em contato conosco pelo telefone (27) 3027-1300 para agendar sua consulta ou obter mais informa\u00e7\u00f5es sobre nossos servi\u00e7os.<\/p>\n<p>A Medical Gastro aceita diversos conv\u00eanios, incluindo UNIMED, BANESCAIXA, FAECES CESAN, ARCELOR MITTAL, PETROBRAS, FUNSSEST e CONAB, possibilitando que mais pessoas tenham acesso ao tratamento de qualidade que merecem. Estamos sempre atualizados com as melhores pr\u00e1ticas da \u00e1rea da sa\u00fade e investindo em capacita\u00e7\u00e3o cont\u00ednua de nossa equipe.<\/p>\n<p>Al\u00e9m disso, acreditamos na import\u00e2ncia da informa\u00e7\u00e3o e da preven\u00e7\u00e3o. Por isso, em nosso site e redes sociais, voc\u00ea encontrar\u00e1 conte\u00fados relevantes sobre sa\u00fade digestiva, dicas de bem-estar e novidades sobre nossa cl\u00ednica. Embora o site ainda n\u00e3o esteja dispon\u00edvel, convidamos voc\u00ea a nos seguir no Instagram para acompanhar nossas atualiza\u00e7\u00f5es e interagir conosco.<\/p>\n<p>A Medical Gastro \u00e9 mais que uma cl\u00ednica, \u00e9 um espa\u00e7o onde sua sa\u00fade \u00e9 prioridade. Venha nos visitar e descubra como podemos ajud\u00e1-lo a cuidar do seu aparelho digestivo de forma eficiente e acolhedora.<\/p>\n<h3><span class=\"ez-toc-section\" id=\"Perguntas_Frequentes\"><\/span>Perguntas Frequentes<span class=\"ez-toc-section-end\"><\/span><\/h3>\n<p>P: Quais especialidades a Medical Gastro oferece?<br \/>\nR: Oferecemos Endoscopia Digestiva Alta, Colonoscopia, Tratamento da Obesidade e consultas em gastroenterologia.<\/p>\n<p>P: Como posso agendar uma consulta?<br \/>\nR: Voc\u00ea pode agendar sua consulta pelo telefone (27) 3027-1300.<\/p>\n<p>P: A cl\u00ednica aceita conv\u00eanios?<br \/>\nR: Sim, aceitamos diversos conv\u00eanios, incluindo UNIMED, BANESCAIXA, FAECES CESAN, ARCELOR MITTAL, PETROBRAS, FUNSSEST e CONAB.<\/p>\n<p>P: Qual \u00e9 o hor\u00e1rio de atendimento da cl\u00ednica?<br \/>\nR: Atendemos de segunda a sexta-feira, das 07:00 \u00e0s 18:00 horas.<\/p>\n<p>P: A cl\u00ednica possui estacionamento?<br \/>\nR: Sim, temos estacionamento dispon\u00edvel para nossos pacientes.<\/p>\n<p>P: Quem \u00e9 o respons\u00e1vel t\u00e9cnico da cl\u00ednica?<br \/>\nR: O respons\u00e1vel t\u00e9cnico \u00e9 o Dr. M\u00e1rcio Demoner Brand\u00e3o, com CRM-ES 6012.<\/p>\n<p>P: Quais exames s\u00e3o realizados na cl\u00ednica?<br \/>\nR: Realizamos Endoscopia Digestiva Alta, Colonoscopia e consultas para diagn\u00f3stico e tratamento.<\/p>\n<p>P: Onde a cl\u00ednica est\u00e1 localizada?<br \/>\nR: Estamos localizados no bairro Santa Lucia, em Vit\u00f3ria, ES.<\/p>\n<p>P: Como posso acompanhar as novidades da cl\u00ednica?<br \/>\nR: Voc\u00ea pode nos seguir no Instagram para acompanhar nossas atualiza\u00e7\u00f5es e conte\u00fados sobre sa\u00fade digestiva.<\/p>\n<p>P: A Medical Gastro oferece tratamento para obesidade?<br \/>\nR: Sim, oferecemos tratamento especializado para obesidade, com acompanhamento e orienta\u00e7\u00e3o adequada.<\/p>\n<h3><span class=\"ez-toc-section\" id=\"Contato\"><\/span>Contato<span class=\"ez-toc-section-end\"><\/span><\/h3>\n<p><strong>Tel.: (27) 3027-1300 | <\/strong><br \/>\n<strong>WhatsApp: &#8211; <\/strong><\/p>\n","protected":false},"excerpt":{"rendered":"<p>Medical Gastro: Sa\u00fade Digestiva em Vit\u00f3ria, ES A Medical Gastro \u00e9 uma cl\u00ednica especializada em gastroenterologia, localizada no cora\u00e7\u00e3o de Vit\u00f3ria, no bairro Santa Lucia. Com uma infraestrutura moderna e acolhedora, oferecemos servi\u00e7os de alta qualidade para o diagn\u00f3stico e tratamento de doen\u00e7as do aparelho digestivo. Nossa equipe \u00e9 composta por profissionais altamente qualificados, sob [&hellip;]<\/p>\n","protected":false},"author":0,"featured_media":0,"comment_status":"open","ping_status":"open","sticky":false,"template":"","format":"standard","meta":{"_et_pb_use_builder":"o","_et_pb_old_content":"","_et_gb_content_width":"","footnotes":""},"categories":[1345,769,1616],"tags":[],"class_list":["post-148081","post","type-post","status-publish","format-standard","hentry","category-endoscopia","category-gastroenterologia-consultorios-e-clinicas","category-tratamento-da-obesidade"],"yoast_head":"<!-- This site is optimized with the Yoast SEO Premium plugin v21.3 (Yoast SEO v27.5) - https:\/\/yoast.com\/product\/yoast-seo-premium-wordpress\/ -->\n<title>Medical Gastro: Sa\u00fade Digestiva em Vit\u00f3ria, ES - Conv\u00eanio Social<\/title>\n<meta name=\"robots\" content=\"index, follow, max-snippet:-1, max-image-preview:large, max-video-preview:-1\" \/>\n<link rel=\"canonical\" href=\"https:\/\/www.conveniosocial.com.br\/blog\/gastroenterologia-consultorios-e-clinicas\/medical-gastro-saude-digestiva-em-vitoria-es\/\" \/>\n<meta property=\"og:locale\" content=\"pt_BR\" \/>\n<meta property=\"og:type\" content=\"article\" \/>\n<meta property=\"og:title\" content=\"Medical Gastro: Sa\u00fade Digestiva em Vit\u00f3ria, ES\" \/>\n<meta property=\"og:description\" content=\"Medical Gastro: Sa\u00fade Digestiva em Vit\u00f3ria, ES A Medical Gastro \u00e9 uma cl\u00ednica especializada em gastroenterologia, localizada no cora\u00e7\u00e3o de Vit\u00f3ria, no bairro Santa Lucia. Com uma infraestrutura moderna e acolhedora, oferecemos servi\u00e7os de alta qualidade para o diagn\u00f3stico e tratamento de doen\u00e7as do aparelho digestivo. Nossa equipe \u00e9 composta por profissionais altamente qualificados, sob [&hellip;]\" \/>\n<meta property=\"og:url\" content=\"https:\/\/www.conveniosocial.com.br\/blog\/gastroenterologia-consultorios-e-clinicas\/medical-gastro-saude-digestiva-em-vitoria-es\/\" \/>\n<meta property=\"og:site_name\" content=\"Conv\u00eanio Social\" \/>\n<meta property=\"article:published_time\" content=\"2025-12-06T00:00:09+00:00\" \/>\n<meta property=\"article:modified_time\" content=\"2025-12-06T00:00:10+00:00\" \/>\n<meta name=\"twitter:card\" content=\"summary_large_image\" \/>\n<meta name=\"twitter:label1\" content=\"Est. tempo de leitura\" \/>\n\t<meta name=\"twitter:data1\" content=\"3 minutos\" \/>\n<script type=\"application\/ld+json\" class=\"yoast-schema-graph\">{\"@context\":\"https:\\\/\\\/schema.org\",\"@graph\":[{\"@type\":\"Article\",\"@id\":\"https:\\\/\\\/www.conveniosocial.com.br\\\/blog\\\/gastroenterologia-consultorios-e-clinicas\\\/medical-gastro-saude-digestiva-em-vitoria-es\\\/#article\",\"isPartOf\":{\"@id\":\"https:\\\/\\\/www.conveniosocial.com.br\\\/blog\\\/gastroenterologia-consultorios-e-clinicas\\\/medical-gastro-saude-digestiva-em-vitoria-es\\\/\"},\"author\":{\"name\":\"\",\"@id\":\"\"},\"headline\":\"Medical Gastro: Sa\u00fade Digestiva em Vit\u00f3ria, ES\",\"datePublished\":\"2025-12-06T00:00:09+00:00\",\"dateModified\":\"2025-12-06T00:00:10+00:00\",\"mainEntityOfPage\":{\"@id\":\"https:\\\/\\\/www.conveniosocial.com.br\\\/blog\\\/gastroenterologia-consultorios-e-clinicas\\\/medical-gastro-saude-digestiva-em-vitoria-es\\\/\"},\"wordCount\":591,\"commentCount\":0,\"publisher\":{\"@id\":\"https:\\\/\\\/www.conveniosocial.com.br\\\/blog\\\/#organization\"},\"articleSection\":[\"Endoscopia\",\"Gastroenterologia\",\"Tratamento da Obesidade\"],\"inLanguage\":\"pt-BR\"},{\"@type\":\"WebPage\",\"@id\":\"https:\\\/\\\/www.conveniosocial.com.br\\\/blog\\\/gastroenterologia-consultorios-e-clinicas\\\/medical-gastro-saude-digestiva-em-vitoria-es\\\/\",\"url\":\"https:\\\/\\\/www.conveniosocial.com.br\\\/blog\\\/gastroenterologia-consultorios-e-clinicas\\\/medical-gastro-saude-digestiva-em-vitoria-es\\\/\",\"name\":\"Medical Gastro: Sa\u00fade Digestiva em Vit\u00f3ria, ES - Conv\u00eanio Social\",\"isPartOf\":{\"@id\":\"https:\\\/\\\/www.conveniosocial.com.br\\\/blog\\\/#website\"},\"datePublished\":\"2025-12-06T00:00:09+00:00\",\"dateModified\":\"2025-12-06T00:00:10+00:00\",\"breadcrumb\":{\"@id\":\"https:\\\/\\\/www.conveniosocial.com.br\\\/blog\\\/gastroenterologia-consultorios-e-clinicas\\\/medical-gastro-saude-digestiva-em-vitoria-es\\\/#breadcrumb\"},\"inLanguage\":\"pt-BR\",\"potentialAction\":[{\"@type\":\"ReadAction\",\"target\":[\"https:\\\/\\\/www.conveniosocial.com.br\\\/blog\\\/gastroenterologia-consultorios-e-clinicas\\\/medical-gastro-saude-digestiva-em-vitoria-es\\\/\"]}]},{\"@type\":\"BreadcrumbList\",\"@id\":\"https:\\\/\\\/www.conveniosocial.com.br\\\/blog\\\/gastroenterologia-consultorios-e-clinicas\\\/medical-gastro-saude-digestiva-em-vitoria-es\\\/#breadcrumb\",\"itemListElement\":[{\"@type\":\"ListItem\",\"position\":1,\"name\":\"Home\",\"item\":\"https:\\\/\\\/www.conveniosocial.com.br\\\/blog\\\/\"},{\"@type\":\"ListItem\",\"position\":2,\"name\":\"Endoscopia\",\"item\":\"https:\\\/\\\/www.conveniosocial.com.br\\\/blog\\\/endoscopia\\\/\"},{\"@type\":\"ListItem\",\"position\":3,\"name\":\"Medical Gastro: Sa\u00fade Digestiva em Vit\u00f3ria, ES\"}]},{\"@type\":\"WebSite\",\"@id\":\"https:\\\/\\\/www.conveniosocial.com.br\\\/blog\\\/#website\",\"url\":\"https:\\\/\\\/www.conveniosocial.com.br\\\/blog\\\/\",\"name\":\"Conv\u00eanio Social\",\"description\":\"Informa\u00e7\u00f5es de Sa\u00fade e Bem-estar, Consultas e Exames Popular\",\"publisher\":{\"@id\":\"https:\\\/\\\/www.conveniosocial.com.br\\\/blog\\\/#organization\"},\"potentialAction\":[{\"@type\":\"SearchAction\",\"target\":{\"@type\":\"EntryPoint\",\"urlTemplate\":\"https:\\\/\\\/www.conveniosocial.com.br\\\/blog\\\/?s={search_term_string}\"},\"query-input\":{\"@type\":\"PropertyValueSpecification\",\"valueRequired\":true,\"valueName\":\"search_term_string\"}}],\"inLanguage\":\"pt-BR\"},{\"@type\":\"Organization\",\"@id\":\"https:\\\/\\\/www.conveniosocial.com.br\\\/blog\\\/#organization\",\"name\":\"Conv\u00eanio Social\",\"url\":\"https:\\\/\\\/www.conveniosocial.com.br\\\/blog\\\/\",\"logo\":{\"@type\":\"ImageObject\",\"inLanguage\":\"pt-BR\",\"@id\":\"https:\\\/\\\/www.conveniosocial.com.br\\\/blog\\\/#\\\/schema\\\/logo\\\/image\\\/\",\"url\":\"https:\\\/\\\/www.conveniosocial.com.br\\\/blog\\\/wp-content\\\/uploads\\\/2021\\\/11\\\/novo_logo-convenio-socia-digital.png\",\"contentUrl\":\"https:\\\/\\\/www.conveniosocial.com.br\\\/blog\\\/wp-content\\\/uploads\\\/2021\\\/11\\\/novo_logo-convenio-socia-digital.png\",\"width\":400,\"height\":102,\"caption\":\"Conv\u00eanio Social\"},\"image\":{\"@id\":\"https:\\\/\\\/www.conveniosocial.com.br\\\/blog\\\/#\\\/schema\\\/logo\\\/image\\\/\"}}]}<\/script>\n<!-- \/ Yoast SEO Premium plugin. -->","yoast_head_json":{"title":"Medical Gastro: Sa\u00fade Digestiva em Vit\u00f3ria, ES - Conv\u00eanio Social","robots":{"index":"index","follow":"follow","max-snippet":"max-snippet:-1","max-image-preview":"max-image-preview:large","max-video-preview":"max-video-preview:-1"},"canonical":"https:\/\/www.conveniosocial.com.br\/blog\/gastroenterologia-consultorios-e-clinicas\/medical-gastro-saude-digestiva-em-vitoria-es\/","og_locale":"pt_BR","og_type":"article","og_title":"Medical Gastro: Sa\u00fade Digestiva em Vit\u00f3ria, ES","og_description":"Medical Gastro: Sa\u00fade Digestiva em Vit\u00f3ria, ES A Medical Gastro \u00e9 uma cl\u00ednica especializada em gastroenterologia, localizada no cora\u00e7\u00e3o de Vit\u00f3ria, no bairro Santa Lucia. Com uma infraestrutura moderna e acolhedora, oferecemos servi\u00e7os de alta qualidade para o diagn\u00f3stico e tratamento de doen\u00e7as do aparelho digestivo. Nossa equipe \u00e9 composta por profissionais altamente qualificados, sob [&hellip;]","og_url":"https:\/\/www.conveniosocial.com.br\/blog\/gastroenterologia-consultorios-e-clinicas\/medical-gastro-saude-digestiva-em-vitoria-es\/","og_site_name":"Conv\u00eanio Social","article_published_time":"2025-12-06T00:00:09+00:00","article_modified_time":"2025-12-06T00:00:10+00:00","twitter_card":"summary_large_image","twitter_misc":{"Est. tempo de leitura":"3 minutos"},"schema":{"@context":"https:\/\/schema.org","@graph":[{"@type":"Article","@id":"https:\/\/www.conveniosocial.com.br\/blog\/gastroenterologia-consultorios-e-clinicas\/medical-gastro-saude-digestiva-em-vitoria-es\/#article","isPartOf":{"@id":"https:\/\/www.conveniosocial.com.br\/blog\/gastroenterologia-consultorios-e-clinicas\/medical-gastro-saude-digestiva-em-vitoria-es\/"},"author":{"name":"","@id":""},"headline":"Medical Gastro: Sa\u00fade Digestiva em Vit\u00f3ria, ES","datePublished":"2025-12-06T00:00:09+00:00","dateModified":"2025-12-06T00:00:10+00:00","mainEntityOfPage":{"@id":"https:\/\/www.conveniosocial.com.br\/blog\/gastroenterologia-consultorios-e-clinicas\/medical-gastro-saude-digestiva-em-vitoria-es\/"},"wordCount":591,"commentCount":0,"publisher":{"@id":"https:\/\/www.conveniosocial.com.br\/blog\/#organization"},"articleSection":["Endoscopia","Gastroenterologia","Tratamento da Obesidade"],"inLanguage":"pt-BR"},{"@type":"WebPage","@id":"https:\/\/www.conveniosocial.com.br\/blog\/gastroenterologia-consultorios-e-clinicas\/medical-gastro-saude-digestiva-em-vitoria-es\/","url":"https:\/\/www.conveniosocial.com.br\/blog\/gastroenterologia-consultorios-e-clinicas\/medical-gastro-saude-digestiva-em-vitoria-es\/","name":"Medical Gastro: Sa\u00fade Digestiva em Vit\u00f3ria, ES - Conv\u00eanio Social","isPartOf":{"@id":"https:\/\/www.conveniosocial.com.br\/blog\/#website"},"datePublished":"2025-12-06T00:00:09+00:00","dateModified":"2025-12-06T00:00:10+00:00","breadcrumb":{"@id":"https:\/\/www.conveniosocial.com.br\/blog\/gastroenterologia-consultorios-e-clinicas\/medical-gastro-saude-digestiva-em-vitoria-es\/#breadcrumb"},"inLanguage":"pt-BR","potentialAction":[{"@type":"ReadAction","target":["https:\/\/www.conveniosocial.com.br\/blog\/gastroenterologia-consultorios-e-clinicas\/medical-gastro-saude-digestiva-em-vitoria-es\/"]}]},{"@type":"BreadcrumbList","@id":"https:\/\/www.conveniosocial.com.br\/blog\/gastroenterologia-consultorios-e-clinicas\/medical-gastro-saude-digestiva-em-vitoria-es\/#breadcrumb","itemListElement":[{"@type":"ListItem","position":1,"name":"Home","item":"https:\/\/www.conveniosocial.com.br\/blog\/"},{"@type":"ListItem","position":2,"name":"Endoscopia","item":"https:\/\/www.conveniosocial.com.br\/blog\/endoscopia\/"},{"@type":"ListItem","position":3,"name":"Medical Gastro: Sa\u00fade Digestiva em Vit\u00f3ria, ES"}]},{"@type":"WebSite","@id":"https:\/\/www.conveniosocial.com.br\/blog\/#website","url":"https:\/\/www.conveniosocial.com.br\/blog\/","name":"Conv\u00eanio Social","description":"Informa\u00e7\u00f5es de Sa\u00fade e Bem-estar, Consultas e Exames Popular","publisher":{"@id":"https:\/\/www.conveniosocial.com.br\/blog\/#organization"},"potentialAction":[{"@type":"SearchAction","target":{"@type":"EntryPoint","urlTemplate":"https:\/\/www.conveniosocial.com.br\/blog\/?s={search_term_string}"},"query-input":{"@type":"PropertyValueSpecification","valueRequired":true,"valueName":"search_term_string"}}],"inLanguage":"pt-BR"},{"@type":"Organization","@id":"https:\/\/www.conveniosocial.com.br\/blog\/#organization","name":"Conv\u00eanio Social","url":"https:\/\/www.conveniosocial.com.br\/blog\/","logo":{"@type":"ImageObject","inLanguage":"pt-BR","@id":"https:\/\/www.conveniosocial.com.br\/blog\/#\/schema\/logo\/image\/","url":"https:\/\/www.conveniosocial.com.br\/blog\/wp-content\/uploads\/2021\/11\/novo_logo-convenio-socia-digital.png","contentUrl":"https:\/\/www.conveniosocial.com.br\/blog\/wp-content\/uploads\/2021\/11\/novo_logo-convenio-socia-digital.png","width":400,"height":102,"caption":"Conv\u00eanio Social"},"image":{"@id":"https:\/\/www.conveniosocial.com.br\/blog\/#\/schema\/logo\/image\/"}}]}},"_links":{"self":[{"href":"https:\/\/www.conveniosocial.com.br\/blog\/wp-json\/wp\/v2\/posts\/148081","targetHints":{"allow":["GET"]}}],"collection":[{"href":"https:\/\/www.conveniosocial.com.br\/blog\/wp-json\/wp\/v2\/posts"}],"about":[{"href":"https:\/\/www.conveniosocial.com.br\/blog\/wp-json\/wp\/v2\/types\/post"}],"replies":[{"embeddable":true,"href":"https:\/\/www.conveniosocial.com.br\/blog\/wp-json\/wp\/v2\/comments?post=148081"}],"version-history":[{"count":0,"href":"https:\/\/www.conveniosocial.com.br\/blog\/wp-json\/wp\/v2\/posts\/148081\/revisions"}],"wp:attachment":[{"href":"https:\/\/www.conveniosocial.com.br\/blog\/wp-json\/wp\/v2\/media?parent=148081"}],"wp:term":[{"taxonomy":"category","embeddable":true,"href":"https:\/\/www.conveniosocial.com.br\/blog\/wp-json\/wp\/v2\/categories?post=148081"},{"taxonomy":"post_tag","embeddable":true,"href":"https:\/\/www.conveniosocial.com.br\/blog\/wp-json\/wp\/v2\/tags?post=148081"}],"curies":[{"name":"wp","href":"https:\/\/api.w.org\/{rel}","templated":true}]}}