{"id":148141,"date":"2025-12-05T21:00:12","date_gmt":"2025-12-06T00:00:12","guid":{"rendered":"https:\/\/www.conveniosocial.com.br\/blog\/nehuma\/dra-lilian-salviato-especialista-em-dermatologia-estetica\/"},"modified":"2025-12-05T21:00:12","modified_gmt":"2025-12-06T00:00:12","slug":"dra-lilian-salviato-especialista-em-dermatologia-estetica","status":"publish","type":"post","link":"https:\/\/www.conveniosocial.com.br\/blog\/tratamentos-avancados\/dra-lilian-salviato-especialista-em-dermatologia-estetica\/","title":{"rendered":"Dra. Lilian Salviato: Especialista em Dermatologia Est\u00e9tica"},"content":{"rendered":"<div id=\"ez-toc-container\" class=\"ez-toc-v2_0_82_2 counter-flat ez-toc-counter ez-toc-white ez-toc-container-direction\">\n<p class=\"ez-toc-title\" style=\"cursor:inherit\">\u00cdndice do Conte\u00fado<\/p>\n<label for=\"ez-toc-cssicon-toggle-item-69f753c3430b9\" class=\"ez-toc-cssicon-toggle-label\"><span class=\"ez-toc-cssicon\"><span class=\"eztoc-hide\" style=\"display:none;\">Toggle<\/span><span class=\"ez-toc-icon-toggle-span\"><svg style=\"fill: #999;color:#999\" xmlns=\"http:\/\/www.w3.org\/2000\/svg\" class=\"list-377408\" width=\"20px\" height=\"20px\" viewBox=\"0 0 24 24\" fill=\"none\"><path d=\"M6 6H4v2h2V6zm14 0H8v2h12V6zM4 11h2v2H4v-2zm16 0H8v2h12v-2zM4 16h2v2H4v-2zm16 0H8v2h12v-2z\" fill=\"currentColor\"><\/path><\/svg><svg style=\"fill: #999;color:#999\" class=\"arrow-unsorted-368013\" xmlns=\"http:\/\/www.w3.org\/2000\/svg\" width=\"10px\" height=\"10px\" viewBox=\"0 0 24 24\" version=\"1.2\" baseProfile=\"tiny\"><path d=\"M18.2 9.3l-6.2-6.3-6.2 6.3c-.2.2-.3.4-.3.7s.1.5.3.7c.2.2.4.3.7.3h11c.3 0 .5-.1.7-.3.2-.2.3-.5.3-.7s-.1-.5-.3-.7zM5.8 14.7l6.2 6.3 6.2-6.3c.2-.2.3-.5.3-.7s-.1-.5-.3-.7c-.2-.2-.4-.3-.7-.3h-11c-.3 0-.5.1-.7.3-.2.2-.3.5-.3.7s.1.5.3.7z\"\/><\/svg><\/span><\/span><\/label><input type=\"checkbox\"  id=\"ez-toc-cssicon-toggle-item-69f753c3430b9\" checked aria-label=\"Alternar\" \/><nav><ul class='ez-toc-list ez-toc-list-level-1 ' ><li class='ez-toc-page-1'><a class=\"ez-toc-link ez-toc-heading-1\" href=\"https:\/\/www.conveniosocial.com.br\/blog\/tratamentos-avancados\/dra-lilian-salviato-especialista-em-dermatologia-estetica\/#Dra_Lilian_Salviato_Especialista_em_Dermatologia_Estetica\" >Dra. Lilian Salviato: Especialista em Dermatologia Est\u00e9tica<\/a><\/li><li class='ez-toc-page-1'><a class=\"ez-toc-link ez-toc-heading-2\" href=\"https:\/\/www.conveniosocial.com.br\/blog\/tratamentos-avancados\/dra-lilian-salviato-especialista-em-dermatologia-estetica\/#Perguntas_Frequentes\" >Perguntas Frequentes<\/a><\/li><li class='ez-toc-page-1'><a class=\"ez-toc-link ez-toc-heading-3\" href=\"https:\/\/www.conveniosocial.com.br\/blog\/tratamentos-avancados\/dra-lilian-salviato-especialista-em-dermatologia-estetica\/#Contato\" >Contato<\/a><\/li><\/ul><\/nav><\/div>\n<h2><span class=\"ez-toc-section\" id=\"Dra_Lilian_Salviato_Especialista_em_Dermatologia_Estetica\"><\/span>Dra. Lilian Salviato: Especialista em Dermatologia Est\u00e9tica<span class=\"ez-toc-section-end\"><\/span><\/h2>\n<p>A Cl\u00ednica da Dra. Lilian Nascimento Salviato, localizada na Praia do Canto, em Vit\u00f3ria, ES, \u00e9 um espa\u00e7o acolhedor e humanizado, dedicado a oferecer os melhores tratamentos em dermatologia est\u00e9tica. Com uma abordagem centrada no paciente, a cl\u00ednica se destaca pela qualidade dos servi\u00e7os e pelo profissionalismo da Dra. Lilian, que possui vasta experi\u00eancia e \u00e9 registrada sob o CRM 6255\/ES.v. <\/p>\n<p>A cl\u00ednica \u00e9 facilmente acess\u00edvel, situada em um dos bairros mais nobres de Vit\u00f3ria, pr\u00f3ximo a locais como Praia da Costa, Santa L\u00facia, Camburi e Jardim da Penha, facilitando a visita para pacientes de diversas \u00e1reas da cidade. O ambiente foi cuidadosamente planejado para proporcionar conforto e tranquilidade, garantindo que cada paciente se sinta \u00e0 vontade durante suas consultas e tratamentos. <\/p>\n<p>Dentre as especialidades oferecidas, a cl\u00ednica se destaca em procedimentos com Toxina Botul\u00ednica, tratamento para Melasma, Cicatrizes de Acne, remo\u00e7\u00e3o de verrugas e cuidados capilares. A Dra. Lilian utiliza t\u00e9cnicas modernas e equipamentos avan\u00e7ados, como o Laser Thulium, BB Laser e Hair Regrowth, para oferecer resultados eficazes e satisfat\u00f3rios. <\/p>\n<p>Al\u00e9m de atender a um p\u00fablico diversificado, a cl\u00ednica aceita uma variedade de conv\u00eanios, entre eles Sa\u00fade Caixa, SulAm\u00e9rica Sa\u00fade, Mediservice, Cesan, Postal Sa\u00fade, Golden Cross, FUSEX e Banescai. Isso permite que mais pessoas tenham acesso a tratamentos de qualidade, com condi\u00e7\u00f5es facilitadas. <\/p>\n<p>O atendimento \u00e9 realizado de segunda a sexta-feira, das 08:00 \u00e0s 17:00 horas, proporcionando flexibilidade para aqueles que buscam cuidados est\u00e9ticos em meio \u00e0 rotina corrida. <\/p>\n<p>Para mais informa\u00e7\u00f5es sobre os servi\u00e7os oferecidos, \u00e9 poss\u00edvel entrar em contato atrav\u00e9s do telefone da cl\u00ednica (a ser informado), ou visitar a p\u00e1gina da Dra. Lilian nas redes sociais, onde s\u00e3o compartilhadas dicas de cuidados com a pele e novidades sobre tratamentos. O Instagram da cl\u00ednica tamb\u00e9m \u00e9 uma \u00f3tima fonte de inspira\u00e7\u00e3o, apresentando resultados de atendimentos e depoimentos de pacientes satisfeitos. <\/p>\n<p>A Dra. Lilian e sua equipe est\u00e3o sempre prontos para oferecer um atendimento personalizado e de excel\u00eancia, garantindo que cada visita \u00e0 cl\u00ednica seja uma experi\u00eancia positiva e transformadora. Venha conhecer a Cl\u00ednica Dra. Lilian Nascimento Salviato e descubra o que a dermatologia est\u00e9tica pode fazer por voc\u00ea.<\/p>\n<h3><span class=\"ez-toc-section\" id=\"Perguntas_Frequentes\"><\/span>Perguntas Frequentes<span class=\"ez-toc-section-end\"><\/span><\/h3>\n<p>P: Quais s\u00e3o os principais tratamentos oferecidos na cl\u00ednica?<br \/>\nR: Oferecemos Toxina Botul\u00ednica, tratamento para Melasma, cicatrizes de acne, remo\u00e7\u00e3o de verrugas e tratamentos capilares.<\/p>\n<p>P: A cl\u00ednica atende conv\u00eanios?<br \/>\nR: Sim, aceitamos diversos conv\u00eanios como Sa\u00fade Caixa, SulAm\u00e9rica Sa\u00fade, Mediservice, entre outros.<\/p>\n<p>P: Onde a cl\u00ednica est\u00e1 localizada?<br \/>\nR: Nossa cl\u00ednica est\u00e1 situada na Praia do Canto, em Vit\u00f3ria, ES.<\/p>\n<p>P: Quais exames est\u00e3o dispon\u00edveis na cl\u00ednica?<br \/>\nR: Disponibilizamos exames como Laser Thulium, BB Laser e Hair Regrowth.<\/p>\n<p>P: Quais s\u00e3o os hor\u00e1rios de atendimento?<br \/>\nR: Atendemos de segunda a sexta-feira, das 08:00 \u00e0s 17:00 horas.<\/p>\n<p>P: \u00c9 necess\u00e1rio agendar consulta com anteced\u00eancia?<br \/>\nR: Recomendamos agendar sua consulta com anteced\u00eancia para garantir a melhor disponibilidade.<\/p>\n<p>P: A Dra. Lilian \u00e9 registrada e possui experi\u00eancia?<br \/>\nR: Sim, a Dra. Lilian Nascimento Salviato \u00e9 registrada sob o CRM 6255\/ES.v e possui vasta experi\u00eancia na \u00e1rea.<\/p>\n<p>P: Quais os bairros pr\u00f3ximos \u00e0 cl\u00ednica?<br \/>\nR: A cl\u00ednica est\u00e1 pr\u00f3xima a bairros como Praia da Costa, Santa L\u00facia, Camburi e Jardim da Penha.<\/p>\n<p>P: Como posso entrar em contato com a cl\u00ednica?<br \/>\nR: Voc\u00ea pode nos contatar pelo telefone (a ser informado) ou pelas redes sociais da Dra. Lilian.<\/p>\n<p>P: A cl\u00ednica realiza procedimentos est\u00e9ticos com seguran\u00e7a?<br \/>\nR: Sim, utilizamos equipamentos modernos e t\u00e9cnicas seguras para garantir a sa\u00fade e satisfa\u00e7\u00e3o dos nossos pacientes.<\/p>\n<h3><span class=\"ez-toc-section\" id=\"Contato\"><\/span>Contato<span class=\"ez-toc-section-end\"><\/span><\/h3>\n<p><strong>Tel.:  | (27) 99982-8397<\/strong><br \/>\n<strong>WhatsApp: &#8211; <\/strong><\/p>\n","protected":false},"excerpt":{"rendered":"<p>Dra. Lilian Salviato: Especialista em Dermatologia Est\u00e9tica A Cl\u00ednica da Dra. Lilian Nascimento Salviato, localizada na Praia do Canto, em Vit\u00f3ria, ES, \u00e9 um espa\u00e7o acolhedor e humanizado, dedicado a oferecer os melhores tratamentos em dermatologia est\u00e9tica. Com uma abordagem centrada no paciente, a cl\u00ednica se destaca pela qualidade dos servi\u00e7os e pelo profissionalismo da [&hellip;]<\/p>\n","protected":false},"author":0,"featured_media":0,"comment_status":"open","ping_status":"open","sticky":false,"template":"","format":"standard","meta":{"_et_pb_use_builder":"o","_et_pb_old_content":"","_et_gb_content_width":"","footnotes":""},"categories":[1643,1501,1313],"tags":[],"class_list":["post-148141","post","type-post","status-publish","format-standard","hentry","category-dermatologia-estetica","category-saude-da-pele","category-tratamentos-avancados"],"yoast_head":"<!-- This site is optimized with the Yoast SEO Premium plugin v21.3 (Yoast SEO v27.5) - https:\/\/yoast.com\/product\/yoast-seo-premium-wordpress\/ -->\n<title>Dra. Lilian Salviato: Especialista em Dermatologia Est\u00e9tica - Conv\u00eanio Social<\/title>\n<meta name=\"robots\" content=\"index, follow, max-snippet:-1, max-image-preview:large, max-video-preview:-1\" \/>\n<link rel=\"canonical\" href=\"https:\/\/www.conveniosocial.com.br\/blog\/tratamentos-avancados\/dra-lilian-salviato-especialista-em-dermatologia-estetica\/\" \/>\n<meta property=\"og:locale\" content=\"pt_BR\" \/>\n<meta property=\"og:type\" content=\"article\" \/>\n<meta property=\"og:title\" content=\"Dra. Lilian Salviato: Especialista em Dermatologia Est\u00e9tica\" \/>\n<meta property=\"og:description\" content=\"Dra. Lilian Salviato: Especialista em Dermatologia Est\u00e9tica A Cl\u00ednica da Dra. Lilian Nascimento Salviato, localizada na Praia do Canto, em Vit\u00f3ria, ES, \u00e9 um espa\u00e7o acolhedor e humanizado, dedicado a oferecer os melhores tratamentos em dermatologia est\u00e9tica. Com uma abordagem centrada no paciente, a cl\u00ednica se destaca pela qualidade dos servi\u00e7os e pelo profissionalismo da [&hellip;]\" \/>\n<meta property=\"og:url\" content=\"https:\/\/www.conveniosocial.com.br\/blog\/tratamentos-avancados\/dra-lilian-salviato-especialista-em-dermatologia-estetica\/\" \/>\n<meta property=\"og:site_name\" content=\"Conv\u00eanio Social\" \/>\n<meta property=\"article:published_time\" content=\"2025-12-06T00:00:12+00:00\" \/>\n<meta name=\"twitter:card\" content=\"summary_large_image\" \/>\n<meta name=\"twitter:label1\" content=\"Est. tempo de leitura\" \/>\n\t<meta name=\"twitter:data1\" content=\"3 minutos\" \/>\n<script type=\"application\/ld+json\" class=\"yoast-schema-graph\">{\"@context\":\"https:\\\/\\\/schema.org\",\"@graph\":[{\"@type\":\"Article\",\"@id\":\"https:\\\/\\\/www.conveniosocial.com.br\\\/blog\\\/tratamentos-avancados\\\/dra-lilian-salviato-especialista-em-dermatologia-estetica\\\/#article\",\"isPartOf\":{\"@id\":\"https:\\\/\\\/www.conveniosocial.com.br\\\/blog\\\/tratamentos-avancados\\\/dra-lilian-salviato-especialista-em-dermatologia-estetica\\\/\"},\"author\":{\"name\":\"\",\"@id\":\"\"},\"headline\":\"Dra. Lilian Salviato: Especialista em Dermatologia Est\u00e9tica\",\"datePublished\":\"2025-12-06T00:00:12+00:00\",\"mainEntityOfPage\":{\"@id\":\"https:\\\/\\\/www.conveniosocial.com.br\\\/blog\\\/tratamentos-avancados\\\/dra-lilian-salviato-especialista-em-dermatologia-estetica\\\/\"},\"wordCount\":657,\"commentCount\":0,\"publisher\":{\"@id\":\"https:\\\/\\\/www.conveniosocial.com.br\\\/blog\\\/#organization\"},\"articleSection\":[\"Dermatologia Est\u00e9tica\",\"Sa\u00fade da Pele\",\"Tratamentos Avan\u00e7ados\"],\"inLanguage\":\"pt-BR\"},{\"@type\":\"WebPage\",\"@id\":\"https:\\\/\\\/www.conveniosocial.com.br\\\/blog\\\/tratamentos-avancados\\\/dra-lilian-salviato-especialista-em-dermatologia-estetica\\\/\",\"url\":\"https:\\\/\\\/www.conveniosocial.com.br\\\/blog\\\/tratamentos-avancados\\\/dra-lilian-salviato-especialista-em-dermatologia-estetica\\\/\",\"name\":\"Dra. Lilian Salviato: Especialista em Dermatologia Est\u00e9tica - Conv\u00eanio Social\",\"isPartOf\":{\"@id\":\"https:\\\/\\\/www.conveniosocial.com.br\\\/blog\\\/#website\"},\"datePublished\":\"2025-12-06T00:00:12+00:00\",\"breadcrumb\":{\"@id\":\"https:\\\/\\\/www.conveniosocial.com.br\\\/blog\\\/tratamentos-avancados\\\/dra-lilian-salviato-especialista-em-dermatologia-estetica\\\/#breadcrumb\"},\"inLanguage\":\"pt-BR\",\"potentialAction\":[{\"@type\":\"ReadAction\",\"target\":[\"https:\\\/\\\/www.conveniosocial.com.br\\\/blog\\\/tratamentos-avancados\\\/dra-lilian-salviato-especialista-em-dermatologia-estetica\\\/\"]}]},{\"@type\":\"BreadcrumbList\",\"@id\":\"https:\\\/\\\/www.conveniosocial.com.br\\\/blog\\\/tratamentos-avancados\\\/dra-lilian-salviato-especialista-em-dermatologia-estetica\\\/#breadcrumb\",\"itemListElement\":[{\"@type\":\"ListItem\",\"position\":1,\"name\":\"Home\",\"item\":\"https:\\\/\\\/www.conveniosocial.com.br\\\/blog\\\/\"},{\"@type\":\"ListItem\",\"position\":2,\"name\":\"Dermatologia Est\u00e9tica\",\"item\":\"https:\\\/\\\/www.conveniosocial.com.br\\\/blog\\\/dermatologia-estetica\\\/\"},{\"@type\":\"ListItem\",\"position\":3,\"name\":\"Dra. Lilian Salviato: Especialista em Dermatologia Est\u00e9tica\"}]},{\"@type\":\"WebSite\",\"@id\":\"https:\\\/\\\/www.conveniosocial.com.br\\\/blog\\\/#website\",\"url\":\"https:\\\/\\\/www.conveniosocial.com.br\\\/blog\\\/\",\"name\":\"Conv\u00eanio Social\",\"description\":\"Informa\u00e7\u00f5es de Sa\u00fade e Bem-estar, Consultas e Exames Popular\",\"publisher\":{\"@id\":\"https:\\\/\\\/www.conveniosocial.com.br\\\/blog\\\/#organization\"},\"potentialAction\":[{\"@type\":\"SearchAction\",\"target\":{\"@type\":\"EntryPoint\",\"urlTemplate\":\"https:\\\/\\\/www.conveniosocial.com.br\\\/blog\\\/?s={search_term_string}\"},\"query-input\":{\"@type\":\"PropertyValueSpecification\",\"valueRequired\":true,\"valueName\":\"search_term_string\"}}],\"inLanguage\":\"pt-BR\"},{\"@type\":\"Organization\",\"@id\":\"https:\\\/\\\/www.conveniosocial.com.br\\\/blog\\\/#organization\",\"name\":\"Conv\u00eanio Social\",\"url\":\"https:\\\/\\\/www.conveniosocial.com.br\\\/blog\\\/\",\"logo\":{\"@type\":\"ImageObject\",\"inLanguage\":\"pt-BR\",\"@id\":\"https:\\\/\\\/www.conveniosocial.com.br\\\/blog\\\/#\\\/schema\\\/logo\\\/image\\\/\",\"url\":\"https:\\\/\\\/www.conveniosocial.com.br\\\/blog\\\/wp-content\\\/uploads\\\/2021\\\/11\\\/novo_logo-convenio-socia-digital.png\",\"contentUrl\":\"https:\\\/\\\/www.conveniosocial.com.br\\\/blog\\\/wp-content\\\/uploads\\\/2021\\\/11\\\/novo_logo-convenio-socia-digital.png\",\"width\":400,\"height\":102,\"caption\":\"Conv\u00eanio Social\"},\"image\":{\"@id\":\"https:\\\/\\\/www.conveniosocial.com.br\\\/blog\\\/#\\\/schema\\\/logo\\\/image\\\/\"}}]}<\/script>\n<!-- \/ Yoast SEO Premium plugin. -->","yoast_head_json":{"title":"Dra. Lilian Salviato: Especialista em Dermatologia Est\u00e9tica - Conv\u00eanio Social","robots":{"index":"index","follow":"follow","max-snippet":"max-snippet:-1","max-image-preview":"max-image-preview:large","max-video-preview":"max-video-preview:-1"},"canonical":"https:\/\/www.conveniosocial.com.br\/blog\/tratamentos-avancados\/dra-lilian-salviato-especialista-em-dermatologia-estetica\/","og_locale":"pt_BR","og_type":"article","og_title":"Dra. Lilian Salviato: Especialista em Dermatologia Est\u00e9tica","og_description":"Dra. Lilian Salviato: Especialista em Dermatologia Est\u00e9tica A Cl\u00ednica da Dra. Lilian Nascimento Salviato, localizada na Praia do Canto, em Vit\u00f3ria, ES, \u00e9 um espa\u00e7o acolhedor e humanizado, dedicado a oferecer os melhores tratamentos em dermatologia est\u00e9tica. Com uma abordagem centrada no paciente, a cl\u00ednica se destaca pela qualidade dos servi\u00e7os e pelo profissionalismo da [&hellip;]","og_url":"https:\/\/www.conveniosocial.com.br\/blog\/tratamentos-avancados\/dra-lilian-salviato-especialista-em-dermatologia-estetica\/","og_site_name":"Conv\u00eanio Social","article_published_time":"2025-12-06T00:00:12+00:00","twitter_card":"summary_large_image","twitter_misc":{"Est. tempo de leitura":"3 minutos"},"schema":{"@context":"https:\/\/schema.org","@graph":[{"@type":"Article","@id":"https:\/\/www.conveniosocial.com.br\/blog\/tratamentos-avancados\/dra-lilian-salviato-especialista-em-dermatologia-estetica\/#article","isPartOf":{"@id":"https:\/\/www.conveniosocial.com.br\/blog\/tratamentos-avancados\/dra-lilian-salviato-especialista-em-dermatologia-estetica\/"},"author":{"name":"","@id":""},"headline":"Dra. Lilian Salviato: Especialista em Dermatologia Est\u00e9tica","datePublished":"2025-12-06T00:00:12+00:00","mainEntityOfPage":{"@id":"https:\/\/www.conveniosocial.com.br\/blog\/tratamentos-avancados\/dra-lilian-salviato-especialista-em-dermatologia-estetica\/"},"wordCount":657,"commentCount":0,"publisher":{"@id":"https:\/\/www.conveniosocial.com.br\/blog\/#organization"},"articleSection":["Dermatologia Est\u00e9tica","Sa\u00fade da Pele","Tratamentos Avan\u00e7ados"],"inLanguage":"pt-BR"},{"@type":"WebPage","@id":"https:\/\/www.conveniosocial.com.br\/blog\/tratamentos-avancados\/dra-lilian-salviato-especialista-em-dermatologia-estetica\/","url":"https:\/\/www.conveniosocial.com.br\/blog\/tratamentos-avancados\/dra-lilian-salviato-especialista-em-dermatologia-estetica\/","name":"Dra. Lilian Salviato: Especialista em Dermatologia Est\u00e9tica - Conv\u00eanio Social","isPartOf":{"@id":"https:\/\/www.conveniosocial.com.br\/blog\/#website"},"datePublished":"2025-12-06T00:00:12+00:00","breadcrumb":{"@id":"https:\/\/www.conveniosocial.com.br\/blog\/tratamentos-avancados\/dra-lilian-salviato-especialista-em-dermatologia-estetica\/#breadcrumb"},"inLanguage":"pt-BR","potentialAction":[{"@type":"ReadAction","target":["https:\/\/www.conveniosocial.com.br\/blog\/tratamentos-avancados\/dra-lilian-salviato-especialista-em-dermatologia-estetica\/"]}]},{"@type":"BreadcrumbList","@id":"https:\/\/www.conveniosocial.com.br\/blog\/tratamentos-avancados\/dra-lilian-salviato-especialista-em-dermatologia-estetica\/#breadcrumb","itemListElement":[{"@type":"ListItem","position":1,"name":"Home","item":"https:\/\/www.conveniosocial.com.br\/blog\/"},{"@type":"ListItem","position":2,"name":"Dermatologia Est\u00e9tica","item":"https:\/\/www.conveniosocial.com.br\/blog\/dermatologia-estetica\/"},{"@type":"ListItem","position":3,"name":"Dra. Lilian Salviato: Especialista em Dermatologia Est\u00e9tica"}]},{"@type":"WebSite","@id":"https:\/\/www.conveniosocial.com.br\/blog\/#website","url":"https:\/\/www.conveniosocial.com.br\/blog\/","name":"Conv\u00eanio Social","description":"Informa\u00e7\u00f5es de Sa\u00fade e Bem-estar, Consultas e Exames Popular","publisher":{"@id":"https:\/\/www.conveniosocial.com.br\/blog\/#organization"},"potentialAction":[{"@type":"SearchAction","target":{"@type":"EntryPoint","urlTemplate":"https:\/\/www.conveniosocial.com.br\/blog\/?s={search_term_string}"},"query-input":{"@type":"PropertyValueSpecification","valueRequired":true,"valueName":"search_term_string"}}],"inLanguage":"pt-BR"},{"@type":"Organization","@id":"https:\/\/www.conveniosocial.com.br\/blog\/#organization","name":"Conv\u00eanio Social","url":"https:\/\/www.conveniosocial.com.br\/blog\/","logo":{"@type":"ImageObject","inLanguage":"pt-BR","@id":"https:\/\/www.conveniosocial.com.br\/blog\/#\/schema\/logo\/image\/","url":"https:\/\/www.conveniosocial.com.br\/blog\/wp-content\/uploads\/2021\/11\/novo_logo-convenio-socia-digital.png","contentUrl":"https:\/\/www.conveniosocial.com.br\/blog\/wp-content\/uploads\/2021\/11\/novo_logo-convenio-socia-digital.png","width":400,"height":102,"caption":"Conv\u00eanio Social"},"image":{"@id":"https:\/\/www.conveniosocial.com.br\/blog\/#\/schema\/logo\/image\/"}}]}},"_links":{"self":[{"href":"https:\/\/www.conveniosocial.com.br\/blog\/wp-json\/wp\/v2\/posts\/148141","targetHints":{"allow":["GET"]}}],"collection":[{"href":"https:\/\/www.conveniosocial.com.br\/blog\/wp-json\/wp\/v2\/posts"}],"about":[{"href":"https:\/\/www.conveniosocial.com.br\/blog\/wp-json\/wp\/v2\/types\/post"}],"replies":[{"embeddable":true,"href":"https:\/\/www.conveniosocial.com.br\/blog\/wp-json\/wp\/v2\/comments?post=148141"}],"version-history":[{"count":0,"href":"https:\/\/www.conveniosocial.com.br\/blog\/wp-json\/wp\/v2\/posts\/148141\/revisions"}],"wp:attachment":[{"href":"https:\/\/www.conveniosocial.com.br\/blog\/wp-json\/wp\/v2\/media?parent=148141"}],"wp:term":[{"taxonomy":"category","embeddable":true,"href":"https:\/\/www.conveniosocial.com.br\/blog\/wp-json\/wp\/v2\/categories?post=148141"},{"taxonomy":"post_tag","embeddable":true,"href":"https:\/\/www.conveniosocial.com.br\/blog\/wp-json\/wp\/v2\/tags?post=148141"}],"curies":[{"name":"wp","href":"https:\/\/api.w.org\/{rel}","templated":true}]}}