{"id":148150,"date":"2025-12-12T09:00:09","date_gmt":"2025-12-12T12:00:09","guid":{"rendered":"https:\/\/www.conveniosocial.com.br\/blog\/nehuma\/clinica-de-pediatria-em-duque-de-caxias-dra-sheyla-neto\/"},"modified":"2025-12-12T09:00:09","modified_gmt":"2025-12-12T12:00:09","slug":"clinica-de-pediatria-em-duque-de-caxias-dra-sheyla-neto","status":"publish","type":"post","link":"https:\/\/www.conveniosocial.com.br\/blog\/pediatria\/clinica-de-pediatria-em-duque-de-caxias-dra-sheyla-neto\/","title":{"rendered":"Cl\u00ednica de Pediatria em Duque de Caxias &#8211; Dra. Sheyla Neto"},"content":{"rendered":"<div id=\"ez-toc-container\" class=\"ez-toc-v2_0_82_2 counter-flat ez-toc-counter ez-toc-white ez-toc-container-direction\">\n<p class=\"ez-toc-title\" style=\"cursor:inherit\">\u00cdndice do Conte\u00fado<\/p>\n<label for=\"ez-toc-cssicon-toggle-item-69edfa122cf41\" class=\"ez-toc-cssicon-toggle-label\"><span class=\"ez-toc-cssicon\"><span class=\"eztoc-hide\" style=\"display:none;\">Toggle<\/span><span class=\"ez-toc-icon-toggle-span\"><svg style=\"fill: #999;color:#999\" xmlns=\"http:\/\/www.w3.org\/2000\/svg\" class=\"list-377408\" width=\"20px\" height=\"20px\" viewBox=\"0 0 24 24\" fill=\"none\"><path d=\"M6 6H4v2h2V6zm14 0H8v2h12V6zM4 11h2v2H4v-2zm16 0H8v2h12v-2zM4 16h2v2H4v-2zm16 0H8v2h12v-2z\" fill=\"currentColor\"><\/path><\/svg><svg style=\"fill: #999;color:#999\" class=\"arrow-unsorted-368013\" xmlns=\"http:\/\/www.w3.org\/2000\/svg\" width=\"10px\" height=\"10px\" viewBox=\"0 0 24 24\" version=\"1.2\" baseProfile=\"tiny\"><path d=\"M18.2 9.3l-6.2-6.3-6.2 6.3c-.2.2-.3.4-.3.7s.1.5.3.7c.2.2.4.3.7.3h11c.3 0 .5-.1.7-.3.2-.2.3-.5.3-.7s-.1-.5-.3-.7zM5.8 14.7l6.2 6.3 6.2-6.3c.2-.2.3-.5.3-.7s-.1-.5-.3-.7c-.2-.2-.4-.3-.7-.3h-11c-.3 0-.5.1-.7.3-.2.2-.3.5-.3.7s.1.5.3.7z\"\/><\/svg><\/span><\/span><\/label><input type=\"checkbox\"  id=\"ez-toc-cssicon-toggle-item-69edfa122cf41\" checked aria-label=\"Alternar\" \/><nav><ul class='ez-toc-list ez-toc-list-level-1 ' ><li class='ez-toc-page-1'><a class=\"ez-toc-link ez-toc-heading-1\" href=\"https:\/\/www.conveniosocial.com.br\/blog\/pediatria\/clinica-de-pediatria-em-duque-de-caxias-dra-sheyla-neto\/#Clinica_de_Pediatria_em_Duque_de_Caxias_%E2%80%93_Dra_Sheyla_Neto\" >Cl\u00ednica de Pediatria em Duque de Caxias &#8211; Dra. Sheyla Neto<\/a><\/li><li class='ez-toc-page-1'><a class=\"ez-toc-link ez-toc-heading-2\" href=\"https:\/\/www.conveniosocial.com.br\/blog\/pediatria\/clinica-de-pediatria-em-duque-de-caxias-dra-sheyla-neto\/#Perguntas_Frequentes\" >Perguntas Frequentes<\/a><\/li><li class='ez-toc-page-1'><a class=\"ez-toc-link ez-toc-heading-3\" href=\"https:\/\/www.conveniosocial.com.br\/blog\/pediatria\/clinica-de-pediatria-em-duque-de-caxias-dra-sheyla-neto\/#Contato\" >Contato<\/a><\/li><\/ul><\/nav><\/div>\n<h2><span class=\"ez-toc-section\" id=\"Clinica_de_Pediatria_em_Duque_de_Caxias_%E2%80%93_Dra_Sheyla_Neto\"><\/span>Cl\u00ednica de Pediatria em Duque de Caxias &#8211; Dra. Sheyla Neto<span class=\"ez-toc-section-end\"><\/span><\/h2>\n<p>A Cl\u00ednica Sheyla Neto Figueiredo \u00e9 um espa\u00e7o acolhedor e humanizado, localizado no cora\u00e7\u00e3o do bairro Jardim Vinte e Cinco de Agosto, em Duque de Caxias &#8211; RJ. Com uma equipe especializada e comprometida com a sa\u00fade e bem-estar das crian\u00e7as, a cl\u00ednica oferece um atendimento de excel\u00eancia nas \u00e1reas de Pediatria e Medicina Generalista. A Dra. Sheyla Neto Figueiredo, respons\u00e1vel t\u00e9cnica da cl\u00ednica, possui CRM 504779 RJ e \u00e9 certificada pelo CNRM 49680-1, garantindo um atendimento de qualidade e confian\u00e7a para todos os pacientes.<\/p>\n<p>A cl\u00ednica se destaca por seu compromisso com a sa\u00fade infantil, oferecendo uma variedade de servi\u00e7os essenciais para o desenvolvimento das crian\u00e7as. Entre os servi\u00e7os prestados, destacam-se as consultas pedi\u00e1tricas, que incluem a primeira consulta, retornos de consultas, acompanhamento de rotina (puericultura), apoio \u00e0 amamenta\u00e7\u00e3o, atendimento a beb\u00eas prematuros, crian\u00e7as com febre e outras doen\u00e7as, al\u00e9m de orienta\u00e7\u00e3o sobre introdu\u00e7\u00e3o alimentar. Com um olhar atento e cuidadoso, a Dra. Sheyla e sua equipe garantem que cada crian\u00e7a receba a aten\u00e7\u00e3o e o cuidado que merece, criando um ambiente seguro e acolhedor.<\/p>\n<p>Localizada em uma regi\u00e3o de f\u00e1cil acesso, a cl\u00ednica \u00e9 pr\u00f3xima a diversos bairros, incluindo Centro, Vila Ideal e Engenho do Porto, facilitando a visita dos pacientes. O hor\u00e1rio de funcionamento \u00e9 de segunda a sexta-feira, das 09:00 \u00e0s 18:00, permitindo que as fam\u00edlias encontrem um momento conveniente para consultas e atendimentos.<\/p>\n<p>A Cl\u00ednica Sheyla Neto Figueiredo tamb\u00e9m est\u00e1 comprometida em proporcionar um atendimento humanizado, onde cada pai e m\u00e3e pode sentir-se \u00e0 vontade para tirar d\u00favidas e compartilhar preocupa\u00e7\u00f5es sobre a sa\u00fade de seus filhos. O relacionamento pr\u00f3ximo e a comunica\u00e7\u00e3o aberta s\u00e3o fundamentais para a constru\u00e7\u00e3o de uma rela\u00e7\u00e3o de confian\u00e7a entre a equipe e as fam\u00edlias atendidas.<\/p>\n<p>Para agendar uma consulta ou obter mais informa\u00e7\u00f5es, voc\u00ea pode entrar em contato pelo telefone (21) 2771-3571. Para conhecer melhor a cl\u00ednica e seus servi\u00e7os, visite nosso site em https:\/\/www.doctoralia.com.br\/sheyla-neto-figueiredo\/generalista-pediatra\/duque-de-caxias#profile-pricing, onde voc\u00ea encontrar\u00e1 detalhes sobre os servi\u00e7os oferecidos e a possibilidade de agendamentos online. Estamos tamb\u00e9m presentes no Instagram, onde compartilhamos dicas de sa\u00fade e bem-estar para seus pequenos. <\/p>\n<p>Na Cl\u00ednica Sheyla Neto Figueiredo, cada crian\u00e7a \u00e9 especial e merece o melhor cuidado. Venha nos visitar e conhe\u00e7a um espa\u00e7o onde a sa\u00fade e o carinho andam de m\u00e3os dadas.<\/p>\n<h3><span class=\"ez-toc-section\" id=\"Perguntas_Frequentes\"><\/span>Perguntas Frequentes<span class=\"ez-toc-section-end\"><\/span><\/h3>\n<p>P: Quais especialidades a cl\u00ednica oferece?<br \/>\nR: A cl\u00ednica oferece especialidades em Pediatria e Medicina Generalista.<\/p>\n<p>P: Onde a cl\u00ednica est\u00e1 localizada?<br \/>\nR: A cl\u00ednica est\u00e1 localizada no Jardim Vinte e Cinco de Agosto, em Duque de Caxias &#8211; RJ.<\/p>\n<p>P: Quais servi\u00e7os est\u00e3o dispon\u00edveis na cl\u00ednica?<br \/>\nR: Oferecemos consultas pedi\u00e1tricas, acompanhamento de rotina, apoio \u00e0 amamenta\u00e7\u00e3o, entre outros.<\/p>\n<p>P: Qual \u00e9 o hor\u00e1rio de funcionamento da cl\u00ednica?<br \/>\nR: A cl\u00ednica funciona de segunda a sexta-feira, das 09:00 \u00e0s 18:00.<\/p>\n<p>P: Como posso agendar uma consulta?<br \/>\nR: Voc\u00ea pode agendar uma consulta pelo telefone (21) 2771-3571 ou atrav\u00e9s do nosso site.<\/p>\n<p>P: A cl\u00ednica atende conv\u00eanios?<br \/>\nR: No momento, n\u00e3o temos informa\u00e7\u00f5es sobre conv\u00eanios. Recomendamos entrar em contato para mais detalhes.<\/p>\n<p>P: A cl\u00ednica realiza atendimento para beb\u00eas prematuros?<br \/>\nR: Sim, fazemos atendimento especializado para beb\u00eas prematuros.<\/p>\n<p>P: O que \u00e9 puericultura?<br \/>\nR: Puericultura \u00e9 o acompanhamento do crescimento e desenvolvimento da crian\u00e7a, incluindo orienta\u00e7\u00f5es sobre sa\u00fade e nutri\u00e7\u00e3o.<\/p>\n<p>P: A cl\u00ednica oferece apoio \u00e0 amamenta\u00e7\u00e3o?<br \/>\nR: Sim, oferecemos suporte e orienta\u00e7\u00f5es sobre amamenta\u00e7\u00e3o para m\u00e3es e beb\u00eas.<\/p>\n<p>P: Quais bairros est\u00e3o pr\u00f3ximos \u00e0 cl\u00ednica?<br \/>\nR: Os bairros pr\u00f3ximos incluem Centro, Vila Ideal, Engenho do Porto, entre outros.<\/p>\n<h3><span class=\"ez-toc-section\" id=\"Contato\"><\/span>Contato<span class=\"ez-toc-section-end\"><\/span><\/h3>\n<p><strong>Tel.: 2127713571 | <\/strong><br \/>\n<strong>WhatsApp: &#8211; <\/strong><\/p>\n","protected":false},"excerpt":{"rendered":"<p>Cl\u00ednica de Pediatria em Duque de Caxias &#8211; Dra. Sheyla Neto A Cl\u00ednica Sheyla Neto Figueiredo \u00e9 um espa\u00e7o acolhedor e humanizado, localizado no cora\u00e7\u00e3o do bairro Jardim Vinte e Cinco de Agosto, em Duque de Caxias &#8211; RJ. Com uma equipe especializada e comprometida com a sa\u00fade e bem-estar das crian\u00e7as, a cl\u00ednica oferece [&hellip;]<\/p>\n","protected":false},"author":0,"featured_media":0,"comment_status":"open","ping_status":"open","sticky":false,"template":"","format":"standard","meta":{"_et_pb_use_builder":"o","_et_pb_old_content":"","_et_gb_content_width":"","footnotes":""},"categories":[1522,1193,1641],"tags":[],"class_list":["post-148150","post","type-post","status-publish","format-standard","hentry","category-atendimento-infantil","category-pediatria","category-saude-da-crianca"],"yoast_head":"<!-- This site is optimized with the Yoast SEO Premium plugin v21.3 (Yoast SEO v27.4) - https:\/\/yoast.com\/product\/yoast-seo-premium-wordpress\/ -->\n<title>Cl\u00ednica de Pediatria em Duque de Caxias - Dra. Sheyla Neto - Conv\u00eanio Social<\/title>\n<meta name=\"robots\" content=\"index, follow, max-snippet:-1, max-image-preview:large, max-video-preview:-1\" \/>\n<link rel=\"canonical\" href=\"https:\/\/www.conveniosocial.com.br\/blog\/pediatria\/clinica-de-pediatria-em-duque-de-caxias-dra-sheyla-neto\/\" \/>\n<meta property=\"og:locale\" content=\"pt_BR\" \/>\n<meta property=\"og:type\" content=\"article\" \/>\n<meta property=\"og:title\" content=\"Cl\u00ednica de Pediatria em Duque de Caxias - Dra. Sheyla Neto\" \/>\n<meta property=\"og:description\" content=\"Cl\u00ednica de Pediatria em Duque de Caxias - Dra. Sheyla Neto A Cl\u00ednica Sheyla Neto Figueiredo \u00e9 um espa\u00e7o acolhedor e humanizado, localizado no cora\u00e7\u00e3o do bairro Jardim Vinte e Cinco de Agosto, em Duque de Caxias - RJ. Com uma equipe especializada e comprometida com a sa\u00fade e bem-estar das crian\u00e7as, a cl\u00ednica oferece [&hellip;]\" \/>\n<meta property=\"og:url\" content=\"https:\/\/www.conveniosocial.com.br\/blog\/pediatria\/clinica-de-pediatria-em-duque-de-caxias-dra-sheyla-neto\/\" \/>\n<meta property=\"og:site_name\" content=\"Conv\u00eanio Social\" \/>\n<meta property=\"article:published_time\" content=\"2025-12-12T12:00:09+00:00\" \/>\n<meta name=\"twitter:card\" content=\"summary_large_image\" \/>\n<meta name=\"twitter:label1\" content=\"Est. tempo de leitura\" \/>\n\t<meta name=\"twitter:data1\" content=\"3 minutos\" \/>\n<script type=\"application\/ld+json\" class=\"yoast-schema-graph\">{\"@context\":\"https:\\\/\\\/schema.org\",\"@graph\":[{\"@type\":\"Article\",\"@id\":\"https:\\\/\\\/www.conveniosocial.com.br\\\/blog\\\/pediatria\\\/clinica-de-pediatria-em-duque-de-caxias-dra-sheyla-neto\\\/#article\",\"isPartOf\":{\"@id\":\"https:\\\/\\\/www.conveniosocial.com.br\\\/blog\\\/pediatria\\\/clinica-de-pediatria-em-duque-de-caxias-dra-sheyla-neto\\\/\"},\"author\":{\"name\":\"\",\"@id\":\"\"},\"headline\":\"Cl\u00ednica de Pediatria em Duque de Caxias &#8211; Dra. Sheyla Neto\",\"datePublished\":\"2025-12-12T12:00:09+00:00\",\"mainEntityOfPage\":{\"@id\":\"https:\\\/\\\/www.conveniosocial.com.br\\\/blog\\\/pediatria\\\/clinica-de-pediatria-em-duque-de-caxias-dra-sheyla-neto\\\/\"},\"wordCount\":684,\"commentCount\":0,\"publisher\":{\"@id\":\"https:\\\/\\\/www.conveniosocial.com.br\\\/blog\\\/#organization\"},\"articleSection\":[\"Atendimento Infantil\",\"Pediatria\",\"Sa\u00fade da Crian\u00e7a\"],\"inLanguage\":\"pt-BR\"},{\"@type\":\"WebPage\",\"@id\":\"https:\\\/\\\/www.conveniosocial.com.br\\\/blog\\\/pediatria\\\/clinica-de-pediatria-em-duque-de-caxias-dra-sheyla-neto\\\/\",\"url\":\"https:\\\/\\\/www.conveniosocial.com.br\\\/blog\\\/pediatria\\\/clinica-de-pediatria-em-duque-de-caxias-dra-sheyla-neto\\\/\",\"name\":\"Cl\u00ednica de Pediatria em Duque de Caxias - Dra. Sheyla Neto - Conv\u00eanio Social\",\"isPartOf\":{\"@id\":\"https:\\\/\\\/www.conveniosocial.com.br\\\/blog\\\/#website\"},\"datePublished\":\"2025-12-12T12:00:09+00:00\",\"breadcrumb\":{\"@id\":\"https:\\\/\\\/www.conveniosocial.com.br\\\/blog\\\/pediatria\\\/clinica-de-pediatria-em-duque-de-caxias-dra-sheyla-neto\\\/#breadcrumb\"},\"inLanguage\":\"pt-BR\",\"potentialAction\":[{\"@type\":\"ReadAction\",\"target\":[\"https:\\\/\\\/www.conveniosocial.com.br\\\/blog\\\/pediatria\\\/clinica-de-pediatria-em-duque-de-caxias-dra-sheyla-neto\\\/\"]}]},{\"@type\":\"BreadcrumbList\",\"@id\":\"https:\\\/\\\/www.conveniosocial.com.br\\\/blog\\\/pediatria\\\/clinica-de-pediatria-em-duque-de-caxias-dra-sheyla-neto\\\/#breadcrumb\",\"itemListElement\":[{\"@type\":\"ListItem\",\"position\":1,\"name\":\"Home\",\"item\":\"https:\\\/\\\/www.conveniosocial.com.br\\\/blog\\\/\"},{\"@type\":\"ListItem\",\"position\":2,\"name\":\"Atendimento Infantil\",\"item\":\"https:\\\/\\\/www.conveniosocial.com.br\\\/blog\\\/atendimento-infantil\\\/\"},{\"@type\":\"ListItem\",\"position\":3,\"name\":\"Cl\u00ednica de Pediatria em Duque de Caxias &#8211; Dra. Sheyla Neto\"}]},{\"@type\":\"WebSite\",\"@id\":\"https:\\\/\\\/www.conveniosocial.com.br\\\/blog\\\/#website\",\"url\":\"https:\\\/\\\/www.conveniosocial.com.br\\\/blog\\\/\",\"name\":\"Conv\u00eanio Social\",\"description\":\"Informa\u00e7\u00f5es de Sa\u00fade e Bem-estar, Consultas e Exames Popular\",\"publisher\":{\"@id\":\"https:\\\/\\\/www.conveniosocial.com.br\\\/blog\\\/#organization\"},\"potentialAction\":[{\"@type\":\"SearchAction\",\"target\":{\"@type\":\"EntryPoint\",\"urlTemplate\":\"https:\\\/\\\/www.conveniosocial.com.br\\\/blog\\\/?s={search_term_string}\"},\"query-input\":{\"@type\":\"PropertyValueSpecification\",\"valueRequired\":true,\"valueName\":\"search_term_string\"}}],\"inLanguage\":\"pt-BR\"},{\"@type\":\"Organization\",\"@id\":\"https:\\\/\\\/www.conveniosocial.com.br\\\/blog\\\/#organization\",\"name\":\"Conv\u00eanio Social\",\"url\":\"https:\\\/\\\/www.conveniosocial.com.br\\\/blog\\\/\",\"logo\":{\"@type\":\"ImageObject\",\"inLanguage\":\"pt-BR\",\"@id\":\"https:\\\/\\\/www.conveniosocial.com.br\\\/blog\\\/#\\\/schema\\\/logo\\\/image\\\/\",\"url\":\"https:\\\/\\\/www.conveniosocial.com.br\\\/blog\\\/wp-content\\\/uploads\\\/2021\\\/11\\\/novo_logo-convenio-socia-digital.png\",\"contentUrl\":\"https:\\\/\\\/www.conveniosocial.com.br\\\/blog\\\/wp-content\\\/uploads\\\/2021\\\/11\\\/novo_logo-convenio-socia-digital.png\",\"width\":400,\"height\":102,\"caption\":\"Conv\u00eanio Social\"},\"image\":{\"@id\":\"https:\\\/\\\/www.conveniosocial.com.br\\\/blog\\\/#\\\/schema\\\/logo\\\/image\\\/\"}}]}<\/script>\n<!-- \/ Yoast SEO Premium plugin. -->","yoast_head_json":{"title":"Cl\u00ednica de Pediatria em Duque de Caxias - Dra. Sheyla Neto - Conv\u00eanio Social","robots":{"index":"index","follow":"follow","max-snippet":"max-snippet:-1","max-image-preview":"max-image-preview:large","max-video-preview":"max-video-preview:-1"},"canonical":"https:\/\/www.conveniosocial.com.br\/blog\/pediatria\/clinica-de-pediatria-em-duque-de-caxias-dra-sheyla-neto\/","og_locale":"pt_BR","og_type":"article","og_title":"Cl\u00ednica de Pediatria em Duque de Caxias - Dra. Sheyla Neto","og_description":"Cl\u00ednica de Pediatria em Duque de Caxias - Dra. Sheyla Neto A Cl\u00ednica Sheyla Neto Figueiredo \u00e9 um espa\u00e7o acolhedor e humanizado, localizado no cora\u00e7\u00e3o do bairro Jardim Vinte e Cinco de Agosto, em Duque de Caxias - RJ. Com uma equipe especializada e comprometida com a sa\u00fade e bem-estar das crian\u00e7as, a cl\u00ednica oferece [&hellip;]","og_url":"https:\/\/www.conveniosocial.com.br\/blog\/pediatria\/clinica-de-pediatria-em-duque-de-caxias-dra-sheyla-neto\/","og_site_name":"Conv\u00eanio Social","article_published_time":"2025-12-12T12:00:09+00:00","twitter_card":"summary_large_image","twitter_misc":{"Est. tempo de leitura":"3 minutos"},"schema":{"@context":"https:\/\/schema.org","@graph":[{"@type":"Article","@id":"https:\/\/www.conveniosocial.com.br\/blog\/pediatria\/clinica-de-pediatria-em-duque-de-caxias-dra-sheyla-neto\/#article","isPartOf":{"@id":"https:\/\/www.conveniosocial.com.br\/blog\/pediatria\/clinica-de-pediatria-em-duque-de-caxias-dra-sheyla-neto\/"},"author":{"name":"","@id":""},"headline":"Cl\u00ednica de Pediatria em Duque de Caxias &#8211; Dra. Sheyla Neto","datePublished":"2025-12-12T12:00:09+00:00","mainEntityOfPage":{"@id":"https:\/\/www.conveniosocial.com.br\/blog\/pediatria\/clinica-de-pediatria-em-duque-de-caxias-dra-sheyla-neto\/"},"wordCount":684,"commentCount":0,"publisher":{"@id":"https:\/\/www.conveniosocial.com.br\/blog\/#organization"},"articleSection":["Atendimento Infantil","Pediatria","Sa\u00fade da Crian\u00e7a"],"inLanguage":"pt-BR"},{"@type":"WebPage","@id":"https:\/\/www.conveniosocial.com.br\/blog\/pediatria\/clinica-de-pediatria-em-duque-de-caxias-dra-sheyla-neto\/","url":"https:\/\/www.conveniosocial.com.br\/blog\/pediatria\/clinica-de-pediatria-em-duque-de-caxias-dra-sheyla-neto\/","name":"Cl\u00ednica de Pediatria em Duque de Caxias - Dra. Sheyla Neto - Conv\u00eanio Social","isPartOf":{"@id":"https:\/\/www.conveniosocial.com.br\/blog\/#website"},"datePublished":"2025-12-12T12:00:09+00:00","breadcrumb":{"@id":"https:\/\/www.conveniosocial.com.br\/blog\/pediatria\/clinica-de-pediatria-em-duque-de-caxias-dra-sheyla-neto\/#breadcrumb"},"inLanguage":"pt-BR","potentialAction":[{"@type":"ReadAction","target":["https:\/\/www.conveniosocial.com.br\/blog\/pediatria\/clinica-de-pediatria-em-duque-de-caxias-dra-sheyla-neto\/"]}]},{"@type":"BreadcrumbList","@id":"https:\/\/www.conveniosocial.com.br\/blog\/pediatria\/clinica-de-pediatria-em-duque-de-caxias-dra-sheyla-neto\/#breadcrumb","itemListElement":[{"@type":"ListItem","position":1,"name":"Home","item":"https:\/\/www.conveniosocial.com.br\/blog\/"},{"@type":"ListItem","position":2,"name":"Atendimento Infantil","item":"https:\/\/www.conveniosocial.com.br\/blog\/atendimento-infantil\/"},{"@type":"ListItem","position":3,"name":"Cl\u00ednica de Pediatria em Duque de Caxias &#8211; Dra. Sheyla Neto"}]},{"@type":"WebSite","@id":"https:\/\/www.conveniosocial.com.br\/blog\/#website","url":"https:\/\/www.conveniosocial.com.br\/blog\/","name":"Conv\u00eanio Social","description":"Informa\u00e7\u00f5es de Sa\u00fade e Bem-estar, Consultas e Exames Popular","publisher":{"@id":"https:\/\/www.conveniosocial.com.br\/blog\/#organization"},"potentialAction":[{"@type":"SearchAction","target":{"@type":"EntryPoint","urlTemplate":"https:\/\/www.conveniosocial.com.br\/blog\/?s={search_term_string}"},"query-input":{"@type":"PropertyValueSpecification","valueRequired":true,"valueName":"search_term_string"}}],"inLanguage":"pt-BR"},{"@type":"Organization","@id":"https:\/\/www.conveniosocial.com.br\/blog\/#organization","name":"Conv\u00eanio Social","url":"https:\/\/www.conveniosocial.com.br\/blog\/","logo":{"@type":"ImageObject","inLanguage":"pt-BR","@id":"https:\/\/www.conveniosocial.com.br\/blog\/#\/schema\/logo\/image\/","url":"https:\/\/www.conveniosocial.com.br\/blog\/wp-content\/uploads\/2021\/11\/novo_logo-convenio-socia-digital.png","contentUrl":"https:\/\/www.conveniosocial.com.br\/blog\/wp-content\/uploads\/2021\/11\/novo_logo-convenio-socia-digital.png","width":400,"height":102,"caption":"Conv\u00eanio Social"},"image":{"@id":"https:\/\/www.conveniosocial.com.br\/blog\/#\/schema\/logo\/image\/"}}]}},"_links":{"self":[{"href":"https:\/\/www.conveniosocial.com.br\/blog\/wp-json\/wp\/v2\/posts\/148150","targetHints":{"allow":["GET"]}}],"collection":[{"href":"https:\/\/www.conveniosocial.com.br\/blog\/wp-json\/wp\/v2\/posts"}],"about":[{"href":"https:\/\/www.conveniosocial.com.br\/blog\/wp-json\/wp\/v2\/types\/post"}],"replies":[{"embeddable":true,"href":"https:\/\/www.conveniosocial.com.br\/blog\/wp-json\/wp\/v2\/comments?post=148150"}],"version-history":[{"count":0,"href":"https:\/\/www.conveniosocial.com.br\/blog\/wp-json\/wp\/v2\/posts\/148150\/revisions"}],"wp:attachment":[{"href":"https:\/\/www.conveniosocial.com.br\/blog\/wp-json\/wp\/v2\/media?parent=148150"}],"wp:term":[{"taxonomy":"category","embeddable":true,"href":"https:\/\/www.conveniosocial.com.br\/blog\/wp-json\/wp\/v2\/categories?post=148150"},{"taxonomy":"post_tag","embeddable":true,"href":"https:\/\/www.conveniosocial.com.br\/blog\/wp-json\/wp\/v2\/tags?post=148150"}],"curies":[{"name":"wp","href":"https:\/\/api.w.org\/{rel}","templated":true}]}}