{"id":148260,"date":"2025-12-12T09:00:12","date_gmt":"2025-12-12T12:00:12","guid":{"rendered":"https:\/\/www.conveniosocial.com.br\/blog\/nehuma\/instituto-de-saude-integrativa-cuidando-de-voce-em-botucatu\/"},"modified":"2025-12-12T09:00:12","modified_gmt":"2025-12-12T12:00:12","slug":"instituto-de-saude-integrativa-cuidando-de-voce-em-botucatu","status":"publish","type":"post","link":"https:\/\/www.conveniosocial.com.br\/blog\/exames-medicos\/instituto-de-saude-integrativa-cuidando-de-voce-em-botucatu\/","title":{"rendered":"Instituto de Sa\u00fade Integrativa &#8211; Cuidando de Voc\u00ea em Botucatu"},"content":{"rendered":"<div id=\"ez-toc-container\" class=\"ez-toc-v2_0_82_2 counter-flat ez-toc-counter ez-toc-white ez-toc-container-direction\">\n<p class=\"ez-toc-title\" style=\"cursor:inherit\">\u00cdndice do Conte\u00fado<\/p>\n<label for=\"ez-toc-cssicon-toggle-item-69f28f02bc7a7\" class=\"ez-toc-cssicon-toggle-label\"><span class=\"ez-toc-cssicon\"><span class=\"eztoc-hide\" style=\"display:none;\">Toggle<\/span><span class=\"ez-toc-icon-toggle-span\"><svg style=\"fill: #999;color:#999\" xmlns=\"http:\/\/www.w3.org\/2000\/svg\" class=\"list-377408\" width=\"20px\" height=\"20px\" viewBox=\"0 0 24 24\" fill=\"none\"><path d=\"M6 6H4v2h2V6zm14 0H8v2h12V6zM4 11h2v2H4v-2zm16 0H8v2h12v-2zM4 16h2v2H4v-2zm16 0H8v2h12v-2z\" fill=\"currentColor\"><\/path><\/svg><svg style=\"fill: #999;color:#999\" class=\"arrow-unsorted-368013\" xmlns=\"http:\/\/www.w3.org\/2000\/svg\" width=\"10px\" height=\"10px\" viewBox=\"0 0 24 24\" version=\"1.2\" baseProfile=\"tiny\"><path d=\"M18.2 9.3l-6.2-6.3-6.2 6.3c-.2.2-.3.4-.3.7s.1.5.3.7c.2.2.4.3.7.3h11c.3 0 .5-.1.7-.3.2-.2.3-.5.3-.7s-.1-.5-.3-.7zM5.8 14.7l6.2 6.3 6.2-6.3c.2-.2.3-.5.3-.7s-.1-.5-.3-.7c-.2-.2-.4-.3-.7-.3h-11c-.3 0-.5.1-.7.3-.2.2-.3.5-.3.7s.1.5.3.7z\"\/><\/svg><\/span><\/span><\/label><input type=\"checkbox\"  id=\"ez-toc-cssicon-toggle-item-69f28f02bc7a7\" checked aria-label=\"Alternar\" \/><nav><ul class='ez-toc-list ez-toc-list-level-1 ' ><li class='ez-toc-page-1'><a class=\"ez-toc-link ez-toc-heading-1\" href=\"https:\/\/www.conveniosocial.com.br\/blog\/exames-medicos\/instituto-de-saude-integrativa-cuidando-de-voce-em-botucatu\/#Instituto_de_Saude_Integrativa_%E2%80%93_Cuidando_de_Voce_em_Botucatu\" >Instituto de Sa\u00fade Integrativa &#8211; Cuidando de Voc\u00ea em Botucatu<\/a><\/li><li class='ez-toc-page-1'><a class=\"ez-toc-link ez-toc-heading-2\" href=\"https:\/\/www.conveniosocial.com.br\/blog\/exames-medicos\/instituto-de-saude-integrativa-cuidando-de-voce-em-botucatu\/#Perguntas_Frequentes\" >Perguntas Frequentes<\/a><\/li><li class='ez-toc-page-1'><a class=\"ez-toc-link ez-toc-heading-3\" href=\"https:\/\/www.conveniosocial.com.br\/blog\/exames-medicos\/instituto-de-saude-integrativa-cuidando-de-voce-em-botucatu\/#Contato\" >Contato<\/a><\/li><\/ul><\/nav><\/div>\n<h2><span class=\"ez-toc-section\" id=\"Instituto_de_Saude_Integrativa_%E2%80%93_Cuidando_de_Voce_em_Botucatu\"><\/span>Instituto de Sa\u00fade Integrativa &#8211; Cuidando de Voc\u00ea em Botucatu<span class=\"ez-toc-section-end\"><\/span><\/h2>\n<p>O Instituto de Sa\u00fade Integrativa, localizado na Vila Padovan em Botucatu, SP, \u00e9 uma cl\u00ednica que se destaca pelo atendimento humanizado e integrado aos pacientes. Com horas de funcionamento de segunda a sexta-feira, das 08:00 \u00e0s 18:00, nossa equipe est\u00e1 sempre pronta para receber voc\u00ea e sua fam\u00edlia com acolhimento e profissionalismo.  <\/p>\n<p>Nosso foco \u00e9 oferecer um atendimento de qualidade em diversas especialidades, atuando como uma policl\u00ednica que busca atender as necessidades de sa\u00fade da comunidade local. Facilitamos o acesso aos servi\u00e7os m\u00e9dicos, garantindo que cada paciente tenha a aten\u00e7\u00e3o necess\u00e1ria para seu bem-estar.  <\/p>\n<p>A equipe do Instituto de Sa\u00fade Integrativa \u00e9 composta por profissionais qualificados e dedicados, que se empenham em entender as particularidades de cada paciente. Acreditamos que a sa\u00fade vai al\u00e9m do tratamento de doen\u00e7as, por isso promovemos um acompanhamento integral, visando a preven\u00e7\u00e3o e a promo\u00e7\u00e3o da sa\u00fade.  <\/p>\n<p>Nosso espa\u00e7o \u00e9 planejado para proporcionar conforto e tranquilidade, com uma infraestrutura que atende \u00e0s necessidades dos nossos visitantes. A localiza\u00e7\u00e3o na Vila Padovan \u00e9 estrat\u00e9gica, com f\u00e1cil acesso e proximidade a pontos de transporte p\u00fablico, facilitando a chegada dos nossos pacientes.  <\/p>\n<p>Embora n\u00e3o tenhamos informa\u00e7\u00f5es espec\u00edficas sobre exames e conv\u00eanios no momento, nossa equipe est\u00e1 \u00e0 disposi\u00e7\u00e3o para esclarecer qualquer d\u00favida e auxiliar no que for necess\u00e1rio. O telefone para contato \u00e9 (14) 99754-2200.  <\/p>\n<p>Convidamos voc\u00ea a nos seguir nas redes sociais e acompanhar nossas dicas de sa\u00fade e bem-estar. O Instituto de Sa\u00fade Integrativa \u00e9 mais que uma cl\u00ednica; somos um espa\u00e7o onde voc\u00ea pode confiar seu cuidado \u00e0 nossa equipe. Estamos aqui para apoiar voc\u00ea em cada passo da sua jornada de sa\u00fade. Para mais informa\u00e7\u00f5es, entre em contato conosco e venha nos conhecer pessoalmente. Juntos, podemos construir um futuro mais saud\u00e1vel para voc\u00ea e sua fam\u00edlia.<\/p>\n<h3><span class=\"ez-toc-section\" id=\"Perguntas_Frequentes\"><\/span>Perguntas Frequentes<span class=\"ez-toc-section-end\"><\/span><\/h3>\n<p>P: Quais especialidades s\u00e3o atendidas no Instituto de Sa\u00fade Integrativa?<br \/>\nR: O Instituto atua como uma policl\u00ednica, oferecendo diversas especialidades de sa\u00fade.<\/p>\n<p>P: Qual \u00e9 o hor\u00e1rio de funcionamento da cl\u00ednica?<br \/>\nR: Estamos abertos de segunda a sexta-feira, das 08:00 \u00e0s 18:00.<\/p>\n<p>P: Como posso agendar uma consulta?<br \/>\nR: Voc\u00ea pode agendar sua consulta pelo telefone (14) 99754-2200.<\/p>\n<p>P: A cl\u00ednica atende conv\u00eanios?<br \/>\nR: No momento, n\u00e3o temos informa\u00e7\u00f5es espec\u00edficas sobre conv\u00eanios. Recomendamos entrar em contato para mais detalhes.<\/p>\n<p>P: A cl\u00ednica oferece exames laboratoriais?<br \/>\nR: N\u00e3o temos informa\u00e7\u00f5es sobre exames espec\u00edficos, mas nossa equipe pode ajudar a direcionar suas necessidades.<\/p>\n<p>P: Onde est\u00e1 localizada a cl\u00ednica?<br \/>\nR: O Instituto de Sa\u00fade Integrativa est\u00e1 situado na Vila Padovan, em Botucatu, SP.<\/p>\n<p>P: O que \u00e9 sa\u00fade integrativa?<br \/>\nR: Sa\u00fade integrativa \u00e9 uma abordagem que considera o bem-estar f\u00edsico, emocional e social do paciente.<\/p>\n<p>P: A cl\u00ednica possui acessibilidade?<br \/>\nR: Sim, o espa\u00e7o \u00e9 projetado para ser acess\u00edvel a todos os pacientes.<\/p>\n<p>P: Posso levar um acompanhante para a consulta?<br \/>\nR: Sim, voc\u00ea pode trazer um acompanhante para te apoiar durante a consulta.<\/p>\n<p>P: A cl\u00ednica tem atendimento de emerg\u00eancia?<br \/>\nR: O Instituto n\u00e3o \u00e9 uma unidade de emerg\u00eancia, mas estamos aqui para ajudar no que for necess\u00e1rio.<\/p>\n<h3><span class=\"ez-toc-section\" id=\"Contato\"><\/span>Contato<span class=\"ez-toc-section-end\"><\/span><\/h3>\n<p><strong>Tel.: (14) 99754-2200 | <\/strong><br \/>\n<strong>WhatsApp: &#8211; <\/strong><\/p>\n","protected":false},"excerpt":{"rendered":"<p>Instituto de Sa\u00fade Integrativa &#8211; Cuidando de Voc\u00ea em Botucatu O Instituto de Sa\u00fade Integrativa, localizado na Vila Padovan em Botucatu, SP, \u00e9 uma cl\u00ednica que se destaca pelo atendimento humanizado e integrado aos pacientes. Com horas de funcionamento de segunda a sexta-feira, das 08:00 \u00e0s 18:00, nossa equipe est\u00e1 sempre pronta para receber voc\u00ea [&hellip;]<\/p>\n","protected":false},"author":0,"featured_media":0,"comment_status":"open","ping_status":"open","sticky":false,"template":"","format":"standard","meta":{"_et_pb_use_builder":"o","_et_pb_old_content":"","_et_gb_content_width":"","footnotes":""},"categories":[911,1509,1326],"tags":[],"class_list":["post-148260","post","type-post","status-publish","format-standard","hentry","category-exames-medicos","category-policlinica","category-saude-integrativa"],"yoast_head":"<!-- This site is optimized with the Yoast SEO Premium plugin v21.3 (Yoast SEO v27.5) - https:\/\/yoast.com\/product\/yoast-seo-premium-wordpress\/ -->\n<title>Instituto de Sa\u00fade Integrativa - Cuidando de Voc\u00ea em Botucatu - Conv\u00eanio Social<\/title>\n<meta name=\"robots\" content=\"index, follow, max-snippet:-1, max-image-preview:large, max-video-preview:-1\" \/>\n<link rel=\"canonical\" href=\"https:\/\/www.conveniosocial.com.br\/blog\/exames-medicos\/instituto-de-saude-integrativa-cuidando-de-voce-em-botucatu\/\" \/>\n<meta property=\"og:locale\" content=\"pt_BR\" \/>\n<meta property=\"og:type\" content=\"article\" \/>\n<meta property=\"og:title\" content=\"Instituto de Sa\u00fade Integrativa - Cuidando de Voc\u00ea em Botucatu\" \/>\n<meta property=\"og:description\" content=\"Instituto de Sa\u00fade Integrativa - Cuidando de Voc\u00ea em Botucatu O Instituto de Sa\u00fade Integrativa, localizado na Vila Padovan em Botucatu, SP, \u00e9 uma cl\u00ednica que se destaca pelo atendimento humanizado e integrado aos pacientes. Com horas de funcionamento de segunda a sexta-feira, das 08:00 \u00e0s 18:00, nossa equipe est\u00e1 sempre pronta para receber voc\u00ea [&hellip;]\" \/>\n<meta property=\"og:url\" content=\"https:\/\/www.conveniosocial.com.br\/blog\/exames-medicos\/instituto-de-saude-integrativa-cuidando-de-voce-em-botucatu\/\" \/>\n<meta property=\"og:site_name\" content=\"Conv\u00eanio Social\" \/>\n<meta property=\"article:published_time\" content=\"2025-12-12T12:00:12+00:00\" \/>\n<meta name=\"twitter:card\" content=\"summary_large_image\" \/>\n<meta name=\"twitter:label1\" content=\"Est. tempo de leitura\" \/>\n\t<meta name=\"twitter:data1\" content=\"3 minutos\" \/>\n<script type=\"application\/ld+json\" class=\"yoast-schema-graph\">{\"@context\":\"https:\\\/\\\/schema.org\",\"@graph\":[{\"@type\":\"Article\",\"@id\":\"https:\\\/\\\/www.conveniosocial.com.br\\\/blog\\\/exames-medicos\\\/instituto-de-saude-integrativa-cuidando-de-voce-em-botucatu\\\/#article\",\"isPartOf\":{\"@id\":\"https:\\\/\\\/www.conveniosocial.com.br\\\/blog\\\/exames-medicos\\\/instituto-de-saude-integrativa-cuidando-de-voce-em-botucatu\\\/\"},\"author\":{\"name\":\"\",\"@id\":\"\"},\"headline\":\"Instituto de Sa\u00fade Integrativa &#8211; Cuidando de Voc\u00ea em Botucatu\",\"datePublished\":\"2025-12-12T12:00:12+00:00\",\"mainEntityOfPage\":{\"@id\":\"https:\\\/\\\/www.conveniosocial.com.br\\\/blog\\\/exames-medicos\\\/instituto-de-saude-integrativa-cuidando-de-voce-em-botucatu\\\/\"},\"wordCount\":572,\"commentCount\":0,\"publisher\":{\"@id\":\"https:\\\/\\\/www.conveniosocial.com.br\\\/blog\\\/#organization\"},\"articleSection\":[\"Exames M\u00e9dicos\",\"Policl\u00ednica\",\"Sa\u00fade Integrativa\"],\"inLanguage\":\"pt-BR\"},{\"@type\":\"WebPage\",\"@id\":\"https:\\\/\\\/www.conveniosocial.com.br\\\/blog\\\/exames-medicos\\\/instituto-de-saude-integrativa-cuidando-de-voce-em-botucatu\\\/\",\"url\":\"https:\\\/\\\/www.conveniosocial.com.br\\\/blog\\\/exames-medicos\\\/instituto-de-saude-integrativa-cuidando-de-voce-em-botucatu\\\/\",\"name\":\"Instituto de Sa\u00fade Integrativa - Cuidando de Voc\u00ea em Botucatu - Conv\u00eanio Social\",\"isPartOf\":{\"@id\":\"https:\\\/\\\/www.conveniosocial.com.br\\\/blog\\\/#website\"},\"datePublished\":\"2025-12-12T12:00:12+00:00\",\"breadcrumb\":{\"@id\":\"https:\\\/\\\/www.conveniosocial.com.br\\\/blog\\\/exames-medicos\\\/instituto-de-saude-integrativa-cuidando-de-voce-em-botucatu\\\/#breadcrumb\"},\"inLanguage\":\"pt-BR\",\"potentialAction\":[{\"@type\":\"ReadAction\",\"target\":[\"https:\\\/\\\/www.conveniosocial.com.br\\\/blog\\\/exames-medicos\\\/instituto-de-saude-integrativa-cuidando-de-voce-em-botucatu\\\/\"]}]},{\"@type\":\"BreadcrumbList\",\"@id\":\"https:\\\/\\\/www.conveniosocial.com.br\\\/blog\\\/exames-medicos\\\/instituto-de-saude-integrativa-cuidando-de-voce-em-botucatu\\\/#breadcrumb\",\"itemListElement\":[{\"@type\":\"ListItem\",\"position\":1,\"name\":\"Home\",\"item\":\"https:\\\/\\\/www.conveniosocial.com.br\\\/blog\\\/\"},{\"@type\":\"ListItem\",\"position\":2,\"name\":\"Exames M\u00e9dicos\",\"item\":\"https:\\\/\\\/www.conveniosocial.com.br\\\/blog\\\/exames-medicos\\\/\"},{\"@type\":\"ListItem\",\"position\":3,\"name\":\"Instituto de Sa\u00fade Integrativa &#8211; Cuidando de Voc\u00ea em Botucatu\"}]},{\"@type\":\"WebSite\",\"@id\":\"https:\\\/\\\/www.conveniosocial.com.br\\\/blog\\\/#website\",\"url\":\"https:\\\/\\\/www.conveniosocial.com.br\\\/blog\\\/\",\"name\":\"Conv\u00eanio Social\",\"description\":\"Informa\u00e7\u00f5es de Sa\u00fade e Bem-estar, Consultas e Exames Popular\",\"publisher\":{\"@id\":\"https:\\\/\\\/www.conveniosocial.com.br\\\/blog\\\/#organization\"},\"potentialAction\":[{\"@type\":\"SearchAction\",\"target\":{\"@type\":\"EntryPoint\",\"urlTemplate\":\"https:\\\/\\\/www.conveniosocial.com.br\\\/blog\\\/?s={search_term_string}\"},\"query-input\":{\"@type\":\"PropertyValueSpecification\",\"valueRequired\":true,\"valueName\":\"search_term_string\"}}],\"inLanguage\":\"pt-BR\"},{\"@type\":\"Organization\",\"@id\":\"https:\\\/\\\/www.conveniosocial.com.br\\\/blog\\\/#organization\",\"name\":\"Conv\u00eanio Social\",\"url\":\"https:\\\/\\\/www.conveniosocial.com.br\\\/blog\\\/\",\"logo\":{\"@type\":\"ImageObject\",\"inLanguage\":\"pt-BR\",\"@id\":\"https:\\\/\\\/www.conveniosocial.com.br\\\/blog\\\/#\\\/schema\\\/logo\\\/image\\\/\",\"url\":\"https:\\\/\\\/www.conveniosocial.com.br\\\/blog\\\/wp-content\\\/uploads\\\/2021\\\/11\\\/novo_logo-convenio-socia-digital.png\",\"contentUrl\":\"https:\\\/\\\/www.conveniosocial.com.br\\\/blog\\\/wp-content\\\/uploads\\\/2021\\\/11\\\/novo_logo-convenio-socia-digital.png\",\"width\":400,\"height\":102,\"caption\":\"Conv\u00eanio Social\"},\"image\":{\"@id\":\"https:\\\/\\\/www.conveniosocial.com.br\\\/blog\\\/#\\\/schema\\\/logo\\\/image\\\/\"}}]}<\/script>\n<!-- \/ Yoast SEO Premium plugin. -->","yoast_head_json":{"title":"Instituto de Sa\u00fade Integrativa - Cuidando de Voc\u00ea em Botucatu - Conv\u00eanio Social","robots":{"index":"index","follow":"follow","max-snippet":"max-snippet:-1","max-image-preview":"max-image-preview:large","max-video-preview":"max-video-preview:-1"},"canonical":"https:\/\/www.conveniosocial.com.br\/blog\/exames-medicos\/instituto-de-saude-integrativa-cuidando-de-voce-em-botucatu\/","og_locale":"pt_BR","og_type":"article","og_title":"Instituto de Sa\u00fade Integrativa - Cuidando de Voc\u00ea em Botucatu","og_description":"Instituto de Sa\u00fade Integrativa - Cuidando de Voc\u00ea em Botucatu O Instituto de Sa\u00fade Integrativa, localizado na Vila Padovan em Botucatu, SP, \u00e9 uma cl\u00ednica que se destaca pelo atendimento humanizado e integrado aos pacientes. Com horas de funcionamento de segunda a sexta-feira, das 08:00 \u00e0s 18:00, nossa equipe est\u00e1 sempre pronta para receber voc\u00ea [&hellip;]","og_url":"https:\/\/www.conveniosocial.com.br\/blog\/exames-medicos\/instituto-de-saude-integrativa-cuidando-de-voce-em-botucatu\/","og_site_name":"Conv\u00eanio Social","article_published_time":"2025-12-12T12:00:12+00:00","twitter_card":"summary_large_image","twitter_misc":{"Est. tempo de leitura":"3 minutos"},"schema":{"@context":"https:\/\/schema.org","@graph":[{"@type":"Article","@id":"https:\/\/www.conveniosocial.com.br\/blog\/exames-medicos\/instituto-de-saude-integrativa-cuidando-de-voce-em-botucatu\/#article","isPartOf":{"@id":"https:\/\/www.conveniosocial.com.br\/blog\/exames-medicos\/instituto-de-saude-integrativa-cuidando-de-voce-em-botucatu\/"},"author":{"name":"","@id":""},"headline":"Instituto de Sa\u00fade Integrativa &#8211; Cuidando de Voc\u00ea em Botucatu","datePublished":"2025-12-12T12:00:12+00:00","mainEntityOfPage":{"@id":"https:\/\/www.conveniosocial.com.br\/blog\/exames-medicos\/instituto-de-saude-integrativa-cuidando-de-voce-em-botucatu\/"},"wordCount":572,"commentCount":0,"publisher":{"@id":"https:\/\/www.conveniosocial.com.br\/blog\/#organization"},"articleSection":["Exames M\u00e9dicos","Policl\u00ednica","Sa\u00fade Integrativa"],"inLanguage":"pt-BR"},{"@type":"WebPage","@id":"https:\/\/www.conveniosocial.com.br\/blog\/exames-medicos\/instituto-de-saude-integrativa-cuidando-de-voce-em-botucatu\/","url":"https:\/\/www.conveniosocial.com.br\/blog\/exames-medicos\/instituto-de-saude-integrativa-cuidando-de-voce-em-botucatu\/","name":"Instituto de Sa\u00fade Integrativa - Cuidando de Voc\u00ea em Botucatu - Conv\u00eanio Social","isPartOf":{"@id":"https:\/\/www.conveniosocial.com.br\/blog\/#website"},"datePublished":"2025-12-12T12:00:12+00:00","breadcrumb":{"@id":"https:\/\/www.conveniosocial.com.br\/blog\/exames-medicos\/instituto-de-saude-integrativa-cuidando-de-voce-em-botucatu\/#breadcrumb"},"inLanguage":"pt-BR","potentialAction":[{"@type":"ReadAction","target":["https:\/\/www.conveniosocial.com.br\/blog\/exames-medicos\/instituto-de-saude-integrativa-cuidando-de-voce-em-botucatu\/"]}]},{"@type":"BreadcrumbList","@id":"https:\/\/www.conveniosocial.com.br\/blog\/exames-medicos\/instituto-de-saude-integrativa-cuidando-de-voce-em-botucatu\/#breadcrumb","itemListElement":[{"@type":"ListItem","position":1,"name":"Home","item":"https:\/\/www.conveniosocial.com.br\/blog\/"},{"@type":"ListItem","position":2,"name":"Exames M\u00e9dicos","item":"https:\/\/www.conveniosocial.com.br\/blog\/exames-medicos\/"},{"@type":"ListItem","position":3,"name":"Instituto de Sa\u00fade Integrativa &#8211; Cuidando de Voc\u00ea em Botucatu"}]},{"@type":"WebSite","@id":"https:\/\/www.conveniosocial.com.br\/blog\/#website","url":"https:\/\/www.conveniosocial.com.br\/blog\/","name":"Conv\u00eanio Social","description":"Informa\u00e7\u00f5es de Sa\u00fade e Bem-estar, Consultas e Exames Popular","publisher":{"@id":"https:\/\/www.conveniosocial.com.br\/blog\/#organization"},"potentialAction":[{"@type":"SearchAction","target":{"@type":"EntryPoint","urlTemplate":"https:\/\/www.conveniosocial.com.br\/blog\/?s={search_term_string}"},"query-input":{"@type":"PropertyValueSpecification","valueRequired":true,"valueName":"search_term_string"}}],"inLanguage":"pt-BR"},{"@type":"Organization","@id":"https:\/\/www.conveniosocial.com.br\/blog\/#organization","name":"Conv\u00eanio Social","url":"https:\/\/www.conveniosocial.com.br\/blog\/","logo":{"@type":"ImageObject","inLanguage":"pt-BR","@id":"https:\/\/www.conveniosocial.com.br\/blog\/#\/schema\/logo\/image\/","url":"https:\/\/www.conveniosocial.com.br\/blog\/wp-content\/uploads\/2021\/11\/novo_logo-convenio-socia-digital.png","contentUrl":"https:\/\/www.conveniosocial.com.br\/blog\/wp-content\/uploads\/2021\/11\/novo_logo-convenio-socia-digital.png","width":400,"height":102,"caption":"Conv\u00eanio Social"},"image":{"@id":"https:\/\/www.conveniosocial.com.br\/blog\/#\/schema\/logo\/image\/"}}]}},"_links":{"self":[{"href":"https:\/\/www.conveniosocial.com.br\/blog\/wp-json\/wp\/v2\/posts\/148260","targetHints":{"allow":["GET"]}}],"collection":[{"href":"https:\/\/www.conveniosocial.com.br\/blog\/wp-json\/wp\/v2\/posts"}],"about":[{"href":"https:\/\/www.conveniosocial.com.br\/blog\/wp-json\/wp\/v2\/types\/post"}],"replies":[{"embeddable":true,"href":"https:\/\/www.conveniosocial.com.br\/blog\/wp-json\/wp\/v2\/comments?post=148260"}],"version-history":[{"count":0,"href":"https:\/\/www.conveniosocial.com.br\/blog\/wp-json\/wp\/v2\/posts\/148260\/revisions"}],"wp:attachment":[{"href":"https:\/\/www.conveniosocial.com.br\/blog\/wp-json\/wp\/v2\/media?parent=148260"}],"wp:term":[{"taxonomy":"category","embeddable":true,"href":"https:\/\/www.conveniosocial.com.br\/blog\/wp-json\/wp\/v2\/categories?post=148260"},{"taxonomy":"post_tag","embeddable":true,"href":"https:\/\/www.conveniosocial.com.br\/blog\/wp-json\/wp\/v2\/tags?post=148260"}],"curies":[{"name":"wp","href":"https:\/\/api.w.org\/{rel}","templated":true}]}}