{"id":148322,"date":"2025-12-12T09:00:14","date_gmt":"2025-12-12T12:00:14","guid":{"rendered":"https:\/\/www.conveniosocial.com.br\/blog\/nehuma\/dra-ana-paula-klein-dias-especialista-em-reumatologia\/"},"modified":"2025-12-12T09:00:14","modified_gmt":"2025-12-12T12:00:14","slug":"dra-ana-paula-klein-dias-especialista-em-reumatologia","status":"publish","type":"post","link":"https:\/\/www.conveniosocial.com.br\/blog\/consultas-medicas\/dra-ana-paula-klein-dias-especialista-em-reumatologia\/","title":{"rendered":"Dra. Ana Paula Klein Dias &#8211; Especialista em Reumatologia"},"content":{"rendered":"<div id=\"ez-toc-container\" class=\"ez-toc-v2_0_82_2 counter-flat ez-toc-counter ez-toc-white ez-toc-container-direction\">\n<p class=\"ez-toc-title\" style=\"cursor:inherit\">\u00cdndice do Conte\u00fado<\/p>\n<label for=\"ez-toc-cssicon-toggle-item-69f498ec360d0\" class=\"ez-toc-cssicon-toggle-label\"><span class=\"ez-toc-cssicon\"><span class=\"eztoc-hide\" style=\"display:none;\">Toggle<\/span><span class=\"ez-toc-icon-toggle-span\"><svg style=\"fill: #999;color:#999\" xmlns=\"http:\/\/www.w3.org\/2000\/svg\" class=\"list-377408\" width=\"20px\" height=\"20px\" viewBox=\"0 0 24 24\" fill=\"none\"><path d=\"M6 6H4v2h2V6zm14 0H8v2h12V6zM4 11h2v2H4v-2zm16 0H8v2h12v-2zM4 16h2v2H4v-2zm16 0H8v2h12v-2z\" fill=\"currentColor\"><\/path><\/svg><svg style=\"fill: #999;color:#999\" class=\"arrow-unsorted-368013\" xmlns=\"http:\/\/www.w3.org\/2000\/svg\" width=\"10px\" height=\"10px\" viewBox=\"0 0 24 24\" version=\"1.2\" baseProfile=\"tiny\"><path d=\"M18.2 9.3l-6.2-6.3-6.2 6.3c-.2.2-.3.4-.3.7s.1.5.3.7c.2.2.4.3.7.3h11c.3 0 .5-.1.7-.3.2-.2.3-.5.3-.7s-.1-.5-.3-.7zM5.8 14.7l6.2 6.3 6.2-6.3c.2-.2.3-.5.3-.7s-.1-.5-.3-.7c-.2-.2-.4-.3-.7-.3h-11c-.3 0-.5.1-.7.3-.2.2-.3.5-.3.7s.1.5.3.7z\"\/><\/svg><\/span><\/span><\/label><input type=\"checkbox\"  id=\"ez-toc-cssicon-toggle-item-69f498ec360d0\" checked aria-label=\"Alternar\" \/><nav><ul class='ez-toc-list ez-toc-list-level-1 ' ><li class='ez-toc-page-1'><a class=\"ez-toc-link ez-toc-heading-1\" href=\"https:\/\/www.conveniosocial.com.br\/blog\/consultas-medicas\/dra-ana-paula-klein-dias-especialista-em-reumatologia\/#Dra_Ana_Paula_Klein_Dias_%E2%80%93_Especialista_em_Reumatologia\" >Dra. Ana Paula Klein Dias &#8211; Especialista em Reumatologia<\/a><\/li><li class='ez-toc-page-1'><a class=\"ez-toc-link ez-toc-heading-2\" href=\"https:\/\/www.conveniosocial.com.br\/blog\/consultas-medicas\/dra-ana-paula-klein-dias-especialista-em-reumatologia\/#Perguntas_Frequentes\" >Perguntas Frequentes<\/a><\/li><li class='ez-toc-page-1'><a class=\"ez-toc-link ez-toc-heading-3\" href=\"https:\/\/www.conveniosocial.com.br\/blog\/consultas-medicas\/dra-ana-paula-klein-dias-especialista-em-reumatologia\/#Contato\" >Contato<\/a><\/li><\/ul><\/nav><\/div>\n<h2><span class=\"ez-toc-section\" id=\"Dra_Ana_Paula_Klein_Dias_%E2%80%93_Especialista_em_Reumatologia\"><\/span>Dra. Ana Paula Klein Dias &#8211; Especialista em Reumatologia<span class=\"ez-toc-section-end\"><\/span><\/h2>\n<p>A Cl\u00ednica da Dra. Ana Paula Klein Dias est\u00e1 localizada na encantadora Praia da Costa, em Vila Velha, ES, oferecendo um atendimento humanizado e de alta qualidade em reumatologia. Com um compromisso inabal\u00e1vel com a sa\u00fade e o bem-estar dos pacientes, a cl\u00ednica se destaca por sua abordagem acolhedora e profissional, sempre buscando entender as necessidades individuais de cada paciente.<\/p>\n<p>Dra. Ana Paula \u00e9 uma especialista reconhecida na \u00e1rea de reumatologia, com registro no CRM ES 10442 e CRM SP 147413, al\u00e9m de RQE N\u00ba: 11015. A cl\u00ednica n\u00e3o apenas realiza consultas, mas tamb\u00e9m se dedica a proporcionar um ambiente seguro e confort\u00e1vel, onde os pacientes podem discutir suas preocupa\u00e7\u00f5es de sa\u00fade. Com hor\u00e1rios de atendimento de segunda a sexta-feira, das 07:30 \u00e0s 18:00 horas, a cl\u00ednica oferece flexibilidade para atender \u00e0s demandas da rotina dos pacientes.<\/p>\n<p>Um dos grandes diferenciais da cl\u00ednica \u00e9 a localiza\u00e7\u00e3o estrat\u00e9gica em um dos bairros mais conhecidos de Vila Velha, com f\u00e1cil acesso para moradores do Centro de Vila Velha, Itapu\u00e3, Gl\u00f3ria, Aribiri, Itaparica e Cristov\u00e3o Colombo. Al\u00e9m disso, a proximidade com diversos meios de transporte torna a visita \u00e0 cl\u00ednica ainda mais conveniente.<\/p>\n<p>Na cl\u00ednica, os pacientes podem contar com um atendimento especializado no diagn\u00f3stico e tratamento de doen\u00e7as reum\u00e1ticas, que incluem artrite, lupus e outras condi\u00e7\u00f5es que afetam as articula\u00e7\u00f5es e tecidos conectivos. A Dra. Ana Paula utiliza as mais recentes diretrizes e pr\u00e1ticas baseadas em evid\u00eancias para garantir que cada paciente receba o melhor cuidado poss\u00edvel. Os exames realizados s\u00e3o minuciosamente analisados, e os resultados s\u00e3o discutidos de forma clara e compreens\u00edvel, promovendo um entendimento total sobre o estado de sa\u00fade do paciente.<\/p>\n<p>A Dra. Ana Paula Klein Dias aceita diversos conv\u00eanios, incluindo Bradesco Sa\u00fade, Sa\u00fade Caixa (Caixa Econ\u00f4mica Federal), Usisa\u00fade, CESAN e Sul America, facilitando o acesso ao tratamento para um n\u00famero maior de pessoas. Para agendar uma consulta ou esclarecer d\u00favidas, os interessados podem entrar em contato pelo telefone 2721210200.<\/p>\n<p>Embora o site da cl\u00ednica ainda n\u00e3o esteja dispon\u00edvel, a presen\u00e7a na m\u00eddia social, como o Instagram, pode ser uma oportunidade futura para compartilhar informa\u00e7\u00f5es sobre sa\u00fade, dicas de bem-estar e novidades na \u00e1rea de reumatologia. A intera\u00e7\u00e3o nas redes sociais pode criar uma comunidade de apoio e educa\u00e7\u00e3o em sa\u00fade.<\/p>\n<p>Em suma, a cl\u00ednica da Dra. Ana Paula Klein Dias se destaca n\u00e3o apenas pela compet\u00eancia t\u00e9cnica, mas tamb\u00e9m pela aten\u00e7\u00e3o ao ser humano, proporcionando um espa\u00e7o onde a sa\u00fade \u00e9 prioridade. Ao escolher a Dra. Ana Paula, os pacientes podem ter a certeza de que est\u00e3o em boas m\u00e3os, recebendo um cuidado personalizado e eficaz em reumatologia.<\/p>\n<h3><span class=\"ez-toc-section\" id=\"Perguntas_Frequentes\"><\/span>Perguntas Frequentes<span class=\"ez-toc-section-end\"><\/span><\/h3>\n<p>P: Quais s\u00e3o as especialidades atendidas na cl\u00ednica?<br \/>\nR: A cl\u00ednica \u00e9 especializada em reumatologia.<\/p>\n<p>P: Quais conv\u00eanios s\u00e3o aceitos na cl\u00ednica?<br \/>\nR: Aceitamos Bradesco Sa\u00fade, Sa\u00fade Caixa, Usisa\u00fade, CESAN e Sul America.<\/p>\n<p>P: Onde a cl\u00ednica est\u00e1 localizada?<br \/>\nR: A cl\u00ednica est\u00e1 localizada na Praia da Costa, Vila Velha, ES.<\/p>\n<p>P: Quais s\u00e3o os hor\u00e1rios de atendimento?<br \/>\nR: O atendimento ocorre de segunda a sexta-feira, das 07:30 \u00e0s 18:00 horas.<\/p>\n<p>P: Como posso agendar uma consulta?<br \/>\nR: Para agendar uma consulta, voc\u00ea pode ligar para o telefone 2721210200.<\/p>\n<p>P: A cl\u00ednica realiza exames?<br \/>\nR: A cl\u00ednica realiza consultas e oferece orienta\u00e7\u00e3o para exames necess\u00e1rios em reumatologia.<\/p>\n<p>P: Quem \u00e9 a respons\u00e1vel t\u00e9cnica da cl\u00ednica?<br \/>\nR: A respons\u00e1vel t\u00e9cnica \u00e9 a Dra. Ana Paula Klein Dias, especialista em reumatologia.<\/p>\n<p>P: A cl\u00ednica \u00e9 de f\u00e1cil acesso?<br \/>\nR: Sim, a cl\u00ednica est\u00e1 situada em uma localiza\u00e7\u00e3o estrat\u00e9gica, com f\u00e1cil acesso para diversos bairros de Vila Velha.<\/p>\n<p>P: A Dra. Ana Paula Klein Dias possui experi\u00eancia na \u00e1rea?<br \/>\nR: Sim, a Dra. Ana Paula \u00e9 uma profissional reconhecida e possui vasta experi\u00eancia em reumatologia.<\/p>\n<p>P: Existe algum site ou Instagram da cl\u00ednica?<br \/>\nR: No momento, a cl\u00ednica n\u00e3o possui um site, mas a presen\u00e7a no Instagram pode ser considerada no futuro.<\/p>\n<h3><span class=\"ez-toc-section\" id=\"Contato\"><\/span>Contato<span class=\"ez-toc-section-end\"><\/span><\/h3>\n<p><strong>Tel.: 2721210200 | <\/strong><br \/>\n<strong>WhatsApp: &#8211; <\/strong><\/p>\n","protected":false},"excerpt":{"rendered":"<p>Dra. Ana Paula Klein Dias &#8211; Especialista em Reumatologia A Cl\u00ednica da Dra. Ana Paula Klein Dias est\u00e1 localizada na encantadora Praia da Costa, em Vila Velha, ES, oferecendo um atendimento humanizado e de alta qualidade em reumatologia. Com um compromisso inabal\u00e1vel com a sa\u00fade e o bem-estar dos pacientes, a cl\u00ednica se destaca por [&hellip;]<\/p>\n","protected":false},"author":0,"featured_media":0,"comment_status":"open","ping_status":"open","sticky":false,"template":"","format":"standard","meta":{"_et_pb_use_builder":"o","_et_pb_old_content":"","_et_gb_content_width":"","footnotes":""},"categories":[912,1709,1081],"tags":[],"class_list":["post-148322","post","type-post","status-publish","format-standard","hentry","category-consultas-medicas","category-convenios-saude","category-reumatologia"],"yoast_head":"<!-- This site is optimized with the Yoast SEO Premium plugin v21.3 (Yoast SEO v27.5) - https:\/\/yoast.com\/product\/yoast-seo-premium-wordpress\/ -->\n<title>Dra. Ana Paula Klein Dias - Especialista em Reumatologia - Conv\u00eanio Social<\/title>\n<meta name=\"robots\" content=\"index, follow, max-snippet:-1, max-image-preview:large, max-video-preview:-1\" \/>\n<link rel=\"canonical\" href=\"https:\/\/www.conveniosocial.com.br\/blog\/consultas-medicas\/dra-ana-paula-klein-dias-especialista-em-reumatologia\/\" \/>\n<meta property=\"og:locale\" content=\"pt_BR\" \/>\n<meta property=\"og:type\" content=\"article\" \/>\n<meta property=\"og:title\" content=\"Dra. Ana Paula Klein Dias - Especialista em Reumatologia\" \/>\n<meta property=\"og:description\" content=\"Dra. Ana Paula Klein Dias - Especialista em Reumatologia A Cl\u00ednica da Dra. Ana Paula Klein Dias est\u00e1 localizada na encantadora Praia da Costa, em Vila Velha, ES, oferecendo um atendimento humanizado e de alta qualidade em reumatologia. Com um compromisso inabal\u00e1vel com a sa\u00fade e o bem-estar dos pacientes, a cl\u00ednica se destaca por [&hellip;]\" \/>\n<meta property=\"og:url\" content=\"https:\/\/www.conveniosocial.com.br\/blog\/consultas-medicas\/dra-ana-paula-klein-dias-especialista-em-reumatologia\/\" \/>\n<meta property=\"og:site_name\" content=\"Conv\u00eanio Social\" \/>\n<meta property=\"article:published_time\" content=\"2025-12-12T12:00:14+00:00\" \/>\n<meta name=\"twitter:card\" content=\"summary_large_image\" \/>\n<meta name=\"twitter:label1\" content=\"Est. tempo de leitura\" \/>\n\t<meta name=\"twitter:data1\" content=\"4 minutos\" \/>\n<script type=\"application\/ld+json\" class=\"yoast-schema-graph\">{\"@context\":\"https:\\\/\\\/schema.org\",\"@graph\":[{\"@type\":\"Article\",\"@id\":\"https:\\\/\\\/www.conveniosocial.com.br\\\/blog\\\/consultas-medicas\\\/dra-ana-paula-klein-dias-especialista-em-reumatologia\\\/#article\",\"isPartOf\":{\"@id\":\"https:\\\/\\\/www.conveniosocial.com.br\\\/blog\\\/consultas-medicas\\\/dra-ana-paula-klein-dias-especialista-em-reumatologia\\\/\"},\"author\":{\"name\":\"\",\"@id\":\"\"},\"headline\":\"Dra. Ana Paula Klein Dias &#8211; Especialista em Reumatologia\",\"datePublished\":\"2025-12-12T12:00:14+00:00\",\"mainEntityOfPage\":{\"@id\":\"https:\\\/\\\/www.conveniosocial.com.br\\\/blog\\\/consultas-medicas\\\/dra-ana-paula-klein-dias-especialista-em-reumatologia\\\/\"},\"wordCount\":739,\"commentCount\":0,\"publisher\":{\"@id\":\"https:\\\/\\\/www.conveniosocial.com.br\\\/blog\\\/#organization\"},\"articleSection\":[\"Consultas M\u00e9dicas\",\"Conv\u00eanios Sa\u00fade\",\"Reumatologia\"],\"inLanguage\":\"pt-BR\"},{\"@type\":\"WebPage\",\"@id\":\"https:\\\/\\\/www.conveniosocial.com.br\\\/blog\\\/consultas-medicas\\\/dra-ana-paula-klein-dias-especialista-em-reumatologia\\\/\",\"url\":\"https:\\\/\\\/www.conveniosocial.com.br\\\/blog\\\/consultas-medicas\\\/dra-ana-paula-klein-dias-especialista-em-reumatologia\\\/\",\"name\":\"Dra. Ana Paula Klein Dias - Especialista em Reumatologia - Conv\u00eanio Social\",\"isPartOf\":{\"@id\":\"https:\\\/\\\/www.conveniosocial.com.br\\\/blog\\\/#website\"},\"datePublished\":\"2025-12-12T12:00:14+00:00\",\"breadcrumb\":{\"@id\":\"https:\\\/\\\/www.conveniosocial.com.br\\\/blog\\\/consultas-medicas\\\/dra-ana-paula-klein-dias-especialista-em-reumatologia\\\/#breadcrumb\"},\"inLanguage\":\"pt-BR\",\"potentialAction\":[{\"@type\":\"ReadAction\",\"target\":[\"https:\\\/\\\/www.conveniosocial.com.br\\\/blog\\\/consultas-medicas\\\/dra-ana-paula-klein-dias-especialista-em-reumatologia\\\/\"]}]},{\"@type\":\"BreadcrumbList\",\"@id\":\"https:\\\/\\\/www.conveniosocial.com.br\\\/blog\\\/consultas-medicas\\\/dra-ana-paula-klein-dias-especialista-em-reumatologia\\\/#breadcrumb\",\"itemListElement\":[{\"@type\":\"ListItem\",\"position\":1,\"name\":\"Home\",\"item\":\"https:\\\/\\\/www.conveniosocial.com.br\\\/blog\\\/\"},{\"@type\":\"ListItem\",\"position\":2,\"name\":\"Consultas M\u00e9dicas\",\"item\":\"https:\\\/\\\/www.conveniosocial.com.br\\\/blog\\\/consultas-medicas\\\/\"},{\"@type\":\"ListItem\",\"position\":3,\"name\":\"Dra. Ana Paula Klein Dias &#8211; Especialista em Reumatologia\"}]},{\"@type\":\"WebSite\",\"@id\":\"https:\\\/\\\/www.conveniosocial.com.br\\\/blog\\\/#website\",\"url\":\"https:\\\/\\\/www.conveniosocial.com.br\\\/blog\\\/\",\"name\":\"Conv\u00eanio Social\",\"description\":\"Informa\u00e7\u00f5es de Sa\u00fade e Bem-estar, Consultas e Exames Popular\",\"publisher\":{\"@id\":\"https:\\\/\\\/www.conveniosocial.com.br\\\/blog\\\/#organization\"},\"potentialAction\":[{\"@type\":\"SearchAction\",\"target\":{\"@type\":\"EntryPoint\",\"urlTemplate\":\"https:\\\/\\\/www.conveniosocial.com.br\\\/blog\\\/?s={search_term_string}\"},\"query-input\":{\"@type\":\"PropertyValueSpecification\",\"valueRequired\":true,\"valueName\":\"search_term_string\"}}],\"inLanguage\":\"pt-BR\"},{\"@type\":\"Organization\",\"@id\":\"https:\\\/\\\/www.conveniosocial.com.br\\\/blog\\\/#organization\",\"name\":\"Conv\u00eanio Social\",\"url\":\"https:\\\/\\\/www.conveniosocial.com.br\\\/blog\\\/\",\"logo\":{\"@type\":\"ImageObject\",\"inLanguage\":\"pt-BR\",\"@id\":\"https:\\\/\\\/www.conveniosocial.com.br\\\/blog\\\/#\\\/schema\\\/logo\\\/image\\\/\",\"url\":\"https:\\\/\\\/www.conveniosocial.com.br\\\/blog\\\/wp-content\\\/uploads\\\/2021\\\/11\\\/novo_logo-convenio-socia-digital.png\",\"contentUrl\":\"https:\\\/\\\/www.conveniosocial.com.br\\\/blog\\\/wp-content\\\/uploads\\\/2021\\\/11\\\/novo_logo-convenio-socia-digital.png\",\"width\":400,\"height\":102,\"caption\":\"Conv\u00eanio Social\"},\"image\":{\"@id\":\"https:\\\/\\\/www.conveniosocial.com.br\\\/blog\\\/#\\\/schema\\\/logo\\\/image\\\/\"}}]}<\/script>\n<!-- \/ Yoast SEO Premium plugin. -->","yoast_head_json":{"title":"Dra. Ana Paula Klein Dias - Especialista em Reumatologia - Conv\u00eanio Social","robots":{"index":"index","follow":"follow","max-snippet":"max-snippet:-1","max-image-preview":"max-image-preview:large","max-video-preview":"max-video-preview:-1"},"canonical":"https:\/\/www.conveniosocial.com.br\/blog\/consultas-medicas\/dra-ana-paula-klein-dias-especialista-em-reumatologia\/","og_locale":"pt_BR","og_type":"article","og_title":"Dra. Ana Paula Klein Dias - Especialista em Reumatologia","og_description":"Dra. Ana Paula Klein Dias - Especialista em Reumatologia A Cl\u00ednica da Dra. Ana Paula Klein Dias est\u00e1 localizada na encantadora Praia da Costa, em Vila Velha, ES, oferecendo um atendimento humanizado e de alta qualidade em reumatologia. Com um compromisso inabal\u00e1vel com a sa\u00fade e o bem-estar dos pacientes, a cl\u00ednica se destaca por [&hellip;]","og_url":"https:\/\/www.conveniosocial.com.br\/blog\/consultas-medicas\/dra-ana-paula-klein-dias-especialista-em-reumatologia\/","og_site_name":"Conv\u00eanio Social","article_published_time":"2025-12-12T12:00:14+00:00","twitter_card":"summary_large_image","twitter_misc":{"Est. tempo de leitura":"4 minutos"},"schema":{"@context":"https:\/\/schema.org","@graph":[{"@type":"Article","@id":"https:\/\/www.conveniosocial.com.br\/blog\/consultas-medicas\/dra-ana-paula-klein-dias-especialista-em-reumatologia\/#article","isPartOf":{"@id":"https:\/\/www.conveniosocial.com.br\/blog\/consultas-medicas\/dra-ana-paula-klein-dias-especialista-em-reumatologia\/"},"author":{"name":"","@id":""},"headline":"Dra. Ana Paula Klein Dias &#8211; Especialista em Reumatologia","datePublished":"2025-12-12T12:00:14+00:00","mainEntityOfPage":{"@id":"https:\/\/www.conveniosocial.com.br\/blog\/consultas-medicas\/dra-ana-paula-klein-dias-especialista-em-reumatologia\/"},"wordCount":739,"commentCount":0,"publisher":{"@id":"https:\/\/www.conveniosocial.com.br\/blog\/#organization"},"articleSection":["Consultas M\u00e9dicas","Conv\u00eanios Sa\u00fade","Reumatologia"],"inLanguage":"pt-BR"},{"@type":"WebPage","@id":"https:\/\/www.conveniosocial.com.br\/blog\/consultas-medicas\/dra-ana-paula-klein-dias-especialista-em-reumatologia\/","url":"https:\/\/www.conveniosocial.com.br\/blog\/consultas-medicas\/dra-ana-paula-klein-dias-especialista-em-reumatologia\/","name":"Dra. Ana Paula Klein Dias - Especialista em Reumatologia - Conv\u00eanio Social","isPartOf":{"@id":"https:\/\/www.conveniosocial.com.br\/blog\/#website"},"datePublished":"2025-12-12T12:00:14+00:00","breadcrumb":{"@id":"https:\/\/www.conveniosocial.com.br\/blog\/consultas-medicas\/dra-ana-paula-klein-dias-especialista-em-reumatologia\/#breadcrumb"},"inLanguage":"pt-BR","potentialAction":[{"@type":"ReadAction","target":["https:\/\/www.conveniosocial.com.br\/blog\/consultas-medicas\/dra-ana-paula-klein-dias-especialista-em-reumatologia\/"]}]},{"@type":"BreadcrumbList","@id":"https:\/\/www.conveniosocial.com.br\/blog\/consultas-medicas\/dra-ana-paula-klein-dias-especialista-em-reumatologia\/#breadcrumb","itemListElement":[{"@type":"ListItem","position":1,"name":"Home","item":"https:\/\/www.conveniosocial.com.br\/blog\/"},{"@type":"ListItem","position":2,"name":"Consultas M\u00e9dicas","item":"https:\/\/www.conveniosocial.com.br\/blog\/consultas-medicas\/"},{"@type":"ListItem","position":3,"name":"Dra. Ana Paula Klein Dias &#8211; Especialista em Reumatologia"}]},{"@type":"WebSite","@id":"https:\/\/www.conveniosocial.com.br\/blog\/#website","url":"https:\/\/www.conveniosocial.com.br\/blog\/","name":"Conv\u00eanio Social","description":"Informa\u00e7\u00f5es de Sa\u00fade e Bem-estar, Consultas e Exames Popular","publisher":{"@id":"https:\/\/www.conveniosocial.com.br\/blog\/#organization"},"potentialAction":[{"@type":"SearchAction","target":{"@type":"EntryPoint","urlTemplate":"https:\/\/www.conveniosocial.com.br\/blog\/?s={search_term_string}"},"query-input":{"@type":"PropertyValueSpecification","valueRequired":true,"valueName":"search_term_string"}}],"inLanguage":"pt-BR"},{"@type":"Organization","@id":"https:\/\/www.conveniosocial.com.br\/blog\/#organization","name":"Conv\u00eanio Social","url":"https:\/\/www.conveniosocial.com.br\/blog\/","logo":{"@type":"ImageObject","inLanguage":"pt-BR","@id":"https:\/\/www.conveniosocial.com.br\/blog\/#\/schema\/logo\/image\/","url":"https:\/\/www.conveniosocial.com.br\/blog\/wp-content\/uploads\/2021\/11\/novo_logo-convenio-socia-digital.png","contentUrl":"https:\/\/www.conveniosocial.com.br\/blog\/wp-content\/uploads\/2021\/11\/novo_logo-convenio-socia-digital.png","width":400,"height":102,"caption":"Conv\u00eanio Social"},"image":{"@id":"https:\/\/www.conveniosocial.com.br\/blog\/#\/schema\/logo\/image\/"}}]}},"_links":{"self":[{"href":"https:\/\/www.conveniosocial.com.br\/blog\/wp-json\/wp\/v2\/posts\/148322","targetHints":{"allow":["GET"]}}],"collection":[{"href":"https:\/\/www.conveniosocial.com.br\/blog\/wp-json\/wp\/v2\/posts"}],"about":[{"href":"https:\/\/www.conveniosocial.com.br\/blog\/wp-json\/wp\/v2\/types\/post"}],"replies":[{"embeddable":true,"href":"https:\/\/www.conveniosocial.com.br\/blog\/wp-json\/wp\/v2\/comments?post=148322"}],"version-history":[{"count":0,"href":"https:\/\/www.conveniosocial.com.br\/blog\/wp-json\/wp\/v2\/posts\/148322\/revisions"}],"wp:attachment":[{"href":"https:\/\/www.conveniosocial.com.br\/blog\/wp-json\/wp\/v2\/media?parent=148322"}],"wp:term":[{"taxonomy":"category","embeddable":true,"href":"https:\/\/www.conveniosocial.com.br\/blog\/wp-json\/wp\/v2\/categories?post=148322"},{"taxonomy":"post_tag","embeddable":true,"href":"https:\/\/www.conveniosocial.com.br\/blog\/wp-json\/wp\/v2\/tags?post=148322"}],"curies":[{"name":"wp","href":"https:\/\/api.w.org\/{rel}","templated":true}]}}