{"id":148325,"date":"2025-12-12T09:00:14","date_gmt":"2025-12-12T12:00:14","guid":{"rendered":"https:\/\/www.conveniosocial.com.br\/blog\/nehuma\/dra-erica-vieira-serrano-reumatologia-em-cariacica\/"},"modified":"2025-12-12T09:00:14","modified_gmt":"2025-12-12T12:00:14","slug":"dra-erica-vieira-serrano-reumatologia-em-cariacica","status":"publish","type":"post","link":"https:\/\/www.conveniosocial.com.br\/blog\/exames-de-imagem\/dra-erica-vieira-serrano-reumatologia-em-cariacica\/","title":{"rendered":"Dra. \u00c9rica Vieira Serrano: Reumatologia em Cariacica"},"content":{"rendered":"<div id=\"ez-toc-container\" class=\"ez-toc-v2_0_82_2 counter-flat ez-toc-counter ez-toc-white ez-toc-container-direction\">\n<p class=\"ez-toc-title\" style=\"cursor:inherit\">\u00cdndice do Conte\u00fado<\/p>\n<label for=\"ez-toc-cssicon-toggle-item-69f59ce79c6f1\" class=\"ez-toc-cssicon-toggle-label\"><span class=\"ez-toc-cssicon\"><span class=\"eztoc-hide\" style=\"display:none;\">Toggle<\/span><span class=\"ez-toc-icon-toggle-span\"><svg style=\"fill: #999;color:#999\" xmlns=\"http:\/\/www.w3.org\/2000\/svg\" class=\"list-377408\" width=\"20px\" height=\"20px\" viewBox=\"0 0 24 24\" fill=\"none\"><path d=\"M6 6H4v2h2V6zm14 0H8v2h12V6zM4 11h2v2H4v-2zm16 0H8v2h12v-2zM4 16h2v2H4v-2zm16 0H8v2h12v-2z\" fill=\"currentColor\"><\/path><\/svg><svg style=\"fill: #999;color:#999\" class=\"arrow-unsorted-368013\" xmlns=\"http:\/\/www.w3.org\/2000\/svg\" width=\"10px\" height=\"10px\" viewBox=\"0 0 24 24\" version=\"1.2\" baseProfile=\"tiny\"><path d=\"M18.2 9.3l-6.2-6.3-6.2 6.3c-.2.2-.3.4-.3.7s.1.5.3.7c.2.2.4.3.7.3h11c.3 0 .5-.1.7-.3.2-.2.3-.5.3-.7s-.1-.5-.3-.7zM5.8 14.7l6.2 6.3 6.2-6.3c.2-.2.3-.5.3-.7s-.1-.5-.3-.7c-.2-.2-.4-.3-.7-.3h-11c-.3 0-.5.1-.7.3-.2.2-.3.5-.3.7s.1.5.3.7z\"\/><\/svg><\/span><\/span><\/label><input type=\"checkbox\"  id=\"ez-toc-cssicon-toggle-item-69f59ce79c6f1\" checked aria-label=\"Alternar\" \/><nav><ul class='ez-toc-list ez-toc-list-level-1 ' ><li class='ez-toc-page-1'><a class=\"ez-toc-link ez-toc-heading-1\" href=\"https:\/\/www.conveniosocial.com.br\/blog\/exames-de-imagem\/dra-erica-vieira-serrano-reumatologia-em-cariacica\/#Dra_Erica_Vieira_Serrano_Reumatologia_em_Cariacica\" >Dra. \u00c9rica Vieira Serrano: Reumatologia em Cariacica<\/a><\/li><li class='ez-toc-page-1'><a class=\"ez-toc-link ez-toc-heading-2\" href=\"https:\/\/www.conveniosocial.com.br\/blog\/exames-de-imagem\/dra-erica-vieira-serrano-reumatologia-em-cariacica\/#Perguntas_Frequentes\" >Perguntas Frequentes<\/a><\/li><li class='ez-toc-page-1'><a class=\"ez-toc-link ez-toc-heading-3\" href=\"https:\/\/www.conveniosocial.com.br\/blog\/exames-de-imagem\/dra-erica-vieira-serrano-reumatologia-em-cariacica\/#Contato\" >Contato<\/a><\/li><\/ul><\/nav><\/div>\n<h2><span class=\"ez-toc-section\" id=\"Dra_Erica_Vieira_Serrano_Reumatologia_em_Cariacica\"><\/span>Dra. \u00c9rica Vieira Serrano: Reumatologia em Cariacica<span class=\"ez-toc-section-end\"><\/span><\/h2>\n<p>A cl\u00ednica da Dra. \u00c9rica Vieira Serrano \u00e9 um espa\u00e7o dedicado \u00e0 sa\u00fade e bem-estar dos pacientes, com foco na reumatologia. Localizada em Cariacica, no bairro Campo Grande, a cl\u00ednica oferece um atendimento humanizado e acolhedor, ideal para quem busca um acompanhamento especializado em doen\u00e7as reum\u00e1ticas. Com a experi\u00eancia e expertise da Dra. \u00c9rica, que possui CRM 7900 ES e RQE N\u00ba: 5990, a cl\u00ednica se destaca pela qualidade no atendimento e pela aten\u00e7\u00e3o individualizada a cada paciente.<\/p>\n<p>A reumatologia \u00e9 uma especialidade m\u00e9dica que se dedica ao diagn\u00f3stico e tratamento de doen\u00e7as que afetam as articula\u00e7\u00f5es, m\u00fasculos e tecidos conectivos. A Dra. \u00c9rica oferece consultas personalizadas, com uma abordagem que considera n\u00e3o apenas os sintomas, mas tamb\u00e9m as necessidades emocionais e f\u00edsicas de cada paciente. Al\u00e9m das consultas, a cl\u00ednica disponibiliza exames como ultrassom articular, fundamental para o diagn\u00f3stico preciso de condi\u00e7\u00f5es como artrites inflamat\u00f3rias.<\/p>\n<p>A localiza\u00e7\u00e3o da cl\u00ednica \u00e9 estrat\u00e9gica, facilitando o acesso para moradores de diversas regi\u00f5es de Cariacica, incluindo bairros pr\u00f3ximos como Cruzeiro do Sul, Vial Capixaba, Morada de Santa F\u00e9, Vera Cruz, Alto Loje, Itaciba, Jardim Am\u00e9rica, Marc\u00edlio de Noronha e Vila Bet\u00e2nia. A cl\u00ednica est\u00e1 aberta de segunda a sexta-feira, das 07:30 \u00e0s 17:00 horas, permitindo que os pacientes agendem suas consultas em hor\u00e1rios que se adequem a sua rotina.<\/p>\n<p>Atendemos pacientes particulares, garantindo um atendimento mais exclusivo e personalizado. A Dra. \u00c9rica acredita que cada paciente merece um tratamento \u00e0 altura de suas necessidades, e por isso se dedica a oferecer as melhores op\u00e7\u00f5es em reumatologia. Al\u00e9m disso, a cl\u00ednica est\u00e1 em processo de amplia\u00e7\u00e3o de seus conv\u00eanios, visando proporcionar mais acessibilidade a tratamentos de qualidade.<\/p>\n<p>Para mais informa\u00e7\u00f5es, os interessados podem entrar em contato pelo telefone (27) 3386-3331. A Dra. \u00c9rica Vieira Serrano tamb\u00e9m est\u00e1 presente nas redes sociais, onde compartilha dicas de sa\u00fade e bem-estar, al\u00e9m de informa\u00e7\u00f5es sobre a reumatologia, no Instagram, em seu perfil ainda a ser divulgado.<\/p>\n<p>Em nossa cl\u00ednica, a sa\u00fade dos nossos pacientes \u00e9 a prioridade. Estamos sempre buscando novas formas de aprimorar nossos servi\u00e7os e oferecer um atendimento que fa\u00e7a a diferen\u00e7a na vida de quem nos procura. Agende sua consulta e venha conhecer nosso trabalho.<\/p>\n<h3><span class=\"ez-toc-section\" id=\"Perguntas_Frequentes\"><\/span>Perguntas Frequentes<span class=\"ez-toc-section-end\"><\/span><\/h3>\n<p>P: O que \u00e9 reumatologia?<br \/>\nR: Reumatologia \u00e9 a especialidade m\u00e9dica que se dedica ao diagn\u00f3stico e tratamento de doen\u00e7as que afetam as articula\u00e7\u00f5es, m\u00fasculos e tecidos conectivos.<\/p>\n<p>P: Quais exames s\u00e3o oferecidos na cl\u00ednica?<br \/>\nR: Oferecemos consultas de reumatologia e ultrassom articular, essencial para diagn\u00f3stico de doen\u00e7as reum\u00e1ticas.<\/p>\n<p>P: A cl\u00ednica atende conv\u00eanios?<br \/>\nR: Atualmente, a cl\u00ednica atende pacientes particulares, mas estamos em processo de amplia\u00e7\u00e3o de conv\u00eanios.<\/p>\n<p>P: Qual \u00e9 o hor\u00e1rio de funcionamento da cl\u00ednica?<br \/>\nR: A cl\u00ednica funciona de segunda a sexta-feira, das 07:30 \u00e0s 17:00 horas.<\/p>\n<p>P: Onde a cl\u00ednica est\u00e1 localizada?<br \/>\nR: Estamos localizados em Campo Grande, Cariacica, ES, com f\u00e1cil acesso a diversas regi\u00f5es.<\/p>\n<p>P: Como posso agendar uma consulta?<br \/>\nR: Voc\u00ea pode agendar uma consulta pelo telefone (27) 3386-3331.<\/p>\n<p>P: A Dra. \u00c9rica tem experi\u00eancia em reumatologia?<br \/>\nR: Sim, a Dra. \u00c9rica possui CRM 7900 ES e RQE N\u00ba: 5990, com ampla experi\u00eancia na \u00e1rea.<\/p>\n<p>P: Quais doen\u00e7as s\u00e3o tratadas pela Dra. \u00c9rica?<br \/>\nR: A Dra. \u00c9rica trata de diversas condi\u00e7\u00f5es reum\u00e1ticas, incluindo artrites inflamat\u00f3rias.<\/p>\n<p>P: A cl\u00ednica oferece tratamentos para dores articulares?<br \/>\nR: Sim, a cl\u00ednica oferece tratamentos espec\u00edficos para dores articulares e outras condi\u00e7\u00f5es reum\u00e1ticas.<\/p>\n<p>P: Posso encontrar a cl\u00ednica nas redes sociais?<br \/>\nR: Sim, a Dra. \u00c9rica compartilha conte\u00fados sobre sa\u00fade no Instagram, cujo perfil ser\u00e1 divulgado em breve.<\/p>\n<h3><span class=\"ez-toc-section\" id=\"Contato\"><\/span>Contato<span class=\"ez-toc-section-end\"><\/span><\/h3>\n<p><strong>Tel.: (27) 3386-3331 | (27) 99806-1414<\/strong><br \/>\n<strong>WhatsApp: &#8211; <\/strong><\/p>\n","protected":false},"excerpt":{"rendered":"<p>Dra. \u00c9rica Vieira Serrano: Reumatologia em Cariacica A cl\u00ednica da Dra. \u00c9rica Vieira Serrano \u00e9 um espa\u00e7o dedicado \u00e0 sa\u00fade e bem-estar dos pacientes, com foco na reumatologia. Localizada em Cariacica, no bairro Campo Grande, a cl\u00ednica oferece um atendimento humanizado e acolhedor, ideal para quem busca um acompanhamento especializado em doen\u00e7as reum\u00e1ticas. Com a [&hellip;]<\/p>\n","protected":false},"author":0,"featured_media":0,"comment_status":"open","ping_status":"open","sticky":false,"template":"","format":"standard","meta":{"_et_pb_use_builder":"o","_et_pb_old_content":"","_et_gb_content_width":"","footnotes":""},"categories":[944,1081,1713],"tags":[],"class_list":["post-148325","post","type-post","status-publish","format-standard","hentry","category-exames-de-imagem","category-reumatologia","category-tratamento-de-doencas-autoimunes"],"yoast_head":"<!-- This site is optimized with the Yoast SEO Premium plugin v21.3 (Yoast SEO v27.5) - https:\/\/yoast.com\/product\/yoast-seo-premium-wordpress\/ -->\n<title>Dra. \u00c9rica Vieira Serrano: Reumatologia em Cariacica - Conv\u00eanio Social<\/title>\n<meta name=\"robots\" content=\"index, follow, max-snippet:-1, max-image-preview:large, max-video-preview:-1\" \/>\n<link rel=\"canonical\" href=\"https:\/\/www.conveniosocial.com.br\/blog\/exames-de-imagem\/dra-erica-vieira-serrano-reumatologia-em-cariacica\/\" \/>\n<meta property=\"og:locale\" content=\"pt_BR\" \/>\n<meta property=\"og:type\" content=\"article\" \/>\n<meta property=\"og:title\" content=\"Dra. \u00c9rica Vieira Serrano: Reumatologia em Cariacica\" \/>\n<meta property=\"og:description\" content=\"Dra. \u00c9rica Vieira Serrano: Reumatologia em Cariacica A cl\u00ednica da Dra. \u00c9rica Vieira Serrano \u00e9 um espa\u00e7o dedicado \u00e0 sa\u00fade e bem-estar dos pacientes, com foco na reumatologia. Localizada em Cariacica, no bairro Campo Grande, a cl\u00ednica oferece um atendimento humanizado e acolhedor, ideal para quem busca um acompanhamento especializado em doen\u00e7as reum\u00e1ticas. Com a [&hellip;]\" \/>\n<meta property=\"og:url\" content=\"https:\/\/www.conveniosocial.com.br\/blog\/exames-de-imagem\/dra-erica-vieira-serrano-reumatologia-em-cariacica\/\" \/>\n<meta property=\"og:site_name\" content=\"Conv\u00eanio Social\" \/>\n<meta property=\"article:published_time\" content=\"2025-12-12T12:00:14+00:00\" \/>\n<meta name=\"twitter:card\" content=\"summary_large_image\" \/>\n<meta name=\"twitter:label1\" content=\"Est. tempo de leitura\" \/>\n\t<meta name=\"twitter:data1\" content=\"3 minutos\" \/>\n<script type=\"application\/ld+json\" class=\"yoast-schema-graph\">{\"@context\":\"https:\\\/\\\/schema.org\",\"@graph\":[{\"@type\":\"Article\",\"@id\":\"https:\\\/\\\/www.conveniosocial.com.br\\\/blog\\\/exames-de-imagem\\\/dra-erica-vieira-serrano-reumatologia-em-cariacica\\\/#article\",\"isPartOf\":{\"@id\":\"https:\\\/\\\/www.conveniosocial.com.br\\\/blog\\\/exames-de-imagem\\\/dra-erica-vieira-serrano-reumatologia-em-cariacica\\\/\"},\"author\":{\"name\":\"\",\"@id\":\"\"},\"headline\":\"Dra. \u00c9rica Vieira Serrano: Reumatologia em Cariacica\",\"datePublished\":\"2025-12-12T12:00:14+00:00\",\"mainEntityOfPage\":{\"@id\":\"https:\\\/\\\/www.conveniosocial.com.br\\\/blog\\\/exames-de-imagem\\\/dra-erica-vieira-serrano-reumatologia-em-cariacica\\\/\"},\"wordCount\":666,\"commentCount\":0,\"publisher\":{\"@id\":\"https:\\\/\\\/www.conveniosocial.com.br\\\/blog\\\/#organization\"},\"articleSection\":[\"Exames de Imagem\",\"Reumatologia\",\"Tratamento de Doen\u00e7as Autoimunes\"],\"inLanguage\":\"pt-BR\"},{\"@type\":\"WebPage\",\"@id\":\"https:\\\/\\\/www.conveniosocial.com.br\\\/blog\\\/exames-de-imagem\\\/dra-erica-vieira-serrano-reumatologia-em-cariacica\\\/\",\"url\":\"https:\\\/\\\/www.conveniosocial.com.br\\\/blog\\\/exames-de-imagem\\\/dra-erica-vieira-serrano-reumatologia-em-cariacica\\\/\",\"name\":\"Dra. \u00c9rica Vieira Serrano: Reumatologia em Cariacica - Conv\u00eanio Social\",\"isPartOf\":{\"@id\":\"https:\\\/\\\/www.conveniosocial.com.br\\\/blog\\\/#website\"},\"datePublished\":\"2025-12-12T12:00:14+00:00\",\"breadcrumb\":{\"@id\":\"https:\\\/\\\/www.conveniosocial.com.br\\\/blog\\\/exames-de-imagem\\\/dra-erica-vieira-serrano-reumatologia-em-cariacica\\\/#breadcrumb\"},\"inLanguage\":\"pt-BR\",\"potentialAction\":[{\"@type\":\"ReadAction\",\"target\":[\"https:\\\/\\\/www.conveniosocial.com.br\\\/blog\\\/exames-de-imagem\\\/dra-erica-vieira-serrano-reumatologia-em-cariacica\\\/\"]}]},{\"@type\":\"BreadcrumbList\",\"@id\":\"https:\\\/\\\/www.conveniosocial.com.br\\\/blog\\\/exames-de-imagem\\\/dra-erica-vieira-serrano-reumatologia-em-cariacica\\\/#breadcrumb\",\"itemListElement\":[{\"@type\":\"ListItem\",\"position\":1,\"name\":\"Home\",\"item\":\"https:\\\/\\\/www.conveniosocial.com.br\\\/blog\\\/\"},{\"@type\":\"ListItem\",\"position\":2,\"name\":\"Exames de Imagem\",\"item\":\"https:\\\/\\\/www.conveniosocial.com.br\\\/blog\\\/exames-de-imagem\\\/\"},{\"@type\":\"ListItem\",\"position\":3,\"name\":\"Dra. \u00c9rica Vieira Serrano: Reumatologia em Cariacica\"}]},{\"@type\":\"WebSite\",\"@id\":\"https:\\\/\\\/www.conveniosocial.com.br\\\/blog\\\/#website\",\"url\":\"https:\\\/\\\/www.conveniosocial.com.br\\\/blog\\\/\",\"name\":\"Conv\u00eanio Social\",\"description\":\"Informa\u00e7\u00f5es de Sa\u00fade e Bem-estar, Consultas e Exames Popular\",\"publisher\":{\"@id\":\"https:\\\/\\\/www.conveniosocial.com.br\\\/blog\\\/#organization\"},\"potentialAction\":[{\"@type\":\"SearchAction\",\"target\":{\"@type\":\"EntryPoint\",\"urlTemplate\":\"https:\\\/\\\/www.conveniosocial.com.br\\\/blog\\\/?s={search_term_string}\"},\"query-input\":{\"@type\":\"PropertyValueSpecification\",\"valueRequired\":true,\"valueName\":\"search_term_string\"}}],\"inLanguage\":\"pt-BR\"},{\"@type\":\"Organization\",\"@id\":\"https:\\\/\\\/www.conveniosocial.com.br\\\/blog\\\/#organization\",\"name\":\"Conv\u00eanio Social\",\"url\":\"https:\\\/\\\/www.conveniosocial.com.br\\\/blog\\\/\",\"logo\":{\"@type\":\"ImageObject\",\"inLanguage\":\"pt-BR\",\"@id\":\"https:\\\/\\\/www.conveniosocial.com.br\\\/blog\\\/#\\\/schema\\\/logo\\\/image\\\/\",\"url\":\"https:\\\/\\\/www.conveniosocial.com.br\\\/blog\\\/wp-content\\\/uploads\\\/2021\\\/11\\\/novo_logo-convenio-socia-digital.png\",\"contentUrl\":\"https:\\\/\\\/www.conveniosocial.com.br\\\/blog\\\/wp-content\\\/uploads\\\/2021\\\/11\\\/novo_logo-convenio-socia-digital.png\",\"width\":400,\"height\":102,\"caption\":\"Conv\u00eanio Social\"},\"image\":{\"@id\":\"https:\\\/\\\/www.conveniosocial.com.br\\\/blog\\\/#\\\/schema\\\/logo\\\/image\\\/\"}}]}<\/script>\n<!-- \/ Yoast SEO Premium plugin. -->","yoast_head_json":{"title":"Dra. \u00c9rica Vieira Serrano: Reumatologia em Cariacica - Conv\u00eanio Social","robots":{"index":"index","follow":"follow","max-snippet":"max-snippet:-1","max-image-preview":"max-image-preview:large","max-video-preview":"max-video-preview:-1"},"canonical":"https:\/\/www.conveniosocial.com.br\/blog\/exames-de-imagem\/dra-erica-vieira-serrano-reumatologia-em-cariacica\/","og_locale":"pt_BR","og_type":"article","og_title":"Dra. \u00c9rica Vieira Serrano: Reumatologia em Cariacica","og_description":"Dra. \u00c9rica Vieira Serrano: Reumatologia em Cariacica A cl\u00ednica da Dra. \u00c9rica Vieira Serrano \u00e9 um espa\u00e7o dedicado \u00e0 sa\u00fade e bem-estar dos pacientes, com foco na reumatologia. Localizada em Cariacica, no bairro Campo Grande, a cl\u00ednica oferece um atendimento humanizado e acolhedor, ideal para quem busca um acompanhamento especializado em doen\u00e7as reum\u00e1ticas. Com a [&hellip;]","og_url":"https:\/\/www.conveniosocial.com.br\/blog\/exames-de-imagem\/dra-erica-vieira-serrano-reumatologia-em-cariacica\/","og_site_name":"Conv\u00eanio Social","article_published_time":"2025-12-12T12:00:14+00:00","twitter_card":"summary_large_image","twitter_misc":{"Est. tempo de leitura":"3 minutos"},"schema":{"@context":"https:\/\/schema.org","@graph":[{"@type":"Article","@id":"https:\/\/www.conveniosocial.com.br\/blog\/exames-de-imagem\/dra-erica-vieira-serrano-reumatologia-em-cariacica\/#article","isPartOf":{"@id":"https:\/\/www.conveniosocial.com.br\/blog\/exames-de-imagem\/dra-erica-vieira-serrano-reumatologia-em-cariacica\/"},"author":{"name":"","@id":""},"headline":"Dra. \u00c9rica Vieira Serrano: Reumatologia em Cariacica","datePublished":"2025-12-12T12:00:14+00:00","mainEntityOfPage":{"@id":"https:\/\/www.conveniosocial.com.br\/blog\/exames-de-imagem\/dra-erica-vieira-serrano-reumatologia-em-cariacica\/"},"wordCount":666,"commentCount":0,"publisher":{"@id":"https:\/\/www.conveniosocial.com.br\/blog\/#organization"},"articleSection":["Exames de Imagem","Reumatologia","Tratamento de Doen\u00e7as Autoimunes"],"inLanguage":"pt-BR"},{"@type":"WebPage","@id":"https:\/\/www.conveniosocial.com.br\/blog\/exames-de-imagem\/dra-erica-vieira-serrano-reumatologia-em-cariacica\/","url":"https:\/\/www.conveniosocial.com.br\/blog\/exames-de-imagem\/dra-erica-vieira-serrano-reumatologia-em-cariacica\/","name":"Dra. \u00c9rica Vieira Serrano: Reumatologia em Cariacica - Conv\u00eanio Social","isPartOf":{"@id":"https:\/\/www.conveniosocial.com.br\/blog\/#website"},"datePublished":"2025-12-12T12:00:14+00:00","breadcrumb":{"@id":"https:\/\/www.conveniosocial.com.br\/blog\/exames-de-imagem\/dra-erica-vieira-serrano-reumatologia-em-cariacica\/#breadcrumb"},"inLanguage":"pt-BR","potentialAction":[{"@type":"ReadAction","target":["https:\/\/www.conveniosocial.com.br\/blog\/exames-de-imagem\/dra-erica-vieira-serrano-reumatologia-em-cariacica\/"]}]},{"@type":"BreadcrumbList","@id":"https:\/\/www.conveniosocial.com.br\/blog\/exames-de-imagem\/dra-erica-vieira-serrano-reumatologia-em-cariacica\/#breadcrumb","itemListElement":[{"@type":"ListItem","position":1,"name":"Home","item":"https:\/\/www.conveniosocial.com.br\/blog\/"},{"@type":"ListItem","position":2,"name":"Exames de Imagem","item":"https:\/\/www.conveniosocial.com.br\/blog\/exames-de-imagem\/"},{"@type":"ListItem","position":3,"name":"Dra. \u00c9rica Vieira Serrano: Reumatologia em Cariacica"}]},{"@type":"WebSite","@id":"https:\/\/www.conveniosocial.com.br\/blog\/#website","url":"https:\/\/www.conveniosocial.com.br\/blog\/","name":"Conv\u00eanio Social","description":"Informa\u00e7\u00f5es de Sa\u00fade e Bem-estar, Consultas e Exames Popular","publisher":{"@id":"https:\/\/www.conveniosocial.com.br\/blog\/#organization"},"potentialAction":[{"@type":"SearchAction","target":{"@type":"EntryPoint","urlTemplate":"https:\/\/www.conveniosocial.com.br\/blog\/?s={search_term_string}"},"query-input":{"@type":"PropertyValueSpecification","valueRequired":true,"valueName":"search_term_string"}}],"inLanguage":"pt-BR"},{"@type":"Organization","@id":"https:\/\/www.conveniosocial.com.br\/blog\/#organization","name":"Conv\u00eanio Social","url":"https:\/\/www.conveniosocial.com.br\/blog\/","logo":{"@type":"ImageObject","inLanguage":"pt-BR","@id":"https:\/\/www.conveniosocial.com.br\/blog\/#\/schema\/logo\/image\/","url":"https:\/\/www.conveniosocial.com.br\/blog\/wp-content\/uploads\/2021\/11\/novo_logo-convenio-socia-digital.png","contentUrl":"https:\/\/www.conveniosocial.com.br\/blog\/wp-content\/uploads\/2021\/11\/novo_logo-convenio-socia-digital.png","width":400,"height":102,"caption":"Conv\u00eanio Social"},"image":{"@id":"https:\/\/www.conveniosocial.com.br\/blog\/#\/schema\/logo\/image\/"}}]}},"_links":{"self":[{"href":"https:\/\/www.conveniosocial.com.br\/blog\/wp-json\/wp\/v2\/posts\/148325","targetHints":{"allow":["GET"]}}],"collection":[{"href":"https:\/\/www.conveniosocial.com.br\/blog\/wp-json\/wp\/v2\/posts"}],"about":[{"href":"https:\/\/www.conveniosocial.com.br\/blog\/wp-json\/wp\/v2\/types\/post"}],"replies":[{"embeddable":true,"href":"https:\/\/www.conveniosocial.com.br\/blog\/wp-json\/wp\/v2\/comments?post=148325"}],"version-history":[{"count":0,"href":"https:\/\/www.conveniosocial.com.br\/blog\/wp-json\/wp\/v2\/posts\/148325\/revisions"}],"wp:attachment":[{"href":"https:\/\/www.conveniosocial.com.br\/blog\/wp-json\/wp\/v2\/media?parent=148325"}],"wp:term":[{"taxonomy":"category","embeddable":true,"href":"https:\/\/www.conveniosocial.com.br\/blog\/wp-json\/wp\/v2\/categories?post=148325"},{"taxonomy":"post_tag","embeddable":true,"href":"https:\/\/www.conveniosocial.com.br\/blog\/wp-json\/wp\/v2\/tags?post=148325"}],"curies":[{"name":"wp","href":"https:\/\/api.w.org\/{rel}","templated":true}]}}