{"id":148419,"date":"2025-12-12T09:00:17","date_gmt":"2025-12-12T12:00:17","guid":{"rendered":"https:\/\/www.conveniosocial.com.br\/blog\/nehuma\/clinica-dr-luan-pogian-especialista-em-saude-mental\/"},"modified":"2025-12-12T09:00:17","modified_gmt":"2025-12-12T12:00:17","slug":"clinica-dr-luan-pogian-especialista-em-saude-mental","status":"publish","type":"post","link":"https:\/\/www.conveniosocial.com.br\/blog\/psiquiatria\/clinica-dr-luan-pogian-especialista-em-saude-mental\/","title":{"rendered":"Cl\u00ednica Dr. Luan Pogian: Especialista em Sa\u00fade Mental"},"content":{"rendered":"<div id=\"ez-toc-container\" class=\"ez-toc-v2_0_82_2 counter-flat ez-toc-counter ez-toc-white ez-toc-container-direction\">\n<p class=\"ez-toc-title\" style=\"cursor:inherit\">\u00cdndice do Conte\u00fado<\/p>\n<label for=\"ez-toc-cssicon-toggle-item-69f2e8a13241e\" class=\"ez-toc-cssicon-toggle-label\"><span class=\"ez-toc-cssicon\"><span class=\"eztoc-hide\" style=\"display:none;\">Toggle<\/span><span class=\"ez-toc-icon-toggle-span\"><svg style=\"fill: #999;color:#999\" xmlns=\"http:\/\/www.w3.org\/2000\/svg\" class=\"list-377408\" width=\"20px\" height=\"20px\" viewBox=\"0 0 24 24\" fill=\"none\"><path d=\"M6 6H4v2h2V6zm14 0H8v2h12V6zM4 11h2v2H4v-2zm16 0H8v2h12v-2zM4 16h2v2H4v-2zm16 0H8v2h12v-2z\" fill=\"currentColor\"><\/path><\/svg><svg style=\"fill: #999;color:#999\" class=\"arrow-unsorted-368013\" xmlns=\"http:\/\/www.w3.org\/2000\/svg\" width=\"10px\" height=\"10px\" viewBox=\"0 0 24 24\" version=\"1.2\" baseProfile=\"tiny\"><path d=\"M18.2 9.3l-6.2-6.3-6.2 6.3c-.2.2-.3.4-.3.7s.1.5.3.7c.2.2.4.3.7.3h11c.3 0 .5-.1.7-.3.2-.2.3-.5.3-.7s-.1-.5-.3-.7zM5.8 14.7l6.2 6.3 6.2-6.3c.2-.2.3-.5.3-.7s-.1-.5-.3-.7c-.2-.2-.4-.3-.7-.3h-11c-.3 0-.5.1-.7.3-.2.2-.3.5-.3.7s.1.5.3.7z\"\/><\/svg><\/span><\/span><\/label><input type=\"checkbox\"  id=\"ez-toc-cssicon-toggle-item-69f2e8a13241e\" checked aria-label=\"Alternar\" \/><nav><ul class='ez-toc-list ez-toc-list-level-1 ' ><li class='ez-toc-page-1'><a class=\"ez-toc-link ez-toc-heading-1\" href=\"https:\/\/www.conveniosocial.com.br\/blog\/psiquiatria\/clinica-dr-luan-pogian-especialista-em-saude-mental\/#Clinica_Dr_Luan_Pogian_Especialista_em_Saude_Mental\" >Cl\u00ednica Dr. Luan Pogian: Especialista em Sa\u00fade Mental<\/a><\/li><li class='ez-toc-page-1'><a class=\"ez-toc-link ez-toc-heading-2\" href=\"https:\/\/www.conveniosocial.com.br\/blog\/psiquiatria\/clinica-dr-luan-pogian-especialista-em-saude-mental\/#Perguntas_Frequentes\" >Perguntas Frequentes<\/a><\/li><li class='ez-toc-page-1'><a class=\"ez-toc-link ez-toc-heading-3\" href=\"https:\/\/www.conveniosocial.com.br\/blog\/psiquiatria\/clinica-dr-luan-pogian-especialista-em-saude-mental\/#Contato\" >Contato<\/a><\/li><\/ul><\/nav><\/div>\n<h2><span class=\"ez-toc-section\" id=\"Clinica_Dr_Luan_Pogian_Especialista_em_Saude_Mental\"><\/span>Cl\u00ednica Dr. Luan Pogian: Especialista em Sa\u00fade Mental<span class=\"ez-toc-section-end\"><\/span><\/h2>\n<p>A Cl\u00ednica Dr. Luan Pogian, localizada no cora\u00e7\u00e3o da Praia Da Costa, em Vila Velha, ES, \u00e9 um espa\u00e7o dedicado ao cuidado e \u00e0 promo\u00e7\u00e3o da sa\u00fade mental. Sob a responsabilidade do Dr. Luan Pogian, um profissional com ampla experi\u00eancia na \u00e1rea de psiquiatria, a cl\u00ednica oferece um atendimento humanizado e acolhedor, visando atender as necessidades individuais de cada paciente. Nosso compromisso \u00e9 proporcionar um ambiente seguro e confortante, onde os pacientes se sintam \u00e0 vontade para discutir suas preocupa\u00e7\u00f5es e buscar o suporte necess\u00e1rio. <\/p>\n<p>Especializada em psiquiatria, nossa cl\u00ednica oferece diversas consultas, incluindo a consulta especializada em psicogeriatria, que \u00e9 fundamental para atender a popula\u00e7\u00e3o idosa com quest\u00f5es espec\u00edficas de sa\u00fade mental. Al\u00e9m disso, realizamos laudos de sanidade mental para concursos, uma demanda comum entre aqueles que buscam ingressar em cargos p\u00fablicos. <\/p>\n<p>Nosso hor\u00e1rio de atendimento \u00e9 de segunda a quarta-feira, das 08:00 \u00e0s 17:00, e de quinta a sexta-feira, das 09:00 \u00e0s 17:00. Essa flexibilidade permite que nossos pacientes encontrem um hor\u00e1rio que se encaixe em suas rotinas e compromissos di\u00e1rios. A cl\u00ednica est\u00e1 situada em uma localiza\u00e7\u00e3o privilegiada, com f\u00e1cil acesso para os moradores dos bairros Praia Da Costa, Itapu\u00e3, Cristov\u00e3o Colombo, Aribiri, Res. Coquercial e Gl\u00f3ria. <\/p>\n<p>Atendemos pacientes particulares, garantindo que todos recebam um atendimento de qualidade, com total aten\u00e7\u00e3o \u00e0s suas necessidades. Acreditamos que a sa\u00fade mental \u00e9 um pilar fundamental para o bem-estar e a qualidade de vida, por isso investimos em um atendimento que prioriza a escuta e o acolhimento. <\/p>\n<p>Convidamos voc\u00ea a conhecer mais sobre nossos servi\u00e7os e as especialidades que oferecemos. Embora ainda n\u00e3o tenhamos um telefone ou site dispon\u00edveis, estamos trabalhando para que em breve nossos pacientes possam entrar em contato de maneira mais f\u00e1cil. Voc\u00ea tamb\u00e9m pode nos seguir nas redes sociais, onde compartilhamos informa\u00e7\u00f5es \u00fateis sobre sa\u00fade mental e dicas de bem-estar. <\/p>\n<p>A Cl\u00ednica Dr. Luan Pogian \u00e9 mais do que um espa\u00e7o de consultas; \u00e9 um lugar onde cuidamos da sa\u00fade mental com respeito e dedica\u00e7\u00e3o, sempre buscando o melhor para nossos pacientes. Estamos prontos para ajud\u00e1-lo a encontrar o equil\u00edbrio que voc\u00ea merece e a viver plenamente. Entre em contato e agende sua consulta hoje mesmo. Aqui, voc\u00ea n\u00e3o est\u00e1 sozinho!<\/p>\n<h3><span class=\"ez-toc-section\" id=\"Perguntas_Frequentes\"><\/span>Perguntas Frequentes<span class=\"ez-toc-section-end\"><\/span><\/h3>\n<p>P: Quais especialidades a cl\u00ednica Dr. Luan Pogian oferece?<br \/>\nR: A cl\u00ednica \u00e9 especializada em psiquiatria, com foco em psicogeriatria e laudos de sanidade mental para concursos.<\/p>\n<p>P: Qual \u00e9 o hor\u00e1rio de funcionamento da cl\u00ednica?<br \/>\nR: A cl\u00ednica atende de segunda a quarta-feira, das 08:00 \u00e0s 17:00, e de quinta a sexta-feira, das 09:00 \u00e0s 17:00.<\/p>\n<p>P: A cl\u00ednica atende conv\u00eanios?<br \/>\nR: Atualmente, a cl\u00ednica atende apenas pacientes particulares.<\/p>\n<p>P: Onde a cl\u00ednica est\u00e1 localizada?<br \/>\nR: A Cl\u00ednica Dr. Luan Pogian est\u00e1 localizada na Praia Da Costa, em Vila Velha, ES.<\/p>\n<p>P: Quais os bairros pr\u00f3ximos \u00e0 cl\u00ednica?<br \/>\nR: Os bairros pr\u00f3ximos incluem Praia Da Costa, Itapu\u00e3, Cristov\u00e3o Colombo, Aribiri, Res. Coquercial e Gl\u00f3ria.<\/p>\n<p>P: Como posso agendar uma consulta?<br \/>\nR: Para agendar uma consulta, entre em contato com a cl\u00ednica atrav\u00e9s dos nossos canais de comunica\u00e7\u00e3o, que ser\u00e3o divulgados em breve.<\/p>\n<p>P: A cl\u00ednica oferece atendimento para idosos?<br \/>\nR: Sim, a cl\u00ednica possui especialidades voltadas para a sa\u00fade mental de idosos, como a consulta em psicogeriatria.<\/p>\n<p>P: Quais s\u00e3o os requisitos para obter um laudo de sanidade mental?<br \/>\nR: Para obter um laudo de sanidade mental, \u00e9 necess\u00e1rio agendar uma consulta, onde ser\u00e3o avaliadas as condi\u00e7\u00f5es e necessidades do paciente.<\/p>\n<p>P: Existe algum tipo de suporte psicol\u00f3gico na cl\u00ednica?<br \/>\nR: Sim, a cl\u00ednica oferece um acompanhamento psicol\u00f3gico humanizado e focado nas necessidades de sa\u00fade mental dos pacientes.<\/p>\n<p>P: Como encontrar a cl\u00ednica nas redes sociais?<br \/>\nR: Voc\u00ea pode seguir a cl\u00ednica no Instagram, onde postamos informa\u00e7\u00f5es e dicas sobre sa\u00fade mental.<\/p>\n<h3><span class=\"ez-toc-section\" id=\"Contato\"><\/span>Contato<span class=\"ez-toc-section-end\"><\/span><\/h3>\n<p><strong>Tel.:  | (27) 99766-0304<\/strong><br \/>\n<strong>WhatsApp: &#8211; <\/strong><\/p>\n","protected":false},"excerpt":{"rendered":"<p>Cl\u00ednica Dr. Luan Pogian: Especialista em Sa\u00fade Mental A Cl\u00ednica Dr. Luan Pogian, localizada no cora\u00e7\u00e3o da Praia Da Costa, em Vila Velha, ES, \u00e9 um espa\u00e7o dedicado ao cuidado e \u00e0 promo\u00e7\u00e3o da sa\u00fade mental. Sob a responsabilidade do Dr. Luan Pogian, um profissional com ampla experi\u00eancia na \u00e1rea de psiquiatria, a cl\u00ednica oferece [&hellip;]<\/p>\n","protected":false},"author":0,"featured_media":0,"comment_status":"open","ping_status":"open","sticky":false,"template":"","format":"standard","meta":{"_et_pb_use_builder":"o","_et_pb_old_content":"","_et_gb_content_width":"","footnotes":""},"categories":[1744,901,1306],"tags":[],"class_list":["post-148419","post","type-post","status-publish","format-standard","hentry","category-psicogeriatria","category-psiquiatria","category-saude-mental"],"yoast_head":"<!-- This site is optimized with the Yoast SEO Premium plugin v21.3 (Yoast SEO v27.5) - https:\/\/yoast.com\/product\/yoast-seo-premium-wordpress\/ -->\n<title>Cl\u00ednica Dr. Luan Pogian: Especialista em Sa\u00fade Mental - Conv\u00eanio Social<\/title>\n<meta name=\"robots\" content=\"index, follow, max-snippet:-1, max-image-preview:large, max-video-preview:-1\" \/>\n<link rel=\"canonical\" href=\"https:\/\/www.conveniosocial.com.br\/blog\/psiquiatria\/clinica-dr-luan-pogian-especialista-em-saude-mental\/\" \/>\n<meta property=\"og:locale\" content=\"pt_BR\" \/>\n<meta property=\"og:type\" content=\"article\" \/>\n<meta property=\"og:title\" content=\"Cl\u00ednica Dr. Luan Pogian: Especialista em Sa\u00fade Mental\" \/>\n<meta property=\"og:description\" content=\"Cl\u00ednica Dr. Luan Pogian: Especialista em Sa\u00fade Mental A Cl\u00ednica Dr. Luan Pogian, localizada no cora\u00e7\u00e3o da Praia Da Costa, em Vila Velha, ES, \u00e9 um espa\u00e7o dedicado ao cuidado e \u00e0 promo\u00e7\u00e3o da sa\u00fade mental. Sob a responsabilidade do Dr. Luan Pogian, um profissional com ampla experi\u00eancia na \u00e1rea de psiquiatria, a cl\u00ednica oferece [&hellip;]\" \/>\n<meta property=\"og:url\" content=\"https:\/\/www.conveniosocial.com.br\/blog\/psiquiatria\/clinica-dr-luan-pogian-especialista-em-saude-mental\/\" \/>\n<meta property=\"og:site_name\" content=\"Conv\u00eanio Social\" \/>\n<meta property=\"article:published_time\" content=\"2025-12-12T12:00:17+00:00\" \/>\n<meta name=\"twitter:card\" content=\"summary_large_image\" \/>\n<meta name=\"twitter:label1\" content=\"Est. tempo de leitura\" \/>\n\t<meta name=\"twitter:data1\" content=\"3 minutos\" \/>\n<script type=\"application\/ld+json\" class=\"yoast-schema-graph\">{\"@context\":\"https:\\\/\\\/schema.org\",\"@graph\":[{\"@type\":\"Article\",\"@id\":\"https:\\\/\\\/www.conveniosocial.com.br\\\/blog\\\/psiquiatria\\\/clinica-dr-luan-pogian-especialista-em-saude-mental\\\/#article\",\"isPartOf\":{\"@id\":\"https:\\\/\\\/www.conveniosocial.com.br\\\/blog\\\/psiquiatria\\\/clinica-dr-luan-pogian-especialista-em-saude-mental\\\/\"},\"author\":{\"name\":\"\",\"@id\":\"\"},\"headline\":\"Cl\u00ednica Dr. Luan Pogian: Especialista em Sa\u00fade Mental\",\"datePublished\":\"2025-12-12T12:00:17+00:00\",\"mainEntityOfPage\":{\"@id\":\"https:\\\/\\\/www.conveniosocial.com.br\\\/blog\\\/psiquiatria\\\/clinica-dr-luan-pogian-especialista-em-saude-mental\\\/\"},\"wordCount\":698,\"commentCount\":0,\"publisher\":{\"@id\":\"https:\\\/\\\/www.conveniosocial.com.br\\\/blog\\\/#organization\"},\"articleSection\":[\"Psicogeriatria\",\"Psiquiatria\",\"Sa\u00fade Mental\"],\"inLanguage\":\"pt-BR\"},{\"@type\":\"WebPage\",\"@id\":\"https:\\\/\\\/www.conveniosocial.com.br\\\/blog\\\/psiquiatria\\\/clinica-dr-luan-pogian-especialista-em-saude-mental\\\/\",\"url\":\"https:\\\/\\\/www.conveniosocial.com.br\\\/blog\\\/psiquiatria\\\/clinica-dr-luan-pogian-especialista-em-saude-mental\\\/\",\"name\":\"Cl\u00ednica Dr. Luan Pogian: Especialista em Sa\u00fade Mental - Conv\u00eanio Social\",\"isPartOf\":{\"@id\":\"https:\\\/\\\/www.conveniosocial.com.br\\\/blog\\\/#website\"},\"datePublished\":\"2025-12-12T12:00:17+00:00\",\"breadcrumb\":{\"@id\":\"https:\\\/\\\/www.conveniosocial.com.br\\\/blog\\\/psiquiatria\\\/clinica-dr-luan-pogian-especialista-em-saude-mental\\\/#breadcrumb\"},\"inLanguage\":\"pt-BR\",\"potentialAction\":[{\"@type\":\"ReadAction\",\"target\":[\"https:\\\/\\\/www.conveniosocial.com.br\\\/blog\\\/psiquiatria\\\/clinica-dr-luan-pogian-especialista-em-saude-mental\\\/\"]}]},{\"@type\":\"BreadcrumbList\",\"@id\":\"https:\\\/\\\/www.conveniosocial.com.br\\\/blog\\\/psiquiatria\\\/clinica-dr-luan-pogian-especialista-em-saude-mental\\\/#breadcrumb\",\"itemListElement\":[{\"@type\":\"ListItem\",\"position\":1,\"name\":\"Home\",\"item\":\"https:\\\/\\\/www.conveniosocial.com.br\\\/blog\\\/\"},{\"@type\":\"ListItem\",\"position\":2,\"name\":\"Psicogeriatria\",\"item\":\"https:\\\/\\\/www.conveniosocial.com.br\\\/blog\\\/psicogeriatria\\\/\"},{\"@type\":\"ListItem\",\"position\":3,\"name\":\"Cl\u00ednica Dr. Luan Pogian: Especialista em Sa\u00fade Mental\"}]},{\"@type\":\"WebSite\",\"@id\":\"https:\\\/\\\/www.conveniosocial.com.br\\\/blog\\\/#website\",\"url\":\"https:\\\/\\\/www.conveniosocial.com.br\\\/blog\\\/\",\"name\":\"Conv\u00eanio Social\",\"description\":\"Informa\u00e7\u00f5es de Sa\u00fade e Bem-estar, Consultas e Exames Popular\",\"publisher\":{\"@id\":\"https:\\\/\\\/www.conveniosocial.com.br\\\/blog\\\/#organization\"},\"potentialAction\":[{\"@type\":\"SearchAction\",\"target\":{\"@type\":\"EntryPoint\",\"urlTemplate\":\"https:\\\/\\\/www.conveniosocial.com.br\\\/blog\\\/?s={search_term_string}\"},\"query-input\":{\"@type\":\"PropertyValueSpecification\",\"valueRequired\":true,\"valueName\":\"search_term_string\"}}],\"inLanguage\":\"pt-BR\"},{\"@type\":\"Organization\",\"@id\":\"https:\\\/\\\/www.conveniosocial.com.br\\\/blog\\\/#organization\",\"name\":\"Conv\u00eanio Social\",\"url\":\"https:\\\/\\\/www.conveniosocial.com.br\\\/blog\\\/\",\"logo\":{\"@type\":\"ImageObject\",\"inLanguage\":\"pt-BR\",\"@id\":\"https:\\\/\\\/www.conveniosocial.com.br\\\/blog\\\/#\\\/schema\\\/logo\\\/image\\\/\",\"url\":\"https:\\\/\\\/www.conveniosocial.com.br\\\/blog\\\/wp-content\\\/uploads\\\/2021\\\/11\\\/novo_logo-convenio-socia-digital.png\",\"contentUrl\":\"https:\\\/\\\/www.conveniosocial.com.br\\\/blog\\\/wp-content\\\/uploads\\\/2021\\\/11\\\/novo_logo-convenio-socia-digital.png\",\"width\":400,\"height\":102,\"caption\":\"Conv\u00eanio Social\"},\"image\":{\"@id\":\"https:\\\/\\\/www.conveniosocial.com.br\\\/blog\\\/#\\\/schema\\\/logo\\\/image\\\/\"}}]}<\/script>\n<!-- \/ Yoast SEO Premium plugin. -->","yoast_head_json":{"title":"Cl\u00ednica Dr. Luan Pogian: Especialista em Sa\u00fade Mental - Conv\u00eanio Social","robots":{"index":"index","follow":"follow","max-snippet":"max-snippet:-1","max-image-preview":"max-image-preview:large","max-video-preview":"max-video-preview:-1"},"canonical":"https:\/\/www.conveniosocial.com.br\/blog\/psiquiatria\/clinica-dr-luan-pogian-especialista-em-saude-mental\/","og_locale":"pt_BR","og_type":"article","og_title":"Cl\u00ednica Dr. Luan Pogian: Especialista em Sa\u00fade Mental","og_description":"Cl\u00ednica Dr. Luan Pogian: Especialista em Sa\u00fade Mental A Cl\u00ednica Dr. Luan Pogian, localizada no cora\u00e7\u00e3o da Praia Da Costa, em Vila Velha, ES, \u00e9 um espa\u00e7o dedicado ao cuidado e \u00e0 promo\u00e7\u00e3o da sa\u00fade mental. Sob a responsabilidade do Dr. Luan Pogian, um profissional com ampla experi\u00eancia na \u00e1rea de psiquiatria, a cl\u00ednica oferece [&hellip;]","og_url":"https:\/\/www.conveniosocial.com.br\/blog\/psiquiatria\/clinica-dr-luan-pogian-especialista-em-saude-mental\/","og_site_name":"Conv\u00eanio Social","article_published_time":"2025-12-12T12:00:17+00:00","twitter_card":"summary_large_image","twitter_misc":{"Est. tempo de leitura":"3 minutos"},"schema":{"@context":"https:\/\/schema.org","@graph":[{"@type":"Article","@id":"https:\/\/www.conveniosocial.com.br\/blog\/psiquiatria\/clinica-dr-luan-pogian-especialista-em-saude-mental\/#article","isPartOf":{"@id":"https:\/\/www.conveniosocial.com.br\/blog\/psiquiatria\/clinica-dr-luan-pogian-especialista-em-saude-mental\/"},"author":{"name":"","@id":""},"headline":"Cl\u00ednica Dr. Luan Pogian: Especialista em Sa\u00fade Mental","datePublished":"2025-12-12T12:00:17+00:00","mainEntityOfPage":{"@id":"https:\/\/www.conveniosocial.com.br\/blog\/psiquiatria\/clinica-dr-luan-pogian-especialista-em-saude-mental\/"},"wordCount":698,"commentCount":0,"publisher":{"@id":"https:\/\/www.conveniosocial.com.br\/blog\/#organization"},"articleSection":["Psicogeriatria","Psiquiatria","Sa\u00fade Mental"],"inLanguage":"pt-BR"},{"@type":"WebPage","@id":"https:\/\/www.conveniosocial.com.br\/blog\/psiquiatria\/clinica-dr-luan-pogian-especialista-em-saude-mental\/","url":"https:\/\/www.conveniosocial.com.br\/blog\/psiquiatria\/clinica-dr-luan-pogian-especialista-em-saude-mental\/","name":"Cl\u00ednica Dr. Luan Pogian: Especialista em Sa\u00fade Mental - Conv\u00eanio Social","isPartOf":{"@id":"https:\/\/www.conveniosocial.com.br\/blog\/#website"},"datePublished":"2025-12-12T12:00:17+00:00","breadcrumb":{"@id":"https:\/\/www.conveniosocial.com.br\/blog\/psiquiatria\/clinica-dr-luan-pogian-especialista-em-saude-mental\/#breadcrumb"},"inLanguage":"pt-BR","potentialAction":[{"@type":"ReadAction","target":["https:\/\/www.conveniosocial.com.br\/blog\/psiquiatria\/clinica-dr-luan-pogian-especialista-em-saude-mental\/"]}]},{"@type":"BreadcrumbList","@id":"https:\/\/www.conveniosocial.com.br\/blog\/psiquiatria\/clinica-dr-luan-pogian-especialista-em-saude-mental\/#breadcrumb","itemListElement":[{"@type":"ListItem","position":1,"name":"Home","item":"https:\/\/www.conveniosocial.com.br\/blog\/"},{"@type":"ListItem","position":2,"name":"Psicogeriatria","item":"https:\/\/www.conveniosocial.com.br\/blog\/psicogeriatria\/"},{"@type":"ListItem","position":3,"name":"Cl\u00ednica Dr. Luan Pogian: Especialista em Sa\u00fade Mental"}]},{"@type":"WebSite","@id":"https:\/\/www.conveniosocial.com.br\/blog\/#website","url":"https:\/\/www.conveniosocial.com.br\/blog\/","name":"Conv\u00eanio Social","description":"Informa\u00e7\u00f5es de Sa\u00fade e Bem-estar, Consultas e Exames Popular","publisher":{"@id":"https:\/\/www.conveniosocial.com.br\/blog\/#organization"},"potentialAction":[{"@type":"SearchAction","target":{"@type":"EntryPoint","urlTemplate":"https:\/\/www.conveniosocial.com.br\/blog\/?s={search_term_string}"},"query-input":{"@type":"PropertyValueSpecification","valueRequired":true,"valueName":"search_term_string"}}],"inLanguage":"pt-BR"},{"@type":"Organization","@id":"https:\/\/www.conveniosocial.com.br\/blog\/#organization","name":"Conv\u00eanio Social","url":"https:\/\/www.conveniosocial.com.br\/blog\/","logo":{"@type":"ImageObject","inLanguage":"pt-BR","@id":"https:\/\/www.conveniosocial.com.br\/blog\/#\/schema\/logo\/image\/","url":"https:\/\/www.conveniosocial.com.br\/blog\/wp-content\/uploads\/2021\/11\/novo_logo-convenio-socia-digital.png","contentUrl":"https:\/\/www.conveniosocial.com.br\/blog\/wp-content\/uploads\/2021\/11\/novo_logo-convenio-socia-digital.png","width":400,"height":102,"caption":"Conv\u00eanio Social"},"image":{"@id":"https:\/\/www.conveniosocial.com.br\/blog\/#\/schema\/logo\/image\/"}}]}},"_links":{"self":[{"href":"https:\/\/www.conveniosocial.com.br\/blog\/wp-json\/wp\/v2\/posts\/148419","targetHints":{"allow":["GET"]}}],"collection":[{"href":"https:\/\/www.conveniosocial.com.br\/blog\/wp-json\/wp\/v2\/posts"}],"about":[{"href":"https:\/\/www.conveniosocial.com.br\/blog\/wp-json\/wp\/v2\/types\/post"}],"replies":[{"embeddable":true,"href":"https:\/\/www.conveniosocial.com.br\/blog\/wp-json\/wp\/v2\/comments?post=148419"}],"version-history":[{"count":0,"href":"https:\/\/www.conveniosocial.com.br\/blog\/wp-json\/wp\/v2\/posts\/148419\/revisions"}],"wp:attachment":[{"href":"https:\/\/www.conveniosocial.com.br\/blog\/wp-json\/wp\/v2\/media?parent=148419"}],"wp:term":[{"taxonomy":"category","embeddable":true,"href":"https:\/\/www.conveniosocial.com.br\/blog\/wp-json\/wp\/v2\/categories?post=148419"},{"taxonomy":"post_tag","embeddable":true,"href":"https:\/\/www.conveniosocial.com.br\/blog\/wp-json\/wp\/v2\/tags?post=148419"}],"curies":[{"name":"wp","href":"https:\/\/api.w.org\/{rel}","templated":true}]}}