{"id":148459,"date":"2025-12-17T21:00:10","date_gmt":"2025-12-18T00:00:10","guid":{"rendered":"https:\/\/www.conveniosocial.com.br\/blog\/nehuma\/clinica-prof-sergio-ramos-sua-saude-auditiva-em-vitoria\/"},"modified":"2025-12-17T21:00:10","modified_gmt":"2025-12-18T00:00:10","slug":"clinica-prof-sergio-ramos-sua-saude-auditiva-em-vitoria","status":"publish","type":"post","link":"https:\/\/www.conveniosocial.com.br\/blog\/otorrinolaringologia\/clinica-prof-sergio-ramos-sua-saude-auditiva-em-vitoria\/","title":{"rendered":"Cl\u00ednica Prof. Sergio Ramos: Sua Sa\u00fade Auditiva em Vit\u00f3ria"},"content":{"rendered":"<div id=\"ez-toc-container\" class=\"ez-toc-v2_0_82_2 counter-flat ez-toc-counter ez-toc-white ez-toc-container-direction\">\n<p class=\"ez-toc-title\" style=\"cursor:inherit\">\u00cdndice do Conte\u00fado<\/p>\n<label for=\"ez-toc-cssicon-toggle-item-69f498dc5b49d\" class=\"ez-toc-cssicon-toggle-label\"><span class=\"ez-toc-cssicon\"><span class=\"eztoc-hide\" style=\"display:none;\">Toggle<\/span><span class=\"ez-toc-icon-toggle-span\"><svg style=\"fill: #999;color:#999\" xmlns=\"http:\/\/www.w3.org\/2000\/svg\" class=\"list-377408\" width=\"20px\" height=\"20px\" viewBox=\"0 0 24 24\" fill=\"none\"><path d=\"M6 6H4v2h2V6zm14 0H8v2h12V6zM4 11h2v2H4v-2zm16 0H8v2h12v-2zM4 16h2v2H4v-2zm16 0H8v2h12v-2z\" fill=\"currentColor\"><\/path><\/svg><svg style=\"fill: #999;color:#999\" class=\"arrow-unsorted-368013\" xmlns=\"http:\/\/www.w3.org\/2000\/svg\" width=\"10px\" height=\"10px\" viewBox=\"0 0 24 24\" version=\"1.2\" baseProfile=\"tiny\"><path d=\"M18.2 9.3l-6.2-6.3-6.2 6.3c-.2.2-.3.4-.3.7s.1.5.3.7c.2.2.4.3.7.3h11c.3 0 .5-.1.7-.3.2-.2.3-.5.3-.7s-.1-.5-.3-.7zM5.8 14.7l6.2 6.3 6.2-6.3c.2-.2.3-.5.3-.7s-.1-.5-.3-.7c-.2-.2-.4-.3-.7-.3h-11c-.3 0-.5.1-.7.3-.2.2-.3.5-.3.7s.1.5.3.7z\"\/><\/svg><\/span><\/span><\/label><input type=\"checkbox\"  id=\"ez-toc-cssicon-toggle-item-69f498dc5b49d\" checked aria-label=\"Alternar\" \/><nav><ul class='ez-toc-list ez-toc-list-level-1 ' ><li class='ez-toc-page-1'><a class=\"ez-toc-link ez-toc-heading-1\" href=\"https:\/\/www.conveniosocial.com.br\/blog\/otorrinolaringologia\/clinica-prof-sergio-ramos-sua-saude-auditiva-em-vitoria\/#Clinica_Prof_Sergio_Ramos_Sua_Saude_Auditiva_em_Vitoria\" >Cl\u00ednica Prof. Sergio Ramos: Sua Sa\u00fade Auditiva em Vit\u00f3ria<\/a><\/li><li class='ez-toc-page-1'><a class=\"ez-toc-link ez-toc-heading-2\" href=\"https:\/\/www.conveniosocial.com.br\/blog\/otorrinolaringologia\/clinica-prof-sergio-ramos-sua-saude-auditiva-em-vitoria\/#Perguntas_Frequentes\" >Perguntas Frequentes<\/a><\/li><li class='ez-toc-page-1'><a class=\"ez-toc-link ez-toc-heading-3\" href=\"https:\/\/www.conveniosocial.com.br\/blog\/otorrinolaringologia\/clinica-prof-sergio-ramos-sua-saude-auditiva-em-vitoria\/#Contato\" >Contato<\/a><\/li><\/ul><\/nav><\/div>\n<h2><span class=\"ez-toc-section\" id=\"Clinica_Prof_Sergio_Ramos_Sua_Saude_Auditiva_em_Vitoria\"><\/span>Cl\u00ednica Prof. Sergio Ramos: Sua Sa\u00fade Auditiva em Vit\u00f3ria<span class=\"ez-toc-section-end\"><\/span><\/h2>\n<p>A Cl\u00ednica Prof. Sergio Ramos, localizada em Vit\u00f3ria, no bairro Enseada do Su\u00e1, \u00e9 uma refer\u00eancia em otorrinolaringologia. Com um atendimento humanizado e profissionais altamente capacitados, a cl\u00ednica se destaca pela qualidade dos servi\u00e7os prestados e pelo cuidado com cada paciente. O Dr. Sergio Ramos, respons\u00e1vel t\u00e9cnico da cl\u00ednica, possui vasta experi\u00eancia na \u00e1rea e \u00e9 conhecido por seu compromisso com a sa\u00fade auditiva e bem-estar dos pacientes. <\/p>\n<p>A cl\u00ednica oferece uma ampla gama de especialidades e exames voltados para o diagn\u00f3stico e tratamento de condi\u00e7\u00f5es relacionadas ao ouvido, nariz e garganta. Entre os servi\u00e7os dispon\u00edveis, destacam-se as diversas modalidades de audiometria, incluindo audiometria tonal e vocal, audiometria infantil e audiometria para teste de pr\u00f3tese auditiva. Al\u00e9m disso, s\u00e3o realizados exames de imitanciometria e uma s\u00e9rie de cirurgias, como cirurgia das am\u00edgdalas, cirurgia da adenoide por videoendoscopia, cirurgia de ouvido, cirurgia do ronco, rinoplastia, otoplastia e cirurgia da laringe. <\/p>\n<p>A localiza\u00e7\u00e3o da Cl\u00ednica Prof. Sergio Ramos facilita o acesso aos pacientes, pois est\u00e1 situada em um dos bairros mais centrais de Vit\u00f3ria. Com um ambiente acolhedor e uma equipe dedicada, garantimos que cada visitante se sinta confort\u00e1vel e seguro ao buscar tratamento. O hor\u00e1rio de funcionamento \u00e9 de segunda a sexta-feira, das 08:00 \u00e0s 17:00 horas, permitindo que os pacientes possam agendar suas consultas de acordo com sua conveni\u00eancia. <\/p>\n<p>A cl\u00ednica aceita diversos conv\u00eanios, incluindo ARCELOR-MITTAL, CST, BANESCAIXA, BRADESCO SA\u00daDE (apenas no Vit\u00f3ria Apart Hospital), CASSI, CESAN (apenas no Vit\u00f3ria Apart Hospital), CORREIOS (apenas no Vit\u00f3ria Apart Hospital), FUNCEF, SA\u00daDE CAIXA, MEDS\u00caNIOR (apenas no Vit\u00f3ria Apart Hospital), PASA, PETROBRAS e USISA\u00daDE (apenas no Vit\u00f3ria Apart Hospital). Essa variedade de conv\u00eanios visa proporcionar acesso \u00e0 sa\u00fade auditiva de qualidade para um n\u00famero maior de pacientes. <\/p>\n<p>Para mais informa\u00e7\u00f5es ou agendamentos, os interessados podem entrar em contato pelo telefone 2733451600. Embora a cl\u00ednica ainda n\u00e3o tenha um site ou perfil no Instagram, a comunica\u00e7\u00e3o direta \u00e9 sempre bem-vinda. Estamos aqui para cuidar da sua sa\u00fade auditiva com aten\u00e7\u00e3o e respeito, garantindo que voc\u00ea receba a melhor assist\u00eancia em cada etapa do seu tratamento.<\/p>\n<h3><span class=\"ez-toc-section\" id=\"Perguntas_Frequentes\"><\/span>Perguntas Frequentes<span class=\"ez-toc-section-end\"><\/span><\/h3>\n<p>P: Quais s\u00e3o os hor\u00e1rios de atendimento da cl\u00ednica?<br \/>\nR: A cl\u00ednica funciona de segunda a sexta-feira, das 08:00 \u00e0s 17:00 horas.<\/p>\n<p>P: Quais especialidades a Cl\u00ednica Prof. Sergio Ramos oferece?<br \/>\nR: A cl\u00ednica se especializa em otorrinolaringologia.<\/p>\n<p>P: Que tipos de exames auditivos s\u00e3o realizados na cl\u00ednica?<br \/>\nR: Realizamos audiometria tonal, audiometria vocal, audiometria infantil e imitanciometria, entre outros.<\/p>\n<p>P: A cl\u00ednica realiza cirurgias? Quais s\u00e3o elas?<br \/>\nR: Sim, realizamos cirurgias como cirurgia das am\u00edgdalas, cirurgia da adenoide por videoendoscopia, cirurgia de ouvido, rinoplastia, otoplastia e cirurgia da laringe.<\/p>\n<p>P: Quais conv\u00eanios s\u00e3o aceitos?<br \/>\nR: Aceitamos conv\u00eanios como ARCELOR-MITTAL, CST, BANESCAIXA, BRADESCO SA\u00daDE (no Vit\u00f3ria Apart Hospital), entre outros.<\/p>\n<p>P: Como posso agendar uma consulta?<br \/>\nR: Voc\u00ea pode agendar sua consulta atrav\u00e9s do telefone 2733451600.<\/p>\n<p>P: A cl\u00ednica possui um site ou redes sociais?<br \/>\nR: Atualmente, a cl\u00ednica n\u00e3o possui um site ou perfil no Instagram.<\/p>\n<p>P: O que \u00e9 audiometria e por que \u00e9 importante?<br \/>\nR: Audiometria \u00e9 um exame que avalia a capacidade auditiva e \u00e9 fundamental para diagnosticar problemas de audi\u00e7\u00e3o.<\/p>\n<p>P: A cl\u00ednica atende crian\u00e7as?<br \/>\nR: Sim, realizamos audiometria infantil e estamos preparados para atender crian\u00e7as com cuidado especial.<\/p>\n<p>P: Quais s\u00e3o as formas de pagamento aceitas?<br \/>\nR: Aceitamos pagamentos via conv\u00eanios e, para outras formas, consulte diretamente a cl\u00ednica.<\/p>\n<h3><span class=\"ez-toc-section\" id=\"Contato\"><\/span>Contato<span class=\"ez-toc-section-end\"><\/span><\/h3>\n<p><strong>Tel.: 2733451600 | <\/strong><br \/>\n<strong>WhatsApp: &#8211; <\/strong><\/p>\n","protected":false},"excerpt":{"rendered":"<p>Cl\u00ednica Prof. Sergio Ramos: Sua Sa\u00fade Auditiva em Vit\u00f3ria A Cl\u00ednica Prof. Sergio Ramos, localizada em Vit\u00f3ria, no bairro Enseada do Su\u00e1, \u00e9 uma refer\u00eancia em otorrinolaringologia. Com um atendimento humanizado e profissionais altamente capacitados, a cl\u00ednica se destaca pela qualidade dos servi\u00e7os prestados e pelo cuidado com cada paciente. O Dr. Sergio Ramos, respons\u00e1vel [&hellip;]<\/p>\n","protected":false},"author":0,"featured_media":0,"comment_status":"open","ping_status":"open","sticky":false,"template":"","format":"standard","meta":{"_et_pb_use_builder":"o","_et_pb_old_content":"","_et_gb_content_width":"","footnotes":""},"categories":[1751,1496,681],"tags":[],"class_list":["post-148459","post","type-post","status-publish","format-standard","hentry","category-clinicas-vitoria","category-exames-auditivos","category-otorrinolaringologia"],"yoast_head":"<!-- This site is optimized with the Yoast SEO Premium plugin v21.3 (Yoast SEO v27.5) - https:\/\/yoast.com\/product\/yoast-seo-premium-wordpress\/ -->\n<title>Cl\u00ednica Prof. Sergio Ramos: Sua Sa\u00fade Auditiva em Vit\u00f3ria - Conv\u00eanio Social<\/title>\n<meta name=\"robots\" content=\"index, follow, max-snippet:-1, max-image-preview:large, max-video-preview:-1\" \/>\n<link rel=\"canonical\" href=\"https:\/\/www.conveniosocial.com.br\/blog\/otorrinolaringologia\/clinica-prof-sergio-ramos-sua-saude-auditiva-em-vitoria\/\" \/>\n<meta property=\"og:locale\" content=\"pt_BR\" \/>\n<meta property=\"og:type\" content=\"article\" \/>\n<meta property=\"og:title\" content=\"Cl\u00ednica Prof. Sergio Ramos: Sua Sa\u00fade Auditiva em Vit\u00f3ria\" \/>\n<meta property=\"og:description\" content=\"Cl\u00ednica Prof. Sergio Ramos: Sua Sa\u00fade Auditiva em Vit\u00f3ria A Cl\u00ednica Prof. Sergio Ramos, localizada em Vit\u00f3ria, no bairro Enseada do Su\u00e1, \u00e9 uma refer\u00eancia em otorrinolaringologia. Com um atendimento humanizado e profissionais altamente capacitados, a cl\u00ednica se destaca pela qualidade dos servi\u00e7os prestados e pelo cuidado com cada paciente. O Dr. Sergio Ramos, respons\u00e1vel [&hellip;]\" \/>\n<meta property=\"og:url\" content=\"https:\/\/www.conveniosocial.com.br\/blog\/otorrinolaringologia\/clinica-prof-sergio-ramos-sua-saude-auditiva-em-vitoria\/\" \/>\n<meta property=\"og:site_name\" content=\"Conv\u00eanio Social\" \/>\n<meta property=\"article:published_time\" content=\"2025-12-18T00:00:10+00:00\" \/>\n<meta name=\"twitter:card\" content=\"summary_large_image\" \/>\n<meta name=\"twitter:label1\" content=\"Est. tempo de leitura\" \/>\n\t<meta name=\"twitter:data1\" content=\"3 minutos\" \/>\n<script type=\"application\/ld+json\" class=\"yoast-schema-graph\">{\"@context\":\"https:\\\/\\\/schema.org\",\"@graph\":[{\"@type\":\"Article\",\"@id\":\"https:\\\/\\\/www.conveniosocial.com.br\\\/blog\\\/otorrinolaringologia\\\/clinica-prof-sergio-ramos-sua-saude-auditiva-em-vitoria\\\/#article\",\"isPartOf\":{\"@id\":\"https:\\\/\\\/www.conveniosocial.com.br\\\/blog\\\/otorrinolaringologia\\\/clinica-prof-sergio-ramos-sua-saude-auditiva-em-vitoria\\\/\"},\"author\":{\"name\":\"\",\"@id\":\"\"},\"headline\":\"Cl\u00ednica Prof. Sergio Ramos: Sua Sa\u00fade Auditiva em Vit\u00f3ria\",\"datePublished\":\"2025-12-18T00:00:10+00:00\",\"mainEntityOfPage\":{\"@id\":\"https:\\\/\\\/www.conveniosocial.com.br\\\/blog\\\/otorrinolaringologia\\\/clinica-prof-sergio-ramos-sua-saude-auditiva-em-vitoria\\\/\"},\"wordCount\":644,\"commentCount\":0,\"publisher\":{\"@id\":\"https:\\\/\\\/www.conveniosocial.com.br\\\/blog\\\/#organization\"},\"articleSection\":[\"Cl\u00ednicas Vit\u00f3ria\",\"Exames Auditivos\",\"Otorrinolaringologia\"],\"inLanguage\":\"pt-BR\"},{\"@type\":\"WebPage\",\"@id\":\"https:\\\/\\\/www.conveniosocial.com.br\\\/blog\\\/otorrinolaringologia\\\/clinica-prof-sergio-ramos-sua-saude-auditiva-em-vitoria\\\/\",\"url\":\"https:\\\/\\\/www.conveniosocial.com.br\\\/blog\\\/otorrinolaringologia\\\/clinica-prof-sergio-ramos-sua-saude-auditiva-em-vitoria\\\/\",\"name\":\"Cl\u00ednica Prof. Sergio Ramos: Sua Sa\u00fade Auditiva em Vit\u00f3ria - Conv\u00eanio Social\",\"isPartOf\":{\"@id\":\"https:\\\/\\\/www.conveniosocial.com.br\\\/blog\\\/#website\"},\"datePublished\":\"2025-12-18T00:00:10+00:00\",\"breadcrumb\":{\"@id\":\"https:\\\/\\\/www.conveniosocial.com.br\\\/blog\\\/otorrinolaringologia\\\/clinica-prof-sergio-ramos-sua-saude-auditiva-em-vitoria\\\/#breadcrumb\"},\"inLanguage\":\"pt-BR\",\"potentialAction\":[{\"@type\":\"ReadAction\",\"target\":[\"https:\\\/\\\/www.conveniosocial.com.br\\\/blog\\\/otorrinolaringologia\\\/clinica-prof-sergio-ramos-sua-saude-auditiva-em-vitoria\\\/\"]}]},{\"@type\":\"BreadcrumbList\",\"@id\":\"https:\\\/\\\/www.conveniosocial.com.br\\\/blog\\\/otorrinolaringologia\\\/clinica-prof-sergio-ramos-sua-saude-auditiva-em-vitoria\\\/#breadcrumb\",\"itemListElement\":[{\"@type\":\"ListItem\",\"position\":1,\"name\":\"Home\",\"item\":\"https:\\\/\\\/www.conveniosocial.com.br\\\/blog\\\/\"},{\"@type\":\"ListItem\",\"position\":2,\"name\":\"Cl\u00ednicas Vit\u00f3ria\",\"item\":\"https:\\\/\\\/www.conveniosocial.com.br\\\/blog\\\/clinicas-vitoria\\\/\"},{\"@type\":\"ListItem\",\"position\":3,\"name\":\"Cl\u00ednica Prof. Sergio Ramos: Sua Sa\u00fade Auditiva em Vit\u00f3ria\"}]},{\"@type\":\"WebSite\",\"@id\":\"https:\\\/\\\/www.conveniosocial.com.br\\\/blog\\\/#website\",\"url\":\"https:\\\/\\\/www.conveniosocial.com.br\\\/blog\\\/\",\"name\":\"Conv\u00eanio Social\",\"description\":\"Informa\u00e7\u00f5es de Sa\u00fade e Bem-estar, Consultas e Exames Popular\",\"publisher\":{\"@id\":\"https:\\\/\\\/www.conveniosocial.com.br\\\/blog\\\/#organization\"},\"potentialAction\":[{\"@type\":\"SearchAction\",\"target\":{\"@type\":\"EntryPoint\",\"urlTemplate\":\"https:\\\/\\\/www.conveniosocial.com.br\\\/blog\\\/?s={search_term_string}\"},\"query-input\":{\"@type\":\"PropertyValueSpecification\",\"valueRequired\":true,\"valueName\":\"search_term_string\"}}],\"inLanguage\":\"pt-BR\"},{\"@type\":\"Organization\",\"@id\":\"https:\\\/\\\/www.conveniosocial.com.br\\\/blog\\\/#organization\",\"name\":\"Conv\u00eanio Social\",\"url\":\"https:\\\/\\\/www.conveniosocial.com.br\\\/blog\\\/\",\"logo\":{\"@type\":\"ImageObject\",\"inLanguage\":\"pt-BR\",\"@id\":\"https:\\\/\\\/www.conveniosocial.com.br\\\/blog\\\/#\\\/schema\\\/logo\\\/image\\\/\",\"url\":\"https:\\\/\\\/www.conveniosocial.com.br\\\/blog\\\/wp-content\\\/uploads\\\/2021\\\/11\\\/novo_logo-convenio-socia-digital.png\",\"contentUrl\":\"https:\\\/\\\/www.conveniosocial.com.br\\\/blog\\\/wp-content\\\/uploads\\\/2021\\\/11\\\/novo_logo-convenio-socia-digital.png\",\"width\":400,\"height\":102,\"caption\":\"Conv\u00eanio Social\"},\"image\":{\"@id\":\"https:\\\/\\\/www.conveniosocial.com.br\\\/blog\\\/#\\\/schema\\\/logo\\\/image\\\/\"}}]}<\/script>\n<!-- \/ Yoast SEO Premium plugin. -->","yoast_head_json":{"title":"Cl\u00ednica Prof. Sergio Ramos: Sua Sa\u00fade Auditiva em Vit\u00f3ria - Conv\u00eanio Social","robots":{"index":"index","follow":"follow","max-snippet":"max-snippet:-1","max-image-preview":"max-image-preview:large","max-video-preview":"max-video-preview:-1"},"canonical":"https:\/\/www.conveniosocial.com.br\/blog\/otorrinolaringologia\/clinica-prof-sergio-ramos-sua-saude-auditiva-em-vitoria\/","og_locale":"pt_BR","og_type":"article","og_title":"Cl\u00ednica Prof. Sergio Ramos: Sua Sa\u00fade Auditiva em Vit\u00f3ria","og_description":"Cl\u00ednica Prof. Sergio Ramos: Sua Sa\u00fade Auditiva em Vit\u00f3ria A Cl\u00ednica Prof. Sergio Ramos, localizada em Vit\u00f3ria, no bairro Enseada do Su\u00e1, \u00e9 uma refer\u00eancia em otorrinolaringologia. Com um atendimento humanizado e profissionais altamente capacitados, a cl\u00ednica se destaca pela qualidade dos servi\u00e7os prestados e pelo cuidado com cada paciente. O Dr. Sergio Ramos, respons\u00e1vel [&hellip;]","og_url":"https:\/\/www.conveniosocial.com.br\/blog\/otorrinolaringologia\/clinica-prof-sergio-ramos-sua-saude-auditiva-em-vitoria\/","og_site_name":"Conv\u00eanio Social","article_published_time":"2025-12-18T00:00:10+00:00","twitter_card":"summary_large_image","twitter_misc":{"Est. tempo de leitura":"3 minutos"},"schema":{"@context":"https:\/\/schema.org","@graph":[{"@type":"Article","@id":"https:\/\/www.conveniosocial.com.br\/blog\/otorrinolaringologia\/clinica-prof-sergio-ramos-sua-saude-auditiva-em-vitoria\/#article","isPartOf":{"@id":"https:\/\/www.conveniosocial.com.br\/blog\/otorrinolaringologia\/clinica-prof-sergio-ramos-sua-saude-auditiva-em-vitoria\/"},"author":{"name":"","@id":""},"headline":"Cl\u00ednica Prof. Sergio Ramos: Sua Sa\u00fade Auditiva em Vit\u00f3ria","datePublished":"2025-12-18T00:00:10+00:00","mainEntityOfPage":{"@id":"https:\/\/www.conveniosocial.com.br\/blog\/otorrinolaringologia\/clinica-prof-sergio-ramos-sua-saude-auditiva-em-vitoria\/"},"wordCount":644,"commentCount":0,"publisher":{"@id":"https:\/\/www.conveniosocial.com.br\/blog\/#organization"},"articleSection":["Cl\u00ednicas Vit\u00f3ria","Exames Auditivos","Otorrinolaringologia"],"inLanguage":"pt-BR"},{"@type":"WebPage","@id":"https:\/\/www.conveniosocial.com.br\/blog\/otorrinolaringologia\/clinica-prof-sergio-ramos-sua-saude-auditiva-em-vitoria\/","url":"https:\/\/www.conveniosocial.com.br\/blog\/otorrinolaringologia\/clinica-prof-sergio-ramos-sua-saude-auditiva-em-vitoria\/","name":"Cl\u00ednica Prof. Sergio Ramos: Sua Sa\u00fade Auditiva em Vit\u00f3ria - Conv\u00eanio Social","isPartOf":{"@id":"https:\/\/www.conveniosocial.com.br\/blog\/#website"},"datePublished":"2025-12-18T00:00:10+00:00","breadcrumb":{"@id":"https:\/\/www.conveniosocial.com.br\/blog\/otorrinolaringologia\/clinica-prof-sergio-ramos-sua-saude-auditiva-em-vitoria\/#breadcrumb"},"inLanguage":"pt-BR","potentialAction":[{"@type":"ReadAction","target":["https:\/\/www.conveniosocial.com.br\/blog\/otorrinolaringologia\/clinica-prof-sergio-ramos-sua-saude-auditiva-em-vitoria\/"]}]},{"@type":"BreadcrumbList","@id":"https:\/\/www.conveniosocial.com.br\/blog\/otorrinolaringologia\/clinica-prof-sergio-ramos-sua-saude-auditiva-em-vitoria\/#breadcrumb","itemListElement":[{"@type":"ListItem","position":1,"name":"Home","item":"https:\/\/www.conveniosocial.com.br\/blog\/"},{"@type":"ListItem","position":2,"name":"Cl\u00ednicas Vit\u00f3ria","item":"https:\/\/www.conveniosocial.com.br\/blog\/clinicas-vitoria\/"},{"@type":"ListItem","position":3,"name":"Cl\u00ednica Prof. Sergio Ramos: Sua Sa\u00fade Auditiva em Vit\u00f3ria"}]},{"@type":"WebSite","@id":"https:\/\/www.conveniosocial.com.br\/blog\/#website","url":"https:\/\/www.conveniosocial.com.br\/blog\/","name":"Conv\u00eanio Social","description":"Informa\u00e7\u00f5es de Sa\u00fade e Bem-estar, Consultas e Exames Popular","publisher":{"@id":"https:\/\/www.conveniosocial.com.br\/blog\/#organization"},"potentialAction":[{"@type":"SearchAction","target":{"@type":"EntryPoint","urlTemplate":"https:\/\/www.conveniosocial.com.br\/blog\/?s={search_term_string}"},"query-input":{"@type":"PropertyValueSpecification","valueRequired":true,"valueName":"search_term_string"}}],"inLanguage":"pt-BR"},{"@type":"Organization","@id":"https:\/\/www.conveniosocial.com.br\/blog\/#organization","name":"Conv\u00eanio Social","url":"https:\/\/www.conveniosocial.com.br\/blog\/","logo":{"@type":"ImageObject","inLanguage":"pt-BR","@id":"https:\/\/www.conveniosocial.com.br\/blog\/#\/schema\/logo\/image\/","url":"https:\/\/www.conveniosocial.com.br\/blog\/wp-content\/uploads\/2021\/11\/novo_logo-convenio-socia-digital.png","contentUrl":"https:\/\/www.conveniosocial.com.br\/blog\/wp-content\/uploads\/2021\/11\/novo_logo-convenio-socia-digital.png","width":400,"height":102,"caption":"Conv\u00eanio Social"},"image":{"@id":"https:\/\/www.conveniosocial.com.br\/blog\/#\/schema\/logo\/image\/"}}]}},"_links":{"self":[{"href":"https:\/\/www.conveniosocial.com.br\/blog\/wp-json\/wp\/v2\/posts\/148459","targetHints":{"allow":["GET"]}}],"collection":[{"href":"https:\/\/www.conveniosocial.com.br\/blog\/wp-json\/wp\/v2\/posts"}],"about":[{"href":"https:\/\/www.conveniosocial.com.br\/blog\/wp-json\/wp\/v2\/types\/post"}],"replies":[{"embeddable":true,"href":"https:\/\/www.conveniosocial.com.br\/blog\/wp-json\/wp\/v2\/comments?post=148459"}],"version-history":[{"count":0,"href":"https:\/\/www.conveniosocial.com.br\/blog\/wp-json\/wp\/v2\/posts\/148459\/revisions"}],"wp:attachment":[{"href":"https:\/\/www.conveniosocial.com.br\/blog\/wp-json\/wp\/v2\/media?parent=148459"}],"wp:term":[{"taxonomy":"category","embeddable":true,"href":"https:\/\/www.conveniosocial.com.br\/blog\/wp-json\/wp\/v2\/categories?post=148459"},{"taxonomy":"post_tag","embeddable":true,"href":"https:\/\/www.conveniosocial.com.br\/blog\/wp-json\/wp\/v2\/tags?post=148459"}],"curies":[{"name":"wp","href":"https:\/\/api.w.org\/{rel}","templated":true}]}}