{"id":149912,"date":"2026-01-19T21:00:23","date_gmt":"2026-01-20T00:00:23","guid":{"rendered":"https:\/\/www.conveniosocial.com.br\/blog\/nehuma\/espaco-belmov-seu-spa-em-sao-jose-dos-campos\/"},"modified":"2026-01-19T21:00:23","modified_gmt":"2026-01-20T00:00:23","slug":"espaco-belmov-seu-spa-em-sao-jose-dos-campos","status":"publish","type":"post","link":"https:\/\/www.conveniosocial.com.br\/blog\/estetica\/espaco-belmov-seu-spa-em-sao-jose-dos-campos\/","title":{"rendered":"Espa\u00e7o BelMov: Seu SPA em S\u00e3o Jos\u00e9 dos Campos"},"content":{"rendered":"<div id=\"ez-toc-container\" class=\"ez-toc-v2_0_82_2 counter-flat ez-toc-counter ez-toc-white ez-toc-container-direction\">\n<p class=\"ez-toc-title\" style=\"cursor:inherit\">\u00cdndice do Conte\u00fado<\/p>\n<label for=\"ez-toc-cssicon-toggle-item-69f14085e0635\" class=\"ez-toc-cssicon-toggle-label\"><span class=\"ez-toc-cssicon\"><span class=\"eztoc-hide\" style=\"display:none;\">Toggle<\/span><span class=\"ez-toc-icon-toggle-span\"><svg style=\"fill: #999;color:#999\" xmlns=\"http:\/\/www.w3.org\/2000\/svg\" class=\"list-377408\" width=\"20px\" height=\"20px\" viewBox=\"0 0 24 24\" fill=\"none\"><path d=\"M6 6H4v2h2V6zm14 0H8v2h12V6zM4 11h2v2H4v-2zm16 0H8v2h12v-2zM4 16h2v2H4v-2zm16 0H8v2h12v-2z\" fill=\"currentColor\"><\/path><\/svg><svg style=\"fill: #999;color:#999\" class=\"arrow-unsorted-368013\" xmlns=\"http:\/\/www.w3.org\/2000\/svg\" width=\"10px\" height=\"10px\" viewBox=\"0 0 24 24\" version=\"1.2\" baseProfile=\"tiny\"><path d=\"M18.2 9.3l-6.2-6.3-6.2 6.3c-.2.2-.3.4-.3.7s.1.5.3.7c.2.2.4.3.7.3h11c.3 0 .5-.1.7-.3.2-.2.3-.5.3-.7s-.1-.5-.3-.7zM5.8 14.7l6.2 6.3 6.2-6.3c.2-.2.3-.5.3-.7s-.1-.5-.3-.7c-.2-.2-.4-.3-.7-.3h-11c-.3 0-.5.1-.7.3-.2.2-.3.5-.3.7s.1.5.3.7z\"\/><\/svg><\/span><\/span><\/label><input type=\"checkbox\"  id=\"ez-toc-cssicon-toggle-item-69f14085e0635\" checked aria-label=\"Alternar\" \/><nav><ul class='ez-toc-list ez-toc-list-level-1 ' ><li class='ez-toc-page-1'><a class=\"ez-toc-link ez-toc-heading-1\" href=\"https:\/\/www.conveniosocial.com.br\/blog\/estetica\/espaco-belmov-seu-spa-em-sao-jose-dos-campos\/#Espaco_BelMov_Seu_SPA_em_Sao_Jose_dos_Campos\" >Espa\u00e7o BelMov: Seu SPA em S\u00e3o Jos\u00e9 dos Campos<\/a><\/li><li class='ez-toc-page-1'><a class=\"ez-toc-link ez-toc-heading-2\" href=\"https:\/\/www.conveniosocial.com.br\/blog\/estetica\/espaco-belmov-seu-spa-em-sao-jose-dos-campos\/#Perguntas_Frequentes\" >Perguntas Frequentes<\/a><\/li><li class='ez-toc-page-1'><a class=\"ez-toc-link ez-toc-heading-3\" href=\"https:\/\/www.conveniosocial.com.br\/blog\/estetica\/espaco-belmov-seu-spa-em-sao-jose-dos-campos\/#Contato\" >Contato<\/a><\/li><\/ul><\/nav><\/div>\n<h2><span class=\"ez-toc-section\" id=\"Espaco_BelMov_Seu_SPA_em_Sao_Jose_dos_Campos\"><\/span>Espa\u00e7o BelMov: Seu SPA em S\u00e3o Jos\u00e9 dos Campos<span class=\"ez-toc-section-end\"><\/span><\/h2>\n<p>Seja bem-vindo ao Espa\u00e7o BelMov, uma cl\u00ednica especializada em tratamentos est\u00e9ticos e corporais localizada no cora\u00e7\u00e3o de S\u00e3o Jos\u00e9 dos Campos, no Parque Industrial. Nossa miss\u00e3o \u00e9 proporcionar um atendimento humanizado e acolhedor, visando o bem-estar e a satisfa\u00e7\u00e3o de nossos clientes em cada visita. Com uma equipe altamente capacitada, sob a responsabilidade t\u00e9cnica da profissional Luciane Betti, oferecemos uma ampla gama de servi\u00e7os que v\u00e3o desde drenagens linf\u00e1ticas at\u00e9 tratamentos faciais personalizados. <\/p>\n<p>Nossos principais servi\u00e7os incluem: a Drenagem Linf\u00e1tica, dispon\u00edvel nas modalidades corporal, gestacional e p\u00f3s-operat\u00f3rio, que \u00e9 ideal para quem busca relaxamento e melhora na circula\u00e7\u00e3o. O Esculpe Detox Corporal e o SPA Detox Corporal s\u00e3o op\u00e7\u00f5es perfeitas para quem deseja desintoxicar e revitalizar o corpo de maneira eficiente. Al\u00e9m disso, temos a massagem relaxante, que promove al\u00edvio do estresse e melhora na qualidade de vida. Para cuidados com a pele, oferecemos a Limpeza de Pele Profunda, que \u00e9 adaptada a cada tipo de pele, e o SPA Detox Facial, que traz resultados vis\u00edveis e duradouros. <\/p>\n<p>Outros servi\u00e7os que se destacam s\u00e3o o Ortoveins, um tratamento eficaz para clareamento de vasinhos, e a Auriculoterapia, que utiliza a medicina tradicional chinesa para melhorar a sa\u00fade. Para quem busca est\u00e9tica e beleza, realizamos depila\u00e7\u00f5es com cera morna utilizando os m\u00e9todos espanhol e roll-on, al\u00e9m de um design de sobrancelhas que valoriza o olhar. <\/p>\n<p>Estamos localizados em um ponto de f\u00e1cil acesso, com estacionamento dispon\u00edvel e pr\u00f3ximo a bairros como Bosque dos Eucaliptos e Jardim Sat\u00e9lite. A cl\u00ednica funciona de segunda a sexta, com hor\u00e1rios flex\u00edveis para atender melhor nossos clientes. Na segunda-feira, estamos abertos das 09:00 \u00e0s 18:00, de ter\u00e7a a sexta das 09:00 \u00e0s 20:00 (com quinta-feira iniciando \u00e0s 08:00) e aos s\u00e1bados das 08:00 \u00e0s 13:00. <\/p>\n<p>Atualmente, trabalhamos com atendimentos particulares, assegurando um atendimento personalizado e de qualidade. Para agendar sua consulta ou obter mais informa\u00e7\u00f5es, entre em contato pelo telefone (12) 98100-0180. Infelizmente, ainda n\u00e3o temos um site ou Instagram, mas estamos sempre dispon\u00edveis para atender suas d\u00favidas e agendamentos por telefone. Venha conhecer o Espa\u00e7o BelMov e descubra como podemos ajudar a real\u00e7ar sua beleza e seu bem-estar!<\/p>\n<h3><span class=\"ez-toc-section\" id=\"Perguntas_Frequentes\"><\/span>Perguntas Frequentes<span class=\"ez-toc-section-end\"><\/span><\/h3>\n<p>P: Quais tipos de tratamento a cl\u00ednica oferece?<br \/>\nR: A cl\u00ednica oferece tratamentos corporais, faciais, drenagem linf\u00e1tica e servi\u00e7os de est\u00e9tica como depila\u00e7\u00e3o e design de sobrancelhas.<\/p>\n<p>P: A cl\u00ednica atende conv\u00eanios?<br \/>\nR: Atualmente, a cl\u00ednica atende apenas clientes particulares.<\/p>\n<p>P: Quais s\u00e3o os hor\u00e1rios de funcionamento?<br \/>\nR: A cl\u00ednica funciona de segunda das 09:00 \u00e0s 18:00, de ter\u00e7a a sexta das 09:00 \u00e0s 20:00 (quinta-feira abre \u00e0s 08:00) e s\u00e1bado das 08:00 \u00e0s 13:00.<\/p>\n<p>P: A drenagem linf\u00e1tica est\u00e1 dispon\u00edvel para gestantes?<br \/>\nR: Sim, oferecemos drenagem linf\u00e1tica gestacional, espec\u00edfica para gr\u00e1vidas.<\/p>\n<p>P: Existe algum tratamento para clareamento de vasinhos?<br \/>\nR: Sim, realizamos o tratamento Ortoveins para clareamento de vasinhos.<\/p>\n<p>P: Como posso agendar um hor\u00e1rio na cl\u00ednica?<br \/>\nR: Voc\u00ea pode agendar um hor\u00e1rio entrando em contato pelo telefone (12) 98100-0180.<\/p>\n<p>P: A cl\u00ednica oferece servi\u00e7os de depila\u00e7\u00e3o?<br \/>\nR: Sim, oferecemos depila\u00e7\u00e3o com cera morna utilizando os m\u00e9todos espanhol e roll-on.<\/p>\n<p>P: Quais s\u00e3o os benef\u00edcios da Auriculoterapia?<br \/>\nR: A Auriculoterapia pode ajudar a aliviar estresse, ansiedade e promover o equil\u00edbrio emocional.<\/p>\n<p>P: Posso fazer um tratamento facial e corporal no mesmo dia?<br \/>\nR: Sim, \u00e9 poss\u00edvel agendar ambos os tratamentos no mesmo dia, de acordo com a disponibilidade.<\/p>\n<p>P: Onde a cl\u00ednica est\u00e1 localizada?<br \/>\nR: A cl\u00ednica Espa\u00e7o BelMov est\u00e1 localizada no Parque Industrial, em S\u00e3o Jos\u00e9 dos Campos, SP.<\/p>\n<h3><span class=\"ez-toc-section\" id=\"Contato\"><\/span>Contato<span class=\"ez-toc-section-end\"><\/span><\/h3>\n<p><strong>Tel.:  | <\/strong><br \/>\n<strong>WhatsApp: &#8211; <\/strong><\/p>\n","protected":false},"excerpt":{"rendered":"<p>Espa\u00e7o BelMov: Seu SPA em S\u00e3o Jos\u00e9 dos Campos Seja bem-vindo ao Espa\u00e7o BelMov, uma cl\u00ednica especializada em tratamentos est\u00e9ticos e corporais localizada no cora\u00e7\u00e3o de S\u00e3o Jos\u00e9 dos Campos, no Parque Industrial. Nossa miss\u00e3o \u00e9 proporcionar um atendimento humanizado e acolhedor, visando o bem-estar e a satisfa\u00e7\u00e3o de nossos clientes em cada visita. Com [&hellip;]<\/p>\n","protected":false},"author":0,"featured_media":0,"comment_status":"open","ping_status":"open","sticky":false,"template":"","format":"standard","meta":{"_et_pb_use_builder":"o","_et_pb_old_content":"","_et_gb_content_width":"","footnotes":""},"categories":[1340,684,1327],"tags":[],"class_list":["post-149912","post","type-post","status-publish","format-standard","hentry","category-drenagem-linfatica","category-estetica","category-tratamentos-corporais"],"yoast_head":"<!-- This site is optimized with the Yoast SEO Premium plugin v21.3 (Yoast SEO v27.5) - https:\/\/yoast.com\/product\/yoast-seo-premium-wordpress\/ -->\n<title>Espa\u00e7o BelMov: Seu SPA em S\u00e3o Jos\u00e9 dos Campos - Conv\u00eanio Social<\/title>\n<meta name=\"robots\" content=\"index, follow, max-snippet:-1, max-image-preview:large, max-video-preview:-1\" \/>\n<link rel=\"canonical\" href=\"https:\/\/www.conveniosocial.com.br\/blog\/estetica\/espaco-belmov-seu-spa-em-sao-jose-dos-campos\/\" \/>\n<meta property=\"og:locale\" content=\"pt_BR\" \/>\n<meta property=\"og:type\" content=\"article\" \/>\n<meta property=\"og:title\" content=\"Espa\u00e7o BelMov: Seu SPA em S\u00e3o Jos\u00e9 dos Campos\" \/>\n<meta property=\"og:description\" content=\"Espa\u00e7o BelMov: Seu SPA em S\u00e3o Jos\u00e9 dos Campos Seja bem-vindo ao Espa\u00e7o BelMov, uma cl\u00ednica especializada em tratamentos est\u00e9ticos e corporais localizada no cora\u00e7\u00e3o de S\u00e3o Jos\u00e9 dos Campos, no Parque Industrial. Nossa miss\u00e3o \u00e9 proporcionar um atendimento humanizado e acolhedor, visando o bem-estar e a satisfa\u00e7\u00e3o de nossos clientes em cada visita. Com [&hellip;]\" \/>\n<meta property=\"og:url\" content=\"https:\/\/www.conveniosocial.com.br\/blog\/estetica\/espaco-belmov-seu-spa-em-sao-jose-dos-campos\/\" \/>\n<meta property=\"og:site_name\" content=\"Conv\u00eanio Social\" \/>\n<meta property=\"article:published_time\" content=\"2026-01-20T00:00:23+00:00\" \/>\n<meta name=\"twitter:card\" content=\"summary_large_image\" \/>\n<meta name=\"twitter:label1\" content=\"Est. tempo de leitura\" \/>\n\t<meta name=\"twitter:data1\" content=\"3 minutos\" \/>\n<script type=\"application\/ld+json\" class=\"yoast-schema-graph\">{\"@context\":\"https:\\\/\\\/schema.org\",\"@graph\":[{\"@type\":\"Article\",\"@id\":\"https:\\\/\\\/www.conveniosocial.com.br\\\/blog\\\/estetica\\\/espaco-belmov-seu-spa-em-sao-jose-dos-campos\\\/#article\",\"isPartOf\":{\"@id\":\"https:\\\/\\\/www.conveniosocial.com.br\\\/blog\\\/estetica\\\/espaco-belmov-seu-spa-em-sao-jose-dos-campos\\\/\"},\"author\":{\"name\":\"\",\"@id\":\"\"},\"headline\":\"Espa\u00e7o BelMov: Seu SPA em S\u00e3o Jos\u00e9 dos Campos\",\"datePublished\":\"2026-01-20T00:00:23+00:00\",\"mainEntityOfPage\":{\"@id\":\"https:\\\/\\\/www.conveniosocial.com.br\\\/blog\\\/estetica\\\/espaco-belmov-seu-spa-em-sao-jose-dos-campos\\\/\"},\"wordCount\":659,\"commentCount\":0,\"publisher\":{\"@id\":\"https:\\\/\\\/www.conveniosocial.com.br\\\/blog\\\/#organization\"},\"articleSection\":[\"Drenagem Linf\u00e1tica\",\"Est\u00e9tica\",\"Tratamentos Corporais\"],\"inLanguage\":\"pt-BR\"},{\"@type\":\"WebPage\",\"@id\":\"https:\\\/\\\/www.conveniosocial.com.br\\\/blog\\\/estetica\\\/espaco-belmov-seu-spa-em-sao-jose-dos-campos\\\/\",\"url\":\"https:\\\/\\\/www.conveniosocial.com.br\\\/blog\\\/estetica\\\/espaco-belmov-seu-spa-em-sao-jose-dos-campos\\\/\",\"name\":\"Espa\u00e7o BelMov: Seu SPA em S\u00e3o Jos\u00e9 dos Campos - Conv\u00eanio Social\",\"isPartOf\":{\"@id\":\"https:\\\/\\\/www.conveniosocial.com.br\\\/blog\\\/#website\"},\"datePublished\":\"2026-01-20T00:00:23+00:00\",\"breadcrumb\":{\"@id\":\"https:\\\/\\\/www.conveniosocial.com.br\\\/blog\\\/estetica\\\/espaco-belmov-seu-spa-em-sao-jose-dos-campos\\\/#breadcrumb\"},\"inLanguage\":\"pt-BR\",\"potentialAction\":[{\"@type\":\"ReadAction\",\"target\":[\"https:\\\/\\\/www.conveniosocial.com.br\\\/blog\\\/estetica\\\/espaco-belmov-seu-spa-em-sao-jose-dos-campos\\\/\"]}]},{\"@type\":\"BreadcrumbList\",\"@id\":\"https:\\\/\\\/www.conveniosocial.com.br\\\/blog\\\/estetica\\\/espaco-belmov-seu-spa-em-sao-jose-dos-campos\\\/#breadcrumb\",\"itemListElement\":[{\"@type\":\"ListItem\",\"position\":1,\"name\":\"Home\",\"item\":\"https:\\\/\\\/www.conveniosocial.com.br\\\/blog\\\/\"},{\"@type\":\"ListItem\",\"position\":2,\"name\":\"Drenagem Linf\u00e1tica\",\"item\":\"https:\\\/\\\/www.conveniosocial.com.br\\\/blog\\\/drenagem-linfatica\\\/\"},{\"@type\":\"ListItem\",\"position\":3,\"name\":\"Espa\u00e7o BelMov: Seu SPA em S\u00e3o Jos\u00e9 dos Campos\"}]},{\"@type\":\"WebSite\",\"@id\":\"https:\\\/\\\/www.conveniosocial.com.br\\\/blog\\\/#website\",\"url\":\"https:\\\/\\\/www.conveniosocial.com.br\\\/blog\\\/\",\"name\":\"Conv\u00eanio Social\",\"description\":\"Informa\u00e7\u00f5es de Sa\u00fade e Bem-estar, Consultas e Exames Popular\",\"publisher\":{\"@id\":\"https:\\\/\\\/www.conveniosocial.com.br\\\/blog\\\/#organization\"},\"potentialAction\":[{\"@type\":\"SearchAction\",\"target\":{\"@type\":\"EntryPoint\",\"urlTemplate\":\"https:\\\/\\\/www.conveniosocial.com.br\\\/blog\\\/?s={search_term_string}\"},\"query-input\":{\"@type\":\"PropertyValueSpecification\",\"valueRequired\":true,\"valueName\":\"search_term_string\"}}],\"inLanguage\":\"pt-BR\"},{\"@type\":\"Organization\",\"@id\":\"https:\\\/\\\/www.conveniosocial.com.br\\\/blog\\\/#organization\",\"name\":\"Conv\u00eanio Social\",\"url\":\"https:\\\/\\\/www.conveniosocial.com.br\\\/blog\\\/\",\"logo\":{\"@type\":\"ImageObject\",\"inLanguage\":\"pt-BR\",\"@id\":\"https:\\\/\\\/www.conveniosocial.com.br\\\/blog\\\/#\\\/schema\\\/logo\\\/image\\\/\",\"url\":\"https:\\\/\\\/www.conveniosocial.com.br\\\/blog\\\/wp-content\\\/uploads\\\/2021\\\/11\\\/novo_logo-convenio-socia-digital.png\",\"contentUrl\":\"https:\\\/\\\/www.conveniosocial.com.br\\\/blog\\\/wp-content\\\/uploads\\\/2021\\\/11\\\/novo_logo-convenio-socia-digital.png\",\"width\":400,\"height\":102,\"caption\":\"Conv\u00eanio Social\"},\"image\":{\"@id\":\"https:\\\/\\\/www.conveniosocial.com.br\\\/blog\\\/#\\\/schema\\\/logo\\\/image\\\/\"}}]}<\/script>\n<!-- \/ Yoast SEO Premium plugin. -->","yoast_head_json":{"title":"Espa\u00e7o BelMov: Seu SPA em S\u00e3o Jos\u00e9 dos Campos - Conv\u00eanio Social","robots":{"index":"index","follow":"follow","max-snippet":"max-snippet:-1","max-image-preview":"max-image-preview:large","max-video-preview":"max-video-preview:-1"},"canonical":"https:\/\/www.conveniosocial.com.br\/blog\/estetica\/espaco-belmov-seu-spa-em-sao-jose-dos-campos\/","og_locale":"pt_BR","og_type":"article","og_title":"Espa\u00e7o BelMov: Seu SPA em S\u00e3o Jos\u00e9 dos Campos","og_description":"Espa\u00e7o BelMov: Seu SPA em S\u00e3o Jos\u00e9 dos Campos Seja bem-vindo ao Espa\u00e7o BelMov, uma cl\u00ednica especializada em tratamentos est\u00e9ticos e corporais localizada no cora\u00e7\u00e3o de S\u00e3o Jos\u00e9 dos Campos, no Parque Industrial. Nossa miss\u00e3o \u00e9 proporcionar um atendimento humanizado e acolhedor, visando o bem-estar e a satisfa\u00e7\u00e3o de nossos clientes em cada visita. Com [&hellip;]","og_url":"https:\/\/www.conveniosocial.com.br\/blog\/estetica\/espaco-belmov-seu-spa-em-sao-jose-dos-campos\/","og_site_name":"Conv\u00eanio Social","article_published_time":"2026-01-20T00:00:23+00:00","twitter_card":"summary_large_image","twitter_misc":{"Est. tempo de leitura":"3 minutos"},"schema":{"@context":"https:\/\/schema.org","@graph":[{"@type":"Article","@id":"https:\/\/www.conveniosocial.com.br\/blog\/estetica\/espaco-belmov-seu-spa-em-sao-jose-dos-campos\/#article","isPartOf":{"@id":"https:\/\/www.conveniosocial.com.br\/blog\/estetica\/espaco-belmov-seu-spa-em-sao-jose-dos-campos\/"},"author":{"name":"","@id":""},"headline":"Espa\u00e7o BelMov: Seu SPA em S\u00e3o Jos\u00e9 dos Campos","datePublished":"2026-01-20T00:00:23+00:00","mainEntityOfPage":{"@id":"https:\/\/www.conveniosocial.com.br\/blog\/estetica\/espaco-belmov-seu-spa-em-sao-jose-dos-campos\/"},"wordCount":659,"commentCount":0,"publisher":{"@id":"https:\/\/www.conveniosocial.com.br\/blog\/#organization"},"articleSection":["Drenagem Linf\u00e1tica","Est\u00e9tica","Tratamentos Corporais"],"inLanguage":"pt-BR"},{"@type":"WebPage","@id":"https:\/\/www.conveniosocial.com.br\/blog\/estetica\/espaco-belmov-seu-spa-em-sao-jose-dos-campos\/","url":"https:\/\/www.conveniosocial.com.br\/blog\/estetica\/espaco-belmov-seu-spa-em-sao-jose-dos-campos\/","name":"Espa\u00e7o BelMov: Seu SPA em S\u00e3o Jos\u00e9 dos Campos - Conv\u00eanio Social","isPartOf":{"@id":"https:\/\/www.conveniosocial.com.br\/blog\/#website"},"datePublished":"2026-01-20T00:00:23+00:00","breadcrumb":{"@id":"https:\/\/www.conveniosocial.com.br\/blog\/estetica\/espaco-belmov-seu-spa-em-sao-jose-dos-campos\/#breadcrumb"},"inLanguage":"pt-BR","potentialAction":[{"@type":"ReadAction","target":["https:\/\/www.conveniosocial.com.br\/blog\/estetica\/espaco-belmov-seu-spa-em-sao-jose-dos-campos\/"]}]},{"@type":"BreadcrumbList","@id":"https:\/\/www.conveniosocial.com.br\/blog\/estetica\/espaco-belmov-seu-spa-em-sao-jose-dos-campos\/#breadcrumb","itemListElement":[{"@type":"ListItem","position":1,"name":"Home","item":"https:\/\/www.conveniosocial.com.br\/blog\/"},{"@type":"ListItem","position":2,"name":"Drenagem Linf\u00e1tica","item":"https:\/\/www.conveniosocial.com.br\/blog\/drenagem-linfatica\/"},{"@type":"ListItem","position":3,"name":"Espa\u00e7o BelMov: Seu SPA em S\u00e3o Jos\u00e9 dos Campos"}]},{"@type":"WebSite","@id":"https:\/\/www.conveniosocial.com.br\/blog\/#website","url":"https:\/\/www.conveniosocial.com.br\/blog\/","name":"Conv\u00eanio Social","description":"Informa\u00e7\u00f5es de Sa\u00fade e Bem-estar, Consultas e Exames Popular","publisher":{"@id":"https:\/\/www.conveniosocial.com.br\/blog\/#organization"},"potentialAction":[{"@type":"SearchAction","target":{"@type":"EntryPoint","urlTemplate":"https:\/\/www.conveniosocial.com.br\/blog\/?s={search_term_string}"},"query-input":{"@type":"PropertyValueSpecification","valueRequired":true,"valueName":"search_term_string"}}],"inLanguage":"pt-BR"},{"@type":"Organization","@id":"https:\/\/www.conveniosocial.com.br\/blog\/#organization","name":"Conv\u00eanio Social","url":"https:\/\/www.conveniosocial.com.br\/blog\/","logo":{"@type":"ImageObject","inLanguage":"pt-BR","@id":"https:\/\/www.conveniosocial.com.br\/blog\/#\/schema\/logo\/image\/","url":"https:\/\/www.conveniosocial.com.br\/blog\/wp-content\/uploads\/2021\/11\/novo_logo-convenio-socia-digital.png","contentUrl":"https:\/\/www.conveniosocial.com.br\/blog\/wp-content\/uploads\/2021\/11\/novo_logo-convenio-socia-digital.png","width":400,"height":102,"caption":"Conv\u00eanio Social"},"image":{"@id":"https:\/\/www.conveniosocial.com.br\/blog\/#\/schema\/logo\/image\/"}}]}},"_links":{"self":[{"href":"https:\/\/www.conveniosocial.com.br\/blog\/wp-json\/wp\/v2\/posts\/149912","targetHints":{"allow":["GET"]}}],"collection":[{"href":"https:\/\/www.conveniosocial.com.br\/blog\/wp-json\/wp\/v2\/posts"}],"about":[{"href":"https:\/\/www.conveniosocial.com.br\/blog\/wp-json\/wp\/v2\/types\/post"}],"replies":[{"embeddable":true,"href":"https:\/\/www.conveniosocial.com.br\/blog\/wp-json\/wp\/v2\/comments?post=149912"}],"version-history":[{"count":0,"href":"https:\/\/www.conveniosocial.com.br\/blog\/wp-json\/wp\/v2\/posts\/149912\/revisions"}],"wp:attachment":[{"href":"https:\/\/www.conveniosocial.com.br\/blog\/wp-json\/wp\/v2\/media?parent=149912"}],"wp:term":[{"taxonomy":"category","embeddable":true,"href":"https:\/\/www.conveniosocial.com.br\/blog\/wp-json\/wp\/v2\/categories?post=149912"},{"taxonomy":"post_tag","embeddable":true,"href":"https:\/\/www.conveniosocial.com.br\/blog\/wp-json\/wp\/v2\/tags?post=149912"}],"curies":[{"name":"wp","href":"https:\/\/api.w.org\/{rel}","templated":true}]}}