{"id":149951,"date":"2026-01-20T21:00:23","date_gmt":"2026-01-21T00:00:23","guid":{"rendered":"https:\/\/www.conveniosocial.com.br\/blog\/nehuma\/vanessa-carvalho-beauty-sua-clinica-de-estetica-em-jundiai\/"},"modified":"2026-01-20T21:00:23","modified_gmt":"2026-01-21T00:00:23","slug":"vanessa-carvalho-beauty-sua-clinica-de-estetica-em-jundiai","status":"publish","type":"post","link":"https:\/\/www.conveniosocial.com.br\/blog\/estetica\/vanessa-carvalho-beauty-sua-clinica-de-estetica-em-jundiai\/","title":{"rendered":"Vanessa Carvalho Beauty: Sua Cl\u00ednica de Est\u00e9tica em Jundia\u00ed"},"content":{"rendered":"<div id=\"ez-toc-container\" class=\"ez-toc-v2_0_82_2 counter-flat ez-toc-counter ez-toc-white ez-toc-container-direction\">\n<p class=\"ez-toc-title\" style=\"cursor:inherit\">\u00cdndice do Conte\u00fado<\/p>\n<label for=\"ez-toc-cssicon-toggle-item-69f257ac02c8d\" class=\"ez-toc-cssicon-toggle-label\"><span class=\"ez-toc-cssicon\"><span class=\"eztoc-hide\" style=\"display:none;\">Toggle<\/span><span class=\"ez-toc-icon-toggle-span\"><svg style=\"fill: #999;color:#999\" xmlns=\"http:\/\/www.w3.org\/2000\/svg\" class=\"list-377408\" width=\"20px\" height=\"20px\" viewBox=\"0 0 24 24\" fill=\"none\"><path d=\"M6 6H4v2h2V6zm14 0H8v2h12V6zM4 11h2v2H4v-2zm16 0H8v2h12v-2zM4 16h2v2H4v-2zm16 0H8v2h12v-2z\" fill=\"currentColor\"><\/path><\/svg><svg style=\"fill: #999;color:#999\" class=\"arrow-unsorted-368013\" xmlns=\"http:\/\/www.w3.org\/2000\/svg\" width=\"10px\" height=\"10px\" viewBox=\"0 0 24 24\" version=\"1.2\" baseProfile=\"tiny\"><path d=\"M18.2 9.3l-6.2-6.3-6.2 6.3c-.2.2-.3.4-.3.7s.1.5.3.7c.2.2.4.3.7.3h11c.3 0 .5-.1.7-.3.2-.2.3-.5.3-.7s-.1-.5-.3-.7zM5.8 14.7l6.2 6.3 6.2-6.3c.2-.2.3-.5.3-.7s-.1-.5-.3-.7c-.2-.2-.4-.3-.7-.3h-11c-.3 0-.5.1-.7.3-.2.2-.3.5-.3.7s.1.5.3.7z\"\/><\/svg><\/span><\/span><\/label><input type=\"checkbox\"  id=\"ez-toc-cssicon-toggle-item-69f257ac02c8d\" checked aria-label=\"Alternar\" \/><nav><ul class='ez-toc-list ez-toc-list-level-1 ' ><li class='ez-toc-page-1'><a class=\"ez-toc-link ez-toc-heading-1\" href=\"https:\/\/www.conveniosocial.com.br\/blog\/estetica\/vanessa-carvalho-beauty-sua-clinica-de-estetica-em-jundiai\/#Vanessa_Carvalho_Beauty_Sua_Clinica_de_Estetica_em_Jundiai\" >Vanessa Carvalho Beauty: Sua Cl\u00ednica de Est\u00e9tica em Jundia\u00ed<\/a><\/li><li class='ez-toc-page-1'><a class=\"ez-toc-link ez-toc-heading-2\" href=\"https:\/\/www.conveniosocial.com.br\/blog\/estetica\/vanessa-carvalho-beauty-sua-clinica-de-estetica-em-jundiai\/#Perguntas_Frequentes\" >Perguntas Frequentes<\/a><\/li><li class='ez-toc-page-1'><a class=\"ez-toc-link ez-toc-heading-3\" href=\"https:\/\/www.conveniosocial.com.br\/blog\/estetica\/vanessa-carvalho-beauty-sua-clinica-de-estetica-em-jundiai\/#Contato\" >Contato<\/a><\/li><\/ul><\/nav><\/div>\n<h2><span class=\"ez-toc-section\" id=\"Vanessa_Carvalho_Beauty_Sua_Clinica_de_Estetica_em_Jundiai\"><\/span>Vanessa Carvalho Beauty: Sua Cl\u00ednica de Est\u00e9tica em Jundia\u00ed<span class=\"ez-toc-section-end\"><\/span><\/h2>\n<p>A Vanessa Carvalho Beauty \u00e9 uma cl\u00ednica de sa\u00fade e est\u00e9tica integrativa localizada em Jundia\u00ed, no bairro Ch\u00e1cara Urbana. Com um ambiente acolhedor e profissional, nossa miss\u00e3o \u00e9 proporcionar bem-estar e autoestima aos nossos pacientes por meio de tratamentos est\u00e9ticos de alta qualidade. Nossa equipe \u00e9 liderada pela respons\u00e1vel t\u00e9cnica Gabrielly Honorato Matvejv, que conta com o CRM CRBM: 48.496, garantindo a seguran\u00e7a e a efic\u00e1cia dos procedimentos realizados. <\/p>\n<p>Oferecemos uma ampla gama de especialidades, incluindo Fios de PDO, Massagem Modeladora, Ultrassom Est\u00e9tico, Subcis\u00e3o para Celulite, e muito mais. Cada tratamento \u00e9 cuidadosamente planejado e adaptado \u00e0s necessidades individuais de nossos pacientes, assegurando resultados satisfat\u00f3rios e duradouros. Al\u00e9m disso, realizamos diagn\u00f3sticos precisos para definir os melhores procedimentos, garantindo que cada cliente receba um atendimento personalizado. <\/p>\n<p>A localiza\u00e7\u00e3o da cl\u00ednica \u00e9 estrat\u00e9gica, facilitando o acesso para pacientes de Jundia\u00ed e regi\u00f5es vizinhas, como Centro, Jardim Bot\u00e2nico, Jardim Ana Maria, Anhangaba\u00fa e Vila das Hort\u00eansias. Estamos abertos de segunda a sexta-feira, das 09:00 \u00e0s 21:00h, para atender voc\u00ea no melhor hor\u00e1rio poss\u00edvel. <\/p>\n<p>Entre os nossos tratamentos, destacamos a Harmoniza\u00e7\u00e3o Facial, que inclui procedimentos como preenchimentos de manto, mand\u00edbula e l\u00e1bios, al\u00e9m de t\u00e9cnicas como Rinomodela\u00e7\u00e3o e Fox Eye. Para quem busca cuidados corporais, oferecemos op\u00e7\u00f5es como Criofrequ\u00eancia, Endermologia e Massagem Terap\u00eautica, que promovem relaxamento e rejuvenescimento. <\/p>\n<p>Na Vanessa Carvalho Beauty, priorizamos a sa\u00fade e a seguran\u00e7a dos nossos pacientes, n\u00e3o aceitando conv\u00eanios, o que nos permite oferecer um atendimento mais personalizado e \u00e1gil. <\/p>\n<p>Estamos sempre atualizados nas \u00faltimas tend\u00eancias e inova\u00e7\u00f5es do setor, garantindo que nossos clientes tenham acesso aos melhores tratamentos dispon\u00edveis. Nossos profissionais s\u00e3o altamente capacitados e dedicados a fornecer um servi\u00e7o excepcional, sempre com um toque humano e acolhedor. Para mais informa\u00e7\u00f5es, siga-nos no Instagram, onde compartilhamos dicas e novidades sobre est\u00e9tica e bem-estar. <\/p>\n<p>Acreditamos que a beleza vai al\u00e9m da apar\u00eancia, e nosso objetivo \u00e9 ajudar voc\u00ea a se sentir bem consigo mesmo. Venha nos visitar e descubra como podemos transformar sua autoestima e bem-estar!<\/p>\n<h3><span class=\"ez-toc-section\" id=\"Perguntas_Frequentes\"><\/span>Perguntas Frequentes<span class=\"ez-toc-section-end\"><\/span><\/h3>\n<p>P: Quais s\u00e3o os principais tratamentos oferecidos?<br \/>\nR: Oferecemos Fios de PDO, Massagem Modeladora, Harmoniza\u00e7\u00e3o Facial, entre outros.<\/p>\n<p>P: A cl\u00ednica atende conv\u00eanios?<br \/>\nR: N\u00e3o, a cl\u00ednica n\u00e3o aceita conv\u00eanios, proporcionando um atendimento mais personalizado.<\/p>\n<p>P: Como agendar uma consulta?<br \/>\nR: Voc\u00ea pode entrar em contato pelo telefone ou visitar nossas redes sociais para mais informa\u00e7\u00f5es.<\/p>\n<p>P: Quais s\u00e3o os hor\u00e1rios de atendimento?<br \/>\nR: Estamos abertos de segunda a sexta, das 09:00 \u00e0s 21:00h.<\/p>\n<p>P: A cl\u00ednica realiza exames?<br \/>\nR: Sim, ap\u00f3s a consulta, definimos os tratamentos adequados para cada paciente.<\/p>\n<p>P: Onde a cl\u00ednica est\u00e1 localizada?<br \/>\nR: Estamos localizados em Ch\u00e1cara Urbana, Jundia\u00ed, SP.<\/p>\n<p>P: Quem \u00e9 a respons\u00e1vel t\u00e9cnica da cl\u00ednica?<br \/>\nR: A respons\u00e1vel t\u00e9cnica \u00e9 Gabrielly Honorato Matvejv, com CRM CRBM: 48.496.<\/p>\n<p>P: A cl\u00ednica oferece tratamentos para homens?<br \/>\nR: Sim, nossos tratamentos s\u00e3o voltados para todos, independentemente do g\u00eanero.<\/p>\n<p>P: Quais s\u00e3o os diferenciais da Vanessa Carvalho Beauty?<br \/>\nR: Oferecemos um atendimento humanizado e personalizado, com profissionais qualificados.<\/p>\n<p>P: A cl\u00ednica realiza tratamentos est\u00e9ticos para emagrecimento?<br \/>\nR: Sim, temos tratamentos espec\u00edficos como PEMF para Emagrecimento e Criofrequ\u00eancia.<\/p>\n<h3><span class=\"ez-toc-section\" id=\"Contato\"><\/span>Contato<span class=\"ez-toc-section-end\"><\/span><\/h3>\n<p><strong>Tel.:  | <\/strong><br \/>\n<strong>WhatsApp: &#8211; <\/strong><\/p>\n","protected":false},"excerpt":{"rendered":"<p>Vanessa Carvalho Beauty: Sua Cl\u00ednica de Est\u00e9tica em Jundia\u00ed A Vanessa Carvalho Beauty \u00e9 uma cl\u00ednica de sa\u00fade e est\u00e9tica integrativa localizada em Jundia\u00ed, no bairro Ch\u00e1cara Urbana. Com um ambiente acolhedor e profissional, nossa miss\u00e3o \u00e9 proporcionar bem-estar e autoestima aos nossos pacientes por meio de tratamentos est\u00e9ticos de alta qualidade. Nossa equipe \u00e9 [&hellip;]<\/p>\n","protected":false},"author":0,"featured_media":0,"comment_status":"open","ping_status":"open","sticky":false,"template":"","format":"standard","meta":{"_et_pb_use_builder":"o","_et_pb_old_content":"","_et_gb_content_width":"","footnotes":""},"categories":[684,1330,1327],"tags":[],"class_list":["post-149951","post","type-post","status-publish","format-standard","hentry","category-estetica","category-harmonizacao-facial","category-tratamentos-corporais"],"yoast_head":"<!-- This site is optimized with the Yoast SEO Premium plugin v21.3 (Yoast SEO v27.5) - https:\/\/yoast.com\/product\/yoast-seo-premium-wordpress\/ -->\n<title>Vanessa Carvalho Beauty: Sua Cl\u00ednica de Est\u00e9tica em Jundia\u00ed - Conv\u00eanio Social<\/title>\n<meta name=\"robots\" content=\"index, follow, max-snippet:-1, max-image-preview:large, max-video-preview:-1\" \/>\n<link rel=\"canonical\" href=\"https:\/\/www.conveniosocial.com.br\/blog\/estetica\/vanessa-carvalho-beauty-sua-clinica-de-estetica-em-jundiai\/\" \/>\n<meta property=\"og:locale\" content=\"pt_BR\" \/>\n<meta property=\"og:type\" content=\"article\" \/>\n<meta property=\"og:title\" content=\"Vanessa Carvalho Beauty: Sua Cl\u00ednica de Est\u00e9tica em Jundia\u00ed\" \/>\n<meta property=\"og:description\" content=\"Vanessa Carvalho Beauty: Sua Cl\u00ednica de Est\u00e9tica em Jundia\u00ed A Vanessa Carvalho Beauty \u00e9 uma cl\u00ednica de sa\u00fade e est\u00e9tica integrativa localizada em Jundia\u00ed, no bairro Ch\u00e1cara Urbana. Com um ambiente acolhedor e profissional, nossa miss\u00e3o \u00e9 proporcionar bem-estar e autoestima aos nossos pacientes por meio de tratamentos est\u00e9ticos de alta qualidade. Nossa equipe \u00e9 [&hellip;]\" \/>\n<meta property=\"og:url\" content=\"https:\/\/www.conveniosocial.com.br\/blog\/estetica\/vanessa-carvalho-beauty-sua-clinica-de-estetica-em-jundiai\/\" \/>\n<meta property=\"og:site_name\" content=\"Conv\u00eanio Social\" \/>\n<meta property=\"article:published_time\" content=\"2026-01-21T00:00:23+00:00\" \/>\n<meta name=\"twitter:card\" content=\"summary_large_image\" \/>\n<meta name=\"twitter:label1\" content=\"Est. tempo de leitura\" \/>\n\t<meta name=\"twitter:data1\" content=\"3 minutos\" \/>\n<script type=\"application\/ld+json\" class=\"yoast-schema-graph\">{\"@context\":\"https:\\\/\\\/schema.org\",\"@graph\":[{\"@type\":\"Article\",\"@id\":\"https:\\\/\\\/www.conveniosocial.com.br\\\/blog\\\/estetica\\\/vanessa-carvalho-beauty-sua-clinica-de-estetica-em-jundiai\\\/#article\",\"isPartOf\":{\"@id\":\"https:\\\/\\\/www.conveniosocial.com.br\\\/blog\\\/estetica\\\/vanessa-carvalho-beauty-sua-clinica-de-estetica-em-jundiai\\\/\"},\"author\":{\"name\":\"\",\"@id\":\"\"},\"headline\":\"Vanessa Carvalho Beauty: Sua Cl\u00ednica de Est\u00e9tica em Jundia\u00ed\",\"datePublished\":\"2026-01-21T00:00:23+00:00\",\"mainEntityOfPage\":{\"@id\":\"https:\\\/\\\/www.conveniosocial.com.br\\\/blog\\\/estetica\\\/vanessa-carvalho-beauty-sua-clinica-de-estetica-em-jundiai\\\/\"},\"wordCount\":596,\"commentCount\":0,\"publisher\":{\"@id\":\"https:\\\/\\\/www.conveniosocial.com.br\\\/blog\\\/#organization\"},\"articleSection\":[\"Est\u00e9tica\",\"Harmoniza\u00e7\u00e3o Facial\",\"Tratamentos Corporais\"],\"inLanguage\":\"pt-BR\"},{\"@type\":\"WebPage\",\"@id\":\"https:\\\/\\\/www.conveniosocial.com.br\\\/blog\\\/estetica\\\/vanessa-carvalho-beauty-sua-clinica-de-estetica-em-jundiai\\\/\",\"url\":\"https:\\\/\\\/www.conveniosocial.com.br\\\/blog\\\/estetica\\\/vanessa-carvalho-beauty-sua-clinica-de-estetica-em-jundiai\\\/\",\"name\":\"Vanessa Carvalho Beauty: Sua Cl\u00ednica de Est\u00e9tica em Jundia\u00ed - Conv\u00eanio Social\",\"isPartOf\":{\"@id\":\"https:\\\/\\\/www.conveniosocial.com.br\\\/blog\\\/#website\"},\"datePublished\":\"2026-01-21T00:00:23+00:00\",\"breadcrumb\":{\"@id\":\"https:\\\/\\\/www.conveniosocial.com.br\\\/blog\\\/estetica\\\/vanessa-carvalho-beauty-sua-clinica-de-estetica-em-jundiai\\\/#breadcrumb\"},\"inLanguage\":\"pt-BR\",\"potentialAction\":[{\"@type\":\"ReadAction\",\"target\":[\"https:\\\/\\\/www.conveniosocial.com.br\\\/blog\\\/estetica\\\/vanessa-carvalho-beauty-sua-clinica-de-estetica-em-jundiai\\\/\"]}]},{\"@type\":\"BreadcrumbList\",\"@id\":\"https:\\\/\\\/www.conveniosocial.com.br\\\/blog\\\/estetica\\\/vanessa-carvalho-beauty-sua-clinica-de-estetica-em-jundiai\\\/#breadcrumb\",\"itemListElement\":[{\"@type\":\"ListItem\",\"position\":1,\"name\":\"Home\",\"item\":\"https:\\\/\\\/www.conveniosocial.com.br\\\/blog\\\/\"},{\"@type\":\"ListItem\",\"position\":2,\"name\":\"Est\u00e9tica\",\"item\":\"https:\\\/\\\/www.conveniosocial.com.br\\\/blog\\\/estetica\\\/\"},{\"@type\":\"ListItem\",\"position\":3,\"name\":\"Vanessa Carvalho Beauty: Sua Cl\u00ednica de Est\u00e9tica em Jundia\u00ed\"}]},{\"@type\":\"WebSite\",\"@id\":\"https:\\\/\\\/www.conveniosocial.com.br\\\/blog\\\/#website\",\"url\":\"https:\\\/\\\/www.conveniosocial.com.br\\\/blog\\\/\",\"name\":\"Conv\u00eanio Social\",\"description\":\"Informa\u00e7\u00f5es de Sa\u00fade e Bem-estar, Consultas e Exames Popular\",\"publisher\":{\"@id\":\"https:\\\/\\\/www.conveniosocial.com.br\\\/blog\\\/#organization\"},\"potentialAction\":[{\"@type\":\"SearchAction\",\"target\":{\"@type\":\"EntryPoint\",\"urlTemplate\":\"https:\\\/\\\/www.conveniosocial.com.br\\\/blog\\\/?s={search_term_string}\"},\"query-input\":{\"@type\":\"PropertyValueSpecification\",\"valueRequired\":true,\"valueName\":\"search_term_string\"}}],\"inLanguage\":\"pt-BR\"},{\"@type\":\"Organization\",\"@id\":\"https:\\\/\\\/www.conveniosocial.com.br\\\/blog\\\/#organization\",\"name\":\"Conv\u00eanio Social\",\"url\":\"https:\\\/\\\/www.conveniosocial.com.br\\\/blog\\\/\",\"logo\":{\"@type\":\"ImageObject\",\"inLanguage\":\"pt-BR\",\"@id\":\"https:\\\/\\\/www.conveniosocial.com.br\\\/blog\\\/#\\\/schema\\\/logo\\\/image\\\/\",\"url\":\"https:\\\/\\\/www.conveniosocial.com.br\\\/blog\\\/wp-content\\\/uploads\\\/2021\\\/11\\\/novo_logo-convenio-socia-digital.png\",\"contentUrl\":\"https:\\\/\\\/www.conveniosocial.com.br\\\/blog\\\/wp-content\\\/uploads\\\/2021\\\/11\\\/novo_logo-convenio-socia-digital.png\",\"width\":400,\"height\":102,\"caption\":\"Conv\u00eanio Social\"},\"image\":{\"@id\":\"https:\\\/\\\/www.conveniosocial.com.br\\\/blog\\\/#\\\/schema\\\/logo\\\/image\\\/\"}}]}<\/script>\n<!-- \/ Yoast SEO Premium plugin. -->","yoast_head_json":{"title":"Vanessa Carvalho Beauty: Sua Cl\u00ednica de Est\u00e9tica em Jundia\u00ed - Conv\u00eanio Social","robots":{"index":"index","follow":"follow","max-snippet":"max-snippet:-1","max-image-preview":"max-image-preview:large","max-video-preview":"max-video-preview:-1"},"canonical":"https:\/\/www.conveniosocial.com.br\/blog\/estetica\/vanessa-carvalho-beauty-sua-clinica-de-estetica-em-jundiai\/","og_locale":"pt_BR","og_type":"article","og_title":"Vanessa Carvalho Beauty: Sua Cl\u00ednica de Est\u00e9tica em Jundia\u00ed","og_description":"Vanessa Carvalho Beauty: Sua Cl\u00ednica de Est\u00e9tica em Jundia\u00ed A Vanessa Carvalho Beauty \u00e9 uma cl\u00ednica de sa\u00fade e est\u00e9tica integrativa localizada em Jundia\u00ed, no bairro Ch\u00e1cara Urbana. Com um ambiente acolhedor e profissional, nossa miss\u00e3o \u00e9 proporcionar bem-estar e autoestima aos nossos pacientes por meio de tratamentos est\u00e9ticos de alta qualidade. Nossa equipe \u00e9 [&hellip;]","og_url":"https:\/\/www.conveniosocial.com.br\/blog\/estetica\/vanessa-carvalho-beauty-sua-clinica-de-estetica-em-jundiai\/","og_site_name":"Conv\u00eanio Social","article_published_time":"2026-01-21T00:00:23+00:00","twitter_card":"summary_large_image","twitter_misc":{"Est. tempo de leitura":"3 minutos"},"schema":{"@context":"https:\/\/schema.org","@graph":[{"@type":"Article","@id":"https:\/\/www.conveniosocial.com.br\/blog\/estetica\/vanessa-carvalho-beauty-sua-clinica-de-estetica-em-jundiai\/#article","isPartOf":{"@id":"https:\/\/www.conveniosocial.com.br\/blog\/estetica\/vanessa-carvalho-beauty-sua-clinica-de-estetica-em-jundiai\/"},"author":{"name":"","@id":""},"headline":"Vanessa Carvalho Beauty: Sua Cl\u00ednica de Est\u00e9tica em Jundia\u00ed","datePublished":"2026-01-21T00:00:23+00:00","mainEntityOfPage":{"@id":"https:\/\/www.conveniosocial.com.br\/blog\/estetica\/vanessa-carvalho-beauty-sua-clinica-de-estetica-em-jundiai\/"},"wordCount":596,"commentCount":0,"publisher":{"@id":"https:\/\/www.conveniosocial.com.br\/blog\/#organization"},"articleSection":["Est\u00e9tica","Harmoniza\u00e7\u00e3o Facial","Tratamentos Corporais"],"inLanguage":"pt-BR"},{"@type":"WebPage","@id":"https:\/\/www.conveniosocial.com.br\/blog\/estetica\/vanessa-carvalho-beauty-sua-clinica-de-estetica-em-jundiai\/","url":"https:\/\/www.conveniosocial.com.br\/blog\/estetica\/vanessa-carvalho-beauty-sua-clinica-de-estetica-em-jundiai\/","name":"Vanessa Carvalho Beauty: Sua Cl\u00ednica de Est\u00e9tica em Jundia\u00ed - Conv\u00eanio Social","isPartOf":{"@id":"https:\/\/www.conveniosocial.com.br\/blog\/#website"},"datePublished":"2026-01-21T00:00:23+00:00","breadcrumb":{"@id":"https:\/\/www.conveniosocial.com.br\/blog\/estetica\/vanessa-carvalho-beauty-sua-clinica-de-estetica-em-jundiai\/#breadcrumb"},"inLanguage":"pt-BR","potentialAction":[{"@type":"ReadAction","target":["https:\/\/www.conveniosocial.com.br\/blog\/estetica\/vanessa-carvalho-beauty-sua-clinica-de-estetica-em-jundiai\/"]}]},{"@type":"BreadcrumbList","@id":"https:\/\/www.conveniosocial.com.br\/blog\/estetica\/vanessa-carvalho-beauty-sua-clinica-de-estetica-em-jundiai\/#breadcrumb","itemListElement":[{"@type":"ListItem","position":1,"name":"Home","item":"https:\/\/www.conveniosocial.com.br\/blog\/"},{"@type":"ListItem","position":2,"name":"Est\u00e9tica","item":"https:\/\/www.conveniosocial.com.br\/blog\/estetica\/"},{"@type":"ListItem","position":3,"name":"Vanessa Carvalho Beauty: Sua Cl\u00ednica de Est\u00e9tica em Jundia\u00ed"}]},{"@type":"WebSite","@id":"https:\/\/www.conveniosocial.com.br\/blog\/#website","url":"https:\/\/www.conveniosocial.com.br\/blog\/","name":"Conv\u00eanio Social","description":"Informa\u00e7\u00f5es de Sa\u00fade e Bem-estar, Consultas e Exames Popular","publisher":{"@id":"https:\/\/www.conveniosocial.com.br\/blog\/#organization"},"potentialAction":[{"@type":"SearchAction","target":{"@type":"EntryPoint","urlTemplate":"https:\/\/www.conveniosocial.com.br\/blog\/?s={search_term_string}"},"query-input":{"@type":"PropertyValueSpecification","valueRequired":true,"valueName":"search_term_string"}}],"inLanguage":"pt-BR"},{"@type":"Organization","@id":"https:\/\/www.conveniosocial.com.br\/blog\/#organization","name":"Conv\u00eanio Social","url":"https:\/\/www.conveniosocial.com.br\/blog\/","logo":{"@type":"ImageObject","inLanguage":"pt-BR","@id":"https:\/\/www.conveniosocial.com.br\/blog\/#\/schema\/logo\/image\/","url":"https:\/\/www.conveniosocial.com.br\/blog\/wp-content\/uploads\/2021\/11\/novo_logo-convenio-socia-digital.png","contentUrl":"https:\/\/www.conveniosocial.com.br\/blog\/wp-content\/uploads\/2021\/11\/novo_logo-convenio-socia-digital.png","width":400,"height":102,"caption":"Conv\u00eanio Social"},"image":{"@id":"https:\/\/www.conveniosocial.com.br\/blog\/#\/schema\/logo\/image\/"}}]}},"_links":{"self":[{"href":"https:\/\/www.conveniosocial.com.br\/blog\/wp-json\/wp\/v2\/posts\/149951","targetHints":{"allow":["GET"]}}],"collection":[{"href":"https:\/\/www.conveniosocial.com.br\/blog\/wp-json\/wp\/v2\/posts"}],"about":[{"href":"https:\/\/www.conveniosocial.com.br\/blog\/wp-json\/wp\/v2\/types\/post"}],"replies":[{"embeddable":true,"href":"https:\/\/www.conveniosocial.com.br\/blog\/wp-json\/wp\/v2\/comments?post=149951"}],"version-history":[{"count":0,"href":"https:\/\/www.conveniosocial.com.br\/blog\/wp-json\/wp\/v2\/posts\/149951\/revisions"}],"wp:attachment":[{"href":"https:\/\/www.conveniosocial.com.br\/blog\/wp-json\/wp\/v2\/media?parent=149951"}],"wp:term":[{"taxonomy":"category","embeddable":true,"href":"https:\/\/www.conveniosocial.com.br\/blog\/wp-json\/wp\/v2\/categories?post=149951"},{"taxonomy":"post_tag","embeddable":true,"href":"https:\/\/www.conveniosocial.com.br\/blog\/wp-json\/wp\/v2\/tags?post=149951"}],"curies":[{"name":"wp","href":"https:\/\/api.w.org\/{rel}","templated":true}]}}