{"id":149963,"date":"2026-01-20T21:00:23","date_gmt":"2026-01-21T00:00:23","guid":{"rendered":"https:\/\/www.conveniosocial.com.br\/blog\/nehuma\/lar-dos-idosos-pedro-diniz-cuidado-e-acolhimento-24h\/"},"modified":"2026-01-20T21:00:23","modified_gmt":"2026-01-21T00:00:23","slug":"lar-dos-idosos-pedro-diniz-cuidado-e-acolhimento-24h","status":"publish","type":"post","link":"https:\/\/www.conveniosocial.com.br\/blog\/cuidados-geriatricos\/lar-dos-idosos-pedro-diniz-cuidado-e-acolhimento-24h\/","title":{"rendered":"Lar dos Idosos Pedro Diniz: Cuidado e Acolhimento 24h"},"content":{"rendered":"<div id=\"ez-toc-container\" class=\"ez-toc-v2_0_82_2 counter-flat ez-toc-counter ez-toc-white ez-toc-container-direction\">\n<p class=\"ez-toc-title\" style=\"cursor:inherit\">\u00cdndice do Conte\u00fado<\/p>\n<label for=\"ez-toc-cssicon-toggle-item-69f3a01c54ce2\" class=\"ez-toc-cssicon-toggle-label\"><span class=\"ez-toc-cssicon\"><span class=\"eztoc-hide\" style=\"display:none;\">Toggle<\/span><span class=\"ez-toc-icon-toggle-span\"><svg style=\"fill: #999;color:#999\" xmlns=\"http:\/\/www.w3.org\/2000\/svg\" class=\"list-377408\" width=\"20px\" height=\"20px\" viewBox=\"0 0 24 24\" fill=\"none\"><path d=\"M6 6H4v2h2V6zm14 0H8v2h12V6zM4 11h2v2H4v-2zm16 0H8v2h12v-2zM4 16h2v2H4v-2zm16 0H8v2h12v-2z\" fill=\"currentColor\"><\/path><\/svg><svg style=\"fill: #999;color:#999\" class=\"arrow-unsorted-368013\" xmlns=\"http:\/\/www.w3.org\/2000\/svg\" width=\"10px\" height=\"10px\" viewBox=\"0 0 24 24\" version=\"1.2\" baseProfile=\"tiny\"><path d=\"M18.2 9.3l-6.2-6.3-6.2 6.3c-.2.2-.3.4-.3.7s.1.5.3.7c.2.2.4.3.7.3h11c.3 0 .5-.1.7-.3.2-.2.3-.5.3-.7s-.1-.5-.3-.7zM5.8 14.7l6.2 6.3 6.2-6.3c.2-.2.3-.5.3-.7s-.1-.5-.3-.7c-.2-.2-.4-.3-.7-.3h-11c-.3 0-.5.1-.7.3-.2.2-.3.5-.3.7s.1.5.3.7z\"\/><\/svg><\/span><\/span><\/label><input type=\"checkbox\"  id=\"ez-toc-cssicon-toggle-item-69f3a01c54ce2\" checked aria-label=\"Alternar\" \/><nav><ul class='ez-toc-list ez-toc-list-level-1 ' ><li class='ez-toc-page-1'><a class=\"ez-toc-link ez-toc-heading-1\" href=\"https:\/\/www.conveniosocial.com.br\/blog\/cuidados-geriatricos\/lar-dos-idosos-pedro-diniz-cuidado-e-acolhimento-24h\/#Lar_dos_Idosos_Pedro_Diniz_Cuidado_e_Acolhimento_24h\" >Lar dos Idosos Pedro Diniz: Cuidado e Acolhimento 24h<\/a><\/li><li class='ez-toc-page-1'><a class=\"ez-toc-link ez-toc-heading-2\" href=\"https:\/\/www.conveniosocial.com.br\/blog\/cuidados-geriatricos\/lar-dos-idosos-pedro-diniz-cuidado-e-acolhimento-24h\/#Perguntas_Frequentes\" >Perguntas Frequentes<\/a><\/li><li class='ez-toc-page-1'><a class=\"ez-toc-link ez-toc-heading-3\" href=\"https:\/\/www.conveniosocial.com.br\/blog\/cuidados-geriatricos\/lar-dos-idosos-pedro-diniz-cuidado-e-acolhimento-24h\/#Contato\" >Contato<\/a><\/li><\/ul><\/nav><\/div>\n<h2><span class=\"ez-toc-section\" id=\"Lar_dos_Idosos_Pedro_Diniz_Cuidado_e_Acolhimento_24h\"><\/span>Lar dos Idosos Pedro Diniz: Cuidado e Acolhimento 24h<span class=\"ez-toc-section-end\"><\/span><\/h2>\n<p>O Lar dos Idosos Pedro Diniz, localizado em Esmeraldas, Minas Gerais, \u00e9 uma casa de repouso que se destaca pelo cuidado humanizado e pela dedica\u00e7\u00e3o \u00e0 sa\u00fade e bem-estar dos idosos. Situado no bairro Silverado, o lar \u00e9 de f\u00e1cil acesso para as fam\u00edlias que buscam um ambiente seguro e acolhedor para seus entes queridos. Nossa miss\u00e3o \u00e9 proporcionar um espa\u00e7o onde os idosos possam viver com dignidade, respeito e carinho, recebendo aten\u00e7\u00e3o integral \u00e0s suas necessidades.<\/p>\n<p>A cl\u00ednica \u00e9 gerida pela respons\u00e1vel t\u00e9cnica Marisa Nogueira Souto Camargos, que possui o CRM Presidente e \u00e9 reconhecida por seu compromisso com a qualidade do atendimento. O Lar dos Idosos Pedro Diniz opera em regime 24 horas, garantindo que nossos residentes tenham suporte cont\u00ednuo e cuidados adequados, independentemente da hora do dia ou da noite.<\/p>\n<p>Nosso espa\u00e7o foi projetado para promover a conviv\u00eancia e socializa\u00e7\u00e3o, com \u00e1reas de lazer e conforto que estimulam a intera\u00e7\u00e3o entre os moradores. Oferecemos servi\u00e7os personalizados, adaptados \u00e0s necessidades de cada idoso, priorizando a sa\u00fade f\u00edsica e emocional. Embora n\u00e3o realizemos exames m\u00e9dicos no local, nossa equipe est\u00e1 sempre em contato com profissionais de sa\u00fade para garantir que todas as necessidades m\u00e9dicas dos residentes sejam atendidas de forma eficaz.<\/p>\n<p>Atendemos de forma particular, permitindo que as fam\u00edlias tenham flexibilidade na escolha dos servi\u00e7os que desejam para seus entes queridos. Al\u00e9m disso, o Lar dos Idosos Pedro Diniz se preocupa em manter um ambiente familiar e amig\u00e1vel, onde todos s\u00e3o tratados com carinho e respeito. Temos um compromisso com a transpar\u00eancia e a comunica\u00e7\u00e3o, sempre mantendo as fam\u00edlias informadas sobre a sa\u00fade e o bem-estar de seus parentes.<\/p>\n<p>A localiza\u00e7\u00e3o estrat\u00e9gica do lar facilita o acesso de familiares e amigos, que podem visitar seus entes queridos a qualquer momento. Os bairros pr\u00f3ximos, como Cancelinha, Fern\u00e3o Dias, Novas Esmeraldas e Cidade Jardim, tornam o Lar dos Idosos Pedro Diniz uma op\u00e7\u00e3o acess\u00edvel para aqueles que buscam qualidade no cuidado de idosos. Para mais informa\u00e7\u00f5es ou para agendar uma visita, entre em contato pelo telefone (31) 3538-1392. Embora ainda n\u00e3o tenhamos um site ou Instagram, estamos trabalhando para estabelecer uma presen\u00e7a online que permita uma comunica\u00e7\u00e3o ainda mais efetiva com a comunidade e as fam\u00edlias que atendemos. No Lar dos Idosos Pedro Diniz, o cuidado com o idoso \u00e9 a nossa prioridade, pois acreditamos que cada um merece um lar cheio de amor e aten\u00e7\u00e3o.<\/p>\n<h3><span class=\"ez-toc-section\" id=\"Perguntas_Frequentes\"><\/span>Perguntas Frequentes<span class=\"ez-toc-section-end\"><\/span><\/h3>\n<p>P: Quais s\u00e3o os servi\u00e7os oferecidos pelo Lar dos Idosos Pedro Diniz?<br \/>\nR: Oferecemos cuidados geriatricos, apoio emocional e social, al\u00e9m de um ambiente acolhedor para os idosos.<\/p>\n<p>P: O Lar dos Idosos Pedro Diniz aceita conv\u00eanios?<br \/>\nR: Atualmente, atendemos apenas com pagamento particular.<\/p>\n<p>P: Qual \u00e9 a localiza\u00e7\u00e3o da cl\u00ednica?<br \/>\nR: Estamos localizados em Esmeraldas, no bairro Silverado, Minas Gerais.<\/p>\n<p>P: O Lar funciona em que hor\u00e1rio?<br \/>\nR: O nosso atendimento \u00e9 24 horas, garantindo suporte cont\u00ednuo aos nossos residentes.<\/p>\n<p>P: Como posso entrar em contato com o Lar dos Idosos Pedro Diniz?<br \/>\nR: Voc\u00ea pode nos contatar pelo telefone (31) 3538-1392.<\/p>\n<p>P: \u00c9 necess\u00e1rio agendar visita antes de conhecer a cl\u00ednica?<br \/>\nR: Recomendamos agendar uma visita para que possamos atender voc\u00ea da melhor forma poss\u00edvel.<\/p>\n<p>P: Quais s\u00e3o os cuidados oferecidos aos residentes?<br \/>\nR: Oferecemos cuidados di\u00e1rios, apoio \u00e0 sa\u00fade emocional e acompanhamento m\u00e9dico quando necess\u00e1rio.<\/p>\n<p>P: Existe algum tipo de atividade recreativa para os idosos?<br \/>\nR: Sim, promovemos atividades sociais e recreativas para estimular a conviv\u00eancia e o bem-estar dos moradores.<\/p>\n<p>P: Como \u00e9 feita a alimenta\u00e7\u00e3o dos residentes?<br \/>\nR: A alimenta\u00e7\u00e3o \u00e9 balanceada e adaptada \u00e0s necessidades nutricionais de cada idoso.<\/p>\n<p>P: Quais bairros est\u00e3o pr\u00f3ximos ao Lar dos Idosos Pedro Diniz?<br \/>\nR: Estamos pr\u00f3ximos a Cancelinha, Fern\u00e3o Dias, Novas Esmeraldas e Cidade Jardim.<\/p>\n<h3><span class=\"ez-toc-section\" id=\"Contato\"><\/span>Contato<span class=\"ez-toc-section-end\"><\/span><\/h3>\n<p><strong>Tel.:  | <\/strong><br \/>\n<strong>WhatsApp: &#8211; <\/strong><\/p>\n","protected":false},"excerpt":{"rendered":"<p>Lar dos Idosos Pedro Diniz: Cuidado e Acolhimento 24h O Lar dos Idosos Pedro Diniz, localizado em Esmeraldas, Minas Gerais, \u00e9 uma casa de repouso que se destaca pelo cuidado humanizado e pela dedica\u00e7\u00e3o \u00e0 sa\u00fade e bem-estar dos idosos. Situado no bairro Silverado, o lar \u00e9 de f\u00e1cil acesso para as fam\u00edlias que buscam [&hellip;]<\/p>\n","protected":false},"author":0,"featured_media":0,"comment_status":"open","ping_status":"open","sticky":false,"template":"","format":"standard","meta":{"_et_pb_use_builder":"o","_et_pb_old_content":"","_et_gb_content_width":"","footnotes":""},"categories":[1395,1393,1442],"tags":[],"class_list":["post-149963","post","type-post","status-publish","format-standard","hentry","category-casa-de-repouso","category-cuidados-geriatricos","category-saude-do-idoso"],"yoast_head":"<!-- This site is optimized with the Yoast SEO Premium plugin v21.3 (Yoast SEO v27.5) - https:\/\/yoast.com\/product\/yoast-seo-premium-wordpress\/ -->\n<title>Lar dos Idosos Pedro Diniz: Cuidado e Acolhimento 24h - Conv\u00eanio Social<\/title>\n<meta name=\"robots\" content=\"index, follow, max-snippet:-1, max-image-preview:large, max-video-preview:-1\" \/>\n<link rel=\"canonical\" href=\"https:\/\/www.conveniosocial.com.br\/blog\/cuidados-geriatricos\/lar-dos-idosos-pedro-diniz-cuidado-e-acolhimento-24h\/\" \/>\n<meta property=\"og:locale\" content=\"pt_BR\" \/>\n<meta property=\"og:type\" content=\"article\" \/>\n<meta property=\"og:title\" content=\"Lar dos Idosos Pedro Diniz: Cuidado e Acolhimento 24h\" \/>\n<meta property=\"og:description\" content=\"Lar dos Idosos Pedro Diniz: Cuidado e Acolhimento 24h O Lar dos Idosos Pedro Diniz, localizado em Esmeraldas, Minas Gerais, \u00e9 uma casa de repouso que se destaca pelo cuidado humanizado e pela dedica\u00e7\u00e3o \u00e0 sa\u00fade e bem-estar dos idosos. Situado no bairro Silverado, o lar \u00e9 de f\u00e1cil acesso para as fam\u00edlias que buscam [&hellip;]\" \/>\n<meta property=\"og:url\" content=\"https:\/\/www.conveniosocial.com.br\/blog\/cuidados-geriatricos\/lar-dos-idosos-pedro-diniz-cuidado-e-acolhimento-24h\/\" \/>\n<meta property=\"og:site_name\" content=\"Conv\u00eanio Social\" \/>\n<meta property=\"article:published_time\" content=\"2026-01-21T00:00:23+00:00\" \/>\n<meta name=\"twitter:card\" content=\"summary_large_image\" \/>\n<meta name=\"twitter:label1\" content=\"Est. tempo de leitura\" \/>\n\t<meta name=\"twitter:data1\" content=\"3 minutos\" \/>\n<script type=\"application\/ld+json\" class=\"yoast-schema-graph\">{\"@context\":\"https:\\\/\\\/schema.org\",\"@graph\":[{\"@type\":\"Article\",\"@id\":\"https:\\\/\\\/www.conveniosocial.com.br\\\/blog\\\/cuidados-geriatricos\\\/lar-dos-idosos-pedro-diniz-cuidado-e-acolhimento-24h\\\/#article\",\"isPartOf\":{\"@id\":\"https:\\\/\\\/www.conveniosocial.com.br\\\/blog\\\/cuidados-geriatricos\\\/lar-dos-idosos-pedro-diniz-cuidado-e-acolhimento-24h\\\/\"},\"author\":{\"name\":\"\",\"@id\":\"\"},\"headline\":\"Lar dos Idosos Pedro Diniz: Cuidado e Acolhimento 24h\",\"datePublished\":\"2026-01-21T00:00:23+00:00\",\"mainEntityOfPage\":{\"@id\":\"https:\\\/\\\/www.conveniosocial.com.br\\\/blog\\\/cuidados-geriatricos\\\/lar-dos-idosos-pedro-diniz-cuidado-e-acolhimento-24h\\\/\"},\"wordCount\":685,\"commentCount\":0,\"publisher\":{\"@id\":\"https:\\\/\\\/www.conveniosocial.com.br\\\/blog\\\/#organization\"},\"articleSection\":[\"Casa de Repouso\",\"Cuidados Geri\u00e1tricos\",\"Sa\u00fade do Idoso\"],\"inLanguage\":\"pt-BR\"},{\"@type\":\"WebPage\",\"@id\":\"https:\\\/\\\/www.conveniosocial.com.br\\\/blog\\\/cuidados-geriatricos\\\/lar-dos-idosos-pedro-diniz-cuidado-e-acolhimento-24h\\\/\",\"url\":\"https:\\\/\\\/www.conveniosocial.com.br\\\/blog\\\/cuidados-geriatricos\\\/lar-dos-idosos-pedro-diniz-cuidado-e-acolhimento-24h\\\/\",\"name\":\"Lar dos Idosos Pedro Diniz: Cuidado e Acolhimento 24h - Conv\u00eanio Social\",\"isPartOf\":{\"@id\":\"https:\\\/\\\/www.conveniosocial.com.br\\\/blog\\\/#website\"},\"datePublished\":\"2026-01-21T00:00:23+00:00\",\"breadcrumb\":{\"@id\":\"https:\\\/\\\/www.conveniosocial.com.br\\\/blog\\\/cuidados-geriatricos\\\/lar-dos-idosos-pedro-diniz-cuidado-e-acolhimento-24h\\\/#breadcrumb\"},\"inLanguage\":\"pt-BR\",\"potentialAction\":[{\"@type\":\"ReadAction\",\"target\":[\"https:\\\/\\\/www.conveniosocial.com.br\\\/blog\\\/cuidados-geriatricos\\\/lar-dos-idosos-pedro-diniz-cuidado-e-acolhimento-24h\\\/\"]}]},{\"@type\":\"BreadcrumbList\",\"@id\":\"https:\\\/\\\/www.conveniosocial.com.br\\\/blog\\\/cuidados-geriatricos\\\/lar-dos-idosos-pedro-diniz-cuidado-e-acolhimento-24h\\\/#breadcrumb\",\"itemListElement\":[{\"@type\":\"ListItem\",\"position\":1,\"name\":\"Home\",\"item\":\"https:\\\/\\\/www.conveniosocial.com.br\\\/blog\\\/\"},{\"@type\":\"ListItem\",\"position\":2,\"name\":\"Casa de Repouso\",\"item\":\"https:\\\/\\\/www.conveniosocial.com.br\\\/blog\\\/casa-de-repouso\\\/\"},{\"@type\":\"ListItem\",\"position\":3,\"name\":\"Lar dos Idosos Pedro Diniz: Cuidado e Acolhimento 24h\"}]},{\"@type\":\"WebSite\",\"@id\":\"https:\\\/\\\/www.conveniosocial.com.br\\\/blog\\\/#website\",\"url\":\"https:\\\/\\\/www.conveniosocial.com.br\\\/blog\\\/\",\"name\":\"Conv\u00eanio Social\",\"description\":\"Informa\u00e7\u00f5es de Sa\u00fade e Bem-estar, Consultas e Exames Popular\",\"publisher\":{\"@id\":\"https:\\\/\\\/www.conveniosocial.com.br\\\/blog\\\/#organization\"},\"potentialAction\":[{\"@type\":\"SearchAction\",\"target\":{\"@type\":\"EntryPoint\",\"urlTemplate\":\"https:\\\/\\\/www.conveniosocial.com.br\\\/blog\\\/?s={search_term_string}\"},\"query-input\":{\"@type\":\"PropertyValueSpecification\",\"valueRequired\":true,\"valueName\":\"search_term_string\"}}],\"inLanguage\":\"pt-BR\"},{\"@type\":\"Organization\",\"@id\":\"https:\\\/\\\/www.conveniosocial.com.br\\\/blog\\\/#organization\",\"name\":\"Conv\u00eanio Social\",\"url\":\"https:\\\/\\\/www.conveniosocial.com.br\\\/blog\\\/\",\"logo\":{\"@type\":\"ImageObject\",\"inLanguage\":\"pt-BR\",\"@id\":\"https:\\\/\\\/www.conveniosocial.com.br\\\/blog\\\/#\\\/schema\\\/logo\\\/image\\\/\",\"url\":\"https:\\\/\\\/www.conveniosocial.com.br\\\/blog\\\/wp-content\\\/uploads\\\/2021\\\/11\\\/novo_logo-convenio-socia-digital.png\",\"contentUrl\":\"https:\\\/\\\/www.conveniosocial.com.br\\\/blog\\\/wp-content\\\/uploads\\\/2021\\\/11\\\/novo_logo-convenio-socia-digital.png\",\"width\":400,\"height\":102,\"caption\":\"Conv\u00eanio Social\"},\"image\":{\"@id\":\"https:\\\/\\\/www.conveniosocial.com.br\\\/blog\\\/#\\\/schema\\\/logo\\\/image\\\/\"}}]}<\/script>\n<!-- \/ Yoast SEO Premium plugin. -->","yoast_head_json":{"title":"Lar dos Idosos Pedro Diniz: Cuidado e Acolhimento 24h - Conv\u00eanio Social","robots":{"index":"index","follow":"follow","max-snippet":"max-snippet:-1","max-image-preview":"max-image-preview:large","max-video-preview":"max-video-preview:-1"},"canonical":"https:\/\/www.conveniosocial.com.br\/blog\/cuidados-geriatricos\/lar-dos-idosos-pedro-diniz-cuidado-e-acolhimento-24h\/","og_locale":"pt_BR","og_type":"article","og_title":"Lar dos Idosos Pedro Diniz: Cuidado e Acolhimento 24h","og_description":"Lar dos Idosos Pedro Diniz: Cuidado e Acolhimento 24h O Lar dos Idosos Pedro Diniz, localizado em Esmeraldas, Minas Gerais, \u00e9 uma casa de repouso que se destaca pelo cuidado humanizado e pela dedica\u00e7\u00e3o \u00e0 sa\u00fade e bem-estar dos idosos. Situado no bairro Silverado, o lar \u00e9 de f\u00e1cil acesso para as fam\u00edlias que buscam [&hellip;]","og_url":"https:\/\/www.conveniosocial.com.br\/blog\/cuidados-geriatricos\/lar-dos-idosos-pedro-diniz-cuidado-e-acolhimento-24h\/","og_site_name":"Conv\u00eanio Social","article_published_time":"2026-01-21T00:00:23+00:00","twitter_card":"summary_large_image","twitter_misc":{"Est. tempo de leitura":"3 minutos"},"schema":{"@context":"https:\/\/schema.org","@graph":[{"@type":"Article","@id":"https:\/\/www.conveniosocial.com.br\/blog\/cuidados-geriatricos\/lar-dos-idosos-pedro-diniz-cuidado-e-acolhimento-24h\/#article","isPartOf":{"@id":"https:\/\/www.conveniosocial.com.br\/blog\/cuidados-geriatricos\/lar-dos-idosos-pedro-diniz-cuidado-e-acolhimento-24h\/"},"author":{"name":"","@id":""},"headline":"Lar dos Idosos Pedro Diniz: Cuidado e Acolhimento 24h","datePublished":"2026-01-21T00:00:23+00:00","mainEntityOfPage":{"@id":"https:\/\/www.conveniosocial.com.br\/blog\/cuidados-geriatricos\/lar-dos-idosos-pedro-diniz-cuidado-e-acolhimento-24h\/"},"wordCount":685,"commentCount":0,"publisher":{"@id":"https:\/\/www.conveniosocial.com.br\/blog\/#organization"},"articleSection":["Casa de Repouso","Cuidados Geri\u00e1tricos","Sa\u00fade do Idoso"],"inLanguage":"pt-BR"},{"@type":"WebPage","@id":"https:\/\/www.conveniosocial.com.br\/blog\/cuidados-geriatricos\/lar-dos-idosos-pedro-diniz-cuidado-e-acolhimento-24h\/","url":"https:\/\/www.conveniosocial.com.br\/blog\/cuidados-geriatricos\/lar-dos-idosos-pedro-diniz-cuidado-e-acolhimento-24h\/","name":"Lar dos Idosos Pedro Diniz: Cuidado e Acolhimento 24h - Conv\u00eanio Social","isPartOf":{"@id":"https:\/\/www.conveniosocial.com.br\/blog\/#website"},"datePublished":"2026-01-21T00:00:23+00:00","breadcrumb":{"@id":"https:\/\/www.conveniosocial.com.br\/blog\/cuidados-geriatricos\/lar-dos-idosos-pedro-diniz-cuidado-e-acolhimento-24h\/#breadcrumb"},"inLanguage":"pt-BR","potentialAction":[{"@type":"ReadAction","target":["https:\/\/www.conveniosocial.com.br\/blog\/cuidados-geriatricos\/lar-dos-idosos-pedro-diniz-cuidado-e-acolhimento-24h\/"]}]},{"@type":"BreadcrumbList","@id":"https:\/\/www.conveniosocial.com.br\/blog\/cuidados-geriatricos\/lar-dos-idosos-pedro-diniz-cuidado-e-acolhimento-24h\/#breadcrumb","itemListElement":[{"@type":"ListItem","position":1,"name":"Home","item":"https:\/\/www.conveniosocial.com.br\/blog\/"},{"@type":"ListItem","position":2,"name":"Casa de Repouso","item":"https:\/\/www.conveniosocial.com.br\/blog\/casa-de-repouso\/"},{"@type":"ListItem","position":3,"name":"Lar dos Idosos Pedro Diniz: Cuidado e Acolhimento 24h"}]},{"@type":"WebSite","@id":"https:\/\/www.conveniosocial.com.br\/blog\/#website","url":"https:\/\/www.conveniosocial.com.br\/blog\/","name":"Conv\u00eanio Social","description":"Informa\u00e7\u00f5es de Sa\u00fade e Bem-estar, Consultas e Exames Popular","publisher":{"@id":"https:\/\/www.conveniosocial.com.br\/blog\/#organization"},"potentialAction":[{"@type":"SearchAction","target":{"@type":"EntryPoint","urlTemplate":"https:\/\/www.conveniosocial.com.br\/blog\/?s={search_term_string}"},"query-input":{"@type":"PropertyValueSpecification","valueRequired":true,"valueName":"search_term_string"}}],"inLanguage":"pt-BR"},{"@type":"Organization","@id":"https:\/\/www.conveniosocial.com.br\/blog\/#organization","name":"Conv\u00eanio Social","url":"https:\/\/www.conveniosocial.com.br\/blog\/","logo":{"@type":"ImageObject","inLanguage":"pt-BR","@id":"https:\/\/www.conveniosocial.com.br\/blog\/#\/schema\/logo\/image\/","url":"https:\/\/www.conveniosocial.com.br\/blog\/wp-content\/uploads\/2021\/11\/novo_logo-convenio-socia-digital.png","contentUrl":"https:\/\/www.conveniosocial.com.br\/blog\/wp-content\/uploads\/2021\/11\/novo_logo-convenio-socia-digital.png","width":400,"height":102,"caption":"Conv\u00eanio Social"},"image":{"@id":"https:\/\/www.conveniosocial.com.br\/blog\/#\/schema\/logo\/image\/"}}]}},"_links":{"self":[{"href":"https:\/\/www.conveniosocial.com.br\/blog\/wp-json\/wp\/v2\/posts\/149963","targetHints":{"allow":["GET"]}}],"collection":[{"href":"https:\/\/www.conveniosocial.com.br\/blog\/wp-json\/wp\/v2\/posts"}],"about":[{"href":"https:\/\/www.conveniosocial.com.br\/blog\/wp-json\/wp\/v2\/types\/post"}],"replies":[{"embeddable":true,"href":"https:\/\/www.conveniosocial.com.br\/blog\/wp-json\/wp\/v2\/comments?post=149963"}],"version-history":[{"count":0,"href":"https:\/\/www.conveniosocial.com.br\/blog\/wp-json\/wp\/v2\/posts\/149963\/revisions"}],"wp:attachment":[{"href":"https:\/\/www.conveniosocial.com.br\/blog\/wp-json\/wp\/v2\/media?parent=149963"}],"wp:term":[{"taxonomy":"category","embeddable":true,"href":"https:\/\/www.conveniosocial.com.br\/blog\/wp-json\/wp\/v2\/categories?post=149963"},{"taxonomy":"post_tag","embeddable":true,"href":"https:\/\/www.conveniosocial.com.br\/blog\/wp-json\/wp\/v2\/tags?post=149963"}],"curies":[{"name":"wp","href":"https:\/\/api.w.org\/{rel}","templated":true}]}}