{"id":149989,"date":"2026-01-22T09:00:18","date_gmt":"2026-01-22T12:00:18","guid":{"rendered":"https:\/\/www.conveniosocial.com.br\/blog\/nehuma\/dra-aline-cunha-cuidados-especiais-para-criancas\/"},"modified":"2026-01-22T09:00:18","modified_gmt":"2026-01-22T12:00:18","slug":"dra-aline-cunha-cuidados-especiais-para-criancas","status":"publish","type":"post","link":"https:\/\/www.conveniosocial.com.br\/blog\/pediatria\/dra-aline-cunha-cuidados-especiais-para-criancas\/","title":{"rendered":"Dra. Aline Cunha: Cuidados Especiais para Crian\u00e7as"},"content":{"rendered":"<div id=\"ez-toc-container\" class=\"ez-toc-v2_0_82_2 counter-flat ez-toc-counter ez-toc-white ez-toc-container-direction\">\n<p class=\"ez-toc-title\" style=\"cursor:inherit\">\u00cdndice do Conte\u00fado<\/p>\n<label for=\"ez-toc-cssicon-toggle-item-69f4bb0f74d73\" class=\"ez-toc-cssicon-toggle-label\"><span class=\"ez-toc-cssicon\"><span class=\"eztoc-hide\" style=\"display:none;\">Toggle<\/span><span class=\"ez-toc-icon-toggle-span\"><svg style=\"fill: #999;color:#999\" xmlns=\"http:\/\/www.w3.org\/2000\/svg\" class=\"list-377408\" width=\"20px\" height=\"20px\" viewBox=\"0 0 24 24\" fill=\"none\"><path d=\"M6 6H4v2h2V6zm14 0H8v2h12V6zM4 11h2v2H4v-2zm16 0H8v2h12v-2zM4 16h2v2H4v-2zm16 0H8v2h12v-2z\" fill=\"currentColor\"><\/path><\/svg><svg style=\"fill: #999;color:#999\" class=\"arrow-unsorted-368013\" xmlns=\"http:\/\/www.w3.org\/2000\/svg\" width=\"10px\" height=\"10px\" viewBox=\"0 0 24 24\" version=\"1.2\" baseProfile=\"tiny\"><path d=\"M18.2 9.3l-6.2-6.3-6.2 6.3c-.2.2-.3.4-.3.7s.1.5.3.7c.2.2.4.3.7.3h11c.3 0 .5-.1.7-.3.2-.2.3-.5.3-.7s-.1-.5-.3-.7zM5.8 14.7l6.2 6.3 6.2-6.3c.2-.2.3-.5.3-.7s-.1-.5-.3-.7c-.2-.2-.4-.3-.7-.3h-11c-.3 0-.5.1-.7.3-.2.2-.3.5-.3.7s.1.5.3.7z\"\/><\/svg><\/span><\/span><\/label><input type=\"checkbox\"  id=\"ez-toc-cssicon-toggle-item-69f4bb0f74d73\" checked aria-label=\"Alternar\" \/><nav><ul class='ez-toc-list ez-toc-list-level-1 ' ><li class='ez-toc-page-1'><a class=\"ez-toc-link ez-toc-heading-1\" href=\"https:\/\/www.conveniosocial.com.br\/blog\/pediatria\/dra-aline-cunha-cuidados-especiais-para-criancas\/#Dra_Aline_Cunha_Cuidados_Especiais_para_Criancas\" >Dra. Aline Cunha: Cuidados Especiais para Crian\u00e7as<\/a><\/li><li class='ez-toc-page-1'><a class=\"ez-toc-link ez-toc-heading-2\" href=\"https:\/\/www.conveniosocial.com.br\/blog\/pediatria\/dra-aline-cunha-cuidados-especiais-para-criancas\/#Perguntas_Frequentes\" >Perguntas Frequentes<\/a><\/li><li class='ez-toc-page-1'><a class=\"ez-toc-link ez-toc-heading-3\" href=\"https:\/\/www.conveniosocial.com.br\/blog\/pediatria\/dra-aline-cunha-cuidados-especiais-para-criancas\/#Contato\" >Contato<\/a><\/li><\/ul><\/nav><\/div>\n<h2><span class=\"ez-toc-section\" id=\"Dra_Aline_Cunha_Cuidados_Especiais_para_Criancas\"><\/span>Dra. Aline Cunha: Cuidados Especiais para Crian\u00e7as<span class=\"ez-toc-section-end\"><\/span><\/h2>\n<p>A Cl\u00ednica da Dra. Aline Cunha, localizada em S\u00e3o Jos\u00e9 dos Campos, no bairro Altos do Esplanada, \u00e9 um espa\u00e7o acolhedor e dedicado ao desenvolvimento global da crian\u00e7a. Com foco na sa\u00fade e bem-estar dos pequenos, a cl\u00ednica oferece um atendimento humanizado e personalizado, considerando as necessidades individuais de cada paciente. A Dra. Aline, com CRM-SP 170.615, \u00e9 especialista em pediatria e nutrologia infantil, trazendo uma abordagem inovadora e integrada para a sa\u00fade das crian\u00e7as.<\/p>\n<p>Entre as especialidades oferecidas na cl\u00ednica, destacam-se a puericultura, que consiste em consultas de rotina para o acompanhamento do crescimento e desenvolvimento da crian\u00e7a. Al\u00e9m disso, a nutrologia infantil \u00e9 um pilar fundamental, onde se trabalha o tratamento da seletividade alimentar, do baixo peso, sobrepeso e obesidade. A Dra. Aline tamb\u00e9m se preocupa com a sa\u00fade integrativa, utilizando suplementa\u00e7\u00e3o nutricional, nutrac\u00eauticos e desparasita\u00e7\u00e3o.<\/p>\n<p>Outro aspecto importante da cl\u00ednica \u00e9 o tratamento de imunidade e alergias, onde s\u00e3o abordadas infec\u00e7\u00f5es de repeti\u00e7\u00e3o e a imunoterapia, proporcionando uma melhora significativa na qualidade de vida das crian\u00e7as. A cl\u00ednica tamb\u00e9m oferece terapias complementares, como fitoterapia, aromaterapia, homeopatia e antroposofia, que s\u00e3o integradas ao plano terap\u00eautico de cada paciente.<\/p>\n<p>A avalia\u00e7\u00e3o antropom\u00e9trica detalhada \u00e9 um exame realizado durante as consultas, que podem durar at\u00e9 1h40min, permitindo um monitoramento preciso do desenvolvimento f\u00edsico da crian\u00e7a. Al\u00e9m disso, a cl\u00ednica conta com uma equipe de enfermagem que realiza procedimentos como laserterapia e acupuntura, proporcionando um cuidado mais abrangente. Para diagn\u00f3sticos de alergias ou car\u00eancias nutricionais, a Dra. Aline solicita exames laboratoriais e de imagem que s\u00e3o realizados em laborat\u00f3rios externos.<\/p>\n<p>Atendendo exclusivamente pelo sistema particular, a cl\u00ednica est\u00e1 aberta de segunda a quinta-feira, das 08:00 \u00e0s 18:00, e na sexta-feira, das 08:00 \u00e0s 17:00. A localiza\u00e7\u00e3o \u00e9 de f\u00e1cil acesso, pr\u00f3xima a bairros como Esplanada, Jardim das Colinas, Parque Residencial Aquarius, Bosque dos Eucaliptos e Vila Ema. Para mais informa\u00e7\u00f5es e agendamentos, entre em contato pelo telefone (12) 99740-7367. Siga tamb\u00e9m a Dra. Aline nas redes sociais para dicas e novidades sobre a sa\u00fade infantil.<\/p>\n<h3><span class=\"ez-toc-section\" id=\"Perguntas_Frequentes\"><\/span>Perguntas Frequentes<span class=\"ez-toc-section-end\"><\/span><\/h3>\n<p>P: Quais especialidades a Dra. Aline Cunha oferece?<br \/>\nR: A Dra. Aline Cunha oferece especialidades como puericultura, nutrologia infantil, sa\u00fade integrativa, imunidade e alergias, e terapias complementares.<\/p>\n<p>P: Como \u00e9 feito o acompanhamento do crescimento da crian\u00e7a?<br \/>\nR: O acompanhamento \u00e9 feito atrav\u00e9s de consultas de puericultura, que incluem uma avalia\u00e7\u00e3o detalhada do desenvolvimento f\u00edsico e nutricional da crian\u00e7a.<\/p>\n<p>P: A cl\u00ednica aceita conv\u00eanios?<br \/>\nR: N\u00e3o, a cl\u00ednica atende exclusivamente pelo sistema particular.<\/p>\n<p>P: Quais exames s\u00e3o realizados na cl\u00ednica?<br \/>\nR: S\u00e3o realizadas avalia\u00e7\u00f5es antropom\u00e9tricas, al\u00e9m da solicita\u00e7\u00e3o de exames laboratoriais e de imagem conforme necessidade.<\/p>\n<p>P: A cl\u00ednica oferece algum tipo de terapia complementar?<br \/>\nR: Sim, a cl\u00ednica oferece fitoterapia, aromaterapia, homeopatia e antroposofia como parte do tratamento.<\/p>\n<p>P: Qual o hor\u00e1rio de funcionamento da cl\u00ednica?<br \/>\nR: A cl\u00ednica funciona de segunda a quinta-feira, das 08:00 \u00e0s 18:00, e na sexta-feira, das 08:00 \u00e0s 17:00.<\/p>\n<p>P: Onde a cl\u00ednica est\u00e1 localizada?<br \/>\nR: A cl\u00ednica est\u00e1 localizada em S\u00e3o Jos\u00e9 dos Campos, no bairro Altos do Esplanada.<\/p>\n<p>P: A Dra. Aline \u00e9 especialista em que \u00e1rea?<br \/>\nR: A Dra. Aline \u00e9 especialista em pediatria e nutrologia infantil.<\/p>\n<p>P: Como posso agendar uma consulta?<br \/>\nR: Voc\u00ea pode agendar uma consulta pelo telefone (12) 99740-7367.<\/p>\n<p>P: A cl\u00ednica realiza procedimentos como acupuntura?<br \/>\nR: Sim, a cl\u00ednica oferece procedimentos de acupuntura, realizados pela equipe de enfermagem.<\/p>\n<h3><span class=\"ez-toc-section\" id=\"Contato\"><\/span>Contato<span class=\"ez-toc-section-end\"><\/span><\/h3>\n<p><strong>Tel.:  | <\/strong><br \/>\n<strong>WhatsApp: &#8211; <\/strong><\/p>\n","protected":false},"excerpt":{"rendered":"<p>Dra. Aline Cunha: Cuidados Especiais para Crian\u00e7as A Cl\u00ednica da Dra. Aline Cunha, localizada em S\u00e3o Jos\u00e9 dos Campos, no bairro Altos do Esplanada, \u00e9 um espa\u00e7o acolhedor e dedicado ao desenvolvimento global da crian\u00e7a. Com foco na sa\u00fade e bem-estar dos pequenos, a cl\u00ednica oferece um atendimento humanizado e personalizado, considerando as necessidades individuais [&hellip;]<\/p>\n","protected":false},"author":0,"featured_media":0,"comment_status":"open","ping_status":"open","sticky":false,"template":"","format":"standard","meta":{"_et_pb_use_builder":"o","_et_pb_old_content":"","_et_gb_content_width":"","footnotes":""},"categories":[2114,1193,1326],"tags":[],"class_list":["post-149989","post","type-post","status-publish","format-standard","hentry","category-nutrologia-infantil","category-pediatria","category-saude-integrativa"],"yoast_head":"<!-- This site is optimized with the Yoast SEO Premium plugin v21.3 (Yoast SEO v27.5) - https:\/\/yoast.com\/product\/yoast-seo-premium-wordpress\/ -->\n<title>Dra. Aline Cunha: Cuidados Especiais para Crian\u00e7as - Conv\u00eanio Social<\/title>\n<meta name=\"robots\" content=\"index, follow, max-snippet:-1, max-image-preview:large, max-video-preview:-1\" \/>\n<link rel=\"canonical\" href=\"https:\/\/www.conveniosocial.com.br\/blog\/pediatria\/dra-aline-cunha-cuidados-especiais-para-criancas\/\" \/>\n<meta property=\"og:locale\" content=\"pt_BR\" \/>\n<meta property=\"og:type\" content=\"article\" \/>\n<meta property=\"og:title\" content=\"Dra. Aline Cunha: Cuidados Especiais para Crian\u00e7as\" \/>\n<meta property=\"og:description\" content=\"Dra. Aline Cunha: Cuidados Especiais para Crian\u00e7as A Cl\u00ednica da Dra. Aline Cunha, localizada em S\u00e3o Jos\u00e9 dos Campos, no bairro Altos do Esplanada, \u00e9 um espa\u00e7o acolhedor e dedicado ao desenvolvimento global da crian\u00e7a. Com foco na sa\u00fade e bem-estar dos pequenos, a cl\u00ednica oferece um atendimento humanizado e personalizado, considerando as necessidades individuais [&hellip;]\" \/>\n<meta property=\"og:url\" content=\"https:\/\/www.conveniosocial.com.br\/blog\/pediatria\/dra-aline-cunha-cuidados-especiais-para-criancas\/\" \/>\n<meta property=\"og:site_name\" content=\"Conv\u00eanio Social\" \/>\n<meta property=\"article:published_time\" content=\"2026-01-22T12:00:18+00:00\" \/>\n<meta name=\"twitter:card\" content=\"summary_large_image\" \/>\n<meta name=\"twitter:label1\" content=\"Est. tempo de leitura\" \/>\n\t<meta name=\"twitter:data1\" content=\"3 minutos\" \/>\n<script type=\"application\/ld+json\" class=\"yoast-schema-graph\">{\"@context\":\"https:\\\/\\\/schema.org\",\"@graph\":[{\"@type\":\"Article\",\"@id\":\"https:\\\/\\\/www.conveniosocial.com.br\\\/blog\\\/pediatria\\\/dra-aline-cunha-cuidados-especiais-para-criancas\\\/#article\",\"isPartOf\":{\"@id\":\"https:\\\/\\\/www.conveniosocial.com.br\\\/blog\\\/pediatria\\\/dra-aline-cunha-cuidados-especiais-para-criancas\\\/\"},\"author\":{\"name\":\"\",\"@id\":\"\"},\"headline\":\"Dra. Aline Cunha: Cuidados Especiais para Crian\u00e7as\",\"datePublished\":\"2026-01-22T12:00:18+00:00\",\"mainEntityOfPage\":{\"@id\":\"https:\\\/\\\/www.conveniosocial.com.br\\\/blog\\\/pediatria\\\/dra-aline-cunha-cuidados-especiais-para-criancas\\\/\"},\"wordCount\":627,\"commentCount\":0,\"publisher\":{\"@id\":\"https:\\\/\\\/www.conveniosocial.com.br\\\/blog\\\/#organization\"},\"articleSection\":[\"Nutrologia Infantil\",\"Pediatria\",\"Sa\u00fade Integrativa\"],\"inLanguage\":\"pt-BR\"},{\"@type\":\"WebPage\",\"@id\":\"https:\\\/\\\/www.conveniosocial.com.br\\\/blog\\\/pediatria\\\/dra-aline-cunha-cuidados-especiais-para-criancas\\\/\",\"url\":\"https:\\\/\\\/www.conveniosocial.com.br\\\/blog\\\/pediatria\\\/dra-aline-cunha-cuidados-especiais-para-criancas\\\/\",\"name\":\"Dra. Aline Cunha: Cuidados Especiais para Crian\u00e7as - Conv\u00eanio Social\",\"isPartOf\":{\"@id\":\"https:\\\/\\\/www.conveniosocial.com.br\\\/blog\\\/#website\"},\"datePublished\":\"2026-01-22T12:00:18+00:00\",\"breadcrumb\":{\"@id\":\"https:\\\/\\\/www.conveniosocial.com.br\\\/blog\\\/pediatria\\\/dra-aline-cunha-cuidados-especiais-para-criancas\\\/#breadcrumb\"},\"inLanguage\":\"pt-BR\",\"potentialAction\":[{\"@type\":\"ReadAction\",\"target\":[\"https:\\\/\\\/www.conveniosocial.com.br\\\/blog\\\/pediatria\\\/dra-aline-cunha-cuidados-especiais-para-criancas\\\/\"]}]},{\"@type\":\"BreadcrumbList\",\"@id\":\"https:\\\/\\\/www.conveniosocial.com.br\\\/blog\\\/pediatria\\\/dra-aline-cunha-cuidados-especiais-para-criancas\\\/#breadcrumb\",\"itemListElement\":[{\"@type\":\"ListItem\",\"position\":1,\"name\":\"Home\",\"item\":\"https:\\\/\\\/www.conveniosocial.com.br\\\/blog\\\/\"},{\"@type\":\"ListItem\",\"position\":2,\"name\":\"Nutrologia Infantil\",\"item\":\"https:\\\/\\\/www.conveniosocial.com.br\\\/blog\\\/nutrologia-infantil\\\/\"},{\"@type\":\"ListItem\",\"position\":3,\"name\":\"Dra. Aline Cunha: Cuidados Especiais para Crian\u00e7as\"}]},{\"@type\":\"WebSite\",\"@id\":\"https:\\\/\\\/www.conveniosocial.com.br\\\/blog\\\/#website\",\"url\":\"https:\\\/\\\/www.conveniosocial.com.br\\\/blog\\\/\",\"name\":\"Conv\u00eanio Social\",\"description\":\"Informa\u00e7\u00f5es de Sa\u00fade e Bem-estar, Consultas e Exames Popular\",\"publisher\":{\"@id\":\"https:\\\/\\\/www.conveniosocial.com.br\\\/blog\\\/#organization\"},\"potentialAction\":[{\"@type\":\"SearchAction\",\"target\":{\"@type\":\"EntryPoint\",\"urlTemplate\":\"https:\\\/\\\/www.conveniosocial.com.br\\\/blog\\\/?s={search_term_string}\"},\"query-input\":{\"@type\":\"PropertyValueSpecification\",\"valueRequired\":true,\"valueName\":\"search_term_string\"}}],\"inLanguage\":\"pt-BR\"},{\"@type\":\"Organization\",\"@id\":\"https:\\\/\\\/www.conveniosocial.com.br\\\/blog\\\/#organization\",\"name\":\"Conv\u00eanio Social\",\"url\":\"https:\\\/\\\/www.conveniosocial.com.br\\\/blog\\\/\",\"logo\":{\"@type\":\"ImageObject\",\"inLanguage\":\"pt-BR\",\"@id\":\"https:\\\/\\\/www.conveniosocial.com.br\\\/blog\\\/#\\\/schema\\\/logo\\\/image\\\/\",\"url\":\"https:\\\/\\\/www.conveniosocial.com.br\\\/blog\\\/wp-content\\\/uploads\\\/2021\\\/11\\\/novo_logo-convenio-socia-digital.png\",\"contentUrl\":\"https:\\\/\\\/www.conveniosocial.com.br\\\/blog\\\/wp-content\\\/uploads\\\/2021\\\/11\\\/novo_logo-convenio-socia-digital.png\",\"width\":400,\"height\":102,\"caption\":\"Conv\u00eanio Social\"},\"image\":{\"@id\":\"https:\\\/\\\/www.conveniosocial.com.br\\\/blog\\\/#\\\/schema\\\/logo\\\/image\\\/\"}}]}<\/script>\n<!-- \/ Yoast SEO Premium plugin. -->","yoast_head_json":{"title":"Dra. Aline Cunha: Cuidados Especiais para Crian\u00e7as - Conv\u00eanio Social","robots":{"index":"index","follow":"follow","max-snippet":"max-snippet:-1","max-image-preview":"max-image-preview:large","max-video-preview":"max-video-preview:-1"},"canonical":"https:\/\/www.conveniosocial.com.br\/blog\/pediatria\/dra-aline-cunha-cuidados-especiais-para-criancas\/","og_locale":"pt_BR","og_type":"article","og_title":"Dra. Aline Cunha: Cuidados Especiais para Crian\u00e7as","og_description":"Dra. Aline Cunha: Cuidados Especiais para Crian\u00e7as A Cl\u00ednica da Dra. Aline Cunha, localizada em S\u00e3o Jos\u00e9 dos Campos, no bairro Altos do Esplanada, \u00e9 um espa\u00e7o acolhedor e dedicado ao desenvolvimento global da crian\u00e7a. Com foco na sa\u00fade e bem-estar dos pequenos, a cl\u00ednica oferece um atendimento humanizado e personalizado, considerando as necessidades individuais [&hellip;]","og_url":"https:\/\/www.conveniosocial.com.br\/blog\/pediatria\/dra-aline-cunha-cuidados-especiais-para-criancas\/","og_site_name":"Conv\u00eanio Social","article_published_time":"2026-01-22T12:00:18+00:00","twitter_card":"summary_large_image","twitter_misc":{"Est. tempo de leitura":"3 minutos"},"schema":{"@context":"https:\/\/schema.org","@graph":[{"@type":"Article","@id":"https:\/\/www.conveniosocial.com.br\/blog\/pediatria\/dra-aline-cunha-cuidados-especiais-para-criancas\/#article","isPartOf":{"@id":"https:\/\/www.conveniosocial.com.br\/blog\/pediatria\/dra-aline-cunha-cuidados-especiais-para-criancas\/"},"author":{"name":"","@id":""},"headline":"Dra. Aline Cunha: Cuidados Especiais para Crian\u00e7as","datePublished":"2026-01-22T12:00:18+00:00","mainEntityOfPage":{"@id":"https:\/\/www.conveniosocial.com.br\/blog\/pediatria\/dra-aline-cunha-cuidados-especiais-para-criancas\/"},"wordCount":627,"commentCount":0,"publisher":{"@id":"https:\/\/www.conveniosocial.com.br\/blog\/#organization"},"articleSection":["Nutrologia Infantil","Pediatria","Sa\u00fade Integrativa"],"inLanguage":"pt-BR"},{"@type":"WebPage","@id":"https:\/\/www.conveniosocial.com.br\/blog\/pediatria\/dra-aline-cunha-cuidados-especiais-para-criancas\/","url":"https:\/\/www.conveniosocial.com.br\/blog\/pediatria\/dra-aline-cunha-cuidados-especiais-para-criancas\/","name":"Dra. Aline Cunha: Cuidados Especiais para Crian\u00e7as - Conv\u00eanio Social","isPartOf":{"@id":"https:\/\/www.conveniosocial.com.br\/blog\/#website"},"datePublished":"2026-01-22T12:00:18+00:00","breadcrumb":{"@id":"https:\/\/www.conveniosocial.com.br\/blog\/pediatria\/dra-aline-cunha-cuidados-especiais-para-criancas\/#breadcrumb"},"inLanguage":"pt-BR","potentialAction":[{"@type":"ReadAction","target":["https:\/\/www.conveniosocial.com.br\/blog\/pediatria\/dra-aline-cunha-cuidados-especiais-para-criancas\/"]}]},{"@type":"BreadcrumbList","@id":"https:\/\/www.conveniosocial.com.br\/blog\/pediatria\/dra-aline-cunha-cuidados-especiais-para-criancas\/#breadcrumb","itemListElement":[{"@type":"ListItem","position":1,"name":"Home","item":"https:\/\/www.conveniosocial.com.br\/blog\/"},{"@type":"ListItem","position":2,"name":"Nutrologia Infantil","item":"https:\/\/www.conveniosocial.com.br\/blog\/nutrologia-infantil\/"},{"@type":"ListItem","position":3,"name":"Dra. Aline Cunha: Cuidados Especiais para Crian\u00e7as"}]},{"@type":"WebSite","@id":"https:\/\/www.conveniosocial.com.br\/blog\/#website","url":"https:\/\/www.conveniosocial.com.br\/blog\/","name":"Conv\u00eanio Social","description":"Informa\u00e7\u00f5es de Sa\u00fade e Bem-estar, Consultas e Exames Popular","publisher":{"@id":"https:\/\/www.conveniosocial.com.br\/blog\/#organization"},"potentialAction":[{"@type":"SearchAction","target":{"@type":"EntryPoint","urlTemplate":"https:\/\/www.conveniosocial.com.br\/blog\/?s={search_term_string}"},"query-input":{"@type":"PropertyValueSpecification","valueRequired":true,"valueName":"search_term_string"}}],"inLanguage":"pt-BR"},{"@type":"Organization","@id":"https:\/\/www.conveniosocial.com.br\/blog\/#organization","name":"Conv\u00eanio Social","url":"https:\/\/www.conveniosocial.com.br\/blog\/","logo":{"@type":"ImageObject","inLanguage":"pt-BR","@id":"https:\/\/www.conveniosocial.com.br\/blog\/#\/schema\/logo\/image\/","url":"https:\/\/www.conveniosocial.com.br\/blog\/wp-content\/uploads\/2021\/11\/novo_logo-convenio-socia-digital.png","contentUrl":"https:\/\/www.conveniosocial.com.br\/blog\/wp-content\/uploads\/2021\/11\/novo_logo-convenio-socia-digital.png","width":400,"height":102,"caption":"Conv\u00eanio Social"},"image":{"@id":"https:\/\/www.conveniosocial.com.br\/blog\/#\/schema\/logo\/image\/"}}]}},"_links":{"self":[{"href":"https:\/\/www.conveniosocial.com.br\/blog\/wp-json\/wp\/v2\/posts\/149989","targetHints":{"allow":["GET"]}}],"collection":[{"href":"https:\/\/www.conveniosocial.com.br\/blog\/wp-json\/wp\/v2\/posts"}],"about":[{"href":"https:\/\/www.conveniosocial.com.br\/blog\/wp-json\/wp\/v2\/types\/post"}],"replies":[{"embeddable":true,"href":"https:\/\/www.conveniosocial.com.br\/blog\/wp-json\/wp\/v2\/comments?post=149989"}],"version-history":[{"count":0,"href":"https:\/\/www.conveniosocial.com.br\/blog\/wp-json\/wp\/v2\/posts\/149989\/revisions"}],"wp:attachment":[{"href":"https:\/\/www.conveniosocial.com.br\/blog\/wp-json\/wp\/v2\/media?parent=149989"}],"wp:term":[{"taxonomy":"category","embeddable":true,"href":"https:\/\/www.conveniosocial.com.br\/blog\/wp-json\/wp\/v2\/categories?post=149989"},{"taxonomy":"post_tag","embeddable":true,"href":"https:\/\/www.conveniosocial.com.br\/blog\/wp-json\/wp\/v2\/tags?post=149989"}],"curies":[{"name":"wp","href":"https:\/\/api.w.org\/{rel}","templated":true}]}}