{"id":149990,"date":"2026-01-22T09:00:19","date_gmt":"2026-01-22T12:00:19","guid":{"rendered":"https:\/\/www.conveniosocial.com.br\/blog\/nehuma\/cuidados-pediatricos-com-a-dra-sabrina-nunes\/"},"modified":"2026-01-22T09:00:19","modified_gmt":"2026-01-22T12:00:19","slug":"cuidados-pediatricos-com-a-dra-sabrina-nunes","status":"publish","type":"post","link":"https:\/\/www.conveniosocial.com.br\/blog\/exames-de-saude\/cuidados-pediatricos-com-a-dra-sabrina-nunes\/","title":{"rendered":"Cuidados Pedi\u00e1tricos com a Dra. Sabrina Nunes"},"content":{"rendered":"<div id=\"ez-toc-container\" class=\"ez-toc-v2_0_82_2 counter-flat ez-toc-counter ez-toc-white ez-toc-container-direction\">\n<p class=\"ez-toc-title\" style=\"cursor:inherit\">\u00cdndice do Conte\u00fado<\/p>\n<label for=\"ez-toc-cssicon-toggle-item-69f0da4cb92c8\" class=\"ez-toc-cssicon-toggle-label\"><span class=\"ez-toc-cssicon\"><span class=\"eztoc-hide\" style=\"display:none;\">Toggle<\/span><span class=\"ez-toc-icon-toggle-span\"><svg style=\"fill: #999;color:#999\" xmlns=\"http:\/\/www.w3.org\/2000\/svg\" class=\"list-377408\" width=\"20px\" height=\"20px\" viewBox=\"0 0 24 24\" fill=\"none\"><path d=\"M6 6H4v2h2V6zm14 0H8v2h12V6zM4 11h2v2H4v-2zm16 0H8v2h12v-2zM4 16h2v2H4v-2zm16 0H8v2h12v-2z\" fill=\"currentColor\"><\/path><\/svg><svg style=\"fill: #999;color:#999\" class=\"arrow-unsorted-368013\" xmlns=\"http:\/\/www.w3.org\/2000\/svg\" width=\"10px\" height=\"10px\" viewBox=\"0 0 24 24\" version=\"1.2\" baseProfile=\"tiny\"><path d=\"M18.2 9.3l-6.2-6.3-6.2 6.3c-.2.2-.3.4-.3.7s.1.5.3.7c.2.2.4.3.7.3h11c.3 0 .5-.1.7-.3.2-.2.3-.5.3-.7s-.1-.5-.3-.7zM5.8 14.7l6.2 6.3 6.2-6.3c.2-.2.3-.5.3-.7s-.1-.5-.3-.7c-.2-.2-.4-.3-.7-.3h-11c-.3 0-.5.1-.7.3-.2.2-.3.5-.3.7s.1.5.3.7z\"\/><\/svg><\/span><\/span><\/label><input type=\"checkbox\"  id=\"ez-toc-cssicon-toggle-item-69f0da4cb92c8\" checked aria-label=\"Alternar\" \/><nav><ul class='ez-toc-list ez-toc-list-level-1 ' ><li class='ez-toc-page-1'><a class=\"ez-toc-link ez-toc-heading-1\" href=\"https:\/\/www.conveniosocial.com.br\/blog\/exames-de-saude\/cuidados-pediatricos-com-a-dra-sabrina-nunes\/#Cuidados_Pediatricos_com_a_Dra_Sabrina_Nunes\" >Cuidados Pedi\u00e1tricos com a Dra. Sabrina Nunes<\/a><\/li><li class='ez-toc-page-1'><a class=\"ez-toc-link ez-toc-heading-2\" href=\"https:\/\/www.conveniosocial.com.br\/blog\/exames-de-saude\/cuidados-pediatricos-com-a-dra-sabrina-nunes\/#Perguntas_Frequentes\" >Perguntas Frequentes<\/a><\/li><li class='ez-toc-page-1'><a class=\"ez-toc-link ez-toc-heading-3\" href=\"https:\/\/www.conveniosocial.com.br\/blog\/exames-de-saude\/cuidados-pediatricos-com-a-dra-sabrina-nunes\/#Contato\" >Contato<\/a><\/li><\/ul><\/nav><\/div>\n<h2><span class=\"ez-toc-section\" id=\"Cuidados_Pediatricos_com_a_Dra_Sabrina_Nunes\"><\/span>Cuidados Pedi\u00e1tricos com a Dra. Sabrina Nunes<span class=\"ez-toc-section-end\"><\/span><\/h2>\n<p>A Cl\u00ednica da Dra. Sabrina Nunes \u00e9 um espa\u00e7o dedicado ao cuidado da sa\u00fade infantil, localizado em S\u00e3o Jos\u00e9 dos Campos, no bairro Floradas de S\u00e3o Jos\u00e9. Com uma abordagem humanizada e acolhedora, a cl\u00ednica oferece atendimento especializado em pediatria e neonatologia, focando no desenvolvimento saud\u00e1vel de crian\u00e7as e adolescentes. A Dra. Sabrina Nunes, respons\u00e1vel t\u00e9cnica da cl\u00ednica, possui s\u00f3lida experi\u00eancia na \u00e1rea, com forma\u00e7\u00e3o reconhecida e registro no CRM SP &#8211; 91509 e RQE Pediatria &#8211; 67952. <\/p>\n<p>A cl\u00ednica se destaca por seu compromisso com a sa\u00fade e bem-estar dos pequenos pacientes, oferecendo servi\u00e7os de pediatria que abrangem cuidados gerais, al\u00e9m de especializa\u00e7\u00f5es em neonatologia. Os pais podem contar com um acompanhamento cuidadoso e individualizado, que inclui a avalia\u00e7\u00e3o detalhada de rec\u00e9m-nascidos e suporte cont\u00ednuo durante os primeiros meses de vida. A Dra. Sabrina Nunes valoriza a intera\u00e7\u00e3o com os familiares, proporcionando orienta\u00e7\u00f5es que v\u00e3o al\u00e9m das consultas, sempre com o objetivo de promover uma inf\u00e2ncia saud\u00e1vel e feliz. <\/p>\n<p>Entre os servi\u00e7os dispon\u00edveis na cl\u00ednica, destacam-se os exames de acompanhamento neonatal, que avaliam aspectos essenciais da sa\u00fade dos rec\u00e9m-nascidos, e a puericultura, que consiste em exames cl\u00ednicos peri\u00f3dicos para monitorar o crescimento e desenvolvimento motor e cognitivo das crian\u00e7as. Al\u00e9m disso, a cl\u00ednica realiza diagn\u00f3sticos cl\u00ednicos, avaliando sintomas comuns da inf\u00e2ncia e prescrevendo tratamentos ou encaminhamentos a especialistas quando necess\u00e1rio. <\/p>\n<p>Localizada em um ponto de f\u00e1cil acesso na cidade, a cl\u00ednica est\u00e1 pr\u00f3xima de bairros como Jardim Sat\u00e9lite, Bosque dos Eucaliptos, Parque Industrial, Jardim Oriente, Jardim Sul e Jardim Rep\u00fablica, facilitando a chegada dos pacientes. O hor\u00e1rio de atendimento \u00e9 de segunda a sexta-feira, das 08:00 \u00e0s 18:00, permitindo que as fam\u00edlias consigam agendar suas consultas de maneira conveniente. <\/p>\n<p>Para entrar em contato, os interessados podem ligar para (12) 98213-3304. Embora a cl\u00ednica ainda n\u00e3o tenha um site ou perfil no Instagram, as informa\u00e7\u00f5es e atualiza\u00e7\u00f5es sobre servi\u00e7os e atendimentos podem ser obtidas diretamente pelo telefone. A Dra. Sabrina Nunes e sua equipe est\u00e3o prontas para receber voc\u00ea e sua fam\u00edlia, garantindo um atendimento de qualidade e humanizado que valoriza a sa\u00fade infantil.<\/p>\n<h3><span class=\"ez-toc-section\" id=\"Perguntas_Frequentes\"><\/span>Perguntas Frequentes<span class=\"ez-toc-section-end\"><\/span><\/h3>\n<p>P: Quais especialidades a cl\u00ednica oferece?<br \/>\nR: A cl\u00ednica oferece especialidades em pediatria e neonatologia.<\/p>\n<p>P: A Dra. Sabrina Nunes atende particular?<br \/>\nR: Sim, a cl\u00ednica atende apenas pacientes particulares.<\/p>\n<p>P: Quais exames s\u00e3o realizados na cl\u00ednica?<br \/>\nR: A cl\u00ednica realiza acompanhamento neonatal, puericultura e diagn\u00f3stico cl\u00ednico.<\/p>\n<p>P: Qual \u00e9 o hor\u00e1rio de atendimento da cl\u00ednica?<br \/>\nR: O hor\u00e1rio de atendimento \u00e9 de segunda a sexta-feira, das 08:00 \u00e0s 18:00.<\/p>\n<p>P: Como posso agendar uma consulta?<br \/>\nR: Voc\u00ea pode agendar uma consulta ligando para (12) 98213-3304.<\/p>\n<p>P: A cl\u00ednica aceita conv\u00eanios?<br \/>\nR: No momento, a cl\u00ednica atende apenas pacientes particulares.<\/p>\n<p>P: Onde a cl\u00ednica est\u00e1 localizada?<br \/>\nR: A cl\u00ednica est\u00e1 localizada em Floradas de S\u00e3o Jos\u00e9, S\u00e3o Jos\u00e9 dos Campos, SP.<\/p>\n<p>P: A Dra. Sabrina Nunes tem experi\u00eancia na \u00e1rea?<br \/>\nR: Sim, a Dra. Sabrina Nunes possui forma\u00e7\u00e3o reconhecida e experi\u00eancia em pediatria e neonatologia.<\/p>\n<p>P: A cl\u00ednica oferece suporte a rec\u00e9m-nascidos?<br \/>\nR: Sim, a cl\u00ednica oferece acompanhamento especializado para rec\u00e9m-nascidos.<\/p>\n<p>P: Quais bairros est\u00e3o pr\u00f3ximos \u00e0 cl\u00ednica?<br \/>\nR: Bairros pr\u00f3ximos incluem Jardim Sat\u00e9lite, Bosque dos Eucaliptos e Jardim Rep\u00fablica.<\/p>\n<h3><span class=\"ez-toc-section\" id=\"Contato\"><\/span>Contato<span class=\"ez-toc-section-end\"><\/span><\/h3>\n<p><strong>Tel.:  | <\/strong><br \/>\n<strong>WhatsApp: &#8211; <\/strong><\/p>\n","protected":false},"excerpt":{"rendered":"<p>Cuidados Pedi\u00e1tricos com a Dra. Sabrina Nunes A Cl\u00ednica da Dra. Sabrina Nunes \u00e9 um espa\u00e7o dedicado ao cuidado da sa\u00fade infantil, localizado em S\u00e3o Jos\u00e9 dos Campos, no bairro Floradas de S\u00e3o Jos\u00e9. Com uma abordagem humanizada e acolhedora, a cl\u00ednica oferece atendimento especializado em pediatria e neonatologia, focando no desenvolvimento saud\u00e1vel de crian\u00e7as [&hellip;]<\/p>\n","protected":false},"author":0,"featured_media":0,"comment_status":"open","ping_status":"open","sticky":false,"template":"","format":"standard","meta":{"_et_pb_use_builder":"o","_et_pb_old_content":"","_et_gb_content_width":"","footnotes":""},"categories":[906,1784,1193],"tags":[],"class_list":["post-149990","post","type-post","status-publish","format-standard","hentry","category-exames-de-saude","category-neonatologia","category-pediatria"],"yoast_head":"<!-- This site is optimized with the Yoast SEO Premium plugin v21.3 (Yoast SEO v27.4) - https:\/\/yoast.com\/product\/yoast-seo-premium-wordpress\/ -->\n<title>Cuidados Pedi\u00e1tricos com a Dra. Sabrina Nunes - Conv\u00eanio Social<\/title>\n<meta name=\"robots\" content=\"index, follow, max-snippet:-1, max-image-preview:large, max-video-preview:-1\" \/>\n<link rel=\"canonical\" href=\"https:\/\/www.conveniosocial.com.br\/blog\/exames-de-saude\/cuidados-pediatricos-com-a-dra-sabrina-nunes\/\" \/>\n<meta property=\"og:locale\" content=\"pt_BR\" \/>\n<meta property=\"og:type\" content=\"article\" \/>\n<meta property=\"og:title\" content=\"Cuidados Pedi\u00e1tricos com a Dra. Sabrina Nunes\" \/>\n<meta property=\"og:description\" content=\"Cuidados Pedi\u00e1tricos com a Dra. Sabrina Nunes A Cl\u00ednica da Dra. Sabrina Nunes \u00e9 um espa\u00e7o dedicado ao cuidado da sa\u00fade infantil, localizado em S\u00e3o Jos\u00e9 dos Campos, no bairro Floradas de S\u00e3o Jos\u00e9. Com uma abordagem humanizada e acolhedora, a cl\u00ednica oferece atendimento especializado em pediatria e neonatologia, focando no desenvolvimento saud\u00e1vel de crian\u00e7as [&hellip;]\" \/>\n<meta property=\"og:url\" content=\"https:\/\/www.conveniosocial.com.br\/blog\/exames-de-saude\/cuidados-pediatricos-com-a-dra-sabrina-nunes\/\" \/>\n<meta property=\"og:site_name\" content=\"Conv\u00eanio Social\" \/>\n<meta property=\"article:published_time\" content=\"2026-01-22T12:00:19+00:00\" \/>\n<meta name=\"twitter:card\" content=\"summary_large_image\" \/>\n<meta name=\"twitter:label1\" content=\"Est. tempo de leitura\" \/>\n\t<meta name=\"twitter:data1\" content=\"3 minutos\" \/>\n<script type=\"application\/ld+json\" class=\"yoast-schema-graph\">{\"@context\":\"https:\\\/\\\/schema.org\",\"@graph\":[{\"@type\":\"Article\",\"@id\":\"https:\\\/\\\/www.conveniosocial.com.br\\\/blog\\\/exames-de-saude\\\/cuidados-pediatricos-com-a-dra-sabrina-nunes\\\/#article\",\"isPartOf\":{\"@id\":\"https:\\\/\\\/www.conveniosocial.com.br\\\/blog\\\/exames-de-saude\\\/cuidados-pediatricos-com-a-dra-sabrina-nunes\\\/\"},\"author\":{\"name\":\"\",\"@id\":\"\"},\"headline\":\"Cuidados Pedi\u00e1tricos com a Dra. Sabrina Nunes\",\"datePublished\":\"2026-01-22T12:00:19+00:00\",\"mainEntityOfPage\":{\"@id\":\"https:\\\/\\\/www.conveniosocial.com.br\\\/blog\\\/exames-de-saude\\\/cuidados-pediatricos-com-a-dra-sabrina-nunes\\\/\"},\"wordCount\":620,\"commentCount\":0,\"publisher\":{\"@id\":\"https:\\\/\\\/www.conveniosocial.com.br\\\/blog\\\/#organization\"},\"articleSection\":[\"Exames de Sa\u00fade\",\"Neonatologia\",\"Pediatria\"],\"inLanguage\":\"pt-BR\"},{\"@type\":\"WebPage\",\"@id\":\"https:\\\/\\\/www.conveniosocial.com.br\\\/blog\\\/exames-de-saude\\\/cuidados-pediatricos-com-a-dra-sabrina-nunes\\\/\",\"url\":\"https:\\\/\\\/www.conveniosocial.com.br\\\/blog\\\/exames-de-saude\\\/cuidados-pediatricos-com-a-dra-sabrina-nunes\\\/\",\"name\":\"Cuidados Pedi\u00e1tricos com a Dra. Sabrina Nunes - Conv\u00eanio Social\",\"isPartOf\":{\"@id\":\"https:\\\/\\\/www.conveniosocial.com.br\\\/blog\\\/#website\"},\"datePublished\":\"2026-01-22T12:00:19+00:00\",\"breadcrumb\":{\"@id\":\"https:\\\/\\\/www.conveniosocial.com.br\\\/blog\\\/exames-de-saude\\\/cuidados-pediatricos-com-a-dra-sabrina-nunes\\\/#breadcrumb\"},\"inLanguage\":\"pt-BR\",\"potentialAction\":[{\"@type\":\"ReadAction\",\"target\":[\"https:\\\/\\\/www.conveniosocial.com.br\\\/blog\\\/exames-de-saude\\\/cuidados-pediatricos-com-a-dra-sabrina-nunes\\\/\"]}]},{\"@type\":\"BreadcrumbList\",\"@id\":\"https:\\\/\\\/www.conveniosocial.com.br\\\/blog\\\/exames-de-saude\\\/cuidados-pediatricos-com-a-dra-sabrina-nunes\\\/#breadcrumb\",\"itemListElement\":[{\"@type\":\"ListItem\",\"position\":1,\"name\":\"Home\",\"item\":\"https:\\\/\\\/www.conveniosocial.com.br\\\/blog\\\/\"},{\"@type\":\"ListItem\",\"position\":2,\"name\":\"Exames de Sa\u00fade\",\"item\":\"https:\\\/\\\/www.conveniosocial.com.br\\\/blog\\\/exames-de-saude\\\/\"},{\"@type\":\"ListItem\",\"position\":3,\"name\":\"Cuidados Pedi\u00e1tricos com a Dra. Sabrina Nunes\"}]},{\"@type\":\"WebSite\",\"@id\":\"https:\\\/\\\/www.conveniosocial.com.br\\\/blog\\\/#website\",\"url\":\"https:\\\/\\\/www.conveniosocial.com.br\\\/blog\\\/\",\"name\":\"Conv\u00eanio Social\",\"description\":\"Informa\u00e7\u00f5es de Sa\u00fade e Bem-estar, Consultas e Exames Popular\",\"publisher\":{\"@id\":\"https:\\\/\\\/www.conveniosocial.com.br\\\/blog\\\/#organization\"},\"potentialAction\":[{\"@type\":\"SearchAction\",\"target\":{\"@type\":\"EntryPoint\",\"urlTemplate\":\"https:\\\/\\\/www.conveniosocial.com.br\\\/blog\\\/?s={search_term_string}\"},\"query-input\":{\"@type\":\"PropertyValueSpecification\",\"valueRequired\":true,\"valueName\":\"search_term_string\"}}],\"inLanguage\":\"pt-BR\"},{\"@type\":\"Organization\",\"@id\":\"https:\\\/\\\/www.conveniosocial.com.br\\\/blog\\\/#organization\",\"name\":\"Conv\u00eanio Social\",\"url\":\"https:\\\/\\\/www.conveniosocial.com.br\\\/blog\\\/\",\"logo\":{\"@type\":\"ImageObject\",\"inLanguage\":\"pt-BR\",\"@id\":\"https:\\\/\\\/www.conveniosocial.com.br\\\/blog\\\/#\\\/schema\\\/logo\\\/image\\\/\",\"url\":\"https:\\\/\\\/www.conveniosocial.com.br\\\/blog\\\/wp-content\\\/uploads\\\/2021\\\/11\\\/novo_logo-convenio-socia-digital.png\",\"contentUrl\":\"https:\\\/\\\/www.conveniosocial.com.br\\\/blog\\\/wp-content\\\/uploads\\\/2021\\\/11\\\/novo_logo-convenio-socia-digital.png\",\"width\":400,\"height\":102,\"caption\":\"Conv\u00eanio Social\"},\"image\":{\"@id\":\"https:\\\/\\\/www.conveniosocial.com.br\\\/blog\\\/#\\\/schema\\\/logo\\\/image\\\/\"}}]}<\/script>\n<!-- \/ Yoast SEO Premium plugin. -->","yoast_head_json":{"title":"Cuidados Pedi\u00e1tricos com a Dra. Sabrina Nunes - Conv\u00eanio Social","robots":{"index":"index","follow":"follow","max-snippet":"max-snippet:-1","max-image-preview":"max-image-preview:large","max-video-preview":"max-video-preview:-1"},"canonical":"https:\/\/www.conveniosocial.com.br\/blog\/exames-de-saude\/cuidados-pediatricos-com-a-dra-sabrina-nunes\/","og_locale":"pt_BR","og_type":"article","og_title":"Cuidados Pedi\u00e1tricos com a Dra. Sabrina Nunes","og_description":"Cuidados Pedi\u00e1tricos com a Dra. Sabrina Nunes A Cl\u00ednica da Dra. Sabrina Nunes \u00e9 um espa\u00e7o dedicado ao cuidado da sa\u00fade infantil, localizado em S\u00e3o Jos\u00e9 dos Campos, no bairro Floradas de S\u00e3o Jos\u00e9. Com uma abordagem humanizada e acolhedora, a cl\u00ednica oferece atendimento especializado em pediatria e neonatologia, focando no desenvolvimento saud\u00e1vel de crian\u00e7as [&hellip;]","og_url":"https:\/\/www.conveniosocial.com.br\/blog\/exames-de-saude\/cuidados-pediatricos-com-a-dra-sabrina-nunes\/","og_site_name":"Conv\u00eanio Social","article_published_time":"2026-01-22T12:00:19+00:00","twitter_card":"summary_large_image","twitter_misc":{"Est. tempo de leitura":"3 minutos"},"schema":{"@context":"https:\/\/schema.org","@graph":[{"@type":"Article","@id":"https:\/\/www.conveniosocial.com.br\/blog\/exames-de-saude\/cuidados-pediatricos-com-a-dra-sabrina-nunes\/#article","isPartOf":{"@id":"https:\/\/www.conveniosocial.com.br\/blog\/exames-de-saude\/cuidados-pediatricos-com-a-dra-sabrina-nunes\/"},"author":{"name":"","@id":""},"headline":"Cuidados Pedi\u00e1tricos com a Dra. Sabrina Nunes","datePublished":"2026-01-22T12:00:19+00:00","mainEntityOfPage":{"@id":"https:\/\/www.conveniosocial.com.br\/blog\/exames-de-saude\/cuidados-pediatricos-com-a-dra-sabrina-nunes\/"},"wordCount":620,"commentCount":0,"publisher":{"@id":"https:\/\/www.conveniosocial.com.br\/blog\/#organization"},"articleSection":["Exames de Sa\u00fade","Neonatologia","Pediatria"],"inLanguage":"pt-BR"},{"@type":"WebPage","@id":"https:\/\/www.conveniosocial.com.br\/blog\/exames-de-saude\/cuidados-pediatricos-com-a-dra-sabrina-nunes\/","url":"https:\/\/www.conveniosocial.com.br\/blog\/exames-de-saude\/cuidados-pediatricos-com-a-dra-sabrina-nunes\/","name":"Cuidados Pedi\u00e1tricos com a Dra. Sabrina Nunes - Conv\u00eanio Social","isPartOf":{"@id":"https:\/\/www.conveniosocial.com.br\/blog\/#website"},"datePublished":"2026-01-22T12:00:19+00:00","breadcrumb":{"@id":"https:\/\/www.conveniosocial.com.br\/blog\/exames-de-saude\/cuidados-pediatricos-com-a-dra-sabrina-nunes\/#breadcrumb"},"inLanguage":"pt-BR","potentialAction":[{"@type":"ReadAction","target":["https:\/\/www.conveniosocial.com.br\/blog\/exames-de-saude\/cuidados-pediatricos-com-a-dra-sabrina-nunes\/"]}]},{"@type":"BreadcrumbList","@id":"https:\/\/www.conveniosocial.com.br\/blog\/exames-de-saude\/cuidados-pediatricos-com-a-dra-sabrina-nunes\/#breadcrumb","itemListElement":[{"@type":"ListItem","position":1,"name":"Home","item":"https:\/\/www.conveniosocial.com.br\/blog\/"},{"@type":"ListItem","position":2,"name":"Exames de Sa\u00fade","item":"https:\/\/www.conveniosocial.com.br\/blog\/exames-de-saude\/"},{"@type":"ListItem","position":3,"name":"Cuidados Pedi\u00e1tricos com a Dra. Sabrina Nunes"}]},{"@type":"WebSite","@id":"https:\/\/www.conveniosocial.com.br\/blog\/#website","url":"https:\/\/www.conveniosocial.com.br\/blog\/","name":"Conv\u00eanio Social","description":"Informa\u00e7\u00f5es de Sa\u00fade e Bem-estar, Consultas e Exames Popular","publisher":{"@id":"https:\/\/www.conveniosocial.com.br\/blog\/#organization"},"potentialAction":[{"@type":"SearchAction","target":{"@type":"EntryPoint","urlTemplate":"https:\/\/www.conveniosocial.com.br\/blog\/?s={search_term_string}"},"query-input":{"@type":"PropertyValueSpecification","valueRequired":true,"valueName":"search_term_string"}}],"inLanguage":"pt-BR"},{"@type":"Organization","@id":"https:\/\/www.conveniosocial.com.br\/blog\/#organization","name":"Conv\u00eanio Social","url":"https:\/\/www.conveniosocial.com.br\/blog\/","logo":{"@type":"ImageObject","inLanguage":"pt-BR","@id":"https:\/\/www.conveniosocial.com.br\/blog\/#\/schema\/logo\/image\/","url":"https:\/\/www.conveniosocial.com.br\/blog\/wp-content\/uploads\/2021\/11\/novo_logo-convenio-socia-digital.png","contentUrl":"https:\/\/www.conveniosocial.com.br\/blog\/wp-content\/uploads\/2021\/11\/novo_logo-convenio-socia-digital.png","width":400,"height":102,"caption":"Conv\u00eanio Social"},"image":{"@id":"https:\/\/www.conveniosocial.com.br\/blog\/#\/schema\/logo\/image\/"}}]}},"_links":{"self":[{"href":"https:\/\/www.conveniosocial.com.br\/blog\/wp-json\/wp\/v2\/posts\/149990","targetHints":{"allow":["GET"]}}],"collection":[{"href":"https:\/\/www.conveniosocial.com.br\/blog\/wp-json\/wp\/v2\/posts"}],"about":[{"href":"https:\/\/www.conveniosocial.com.br\/blog\/wp-json\/wp\/v2\/types\/post"}],"replies":[{"embeddable":true,"href":"https:\/\/www.conveniosocial.com.br\/blog\/wp-json\/wp\/v2\/comments?post=149990"}],"version-history":[{"count":0,"href":"https:\/\/www.conveniosocial.com.br\/blog\/wp-json\/wp\/v2\/posts\/149990\/revisions"}],"wp:attachment":[{"href":"https:\/\/www.conveniosocial.com.br\/blog\/wp-json\/wp\/v2\/media?parent=149990"}],"wp:term":[{"taxonomy":"category","embeddable":true,"href":"https:\/\/www.conveniosocial.com.br\/blog\/wp-json\/wp\/v2\/categories?post=149990"},{"taxonomy":"post_tag","embeddable":true,"href":"https:\/\/www.conveniosocial.com.br\/blog\/wp-json\/wp\/v2\/tags?post=149990"}],"curies":[{"name":"wp","href":"https:\/\/api.w.org\/{rel}","templated":true}]}}