{"id":150029,"date":"2026-01-22T09:00:22","date_gmt":"2026-01-22T12:00:22","guid":{"rendered":"https:\/\/www.conveniosocial.com.br\/blog\/nehuma\/clinica-dr-diogo-pereira-cuidados-em-medicina-do-trabalho\/"},"modified":"2026-01-22T09:00:22","modified_gmt":"2026-01-22T12:00:22","slug":"clinica-dr-diogo-pereira-cuidados-em-medicina-do-trabalho","status":"publish","type":"post","link":"https:\/\/www.conveniosocial.com.br\/blog\/medicina-do-trabalho\/clinica-dr-diogo-pereira-cuidados-em-medicina-do-trabalho\/","title":{"rendered":"Cl\u00ednica Dr. Diogo Pereira: Cuidados em Medicina do Trabalho"},"content":{"rendered":"<div id=\"ez-toc-container\" class=\"ez-toc-v2_0_82_2 counter-flat ez-toc-counter ez-toc-white ez-toc-container-direction\">\n<p class=\"ez-toc-title\" style=\"cursor:inherit\">\u00cdndice do Conte\u00fado<\/p>\n<label for=\"ez-toc-cssicon-toggle-item-69f498e15c977\" class=\"ez-toc-cssicon-toggle-label\"><span class=\"ez-toc-cssicon\"><span class=\"eztoc-hide\" style=\"display:none;\">Toggle<\/span><span class=\"ez-toc-icon-toggle-span\"><svg style=\"fill: #999;color:#999\" xmlns=\"http:\/\/www.w3.org\/2000\/svg\" class=\"list-377408\" width=\"20px\" height=\"20px\" viewBox=\"0 0 24 24\" fill=\"none\"><path d=\"M6 6H4v2h2V6zm14 0H8v2h12V6zM4 11h2v2H4v-2zm16 0H8v2h12v-2zM4 16h2v2H4v-2zm16 0H8v2h12v-2z\" fill=\"currentColor\"><\/path><\/svg><svg style=\"fill: #999;color:#999\" class=\"arrow-unsorted-368013\" xmlns=\"http:\/\/www.w3.org\/2000\/svg\" width=\"10px\" height=\"10px\" viewBox=\"0 0 24 24\" version=\"1.2\" baseProfile=\"tiny\"><path d=\"M18.2 9.3l-6.2-6.3-6.2 6.3c-.2.2-.3.4-.3.7s.1.5.3.7c.2.2.4.3.7.3h11c.3 0 .5-.1.7-.3.2-.2.3-.5.3-.7s-.1-.5-.3-.7zM5.8 14.7l6.2 6.3 6.2-6.3c.2-.2.3-.5.3-.7s-.1-.5-.3-.7c-.2-.2-.4-.3-.7-.3h-11c-.3 0-.5.1-.7.3-.2.2-.3.5-.3.7s.1.5.3.7z\"\/><\/svg><\/span><\/span><\/label><input type=\"checkbox\"  id=\"ez-toc-cssicon-toggle-item-69f498e15c977\" checked aria-label=\"Alternar\" \/><nav><ul class='ez-toc-list ez-toc-list-level-1 ' ><li class='ez-toc-page-1'><a class=\"ez-toc-link ez-toc-heading-1\" href=\"https:\/\/www.conveniosocial.com.br\/blog\/medicina-do-trabalho\/clinica-dr-diogo-pereira-cuidados-em-medicina-do-trabalho\/#Clinica_Dr_Diogo_Pereira_Cuidados_em_Medicina_do_Trabalho\" >Cl\u00ednica Dr. Diogo Pereira: Cuidados em Medicina do Trabalho<\/a><\/li><li class='ez-toc-page-1'><a class=\"ez-toc-link ez-toc-heading-2\" href=\"https:\/\/www.conveniosocial.com.br\/blog\/medicina-do-trabalho\/clinica-dr-diogo-pereira-cuidados-em-medicina-do-trabalho\/#Perguntas_Frequentes\" >Perguntas Frequentes<\/a><\/li><li class='ez-toc-page-1'><a class=\"ez-toc-link ez-toc-heading-3\" href=\"https:\/\/www.conveniosocial.com.br\/blog\/medicina-do-trabalho\/clinica-dr-diogo-pereira-cuidados-em-medicina-do-trabalho\/#Contato\" >Contato<\/a><\/li><\/ul><\/nav><\/div>\n<h2><span class=\"ez-toc-section\" id=\"Clinica_Dr_Diogo_Pereira_Cuidados_em_Medicina_do_Trabalho\"><\/span>Cl\u00ednica Dr. Diogo Pereira: Cuidados em Medicina do Trabalho<span class=\"ez-toc-section-end\"><\/span><\/h2>\n<p>A Cl\u00ednica Dr. Diogo Pereira, localizada no cora\u00e7\u00e3o de Maring\u00e1, PR, na Zona 29, \u00e9 especializada em Medicina do Trabalho, oferecendo um atendimento humanizado e de excel\u00eancia. Sob a responsabilidade do Dr. Diogo Pereira, um profissional com vasta experi\u00eancia e o CRM 41514-PR, a cl\u00ednica se destaca pela abordagem acolhedora e pelo comprometimento com a sa\u00fade dos seus pacientes.<\/p>\n<p>Na Cl\u00ednica Dr. Diogo Pereira, tratamos de condi\u00e7\u00f5es relacionadas \u00e0 Medicina do Trabalho, com foco em doen\u00e7as como perda auditiva provocada por ru\u00eddo, eczema e dermatite at\u00f3pica, fibromialgia e enjoo devido ao movimento. Sabemos que cada paciente \u00e9 \u00fanico e, por isso, buscamos entender as necessidades individuais, proporcionando um tratamento de qualidade que visa n\u00e3o apenas a cura, mas tamb\u00e9m a preven\u00e7\u00e3o de doen\u00e7as.<\/p>\n<p>Estamos estrategicamente localizados na Zona 29, facilitando o acesso para pacientes de diversas regi\u00f5es de Maring\u00e1. A proximidade com \u00e1reas residenciais e comerciais torna a cl\u00ednica uma op\u00e7\u00e3o conveniente para quem busca cuidados m\u00e9dicos especializados. Al\u00e9m disso, garantimos um ambiente confort\u00e1vel e acolhedor, onde nossos pacientes se sentem \u00e0 vontade para discutir suas preocupa\u00e7\u00f5es de sa\u00fade.<\/p>\n<p>Embora a cl\u00ednica ainda n\u00e3o tenha informa\u00e7\u00f5es sobre exames e conv\u00eanios dispon\u00edveis, a nossa equipe est\u00e1 sempre \u00e0 disposi\u00e7\u00e3o para orientar os pacientes sobre as op\u00e7\u00f5es de tratamento e como podemos ajudar a atender suas necessidades. O Dr. Diogo Pereira e sua equipe s\u00e3o conhecidos pela dedica\u00e7\u00e3o e pelo acompanhamento cont\u00ednuo, garantindo que cada paciente receba a aten\u00e7\u00e3o necess\u00e1ria ao longo de sua jornada de sa\u00fade.<\/p>\n<p>Para agendar uma consulta ou esclarecer d\u00favidas, voc\u00ea pode entrar em contato pelo telefone que ser\u00e1 disponibilizado em breve. Al\u00e9m disso, em breve tamb\u00e9m teremos um site onde voc\u00ea poder\u00e1 encontrar informa\u00e7\u00f5es detalhadas sobre nossas especialidades, tratamentos e novidades. N\u00e3o deixe de nos seguir no Instagram, onde compartilhamos dicas de sa\u00fade e informa\u00e7\u00f5es relevantes sobre Medicina do Trabalho.<\/p>\n<p>Se voc\u00ea est\u00e1 em busca de um atendimento m\u00e9dico de qualidade em Maring\u00e1, a Cl\u00ednica Dr. Diogo Pereira \u00e9 a escolha certa. Estamos prontos para cuidar de voc\u00ea e garantir que sua sa\u00fade esteja sempre em primeiro lugar.<\/p>\n<h3><span class=\"ez-toc-section\" id=\"Perguntas_Frequentes\"><\/span>Perguntas Frequentes<span class=\"ez-toc-section-end\"><\/span><\/h3>\n<p>P: Quais doen\u00e7as a cl\u00ednica Dr. Diogo Pereira trata?<br \/>\nR: A cl\u00ednica trata de perda auditiva provocada por ru\u00eddo, eczema e dermatite at\u00f3pica, fibromialgia e enjoo devido ao movimento.<\/p>\n<p>P: Onde est\u00e1 localizada a cl\u00ednica?<br \/>\nR: A Cl\u00ednica Dr. Diogo Pereira est\u00e1 localizada na Zona 29, em Maring\u00e1, PR.<\/p>\n<p>P: Quem \u00e9 o respons\u00e1vel t\u00e9cnico da cl\u00ednica?<br \/>\nR: O respons\u00e1vel t\u00e9cnico da cl\u00ednica \u00e9 o Dr. Diogo Pereira, CRM 41514-PR.<\/p>\n<p>P: Quais s\u00e3o os hor\u00e1rios de atendimento da cl\u00ednica?<br \/>\nR: Os hor\u00e1rios de atendimento ainda n\u00e3o est\u00e3o informados. Favor entrar em contato para mais detalhes.<\/p>\n<p>P: A cl\u00ednica possui conv\u00eanios?<br \/>\nR: No momento, n\u00e3o h\u00e1 informa\u00e7\u00f5es sobre conv\u00eanios dispon\u00edveis. Consulte a cl\u00ednica para mais detalhes.<\/p>\n<p>P: Como posso agendar uma consulta?<br \/>\nR: O agendamento de consultas pode ser feito atrav\u00e9s do telefone que ser\u00e1 disponibilizado em breve.<\/p>\n<p>P: A cl\u00ednica oferece exames?<br \/>\nR: Atualmente, n\u00e3o h\u00e1 informa\u00e7\u00f5es sobre exames realizados na cl\u00ednica. Para mais informa\u00e7\u00f5es, entre em contato diretamente.<\/p>\n<p>P: A cl\u00ednica aceita pacientes de fora de Maring\u00e1?<br \/>\nR: Sim, a cl\u00ednica atende pacientes de diversas regi\u00f5es, sempre buscando oferecer um atendimento de qualidade.<\/p>\n<p>P: A cl\u00ednica tem algum canal de comunica\u00e7\u00e3o online?<br \/>\nR: Em breve, a cl\u00ednica ter\u00e1 um site e Instagram para facilitar a comunica\u00e7\u00e3o e agendamentos.<\/p>\n<p>P: Qual o diferencial da Cl\u00ednica Dr. Diogo Pereira?<br \/>\nR: O diferencial \u00e9 o atendimento humanizado e a especializa\u00e7\u00e3o em Medicina do Trabalho, focando na sa\u00fade do trabalhador.<\/p>\n<h3><span class=\"ez-toc-section\" id=\"Contato\"><\/span>Contato<span class=\"ez-toc-section-end\"><\/span><\/h3>\n<p><strong>Tel.:  | <\/strong><br \/>\n<strong>WhatsApp: &#8211; <\/strong><\/p>\n","protected":false},"excerpt":{"rendered":"<p>Cl\u00ednica Dr. Diogo Pereira: Cuidados em Medicina do Trabalho A Cl\u00ednica Dr. Diogo Pereira, localizada no cora\u00e7\u00e3o de Maring\u00e1, PR, na Zona 29, \u00e9 especializada em Medicina do Trabalho, oferecendo um atendimento humanizado e de excel\u00eancia. Sob a responsabilidade do Dr. Diogo Pereira, um profissional com vasta experi\u00eancia e o CRM 41514-PR, a cl\u00ednica se [&hellip;]<\/p>\n","protected":false},"author":0,"featured_media":0,"comment_status":"open","ping_status":"open","sticky":false,"template":"","format":"standard","meta":{"_et_pb_use_builder":"o","_et_pb_old_content":"","_et_gb_content_width":"","footnotes":""},"categories":[1463,1492,2123],"tags":[],"class_list":["post-150029","post","type-post","status-publish","format-standard","hentry","category-medicina-do-trabalho","category-saude-auditiva","category-tratamento-de-dermatite"],"yoast_head":"<!-- This site is optimized with the Yoast SEO Premium plugin v21.3 (Yoast SEO v27.5) - https:\/\/yoast.com\/product\/yoast-seo-premium-wordpress\/ -->\n<title>Cl\u00ednica Dr. Diogo Pereira: Cuidados em Medicina do Trabalho - Conv\u00eanio Social<\/title>\n<meta name=\"robots\" content=\"index, follow, max-snippet:-1, max-image-preview:large, max-video-preview:-1\" \/>\n<link rel=\"canonical\" href=\"https:\/\/www.conveniosocial.com.br\/blog\/medicina-do-trabalho\/clinica-dr-diogo-pereira-cuidados-em-medicina-do-trabalho\/\" \/>\n<meta property=\"og:locale\" content=\"pt_BR\" \/>\n<meta property=\"og:type\" content=\"article\" \/>\n<meta property=\"og:title\" content=\"Cl\u00ednica Dr. Diogo Pereira: Cuidados em Medicina do Trabalho\" \/>\n<meta property=\"og:description\" content=\"Cl\u00ednica Dr. Diogo Pereira: Cuidados em Medicina do Trabalho A Cl\u00ednica Dr. Diogo Pereira, localizada no cora\u00e7\u00e3o de Maring\u00e1, PR, na Zona 29, \u00e9 especializada em Medicina do Trabalho, oferecendo um atendimento humanizado e de excel\u00eancia. Sob a responsabilidade do Dr. Diogo Pereira, um profissional com vasta experi\u00eancia e o CRM 41514-PR, a cl\u00ednica se [&hellip;]\" \/>\n<meta property=\"og:url\" content=\"https:\/\/www.conveniosocial.com.br\/blog\/medicina-do-trabalho\/clinica-dr-diogo-pereira-cuidados-em-medicina-do-trabalho\/\" \/>\n<meta property=\"og:site_name\" content=\"Conv\u00eanio Social\" \/>\n<meta property=\"article:published_time\" content=\"2026-01-22T12:00:22+00:00\" \/>\n<meta name=\"twitter:card\" content=\"summary_large_image\" \/>\n<meta name=\"twitter:label1\" content=\"Est. tempo de leitura\" \/>\n\t<meta name=\"twitter:data1\" content=\"3 minutos\" \/>\n<script type=\"application\/ld+json\" class=\"yoast-schema-graph\">{\"@context\":\"https:\\\/\\\/schema.org\",\"@graph\":[{\"@type\":\"Article\",\"@id\":\"https:\\\/\\\/www.conveniosocial.com.br\\\/blog\\\/medicina-do-trabalho\\\/clinica-dr-diogo-pereira-cuidados-em-medicina-do-trabalho\\\/#article\",\"isPartOf\":{\"@id\":\"https:\\\/\\\/www.conveniosocial.com.br\\\/blog\\\/medicina-do-trabalho\\\/clinica-dr-diogo-pereira-cuidados-em-medicina-do-trabalho\\\/\"},\"author\":{\"name\":\"\",\"@id\":\"\"},\"headline\":\"Cl\u00ednica Dr. Diogo Pereira: Cuidados em Medicina do Trabalho\",\"datePublished\":\"2026-01-22T12:00:22+00:00\",\"mainEntityOfPage\":{\"@id\":\"https:\\\/\\\/www.conveniosocial.com.br\\\/blog\\\/medicina-do-trabalho\\\/clinica-dr-diogo-pereira-cuidados-em-medicina-do-trabalho\\\/\"},\"wordCount\":679,\"commentCount\":0,\"publisher\":{\"@id\":\"https:\\\/\\\/www.conveniosocial.com.br\\\/blog\\\/#organization\"},\"articleSection\":[\"Medicina do Trabalho\",\"Sa\u00fade Auditiva\",\"Tratamento de Dermatite\"],\"inLanguage\":\"pt-BR\"},{\"@type\":\"WebPage\",\"@id\":\"https:\\\/\\\/www.conveniosocial.com.br\\\/blog\\\/medicina-do-trabalho\\\/clinica-dr-diogo-pereira-cuidados-em-medicina-do-trabalho\\\/\",\"url\":\"https:\\\/\\\/www.conveniosocial.com.br\\\/blog\\\/medicina-do-trabalho\\\/clinica-dr-diogo-pereira-cuidados-em-medicina-do-trabalho\\\/\",\"name\":\"Cl\u00ednica Dr. Diogo Pereira: Cuidados em Medicina do Trabalho - Conv\u00eanio Social\",\"isPartOf\":{\"@id\":\"https:\\\/\\\/www.conveniosocial.com.br\\\/blog\\\/#website\"},\"datePublished\":\"2026-01-22T12:00:22+00:00\",\"breadcrumb\":{\"@id\":\"https:\\\/\\\/www.conveniosocial.com.br\\\/blog\\\/medicina-do-trabalho\\\/clinica-dr-diogo-pereira-cuidados-em-medicina-do-trabalho\\\/#breadcrumb\"},\"inLanguage\":\"pt-BR\",\"potentialAction\":[{\"@type\":\"ReadAction\",\"target\":[\"https:\\\/\\\/www.conveniosocial.com.br\\\/blog\\\/medicina-do-trabalho\\\/clinica-dr-diogo-pereira-cuidados-em-medicina-do-trabalho\\\/\"]}]},{\"@type\":\"BreadcrumbList\",\"@id\":\"https:\\\/\\\/www.conveniosocial.com.br\\\/blog\\\/medicina-do-trabalho\\\/clinica-dr-diogo-pereira-cuidados-em-medicina-do-trabalho\\\/#breadcrumb\",\"itemListElement\":[{\"@type\":\"ListItem\",\"position\":1,\"name\":\"Home\",\"item\":\"https:\\\/\\\/www.conveniosocial.com.br\\\/blog\\\/\"},{\"@type\":\"ListItem\",\"position\":2,\"name\":\"Medicina do Trabalho\",\"item\":\"https:\\\/\\\/www.conveniosocial.com.br\\\/blog\\\/medicina-do-trabalho\\\/\"},{\"@type\":\"ListItem\",\"position\":3,\"name\":\"Cl\u00ednica Dr. Diogo Pereira: Cuidados em Medicina do Trabalho\"}]},{\"@type\":\"WebSite\",\"@id\":\"https:\\\/\\\/www.conveniosocial.com.br\\\/blog\\\/#website\",\"url\":\"https:\\\/\\\/www.conveniosocial.com.br\\\/blog\\\/\",\"name\":\"Conv\u00eanio Social\",\"description\":\"Informa\u00e7\u00f5es de Sa\u00fade e Bem-estar, Consultas e Exames Popular\",\"publisher\":{\"@id\":\"https:\\\/\\\/www.conveniosocial.com.br\\\/blog\\\/#organization\"},\"potentialAction\":[{\"@type\":\"SearchAction\",\"target\":{\"@type\":\"EntryPoint\",\"urlTemplate\":\"https:\\\/\\\/www.conveniosocial.com.br\\\/blog\\\/?s={search_term_string}\"},\"query-input\":{\"@type\":\"PropertyValueSpecification\",\"valueRequired\":true,\"valueName\":\"search_term_string\"}}],\"inLanguage\":\"pt-BR\"},{\"@type\":\"Organization\",\"@id\":\"https:\\\/\\\/www.conveniosocial.com.br\\\/blog\\\/#organization\",\"name\":\"Conv\u00eanio Social\",\"url\":\"https:\\\/\\\/www.conveniosocial.com.br\\\/blog\\\/\",\"logo\":{\"@type\":\"ImageObject\",\"inLanguage\":\"pt-BR\",\"@id\":\"https:\\\/\\\/www.conveniosocial.com.br\\\/blog\\\/#\\\/schema\\\/logo\\\/image\\\/\",\"url\":\"https:\\\/\\\/www.conveniosocial.com.br\\\/blog\\\/wp-content\\\/uploads\\\/2021\\\/11\\\/novo_logo-convenio-socia-digital.png\",\"contentUrl\":\"https:\\\/\\\/www.conveniosocial.com.br\\\/blog\\\/wp-content\\\/uploads\\\/2021\\\/11\\\/novo_logo-convenio-socia-digital.png\",\"width\":400,\"height\":102,\"caption\":\"Conv\u00eanio Social\"},\"image\":{\"@id\":\"https:\\\/\\\/www.conveniosocial.com.br\\\/blog\\\/#\\\/schema\\\/logo\\\/image\\\/\"}}]}<\/script>\n<!-- \/ Yoast SEO Premium plugin. -->","yoast_head_json":{"title":"Cl\u00ednica Dr. Diogo Pereira: Cuidados em Medicina do Trabalho - Conv\u00eanio Social","robots":{"index":"index","follow":"follow","max-snippet":"max-snippet:-1","max-image-preview":"max-image-preview:large","max-video-preview":"max-video-preview:-1"},"canonical":"https:\/\/www.conveniosocial.com.br\/blog\/medicina-do-trabalho\/clinica-dr-diogo-pereira-cuidados-em-medicina-do-trabalho\/","og_locale":"pt_BR","og_type":"article","og_title":"Cl\u00ednica Dr. Diogo Pereira: Cuidados em Medicina do Trabalho","og_description":"Cl\u00ednica Dr. Diogo Pereira: Cuidados em Medicina do Trabalho A Cl\u00ednica Dr. Diogo Pereira, localizada no cora\u00e7\u00e3o de Maring\u00e1, PR, na Zona 29, \u00e9 especializada em Medicina do Trabalho, oferecendo um atendimento humanizado e de excel\u00eancia. Sob a responsabilidade do Dr. Diogo Pereira, um profissional com vasta experi\u00eancia e o CRM 41514-PR, a cl\u00ednica se [&hellip;]","og_url":"https:\/\/www.conveniosocial.com.br\/blog\/medicina-do-trabalho\/clinica-dr-diogo-pereira-cuidados-em-medicina-do-trabalho\/","og_site_name":"Conv\u00eanio Social","article_published_time":"2026-01-22T12:00:22+00:00","twitter_card":"summary_large_image","twitter_misc":{"Est. tempo de leitura":"3 minutos"},"schema":{"@context":"https:\/\/schema.org","@graph":[{"@type":"Article","@id":"https:\/\/www.conveniosocial.com.br\/blog\/medicina-do-trabalho\/clinica-dr-diogo-pereira-cuidados-em-medicina-do-trabalho\/#article","isPartOf":{"@id":"https:\/\/www.conveniosocial.com.br\/blog\/medicina-do-trabalho\/clinica-dr-diogo-pereira-cuidados-em-medicina-do-trabalho\/"},"author":{"name":"","@id":""},"headline":"Cl\u00ednica Dr. Diogo Pereira: Cuidados em Medicina do Trabalho","datePublished":"2026-01-22T12:00:22+00:00","mainEntityOfPage":{"@id":"https:\/\/www.conveniosocial.com.br\/blog\/medicina-do-trabalho\/clinica-dr-diogo-pereira-cuidados-em-medicina-do-trabalho\/"},"wordCount":679,"commentCount":0,"publisher":{"@id":"https:\/\/www.conveniosocial.com.br\/blog\/#organization"},"articleSection":["Medicina do Trabalho","Sa\u00fade Auditiva","Tratamento de Dermatite"],"inLanguage":"pt-BR"},{"@type":"WebPage","@id":"https:\/\/www.conveniosocial.com.br\/blog\/medicina-do-trabalho\/clinica-dr-diogo-pereira-cuidados-em-medicina-do-trabalho\/","url":"https:\/\/www.conveniosocial.com.br\/blog\/medicina-do-trabalho\/clinica-dr-diogo-pereira-cuidados-em-medicina-do-trabalho\/","name":"Cl\u00ednica Dr. Diogo Pereira: Cuidados em Medicina do Trabalho - Conv\u00eanio Social","isPartOf":{"@id":"https:\/\/www.conveniosocial.com.br\/blog\/#website"},"datePublished":"2026-01-22T12:00:22+00:00","breadcrumb":{"@id":"https:\/\/www.conveniosocial.com.br\/blog\/medicina-do-trabalho\/clinica-dr-diogo-pereira-cuidados-em-medicina-do-trabalho\/#breadcrumb"},"inLanguage":"pt-BR","potentialAction":[{"@type":"ReadAction","target":["https:\/\/www.conveniosocial.com.br\/blog\/medicina-do-trabalho\/clinica-dr-diogo-pereira-cuidados-em-medicina-do-trabalho\/"]}]},{"@type":"BreadcrumbList","@id":"https:\/\/www.conveniosocial.com.br\/blog\/medicina-do-trabalho\/clinica-dr-diogo-pereira-cuidados-em-medicina-do-trabalho\/#breadcrumb","itemListElement":[{"@type":"ListItem","position":1,"name":"Home","item":"https:\/\/www.conveniosocial.com.br\/blog\/"},{"@type":"ListItem","position":2,"name":"Medicina do Trabalho","item":"https:\/\/www.conveniosocial.com.br\/blog\/medicina-do-trabalho\/"},{"@type":"ListItem","position":3,"name":"Cl\u00ednica Dr. Diogo Pereira: Cuidados em Medicina do Trabalho"}]},{"@type":"WebSite","@id":"https:\/\/www.conveniosocial.com.br\/blog\/#website","url":"https:\/\/www.conveniosocial.com.br\/blog\/","name":"Conv\u00eanio Social","description":"Informa\u00e7\u00f5es de Sa\u00fade e Bem-estar, Consultas e Exames Popular","publisher":{"@id":"https:\/\/www.conveniosocial.com.br\/blog\/#organization"},"potentialAction":[{"@type":"SearchAction","target":{"@type":"EntryPoint","urlTemplate":"https:\/\/www.conveniosocial.com.br\/blog\/?s={search_term_string}"},"query-input":{"@type":"PropertyValueSpecification","valueRequired":true,"valueName":"search_term_string"}}],"inLanguage":"pt-BR"},{"@type":"Organization","@id":"https:\/\/www.conveniosocial.com.br\/blog\/#organization","name":"Conv\u00eanio Social","url":"https:\/\/www.conveniosocial.com.br\/blog\/","logo":{"@type":"ImageObject","inLanguage":"pt-BR","@id":"https:\/\/www.conveniosocial.com.br\/blog\/#\/schema\/logo\/image\/","url":"https:\/\/www.conveniosocial.com.br\/blog\/wp-content\/uploads\/2021\/11\/novo_logo-convenio-socia-digital.png","contentUrl":"https:\/\/www.conveniosocial.com.br\/blog\/wp-content\/uploads\/2021\/11\/novo_logo-convenio-socia-digital.png","width":400,"height":102,"caption":"Conv\u00eanio Social"},"image":{"@id":"https:\/\/www.conveniosocial.com.br\/blog\/#\/schema\/logo\/image\/"}}]}},"_links":{"self":[{"href":"https:\/\/www.conveniosocial.com.br\/blog\/wp-json\/wp\/v2\/posts\/150029","targetHints":{"allow":["GET"]}}],"collection":[{"href":"https:\/\/www.conveniosocial.com.br\/blog\/wp-json\/wp\/v2\/posts"}],"about":[{"href":"https:\/\/www.conveniosocial.com.br\/blog\/wp-json\/wp\/v2\/types\/post"}],"replies":[{"embeddable":true,"href":"https:\/\/www.conveniosocial.com.br\/blog\/wp-json\/wp\/v2\/comments?post=150029"}],"version-history":[{"count":0,"href":"https:\/\/www.conveniosocial.com.br\/blog\/wp-json\/wp\/v2\/posts\/150029\/revisions"}],"wp:attachment":[{"href":"https:\/\/www.conveniosocial.com.br\/blog\/wp-json\/wp\/v2\/media?parent=150029"}],"wp:term":[{"taxonomy":"category","embeddable":true,"href":"https:\/\/www.conveniosocial.com.br\/blog\/wp-json\/wp\/v2\/categories?post=150029"},{"taxonomy":"post_tag","embeddable":true,"href":"https:\/\/www.conveniosocial.com.br\/blog\/wp-json\/wp\/v2\/tags?post=150029"}],"curies":[{"name":"wp","href":"https:\/\/api.w.org\/{rel}","templated":true}]}}