{"id":150135,"date":"2026-01-24T09:00:22","date_gmt":"2026-01-24T12:00:22","guid":{"rendered":"https:\/\/www.conveniosocial.com.br\/blog\/nehuma\/doutora-thay-estetica-e-odontologia-em-osasco\/"},"modified":"2026-01-24T09:00:22","modified_gmt":"2026-01-24T12:00:22","slug":"doutora-thay-estetica-e-odontologia-em-osasco","status":"publish","type":"post","link":"https:\/\/www.conveniosocial.com.br\/blog\/odontologia-estetica-odontologia\/doutora-thay-estetica-e-odontologia-em-osasco\/","title":{"rendered":"Doutora Thay: Est\u00e9tica e Odontologia em Osasco"},"content":{"rendered":"<div id=\"ez-toc-container\" class=\"ez-toc-v2_0_82_2 counter-flat ez-toc-counter ez-toc-white ez-toc-container-direction\">\n<p class=\"ez-toc-title\" style=\"cursor:inherit\">\u00cdndice do Conte\u00fado<\/p>\n<label for=\"ez-toc-cssicon-toggle-item-69f2bb959e135\" class=\"ez-toc-cssicon-toggle-label\"><span class=\"ez-toc-cssicon\"><span class=\"eztoc-hide\" style=\"display:none;\">Toggle<\/span><span class=\"ez-toc-icon-toggle-span\"><svg style=\"fill: #999;color:#999\" xmlns=\"http:\/\/www.w3.org\/2000\/svg\" class=\"list-377408\" width=\"20px\" height=\"20px\" viewBox=\"0 0 24 24\" fill=\"none\"><path d=\"M6 6H4v2h2V6zm14 0H8v2h12V6zM4 11h2v2H4v-2zm16 0H8v2h12v-2zM4 16h2v2H4v-2zm16 0H8v2h12v-2z\" fill=\"currentColor\"><\/path><\/svg><svg style=\"fill: #999;color:#999\" class=\"arrow-unsorted-368013\" xmlns=\"http:\/\/www.w3.org\/2000\/svg\" width=\"10px\" height=\"10px\" viewBox=\"0 0 24 24\" version=\"1.2\" baseProfile=\"tiny\"><path d=\"M18.2 9.3l-6.2-6.3-6.2 6.3c-.2.2-.3.4-.3.7s.1.5.3.7c.2.2.4.3.7.3h11c.3 0 .5-.1.7-.3.2-.2.3-.5.3-.7s-.1-.5-.3-.7zM5.8 14.7l6.2 6.3 6.2-6.3c.2-.2.3-.5.3-.7s-.1-.5-.3-.7c-.2-.2-.4-.3-.7-.3h-11c-.3 0-.5.1-.7.3-.2.2-.3.5-.3.7s.1.5.3.7z\"\/><\/svg><\/span><\/span><\/label><input type=\"checkbox\"  id=\"ez-toc-cssicon-toggle-item-69f2bb959e135\" checked aria-label=\"Alternar\" \/><nav><ul class='ez-toc-list ez-toc-list-level-1 ' ><li class='ez-toc-page-1'><a class=\"ez-toc-link ez-toc-heading-1\" href=\"https:\/\/www.conveniosocial.com.br\/blog\/odontologia-estetica-odontologia\/doutora-thay-estetica-e-odontologia-em-osasco\/#Doutora_Thay_Estetica_e_Odontologia_em_Osasco\" >Doutora Thay: Est\u00e9tica e Odontologia em Osasco<\/a><\/li><li class='ez-toc-page-1'><a class=\"ez-toc-link ez-toc-heading-2\" href=\"https:\/\/www.conveniosocial.com.br\/blog\/odontologia-estetica-odontologia\/doutora-thay-estetica-e-odontologia-em-osasco\/#Perguntas_Frequentes\" >Perguntas Frequentes<\/a><\/li><li class='ez-toc-page-1'><a class=\"ez-toc-link ez-toc-heading-3\" href=\"https:\/\/www.conveniosocial.com.br\/blog\/odontologia-estetica-odontologia\/doutora-thay-estetica-e-odontologia-em-osasco\/#Contato\" >Contato<\/a><\/li><\/ul><\/nav><\/div>\n<h2><span class=\"ez-toc-section\" id=\"Doutora_Thay_Estetica_e_Odontologia_em_Osasco\"><\/span>Doutora Thay: Est\u00e9tica e Odontologia em Osasco<span class=\"ez-toc-section-end\"><\/span><\/h2>\n<p>A Doutora Thay Est\u00e9tica e Odontologia LTDA \u00e9 uma cl\u00ednica localizada no bairro Vila Yara, em Osasco, SP, que se destaca por oferecer um atendimento humanizado e de qualidade em diversas especialidades odontol\u00f3gicas. Sob a responsabilidade t\u00e9cnica da Dra. Thayneibson Brunelle Oliveira Fernandes, a cl\u00ednica tem como miss\u00e3o proporcionar aos pacientes um sorriso saud\u00e1vel e bonito, utilizando t\u00e9cnicas modernas e seguras. <\/p>\n<p>Com um hor\u00e1rio de funcionamento de segunda a sexta-feira, das 09h \u00e0s 19h, a cl\u00ednica est\u00e1 estrategicamente situada, o que facilita o acesso tanto para os moradores da Vila Yara quanto para aqueles que v\u00eam de bairros pr\u00f3ximos, como o Centro de Osasco e Jaguare. Esse acesso facilitado, aliado a um ambiente acolhedor, torna a experi\u00eancia do paciente muito mais agrad\u00e1vel. <\/p>\n<p>Entre as especialidades oferecidas, destacam-se o clareamento dental, extra\u00e7\u00e3o de sisos, bichectomia, limpeza profil\u00e1tica, toxina botul\u00ednica, gengivectomia\/plastia, lentes de contato, preenchimento e implantes. Cada um desses procedimentos \u00e9 realizado com a m\u00e1xima compet\u00eancia e cuidado, garantindo resultados satisfat\u00f3rios e a seguran\u00e7a dos pacientes. <\/p>\n<p>A cl\u00ednica investe em tecnologia e inova\u00e7\u00e3o, o que permite a realiza\u00e7\u00e3o dos tratamentos de forma eficaz e com um m\u00ednimo de desconforto. Al\u00e9m disso, a Dra. Thay e sua equipe est\u00e3o sempre atualizadas nas melhores pr\u00e1ticas do mercado, buscando oferecer o que h\u00e1 de mais moderno em odontologia est\u00e9tica e convencional. <\/p>\n<p>Os pacientes podem contar com uma abordagem personalizada, onde cada tratamento \u00e9 adaptado \u00e0s necessidades individuais, levando em considera\u00e7\u00e3o a sa\u00fade bucal e as expectativas est\u00e9ticas de cada um. Para isso, a cl\u00ednica realiza uma avalia\u00e7\u00e3o detalhada, proporcionando um plano de tratamento que atende \u00e0s expectativas e necessidades de cada paciente. <\/p>\n<p>Infelizmente, informa\u00e7\u00f5es sobre conv\u00eanios e exames n\u00e3o foram fornecidas, mas a Doutora Thay est\u00e1 dispon\u00edvel para esclarecer d\u00favidas e fornecer orienta\u00e7\u00f5es sobre formas de pagamento. A comunica\u00e7\u00e3o \u00e9 uma prioridade, e a cl\u00ednica est\u00e1 sempre pronta para ouvir e atender as demandas dos pacientes. <\/p>\n<p>Para mais informa\u00e7\u00f5es, entre em contato com a Doutora Thay Est\u00e9tica e Odontologia LTDA e agende sua consulta. O cuidado com a sua sa\u00fade bucal e est\u00e9tica come\u00e7a aqui. N\u00e3o espere mais para ter o sorriso dos seus sonhos! Visite-nos e descubra como podemos ajudar voc\u00ea a conquistar um sorriso mais bonito e saud\u00e1vel.<\/p>\n<h3><span class=\"ez-toc-section\" id=\"Perguntas_Frequentes\"><\/span>Perguntas Frequentes<span class=\"ez-toc-section-end\"><\/span><\/h3>\n<p>P: Quais tratamentos est\u00e9ticos voc\u00eas oferecem?<br \/>\nR: Oferecemos clareamento dental, bichectomia, preenchimento e toxina botul\u00ednica.<\/p>\n<p>P: A cl\u00ednica realiza extra\u00e7\u00e3o de dentes?<br \/>\nR: Sim, realizamos extra\u00e7\u00f5es de sisos e outros dentes quando necess\u00e1rio.<\/p>\n<p>P: Como posso agendar uma consulta?<br \/>\nR: Voc\u00ea pode entrar em contato conosco pelo telefone ou visitar nossa cl\u00ednica.<\/p>\n<p>P: Qual \u00e9 o hor\u00e1rio de funcionamento da cl\u00ednica?<br \/>\nR: Estamos abertos de segunda a sexta-feira, das 09h \u00e0s 19h.<\/p>\n<p>P: A cl\u00ednica atende planos de sa\u00fade?<br \/>\nR: N\u00e3o temos informa\u00e7\u00f5es sobre conv\u00eanios, mas entre em contato para mais detalhes.<\/p>\n<p>P: Quais s\u00e3o as localiza\u00e7\u00f5es pr\u00f3ximas \u00e0 cl\u00ednica?<br \/>\nR: Estamos localizados na Vila Yara, perto do Centro de Osasco e Jaguare.<\/p>\n<p>P: Voc\u00eas oferecem algum tipo de promo\u00e7\u00e3o?<br \/>\nR: Para saber sobre promo\u00e7\u00f5es, entre em contato e pergunte sobre as ofertas dispon\u00edveis.<\/p>\n<p>P: O que \u00e9 bichectomia e como \u00e9 feita?<br \/>\nR: A bichectomia \u00e9 um procedimento que remove a gordura das bochechas, e \u00e9 feito com seguran\u00e7a em nossa cl\u00ednica.<\/p>\n<p>P: Quais cuidados devo ter ap\u00f3s um procedimento odontol\u00f3gico?<br \/>\nR: Os cuidados variam conforme o procedimento, mas nossa equipe sempre orienta sobre os cuidados p\u00f3s-tratamento.<\/p>\n<p>P: A Dra. Thay possui alguma especializa\u00e7\u00e3o?<br \/>\nR: Sim, a Dra. Thay \u00e9 especialista em odontologia est\u00e9tica e tem vasta experi\u00eancia na \u00e1rea.<\/p>\n<h3><span class=\"ez-toc-section\" id=\"Contato\"><\/span>Contato<span class=\"ez-toc-section-end\"><\/span><\/h3>\n<p><strong>Tel.:  | <\/strong><br \/>\n<strong>WhatsApp: &#8211; <\/strong><\/p>\n","protected":false},"excerpt":{"rendered":"<p>Doutora Thay: Est\u00e9tica e Odontologia em Osasco A Doutora Thay Est\u00e9tica e Odontologia LTDA \u00e9 uma cl\u00ednica localizada no bairro Vila Yara, em Osasco, SP, que se destaca por oferecer um atendimento humanizado e de qualidade em diversas especialidades odontol\u00f3gicas. Sob a responsabilidade t\u00e9cnica da Dra. Thayneibson Brunelle Oliveira Fernandes, a cl\u00ednica tem como miss\u00e3o [&hellip;]<\/p>\n","protected":false},"author":0,"featured_media":0,"comment_status":"open","ping_status":"open","sticky":false,"template":"","format":"standard","meta":{"_et_pb_use_builder":"o","_et_pb_old_content":"","_et_gb_content_width":"","footnotes":""},"categories":[716,2139,918],"tags":[],"class_list":["post-150135","post","type-post","status-publish","format-standard","hentry","category-odontologia-estetica-odontologia","category-procedimentos-odontologicos","category-saude-bucal"],"yoast_head":"<!-- This site is optimized with the Yoast SEO Premium plugin v21.3 (Yoast SEO v27.5) - https:\/\/yoast.com\/product\/yoast-seo-premium-wordpress\/ -->\n<title>Doutora Thay: Est\u00e9tica e Odontologia em Osasco - Conv\u00eanio Social<\/title>\n<meta name=\"robots\" content=\"index, follow, max-snippet:-1, max-image-preview:large, max-video-preview:-1\" \/>\n<link rel=\"canonical\" href=\"https:\/\/www.conveniosocial.com.br\/blog\/odontologia-estetica-odontologia\/doutora-thay-estetica-e-odontologia-em-osasco\/\" \/>\n<meta property=\"og:locale\" content=\"pt_BR\" \/>\n<meta property=\"og:type\" content=\"article\" \/>\n<meta property=\"og:title\" content=\"Doutora Thay: Est\u00e9tica e Odontologia em Osasco\" \/>\n<meta property=\"og:description\" content=\"Doutora Thay: Est\u00e9tica e Odontologia em Osasco A Doutora Thay Est\u00e9tica e Odontologia LTDA \u00e9 uma cl\u00ednica localizada no bairro Vila Yara, em Osasco, SP, que se destaca por oferecer um atendimento humanizado e de qualidade em diversas especialidades odontol\u00f3gicas. Sob a responsabilidade t\u00e9cnica da Dra. Thayneibson Brunelle Oliveira Fernandes, a cl\u00ednica tem como miss\u00e3o [&hellip;]\" \/>\n<meta property=\"og:url\" content=\"https:\/\/www.conveniosocial.com.br\/blog\/odontologia-estetica-odontologia\/doutora-thay-estetica-e-odontologia-em-osasco\/\" \/>\n<meta property=\"og:site_name\" content=\"Conv\u00eanio Social\" \/>\n<meta property=\"article:published_time\" content=\"2026-01-24T12:00:22+00:00\" \/>\n<meta name=\"twitter:card\" content=\"summary_large_image\" \/>\n<meta name=\"twitter:label1\" content=\"Est. tempo de leitura\" \/>\n\t<meta name=\"twitter:data1\" content=\"3 minutos\" \/>\n<script type=\"application\/ld+json\" class=\"yoast-schema-graph\">{\"@context\":\"https:\\\/\\\/schema.org\",\"@graph\":[{\"@type\":\"Article\",\"@id\":\"https:\\\/\\\/www.conveniosocial.com.br\\\/blog\\\/odontologia-estetica-odontologia\\\/doutora-thay-estetica-e-odontologia-em-osasco\\\/#article\",\"isPartOf\":{\"@id\":\"https:\\\/\\\/www.conveniosocial.com.br\\\/blog\\\/odontologia-estetica-odontologia\\\/doutora-thay-estetica-e-odontologia-em-osasco\\\/\"},\"author\":{\"name\":\"\",\"@id\":\"\"},\"headline\":\"Doutora Thay: Est\u00e9tica e Odontologia em Osasco\",\"datePublished\":\"2026-01-24T12:00:22+00:00\",\"mainEntityOfPage\":{\"@id\":\"https:\\\/\\\/www.conveniosocial.com.br\\\/blog\\\/odontologia-estetica-odontologia\\\/doutora-thay-estetica-e-odontologia-em-osasco\\\/\"},\"wordCount\":668,\"commentCount\":0,\"publisher\":{\"@id\":\"https:\\\/\\\/www.conveniosocial.com.br\\\/blog\\\/#organization\"},\"articleSection\":[\"Odontologia Est\u00e9tica\",\"Procedimentos Odontol\u00f3gicos\",\"Sa\u00fade Bucal\"],\"inLanguage\":\"pt-BR\"},{\"@type\":\"WebPage\",\"@id\":\"https:\\\/\\\/www.conveniosocial.com.br\\\/blog\\\/odontologia-estetica-odontologia\\\/doutora-thay-estetica-e-odontologia-em-osasco\\\/\",\"url\":\"https:\\\/\\\/www.conveniosocial.com.br\\\/blog\\\/odontologia-estetica-odontologia\\\/doutora-thay-estetica-e-odontologia-em-osasco\\\/\",\"name\":\"Doutora Thay: Est\u00e9tica e Odontologia em Osasco - Conv\u00eanio Social\",\"isPartOf\":{\"@id\":\"https:\\\/\\\/www.conveniosocial.com.br\\\/blog\\\/#website\"},\"datePublished\":\"2026-01-24T12:00:22+00:00\",\"breadcrumb\":{\"@id\":\"https:\\\/\\\/www.conveniosocial.com.br\\\/blog\\\/odontologia-estetica-odontologia\\\/doutora-thay-estetica-e-odontologia-em-osasco\\\/#breadcrumb\"},\"inLanguage\":\"pt-BR\",\"potentialAction\":[{\"@type\":\"ReadAction\",\"target\":[\"https:\\\/\\\/www.conveniosocial.com.br\\\/blog\\\/odontologia-estetica-odontologia\\\/doutora-thay-estetica-e-odontologia-em-osasco\\\/\"]}]},{\"@type\":\"BreadcrumbList\",\"@id\":\"https:\\\/\\\/www.conveniosocial.com.br\\\/blog\\\/odontologia-estetica-odontologia\\\/doutora-thay-estetica-e-odontologia-em-osasco\\\/#breadcrumb\",\"itemListElement\":[{\"@type\":\"ListItem\",\"position\":1,\"name\":\"Home\",\"item\":\"https:\\\/\\\/www.conveniosocial.com.br\\\/blog\\\/\"},{\"@type\":\"ListItem\",\"position\":2,\"name\":\"Odontologia Est\u00e9tica\",\"item\":\"https:\\\/\\\/www.conveniosocial.com.br\\\/blog\\\/odontologia-estetica-odontologia\\\/\"},{\"@type\":\"ListItem\",\"position\":3,\"name\":\"Doutora Thay: Est\u00e9tica e Odontologia em Osasco\"}]},{\"@type\":\"WebSite\",\"@id\":\"https:\\\/\\\/www.conveniosocial.com.br\\\/blog\\\/#website\",\"url\":\"https:\\\/\\\/www.conveniosocial.com.br\\\/blog\\\/\",\"name\":\"Conv\u00eanio Social\",\"description\":\"Informa\u00e7\u00f5es de Sa\u00fade e Bem-estar, Consultas e Exames Popular\",\"publisher\":{\"@id\":\"https:\\\/\\\/www.conveniosocial.com.br\\\/blog\\\/#organization\"},\"potentialAction\":[{\"@type\":\"SearchAction\",\"target\":{\"@type\":\"EntryPoint\",\"urlTemplate\":\"https:\\\/\\\/www.conveniosocial.com.br\\\/blog\\\/?s={search_term_string}\"},\"query-input\":{\"@type\":\"PropertyValueSpecification\",\"valueRequired\":true,\"valueName\":\"search_term_string\"}}],\"inLanguage\":\"pt-BR\"},{\"@type\":\"Organization\",\"@id\":\"https:\\\/\\\/www.conveniosocial.com.br\\\/blog\\\/#organization\",\"name\":\"Conv\u00eanio Social\",\"url\":\"https:\\\/\\\/www.conveniosocial.com.br\\\/blog\\\/\",\"logo\":{\"@type\":\"ImageObject\",\"inLanguage\":\"pt-BR\",\"@id\":\"https:\\\/\\\/www.conveniosocial.com.br\\\/blog\\\/#\\\/schema\\\/logo\\\/image\\\/\",\"url\":\"https:\\\/\\\/www.conveniosocial.com.br\\\/blog\\\/wp-content\\\/uploads\\\/2021\\\/11\\\/novo_logo-convenio-socia-digital.png\",\"contentUrl\":\"https:\\\/\\\/www.conveniosocial.com.br\\\/blog\\\/wp-content\\\/uploads\\\/2021\\\/11\\\/novo_logo-convenio-socia-digital.png\",\"width\":400,\"height\":102,\"caption\":\"Conv\u00eanio Social\"},\"image\":{\"@id\":\"https:\\\/\\\/www.conveniosocial.com.br\\\/blog\\\/#\\\/schema\\\/logo\\\/image\\\/\"}}]}<\/script>\n<!-- \/ Yoast SEO Premium plugin. -->","yoast_head_json":{"title":"Doutora Thay: Est\u00e9tica e Odontologia em Osasco - Conv\u00eanio Social","robots":{"index":"index","follow":"follow","max-snippet":"max-snippet:-1","max-image-preview":"max-image-preview:large","max-video-preview":"max-video-preview:-1"},"canonical":"https:\/\/www.conveniosocial.com.br\/blog\/odontologia-estetica-odontologia\/doutora-thay-estetica-e-odontologia-em-osasco\/","og_locale":"pt_BR","og_type":"article","og_title":"Doutora Thay: Est\u00e9tica e Odontologia em Osasco","og_description":"Doutora Thay: Est\u00e9tica e Odontologia em Osasco A Doutora Thay Est\u00e9tica e Odontologia LTDA \u00e9 uma cl\u00ednica localizada no bairro Vila Yara, em Osasco, SP, que se destaca por oferecer um atendimento humanizado e de qualidade em diversas especialidades odontol\u00f3gicas. Sob a responsabilidade t\u00e9cnica da Dra. Thayneibson Brunelle Oliveira Fernandes, a cl\u00ednica tem como miss\u00e3o [&hellip;]","og_url":"https:\/\/www.conveniosocial.com.br\/blog\/odontologia-estetica-odontologia\/doutora-thay-estetica-e-odontologia-em-osasco\/","og_site_name":"Conv\u00eanio Social","article_published_time":"2026-01-24T12:00:22+00:00","twitter_card":"summary_large_image","twitter_misc":{"Est. tempo de leitura":"3 minutos"},"schema":{"@context":"https:\/\/schema.org","@graph":[{"@type":"Article","@id":"https:\/\/www.conveniosocial.com.br\/blog\/odontologia-estetica-odontologia\/doutora-thay-estetica-e-odontologia-em-osasco\/#article","isPartOf":{"@id":"https:\/\/www.conveniosocial.com.br\/blog\/odontologia-estetica-odontologia\/doutora-thay-estetica-e-odontologia-em-osasco\/"},"author":{"name":"","@id":""},"headline":"Doutora Thay: Est\u00e9tica e Odontologia em Osasco","datePublished":"2026-01-24T12:00:22+00:00","mainEntityOfPage":{"@id":"https:\/\/www.conveniosocial.com.br\/blog\/odontologia-estetica-odontologia\/doutora-thay-estetica-e-odontologia-em-osasco\/"},"wordCount":668,"commentCount":0,"publisher":{"@id":"https:\/\/www.conveniosocial.com.br\/blog\/#organization"},"articleSection":["Odontologia Est\u00e9tica","Procedimentos Odontol\u00f3gicos","Sa\u00fade Bucal"],"inLanguage":"pt-BR"},{"@type":"WebPage","@id":"https:\/\/www.conveniosocial.com.br\/blog\/odontologia-estetica-odontologia\/doutora-thay-estetica-e-odontologia-em-osasco\/","url":"https:\/\/www.conveniosocial.com.br\/blog\/odontologia-estetica-odontologia\/doutora-thay-estetica-e-odontologia-em-osasco\/","name":"Doutora Thay: Est\u00e9tica e Odontologia em Osasco - Conv\u00eanio Social","isPartOf":{"@id":"https:\/\/www.conveniosocial.com.br\/blog\/#website"},"datePublished":"2026-01-24T12:00:22+00:00","breadcrumb":{"@id":"https:\/\/www.conveniosocial.com.br\/blog\/odontologia-estetica-odontologia\/doutora-thay-estetica-e-odontologia-em-osasco\/#breadcrumb"},"inLanguage":"pt-BR","potentialAction":[{"@type":"ReadAction","target":["https:\/\/www.conveniosocial.com.br\/blog\/odontologia-estetica-odontologia\/doutora-thay-estetica-e-odontologia-em-osasco\/"]}]},{"@type":"BreadcrumbList","@id":"https:\/\/www.conveniosocial.com.br\/blog\/odontologia-estetica-odontologia\/doutora-thay-estetica-e-odontologia-em-osasco\/#breadcrumb","itemListElement":[{"@type":"ListItem","position":1,"name":"Home","item":"https:\/\/www.conveniosocial.com.br\/blog\/"},{"@type":"ListItem","position":2,"name":"Odontologia Est\u00e9tica","item":"https:\/\/www.conveniosocial.com.br\/blog\/odontologia-estetica-odontologia\/"},{"@type":"ListItem","position":3,"name":"Doutora Thay: Est\u00e9tica e Odontologia em Osasco"}]},{"@type":"WebSite","@id":"https:\/\/www.conveniosocial.com.br\/blog\/#website","url":"https:\/\/www.conveniosocial.com.br\/blog\/","name":"Conv\u00eanio Social","description":"Informa\u00e7\u00f5es de Sa\u00fade e Bem-estar, Consultas e Exames Popular","publisher":{"@id":"https:\/\/www.conveniosocial.com.br\/blog\/#organization"},"potentialAction":[{"@type":"SearchAction","target":{"@type":"EntryPoint","urlTemplate":"https:\/\/www.conveniosocial.com.br\/blog\/?s={search_term_string}"},"query-input":{"@type":"PropertyValueSpecification","valueRequired":true,"valueName":"search_term_string"}}],"inLanguage":"pt-BR"},{"@type":"Organization","@id":"https:\/\/www.conveniosocial.com.br\/blog\/#organization","name":"Conv\u00eanio Social","url":"https:\/\/www.conveniosocial.com.br\/blog\/","logo":{"@type":"ImageObject","inLanguage":"pt-BR","@id":"https:\/\/www.conveniosocial.com.br\/blog\/#\/schema\/logo\/image\/","url":"https:\/\/www.conveniosocial.com.br\/blog\/wp-content\/uploads\/2021\/11\/novo_logo-convenio-socia-digital.png","contentUrl":"https:\/\/www.conveniosocial.com.br\/blog\/wp-content\/uploads\/2021\/11\/novo_logo-convenio-socia-digital.png","width":400,"height":102,"caption":"Conv\u00eanio Social"},"image":{"@id":"https:\/\/www.conveniosocial.com.br\/blog\/#\/schema\/logo\/image\/"}}]}},"_links":{"self":[{"href":"https:\/\/www.conveniosocial.com.br\/blog\/wp-json\/wp\/v2\/posts\/150135","targetHints":{"allow":["GET"]}}],"collection":[{"href":"https:\/\/www.conveniosocial.com.br\/blog\/wp-json\/wp\/v2\/posts"}],"about":[{"href":"https:\/\/www.conveniosocial.com.br\/blog\/wp-json\/wp\/v2\/types\/post"}],"replies":[{"embeddable":true,"href":"https:\/\/www.conveniosocial.com.br\/blog\/wp-json\/wp\/v2\/comments?post=150135"}],"version-history":[{"count":0,"href":"https:\/\/www.conveniosocial.com.br\/blog\/wp-json\/wp\/v2\/posts\/150135\/revisions"}],"wp:attachment":[{"href":"https:\/\/www.conveniosocial.com.br\/blog\/wp-json\/wp\/v2\/media?parent=150135"}],"wp:term":[{"taxonomy":"category","embeddable":true,"href":"https:\/\/www.conveniosocial.com.br\/blog\/wp-json\/wp\/v2\/categories?post=150135"},{"taxonomy":"post_tag","embeddable":true,"href":"https:\/\/www.conveniosocial.com.br\/blog\/wp-json\/wp\/v2\/tags?post=150135"}],"curies":[{"name":"wp","href":"https:\/\/api.w.org\/{rel}","templated":true}]}}