{"id":150179,"date":"2026-01-24T09:00:26","date_gmt":"2026-01-24T12:00:26","guid":{"rendered":"https:\/\/www.conveniosocial.com.br\/blog\/nehuma\/clinica-de-estetica-suellen-santos-em-duque-de-caxias\/"},"modified":"2026-01-24T09:00:26","modified_gmt":"2026-01-24T12:00:26","slug":"clinica-de-estetica-suellen-santos-em-duque-de-caxias","status":"publish","type":"post","link":"https:\/\/www.conveniosocial.com.br\/blog\/estetica\/clinica-de-estetica-suellen-santos-em-duque-de-caxias\/","title":{"rendered":"Cl\u00ednica de Est\u00e9tica Suellen Santos em Duque de Caxias"},"content":{"rendered":"<div id=\"ez-toc-container\" class=\"ez-toc-v2_0_82_2 counter-flat ez-toc-counter ez-toc-white ez-toc-container-direction\">\n<p class=\"ez-toc-title\" style=\"cursor:inherit\">\u00cdndice do Conte\u00fado<\/p>\n<label for=\"ez-toc-cssicon-toggle-item-69f1d4a1cc48d\" class=\"ez-toc-cssicon-toggle-label\"><span class=\"ez-toc-cssicon\"><span class=\"eztoc-hide\" style=\"display:none;\">Toggle<\/span><span class=\"ez-toc-icon-toggle-span\"><svg style=\"fill: #999;color:#999\" xmlns=\"http:\/\/www.w3.org\/2000\/svg\" class=\"list-377408\" width=\"20px\" height=\"20px\" viewBox=\"0 0 24 24\" fill=\"none\"><path d=\"M6 6H4v2h2V6zm14 0H8v2h12V6zM4 11h2v2H4v-2zm16 0H8v2h12v-2zM4 16h2v2H4v-2zm16 0H8v2h12v-2z\" fill=\"currentColor\"><\/path><\/svg><svg style=\"fill: #999;color:#999\" class=\"arrow-unsorted-368013\" xmlns=\"http:\/\/www.w3.org\/2000\/svg\" width=\"10px\" height=\"10px\" viewBox=\"0 0 24 24\" version=\"1.2\" baseProfile=\"tiny\"><path d=\"M18.2 9.3l-6.2-6.3-6.2 6.3c-.2.2-.3.4-.3.7s.1.5.3.7c.2.2.4.3.7.3h11c.3 0 .5-.1.7-.3.2-.2.3-.5.3-.7s-.1-.5-.3-.7zM5.8 14.7l6.2 6.3 6.2-6.3c.2-.2.3-.5.3-.7s-.1-.5-.3-.7c-.2-.2-.4-.3-.7-.3h-11c-.3 0-.5.1-.7.3-.2.2-.3.5-.3.7s.1.5.3.7z\"\/><\/svg><\/span><\/span><\/label><input type=\"checkbox\"  id=\"ez-toc-cssicon-toggle-item-69f1d4a1cc48d\" checked aria-label=\"Alternar\" \/><nav><ul class='ez-toc-list ez-toc-list-level-1 ' ><li class='ez-toc-page-1'><a class=\"ez-toc-link ez-toc-heading-1\" href=\"https:\/\/www.conveniosocial.com.br\/blog\/estetica\/clinica-de-estetica-suellen-santos-em-duque-de-caxias\/#Clinica_de_Estetica_Suellen_Santos_em_Duque_de_Caxias\" >Cl\u00ednica de Est\u00e9tica Suellen Santos em Duque de Caxias<\/a><\/li><li class='ez-toc-page-1'><a class=\"ez-toc-link ez-toc-heading-2\" href=\"https:\/\/www.conveniosocial.com.br\/blog\/estetica\/clinica-de-estetica-suellen-santos-em-duque-de-caxias\/#Perguntas_Frequentes\" >Perguntas Frequentes<\/a><\/li><li class='ez-toc-page-1'><a class=\"ez-toc-link ez-toc-heading-3\" href=\"https:\/\/www.conveniosocial.com.br\/blog\/estetica\/clinica-de-estetica-suellen-santos-em-duque-de-caxias\/#Contato\" >Contato<\/a><\/li><\/ul><\/nav><\/div>\n<h2><span class=\"ez-toc-section\" id=\"Clinica_de_Estetica_Suellen_Santos_em_Duque_de_Caxias\"><\/span>Cl\u00ednica de Est\u00e9tica Suellen Santos em Duque de Caxias<span class=\"ez-toc-section-end\"><\/span><\/h2>\n<p>Bem-vindo \u00e0 Cl\u00ednica Esteticista Suellen Santos, localizada no cora\u00e7\u00e3o de Duque de Caxias, RJ, especificamente no bairro Parque Sr. do Bonfim. Nossa cl\u00ednica se destaca por oferecer uma gama completa de tratamentos est\u00e9ticos, com um foco especial na qualidade, seguran\u00e7a e um atendimento humanizado. Sob a supervis\u00e3o da esteticista Suellen Santos, nossa equipe \u00e9 dedicada a proporcionar uma experi\u00eancia \u00fanica e transformadora para cada paciente.<\/p>\n<p>Entre nossos servi\u00e7os, destacam-se a limpeza de pele, peelings qu\u00edmicos e microagulhamento, que s\u00e3o essenciais para a manuten\u00e7\u00e3o da sa\u00fade e beleza da sua pele. Al\u00e9m disso, oferecemos tratamentos com toxina botul\u00ednica (Botox) e preenchimento com \u00e1cido hialur\u00f4nico, que ajudam a rejuvenescer e real\u00e7ar a beleza facial. Para quem busca alternativas para a gordura localizada, a criolip\u00f3lise e o ultrassom microfocado (HIFU) s\u00e3o op\u00e7\u00f5es eficazes e seguras.<\/p>\n<p>A nossa cl\u00ednica tamb\u00e9m se destaca na \u00e1rea de depila\u00e7\u00e3o a laser, utilizando tecnologia de ponta para garantir resultados duradouros e confort\u00e1veis. Com profissionais capacitados e um ambiente acolhedor, garantimos que cada visita seja uma experi\u00eancia tranquila e agrad\u00e1vel.<\/p>\n<p>Estamos localizados em uma \u00e1rea de f\u00e1cil acesso, pr\u00f3xima a diversos bairros como Centro, Jardim 25 de Agosto, e Vila Ideal. O acesso \u00e0 nossa cl\u00ednica \u00e9 facilitado por transporte p\u00fablico e estacionamento na proximidade, permitindo que voc\u00ea chegue at\u00e9 n\u00f3s sem complica\u00e7\u00f5es.<\/p>\n<p>Nosso hor\u00e1rio de funcionamento \u00e9 de segunda a sexta-feira, das 09:00 \u00e0s 20:00, e aos s\u00e1bados, das 08:00 \u00e0s 14:00. Estamos fechados aos domingos, mas garantimos um atendimento excepcional durante a semana para atender todas as suas necessidades est\u00e9ticas.<\/p>\n<p>Embora ainda n\u00e3o tenhamos informa\u00e7\u00f5es sobre conv\u00eanios e exames, estamos sempre abertos a dialogar sobre o que melhor atende nossos pacientes. Para agendamentos ou mais informa\u00e7\u00f5es, entre em contato conosco pelo telefone 21 98803-7590. Siga-nos no Instagram para acompanhar nossas novidades e promo\u00e7\u00f5es! N\u00e3o perca a oportunidade de se cuidar e valorizar sua beleza com a excel\u00eancia que oferecemos.<\/p>\n<p>Na Cl\u00ednica Esteticista Suellen Santos, sua satisfa\u00e7\u00e3o e autoestima s\u00e3o nossa prioridade. Venha nos visitar e experimente um atendimento diferenciado que transforma n\u00e3o s\u00f3 a apar\u00eancia, mas tamb\u00e9m o bem-estar e confian\u00e7a dos nossos pacientes. Estamos prontos para cuidar de voc\u00ea!<\/p>\n<h3><span class=\"ez-toc-section\" id=\"Perguntas_Frequentes\"><\/span>Perguntas Frequentes<span class=\"ez-toc-section-end\"><\/span><\/h3>\n<p>P: Quais servi\u00e7os a Cl\u00ednica Esteticista Suellen Santos oferece?<br \/>\nR: Oferecemos tratamentos como limpeza de pele, peelings qu\u00edmicos, microagulhamento, toxina botul\u00ednica (Botox), preenchimento com \u00e1cido hialur\u00f4nico, bioestimuladores de col\u00e1geno, depila\u00e7\u00e3o a laser, laser CO2 fracionado, ultrassom microfocado (HIFU), criolip\u00f3lise, drenagem linf\u00e1tica e tratamentos capilares.<\/p>\n<p>P: A cl\u00ednica aceita conv\u00eanios?<br \/>\nR: No momento, n\u00e3o temos informa\u00e7\u00f5es sobre conv\u00eanios aceitos. Recomendamos entrar em contato diretamente para mais detalhes.<\/p>\n<p>P: Qual \u00e9 o hor\u00e1rio de atendimento da cl\u00ednica?<br \/>\nR: Estamos abertos de segunda a sexta-feira, das 09:00 \u00e0s 20:00, e aos s\u00e1bados, das 08:00 \u00e0s 14:00. N\u00e3o abrimos aos domingos.<\/p>\n<p>P: Como posso agendar uma consulta?<br \/>\nR: Voc\u00ea pode agendar uma consulta entrando em contato pelo telefone 21 98803-7590.<\/p>\n<p>P: A cl\u00ednica possui estacionamento?<br \/>\nR: Sim, h\u00e1 estacionamento dispon\u00edvel nas proximidades da cl\u00ednica.<\/p>\n<p>P: A cl\u00ednica realiza tratamentos para gordura localizada?<br \/>\nR: Sim, oferecemos criolip\u00f3lise e ultrassom microfocado (HIFU) como op\u00e7\u00f5es para tratamento de gordura localizada.<\/p>\n<p>P: Como posso acompanhar as novidades da cl\u00ednica?<br \/>\nR: Voc\u00ea pode nos seguir no Instagram, onde postamos atualiza\u00e7\u00f5es e promo\u00e7\u00f5es.<\/p>\n<p>P: Quais s\u00e3o os benef\u00edcios do microagulhamento?<br \/>\nR: O microagulhamento ajuda a melhorar a textura da pele, reduzindo cicatrizes, rugas e promovendo a produ\u00e7\u00e3o de col\u00e1geno.<\/p>\n<p>P: \u00c9 necess\u00e1rio agendar hora para os servi\u00e7os?<br \/>\nR: Sim, recomendamos agendar um hor\u00e1rio para garantir seu atendimento.<\/p>\n<p>P: Quais s\u00e3o as op\u00e7\u00f5es de pagamento aceitas?<br \/>\nR: Informa\u00e7\u00f5es sobre op\u00e7\u00f5es de pagamento podem ser obtidas diretamente na cl\u00ednica durante a consulta ou pelo telefone.<\/p>\n<h3><span class=\"ez-toc-section\" id=\"Contato\"><\/span>Contato<span class=\"ez-toc-section-end\"><\/span><\/h3>\n<p><strong>Tel.:  | <\/strong><br \/>\n<strong>WhatsApp: &#8211; <\/strong><\/p>\n","protected":false},"excerpt":{"rendered":"<p>Cl\u00ednica de Est\u00e9tica Suellen Santos em Duque de Caxias Bem-vindo \u00e0 Cl\u00ednica Esteticista Suellen Santos, localizada no cora\u00e7\u00e3o de Duque de Caxias, RJ, especificamente no bairro Parque Sr. do Bonfim. Nossa cl\u00ednica se destaca por oferecer uma gama completa de tratamentos est\u00e9ticos, com um foco especial na qualidade, seguran\u00e7a e um atendimento humanizado. Sob a [&hellip;]<\/p>\n","protected":false},"author":0,"featured_media":0,"comment_status":"open","ping_status":"open","sticky":false,"template":"","format":"standard","meta":{"_et_pb_use_builder":"o","_et_pb_old_content":"","_et_gb_content_width":"","footnotes":""},"categories":[1957,684,1318],"tags":[],"class_list":["post-150179","post","type-post","status-publish","format-standard","hentry","category-depilacao-a-laser","category-estetica","category-tratamentos-faciais"],"yoast_head":"<!-- This site is optimized with the Yoast SEO Premium plugin v21.3 (Yoast SEO v27.5) - https:\/\/yoast.com\/product\/yoast-seo-premium-wordpress\/ -->\n<title>Cl\u00ednica de Est\u00e9tica Suellen Santos em Duque de Caxias - Conv\u00eanio Social<\/title>\n<meta name=\"robots\" content=\"index, follow, max-snippet:-1, max-image-preview:large, max-video-preview:-1\" \/>\n<link rel=\"canonical\" href=\"https:\/\/www.conveniosocial.com.br\/blog\/estetica\/clinica-de-estetica-suellen-santos-em-duque-de-caxias\/\" \/>\n<meta property=\"og:locale\" content=\"pt_BR\" \/>\n<meta property=\"og:type\" content=\"article\" \/>\n<meta property=\"og:title\" content=\"Cl\u00ednica de Est\u00e9tica Suellen Santos em Duque de Caxias\" \/>\n<meta property=\"og:description\" content=\"Cl\u00ednica de Est\u00e9tica Suellen Santos em Duque de Caxias Bem-vindo \u00e0 Cl\u00ednica Esteticista Suellen Santos, localizada no cora\u00e7\u00e3o de Duque de Caxias, RJ, especificamente no bairro Parque Sr. do Bonfim. Nossa cl\u00ednica se destaca por oferecer uma gama completa de tratamentos est\u00e9ticos, com um foco especial na qualidade, seguran\u00e7a e um atendimento humanizado. Sob a [&hellip;]\" \/>\n<meta property=\"og:url\" content=\"https:\/\/www.conveniosocial.com.br\/blog\/estetica\/clinica-de-estetica-suellen-santos-em-duque-de-caxias\/\" \/>\n<meta property=\"og:site_name\" content=\"Conv\u00eanio Social\" \/>\n<meta property=\"article:published_time\" content=\"2026-01-24T12:00:26+00:00\" \/>\n<meta name=\"twitter:card\" content=\"summary_large_image\" \/>\n<meta name=\"twitter:label1\" content=\"Est. tempo de leitura\" \/>\n\t<meta name=\"twitter:data1\" content=\"3 minutos\" \/>\n<script type=\"application\/ld+json\" class=\"yoast-schema-graph\">{\"@context\":\"https:\\\/\\\/schema.org\",\"@graph\":[{\"@type\":\"Article\",\"@id\":\"https:\\\/\\\/www.conveniosocial.com.br\\\/blog\\\/estetica\\\/clinica-de-estetica-suellen-santos-em-duque-de-caxias\\\/#article\",\"isPartOf\":{\"@id\":\"https:\\\/\\\/www.conveniosocial.com.br\\\/blog\\\/estetica\\\/clinica-de-estetica-suellen-santos-em-duque-de-caxias\\\/\"},\"author\":{\"name\":\"\",\"@id\":\"\"},\"headline\":\"Cl\u00ednica de Est\u00e9tica Suellen Santos em Duque de Caxias\",\"datePublished\":\"2026-01-24T12:00:26+00:00\",\"mainEntityOfPage\":{\"@id\":\"https:\\\/\\\/www.conveniosocial.com.br\\\/blog\\\/estetica\\\/clinica-de-estetica-suellen-santos-em-duque-de-caxias\\\/\"},\"wordCount\":692,\"commentCount\":0,\"publisher\":{\"@id\":\"https:\\\/\\\/www.conveniosocial.com.br\\\/blog\\\/#organization\"},\"articleSection\":[\"Depila\u00e7\u00e3o a Laser\",\"Est\u00e9tica\",\"Tratamentos Faciais\"],\"inLanguage\":\"pt-BR\"},{\"@type\":\"WebPage\",\"@id\":\"https:\\\/\\\/www.conveniosocial.com.br\\\/blog\\\/estetica\\\/clinica-de-estetica-suellen-santos-em-duque-de-caxias\\\/\",\"url\":\"https:\\\/\\\/www.conveniosocial.com.br\\\/blog\\\/estetica\\\/clinica-de-estetica-suellen-santos-em-duque-de-caxias\\\/\",\"name\":\"Cl\u00ednica de Est\u00e9tica Suellen Santos em Duque de Caxias - Conv\u00eanio Social\",\"isPartOf\":{\"@id\":\"https:\\\/\\\/www.conveniosocial.com.br\\\/blog\\\/#website\"},\"datePublished\":\"2026-01-24T12:00:26+00:00\",\"breadcrumb\":{\"@id\":\"https:\\\/\\\/www.conveniosocial.com.br\\\/blog\\\/estetica\\\/clinica-de-estetica-suellen-santos-em-duque-de-caxias\\\/#breadcrumb\"},\"inLanguage\":\"pt-BR\",\"potentialAction\":[{\"@type\":\"ReadAction\",\"target\":[\"https:\\\/\\\/www.conveniosocial.com.br\\\/blog\\\/estetica\\\/clinica-de-estetica-suellen-santos-em-duque-de-caxias\\\/\"]}]},{\"@type\":\"BreadcrumbList\",\"@id\":\"https:\\\/\\\/www.conveniosocial.com.br\\\/blog\\\/estetica\\\/clinica-de-estetica-suellen-santos-em-duque-de-caxias\\\/#breadcrumb\",\"itemListElement\":[{\"@type\":\"ListItem\",\"position\":1,\"name\":\"Home\",\"item\":\"https:\\\/\\\/www.conveniosocial.com.br\\\/blog\\\/\"},{\"@type\":\"ListItem\",\"position\":2,\"name\":\"Depila\u00e7\u00e3o a Laser\",\"item\":\"https:\\\/\\\/www.conveniosocial.com.br\\\/blog\\\/depilacao-a-laser\\\/\"},{\"@type\":\"ListItem\",\"position\":3,\"name\":\"Cl\u00ednica de Est\u00e9tica Suellen Santos em Duque de Caxias\"}]},{\"@type\":\"WebSite\",\"@id\":\"https:\\\/\\\/www.conveniosocial.com.br\\\/blog\\\/#website\",\"url\":\"https:\\\/\\\/www.conveniosocial.com.br\\\/blog\\\/\",\"name\":\"Conv\u00eanio Social\",\"description\":\"Informa\u00e7\u00f5es de Sa\u00fade e Bem-estar, Consultas e Exames Popular\",\"publisher\":{\"@id\":\"https:\\\/\\\/www.conveniosocial.com.br\\\/blog\\\/#organization\"},\"potentialAction\":[{\"@type\":\"SearchAction\",\"target\":{\"@type\":\"EntryPoint\",\"urlTemplate\":\"https:\\\/\\\/www.conveniosocial.com.br\\\/blog\\\/?s={search_term_string}\"},\"query-input\":{\"@type\":\"PropertyValueSpecification\",\"valueRequired\":true,\"valueName\":\"search_term_string\"}}],\"inLanguage\":\"pt-BR\"},{\"@type\":\"Organization\",\"@id\":\"https:\\\/\\\/www.conveniosocial.com.br\\\/blog\\\/#organization\",\"name\":\"Conv\u00eanio Social\",\"url\":\"https:\\\/\\\/www.conveniosocial.com.br\\\/blog\\\/\",\"logo\":{\"@type\":\"ImageObject\",\"inLanguage\":\"pt-BR\",\"@id\":\"https:\\\/\\\/www.conveniosocial.com.br\\\/blog\\\/#\\\/schema\\\/logo\\\/image\\\/\",\"url\":\"https:\\\/\\\/www.conveniosocial.com.br\\\/blog\\\/wp-content\\\/uploads\\\/2021\\\/11\\\/novo_logo-convenio-socia-digital.png\",\"contentUrl\":\"https:\\\/\\\/www.conveniosocial.com.br\\\/blog\\\/wp-content\\\/uploads\\\/2021\\\/11\\\/novo_logo-convenio-socia-digital.png\",\"width\":400,\"height\":102,\"caption\":\"Conv\u00eanio Social\"},\"image\":{\"@id\":\"https:\\\/\\\/www.conveniosocial.com.br\\\/blog\\\/#\\\/schema\\\/logo\\\/image\\\/\"}}]}<\/script>\n<!-- \/ Yoast SEO Premium plugin. -->","yoast_head_json":{"title":"Cl\u00ednica de Est\u00e9tica Suellen Santos em Duque de Caxias - Conv\u00eanio Social","robots":{"index":"index","follow":"follow","max-snippet":"max-snippet:-1","max-image-preview":"max-image-preview:large","max-video-preview":"max-video-preview:-1"},"canonical":"https:\/\/www.conveniosocial.com.br\/blog\/estetica\/clinica-de-estetica-suellen-santos-em-duque-de-caxias\/","og_locale":"pt_BR","og_type":"article","og_title":"Cl\u00ednica de Est\u00e9tica Suellen Santos em Duque de Caxias","og_description":"Cl\u00ednica de Est\u00e9tica Suellen Santos em Duque de Caxias Bem-vindo \u00e0 Cl\u00ednica Esteticista Suellen Santos, localizada no cora\u00e7\u00e3o de Duque de Caxias, RJ, especificamente no bairro Parque Sr. do Bonfim. Nossa cl\u00ednica se destaca por oferecer uma gama completa de tratamentos est\u00e9ticos, com um foco especial na qualidade, seguran\u00e7a e um atendimento humanizado. Sob a [&hellip;]","og_url":"https:\/\/www.conveniosocial.com.br\/blog\/estetica\/clinica-de-estetica-suellen-santos-em-duque-de-caxias\/","og_site_name":"Conv\u00eanio Social","article_published_time":"2026-01-24T12:00:26+00:00","twitter_card":"summary_large_image","twitter_misc":{"Est. tempo de leitura":"3 minutos"},"schema":{"@context":"https:\/\/schema.org","@graph":[{"@type":"Article","@id":"https:\/\/www.conveniosocial.com.br\/blog\/estetica\/clinica-de-estetica-suellen-santos-em-duque-de-caxias\/#article","isPartOf":{"@id":"https:\/\/www.conveniosocial.com.br\/blog\/estetica\/clinica-de-estetica-suellen-santos-em-duque-de-caxias\/"},"author":{"name":"","@id":""},"headline":"Cl\u00ednica de Est\u00e9tica Suellen Santos em Duque de Caxias","datePublished":"2026-01-24T12:00:26+00:00","mainEntityOfPage":{"@id":"https:\/\/www.conveniosocial.com.br\/blog\/estetica\/clinica-de-estetica-suellen-santos-em-duque-de-caxias\/"},"wordCount":692,"commentCount":0,"publisher":{"@id":"https:\/\/www.conveniosocial.com.br\/blog\/#organization"},"articleSection":["Depila\u00e7\u00e3o a Laser","Est\u00e9tica","Tratamentos Faciais"],"inLanguage":"pt-BR"},{"@type":"WebPage","@id":"https:\/\/www.conveniosocial.com.br\/blog\/estetica\/clinica-de-estetica-suellen-santos-em-duque-de-caxias\/","url":"https:\/\/www.conveniosocial.com.br\/blog\/estetica\/clinica-de-estetica-suellen-santos-em-duque-de-caxias\/","name":"Cl\u00ednica de Est\u00e9tica Suellen Santos em Duque de Caxias - Conv\u00eanio Social","isPartOf":{"@id":"https:\/\/www.conveniosocial.com.br\/blog\/#website"},"datePublished":"2026-01-24T12:00:26+00:00","breadcrumb":{"@id":"https:\/\/www.conveniosocial.com.br\/blog\/estetica\/clinica-de-estetica-suellen-santos-em-duque-de-caxias\/#breadcrumb"},"inLanguage":"pt-BR","potentialAction":[{"@type":"ReadAction","target":["https:\/\/www.conveniosocial.com.br\/blog\/estetica\/clinica-de-estetica-suellen-santos-em-duque-de-caxias\/"]}]},{"@type":"BreadcrumbList","@id":"https:\/\/www.conveniosocial.com.br\/blog\/estetica\/clinica-de-estetica-suellen-santos-em-duque-de-caxias\/#breadcrumb","itemListElement":[{"@type":"ListItem","position":1,"name":"Home","item":"https:\/\/www.conveniosocial.com.br\/blog\/"},{"@type":"ListItem","position":2,"name":"Depila\u00e7\u00e3o a Laser","item":"https:\/\/www.conveniosocial.com.br\/blog\/depilacao-a-laser\/"},{"@type":"ListItem","position":3,"name":"Cl\u00ednica de Est\u00e9tica Suellen Santos em Duque de Caxias"}]},{"@type":"WebSite","@id":"https:\/\/www.conveniosocial.com.br\/blog\/#website","url":"https:\/\/www.conveniosocial.com.br\/blog\/","name":"Conv\u00eanio Social","description":"Informa\u00e7\u00f5es de Sa\u00fade e Bem-estar, Consultas e Exames Popular","publisher":{"@id":"https:\/\/www.conveniosocial.com.br\/blog\/#organization"},"potentialAction":[{"@type":"SearchAction","target":{"@type":"EntryPoint","urlTemplate":"https:\/\/www.conveniosocial.com.br\/blog\/?s={search_term_string}"},"query-input":{"@type":"PropertyValueSpecification","valueRequired":true,"valueName":"search_term_string"}}],"inLanguage":"pt-BR"},{"@type":"Organization","@id":"https:\/\/www.conveniosocial.com.br\/blog\/#organization","name":"Conv\u00eanio Social","url":"https:\/\/www.conveniosocial.com.br\/blog\/","logo":{"@type":"ImageObject","inLanguage":"pt-BR","@id":"https:\/\/www.conveniosocial.com.br\/blog\/#\/schema\/logo\/image\/","url":"https:\/\/www.conveniosocial.com.br\/blog\/wp-content\/uploads\/2021\/11\/novo_logo-convenio-socia-digital.png","contentUrl":"https:\/\/www.conveniosocial.com.br\/blog\/wp-content\/uploads\/2021\/11\/novo_logo-convenio-socia-digital.png","width":400,"height":102,"caption":"Conv\u00eanio Social"},"image":{"@id":"https:\/\/www.conveniosocial.com.br\/blog\/#\/schema\/logo\/image\/"}}]}},"_links":{"self":[{"href":"https:\/\/www.conveniosocial.com.br\/blog\/wp-json\/wp\/v2\/posts\/150179","targetHints":{"allow":["GET"]}}],"collection":[{"href":"https:\/\/www.conveniosocial.com.br\/blog\/wp-json\/wp\/v2\/posts"}],"about":[{"href":"https:\/\/www.conveniosocial.com.br\/blog\/wp-json\/wp\/v2\/types\/post"}],"replies":[{"embeddable":true,"href":"https:\/\/www.conveniosocial.com.br\/blog\/wp-json\/wp\/v2\/comments?post=150179"}],"version-history":[{"count":0,"href":"https:\/\/www.conveniosocial.com.br\/blog\/wp-json\/wp\/v2\/posts\/150179\/revisions"}],"wp:attachment":[{"href":"https:\/\/www.conveniosocial.com.br\/blog\/wp-json\/wp\/v2\/media?parent=150179"}],"wp:term":[{"taxonomy":"category","embeddable":true,"href":"https:\/\/www.conveniosocial.com.br\/blog\/wp-json\/wp\/v2\/categories?post=150179"},{"taxonomy":"post_tag","embeddable":true,"href":"https:\/\/www.conveniosocial.com.br\/blog\/wp-json\/wp\/v2\/tags?post=150179"}],"curies":[{"name":"wp","href":"https:\/\/api.w.org\/{rel}","templated":true}]}}