{"id":150182,"date":"2026-01-24T09:00:26","date_gmt":"2026-01-24T12:00:26","guid":{"rendered":"https:\/\/www.conveniosocial.com.br\/blog\/nehuma\/vera-lucia-estetica-e-saude-em-duque-de-caxias\/"},"modified":"2026-01-24T09:00:26","modified_gmt":"2026-01-24T12:00:26","slug":"vera-lucia-estetica-e-saude-em-duque-de-caxias","status":"publish","type":"post","link":"https:\/\/www.conveniosocial.com.br\/blog\/saude\/vera-lucia-estetica-e-saude-em-duque-de-caxias\/","title":{"rendered":"Vera Lucia Est\u00e9tica e Sa\u00fade em Duque de Caxias"},"content":{"rendered":"<div id=\"ez-toc-container\" class=\"ez-toc-v2_0_82_2 counter-flat ez-toc-counter ez-toc-white ez-toc-container-direction\">\n<p class=\"ez-toc-title\" style=\"cursor:inherit\">\u00cdndice do Conte\u00fado<\/p>\n<label for=\"ez-toc-cssicon-toggle-item-69f2e8a0ac500\" class=\"ez-toc-cssicon-toggle-label\"><span class=\"ez-toc-cssicon\"><span class=\"eztoc-hide\" style=\"display:none;\">Toggle<\/span><span class=\"ez-toc-icon-toggle-span\"><svg style=\"fill: #999;color:#999\" xmlns=\"http:\/\/www.w3.org\/2000\/svg\" class=\"list-377408\" width=\"20px\" height=\"20px\" viewBox=\"0 0 24 24\" fill=\"none\"><path d=\"M6 6H4v2h2V6zm14 0H8v2h12V6zM4 11h2v2H4v-2zm16 0H8v2h12v-2zM4 16h2v2H4v-2zm16 0H8v2h12v-2z\" fill=\"currentColor\"><\/path><\/svg><svg style=\"fill: #999;color:#999\" class=\"arrow-unsorted-368013\" xmlns=\"http:\/\/www.w3.org\/2000\/svg\" width=\"10px\" height=\"10px\" viewBox=\"0 0 24 24\" version=\"1.2\" baseProfile=\"tiny\"><path d=\"M18.2 9.3l-6.2-6.3-6.2 6.3c-.2.2-.3.4-.3.7s.1.5.3.7c.2.2.4.3.7.3h11c.3 0 .5-.1.7-.3.2-.2.3-.5.3-.7s-.1-.5-.3-.7zM5.8 14.7l6.2 6.3 6.2-6.3c.2-.2.3-.5.3-.7s-.1-.5-.3-.7c-.2-.2-.4-.3-.7-.3h-11c-.3 0-.5.1-.7.3-.2.2-.3.5-.3.7s.1.5.3.7z\"\/><\/svg><\/span><\/span><\/label><input type=\"checkbox\"  id=\"ez-toc-cssicon-toggle-item-69f2e8a0ac500\" checked aria-label=\"Alternar\" \/><nav><ul class='ez-toc-list ez-toc-list-level-1 ' ><li class='ez-toc-page-1'><a class=\"ez-toc-link ez-toc-heading-1\" href=\"https:\/\/www.conveniosocial.com.br\/blog\/saude\/vera-lucia-estetica-e-saude-em-duque-de-caxias\/#Vera_Lucia_Estetica_e_Saude_em_Duque_de_Caxias\" >Vera Lucia Est\u00e9tica e Sa\u00fade em Duque de Caxias<\/a><\/li><li class='ez-toc-page-1'><a class=\"ez-toc-link ez-toc-heading-2\" href=\"https:\/\/www.conveniosocial.com.br\/blog\/saude\/vera-lucia-estetica-e-saude-em-duque-de-caxias\/#Perguntas_Frequentes\" >Perguntas Frequentes<\/a><\/li><li class='ez-toc-page-1'><a class=\"ez-toc-link ez-toc-heading-3\" href=\"https:\/\/www.conveniosocial.com.br\/blog\/saude\/vera-lucia-estetica-e-saude-em-duque-de-caxias\/#Contato\" >Contato<\/a><\/li><\/ul><\/nav><\/div>\n<h2><span class=\"ez-toc-section\" id=\"Vera_Lucia_Estetica_e_Saude_em_Duque_de_Caxias\"><\/span>Vera Lucia Est\u00e9tica e Sa\u00fade em Duque de Caxias<span class=\"ez-toc-section-end\"><\/span><\/h2>\n<p>A Vera Lucia Est\u00e9tica e Sa\u00fade \u00e9 uma cl\u00ednica localizada no cora\u00e7\u00e3o de Duque de Caxias, RJ, no bairro Centro. Com um ambiente acolhedor e humanizado, nossa miss\u00e3o \u00e9 proporcionar aos nossos pacientes tratamentos est\u00e9ticos de alta qualidade, sempre com aten\u00e7\u00e3o \u00e0s suas necessidades e ao seu bem-estar. Sob a responsabilidade da experiente Vera Lucia, nossa cl\u00ednica se destaca pela excel\u00eancia em v\u00e1rios servi\u00e7os de est\u00e9tica e sa\u00fade. <\/p>\n<p>Na Vera Lucia, oferecemos uma ampla gama de especialidades que incluem limpeza de pele, peelings qu\u00edmicos, microagulhamento e procedimentos com toxina botul\u00ednica (Botox). Al\u00e9m disso, contamos com t\u00e9cnicas modernas como preenchimento com \u00e1cido hialur\u00f4nico, bioestimuladores de col\u00e1geno, depila\u00e7\u00e3o a laser e laser CO2 fracionado. Para quem busca melhorar a silhueta, temos tamb\u00e9m a criolip\u00f3lise e o ultrassom microfocado (HIFU), al\u00e9m de drenagem linf\u00e1tica, que auxilia no processo de emagrecimento e bem-estar. <\/p>\n<p>Nossa localiza\u00e7\u00e3o privilegiada torna a cl\u00ednica facilmente acess\u00edvel para pacientes de diversas regi\u00f5es, incluindo os bairros pr\u00f3ximos como Jardim 25 de Agosto, Vila Ideal e Engenho do Porto. Estamos abertos de segunda a sexta-feira, das 09:00 \u00e0s 18:00, e aos s\u00e1bados, das 09:00 \u00e0s 14:00, proporcionando flexibilidade para que voc\u00ea possa agendar seu atendimento no melhor hor\u00e1rio. <\/p>\n<p>Embora ainda n\u00e3o tenhamos conv\u00eanios com planos de sa\u00fade, garantimos que nossos pre\u00e7os s\u00e3o justos e acess\u00edveis, permitindo que todos possam cuidar da sua beleza e sa\u00fade. Acreditamos que a autoestima e o bem-estar s\u00e3o essenciais para uma vida plena. <\/p>\n<p>Para agendar uma consulta ou esclarecer d\u00favidas, n\u00e3o hesite em entrar em contato pelo telefone (21) 96521-1332. Embora n\u00e3o tenhamos um site no momento, voc\u00ea pode nos acompanhar e ver os resultados dos nossos tratamentos atrav\u00e9s do nosso Instagram, onde compartilhamos dicas de sa\u00fade e beleza, al\u00e9m de depoimentos de nossos pacientes. Estamos sempre prontos para atender voc\u00ea com carinho e dedica\u00e7\u00e3o, porque aqui na Vera Lucia Est\u00e9tica e Sa\u00fade, voc\u00ea \u00e9 a nossa prioridade.<\/p>\n<h3><span class=\"ez-toc-section\" id=\"Perguntas_Frequentes\"><\/span>Perguntas Frequentes<span class=\"ez-toc-section-end\"><\/span><\/h3>\n<p>P: Quais tratamentos est\u00e9ticos voc\u00eas oferecem?<br \/>\nR: Oferecemos limpeza de pele, peelings qu\u00edmicos, microagulhamento, toxina botul\u00ednica (Botox), preenchimento com \u00e1cido hialur\u00f4nico, bioestimuladores de col\u00e1geno, depila\u00e7\u00e3o a laser, laser CO2 fracionado, criolip\u00f3lise, ultrassom microfocado (HIFU) e drenagem linf\u00e1tica.<\/p>\n<p>P: Qual \u00e9 o hor\u00e1rio de funcionamento da cl\u00ednica?<br \/>\nR: Estamos abertos de segunda a sexta-feira, das 09:00 \u00e0s 18:00, e aos s\u00e1bados, das 09:00 \u00e0s 14:00. Fechamos aos domingos.<\/p>\n<p>P: Onde a cl\u00ednica est\u00e1 localizada?<br \/>\nR: Estamos localizados no Centro de Duque de Caxias, RJ, em uma \u00e1rea de f\u00e1cil acesso.<\/p>\n<p>P: Como posso agendar uma consulta?<br \/>\nR: Voc\u00ea pode agendar uma consulta ligando para o telefone (21) 96521-1332.<\/p>\n<p>P: Voc\u00eas aceitam planos de sa\u00fade?<br \/>\nR: No momento, n\u00e3o aceitamos conv\u00eanios, mas nossos pre\u00e7os s\u00e3o acess\u00edveis e justos.<\/p>\n<p>P: A cl\u00ednica oferece algum tipo de promo\u00e7\u00e3o?<br \/>\nR: Frequentemente oferecemos promo\u00e7\u00f5es sazonais, fique atento ao nosso Instagram para mais informa\u00e7\u00f5es.<\/p>\n<p>P: Quais s\u00e3o os diferenciais da Vera Lucia Est\u00e9tica e Sa\u00fade?<br \/>\nR: Nossos diferenciais incluem um atendimento humanizado, profissionais experientes e uma ampla gama de tratamentos est\u00e9ticos personalizados.<\/p>\n<p>P: Voc\u00eas realizam exames na cl\u00ednica?<br \/>\nR: No momento, n\u00e3o realizamos exames, focamos exclusivamente em tratamentos est\u00e9ticos e de sa\u00fade.<\/p>\n<p>P: Existe algum cuidado necess\u00e1rio ap\u00f3s os tratamentos?<br \/>\nR: Sim, cada tratamento possui recomenda\u00e7\u00f5es espec\u00edficas que nossos profissionais ir\u00e3o fornecer durante a consulta.<\/p>\n<p>P: Posso seguir a cl\u00ednica nas redes sociais?<br \/>\nR: Sim, voc\u00ea pode nos seguir no Instagram para acompanhar novidades e dicas de beleza e sa\u00fade.<\/p>\n<h3><span class=\"ez-toc-section\" id=\"Contato\"><\/span>Contato<span class=\"ez-toc-section-end\"><\/span><\/h3>\n<p><strong>Tel.:  | <\/strong><br \/>\n<strong>WhatsApp: &#8211; <\/strong><\/p>\n","protected":false},"excerpt":{"rendered":"<p>Vera Lucia Est\u00e9tica e Sa\u00fade em Duque de Caxias A Vera Lucia Est\u00e9tica e Sa\u00fade \u00e9 uma cl\u00ednica localizada no cora\u00e7\u00e3o de Duque de Caxias, RJ, no bairro Centro. Com um ambiente acolhedor e humanizado, nossa miss\u00e3o \u00e9 proporcionar aos nossos pacientes tratamentos est\u00e9ticos de alta qualidade, sempre com aten\u00e7\u00e3o \u00e0s suas necessidades e ao [&hellip;]<\/p>\n","protected":false},"author":0,"featured_media":0,"comment_status":"open","ping_status":"open","sticky":false,"template":"","format":"standard","meta":{"_et_pb_use_builder":"o","_et_pb_old_content":"","_et_gb_content_width":"","footnotes":""},"categories":[684,614,1327],"tags":[],"class_list":["post-150182","post","type-post","status-publish","format-standard","hentry","category-estetica","category-saude","category-tratamentos-corporais"],"yoast_head":"<!-- This site is optimized with the Yoast SEO Premium plugin v21.3 (Yoast SEO v27.5) - https:\/\/yoast.com\/product\/yoast-seo-premium-wordpress\/ -->\n<title>Vera Lucia Est\u00e9tica e Sa\u00fade em Duque de Caxias - Conv\u00eanio Social<\/title>\n<meta name=\"robots\" content=\"index, follow, max-snippet:-1, max-image-preview:large, max-video-preview:-1\" \/>\n<link rel=\"canonical\" href=\"https:\/\/www.conveniosocial.com.br\/blog\/saude\/vera-lucia-estetica-e-saude-em-duque-de-caxias\/\" \/>\n<meta property=\"og:locale\" content=\"pt_BR\" \/>\n<meta property=\"og:type\" content=\"article\" \/>\n<meta property=\"og:title\" content=\"Vera Lucia Est\u00e9tica e Sa\u00fade em Duque de Caxias\" \/>\n<meta property=\"og:description\" content=\"Vera Lucia Est\u00e9tica e Sa\u00fade em Duque de Caxias A Vera Lucia Est\u00e9tica e Sa\u00fade \u00e9 uma cl\u00ednica localizada no cora\u00e7\u00e3o de Duque de Caxias, RJ, no bairro Centro. Com um ambiente acolhedor e humanizado, nossa miss\u00e3o \u00e9 proporcionar aos nossos pacientes tratamentos est\u00e9ticos de alta qualidade, sempre com aten\u00e7\u00e3o \u00e0s suas necessidades e ao [&hellip;]\" \/>\n<meta property=\"og:url\" content=\"https:\/\/www.conveniosocial.com.br\/blog\/saude\/vera-lucia-estetica-e-saude-em-duque-de-caxias\/\" \/>\n<meta property=\"og:site_name\" content=\"Conv\u00eanio Social\" \/>\n<meta property=\"article:published_time\" content=\"2026-01-24T12:00:26+00:00\" \/>\n<meta name=\"twitter:card\" content=\"summary_large_image\" \/>\n<meta name=\"twitter:label1\" content=\"Est. tempo de leitura\" \/>\n\t<meta name=\"twitter:data1\" content=\"3 minutos\" \/>\n<script type=\"application\/ld+json\" class=\"yoast-schema-graph\">{\"@context\":\"https:\\\/\\\/schema.org\",\"@graph\":[{\"@type\":\"Article\",\"@id\":\"https:\\\/\\\/www.conveniosocial.com.br\\\/blog\\\/saude\\\/vera-lucia-estetica-e-saude-em-duque-de-caxias\\\/#article\",\"isPartOf\":{\"@id\":\"https:\\\/\\\/www.conveniosocial.com.br\\\/blog\\\/saude\\\/vera-lucia-estetica-e-saude-em-duque-de-caxias\\\/\"},\"author\":{\"name\":\"\",\"@id\":\"\"},\"headline\":\"Vera Lucia Est\u00e9tica e Sa\u00fade em Duque de Caxias\",\"datePublished\":\"2026-01-24T12:00:26+00:00\",\"mainEntityOfPage\":{\"@id\":\"https:\\\/\\\/www.conveniosocial.com.br\\\/blog\\\/saude\\\/vera-lucia-estetica-e-saude-em-duque-de-caxias\\\/\"},\"wordCount\":655,\"commentCount\":0,\"publisher\":{\"@id\":\"https:\\\/\\\/www.conveniosocial.com.br\\\/blog\\\/#organization\"},\"articleSection\":[\"Est\u00e9tica\",\"Sa\u00fade\",\"Tratamentos Corporais\"],\"inLanguage\":\"pt-BR\"},{\"@type\":\"WebPage\",\"@id\":\"https:\\\/\\\/www.conveniosocial.com.br\\\/blog\\\/saude\\\/vera-lucia-estetica-e-saude-em-duque-de-caxias\\\/\",\"url\":\"https:\\\/\\\/www.conveniosocial.com.br\\\/blog\\\/saude\\\/vera-lucia-estetica-e-saude-em-duque-de-caxias\\\/\",\"name\":\"Vera Lucia Est\u00e9tica e Sa\u00fade em Duque de Caxias - Conv\u00eanio Social\",\"isPartOf\":{\"@id\":\"https:\\\/\\\/www.conveniosocial.com.br\\\/blog\\\/#website\"},\"datePublished\":\"2026-01-24T12:00:26+00:00\",\"breadcrumb\":{\"@id\":\"https:\\\/\\\/www.conveniosocial.com.br\\\/blog\\\/saude\\\/vera-lucia-estetica-e-saude-em-duque-de-caxias\\\/#breadcrumb\"},\"inLanguage\":\"pt-BR\",\"potentialAction\":[{\"@type\":\"ReadAction\",\"target\":[\"https:\\\/\\\/www.conveniosocial.com.br\\\/blog\\\/saude\\\/vera-lucia-estetica-e-saude-em-duque-de-caxias\\\/\"]}]},{\"@type\":\"BreadcrumbList\",\"@id\":\"https:\\\/\\\/www.conveniosocial.com.br\\\/blog\\\/saude\\\/vera-lucia-estetica-e-saude-em-duque-de-caxias\\\/#breadcrumb\",\"itemListElement\":[{\"@type\":\"ListItem\",\"position\":1,\"name\":\"Home\",\"item\":\"https:\\\/\\\/www.conveniosocial.com.br\\\/blog\\\/\"},{\"@type\":\"ListItem\",\"position\":2,\"name\":\"Est\u00e9tica\",\"item\":\"https:\\\/\\\/www.conveniosocial.com.br\\\/blog\\\/estetica\\\/\"},{\"@type\":\"ListItem\",\"position\":3,\"name\":\"Vera Lucia Est\u00e9tica e Sa\u00fade em Duque de Caxias\"}]},{\"@type\":\"WebSite\",\"@id\":\"https:\\\/\\\/www.conveniosocial.com.br\\\/blog\\\/#website\",\"url\":\"https:\\\/\\\/www.conveniosocial.com.br\\\/blog\\\/\",\"name\":\"Conv\u00eanio Social\",\"description\":\"Informa\u00e7\u00f5es de Sa\u00fade e Bem-estar, Consultas e Exames Popular\",\"publisher\":{\"@id\":\"https:\\\/\\\/www.conveniosocial.com.br\\\/blog\\\/#organization\"},\"potentialAction\":[{\"@type\":\"SearchAction\",\"target\":{\"@type\":\"EntryPoint\",\"urlTemplate\":\"https:\\\/\\\/www.conveniosocial.com.br\\\/blog\\\/?s={search_term_string}\"},\"query-input\":{\"@type\":\"PropertyValueSpecification\",\"valueRequired\":true,\"valueName\":\"search_term_string\"}}],\"inLanguage\":\"pt-BR\"},{\"@type\":\"Organization\",\"@id\":\"https:\\\/\\\/www.conveniosocial.com.br\\\/blog\\\/#organization\",\"name\":\"Conv\u00eanio Social\",\"url\":\"https:\\\/\\\/www.conveniosocial.com.br\\\/blog\\\/\",\"logo\":{\"@type\":\"ImageObject\",\"inLanguage\":\"pt-BR\",\"@id\":\"https:\\\/\\\/www.conveniosocial.com.br\\\/blog\\\/#\\\/schema\\\/logo\\\/image\\\/\",\"url\":\"https:\\\/\\\/www.conveniosocial.com.br\\\/blog\\\/wp-content\\\/uploads\\\/2021\\\/11\\\/novo_logo-convenio-socia-digital.png\",\"contentUrl\":\"https:\\\/\\\/www.conveniosocial.com.br\\\/blog\\\/wp-content\\\/uploads\\\/2021\\\/11\\\/novo_logo-convenio-socia-digital.png\",\"width\":400,\"height\":102,\"caption\":\"Conv\u00eanio Social\"},\"image\":{\"@id\":\"https:\\\/\\\/www.conveniosocial.com.br\\\/blog\\\/#\\\/schema\\\/logo\\\/image\\\/\"}}]}<\/script>\n<!-- \/ Yoast SEO Premium plugin. -->","yoast_head_json":{"title":"Vera Lucia Est\u00e9tica e Sa\u00fade em Duque de Caxias - Conv\u00eanio Social","robots":{"index":"index","follow":"follow","max-snippet":"max-snippet:-1","max-image-preview":"max-image-preview:large","max-video-preview":"max-video-preview:-1"},"canonical":"https:\/\/www.conveniosocial.com.br\/blog\/saude\/vera-lucia-estetica-e-saude-em-duque-de-caxias\/","og_locale":"pt_BR","og_type":"article","og_title":"Vera Lucia Est\u00e9tica e Sa\u00fade em Duque de Caxias","og_description":"Vera Lucia Est\u00e9tica e Sa\u00fade em Duque de Caxias A Vera Lucia Est\u00e9tica e Sa\u00fade \u00e9 uma cl\u00ednica localizada no cora\u00e7\u00e3o de Duque de Caxias, RJ, no bairro Centro. Com um ambiente acolhedor e humanizado, nossa miss\u00e3o \u00e9 proporcionar aos nossos pacientes tratamentos est\u00e9ticos de alta qualidade, sempre com aten\u00e7\u00e3o \u00e0s suas necessidades e ao [&hellip;]","og_url":"https:\/\/www.conveniosocial.com.br\/blog\/saude\/vera-lucia-estetica-e-saude-em-duque-de-caxias\/","og_site_name":"Conv\u00eanio Social","article_published_time":"2026-01-24T12:00:26+00:00","twitter_card":"summary_large_image","twitter_misc":{"Est. tempo de leitura":"3 minutos"},"schema":{"@context":"https:\/\/schema.org","@graph":[{"@type":"Article","@id":"https:\/\/www.conveniosocial.com.br\/blog\/saude\/vera-lucia-estetica-e-saude-em-duque-de-caxias\/#article","isPartOf":{"@id":"https:\/\/www.conveniosocial.com.br\/blog\/saude\/vera-lucia-estetica-e-saude-em-duque-de-caxias\/"},"author":{"name":"","@id":""},"headline":"Vera Lucia Est\u00e9tica e Sa\u00fade em Duque de Caxias","datePublished":"2026-01-24T12:00:26+00:00","mainEntityOfPage":{"@id":"https:\/\/www.conveniosocial.com.br\/blog\/saude\/vera-lucia-estetica-e-saude-em-duque-de-caxias\/"},"wordCount":655,"commentCount":0,"publisher":{"@id":"https:\/\/www.conveniosocial.com.br\/blog\/#organization"},"articleSection":["Est\u00e9tica","Sa\u00fade","Tratamentos Corporais"],"inLanguage":"pt-BR"},{"@type":"WebPage","@id":"https:\/\/www.conveniosocial.com.br\/blog\/saude\/vera-lucia-estetica-e-saude-em-duque-de-caxias\/","url":"https:\/\/www.conveniosocial.com.br\/blog\/saude\/vera-lucia-estetica-e-saude-em-duque-de-caxias\/","name":"Vera Lucia Est\u00e9tica e Sa\u00fade em Duque de Caxias - Conv\u00eanio Social","isPartOf":{"@id":"https:\/\/www.conveniosocial.com.br\/blog\/#website"},"datePublished":"2026-01-24T12:00:26+00:00","breadcrumb":{"@id":"https:\/\/www.conveniosocial.com.br\/blog\/saude\/vera-lucia-estetica-e-saude-em-duque-de-caxias\/#breadcrumb"},"inLanguage":"pt-BR","potentialAction":[{"@type":"ReadAction","target":["https:\/\/www.conveniosocial.com.br\/blog\/saude\/vera-lucia-estetica-e-saude-em-duque-de-caxias\/"]}]},{"@type":"BreadcrumbList","@id":"https:\/\/www.conveniosocial.com.br\/blog\/saude\/vera-lucia-estetica-e-saude-em-duque-de-caxias\/#breadcrumb","itemListElement":[{"@type":"ListItem","position":1,"name":"Home","item":"https:\/\/www.conveniosocial.com.br\/blog\/"},{"@type":"ListItem","position":2,"name":"Est\u00e9tica","item":"https:\/\/www.conveniosocial.com.br\/blog\/estetica\/"},{"@type":"ListItem","position":3,"name":"Vera Lucia Est\u00e9tica e Sa\u00fade em Duque de Caxias"}]},{"@type":"WebSite","@id":"https:\/\/www.conveniosocial.com.br\/blog\/#website","url":"https:\/\/www.conveniosocial.com.br\/blog\/","name":"Conv\u00eanio Social","description":"Informa\u00e7\u00f5es de Sa\u00fade e Bem-estar, Consultas e Exames Popular","publisher":{"@id":"https:\/\/www.conveniosocial.com.br\/blog\/#organization"},"potentialAction":[{"@type":"SearchAction","target":{"@type":"EntryPoint","urlTemplate":"https:\/\/www.conveniosocial.com.br\/blog\/?s={search_term_string}"},"query-input":{"@type":"PropertyValueSpecification","valueRequired":true,"valueName":"search_term_string"}}],"inLanguage":"pt-BR"},{"@type":"Organization","@id":"https:\/\/www.conveniosocial.com.br\/blog\/#organization","name":"Conv\u00eanio Social","url":"https:\/\/www.conveniosocial.com.br\/blog\/","logo":{"@type":"ImageObject","inLanguage":"pt-BR","@id":"https:\/\/www.conveniosocial.com.br\/blog\/#\/schema\/logo\/image\/","url":"https:\/\/www.conveniosocial.com.br\/blog\/wp-content\/uploads\/2021\/11\/novo_logo-convenio-socia-digital.png","contentUrl":"https:\/\/www.conveniosocial.com.br\/blog\/wp-content\/uploads\/2021\/11\/novo_logo-convenio-socia-digital.png","width":400,"height":102,"caption":"Conv\u00eanio Social"},"image":{"@id":"https:\/\/www.conveniosocial.com.br\/blog\/#\/schema\/logo\/image\/"}}]}},"_links":{"self":[{"href":"https:\/\/www.conveniosocial.com.br\/blog\/wp-json\/wp\/v2\/posts\/150182","targetHints":{"allow":["GET"]}}],"collection":[{"href":"https:\/\/www.conveniosocial.com.br\/blog\/wp-json\/wp\/v2\/posts"}],"about":[{"href":"https:\/\/www.conveniosocial.com.br\/blog\/wp-json\/wp\/v2\/types\/post"}],"replies":[{"embeddable":true,"href":"https:\/\/www.conveniosocial.com.br\/blog\/wp-json\/wp\/v2\/comments?post=150182"}],"version-history":[{"count":0,"href":"https:\/\/www.conveniosocial.com.br\/blog\/wp-json\/wp\/v2\/posts\/150182\/revisions"}],"wp:attachment":[{"href":"https:\/\/www.conveniosocial.com.br\/blog\/wp-json\/wp\/v2\/media?parent=150182"}],"wp:term":[{"taxonomy":"category","embeddable":true,"href":"https:\/\/www.conveniosocial.com.br\/blog\/wp-json\/wp\/v2\/categories?post=150182"},{"taxonomy":"post_tag","embeddable":true,"href":"https:\/\/www.conveniosocial.com.br\/blog\/wp-json\/wp\/v2\/tags?post=150182"}],"curies":[{"name":"wp","href":"https:\/\/api.w.org\/{rel}","templated":true}]}}