{"id":150185,"date":"2026-01-24T09:00:26","date_gmt":"2026-01-24T12:00:26","guid":{"rendered":"https:\/\/www.conveniosocial.com.br\/blog\/nehuma\/instituto-e-clinica-sabrina-monteiro-sua-beleza-em-primeiro-lugar\/"},"modified":"2026-01-24T09:00:26","modified_gmt":"2026-01-24T12:00:26","slug":"instituto-e-clinica-sabrina-monteiro-sua-beleza-em-primeiro-lugar","status":"publish","type":"post","link":"https:\/\/www.conveniosocial.com.br\/blog\/estetica\/instituto-e-clinica-sabrina-monteiro-sua-beleza-em-primeiro-lugar\/","title":{"rendered":"Instituto e Cl\u00ednica Sabrina Monteiro: Sua Beleza em Primeiro Lugar"},"content":{"rendered":"<div id=\"ez-toc-container\" class=\"ez-toc-v2_0_82_2 counter-flat ez-toc-counter ez-toc-white ez-toc-container-direction\">\n<p class=\"ez-toc-title\" style=\"cursor:inherit\">\u00cdndice do Conte\u00fado<\/p>\n<label for=\"ez-toc-cssicon-toggle-item-69f2e8a258d71\" class=\"ez-toc-cssicon-toggle-label\"><span class=\"ez-toc-cssicon\"><span class=\"eztoc-hide\" style=\"display:none;\">Toggle<\/span><span class=\"ez-toc-icon-toggle-span\"><svg style=\"fill: #999;color:#999\" xmlns=\"http:\/\/www.w3.org\/2000\/svg\" class=\"list-377408\" width=\"20px\" height=\"20px\" viewBox=\"0 0 24 24\" fill=\"none\"><path d=\"M6 6H4v2h2V6zm14 0H8v2h12V6zM4 11h2v2H4v-2zm16 0H8v2h12v-2zM4 16h2v2H4v-2zm16 0H8v2h12v-2z\" fill=\"currentColor\"><\/path><\/svg><svg style=\"fill: #999;color:#999\" class=\"arrow-unsorted-368013\" xmlns=\"http:\/\/www.w3.org\/2000\/svg\" width=\"10px\" height=\"10px\" viewBox=\"0 0 24 24\" version=\"1.2\" baseProfile=\"tiny\"><path d=\"M18.2 9.3l-6.2-6.3-6.2 6.3c-.2.2-.3.4-.3.7s.1.5.3.7c.2.2.4.3.7.3h11c.3 0 .5-.1.7-.3.2-.2.3-.5.3-.7s-.1-.5-.3-.7zM5.8 14.7l6.2 6.3 6.2-6.3c.2-.2.3-.5.3-.7s-.1-.5-.3-.7c-.2-.2-.4-.3-.7-.3h-11c-.3 0-.5.1-.7.3-.2.2-.3.5-.3.7s.1.5.3.7z\"\/><\/svg><\/span><\/span><\/label><input type=\"checkbox\"  id=\"ez-toc-cssicon-toggle-item-69f2e8a258d71\" checked aria-label=\"Alternar\" \/><nav><ul class='ez-toc-list ez-toc-list-level-1 ' ><li class='ez-toc-page-1'><a class=\"ez-toc-link ez-toc-heading-1\" href=\"https:\/\/www.conveniosocial.com.br\/blog\/estetica\/instituto-e-clinica-sabrina-monteiro-sua-beleza-em-primeiro-lugar\/#Instituto_e_Clinica_Sabrina_Monteiro_Sua_Beleza_em_Primeiro_Lugar\" >Instituto e Cl\u00ednica Sabrina Monteiro: Sua Beleza em Primeiro Lugar<\/a><\/li><li class='ez-toc-page-1'><a class=\"ez-toc-link ez-toc-heading-2\" href=\"https:\/\/www.conveniosocial.com.br\/blog\/estetica\/instituto-e-clinica-sabrina-monteiro-sua-beleza-em-primeiro-lugar\/#Perguntas_Frequentes\" >Perguntas Frequentes<\/a><\/li><li class='ez-toc-page-1'><a class=\"ez-toc-link ez-toc-heading-3\" href=\"https:\/\/www.conveniosocial.com.br\/blog\/estetica\/instituto-e-clinica-sabrina-monteiro-sua-beleza-em-primeiro-lugar\/#Contato\" >Contato<\/a><\/li><\/ul><\/nav><\/div>\n<h2><span class=\"ez-toc-section\" id=\"Instituto_e_Clinica_Sabrina_Monteiro_Sua_Beleza_em_Primeiro_Lugar\"><\/span>Instituto e Cl\u00ednica Sabrina Monteiro: Sua Beleza em Primeiro Lugar<span class=\"ez-toc-section-end\"><\/span><\/h2>\n<p>Bem-vindo ao Instituto e Cl\u00ednica Sabrina Monteiro, um espa\u00e7o dedicado ao cuidado da sua pele e \u00e0 promo\u00e7\u00e3o da sua beleza. Localizada no cora\u00e7\u00e3o de Duque de Caxias, no bairro Jardim 25 de Agosto, nossa cl\u00ednica oferece uma gama completa de tratamentos est\u00e9ticos, sempre com foco no bem-estar e na satisfa\u00e7\u00e3o dos nossos pacientes. Sob a responsabilidade da Dra. Sabrina Monteiro, profissional reconhecida e com grande experi\u00eancia na \u00e1rea, a cl\u00ednica \u00e9 um ref\u00fagio para quem busca qualidade, seguran\u00e7a e resultados vis\u00edveis. <\/p>\n<p>Na nossa cl\u00ednica, voc\u00ea encontrar\u00e1 uma variedade de especialidades voltadas para a est\u00e9tica facial e corporal. Oferecemos procedimentos como limpeza de pele, peelings qu\u00edmicos, microagulhamento, aplica\u00e7\u00e3o de toxina botul\u00ednica (Botox), preenchimento com \u00e1cido hialur\u00f4nico, e bioestimuladores de col\u00e1geno. Para quem deseja melhorar a apar\u00eancia da pele e contornar o corpo, disponibilizamos tratamentos como depila\u00e7\u00e3o a laser, Laser CO2 fracionado, ultrassom microfocado (HIFU), criolip\u00f3lise e drenagem linf\u00e1tica. Todos esses procedimentos s\u00e3o realizados com tecnologia de ponta e produtos de alta qualidade, garantindo seguran\u00e7a e efic\u00e1cia. <\/p>\n<p>A localiza\u00e7\u00e3o da cl\u00ednica \u00e9 estrat\u00e9gica, facilitando o acesso para pacientes de diversas regi\u00f5es, incluindo bairros pr\u00f3ximos como Centro, Vila Oito de Maio e Parque Duque. Atendemos de ter\u00e7a a sexta-feira, com hor\u00e1rios flex\u00edveis que permitem que voc\u00ea agende seu tratamento conforme sua conveni\u00eancia. N\u00e3o atendemos aos domingos e segundas-feiras, mas estamos sempre prontos para receber voc\u00ea em nossos hor\u00e1rios de funcionamento: na ter\u00e7a-feira, das 10h \u00e0s 18h; na quarta-feira, das 10h \u00e0s 16h; na quinta-feira e na sexta-feira, das 10h \u00e0s 18h; e no s\u00e1bado, das 9h \u00e0s 14h. <\/p>\n<p>Nosso compromisso vai al\u00e9m da entrega de resultados est\u00e9ticos. Acreditamos no atendimento humanizado e na constru\u00e7\u00e3o de relacionamentos de confian\u00e7a com nossos pacientes. Cada visita \u00e0 nossa cl\u00ednica \u00e9 uma oportunidade de proporcionar um atendimento acolhedor e personalizado, levando em considera\u00e7\u00e3o as necessidades e desejos de cada um. <\/p>\n<p>Para agendar uma consulta ou tirar d\u00favidas, n\u00e3o hesite em entrar em contato pelo telefone 21 968750596. Embora ainda n\u00e3o tenhamos um site, voc\u00ea pode nos acompanhar nas redes sociais, onde compartilhamos dicas de cuidados com a pele e novidades sobre nossos servi\u00e7os. O Instituto e Cl\u00ednica Sabrina Monteiro est\u00e1 aqui para ajudar voc\u00ea a se sentir ainda mais bonita e confiante. Fa\u00e7a-nos uma visita e descubra como podemos transformar sua autoestima e bem-estar!<\/p>\n<h3><span class=\"ez-toc-section\" id=\"Perguntas_Frequentes\"><\/span>Perguntas Frequentes<span class=\"ez-toc-section-end\"><\/span><\/h3>\n<p>P: Quais servi\u00e7os a cl\u00ednica oferece?<br \/>\nR: Oferecemos limpeza de pele, peelings qu\u00edmicos, microagulhamento, toxina botul\u00ednica (Botox), preenchimento com \u00e1cido hialur\u00f4nico, bioestimuladores de col\u00e1geno, depila\u00e7\u00e3o a laser, Laser CO2 fracionado, ultrassom microfocado (HIFU), criolip\u00f3lise e drenagem linf\u00e1tica.<\/p>\n<p>P: Como posso agendar uma consulta?<br \/>\nR: Voc\u00ea pode agendar uma consulta entrando em contato pelo telefone 21 968750596.<\/p>\n<p>P: Quais s\u00e3o os hor\u00e1rios de atendimento?<br \/>\nR: Atendemos de ter\u00e7a a sexta-feira, com hor\u00e1rios variados. Na ter\u00e7a, das 10h \u00e0s 18h; na quarta, das 10h \u00e0s 16h; na quinta e na sexta, das 10h \u00e0s 18h; e no s\u00e1bado, das 9h \u00e0s 14h. N\u00e3o atendemos aos domingos e segundas-feiras.<\/p>\n<p>P: A cl\u00ednica aceita conv\u00eanios?<br \/>\nR: No momento, n\u00e3o temos informa\u00e7\u00f5es sobre conv\u00eanios aceitos. Recomendamos entrar em contato para mais detalhes.<\/p>\n<p>P: A Dra. Sabrina Monteiro \u00e9 qualificada?<br \/>\nR: Sim, a Dra. Sabrina Monteiro \u00e9 uma profissional qualificada e registrada no CRM sob o n\u00famero CRBM-36173.<\/p>\n<p>P: Quais s\u00e3o os m\u00e9todos de pagamento aceitos?<br \/>\nR: Informe-se sobre os m\u00e9todos de pagamento aceitos ao entrar em contato com a cl\u00ednica.<\/p>\n<p>P: A cl\u00ednica realiza procedimentos para todos os tipos de pele?<br \/>\nR: Sim, nossos tratamentos s\u00e3o adapt\u00e1veis e realizados com aten\u00e7\u00e3o \u00e0s necessidades de cada tipo de pele.<\/p>\n<p>P: Os tratamentos s\u00e3o dolorosos?<br \/>\nR: A maioria dos procedimentos \u00e9 minimamente invasiva e, quando necess\u00e1rio, utilizamos anest\u00e9sicos locais para maior conforto.<\/p>\n<p>P: Quais cuidados devo ter ap\u00f3s os procedimentos est\u00e9ticos?<br \/>\nR: Os cuidados variam conforme o procedimento realizado. Sua equipe da cl\u00ednica fornecer\u00e1 todas as orienta\u00e7\u00f5es necess\u00e1rias.<\/p>\n<p>P: A cl\u00ednica oferece promo\u00e7\u00f5es ou pacotes de servi\u00e7os?<br \/>\nR: Para informa\u00e7\u00f5es sobre promo\u00e7\u00f5es ou pacotes, entre em contato com a cl\u00ednica diretamente.<\/p>\n<h3><span class=\"ez-toc-section\" id=\"Contato\"><\/span>Contato<span class=\"ez-toc-section-end\"><\/span><\/h3>\n<p><strong>Tel.:  | <\/strong><br \/>\n<strong>WhatsApp: &#8211; <\/strong><\/p>\n","protected":false},"excerpt":{"rendered":"<p>Instituto e Cl\u00ednica Sabrina Monteiro: Sua Beleza em Primeiro Lugar Bem-vindo ao Instituto e Cl\u00ednica Sabrina Monteiro, um espa\u00e7o dedicado ao cuidado da sua pele e \u00e0 promo\u00e7\u00e3o da sua beleza. Localizada no cora\u00e7\u00e3o de Duque de Caxias, no bairro Jardim 25 de Agosto, nossa cl\u00ednica oferece uma gama completa de tratamentos est\u00e9ticos, sempre com [&hellip;]<\/p>\n","protected":false},"author":0,"featured_media":0,"comment_status":"open","ping_status":"open","sticky":false,"template":"","format":"standard","meta":{"_et_pb_use_builder":"o","_et_pb_old_content":"","_et_gb_content_width":"","footnotes":""},"categories":[1349,722,684],"tags":[],"class_list":["post-150185","post","type-post","status-publish","format-standard","hentry","category-cuidados-com-a-pele","category-dermatologia-consultorios-e-clinicas","category-estetica"],"yoast_head":"<!-- This site is optimized with the Yoast SEO Premium plugin v21.3 (Yoast SEO v27.5) - https:\/\/yoast.com\/product\/yoast-seo-premium-wordpress\/ -->\n<title>Instituto e Cl\u00ednica Sabrina Monteiro: Sua Beleza em Primeiro Lugar - Conv\u00eanio Social<\/title>\n<meta name=\"robots\" content=\"index, follow, max-snippet:-1, max-image-preview:large, max-video-preview:-1\" \/>\n<link rel=\"canonical\" href=\"https:\/\/www.conveniosocial.com.br\/blog\/estetica\/instituto-e-clinica-sabrina-monteiro-sua-beleza-em-primeiro-lugar\/\" \/>\n<meta property=\"og:locale\" content=\"pt_BR\" \/>\n<meta property=\"og:type\" content=\"article\" \/>\n<meta property=\"og:title\" content=\"Instituto e Cl\u00ednica Sabrina Monteiro: Sua Beleza em Primeiro Lugar\" \/>\n<meta property=\"og:description\" content=\"Instituto e Cl\u00ednica Sabrina Monteiro: Sua Beleza em Primeiro Lugar Bem-vindo ao Instituto e Cl\u00ednica Sabrina Monteiro, um espa\u00e7o dedicado ao cuidado da sua pele e \u00e0 promo\u00e7\u00e3o da sua beleza. Localizada no cora\u00e7\u00e3o de Duque de Caxias, no bairro Jardim 25 de Agosto, nossa cl\u00ednica oferece uma gama completa de tratamentos est\u00e9ticos, sempre com [&hellip;]\" \/>\n<meta property=\"og:url\" content=\"https:\/\/www.conveniosocial.com.br\/blog\/estetica\/instituto-e-clinica-sabrina-monteiro-sua-beleza-em-primeiro-lugar\/\" \/>\n<meta property=\"og:site_name\" content=\"Conv\u00eanio Social\" \/>\n<meta property=\"article:published_time\" content=\"2026-01-24T12:00:26+00:00\" \/>\n<meta name=\"twitter:card\" content=\"summary_large_image\" \/>\n<meta name=\"twitter:label1\" content=\"Est. tempo de leitura\" \/>\n\t<meta name=\"twitter:data1\" content=\"4 minutos\" \/>\n<script type=\"application\/ld+json\" class=\"yoast-schema-graph\">{\"@context\":\"https:\\\/\\\/schema.org\",\"@graph\":[{\"@type\":\"Article\",\"@id\":\"https:\\\/\\\/www.conveniosocial.com.br\\\/blog\\\/estetica\\\/instituto-e-clinica-sabrina-monteiro-sua-beleza-em-primeiro-lugar\\\/#article\",\"isPartOf\":{\"@id\":\"https:\\\/\\\/www.conveniosocial.com.br\\\/blog\\\/estetica\\\/instituto-e-clinica-sabrina-monteiro-sua-beleza-em-primeiro-lugar\\\/\"},\"author\":{\"name\":\"\",\"@id\":\"\"},\"headline\":\"Instituto e Cl\u00ednica Sabrina Monteiro: Sua Beleza em Primeiro Lugar\",\"datePublished\":\"2026-01-24T12:00:26+00:00\",\"mainEntityOfPage\":{\"@id\":\"https:\\\/\\\/www.conveniosocial.com.br\\\/blog\\\/estetica\\\/instituto-e-clinica-sabrina-monteiro-sua-beleza-em-primeiro-lugar\\\/\"},\"wordCount\":761,\"commentCount\":0,\"publisher\":{\"@id\":\"https:\\\/\\\/www.conveniosocial.com.br\\\/blog\\\/#organization\"},\"articleSection\":[\"Cuidados com a Pele\",\"Dermatologia\",\"Est\u00e9tica\"],\"inLanguage\":\"pt-BR\"},{\"@type\":\"WebPage\",\"@id\":\"https:\\\/\\\/www.conveniosocial.com.br\\\/blog\\\/estetica\\\/instituto-e-clinica-sabrina-monteiro-sua-beleza-em-primeiro-lugar\\\/\",\"url\":\"https:\\\/\\\/www.conveniosocial.com.br\\\/blog\\\/estetica\\\/instituto-e-clinica-sabrina-monteiro-sua-beleza-em-primeiro-lugar\\\/\",\"name\":\"Instituto e Cl\u00ednica Sabrina Monteiro: Sua Beleza em Primeiro Lugar - Conv\u00eanio Social\",\"isPartOf\":{\"@id\":\"https:\\\/\\\/www.conveniosocial.com.br\\\/blog\\\/#website\"},\"datePublished\":\"2026-01-24T12:00:26+00:00\",\"breadcrumb\":{\"@id\":\"https:\\\/\\\/www.conveniosocial.com.br\\\/blog\\\/estetica\\\/instituto-e-clinica-sabrina-monteiro-sua-beleza-em-primeiro-lugar\\\/#breadcrumb\"},\"inLanguage\":\"pt-BR\",\"potentialAction\":[{\"@type\":\"ReadAction\",\"target\":[\"https:\\\/\\\/www.conveniosocial.com.br\\\/blog\\\/estetica\\\/instituto-e-clinica-sabrina-monteiro-sua-beleza-em-primeiro-lugar\\\/\"]}]},{\"@type\":\"BreadcrumbList\",\"@id\":\"https:\\\/\\\/www.conveniosocial.com.br\\\/blog\\\/estetica\\\/instituto-e-clinica-sabrina-monteiro-sua-beleza-em-primeiro-lugar\\\/#breadcrumb\",\"itemListElement\":[{\"@type\":\"ListItem\",\"position\":1,\"name\":\"Home\",\"item\":\"https:\\\/\\\/www.conveniosocial.com.br\\\/blog\\\/\"},{\"@type\":\"ListItem\",\"position\":2,\"name\":\"Cuidados com a Pele\",\"item\":\"https:\\\/\\\/www.conveniosocial.com.br\\\/blog\\\/cuidados-com-a-pele\\\/\"},{\"@type\":\"ListItem\",\"position\":3,\"name\":\"Instituto e Cl\u00ednica Sabrina Monteiro: Sua Beleza em Primeiro Lugar\"}]},{\"@type\":\"WebSite\",\"@id\":\"https:\\\/\\\/www.conveniosocial.com.br\\\/blog\\\/#website\",\"url\":\"https:\\\/\\\/www.conveniosocial.com.br\\\/blog\\\/\",\"name\":\"Conv\u00eanio Social\",\"description\":\"Informa\u00e7\u00f5es de Sa\u00fade e Bem-estar, Consultas e Exames Popular\",\"publisher\":{\"@id\":\"https:\\\/\\\/www.conveniosocial.com.br\\\/blog\\\/#organization\"},\"potentialAction\":[{\"@type\":\"SearchAction\",\"target\":{\"@type\":\"EntryPoint\",\"urlTemplate\":\"https:\\\/\\\/www.conveniosocial.com.br\\\/blog\\\/?s={search_term_string}\"},\"query-input\":{\"@type\":\"PropertyValueSpecification\",\"valueRequired\":true,\"valueName\":\"search_term_string\"}}],\"inLanguage\":\"pt-BR\"},{\"@type\":\"Organization\",\"@id\":\"https:\\\/\\\/www.conveniosocial.com.br\\\/blog\\\/#organization\",\"name\":\"Conv\u00eanio Social\",\"url\":\"https:\\\/\\\/www.conveniosocial.com.br\\\/blog\\\/\",\"logo\":{\"@type\":\"ImageObject\",\"inLanguage\":\"pt-BR\",\"@id\":\"https:\\\/\\\/www.conveniosocial.com.br\\\/blog\\\/#\\\/schema\\\/logo\\\/image\\\/\",\"url\":\"https:\\\/\\\/www.conveniosocial.com.br\\\/blog\\\/wp-content\\\/uploads\\\/2021\\\/11\\\/novo_logo-convenio-socia-digital.png\",\"contentUrl\":\"https:\\\/\\\/www.conveniosocial.com.br\\\/blog\\\/wp-content\\\/uploads\\\/2021\\\/11\\\/novo_logo-convenio-socia-digital.png\",\"width\":400,\"height\":102,\"caption\":\"Conv\u00eanio Social\"},\"image\":{\"@id\":\"https:\\\/\\\/www.conveniosocial.com.br\\\/blog\\\/#\\\/schema\\\/logo\\\/image\\\/\"}}]}<\/script>\n<!-- \/ Yoast SEO Premium plugin. -->","yoast_head_json":{"title":"Instituto e Cl\u00ednica Sabrina Monteiro: Sua Beleza em Primeiro Lugar - Conv\u00eanio Social","robots":{"index":"index","follow":"follow","max-snippet":"max-snippet:-1","max-image-preview":"max-image-preview:large","max-video-preview":"max-video-preview:-1"},"canonical":"https:\/\/www.conveniosocial.com.br\/blog\/estetica\/instituto-e-clinica-sabrina-monteiro-sua-beleza-em-primeiro-lugar\/","og_locale":"pt_BR","og_type":"article","og_title":"Instituto e Cl\u00ednica Sabrina Monteiro: Sua Beleza em Primeiro Lugar","og_description":"Instituto e Cl\u00ednica Sabrina Monteiro: Sua Beleza em Primeiro Lugar Bem-vindo ao Instituto e Cl\u00ednica Sabrina Monteiro, um espa\u00e7o dedicado ao cuidado da sua pele e \u00e0 promo\u00e7\u00e3o da sua beleza. Localizada no cora\u00e7\u00e3o de Duque de Caxias, no bairro Jardim 25 de Agosto, nossa cl\u00ednica oferece uma gama completa de tratamentos est\u00e9ticos, sempre com [&hellip;]","og_url":"https:\/\/www.conveniosocial.com.br\/blog\/estetica\/instituto-e-clinica-sabrina-monteiro-sua-beleza-em-primeiro-lugar\/","og_site_name":"Conv\u00eanio Social","article_published_time":"2026-01-24T12:00:26+00:00","twitter_card":"summary_large_image","twitter_misc":{"Est. tempo de leitura":"4 minutos"},"schema":{"@context":"https:\/\/schema.org","@graph":[{"@type":"Article","@id":"https:\/\/www.conveniosocial.com.br\/blog\/estetica\/instituto-e-clinica-sabrina-monteiro-sua-beleza-em-primeiro-lugar\/#article","isPartOf":{"@id":"https:\/\/www.conveniosocial.com.br\/blog\/estetica\/instituto-e-clinica-sabrina-monteiro-sua-beleza-em-primeiro-lugar\/"},"author":{"name":"","@id":""},"headline":"Instituto e Cl\u00ednica Sabrina Monteiro: Sua Beleza em Primeiro Lugar","datePublished":"2026-01-24T12:00:26+00:00","mainEntityOfPage":{"@id":"https:\/\/www.conveniosocial.com.br\/blog\/estetica\/instituto-e-clinica-sabrina-monteiro-sua-beleza-em-primeiro-lugar\/"},"wordCount":761,"commentCount":0,"publisher":{"@id":"https:\/\/www.conveniosocial.com.br\/blog\/#organization"},"articleSection":["Cuidados com a Pele","Dermatologia","Est\u00e9tica"],"inLanguage":"pt-BR"},{"@type":"WebPage","@id":"https:\/\/www.conveniosocial.com.br\/blog\/estetica\/instituto-e-clinica-sabrina-monteiro-sua-beleza-em-primeiro-lugar\/","url":"https:\/\/www.conveniosocial.com.br\/blog\/estetica\/instituto-e-clinica-sabrina-monteiro-sua-beleza-em-primeiro-lugar\/","name":"Instituto e Cl\u00ednica Sabrina Monteiro: Sua Beleza em Primeiro Lugar - Conv\u00eanio Social","isPartOf":{"@id":"https:\/\/www.conveniosocial.com.br\/blog\/#website"},"datePublished":"2026-01-24T12:00:26+00:00","breadcrumb":{"@id":"https:\/\/www.conveniosocial.com.br\/blog\/estetica\/instituto-e-clinica-sabrina-monteiro-sua-beleza-em-primeiro-lugar\/#breadcrumb"},"inLanguage":"pt-BR","potentialAction":[{"@type":"ReadAction","target":["https:\/\/www.conveniosocial.com.br\/blog\/estetica\/instituto-e-clinica-sabrina-monteiro-sua-beleza-em-primeiro-lugar\/"]}]},{"@type":"BreadcrumbList","@id":"https:\/\/www.conveniosocial.com.br\/blog\/estetica\/instituto-e-clinica-sabrina-monteiro-sua-beleza-em-primeiro-lugar\/#breadcrumb","itemListElement":[{"@type":"ListItem","position":1,"name":"Home","item":"https:\/\/www.conveniosocial.com.br\/blog\/"},{"@type":"ListItem","position":2,"name":"Cuidados com a Pele","item":"https:\/\/www.conveniosocial.com.br\/blog\/cuidados-com-a-pele\/"},{"@type":"ListItem","position":3,"name":"Instituto e Cl\u00ednica Sabrina Monteiro: Sua Beleza em Primeiro Lugar"}]},{"@type":"WebSite","@id":"https:\/\/www.conveniosocial.com.br\/blog\/#website","url":"https:\/\/www.conveniosocial.com.br\/blog\/","name":"Conv\u00eanio Social","description":"Informa\u00e7\u00f5es de Sa\u00fade e Bem-estar, Consultas e Exames Popular","publisher":{"@id":"https:\/\/www.conveniosocial.com.br\/blog\/#organization"},"potentialAction":[{"@type":"SearchAction","target":{"@type":"EntryPoint","urlTemplate":"https:\/\/www.conveniosocial.com.br\/blog\/?s={search_term_string}"},"query-input":{"@type":"PropertyValueSpecification","valueRequired":true,"valueName":"search_term_string"}}],"inLanguage":"pt-BR"},{"@type":"Organization","@id":"https:\/\/www.conveniosocial.com.br\/blog\/#organization","name":"Conv\u00eanio Social","url":"https:\/\/www.conveniosocial.com.br\/blog\/","logo":{"@type":"ImageObject","inLanguage":"pt-BR","@id":"https:\/\/www.conveniosocial.com.br\/blog\/#\/schema\/logo\/image\/","url":"https:\/\/www.conveniosocial.com.br\/blog\/wp-content\/uploads\/2021\/11\/novo_logo-convenio-socia-digital.png","contentUrl":"https:\/\/www.conveniosocial.com.br\/blog\/wp-content\/uploads\/2021\/11\/novo_logo-convenio-socia-digital.png","width":400,"height":102,"caption":"Conv\u00eanio Social"},"image":{"@id":"https:\/\/www.conveniosocial.com.br\/blog\/#\/schema\/logo\/image\/"}}]}},"_links":{"self":[{"href":"https:\/\/www.conveniosocial.com.br\/blog\/wp-json\/wp\/v2\/posts\/150185","targetHints":{"allow":["GET"]}}],"collection":[{"href":"https:\/\/www.conveniosocial.com.br\/blog\/wp-json\/wp\/v2\/posts"}],"about":[{"href":"https:\/\/www.conveniosocial.com.br\/blog\/wp-json\/wp\/v2\/types\/post"}],"replies":[{"embeddable":true,"href":"https:\/\/www.conveniosocial.com.br\/blog\/wp-json\/wp\/v2\/comments?post=150185"}],"version-history":[{"count":0,"href":"https:\/\/www.conveniosocial.com.br\/blog\/wp-json\/wp\/v2\/posts\/150185\/revisions"}],"wp:attachment":[{"href":"https:\/\/www.conveniosocial.com.br\/blog\/wp-json\/wp\/v2\/media?parent=150185"}],"wp:term":[{"taxonomy":"category","embeddable":true,"href":"https:\/\/www.conveniosocial.com.br\/blog\/wp-json\/wp\/v2\/categories?post=150185"},{"taxonomy":"post_tag","embeddable":true,"href":"https:\/\/www.conveniosocial.com.br\/blog\/wp-json\/wp\/v2\/tags?post=150185"}],"curies":[{"name":"wp","href":"https:\/\/api.w.org\/{rel}","templated":true}]}}