{"id":150200,"date":"2026-01-24T21:00:20","date_gmt":"2026-01-25T00:00:20","guid":{"rendered":"https:\/\/www.conveniosocial.com.br\/blog\/nehuma\/dra-natalia-abrantes-grossi-clinica-de-saude-em-vitoria\/"},"modified":"2026-01-24T21:00:20","modified_gmt":"2026-01-25T00:00:20","slug":"dra-natalia-abrantes-grossi-clinica-de-saude-em-vitoria","status":"publish","type":"post","link":"https:\/\/www.conveniosocial.com.br\/blog\/exames-dermatologicos\/dra-natalia-abrantes-grossi-clinica-de-saude-em-vitoria\/","title":{"rendered":"Dra. Natalia Abrantes Grossi: Cl\u00ednica de Sa\u00fade em Vit\u00f3ria"},"content":{"rendered":"<div id=\"ez-toc-container\" class=\"ez-toc-v2_0_82_2 counter-flat ez-toc-counter ez-toc-white ez-toc-container-direction\">\n<p class=\"ez-toc-title\" style=\"cursor:inherit\">\u00cdndice do Conte\u00fado<\/p>\n<label for=\"ez-toc-cssicon-toggle-item-69f2f8feb91ca\" class=\"ez-toc-cssicon-toggle-label\"><span class=\"ez-toc-cssicon\"><span class=\"eztoc-hide\" style=\"display:none;\">Toggle<\/span><span class=\"ez-toc-icon-toggle-span\"><svg style=\"fill: #999;color:#999\" xmlns=\"http:\/\/www.w3.org\/2000\/svg\" class=\"list-377408\" width=\"20px\" height=\"20px\" viewBox=\"0 0 24 24\" fill=\"none\"><path d=\"M6 6H4v2h2V6zm14 0H8v2h12V6zM4 11h2v2H4v-2zm16 0H8v2h12v-2zM4 16h2v2H4v-2zm16 0H8v2h12v-2z\" fill=\"currentColor\"><\/path><\/svg><svg style=\"fill: #999;color:#999\" class=\"arrow-unsorted-368013\" xmlns=\"http:\/\/www.w3.org\/2000\/svg\" width=\"10px\" height=\"10px\" viewBox=\"0 0 24 24\" version=\"1.2\" baseProfile=\"tiny\"><path d=\"M18.2 9.3l-6.2-6.3-6.2 6.3c-.2.2-.3.4-.3.7s.1.5.3.7c.2.2.4.3.7.3h11c.3 0 .5-.1.7-.3.2-.2.3-.5.3-.7s-.1-.5-.3-.7zM5.8 14.7l6.2 6.3 6.2-6.3c.2-.2.3-.5.3-.7s-.1-.5-.3-.7c-.2-.2-.4-.3-.7-.3h-11c-.3 0-.5.1-.7.3-.2.2-.3.5-.3.7s.1.5.3.7z\"\/><\/svg><\/span><\/span><\/label><input type=\"checkbox\"  id=\"ez-toc-cssicon-toggle-item-69f2f8feb91ca\" checked aria-label=\"Alternar\" \/><nav><ul class='ez-toc-list ez-toc-list-level-1 ' ><li class='ez-toc-page-1'><a class=\"ez-toc-link ez-toc-heading-1\" href=\"https:\/\/www.conveniosocial.com.br\/blog\/exames-dermatologicos\/dra-natalia-abrantes-grossi-clinica-de-saude-em-vitoria\/#Dra_Natalia_Abrantes_Grossi_Clinica_de_Saude_em_Vitoria\" >Dra. Natalia Abrantes Grossi: Cl\u00ednica de Sa\u00fade em Vit\u00f3ria<\/a><\/li><li class='ez-toc-page-1'><a class=\"ez-toc-link ez-toc-heading-2\" href=\"https:\/\/www.conveniosocial.com.br\/blog\/exames-dermatologicos\/dra-natalia-abrantes-grossi-clinica-de-saude-em-vitoria\/#Perguntas_Frequentes\" >Perguntas Frequentes<\/a><\/li><li class='ez-toc-page-1'><a class=\"ez-toc-link ez-toc-heading-3\" href=\"https:\/\/www.conveniosocial.com.br\/blog\/exames-dermatologicos\/dra-natalia-abrantes-grossi-clinica-de-saude-em-vitoria\/#Contato\" >Contato<\/a><\/li><\/ul><\/nav><\/div>\n<h2><span class=\"ez-toc-section\" id=\"Dra_Natalia_Abrantes_Grossi_Clinica_de_Saude_em_Vitoria\"><\/span>Dra. Natalia Abrantes Grossi: Cl\u00ednica de Sa\u00fade em Vit\u00f3ria<span class=\"ez-toc-section-end\"><\/span><\/h2>\n<p>A Dra. Natalia Abrantes Grossi \u00e9 uma renomada especialista em sa\u00fade, localizada no cora\u00e7\u00e3o de Vit\u00f3ria, na Enseada do Su\u00e1. Com um compromisso profundo com o cuidado e o bem-estar dos pacientes, a cl\u00ednica oferece uma gama de servi\u00e7os voltados para o diagn\u00f3stico e tratamento de condi\u00e7\u00f5es dermatol\u00f3gicas e cir\u00fargicas. O ambiente acolhedor e humanizado \u00e9 um dos diferenciais que fazem da cl\u00ednica um local de confian\u00e7a para os pacientes.<\/p>\n<p>A cl\u00ednica destaca-se na realiza\u00e7\u00e3o de bi\u00f3psias de pele e tecidos, um procedimento essencial para o diagn\u00f3stico preciso de diversas condi\u00e7\u00f5es dermatol\u00f3gicas. Al\u00e9m disso, a Dra. Natalia realiza uma variedade de exames e procedimentos cir\u00fargicos, como ex\u00e9rese de tumor, eletrocauteriza\u00e7\u00e3o para retirada de verrugas, herniorrafia inguinal videolaparosc\u00f3pica, histerectomia, paracentese, cantoplastia ungueal e cirurgia de pedra na ves\u00edcula. Cada um desses servi\u00e7os \u00e9 executado com o m\u00e1ximo de cuidado e aten\u00e7\u00e3o aos detalhes, garantindo a seguran\u00e7a e a satisfa\u00e7\u00e3o do paciente.<\/p>\n<p>Localizada em uma regi\u00e3o de f\u00e1cil acesso, a cl\u00ednica \u00e9 cercada por diversos bairros como Praia do Canto, Ilha do Frade, Santa L\u00facia, Santa Helena, Barro Vermelho, Jardim da Penha, Bairro Rep\u00fablica e Mata da Praia. Essa localiza\u00e7\u00e3o privilegiada facilita a chegada de pacientes de diversas \u00e1reas, tornando a experi\u00eancia ainda mais conveniente.<\/p>\n<p>Atendendo de segunda a sexta-feira, das 08:00 \u00e0s 20:00 horas, e aos s\u00e1bados, das 08:00 \u00e0s 14:00 horas, a Dra. Natalia Abrantes Grossi est\u00e1 sempre dispon\u00edvel para atender \u00e0s necessidades de seus pacientes. A cl\u00ednica aceita pacientes particulares, o que permite um atendimento personalizado e de qualidade, sem as limita\u00e7\u00f5es impostas por conv\u00eanios. <\/p>\n<p>A Dra. Natalia \u00e9 tamb\u00e9m respons\u00e1vel t\u00e9cnica e possui CRM ES 15057 e RQE N\u00ba 13582, garantindo a voc\u00ea um atendimento seguro e de qualidade. Para mais informa\u00e7\u00f5es sobre os servi\u00e7os oferecidos, entre em contato com a cl\u00ednica pelo telefone e siga-nos no Instagram para ficar por dentro de novidades e dicas de sa\u00fade.<\/p>\n<p>A Dra. Natalia e sua equipe est\u00e3o comprometidas em oferecer um atendimento que prioriza a sa\u00fade e o bem-estar dos pacientes, sempre com um olhar atento \u00e0s necessidades individuais. Agende sua consulta e venha conhecer um espa\u00e7o onde a sa\u00fade \u00e9 tratada com carinho e profissionalismo.<\/p>\n<h3><span class=\"ez-toc-section\" id=\"Perguntas_Frequentes\"><\/span>Perguntas Frequentes<span class=\"ez-toc-section-end\"><\/span><\/h3>\n<p>P: Quais s\u00e3o as especialidades da cl\u00ednica?<br \/>\nR: A cl\u00ednica da Dra. Natalia Abrantes Grossi \u00e9 especializada em bi\u00f3psias de pele e procedimentos cir\u00fargicos relacionados \u00e0 sa\u00fade da pele.<\/p>\n<p>P: Onde est\u00e1 localizada a cl\u00ednica?<br \/>\nR: A cl\u00ednica est\u00e1 situada na Enseada do Su\u00e1, em Vit\u00f3ria &#8211; ES, uma \u00e1rea de f\u00e1cil acesso.<\/p>\n<p>P: Quais procedimentos cir\u00fargicos s\u00e3o realizados na cl\u00ednica?<br \/>\nR: Realizamos ex\u00e9rese de tumor, eletrocauteriza\u00e7\u00e3o, herniorrafia inguinal videolaparosc\u00f3pica, histerectomia, paracentese, cantoplastia ungueal, entre outros.<\/p>\n<p>P: A cl\u00ednica atende conv\u00eanios?<br \/>\nR: Atualmente, a cl\u00ednica atende apenas pacientes particulares.<\/p>\n<p>P: Qual \u00e9 o hor\u00e1rio de funcionamento da cl\u00ednica?<br \/>\nR: A cl\u00ednica funciona de segunda a sexta-feira, das 08:00 \u00e0s 20:00 horas, e aos s\u00e1bados, das 08:00 \u00e0s 14:00 horas.<\/p>\n<p>P: Quem \u00e9 a respons\u00e1vel t\u00e9cnica da cl\u00ednica?<br \/>\nR: A respons\u00e1vel t\u00e9cnica \u00e9 a Dra. Natalia Abrantes Grossi, que possui CRM ES 15057 e RQE N\u00ba 13582.<\/p>\n<p>P: Como posso agendar uma consulta?<br \/>\nR: Voc\u00ea pode agendar uma consulta entrando em contato pelo telefone dispon\u00edvel na cl\u00ednica.<\/p>\n<p>P: A cl\u00ednica oferece algum tipo de acompanhamento p\u00f3s-operat\u00f3rio?<br \/>\nR: Sim, a cl\u00ednica oferece acompanhamento p\u00f3s-operat\u00f3rio para garantir a recupera\u00e7\u00e3o adequada dos pacientes.<\/p>\n<p>P: Existem dicas de cuidados com a pele que a cl\u00ednica recomenda?<br \/>\nR: Sim, a Dra. Natalia frequentemente compartilha dicas de cuidados com a pele em suas redes sociais.<\/p>\n<p>P: A cl\u00ednica possui alguma presen\u00e7a online?<br \/>\nR: Sim, a cl\u00ednica est\u00e1 presente no Instagram, onde compartilha informa\u00e7\u00f5es e dicas sobre sa\u00fade e bem-estar.<\/p>\n<h3><span class=\"ez-toc-section\" id=\"Contato\"><\/span>Contato<span class=\"ez-toc-section-end\"><\/span><\/h3>\n<p><strong>Tel.:  | <\/strong><br \/>\n<strong>WhatsApp: &#8211; <\/strong><\/p>\n","protected":false},"excerpt":{"rendered":"<p>Dra. Natalia Abrantes Grossi: Cl\u00ednica de Sa\u00fade em Vit\u00f3ria A Dra. Natalia Abrantes Grossi \u00e9 uma renomada especialista em sa\u00fade, localizada no cora\u00e7\u00e3o de Vit\u00f3ria, na Enseada do Su\u00e1. Com um compromisso profundo com o cuidado e o bem-estar dos pacientes, a cl\u00ednica oferece uma gama de servi\u00e7os voltados para o diagn\u00f3stico e tratamento de [&hellip;]<\/p>\n","protected":false},"author":0,"featured_media":0,"comment_status":"open","ping_status":"open","sticky":false,"template":"","format":"standard","meta":{"_et_pb_use_builder":"o","_et_pb_old_content":"","_et_gb_content_width":"","footnotes":""},"categories":[1562,1270,1501],"tags":[],"class_list":["post-150200","post","type-post","status-publish","format-standard","hentry","category-cirurgia-geral","category-exames-dermatologicos","category-saude-da-pele"],"yoast_head":"<!-- This site is optimized with the Yoast SEO Premium plugin v21.3 (Yoast SEO v27.5) - https:\/\/yoast.com\/product\/yoast-seo-premium-wordpress\/ -->\n<title>Dra. Natalia Abrantes Grossi: Cl\u00ednica de Sa\u00fade em Vit\u00f3ria - Conv\u00eanio Social<\/title>\n<meta name=\"robots\" content=\"index, follow, max-snippet:-1, max-image-preview:large, max-video-preview:-1\" \/>\n<link rel=\"canonical\" href=\"https:\/\/www.conveniosocial.com.br\/blog\/exames-dermatologicos\/dra-natalia-abrantes-grossi-clinica-de-saude-em-vitoria\/\" \/>\n<meta property=\"og:locale\" content=\"pt_BR\" \/>\n<meta property=\"og:type\" content=\"article\" \/>\n<meta property=\"og:title\" content=\"Dra. Natalia Abrantes Grossi: Cl\u00ednica de Sa\u00fade em Vit\u00f3ria\" \/>\n<meta property=\"og:description\" content=\"Dra. Natalia Abrantes Grossi: Cl\u00ednica de Sa\u00fade em Vit\u00f3ria A Dra. Natalia Abrantes Grossi \u00e9 uma renomada especialista em sa\u00fade, localizada no cora\u00e7\u00e3o de Vit\u00f3ria, na Enseada do Su\u00e1. Com um compromisso profundo com o cuidado e o bem-estar dos pacientes, a cl\u00ednica oferece uma gama de servi\u00e7os voltados para o diagn\u00f3stico e tratamento de [&hellip;]\" \/>\n<meta property=\"og:url\" content=\"https:\/\/www.conveniosocial.com.br\/blog\/exames-dermatologicos\/dra-natalia-abrantes-grossi-clinica-de-saude-em-vitoria\/\" \/>\n<meta property=\"og:site_name\" content=\"Conv\u00eanio Social\" \/>\n<meta property=\"article:published_time\" content=\"2026-01-25T00:00:20+00:00\" \/>\n<meta name=\"twitter:card\" content=\"summary_large_image\" \/>\n<meta name=\"twitter:label1\" content=\"Est. tempo de leitura\" \/>\n\t<meta name=\"twitter:data1\" content=\"3 minutos\" \/>\n<script type=\"application\/ld+json\" class=\"yoast-schema-graph\">{\"@context\":\"https:\\\/\\\/schema.org\",\"@graph\":[{\"@type\":\"Article\",\"@id\":\"https:\\\/\\\/www.conveniosocial.com.br\\\/blog\\\/exames-dermatologicos\\\/dra-natalia-abrantes-grossi-clinica-de-saude-em-vitoria\\\/#article\",\"isPartOf\":{\"@id\":\"https:\\\/\\\/www.conveniosocial.com.br\\\/blog\\\/exames-dermatologicos\\\/dra-natalia-abrantes-grossi-clinica-de-saude-em-vitoria\\\/\"},\"author\":{\"name\":\"\",\"@id\":\"\"},\"headline\":\"Dra. Natalia Abrantes Grossi: Cl\u00ednica de Sa\u00fade em Vit\u00f3ria\",\"datePublished\":\"2026-01-25T00:00:20+00:00\",\"mainEntityOfPage\":{\"@id\":\"https:\\\/\\\/www.conveniosocial.com.br\\\/blog\\\/exames-dermatologicos\\\/dra-natalia-abrantes-grossi-clinica-de-saude-em-vitoria\\\/\"},\"wordCount\":698,\"commentCount\":0,\"publisher\":{\"@id\":\"https:\\\/\\\/www.conveniosocial.com.br\\\/blog\\\/#organization\"},\"articleSection\":[\"Cirurgia Geral\",\"Exames Dermatol\u00f3gicos\",\"Sa\u00fade da Pele\"],\"inLanguage\":\"pt-BR\"},{\"@type\":\"WebPage\",\"@id\":\"https:\\\/\\\/www.conveniosocial.com.br\\\/blog\\\/exames-dermatologicos\\\/dra-natalia-abrantes-grossi-clinica-de-saude-em-vitoria\\\/\",\"url\":\"https:\\\/\\\/www.conveniosocial.com.br\\\/blog\\\/exames-dermatologicos\\\/dra-natalia-abrantes-grossi-clinica-de-saude-em-vitoria\\\/\",\"name\":\"Dra. Natalia Abrantes Grossi: Cl\u00ednica de Sa\u00fade em Vit\u00f3ria - Conv\u00eanio Social\",\"isPartOf\":{\"@id\":\"https:\\\/\\\/www.conveniosocial.com.br\\\/blog\\\/#website\"},\"datePublished\":\"2026-01-25T00:00:20+00:00\",\"breadcrumb\":{\"@id\":\"https:\\\/\\\/www.conveniosocial.com.br\\\/blog\\\/exames-dermatologicos\\\/dra-natalia-abrantes-grossi-clinica-de-saude-em-vitoria\\\/#breadcrumb\"},\"inLanguage\":\"pt-BR\",\"potentialAction\":[{\"@type\":\"ReadAction\",\"target\":[\"https:\\\/\\\/www.conveniosocial.com.br\\\/blog\\\/exames-dermatologicos\\\/dra-natalia-abrantes-grossi-clinica-de-saude-em-vitoria\\\/\"]}]},{\"@type\":\"BreadcrumbList\",\"@id\":\"https:\\\/\\\/www.conveniosocial.com.br\\\/blog\\\/exames-dermatologicos\\\/dra-natalia-abrantes-grossi-clinica-de-saude-em-vitoria\\\/#breadcrumb\",\"itemListElement\":[{\"@type\":\"ListItem\",\"position\":1,\"name\":\"Home\",\"item\":\"https:\\\/\\\/www.conveniosocial.com.br\\\/blog\\\/\"},{\"@type\":\"ListItem\",\"position\":2,\"name\":\"Cirurgia Geral\",\"item\":\"https:\\\/\\\/www.conveniosocial.com.br\\\/blog\\\/cirurgia-geral\\\/\"},{\"@type\":\"ListItem\",\"position\":3,\"name\":\"Dra. Natalia Abrantes Grossi: Cl\u00ednica de Sa\u00fade em Vit\u00f3ria\"}]},{\"@type\":\"WebSite\",\"@id\":\"https:\\\/\\\/www.conveniosocial.com.br\\\/blog\\\/#website\",\"url\":\"https:\\\/\\\/www.conveniosocial.com.br\\\/blog\\\/\",\"name\":\"Conv\u00eanio Social\",\"description\":\"Informa\u00e7\u00f5es de Sa\u00fade e Bem-estar, Consultas e Exames Popular\",\"publisher\":{\"@id\":\"https:\\\/\\\/www.conveniosocial.com.br\\\/blog\\\/#organization\"},\"potentialAction\":[{\"@type\":\"SearchAction\",\"target\":{\"@type\":\"EntryPoint\",\"urlTemplate\":\"https:\\\/\\\/www.conveniosocial.com.br\\\/blog\\\/?s={search_term_string}\"},\"query-input\":{\"@type\":\"PropertyValueSpecification\",\"valueRequired\":true,\"valueName\":\"search_term_string\"}}],\"inLanguage\":\"pt-BR\"},{\"@type\":\"Organization\",\"@id\":\"https:\\\/\\\/www.conveniosocial.com.br\\\/blog\\\/#organization\",\"name\":\"Conv\u00eanio Social\",\"url\":\"https:\\\/\\\/www.conveniosocial.com.br\\\/blog\\\/\",\"logo\":{\"@type\":\"ImageObject\",\"inLanguage\":\"pt-BR\",\"@id\":\"https:\\\/\\\/www.conveniosocial.com.br\\\/blog\\\/#\\\/schema\\\/logo\\\/image\\\/\",\"url\":\"https:\\\/\\\/www.conveniosocial.com.br\\\/blog\\\/wp-content\\\/uploads\\\/2021\\\/11\\\/novo_logo-convenio-socia-digital.png\",\"contentUrl\":\"https:\\\/\\\/www.conveniosocial.com.br\\\/blog\\\/wp-content\\\/uploads\\\/2021\\\/11\\\/novo_logo-convenio-socia-digital.png\",\"width\":400,\"height\":102,\"caption\":\"Conv\u00eanio Social\"},\"image\":{\"@id\":\"https:\\\/\\\/www.conveniosocial.com.br\\\/blog\\\/#\\\/schema\\\/logo\\\/image\\\/\"}}]}<\/script>\n<!-- \/ Yoast SEO Premium plugin. -->","yoast_head_json":{"title":"Dra. Natalia Abrantes Grossi: Cl\u00ednica de Sa\u00fade em Vit\u00f3ria - Conv\u00eanio Social","robots":{"index":"index","follow":"follow","max-snippet":"max-snippet:-1","max-image-preview":"max-image-preview:large","max-video-preview":"max-video-preview:-1"},"canonical":"https:\/\/www.conveniosocial.com.br\/blog\/exames-dermatologicos\/dra-natalia-abrantes-grossi-clinica-de-saude-em-vitoria\/","og_locale":"pt_BR","og_type":"article","og_title":"Dra. Natalia Abrantes Grossi: Cl\u00ednica de Sa\u00fade em Vit\u00f3ria","og_description":"Dra. Natalia Abrantes Grossi: Cl\u00ednica de Sa\u00fade em Vit\u00f3ria A Dra. Natalia Abrantes Grossi \u00e9 uma renomada especialista em sa\u00fade, localizada no cora\u00e7\u00e3o de Vit\u00f3ria, na Enseada do Su\u00e1. Com um compromisso profundo com o cuidado e o bem-estar dos pacientes, a cl\u00ednica oferece uma gama de servi\u00e7os voltados para o diagn\u00f3stico e tratamento de [&hellip;]","og_url":"https:\/\/www.conveniosocial.com.br\/blog\/exames-dermatologicos\/dra-natalia-abrantes-grossi-clinica-de-saude-em-vitoria\/","og_site_name":"Conv\u00eanio Social","article_published_time":"2026-01-25T00:00:20+00:00","twitter_card":"summary_large_image","twitter_misc":{"Est. tempo de leitura":"3 minutos"},"schema":{"@context":"https:\/\/schema.org","@graph":[{"@type":"Article","@id":"https:\/\/www.conveniosocial.com.br\/blog\/exames-dermatologicos\/dra-natalia-abrantes-grossi-clinica-de-saude-em-vitoria\/#article","isPartOf":{"@id":"https:\/\/www.conveniosocial.com.br\/blog\/exames-dermatologicos\/dra-natalia-abrantes-grossi-clinica-de-saude-em-vitoria\/"},"author":{"name":"","@id":""},"headline":"Dra. Natalia Abrantes Grossi: Cl\u00ednica de Sa\u00fade em Vit\u00f3ria","datePublished":"2026-01-25T00:00:20+00:00","mainEntityOfPage":{"@id":"https:\/\/www.conveniosocial.com.br\/blog\/exames-dermatologicos\/dra-natalia-abrantes-grossi-clinica-de-saude-em-vitoria\/"},"wordCount":698,"commentCount":0,"publisher":{"@id":"https:\/\/www.conveniosocial.com.br\/blog\/#organization"},"articleSection":["Cirurgia Geral","Exames Dermatol\u00f3gicos","Sa\u00fade da Pele"],"inLanguage":"pt-BR"},{"@type":"WebPage","@id":"https:\/\/www.conveniosocial.com.br\/blog\/exames-dermatologicos\/dra-natalia-abrantes-grossi-clinica-de-saude-em-vitoria\/","url":"https:\/\/www.conveniosocial.com.br\/blog\/exames-dermatologicos\/dra-natalia-abrantes-grossi-clinica-de-saude-em-vitoria\/","name":"Dra. Natalia Abrantes Grossi: Cl\u00ednica de Sa\u00fade em Vit\u00f3ria - Conv\u00eanio Social","isPartOf":{"@id":"https:\/\/www.conveniosocial.com.br\/blog\/#website"},"datePublished":"2026-01-25T00:00:20+00:00","breadcrumb":{"@id":"https:\/\/www.conveniosocial.com.br\/blog\/exames-dermatologicos\/dra-natalia-abrantes-grossi-clinica-de-saude-em-vitoria\/#breadcrumb"},"inLanguage":"pt-BR","potentialAction":[{"@type":"ReadAction","target":["https:\/\/www.conveniosocial.com.br\/blog\/exames-dermatologicos\/dra-natalia-abrantes-grossi-clinica-de-saude-em-vitoria\/"]}]},{"@type":"BreadcrumbList","@id":"https:\/\/www.conveniosocial.com.br\/blog\/exames-dermatologicos\/dra-natalia-abrantes-grossi-clinica-de-saude-em-vitoria\/#breadcrumb","itemListElement":[{"@type":"ListItem","position":1,"name":"Home","item":"https:\/\/www.conveniosocial.com.br\/blog\/"},{"@type":"ListItem","position":2,"name":"Cirurgia Geral","item":"https:\/\/www.conveniosocial.com.br\/blog\/cirurgia-geral\/"},{"@type":"ListItem","position":3,"name":"Dra. Natalia Abrantes Grossi: Cl\u00ednica de Sa\u00fade em Vit\u00f3ria"}]},{"@type":"WebSite","@id":"https:\/\/www.conveniosocial.com.br\/blog\/#website","url":"https:\/\/www.conveniosocial.com.br\/blog\/","name":"Conv\u00eanio Social","description":"Informa\u00e7\u00f5es de Sa\u00fade e Bem-estar, Consultas e Exames Popular","publisher":{"@id":"https:\/\/www.conveniosocial.com.br\/blog\/#organization"},"potentialAction":[{"@type":"SearchAction","target":{"@type":"EntryPoint","urlTemplate":"https:\/\/www.conveniosocial.com.br\/blog\/?s={search_term_string}"},"query-input":{"@type":"PropertyValueSpecification","valueRequired":true,"valueName":"search_term_string"}}],"inLanguage":"pt-BR"},{"@type":"Organization","@id":"https:\/\/www.conveniosocial.com.br\/blog\/#organization","name":"Conv\u00eanio Social","url":"https:\/\/www.conveniosocial.com.br\/blog\/","logo":{"@type":"ImageObject","inLanguage":"pt-BR","@id":"https:\/\/www.conveniosocial.com.br\/blog\/#\/schema\/logo\/image\/","url":"https:\/\/www.conveniosocial.com.br\/blog\/wp-content\/uploads\/2021\/11\/novo_logo-convenio-socia-digital.png","contentUrl":"https:\/\/www.conveniosocial.com.br\/blog\/wp-content\/uploads\/2021\/11\/novo_logo-convenio-socia-digital.png","width":400,"height":102,"caption":"Conv\u00eanio Social"},"image":{"@id":"https:\/\/www.conveniosocial.com.br\/blog\/#\/schema\/logo\/image\/"}}]}},"_links":{"self":[{"href":"https:\/\/www.conveniosocial.com.br\/blog\/wp-json\/wp\/v2\/posts\/150200","targetHints":{"allow":["GET"]}}],"collection":[{"href":"https:\/\/www.conveniosocial.com.br\/blog\/wp-json\/wp\/v2\/posts"}],"about":[{"href":"https:\/\/www.conveniosocial.com.br\/blog\/wp-json\/wp\/v2\/types\/post"}],"replies":[{"embeddable":true,"href":"https:\/\/www.conveniosocial.com.br\/blog\/wp-json\/wp\/v2\/comments?post=150200"}],"version-history":[{"count":0,"href":"https:\/\/www.conveniosocial.com.br\/blog\/wp-json\/wp\/v2\/posts\/150200\/revisions"}],"wp:attachment":[{"href":"https:\/\/www.conveniosocial.com.br\/blog\/wp-json\/wp\/v2\/media?parent=150200"}],"wp:term":[{"taxonomy":"category","embeddable":true,"href":"https:\/\/www.conveniosocial.com.br\/blog\/wp-json\/wp\/v2\/categories?post=150200"},{"taxonomy":"post_tag","embeddable":true,"href":"https:\/\/www.conveniosocial.com.br\/blog\/wp-json\/wp\/v2\/tags?post=150200"}],"curies":[{"name":"wp","href":"https:\/\/api.w.org\/{rel}","templated":true}]}}