{"id":150231,"date":"2026-01-25T21:00:23","date_gmt":"2026-01-26T00:00:23","guid":{"rendered":"https:\/\/www.conveniosocial.com.br\/blog\/nehuma\/clara-mendes-clinic-estetica-e-bem-estar-em-duque-de-caxias\/"},"modified":"2026-01-25T21:00:23","modified_gmt":"2026-01-26T00:00:23","slug":"clara-mendes-clinic-estetica-e-bem-estar-em-duque-de-caxias","status":"publish","type":"post","link":"https:\/\/www.conveniosocial.com.br\/blog\/bem-estar\/clara-mendes-clinic-estetica-e-bem-estar-em-duque-de-caxias\/","title":{"rendered":"Clara Mendes Clinic: Est\u00e9tica e Bem-Estar em Duque de Caxias"},"content":{"rendered":"<div id=\"ez-toc-container\" class=\"ez-toc-v2_0_82_2 counter-flat ez-toc-counter ez-toc-white ez-toc-container-direction\">\n<p class=\"ez-toc-title\" style=\"cursor:inherit\">\u00cdndice do Conte\u00fado<\/p>\n<label for=\"ez-toc-cssicon-toggle-item-69f1f92395a7c\" class=\"ez-toc-cssicon-toggle-label\"><span class=\"ez-toc-cssicon\"><span class=\"eztoc-hide\" style=\"display:none;\">Toggle<\/span><span class=\"ez-toc-icon-toggle-span\"><svg style=\"fill: #999;color:#999\" xmlns=\"http:\/\/www.w3.org\/2000\/svg\" class=\"list-377408\" width=\"20px\" height=\"20px\" viewBox=\"0 0 24 24\" fill=\"none\"><path d=\"M6 6H4v2h2V6zm14 0H8v2h12V6zM4 11h2v2H4v-2zm16 0H8v2h12v-2zM4 16h2v2H4v-2zm16 0H8v2h12v-2z\" fill=\"currentColor\"><\/path><\/svg><svg style=\"fill: #999;color:#999\" class=\"arrow-unsorted-368013\" xmlns=\"http:\/\/www.w3.org\/2000\/svg\" width=\"10px\" height=\"10px\" viewBox=\"0 0 24 24\" version=\"1.2\" baseProfile=\"tiny\"><path d=\"M18.2 9.3l-6.2-6.3-6.2 6.3c-.2.2-.3.4-.3.7s.1.5.3.7c.2.2.4.3.7.3h11c.3 0 .5-.1.7-.3.2-.2.3-.5.3-.7s-.1-.5-.3-.7zM5.8 14.7l6.2 6.3 6.2-6.3c.2-.2.3-.5.3-.7s-.1-.5-.3-.7c-.2-.2-.4-.3-.7-.3h-11c-.3 0-.5.1-.7.3-.2.2-.3.5-.3.7s.1.5.3.7z\"\/><\/svg><\/span><\/span><\/label><input type=\"checkbox\"  id=\"ez-toc-cssicon-toggle-item-69f1f92395a7c\" checked aria-label=\"Alternar\" \/><nav><ul class='ez-toc-list ez-toc-list-level-1 ' ><li class='ez-toc-page-1'><a class=\"ez-toc-link ez-toc-heading-1\" href=\"https:\/\/www.conveniosocial.com.br\/blog\/bem-estar\/clara-mendes-clinic-estetica-e-bem-estar-em-duque-de-caxias\/#Clara_Mendes_Clinic_Estetica_e_Bem-Estar_em_Duque_de_Caxias\" >Clara Mendes Clinic: Est\u00e9tica e Bem-Estar em Duque de Caxias<\/a><\/li><li class='ez-toc-page-1'><a class=\"ez-toc-link ez-toc-heading-2\" href=\"https:\/\/www.conveniosocial.com.br\/blog\/bem-estar\/clara-mendes-clinic-estetica-e-bem-estar-em-duque-de-caxias\/#Perguntas_Frequentes\" >Perguntas Frequentes<\/a><\/li><li class='ez-toc-page-1'><a class=\"ez-toc-link ez-toc-heading-3\" href=\"https:\/\/www.conveniosocial.com.br\/blog\/bem-estar\/clara-mendes-clinic-estetica-e-bem-estar-em-duque-de-caxias\/#Contato\" >Contato<\/a><\/li><\/ul><\/nav><\/div>\n<h2><span class=\"ez-toc-section\" id=\"Clara_Mendes_Clinic_Estetica_e_Bem-Estar_em_Duque_de_Caxias\"><\/span>Clara Mendes Clinic: Est\u00e9tica e Bem-Estar em Duque de Caxias<span class=\"ez-toc-section-end\"><\/span><\/h2>\n<p>A Clara Mendes Clinic &#038; Academy, localizada no cora\u00e7\u00e3o de Duque de Caxias, no bairro Vila S\u00e3o Luis, \u00e9 um espa\u00e7o dedicado ao cuidado e \u00e0 beleza, oferecendo uma ampla gama de tratamentos est\u00e9ticos. Sob a responsabilidade t\u00e9cnica de Ana Clara Mendes da Silva, a cl\u00ednica se destaca pela excel\u00eancia nos servi\u00e7os prestados, sempre com um toque humanizado e acolhedor. Nossa equipe \u00e9 composta por profissionais capacitados e dedicados a proporcionar a melhor experi\u00eancia para cada paciente.<\/p>\n<p>Entre as especialidades dispon\u00edveis, oferecemos design de sobrancelhas com henna, lobuloplastia sem corte, remo\u00e7\u00e3o de verrugas e sinais, limpeza de pele, peelings qu\u00edmicos, microagulhamento, aplica\u00e7\u00e3o de toxina botul\u00ednica (Botox), preenchimento com \u00e1cido hialur\u00f4nico, bioestimuladores de col\u00e1geno, depila\u00e7\u00e3o a laser, laser CO2 fracionado, ultrassom microfocado (HIFU), criolip\u00f3lise, drenagem linf\u00e1tica e massagens relaxantes. Cada tratamento \u00e9 realizado com produtos de alta qualidade e tecnologia de ponta, garantindo resultados satisfat\u00f3rios e seguros.<\/p>\n<p>A localiza\u00e7\u00e3o da cl\u00ednica \u00e9 estrat\u00e9gica, pr\u00f3xima a diversos bairros, como Centro, Jardim 25 de Agosto, Parque Duque, e Vila Oper\u00e1ria, facilitando o acesso para todos os nossos pacientes. Com um ambiente acolhedor e uma equipe que prioriza o bem-estar, a Clara Mendes Clinic se torna o lugar ideal para quem busca n\u00e3o apenas tratamentos est\u00e9ticos, mas tamb\u00e9m uma experi\u00eancia de cuidado integral.<\/p>\n<p>Atendemos de ter\u00e7a a s\u00e1bado, das 09h00 \u00e0s 20h00, e estamos sempre dispon\u00edveis para agendamentos e esclarecimentos. Para entrar em contato, ligue para o telefone 21 96922-4510. Embora atualmente n\u00e3o tenhamos um site ou Instagram ativos, estamos trabalhando para expandir nossa presen\u00e7a digital e proporcionar mais informa\u00e7\u00f5es sobre nossos servi\u00e7os e promo\u00e7\u00f5es no futuro.<\/p>\n<p>Acreditamos que cada tratamento deve ser personalizado, portanto, incentivamos nossos pacientes a agendarem uma consulta para discutir suas necessidades e expectativas. A Clara Mendes Clinic \u00e9 mais do que uma cl\u00ednica de est\u00e9tica; \u00e9 um espa\u00e7o onde cada cliente \u00e9 tratado com aten\u00e7\u00e3o e respeito, com o objetivo de real\u00e7ar a beleza \u00fanica de cada um. Venha nos visitar e descubra como podemos ajudar voc\u00ea a se sentir ainda mais confiante e radiante.<\/p>\n<h3><span class=\"ez-toc-section\" id=\"Perguntas_Frequentes\"><\/span>Perguntas Frequentes<span class=\"ez-toc-section-end\"><\/span><\/h3>\n<p>P: Quais servi\u00e7os a Clara Mendes Clinic oferece?<br \/>\nR: Oferecemos uma variedade de servi\u00e7os est\u00e9ticos, incluindo design de sobrancelhas, limpeza de pele, peelings qu\u00edmicos, aplica\u00e7\u00e3o de Botox, preenchimentos e muito mais.<\/p>\n<p>P: A cl\u00ednica atende a conv\u00eanios?<br \/>\nR: No momento, n\u00e3o informamos sobre conv\u00eanios aceitos. Recomendamos entrar em contato diretamente para mais informa\u00e7\u00f5es.<\/p>\n<p>P: Quais s\u00e3o os hor\u00e1rios de atendimento?<br \/>\nR: Atendemos de ter\u00e7a a s\u00e1bado, das 09h00 \u00e0s 20h00. Estamos fechados aos domingos e segundas-feiras.<\/p>\n<p>P: Como posso agendar um atendimento?<br \/>\nR: Voc\u00ea pode agendar um atendimento ligando para o telefone 21 96922-4510.<\/p>\n<p>P: A cl\u00ednica \u00e9 acess\u00edvel para pessoas com defici\u00eancia?<br \/>\nR: Sim, nossa cl\u00ednica foi projetada para ser acess\u00edvel a todos os pacientes.<\/p>\n<p>P: Quais s\u00e3o os m\u00e9todos de pagamento aceitos?<br \/>\nR: Para informa\u00e7\u00f5es sobre m\u00e9todos de pagamento, entre em contato conosco diretamente.<\/p>\n<p>P: Os tratamentos s\u00e3o seguros?<br \/>\nR: Sim, todos os nossos procedimentos s\u00e3o realizados por profissionais capacitados e com produtos de alta qualidade, garantindo a seguran\u00e7a dos nossos pacientes.<\/p>\n<p>P: Como posso obter mais informa\u00e7\u00f5es sobre os servi\u00e7os?<br \/>\nR: Voc\u00ea pode entrar em contato pelo telefone ou visitar nossa cl\u00ednica para mais informa\u00e7\u00f5es sobre os servi\u00e7os oferecidos.<\/p>\n<p>P: A cl\u00ednica realiza algum tipo de promo\u00e7\u00e3o?<br \/>\nR: Eventualmente, realizamos promo\u00e7\u00f5es. Sugerimos que entre em contato para saber sobre ofertas atuais.<\/p>\n<p>P: A Clara Mendes Clinic oferece consultas iniciais?<br \/>\nR: Sim, recomendamos que agende uma consulta inicial para conhecer melhor nossos servi\u00e7os e discutir suas necessidades est\u00e9ticas.<\/p>\n<h3><span class=\"ez-toc-section\" id=\"Contato\"><\/span>Contato<span class=\"ez-toc-section-end\"><\/span><\/h3>\n<p><strong>Tel.:  | <\/strong><br \/>\n<strong>WhatsApp: &#8211; <\/strong><\/p>\n","protected":false},"excerpt":{"rendered":"<p>Clara Mendes Clinic: Est\u00e9tica e Bem-Estar em Duque de Caxias A Clara Mendes Clinic &#038; Academy, localizada no cora\u00e7\u00e3o de Duque de Caxias, no bairro Vila S\u00e3o Luis, \u00e9 um espa\u00e7o dedicado ao cuidado e \u00e0 beleza, oferecendo uma ampla gama de tratamentos est\u00e9ticos. Sob a responsabilidade t\u00e9cnica de Ana Clara Mendes da Silva, a [&hellip;]<\/p>\n","protected":false},"author":0,"featured_media":0,"comment_status":"open","ping_status":"open","sticky":false,"template":"","format":"standard","meta":{"_et_pb_use_builder":"o","_et_pb_old_content":"","_et_gb_content_width":"","footnotes":""},"categories":[31,684,1318],"tags":[],"class_list":["post-150231","post","type-post","status-publish","format-standard","hentry","category-bem-estar","category-estetica","category-tratamentos-faciais"],"yoast_head":"<!-- This site is optimized with the Yoast SEO Premium plugin v21.3 (Yoast SEO v27.5) - https:\/\/yoast.com\/product\/yoast-seo-premium-wordpress\/ -->\n<title>Clara Mendes Clinic: Est\u00e9tica e Bem-Estar em Duque de Caxias - Conv\u00eanio Social<\/title>\n<meta name=\"robots\" content=\"index, follow, max-snippet:-1, max-image-preview:large, max-video-preview:-1\" \/>\n<link rel=\"canonical\" href=\"https:\/\/www.conveniosocial.com.br\/blog\/bem-estar\/clara-mendes-clinic-estetica-e-bem-estar-em-duque-de-caxias\/\" \/>\n<meta property=\"og:locale\" content=\"pt_BR\" \/>\n<meta property=\"og:type\" content=\"article\" \/>\n<meta property=\"og:title\" content=\"Clara Mendes Clinic: Est\u00e9tica e Bem-Estar em Duque de Caxias\" \/>\n<meta property=\"og:description\" content=\"Clara Mendes Clinic: Est\u00e9tica e Bem-Estar em Duque de Caxias A Clara Mendes Clinic &amp; Academy, localizada no cora\u00e7\u00e3o de Duque de Caxias, no bairro Vila S\u00e3o Luis, \u00e9 um espa\u00e7o dedicado ao cuidado e \u00e0 beleza, oferecendo uma ampla gama de tratamentos est\u00e9ticos. Sob a responsabilidade t\u00e9cnica de Ana Clara Mendes da Silva, a [&hellip;]\" \/>\n<meta property=\"og:url\" content=\"https:\/\/www.conveniosocial.com.br\/blog\/bem-estar\/clara-mendes-clinic-estetica-e-bem-estar-em-duque-de-caxias\/\" \/>\n<meta property=\"og:site_name\" content=\"Conv\u00eanio Social\" \/>\n<meta property=\"article:published_time\" content=\"2026-01-26T00:00:23+00:00\" \/>\n<meta name=\"twitter:card\" content=\"summary_large_image\" \/>\n<meta name=\"twitter:label1\" content=\"Est. tempo de leitura\" \/>\n\t<meta name=\"twitter:data1\" content=\"3 minutos\" \/>\n<script type=\"application\/ld+json\" class=\"yoast-schema-graph\">{\"@context\":\"https:\\\/\\\/schema.org\",\"@graph\":[{\"@type\":\"Article\",\"@id\":\"https:\\\/\\\/www.conveniosocial.com.br\\\/blog\\\/bem-estar\\\/clara-mendes-clinic-estetica-e-bem-estar-em-duque-de-caxias\\\/#article\",\"isPartOf\":{\"@id\":\"https:\\\/\\\/www.conveniosocial.com.br\\\/blog\\\/bem-estar\\\/clara-mendes-clinic-estetica-e-bem-estar-em-duque-de-caxias\\\/\"},\"author\":{\"name\":\"\",\"@id\":\"\"},\"headline\":\"Clara Mendes Clinic: Est\u00e9tica e Bem-Estar em Duque de Caxias\",\"datePublished\":\"2026-01-26T00:00:23+00:00\",\"mainEntityOfPage\":{\"@id\":\"https:\\\/\\\/www.conveniosocial.com.br\\\/blog\\\/bem-estar\\\/clara-mendes-clinic-estetica-e-bem-estar-em-duque-de-caxias\\\/\"},\"wordCount\":668,\"commentCount\":0,\"publisher\":{\"@id\":\"https:\\\/\\\/www.conveniosocial.com.br\\\/blog\\\/#organization\"},\"articleSection\":[\"Bem-estar\",\"Est\u00e9tica\",\"Tratamentos Faciais\"],\"inLanguage\":\"pt-BR\"},{\"@type\":\"WebPage\",\"@id\":\"https:\\\/\\\/www.conveniosocial.com.br\\\/blog\\\/bem-estar\\\/clara-mendes-clinic-estetica-e-bem-estar-em-duque-de-caxias\\\/\",\"url\":\"https:\\\/\\\/www.conveniosocial.com.br\\\/blog\\\/bem-estar\\\/clara-mendes-clinic-estetica-e-bem-estar-em-duque-de-caxias\\\/\",\"name\":\"Clara Mendes Clinic: Est\u00e9tica e Bem-Estar em Duque de Caxias - Conv\u00eanio Social\",\"isPartOf\":{\"@id\":\"https:\\\/\\\/www.conveniosocial.com.br\\\/blog\\\/#website\"},\"datePublished\":\"2026-01-26T00:00:23+00:00\",\"breadcrumb\":{\"@id\":\"https:\\\/\\\/www.conveniosocial.com.br\\\/blog\\\/bem-estar\\\/clara-mendes-clinic-estetica-e-bem-estar-em-duque-de-caxias\\\/#breadcrumb\"},\"inLanguage\":\"pt-BR\",\"potentialAction\":[{\"@type\":\"ReadAction\",\"target\":[\"https:\\\/\\\/www.conveniosocial.com.br\\\/blog\\\/bem-estar\\\/clara-mendes-clinic-estetica-e-bem-estar-em-duque-de-caxias\\\/\"]}]},{\"@type\":\"BreadcrumbList\",\"@id\":\"https:\\\/\\\/www.conveniosocial.com.br\\\/blog\\\/bem-estar\\\/clara-mendes-clinic-estetica-e-bem-estar-em-duque-de-caxias\\\/#breadcrumb\",\"itemListElement\":[{\"@type\":\"ListItem\",\"position\":1,\"name\":\"Home\",\"item\":\"https:\\\/\\\/www.conveniosocial.com.br\\\/blog\\\/\"},{\"@type\":\"ListItem\",\"position\":2,\"name\":\"Bem-estar\",\"item\":\"https:\\\/\\\/www.conveniosocial.com.br\\\/blog\\\/bem-estar\\\/\"},{\"@type\":\"ListItem\",\"position\":3,\"name\":\"Clara Mendes Clinic: Est\u00e9tica e Bem-Estar em Duque de Caxias\"}]},{\"@type\":\"WebSite\",\"@id\":\"https:\\\/\\\/www.conveniosocial.com.br\\\/blog\\\/#website\",\"url\":\"https:\\\/\\\/www.conveniosocial.com.br\\\/blog\\\/\",\"name\":\"Conv\u00eanio Social\",\"description\":\"Informa\u00e7\u00f5es de Sa\u00fade e Bem-estar, Consultas e Exames Popular\",\"publisher\":{\"@id\":\"https:\\\/\\\/www.conveniosocial.com.br\\\/blog\\\/#organization\"},\"potentialAction\":[{\"@type\":\"SearchAction\",\"target\":{\"@type\":\"EntryPoint\",\"urlTemplate\":\"https:\\\/\\\/www.conveniosocial.com.br\\\/blog\\\/?s={search_term_string}\"},\"query-input\":{\"@type\":\"PropertyValueSpecification\",\"valueRequired\":true,\"valueName\":\"search_term_string\"}}],\"inLanguage\":\"pt-BR\"},{\"@type\":\"Organization\",\"@id\":\"https:\\\/\\\/www.conveniosocial.com.br\\\/blog\\\/#organization\",\"name\":\"Conv\u00eanio Social\",\"url\":\"https:\\\/\\\/www.conveniosocial.com.br\\\/blog\\\/\",\"logo\":{\"@type\":\"ImageObject\",\"inLanguage\":\"pt-BR\",\"@id\":\"https:\\\/\\\/www.conveniosocial.com.br\\\/blog\\\/#\\\/schema\\\/logo\\\/image\\\/\",\"url\":\"https:\\\/\\\/www.conveniosocial.com.br\\\/blog\\\/wp-content\\\/uploads\\\/2021\\\/11\\\/novo_logo-convenio-socia-digital.png\",\"contentUrl\":\"https:\\\/\\\/www.conveniosocial.com.br\\\/blog\\\/wp-content\\\/uploads\\\/2021\\\/11\\\/novo_logo-convenio-socia-digital.png\",\"width\":400,\"height\":102,\"caption\":\"Conv\u00eanio Social\"},\"image\":{\"@id\":\"https:\\\/\\\/www.conveniosocial.com.br\\\/blog\\\/#\\\/schema\\\/logo\\\/image\\\/\"}}]}<\/script>\n<!-- \/ Yoast SEO Premium plugin. -->","yoast_head_json":{"title":"Clara Mendes Clinic: Est\u00e9tica e Bem-Estar em Duque de Caxias - Conv\u00eanio Social","robots":{"index":"index","follow":"follow","max-snippet":"max-snippet:-1","max-image-preview":"max-image-preview:large","max-video-preview":"max-video-preview:-1"},"canonical":"https:\/\/www.conveniosocial.com.br\/blog\/bem-estar\/clara-mendes-clinic-estetica-e-bem-estar-em-duque-de-caxias\/","og_locale":"pt_BR","og_type":"article","og_title":"Clara Mendes Clinic: Est\u00e9tica e Bem-Estar em Duque de Caxias","og_description":"Clara Mendes Clinic: Est\u00e9tica e Bem-Estar em Duque de Caxias A Clara Mendes Clinic & Academy, localizada no cora\u00e7\u00e3o de Duque de Caxias, no bairro Vila S\u00e3o Luis, \u00e9 um espa\u00e7o dedicado ao cuidado e \u00e0 beleza, oferecendo uma ampla gama de tratamentos est\u00e9ticos. Sob a responsabilidade t\u00e9cnica de Ana Clara Mendes da Silva, a [&hellip;]","og_url":"https:\/\/www.conveniosocial.com.br\/blog\/bem-estar\/clara-mendes-clinic-estetica-e-bem-estar-em-duque-de-caxias\/","og_site_name":"Conv\u00eanio Social","article_published_time":"2026-01-26T00:00:23+00:00","twitter_card":"summary_large_image","twitter_misc":{"Est. tempo de leitura":"3 minutos"},"schema":{"@context":"https:\/\/schema.org","@graph":[{"@type":"Article","@id":"https:\/\/www.conveniosocial.com.br\/blog\/bem-estar\/clara-mendes-clinic-estetica-e-bem-estar-em-duque-de-caxias\/#article","isPartOf":{"@id":"https:\/\/www.conveniosocial.com.br\/blog\/bem-estar\/clara-mendes-clinic-estetica-e-bem-estar-em-duque-de-caxias\/"},"author":{"name":"","@id":""},"headline":"Clara Mendes Clinic: Est\u00e9tica e Bem-Estar em Duque de Caxias","datePublished":"2026-01-26T00:00:23+00:00","mainEntityOfPage":{"@id":"https:\/\/www.conveniosocial.com.br\/blog\/bem-estar\/clara-mendes-clinic-estetica-e-bem-estar-em-duque-de-caxias\/"},"wordCount":668,"commentCount":0,"publisher":{"@id":"https:\/\/www.conveniosocial.com.br\/blog\/#organization"},"articleSection":["Bem-estar","Est\u00e9tica","Tratamentos Faciais"],"inLanguage":"pt-BR"},{"@type":"WebPage","@id":"https:\/\/www.conveniosocial.com.br\/blog\/bem-estar\/clara-mendes-clinic-estetica-e-bem-estar-em-duque-de-caxias\/","url":"https:\/\/www.conveniosocial.com.br\/blog\/bem-estar\/clara-mendes-clinic-estetica-e-bem-estar-em-duque-de-caxias\/","name":"Clara Mendes Clinic: Est\u00e9tica e Bem-Estar em Duque de Caxias - Conv\u00eanio Social","isPartOf":{"@id":"https:\/\/www.conveniosocial.com.br\/blog\/#website"},"datePublished":"2026-01-26T00:00:23+00:00","breadcrumb":{"@id":"https:\/\/www.conveniosocial.com.br\/blog\/bem-estar\/clara-mendes-clinic-estetica-e-bem-estar-em-duque-de-caxias\/#breadcrumb"},"inLanguage":"pt-BR","potentialAction":[{"@type":"ReadAction","target":["https:\/\/www.conveniosocial.com.br\/blog\/bem-estar\/clara-mendes-clinic-estetica-e-bem-estar-em-duque-de-caxias\/"]}]},{"@type":"BreadcrumbList","@id":"https:\/\/www.conveniosocial.com.br\/blog\/bem-estar\/clara-mendes-clinic-estetica-e-bem-estar-em-duque-de-caxias\/#breadcrumb","itemListElement":[{"@type":"ListItem","position":1,"name":"Home","item":"https:\/\/www.conveniosocial.com.br\/blog\/"},{"@type":"ListItem","position":2,"name":"Bem-estar","item":"https:\/\/www.conveniosocial.com.br\/blog\/bem-estar\/"},{"@type":"ListItem","position":3,"name":"Clara Mendes Clinic: Est\u00e9tica e Bem-Estar em Duque de Caxias"}]},{"@type":"WebSite","@id":"https:\/\/www.conveniosocial.com.br\/blog\/#website","url":"https:\/\/www.conveniosocial.com.br\/blog\/","name":"Conv\u00eanio Social","description":"Informa\u00e7\u00f5es de Sa\u00fade e Bem-estar, Consultas e Exames Popular","publisher":{"@id":"https:\/\/www.conveniosocial.com.br\/blog\/#organization"},"potentialAction":[{"@type":"SearchAction","target":{"@type":"EntryPoint","urlTemplate":"https:\/\/www.conveniosocial.com.br\/blog\/?s={search_term_string}"},"query-input":{"@type":"PropertyValueSpecification","valueRequired":true,"valueName":"search_term_string"}}],"inLanguage":"pt-BR"},{"@type":"Organization","@id":"https:\/\/www.conveniosocial.com.br\/blog\/#organization","name":"Conv\u00eanio Social","url":"https:\/\/www.conveniosocial.com.br\/blog\/","logo":{"@type":"ImageObject","inLanguage":"pt-BR","@id":"https:\/\/www.conveniosocial.com.br\/blog\/#\/schema\/logo\/image\/","url":"https:\/\/www.conveniosocial.com.br\/blog\/wp-content\/uploads\/2021\/11\/novo_logo-convenio-socia-digital.png","contentUrl":"https:\/\/www.conveniosocial.com.br\/blog\/wp-content\/uploads\/2021\/11\/novo_logo-convenio-socia-digital.png","width":400,"height":102,"caption":"Conv\u00eanio Social"},"image":{"@id":"https:\/\/www.conveniosocial.com.br\/blog\/#\/schema\/logo\/image\/"}}]}},"_links":{"self":[{"href":"https:\/\/www.conveniosocial.com.br\/blog\/wp-json\/wp\/v2\/posts\/150231","targetHints":{"allow":["GET"]}}],"collection":[{"href":"https:\/\/www.conveniosocial.com.br\/blog\/wp-json\/wp\/v2\/posts"}],"about":[{"href":"https:\/\/www.conveniosocial.com.br\/blog\/wp-json\/wp\/v2\/types\/post"}],"replies":[{"embeddable":true,"href":"https:\/\/www.conveniosocial.com.br\/blog\/wp-json\/wp\/v2\/comments?post=150231"}],"version-history":[{"count":0,"href":"https:\/\/www.conveniosocial.com.br\/blog\/wp-json\/wp\/v2\/posts\/150231\/revisions"}],"wp:attachment":[{"href":"https:\/\/www.conveniosocial.com.br\/blog\/wp-json\/wp\/v2\/media?parent=150231"}],"wp:term":[{"taxonomy":"category","embeddable":true,"href":"https:\/\/www.conveniosocial.com.br\/blog\/wp-json\/wp\/v2\/categories?post=150231"},{"taxonomy":"post_tag","embeddable":true,"href":"https:\/\/www.conveniosocial.com.br\/blog\/wp-json\/wp\/v2\/tags?post=150231"}],"curies":[{"name":"wp","href":"https:\/\/api.w.org\/{rel}","templated":true}]}}