{"id":150233,"date":"2026-01-25T21:00:23","date_gmt":"2026-01-26T00:00:23","guid":{"rendered":"https:\/\/www.conveniosocial.com.br\/blog\/nehuma\/espaco-cris-boneta-estetica-e-bem-estar-em-duque-de-caxias\/"},"modified":"2026-01-25T21:00:23","modified_gmt":"2026-01-26T00:00:23","slug":"espaco-cris-boneta-estetica-e-bem-estar-em-duque-de-caxias","status":"publish","type":"post","link":"https:\/\/www.conveniosocial.com.br\/blog\/estetica\/espaco-cris-boneta-estetica-e-bem-estar-em-duque-de-caxias\/","title":{"rendered":"Espa\u00e7o Cris Boneta: Est\u00e9tica e Bem-Estar em Duque de Caxias"},"content":{"rendered":"<div id=\"ez-toc-container\" class=\"ez-toc-v2_0_82_2 counter-flat ez-toc-counter ez-toc-white ez-toc-container-direction\">\n<p class=\"ez-toc-title\" style=\"cursor:inherit\">\u00cdndice do Conte\u00fado<\/p>\n<label for=\"ez-toc-cssicon-toggle-item-69f1195641ad6\" class=\"ez-toc-cssicon-toggle-label\"><span class=\"ez-toc-cssicon\"><span class=\"eztoc-hide\" style=\"display:none;\">Toggle<\/span><span class=\"ez-toc-icon-toggle-span\"><svg style=\"fill: #999;color:#999\" xmlns=\"http:\/\/www.w3.org\/2000\/svg\" class=\"list-377408\" width=\"20px\" height=\"20px\" viewBox=\"0 0 24 24\" fill=\"none\"><path d=\"M6 6H4v2h2V6zm14 0H8v2h12V6zM4 11h2v2H4v-2zm16 0H8v2h12v-2zM4 16h2v2H4v-2zm16 0H8v2h12v-2z\" fill=\"currentColor\"><\/path><\/svg><svg style=\"fill: #999;color:#999\" class=\"arrow-unsorted-368013\" xmlns=\"http:\/\/www.w3.org\/2000\/svg\" width=\"10px\" height=\"10px\" viewBox=\"0 0 24 24\" version=\"1.2\" baseProfile=\"tiny\"><path d=\"M18.2 9.3l-6.2-6.3-6.2 6.3c-.2.2-.3.4-.3.7s.1.5.3.7c.2.2.4.3.7.3h11c.3 0 .5-.1.7-.3.2-.2.3-.5.3-.7s-.1-.5-.3-.7zM5.8 14.7l6.2 6.3 6.2-6.3c.2-.2.3-.5.3-.7s-.1-.5-.3-.7c-.2-.2-.4-.3-.7-.3h-11c-.3 0-.5.1-.7.3-.2.2-.3.5-.3.7s.1.5.3.7z\"\/><\/svg><\/span><\/span><\/label><input type=\"checkbox\"  id=\"ez-toc-cssicon-toggle-item-69f1195641ad6\" checked aria-label=\"Alternar\" \/><nav><ul class='ez-toc-list ez-toc-list-level-1 ' ><li class='ez-toc-page-1'><a class=\"ez-toc-link ez-toc-heading-1\" href=\"https:\/\/www.conveniosocial.com.br\/blog\/estetica\/espaco-cris-boneta-estetica-e-bem-estar-em-duque-de-caxias\/#Espaco_Cris_Boneta_Estetica_e_Bem-Estar_em_Duque_de_Caxias\" >Espa\u00e7o Cris Boneta: Est\u00e9tica e Bem-Estar em Duque de Caxias<\/a><\/li><li class='ez-toc-page-1'><a class=\"ez-toc-link ez-toc-heading-2\" href=\"https:\/\/www.conveniosocial.com.br\/blog\/estetica\/espaco-cris-boneta-estetica-e-bem-estar-em-duque-de-caxias\/#Perguntas_Frequentes\" >Perguntas Frequentes<\/a><\/li><li class='ez-toc-page-1'><a class=\"ez-toc-link ez-toc-heading-3\" href=\"https:\/\/www.conveniosocial.com.br\/blog\/estetica\/espaco-cris-boneta-estetica-e-bem-estar-em-duque-de-caxias\/#Contato\" >Contato<\/a><\/li><\/ul><\/nav><\/div>\n<h2><span class=\"ez-toc-section\" id=\"Espaco_Cris_Boneta_Estetica_e_Bem-Estar_em_Duque_de_Caxias\"><\/span>Espa\u00e7o Cris Boneta: Est\u00e9tica e Bem-Estar em Duque de Caxias<span class=\"ez-toc-section-end\"><\/span><\/h2>\n<p>Bem-vindo ao Espa\u00e7o Cris Boneta, sua cl\u00ednica de est\u00e9tica localizada no cora\u00e7\u00e3o de Duque de Caxias, RJ. Com um ambiente acolhedor e profissionais altamente qualificados, nossa miss\u00e3o \u00e9 proporcionar tratamentos est\u00e9ticos personalizados que valorizem a beleza \u00fanica de cada paciente. Especializada em cuidados para a pele negra, a Dra. Cristiane Boneta, respons\u00e1vel t\u00e9cnica da cl\u00ednica, traz uma abordagem humanizada e atenta \u00e0s necessidades individuais, garantindo resultados eficazes e satisfat\u00f3rios. <\/p>\n<p>No Espa\u00e7o Cris Boneta, oferecemos uma variedade de servi\u00e7os que incluem limpeza de pele, peelings qu\u00edmicos, microagulhamento, aplica\u00e7\u00f5es de toxina botul\u00ednica (Botox), preenchimento com \u00e1cido hialur\u00f4nico, bioestimuladores de col\u00e1geno, depila\u00e7\u00e3o a laser, laser CO2 fracionado, ultrassom microfocado (HIFU), criolip\u00f3lise e drenagem linf\u00e1tica. Cada procedimento \u00e9 realizado com t\u00e9cnica apurada e cuidados rigorosos, sempre visando a seguran\u00e7a e o bem-estar do paciente. <\/p>\n<p>Nossa localiza\u00e7\u00e3o \u00e9 privilegiada, situada no bairro Jardim Vinte e Cinco de Agosto, facilitando o acesso para moradores de Duque de Caxias e regi\u00f5es adjacentes como Centro, Vila Oito de Maio e Parque Duque. Com hor\u00e1rios de atendimento de segunda a sexta-feira, das 09h \u00e0s 19h, estamos dispon\u00edveis para atender suas necessidades est\u00e9ticas com flexibilidade e comodidade. <\/p>\n<p>Acreditamos que a est\u00e9tica vai al\u00e9m da apar\u00eancia; ela \u00e9 uma express\u00e3o da autoestima e do cuidado pessoal. Por isso, nossa equipe est\u00e1 sempre pronta para ouvir e orientar nossos pacientes, oferecendo um atendimento que prioriza a individualidade de cada um. No Espa\u00e7o Cris Boneta, voc\u00ea encontrar\u00e1 n\u00e3o apenas tratamentos est\u00e9ticos, mas tamb\u00e9m uma experi\u00eancia transformadora que visa elevar sua confian\u00e7a e bem-estar. <\/p>\n<p>Entre em contato conosco pelo telefone 21 971048318 para agendar sua consulta. Apesar de ainda n\u00e3o termos um site ou Instagram, estamos trabalhando para estabelecer uma presen\u00e7a online que permita que voc\u00ea conhe\u00e7a mais sobre nossos servi\u00e7os e acompanhe novidades. Estamos ansiosos para receb\u00ea-lo no Espa\u00e7o Cris Boneta, onde cada detalhe \u00e9 pensado para o seu conforto e satisfa\u00e7\u00e3o.<\/p>\n<h3><span class=\"ez-toc-section\" id=\"Perguntas_Frequentes\"><\/span>Perguntas Frequentes<span class=\"ez-toc-section-end\"><\/span><\/h3>\n<p>P: Quais s\u00e3o os servi\u00e7os oferecidos pela cl\u00ednica?<br \/>\nR: Oferecemos limpeza de pele, peelings qu\u00edmicos, microagulhamento, Botox, preenchimento com \u00e1cido hialur\u00f4nico, bioestimuladores de col\u00e1geno, depila\u00e7\u00e3o a laser, laser CO2 fracionado, ultrassom microfocado (HIFU), criolip\u00f3lise e drenagem linf\u00e1tica.<\/p>\n<p>P: A cl\u00ednica atende conv\u00eanios?<br \/>\nR: Atualmente, n\u00e3o temos informa\u00e7\u00f5es sobre conv\u00eanios. Para mais detalhes, entre em contato conosco.<\/p>\n<p>P: Qual o hor\u00e1rio de funcionamento da cl\u00ednica?<br \/>\nR: Estamos abertos de segunda a sexta-feira, das 09h \u00e0s 19h. Estamos fechados aos domingos e s\u00e1bados.<\/p>\n<p>P: A cl\u00ednica \u00e9 acess\u00edvel para pessoas com mobilidade reduzida?<br \/>\nR: Sim, nossa cl\u00ednica foi projetada para ser acess\u00edvel, proporcionando conforto a todos os nossos pacientes.<\/p>\n<p>P: Como posso agendar uma consulta?<br \/>\nR: Voc\u00ea pode agendar sua consulta pelo telefone 21 971048318. Nossa equipe est\u00e1 pronta para ajud\u00e1-lo.<\/p>\n<p>P: Existe alguma prepara\u00e7\u00e3o necess\u00e1ria antes dos tratamentos?<br \/>\nR: Dependendo do tratamento, pode haver recomenda\u00e7\u00f5es espec\u00edficas. Consulte nossa equipe durante a consulta inicial.<\/p>\n<p>P: Os tratamentos s\u00e3o seguros?<br \/>\nR: Sim, todos os procedimentos s\u00e3o realizados por profissionais qualificados e seguem rigorosos padr\u00f5es de seguran\u00e7a.<\/p>\n<p>P: A cl\u00ednica possui estacionamento?<br \/>\nR: Informa\u00e7\u00f5es sobre estacionamento podem ser obtidas pelo telefone. Sugerimos verificar a disponibilidade ao agendar sua visita.<\/p>\n<p>P: Quais s\u00e3o as formas de pagamento aceitas?<br \/>\nR: Para informa\u00e7\u00f5es sobre formas de pagamento, entre em contato conosco pelo telefone.<\/p>\n<p>P: A cl\u00ednica oferece algum tipo de promo\u00e7\u00e3o ou desconto?<br \/>\nR: Fique atento \u00e0s nossas redes sociais e ao contato telef\u00f4nico para novidades sobre promo\u00e7\u00f5es e ofertas especiais.<\/p>\n<h3><span class=\"ez-toc-section\" id=\"Contato\"><\/span>Contato<span class=\"ez-toc-section-end\"><\/span><\/h3>\n<p><strong>Tel.:  | <\/strong><br \/>\n<strong>WhatsApp: &#8211; <\/strong><\/p>\n","protected":false},"excerpt":{"rendered":"<p>Espa\u00e7o Cris Boneta: Est\u00e9tica e Bem-Estar em Duque de Caxias Bem-vindo ao Espa\u00e7o Cris Boneta, sua cl\u00ednica de est\u00e9tica localizada no cora\u00e7\u00e3o de Duque de Caxias, RJ. Com um ambiente acolhedor e profissionais altamente qualificados, nossa miss\u00e3o \u00e9 proporcionar tratamentos est\u00e9ticos personalizados que valorizem a beleza \u00fanica de cada paciente. Especializada em cuidados para a [&hellip;]<\/p>\n","protected":false},"author":0,"featured_media":0,"comment_status":"open","ping_status":"open","sticky":false,"template":"","format":"standard","meta":{"_et_pb_use_builder":"o","_et_pb_old_content":"","_et_gb_content_width":"","footnotes":""},"categories":[684,1314,1537],"tags":[],"class_list":["post-150233","post","type-post","status-publish","format-standard","hentry","category-estetica","category-saude-e-beleza","category-tratamentos-de-pele"],"yoast_head":"<!-- This site is optimized with the Yoast SEO Premium plugin v21.3 (Yoast SEO v27.5) - https:\/\/yoast.com\/product\/yoast-seo-premium-wordpress\/ -->\n<title>Espa\u00e7o Cris Boneta: Est\u00e9tica e Bem-Estar em Duque de Caxias - Conv\u00eanio Social<\/title>\n<meta name=\"robots\" content=\"index, follow, max-snippet:-1, max-image-preview:large, max-video-preview:-1\" \/>\n<link rel=\"canonical\" href=\"https:\/\/www.conveniosocial.com.br\/blog\/estetica\/espaco-cris-boneta-estetica-e-bem-estar-em-duque-de-caxias\/\" \/>\n<meta property=\"og:locale\" content=\"pt_BR\" \/>\n<meta property=\"og:type\" content=\"article\" \/>\n<meta property=\"og:title\" content=\"Espa\u00e7o Cris Boneta: Est\u00e9tica e Bem-Estar em Duque de Caxias\" \/>\n<meta property=\"og:description\" content=\"Espa\u00e7o Cris Boneta: Est\u00e9tica e Bem-Estar em Duque de Caxias Bem-vindo ao Espa\u00e7o Cris Boneta, sua cl\u00ednica de est\u00e9tica localizada no cora\u00e7\u00e3o de Duque de Caxias, RJ. Com um ambiente acolhedor e profissionais altamente qualificados, nossa miss\u00e3o \u00e9 proporcionar tratamentos est\u00e9ticos personalizados que valorizem a beleza \u00fanica de cada paciente. Especializada em cuidados para a [&hellip;]\" \/>\n<meta property=\"og:url\" content=\"https:\/\/www.conveniosocial.com.br\/blog\/estetica\/espaco-cris-boneta-estetica-e-bem-estar-em-duque-de-caxias\/\" \/>\n<meta property=\"og:site_name\" content=\"Conv\u00eanio Social\" \/>\n<meta property=\"article:published_time\" content=\"2026-01-26T00:00:23+00:00\" \/>\n<meta name=\"twitter:card\" content=\"summary_large_image\" \/>\n<meta name=\"twitter:label1\" content=\"Est. tempo de leitura\" \/>\n\t<meta name=\"twitter:data1\" content=\"3 minutos\" \/>\n<script type=\"application\/ld+json\" class=\"yoast-schema-graph\">{\"@context\":\"https:\\\/\\\/schema.org\",\"@graph\":[{\"@type\":\"Article\",\"@id\":\"https:\\\/\\\/www.conveniosocial.com.br\\\/blog\\\/estetica\\\/espaco-cris-boneta-estetica-e-bem-estar-em-duque-de-caxias\\\/#article\",\"isPartOf\":{\"@id\":\"https:\\\/\\\/www.conveniosocial.com.br\\\/blog\\\/estetica\\\/espaco-cris-boneta-estetica-e-bem-estar-em-duque-de-caxias\\\/\"},\"author\":{\"name\":\"\",\"@id\":\"\"},\"headline\":\"Espa\u00e7o Cris Boneta: Est\u00e9tica e Bem-Estar em Duque de Caxias\",\"datePublished\":\"2026-01-26T00:00:23+00:00\",\"mainEntityOfPage\":{\"@id\":\"https:\\\/\\\/www.conveniosocial.com.br\\\/blog\\\/estetica\\\/espaco-cris-boneta-estetica-e-bem-estar-em-duque-de-caxias\\\/\"},\"wordCount\":654,\"commentCount\":0,\"publisher\":{\"@id\":\"https:\\\/\\\/www.conveniosocial.com.br\\\/blog\\\/#organization\"},\"articleSection\":[\"Est\u00e9tica\",\"Sa\u00fade e Beleza\",\"Tratamentos de Pele\"],\"inLanguage\":\"pt-BR\"},{\"@type\":\"WebPage\",\"@id\":\"https:\\\/\\\/www.conveniosocial.com.br\\\/blog\\\/estetica\\\/espaco-cris-boneta-estetica-e-bem-estar-em-duque-de-caxias\\\/\",\"url\":\"https:\\\/\\\/www.conveniosocial.com.br\\\/blog\\\/estetica\\\/espaco-cris-boneta-estetica-e-bem-estar-em-duque-de-caxias\\\/\",\"name\":\"Espa\u00e7o Cris Boneta: Est\u00e9tica e Bem-Estar em Duque de Caxias - Conv\u00eanio Social\",\"isPartOf\":{\"@id\":\"https:\\\/\\\/www.conveniosocial.com.br\\\/blog\\\/#website\"},\"datePublished\":\"2026-01-26T00:00:23+00:00\",\"breadcrumb\":{\"@id\":\"https:\\\/\\\/www.conveniosocial.com.br\\\/blog\\\/estetica\\\/espaco-cris-boneta-estetica-e-bem-estar-em-duque-de-caxias\\\/#breadcrumb\"},\"inLanguage\":\"pt-BR\",\"potentialAction\":[{\"@type\":\"ReadAction\",\"target\":[\"https:\\\/\\\/www.conveniosocial.com.br\\\/blog\\\/estetica\\\/espaco-cris-boneta-estetica-e-bem-estar-em-duque-de-caxias\\\/\"]}]},{\"@type\":\"BreadcrumbList\",\"@id\":\"https:\\\/\\\/www.conveniosocial.com.br\\\/blog\\\/estetica\\\/espaco-cris-boneta-estetica-e-bem-estar-em-duque-de-caxias\\\/#breadcrumb\",\"itemListElement\":[{\"@type\":\"ListItem\",\"position\":1,\"name\":\"Home\",\"item\":\"https:\\\/\\\/www.conveniosocial.com.br\\\/blog\\\/\"},{\"@type\":\"ListItem\",\"position\":2,\"name\":\"Est\u00e9tica\",\"item\":\"https:\\\/\\\/www.conveniosocial.com.br\\\/blog\\\/estetica\\\/\"},{\"@type\":\"ListItem\",\"position\":3,\"name\":\"Espa\u00e7o Cris Boneta: Est\u00e9tica e Bem-Estar em Duque de Caxias\"}]},{\"@type\":\"WebSite\",\"@id\":\"https:\\\/\\\/www.conveniosocial.com.br\\\/blog\\\/#website\",\"url\":\"https:\\\/\\\/www.conveniosocial.com.br\\\/blog\\\/\",\"name\":\"Conv\u00eanio Social\",\"description\":\"Informa\u00e7\u00f5es de Sa\u00fade e Bem-estar, Consultas e Exames Popular\",\"publisher\":{\"@id\":\"https:\\\/\\\/www.conveniosocial.com.br\\\/blog\\\/#organization\"},\"potentialAction\":[{\"@type\":\"SearchAction\",\"target\":{\"@type\":\"EntryPoint\",\"urlTemplate\":\"https:\\\/\\\/www.conveniosocial.com.br\\\/blog\\\/?s={search_term_string}\"},\"query-input\":{\"@type\":\"PropertyValueSpecification\",\"valueRequired\":true,\"valueName\":\"search_term_string\"}}],\"inLanguage\":\"pt-BR\"},{\"@type\":\"Organization\",\"@id\":\"https:\\\/\\\/www.conveniosocial.com.br\\\/blog\\\/#organization\",\"name\":\"Conv\u00eanio Social\",\"url\":\"https:\\\/\\\/www.conveniosocial.com.br\\\/blog\\\/\",\"logo\":{\"@type\":\"ImageObject\",\"inLanguage\":\"pt-BR\",\"@id\":\"https:\\\/\\\/www.conveniosocial.com.br\\\/blog\\\/#\\\/schema\\\/logo\\\/image\\\/\",\"url\":\"https:\\\/\\\/www.conveniosocial.com.br\\\/blog\\\/wp-content\\\/uploads\\\/2021\\\/11\\\/novo_logo-convenio-socia-digital.png\",\"contentUrl\":\"https:\\\/\\\/www.conveniosocial.com.br\\\/blog\\\/wp-content\\\/uploads\\\/2021\\\/11\\\/novo_logo-convenio-socia-digital.png\",\"width\":400,\"height\":102,\"caption\":\"Conv\u00eanio Social\"},\"image\":{\"@id\":\"https:\\\/\\\/www.conveniosocial.com.br\\\/blog\\\/#\\\/schema\\\/logo\\\/image\\\/\"}}]}<\/script>\n<!-- \/ Yoast SEO Premium plugin. -->","yoast_head_json":{"title":"Espa\u00e7o Cris Boneta: Est\u00e9tica e Bem-Estar em Duque de Caxias - Conv\u00eanio Social","robots":{"index":"index","follow":"follow","max-snippet":"max-snippet:-1","max-image-preview":"max-image-preview:large","max-video-preview":"max-video-preview:-1"},"canonical":"https:\/\/www.conveniosocial.com.br\/blog\/estetica\/espaco-cris-boneta-estetica-e-bem-estar-em-duque-de-caxias\/","og_locale":"pt_BR","og_type":"article","og_title":"Espa\u00e7o Cris Boneta: Est\u00e9tica e Bem-Estar em Duque de Caxias","og_description":"Espa\u00e7o Cris Boneta: Est\u00e9tica e Bem-Estar em Duque de Caxias Bem-vindo ao Espa\u00e7o Cris Boneta, sua cl\u00ednica de est\u00e9tica localizada no cora\u00e7\u00e3o de Duque de Caxias, RJ. Com um ambiente acolhedor e profissionais altamente qualificados, nossa miss\u00e3o \u00e9 proporcionar tratamentos est\u00e9ticos personalizados que valorizem a beleza \u00fanica de cada paciente. Especializada em cuidados para a [&hellip;]","og_url":"https:\/\/www.conveniosocial.com.br\/blog\/estetica\/espaco-cris-boneta-estetica-e-bem-estar-em-duque-de-caxias\/","og_site_name":"Conv\u00eanio Social","article_published_time":"2026-01-26T00:00:23+00:00","twitter_card":"summary_large_image","twitter_misc":{"Est. tempo de leitura":"3 minutos"},"schema":{"@context":"https:\/\/schema.org","@graph":[{"@type":"Article","@id":"https:\/\/www.conveniosocial.com.br\/blog\/estetica\/espaco-cris-boneta-estetica-e-bem-estar-em-duque-de-caxias\/#article","isPartOf":{"@id":"https:\/\/www.conveniosocial.com.br\/blog\/estetica\/espaco-cris-boneta-estetica-e-bem-estar-em-duque-de-caxias\/"},"author":{"name":"","@id":""},"headline":"Espa\u00e7o Cris Boneta: Est\u00e9tica e Bem-Estar em Duque de Caxias","datePublished":"2026-01-26T00:00:23+00:00","mainEntityOfPage":{"@id":"https:\/\/www.conveniosocial.com.br\/blog\/estetica\/espaco-cris-boneta-estetica-e-bem-estar-em-duque-de-caxias\/"},"wordCount":654,"commentCount":0,"publisher":{"@id":"https:\/\/www.conveniosocial.com.br\/blog\/#organization"},"articleSection":["Est\u00e9tica","Sa\u00fade e Beleza","Tratamentos de Pele"],"inLanguage":"pt-BR"},{"@type":"WebPage","@id":"https:\/\/www.conveniosocial.com.br\/blog\/estetica\/espaco-cris-boneta-estetica-e-bem-estar-em-duque-de-caxias\/","url":"https:\/\/www.conveniosocial.com.br\/blog\/estetica\/espaco-cris-boneta-estetica-e-bem-estar-em-duque-de-caxias\/","name":"Espa\u00e7o Cris Boneta: Est\u00e9tica e Bem-Estar em Duque de Caxias - Conv\u00eanio Social","isPartOf":{"@id":"https:\/\/www.conveniosocial.com.br\/blog\/#website"},"datePublished":"2026-01-26T00:00:23+00:00","breadcrumb":{"@id":"https:\/\/www.conveniosocial.com.br\/blog\/estetica\/espaco-cris-boneta-estetica-e-bem-estar-em-duque-de-caxias\/#breadcrumb"},"inLanguage":"pt-BR","potentialAction":[{"@type":"ReadAction","target":["https:\/\/www.conveniosocial.com.br\/blog\/estetica\/espaco-cris-boneta-estetica-e-bem-estar-em-duque-de-caxias\/"]}]},{"@type":"BreadcrumbList","@id":"https:\/\/www.conveniosocial.com.br\/blog\/estetica\/espaco-cris-boneta-estetica-e-bem-estar-em-duque-de-caxias\/#breadcrumb","itemListElement":[{"@type":"ListItem","position":1,"name":"Home","item":"https:\/\/www.conveniosocial.com.br\/blog\/"},{"@type":"ListItem","position":2,"name":"Est\u00e9tica","item":"https:\/\/www.conveniosocial.com.br\/blog\/estetica\/"},{"@type":"ListItem","position":3,"name":"Espa\u00e7o Cris Boneta: Est\u00e9tica e Bem-Estar em Duque de Caxias"}]},{"@type":"WebSite","@id":"https:\/\/www.conveniosocial.com.br\/blog\/#website","url":"https:\/\/www.conveniosocial.com.br\/blog\/","name":"Conv\u00eanio Social","description":"Informa\u00e7\u00f5es de Sa\u00fade e Bem-estar, Consultas e Exames Popular","publisher":{"@id":"https:\/\/www.conveniosocial.com.br\/blog\/#organization"},"potentialAction":[{"@type":"SearchAction","target":{"@type":"EntryPoint","urlTemplate":"https:\/\/www.conveniosocial.com.br\/blog\/?s={search_term_string}"},"query-input":{"@type":"PropertyValueSpecification","valueRequired":true,"valueName":"search_term_string"}}],"inLanguage":"pt-BR"},{"@type":"Organization","@id":"https:\/\/www.conveniosocial.com.br\/blog\/#organization","name":"Conv\u00eanio Social","url":"https:\/\/www.conveniosocial.com.br\/blog\/","logo":{"@type":"ImageObject","inLanguage":"pt-BR","@id":"https:\/\/www.conveniosocial.com.br\/blog\/#\/schema\/logo\/image\/","url":"https:\/\/www.conveniosocial.com.br\/blog\/wp-content\/uploads\/2021\/11\/novo_logo-convenio-socia-digital.png","contentUrl":"https:\/\/www.conveniosocial.com.br\/blog\/wp-content\/uploads\/2021\/11\/novo_logo-convenio-socia-digital.png","width":400,"height":102,"caption":"Conv\u00eanio Social"},"image":{"@id":"https:\/\/www.conveniosocial.com.br\/blog\/#\/schema\/logo\/image\/"}}]}},"_links":{"self":[{"href":"https:\/\/www.conveniosocial.com.br\/blog\/wp-json\/wp\/v2\/posts\/150233","targetHints":{"allow":["GET"]}}],"collection":[{"href":"https:\/\/www.conveniosocial.com.br\/blog\/wp-json\/wp\/v2\/posts"}],"about":[{"href":"https:\/\/www.conveniosocial.com.br\/blog\/wp-json\/wp\/v2\/types\/post"}],"replies":[{"embeddable":true,"href":"https:\/\/www.conveniosocial.com.br\/blog\/wp-json\/wp\/v2\/comments?post=150233"}],"version-history":[{"count":0,"href":"https:\/\/www.conveniosocial.com.br\/blog\/wp-json\/wp\/v2\/posts\/150233\/revisions"}],"wp:attachment":[{"href":"https:\/\/www.conveniosocial.com.br\/blog\/wp-json\/wp\/v2\/media?parent=150233"}],"wp:term":[{"taxonomy":"category","embeddable":true,"href":"https:\/\/www.conveniosocial.com.br\/blog\/wp-json\/wp\/v2\/categories?post=150233"},{"taxonomy":"post_tag","embeddable":true,"href":"https:\/\/www.conveniosocial.com.br\/blog\/wp-json\/wp\/v2\/tags?post=150233"}],"curies":[{"name":"wp","href":"https:\/\/api.w.org\/{rel}","templated":true}]}}