{"id":150328,"date":"2026-01-27T21:00:22","date_gmt":"2026-01-28T00:00:22","guid":{"rendered":"https:\/\/www.conveniosocial.com.br\/blog\/nehuma\/clio-vale-cuidado-visual-em-sao-jose-dos-campos\/"},"modified":"2026-01-27T21:00:22","modified_gmt":"2026-01-28T00:00:22","slug":"clio-vale-cuidado-visual-em-sao-jose-dos-campos","status":"publish","type":"post","link":"https:\/\/www.conveniosocial.com.br\/blog\/oftalmologia\/clio-vale-cuidado-visual-em-sao-jose-dos-campos\/","title":{"rendered":"Clio Vale: Cuidado Visual em S\u00e3o Jos\u00e9 dos Campos"},"content":{"rendered":"<div id=\"ez-toc-container\" class=\"ez-toc-v2_0_82_2 counter-flat ez-toc-counter ez-toc-white ez-toc-container-direction\">\n<p class=\"ez-toc-title\" style=\"cursor:inherit\">\u00cdndice do Conte\u00fado<\/p>\n<label for=\"ez-toc-cssicon-toggle-item-69f4fccd2bbd8\" class=\"ez-toc-cssicon-toggle-label\"><span class=\"ez-toc-cssicon\"><span class=\"eztoc-hide\" style=\"display:none;\">Toggle<\/span><span class=\"ez-toc-icon-toggle-span\"><svg style=\"fill: #999;color:#999\" xmlns=\"http:\/\/www.w3.org\/2000\/svg\" class=\"list-377408\" width=\"20px\" height=\"20px\" viewBox=\"0 0 24 24\" fill=\"none\"><path d=\"M6 6H4v2h2V6zm14 0H8v2h12V6zM4 11h2v2H4v-2zm16 0H8v2h12v-2zM4 16h2v2H4v-2zm16 0H8v2h12v-2z\" fill=\"currentColor\"><\/path><\/svg><svg style=\"fill: #999;color:#999\" class=\"arrow-unsorted-368013\" xmlns=\"http:\/\/www.w3.org\/2000\/svg\" width=\"10px\" height=\"10px\" viewBox=\"0 0 24 24\" version=\"1.2\" baseProfile=\"tiny\"><path d=\"M18.2 9.3l-6.2-6.3-6.2 6.3c-.2.2-.3.4-.3.7s.1.5.3.7c.2.2.4.3.7.3h11c.3 0 .5-.1.7-.3.2-.2.3-.5.3-.7s-.1-.5-.3-.7zM5.8 14.7l6.2 6.3 6.2-6.3c.2-.2.3-.5.3-.7s-.1-.5-.3-.7c-.2-.2-.4-.3-.7-.3h-11c-.3 0-.5.1-.7.3-.2.2-.3.5-.3.7s.1.5.3.7z\"\/><\/svg><\/span><\/span><\/label><input type=\"checkbox\"  id=\"ez-toc-cssicon-toggle-item-69f4fccd2bbd8\" checked aria-label=\"Alternar\" \/><nav><ul class='ez-toc-list ez-toc-list-level-1 ' ><li class='ez-toc-page-1'><a class=\"ez-toc-link ez-toc-heading-1\" href=\"https:\/\/www.conveniosocial.com.br\/blog\/oftalmologia\/clio-vale-cuidado-visual-em-sao-jose-dos-campos\/#Clio_Vale_Cuidado_Visual_em_Sao_Jose_dos_Campos\" >Clio Vale: Cuidado Visual em S\u00e3o Jos\u00e9 dos Campos<\/a><\/li><li class='ez-toc-page-1'><a class=\"ez-toc-link ez-toc-heading-2\" href=\"https:\/\/www.conveniosocial.com.br\/blog\/oftalmologia\/clio-vale-cuidado-visual-em-sao-jose-dos-campos\/#Perguntas_Frequentes\" >Perguntas Frequentes<\/a><\/li><li class='ez-toc-page-1'><a class=\"ez-toc-link ez-toc-heading-3\" href=\"https:\/\/www.conveniosocial.com.br\/blog\/oftalmologia\/clio-vale-cuidado-visual-em-sao-jose-dos-campos\/#Contato\" >Contato<\/a><\/li><\/ul><\/nav><\/div>\n<h2><span class=\"ez-toc-section\" id=\"Clio_Vale_Cuidado_Visual_em_Sao_Jose_dos_Campos\"><\/span>Clio Vale: Cuidado Visual em S\u00e3o Jos\u00e9 dos Campos<span class=\"ez-toc-section-end\"><\/span><\/h2>\n<p>A Clio Vale, localizada no cora\u00e7\u00e3o de S\u00e3o Jos\u00e9 dos Campos, no bairro Jardim Renata, \u00e9 uma cl\u00ednica de oftalmologia que se destaca pelo atendimento humanizado e especializado. Sob a responsabilidade da Dra. Maria Cec\u00edlia Baccaro Monteiro, uma profissional reconhecida na \u00e1rea, nossa cl\u00ednica oferece servi\u00e7os de excel\u00eancia para cuidar da sa\u00fade visual de nossos pacientes. <\/p>\n<p>Com um ambiente acolhedor e uma equipe comprometida, a Clio Vale oferece diversas especialidades em oftalmologia, incluindo consultas de rotina, oftalmopediatria e cirurgia pl\u00e1stica ocular. Nossos pacientes podem contar com uma avalia\u00e7\u00e3o abrangente da sa\u00fade ocular, garantindo que cada consulta seja uma oportunidade para promover o bem-estar visual. <\/p>\n<p>Realizamos exames essenciais, como o exame de fundo de olho, que permite detectar precocemente doen\u00e7as oculares e entender a sa\u00fade geral do paciente. A aferi\u00e7\u00e3o da press\u00e3o ocular, conhecida como tonometria, \u00e9 um exame crucial para o diagn\u00f3stico e monitoramento do glaucoma, uma condi\u00e7\u00e3o que pode levar \u00e0 perda de vis\u00e3o se n\u00e3o tratada adequadamente. Al\u00e9m disso, oferecemos consultas preventivas e check-ups, que s\u00e3o fundamentais para o diagn\u00f3stico precoce de doen\u00e7as que podem n\u00e3o apresentar sintomas vis\u00edveis. <\/p>\n<p>A localiza\u00e7\u00e3o da Clio Vale em S\u00e3o Jos\u00e9 dos Campos \u00e9 de f\u00e1cil acesso, permitindo que pacientes de bairros pr\u00f3ximos, como Jardim das Ind\u00fastrias, Vila Ema, Jardim Apolo II e Jardim Bela Vista, possam visitar nossa cl\u00ednica sem dificuldades. Nossos hor\u00e1rios de atendimento s\u00e3o de segunda a sexta-feira, das 09:00 \u00e0s 18:00, oferecendo flexibilidade para agendar suas consultas. <\/p>\n<p>Na Clio Vale, priorizamos a sa\u00fade e o conforto de nossos pacientes, utilizando tecnologias avan\u00e7adas em nossos servi\u00e7os e mantendo um alto padr\u00e3o de qualidade. Mesmo n\u00e3o informando sobre conv\u00eanios, disponibilizamos um atendimento acess\u00edvel e transparente, visando sempre o melhor para a sa\u00fade ocular. <\/p>\n<p>Para agendar uma consulta ou tirar d\u00favidas, entre em contato pelo telefone (12) 3941-1948. Embora ainda n\u00e3o tenhamos um site ou Instagram, em breve estaremos dispon\u00edveis nas redes sociais para interagir com nossos pacientes e fornecer informa\u00e7\u00f5es valiosas sobre cuidados com a vis\u00e3o e novidades da cl\u00ednica. <\/p>\n<p>Na Clio Vale, o cuidado com a sa\u00fade visual \u00e9 a nossa prioridade, e estamos aqui para garantir que voc\u00ea tenha a melhor experi\u00eancia em atendimento oftalmol\u00f3gico.<\/p>\n<h3><span class=\"ez-toc-section\" id=\"Perguntas_Frequentes\"><\/span>Perguntas Frequentes<span class=\"ez-toc-section-end\"><\/span><\/h3>\n<p>P: Quais especialidades s\u00e3o atendidas na Clio Vale?<br \/>\nR: Atendemos em oftalmologia geral, oftalmopediatria e cirurgia pl\u00e1stica ocular.<\/p>\n<p>P: Que tipos de exames s\u00e3o realizados na cl\u00ednica?<br \/>\nR: Realizamos exames como fundo de olho, tonometria e consultas preventivas.<\/p>\n<p>P: Qual \u00e9 o hor\u00e1rio de funcionamento da cl\u00ednica?<br \/>\nR: Estamos abertos de segunda a sexta-feira, das 09:00 \u00e0s 18:00.<\/p>\n<p>P: A Clio Vale atende conv\u00eanios?<br \/>\nR: No momento, n\u00e3o informamos sobre conv\u00eanios, mas oferecemos atendimento acess\u00edvel.<\/p>\n<p>P: Como posso agendar uma consulta?<br \/>\nR: Voc\u00ea pode agendar sua consulta pelo telefone (12) 3941-1948.<\/p>\n<p>P: Onde a Clio Vale est\u00e1 localizada?<br \/>\nR: Estamos localizados no bairro Jardim Renata, em S\u00e3o Jos\u00e9 dos Campos.<\/p>\n<p>P: A cl\u00ednica realiza atendimento para crian\u00e7as?<br \/>\nR: Sim, temos atendimento especializado em oftalmopediatria para crian\u00e7as.<\/p>\n<p>P: Quais s\u00e3o os diferenciais da Clio Vale?<br \/>\nR: Oferecemos um atendimento humanizado, com profissionais qualificados e tecnologia avan\u00e7ada.<\/p>\n<p>P: A cl\u00ednica realiza cirurgias?<br \/>\nR: Sim, realizamos cirurgias pl\u00e1sticas oculares quando necess\u00e1rio.<\/p>\n<p>P: Posso tirar d\u00favidas sobre sa\u00fade ocular na cl\u00ednica?<br \/>\nR: Sim, nossa equipe est\u00e1 sempre pronta para esclarecer d\u00favidas e fornecer orienta\u00e7\u00f5es sobre sa\u00fade ocular.<\/p>\n<h3><span class=\"ez-toc-section\" id=\"Contato\"><\/span>Contato<span class=\"ez-toc-section-end\"><\/span><\/h3>\n<p><strong>Tel.:  | <\/strong><br \/>\n<strong>WhatsApp: &#8211; <\/strong><\/p>\n","protected":false},"excerpt":{"rendered":"<p>Clio Vale: Cuidado Visual em S\u00e3o Jos\u00e9 dos Campos A Clio Vale, localizada no cora\u00e7\u00e3o de S\u00e3o Jos\u00e9 dos Campos, no bairro Jardim Renata, \u00e9 uma cl\u00ednica de oftalmologia que se destaca pelo atendimento humanizado e especializado. Sob a responsabilidade da Dra. Maria Cec\u00edlia Baccaro Monteiro, uma profissional reconhecida na \u00e1rea, nossa cl\u00ednica oferece servi\u00e7os [&hellip;]<\/p>\n","protected":false},"author":0,"featured_media":0,"comment_status":"open","ping_status":"open","sticky":false,"template":"","format":"standard","meta":{"_et_pb_use_builder":"o","_et_pb_old_content":"","_et_gb_content_width":"","footnotes":""},"categories":[2017,1497,908],"tags":[],"class_list":["post-150328","post","type-post","status-publish","format-standard","hentry","category-cirurgia-plastica-ocular","category-exames-oculares","category-oftalmologia"],"yoast_head":"<!-- This site is optimized with the Yoast SEO Premium plugin v21.3 (Yoast SEO v27.5) - https:\/\/yoast.com\/product\/yoast-seo-premium-wordpress\/ -->\n<title>Clio Vale: Cuidado Visual em S\u00e3o Jos\u00e9 dos Campos - Conv\u00eanio Social<\/title>\n<meta name=\"robots\" content=\"index, follow, max-snippet:-1, max-image-preview:large, max-video-preview:-1\" \/>\n<link rel=\"canonical\" href=\"https:\/\/www.conveniosocial.com.br\/blog\/oftalmologia\/clio-vale-cuidado-visual-em-sao-jose-dos-campos\/\" \/>\n<meta property=\"og:locale\" content=\"pt_BR\" \/>\n<meta property=\"og:type\" content=\"article\" \/>\n<meta property=\"og:title\" content=\"Clio Vale: Cuidado Visual em S\u00e3o Jos\u00e9 dos Campos\" \/>\n<meta property=\"og:description\" content=\"Clio Vale: Cuidado Visual em S\u00e3o Jos\u00e9 dos Campos A Clio Vale, localizada no cora\u00e7\u00e3o de S\u00e3o Jos\u00e9 dos Campos, no bairro Jardim Renata, \u00e9 uma cl\u00ednica de oftalmologia que se destaca pelo atendimento humanizado e especializado. Sob a responsabilidade da Dra. Maria Cec\u00edlia Baccaro Monteiro, uma profissional reconhecida na \u00e1rea, nossa cl\u00ednica oferece servi\u00e7os [&hellip;]\" \/>\n<meta property=\"og:url\" content=\"https:\/\/www.conveniosocial.com.br\/blog\/oftalmologia\/clio-vale-cuidado-visual-em-sao-jose-dos-campos\/\" \/>\n<meta property=\"og:site_name\" content=\"Conv\u00eanio Social\" \/>\n<meta property=\"article:published_time\" content=\"2026-01-28T00:00:22+00:00\" \/>\n<meta name=\"twitter:card\" content=\"summary_large_image\" \/>\n<meta name=\"twitter:label1\" content=\"Est. tempo de leitura\" \/>\n\t<meta name=\"twitter:data1\" content=\"3 minutos\" \/>\n<script type=\"application\/ld+json\" class=\"yoast-schema-graph\">{\"@context\":\"https:\\\/\\\/schema.org\",\"@graph\":[{\"@type\":\"Article\",\"@id\":\"https:\\\/\\\/www.conveniosocial.com.br\\\/blog\\\/oftalmologia\\\/clio-vale-cuidado-visual-em-sao-jose-dos-campos\\\/#article\",\"isPartOf\":{\"@id\":\"https:\\\/\\\/www.conveniosocial.com.br\\\/blog\\\/oftalmologia\\\/clio-vale-cuidado-visual-em-sao-jose-dos-campos\\\/\"},\"author\":{\"name\":\"\",\"@id\":\"\"},\"headline\":\"Clio Vale: Cuidado Visual em S\u00e3o Jos\u00e9 dos Campos\",\"datePublished\":\"2026-01-28T00:00:22+00:00\",\"mainEntityOfPage\":{\"@id\":\"https:\\\/\\\/www.conveniosocial.com.br\\\/blog\\\/oftalmologia\\\/clio-vale-cuidado-visual-em-sao-jose-dos-campos\\\/\"},\"wordCount\":628,\"commentCount\":0,\"publisher\":{\"@id\":\"https:\\\/\\\/www.conveniosocial.com.br\\\/blog\\\/#organization\"},\"articleSection\":[\"Cirurgia Pl\u00e1stica Ocular\",\"Exames Oculares\",\"Oftalmologia\"],\"inLanguage\":\"pt-BR\"},{\"@type\":\"WebPage\",\"@id\":\"https:\\\/\\\/www.conveniosocial.com.br\\\/blog\\\/oftalmologia\\\/clio-vale-cuidado-visual-em-sao-jose-dos-campos\\\/\",\"url\":\"https:\\\/\\\/www.conveniosocial.com.br\\\/blog\\\/oftalmologia\\\/clio-vale-cuidado-visual-em-sao-jose-dos-campos\\\/\",\"name\":\"Clio Vale: Cuidado Visual em S\u00e3o Jos\u00e9 dos Campos - Conv\u00eanio Social\",\"isPartOf\":{\"@id\":\"https:\\\/\\\/www.conveniosocial.com.br\\\/blog\\\/#website\"},\"datePublished\":\"2026-01-28T00:00:22+00:00\",\"breadcrumb\":{\"@id\":\"https:\\\/\\\/www.conveniosocial.com.br\\\/blog\\\/oftalmologia\\\/clio-vale-cuidado-visual-em-sao-jose-dos-campos\\\/#breadcrumb\"},\"inLanguage\":\"pt-BR\",\"potentialAction\":[{\"@type\":\"ReadAction\",\"target\":[\"https:\\\/\\\/www.conveniosocial.com.br\\\/blog\\\/oftalmologia\\\/clio-vale-cuidado-visual-em-sao-jose-dos-campos\\\/\"]}]},{\"@type\":\"BreadcrumbList\",\"@id\":\"https:\\\/\\\/www.conveniosocial.com.br\\\/blog\\\/oftalmologia\\\/clio-vale-cuidado-visual-em-sao-jose-dos-campos\\\/#breadcrumb\",\"itemListElement\":[{\"@type\":\"ListItem\",\"position\":1,\"name\":\"Home\",\"item\":\"https:\\\/\\\/www.conveniosocial.com.br\\\/blog\\\/\"},{\"@type\":\"ListItem\",\"position\":2,\"name\":\"Cirurgia Pl\u00e1stica Ocular\",\"item\":\"https:\\\/\\\/www.conveniosocial.com.br\\\/blog\\\/cirurgia-plastica-ocular\\\/\"},{\"@type\":\"ListItem\",\"position\":3,\"name\":\"Clio Vale: Cuidado Visual em S\u00e3o Jos\u00e9 dos Campos\"}]},{\"@type\":\"WebSite\",\"@id\":\"https:\\\/\\\/www.conveniosocial.com.br\\\/blog\\\/#website\",\"url\":\"https:\\\/\\\/www.conveniosocial.com.br\\\/blog\\\/\",\"name\":\"Conv\u00eanio Social\",\"description\":\"Informa\u00e7\u00f5es de Sa\u00fade e Bem-estar, Consultas e Exames Popular\",\"publisher\":{\"@id\":\"https:\\\/\\\/www.conveniosocial.com.br\\\/blog\\\/#organization\"},\"potentialAction\":[{\"@type\":\"SearchAction\",\"target\":{\"@type\":\"EntryPoint\",\"urlTemplate\":\"https:\\\/\\\/www.conveniosocial.com.br\\\/blog\\\/?s={search_term_string}\"},\"query-input\":{\"@type\":\"PropertyValueSpecification\",\"valueRequired\":true,\"valueName\":\"search_term_string\"}}],\"inLanguage\":\"pt-BR\"},{\"@type\":\"Organization\",\"@id\":\"https:\\\/\\\/www.conveniosocial.com.br\\\/blog\\\/#organization\",\"name\":\"Conv\u00eanio Social\",\"url\":\"https:\\\/\\\/www.conveniosocial.com.br\\\/blog\\\/\",\"logo\":{\"@type\":\"ImageObject\",\"inLanguage\":\"pt-BR\",\"@id\":\"https:\\\/\\\/www.conveniosocial.com.br\\\/blog\\\/#\\\/schema\\\/logo\\\/image\\\/\",\"url\":\"https:\\\/\\\/www.conveniosocial.com.br\\\/blog\\\/wp-content\\\/uploads\\\/2021\\\/11\\\/novo_logo-convenio-socia-digital.png\",\"contentUrl\":\"https:\\\/\\\/www.conveniosocial.com.br\\\/blog\\\/wp-content\\\/uploads\\\/2021\\\/11\\\/novo_logo-convenio-socia-digital.png\",\"width\":400,\"height\":102,\"caption\":\"Conv\u00eanio Social\"},\"image\":{\"@id\":\"https:\\\/\\\/www.conveniosocial.com.br\\\/blog\\\/#\\\/schema\\\/logo\\\/image\\\/\"}}]}<\/script>\n<!-- \/ Yoast SEO Premium plugin. -->","yoast_head_json":{"title":"Clio Vale: Cuidado Visual em S\u00e3o Jos\u00e9 dos Campos - Conv\u00eanio Social","robots":{"index":"index","follow":"follow","max-snippet":"max-snippet:-1","max-image-preview":"max-image-preview:large","max-video-preview":"max-video-preview:-1"},"canonical":"https:\/\/www.conveniosocial.com.br\/blog\/oftalmologia\/clio-vale-cuidado-visual-em-sao-jose-dos-campos\/","og_locale":"pt_BR","og_type":"article","og_title":"Clio Vale: Cuidado Visual em S\u00e3o Jos\u00e9 dos Campos","og_description":"Clio Vale: Cuidado Visual em S\u00e3o Jos\u00e9 dos Campos A Clio Vale, localizada no cora\u00e7\u00e3o de S\u00e3o Jos\u00e9 dos Campos, no bairro Jardim Renata, \u00e9 uma cl\u00ednica de oftalmologia que se destaca pelo atendimento humanizado e especializado. Sob a responsabilidade da Dra. Maria Cec\u00edlia Baccaro Monteiro, uma profissional reconhecida na \u00e1rea, nossa cl\u00ednica oferece servi\u00e7os [&hellip;]","og_url":"https:\/\/www.conveniosocial.com.br\/blog\/oftalmologia\/clio-vale-cuidado-visual-em-sao-jose-dos-campos\/","og_site_name":"Conv\u00eanio Social","article_published_time":"2026-01-28T00:00:22+00:00","twitter_card":"summary_large_image","twitter_misc":{"Est. tempo de leitura":"3 minutos"},"schema":{"@context":"https:\/\/schema.org","@graph":[{"@type":"Article","@id":"https:\/\/www.conveniosocial.com.br\/blog\/oftalmologia\/clio-vale-cuidado-visual-em-sao-jose-dos-campos\/#article","isPartOf":{"@id":"https:\/\/www.conveniosocial.com.br\/blog\/oftalmologia\/clio-vale-cuidado-visual-em-sao-jose-dos-campos\/"},"author":{"name":"","@id":""},"headline":"Clio Vale: Cuidado Visual em S\u00e3o Jos\u00e9 dos Campos","datePublished":"2026-01-28T00:00:22+00:00","mainEntityOfPage":{"@id":"https:\/\/www.conveniosocial.com.br\/blog\/oftalmologia\/clio-vale-cuidado-visual-em-sao-jose-dos-campos\/"},"wordCount":628,"commentCount":0,"publisher":{"@id":"https:\/\/www.conveniosocial.com.br\/blog\/#organization"},"articleSection":["Cirurgia Pl\u00e1stica Ocular","Exames Oculares","Oftalmologia"],"inLanguage":"pt-BR"},{"@type":"WebPage","@id":"https:\/\/www.conveniosocial.com.br\/blog\/oftalmologia\/clio-vale-cuidado-visual-em-sao-jose-dos-campos\/","url":"https:\/\/www.conveniosocial.com.br\/blog\/oftalmologia\/clio-vale-cuidado-visual-em-sao-jose-dos-campos\/","name":"Clio Vale: Cuidado Visual em S\u00e3o Jos\u00e9 dos Campos - Conv\u00eanio Social","isPartOf":{"@id":"https:\/\/www.conveniosocial.com.br\/blog\/#website"},"datePublished":"2026-01-28T00:00:22+00:00","breadcrumb":{"@id":"https:\/\/www.conveniosocial.com.br\/blog\/oftalmologia\/clio-vale-cuidado-visual-em-sao-jose-dos-campos\/#breadcrumb"},"inLanguage":"pt-BR","potentialAction":[{"@type":"ReadAction","target":["https:\/\/www.conveniosocial.com.br\/blog\/oftalmologia\/clio-vale-cuidado-visual-em-sao-jose-dos-campos\/"]}]},{"@type":"BreadcrumbList","@id":"https:\/\/www.conveniosocial.com.br\/blog\/oftalmologia\/clio-vale-cuidado-visual-em-sao-jose-dos-campos\/#breadcrumb","itemListElement":[{"@type":"ListItem","position":1,"name":"Home","item":"https:\/\/www.conveniosocial.com.br\/blog\/"},{"@type":"ListItem","position":2,"name":"Cirurgia Pl\u00e1stica Ocular","item":"https:\/\/www.conveniosocial.com.br\/blog\/cirurgia-plastica-ocular\/"},{"@type":"ListItem","position":3,"name":"Clio Vale: Cuidado Visual em S\u00e3o Jos\u00e9 dos Campos"}]},{"@type":"WebSite","@id":"https:\/\/www.conveniosocial.com.br\/blog\/#website","url":"https:\/\/www.conveniosocial.com.br\/blog\/","name":"Conv\u00eanio Social","description":"Informa\u00e7\u00f5es de Sa\u00fade e Bem-estar, Consultas e Exames Popular","publisher":{"@id":"https:\/\/www.conveniosocial.com.br\/blog\/#organization"},"potentialAction":[{"@type":"SearchAction","target":{"@type":"EntryPoint","urlTemplate":"https:\/\/www.conveniosocial.com.br\/blog\/?s={search_term_string}"},"query-input":{"@type":"PropertyValueSpecification","valueRequired":true,"valueName":"search_term_string"}}],"inLanguage":"pt-BR"},{"@type":"Organization","@id":"https:\/\/www.conveniosocial.com.br\/blog\/#organization","name":"Conv\u00eanio Social","url":"https:\/\/www.conveniosocial.com.br\/blog\/","logo":{"@type":"ImageObject","inLanguage":"pt-BR","@id":"https:\/\/www.conveniosocial.com.br\/blog\/#\/schema\/logo\/image\/","url":"https:\/\/www.conveniosocial.com.br\/blog\/wp-content\/uploads\/2021\/11\/novo_logo-convenio-socia-digital.png","contentUrl":"https:\/\/www.conveniosocial.com.br\/blog\/wp-content\/uploads\/2021\/11\/novo_logo-convenio-socia-digital.png","width":400,"height":102,"caption":"Conv\u00eanio Social"},"image":{"@id":"https:\/\/www.conveniosocial.com.br\/blog\/#\/schema\/logo\/image\/"}}]}},"_links":{"self":[{"href":"https:\/\/www.conveniosocial.com.br\/blog\/wp-json\/wp\/v2\/posts\/150328","targetHints":{"allow":["GET"]}}],"collection":[{"href":"https:\/\/www.conveniosocial.com.br\/blog\/wp-json\/wp\/v2\/posts"}],"about":[{"href":"https:\/\/www.conveniosocial.com.br\/blog\/wp-json\/wp\/v2\/types\/post"}],"replies":[{"embeddable":true,"href":"https:\/\/www.conveniosocial.com.br\/blog\/wp-json\/wp\/v2\/comments?post=150328"}],"version-history":[{"count":0,"href":"https:\/\/www.conveniosocial.com.br\/blog\/wp-json\/wp\/v2\/posts\/150328\/revisions"}],"wp:attachment":[{"href":"https:\/\/www.conveniosocial.com.br\/blog\/wp-json\/wp\/v2\/media?parent=150328"}],"wp:term":[{"taxonomy":"category","embeddable":true,"href":"https:\/\/www.conveniosocial.com.br\/blog\/wp-json\/wp\/v2\/categories?post=150328"},{"taxonomy":"post_tag","embeddable":true,"href":"https:\/\/www.conveniosocial.com.br\/blog\/wp-json\/wp\/v2\/tags?post=150328"}],"curies":[{"name":"wp","href":"https:\/\/api.w.org\/{rel}","templated":true}]}}