{"id":150366,"date":"2026-01-28T21:00:22","date_gmt":"2026-01-29T00:00:22","guid":{"rendered":"https:\/\/www.conveniosocial.com.br\/blog\/nehuma\/clinica-carolina-modena-bassi-cuidado-em-saude-mental\/"},"modified":"2026-01-28T21:00:22","modified_gmt":"2026-01-29T00:00:22","slug":"clinica-carolina-modena-bassi-cuidado-em-saude-mental","status":"publish","type":"post","link":"https:\/\/www.conveniosocial.com.br\/blog\/saude-mental\/clinica-carolina-modena-bassi-cuidado-em-saude-mental\/","title":{"rendered":"Cl\u00ednica Carolina Modena Bassi: Cuidado em Sa\u00fade Mental"},"content":{"rendered":"<div id=\"ez-toc-container\" class=\"ez-toc-v2_0_82_2 counter-flat ez-toc-counter ez-toc-white ez-toc-container-direction\">\n<p class=\"ez-toc-title\" style=\"cursor:inherit\">\u00cdndice do Conte\u00fado<\/p>\n<label for=\"ez-toc-cssicon-toggle-item-69f33c09e64b0\" class=\"ez-toc-cssicon-toggle-label\"><span class=\"ez-toc-cssicon\"><span class=\"eztoc-hide\" style=\"display:none;\">Toggle<\/span><span class=\"ez-toc-icon-toggle-span\"><svg style=\"fill: #999;color:#999\" xmlns=\"http:\/\/www.w3.org\/2000\/svg\" class=\"list-377408\" width=\"20px\" height=\"20px\" viewBox=\"0 0 24 24\" fill=\"none\"><path d=\"M6 6H4v2h2V6zm14 0H8v2h12V6zM4 11h2v2H4v-2zm16 0H8v2h12v-2zM4 16h2v2H4v-2zm16 0H8v2h12v-2z\" fill=\"currentColor\"><\/path><\/svg><svg style=\"fill: #999;color:#999\" class=\"arrow-unsorted-368013\" xmlns=\"http:\/\/www.w3.org\/2000\/svg\" width=\"10px\" height=\"10px\" viewBox=\"0 0 24 24\" version=\"1.2\" baseProfile=\"tiny\"><path d=\"M18.2 9.3l-6.2-6.3-6.2 6.3c-.2.2-.3.4-.3.7s.1.5.3.7c.2.2.4.3.7.3h11c.3 0 .5-.1.7-.3.2-.2.3-.5.3-.7s-.1-.5-.3-.7zM5.8 14.7l6.2 6.3 6.2-6.3c.2-.2.3-.5.3-.7s-.1-.5-.3-.7c-.2-.2-.4-.3-.7-.3h-11c-.3 0-.5.1-.7.3-.2.2-.3.5-.3.7s.1.5.3.7z\"\/><\/svg><\/span><\/span><\/label><input type=\"checkbox\"  id=\"ez-toc-cssicon-toggle-item-69f33c09e64b0\" checked aria-label=\"Alternar\" \/><nav><ul class='ez-toc-list ez-toc-list-level-1 ' ><li class='ez-toc-page-1'><a class=\"ez-toc-link ez-toc-heading-1\" href=\"https:\/\/www.conveniosocial.com.br\/blog\/saude-mental\/clinica-carolina-modena-bassi-cuidado-em-saude-mental\/#Clinica_Carolina_Modena_Bassi_Cuidado_em_Saude_Mental\" >Cl\u00ednica Carolina Modena Bassi: Cuidado em Sa\u00fade Mental<\/a><\/li><li class='ez-toc-page-1'><a class=\"ez-toc-link ez-toc-heading-2\" href=\"https:\/\/www.conveniosocial.com.br\/blog\/saude-mental\/clinica-carolina-modena-bassi-cuidado-em-saude-mental\/#Perguntas_Frequentes\" >Perguntas Frequentes<\/a><\/li><li class='ez-toc-page-1'><a class=\"ez-toc-link ez-toc-heading-3\" href=\"https:\/\/www.conveniosocial.com.br\/blog\/saude-mental\/clinica-carolina-modena-bassi-cuidado-em-saude-mental\/#Contato\" >Contato<\/a><\/li><\/ul><\/nav><\/div>\n<h2><span class=\"ez-toc-section\" id=\"Clinica_Carolina_Modena_Bassi_Cuidado_em_Saude_Mental\"><\/span>Cl\u00ednica Carolina Modena Bassi: Cuidado em Sa\u00fade Mental<span class=\"ez-toc-section-end\"><\/span><\/h2>\n<p>A Cl\u00ednica Carolina Modena Bassi, localizada no cora\u00e7\u00e3o do Jardim Paulistano em Sorocaba, S\u00e3o Paulo, \u00e9 um espa\u00e7o dedicado ao cuidado da sa\u00fade mental. Sob a responsabilidade t\u00e9cnica da Dra. Carolina Modena Bassi, psic\u00f3loga com CRM 124911\/SP, a cl\u00ednica se destaca pela abordagem humanizada e acolhedora no tratamento de quest\u00f5es emocionais e psiqui\u00e1tricas. <\/p>\n<p>Em um ambiente pensado para proporcionar conforto e seguran\u00e7a, a cl\u00ednica oferece um atendimento de qualidade, priorizando o bem-estar de seus pacientes. A Dra. Carolina possui vasta experi\u00eancia em psiquiatria, atuando com empatia e respeito, sempre buscando entender as particularidades de cada caso. A metodologia de trabalho da cl\u00ednica \u00e9 pautada na escuta ativa e na constru\u00e7\u00e3o de um v\u00ednculo de confian\u00e7a, essencial para o sucesso do tratamento psiqui\u00e1trico. <\/p>\n<p>A localiza\u00e7\u00e3o da cl\u00ednica \u00e9 um dos seus diferenciais. Situada em uma \u00e1rea de f\u00e1cil acesso, a cl\u00ednica conta com estacionamento nas proximidades e est\u00e1 pr\u00f3xima a pontos de transporte p\u00fablico, facilitando a chegada dos pacientes. Al\u00e9m disso, a equipe da cl\u00ednica est\u00e1 sempre disposta a auxiliar na melhor forma de chegar at\u00e9 n\u00f3s, garantindo que o primeiro passo para o tratamento seja tranquilo e descomplicado. <\/p>\n<p>Embora a cl\u00ednica n\u00e3o tenha divulgado informa\u00e7\u00f5es sobre conv\u00eanios ou exames, a Dra. Carolina \u00e9 comprometida em oferecer orienta\u00e7\u00f5es sobre poss\u00edveis encaminhamentos e recursos que possam ser \u00fateis para os pacientes. O foco principal \u00e9 a sa\u00fade mental e o acolhimento integral das necessidades de cada indiv\u00edduo que busca ajuda. <\/p>\n<p>Para agendar uma consulta ou obter mais informa\u00e7\u00f5es, os interessados podem entrar em contato diretamente atrav\u00e9s do telefone da cl\u00ednica, que ser\u00e1 disponibilizado em breve. Tamb\u00e9m \u00e9 poss\u00edvel acompanhar as novidades e dicas de sa\u00fade mental pelo Instagram da Dra. Carolina, onde conte\u00fados relevantes s\u00e3o compartilhados regularmente. <\/p>\n<p>A Cl\u00ednica Carolina Modena Bassi acredita que a sa\u00fade mental \u00e9 um aspecto essencial da sa\u00fade geral e deve ser cuidada com a mesma aten\u00e7\u00e3o e seriedade que as condi\u00e7\u00f5es f\u00edsicas. O compromisso da cl\u00ednica \u00e9 com a promo\u00e7\u00e3o do bem-estar emocional, oferecendo um espa\u00e7o seguro para que os pacientes possam explorar e tratar suas quest\u00f5es emocionais. Se voc\u00ea est\u00e1 em busca de um atendimento especializado em psiquiatria em Sorocaba, n\u00e3o hesite em nos procurar. Estamos aqui para ajudar voc\u00ea a encontrar o caminho para uma vida mais equilibrada e saud\u00e1vel.<\/p>\n<h3><span class=\"ez-toc-section\" id=\"Perguntas_Frequentes\"><\/span>Perguntas Frequentes<span class=\"ez-toc-section-end\"><\/span><\/h3>\n<p>P: Quais s\u00e3o as especialidades da cl\u00ednica?<br \/>\nR: A cl\u00ednica \u00e9 especializada em psiquiatria.<\/p>\n<p>P: Onde a cl\u00ednica est\u00e1 localizada?<br \/>\nR: A cl\u00ednica est\u00e1 situada no Jardim Paulistano, em Sorocaba, S\u00e3o Paulo.<\/p>\n<p>P: Quem \u00e9 a respons\u00e1vel t\u00e9cnica da cl\u00ednica?<br \/>\nR: A respons\u00e1vel t\u00e9cnica \u00e9 a Dra. Carolina Modena Bassi, com CRM 124911\/SP.<\/p>\n<p>P: A cl\u00ednica aceita conv\u00eanios?<br \/>\nR: No momento, n\u00e3o h\u00e1 informa\u00e7\u00f5es sobre conv\u00eanios aceitos. \u00c9 recomend\u00e1vel entrar em contato para mais detalhes.<\/p>\n<p>P: Quais servi\u00e7os a cl\u00ednica oferece?<br \/>\nR: A cl\u00ednica oferece consultas e acompanhamento psiqui\u00e1trico.<\/p>\n<p>P: Como posso agendar uma consulta?<br \/>\nR: Voc\u00ea pode agendar uma consulta entrando em contato pelo telefone da cl\u00ednica, que ser\u00e1 disponibilizado em breve.<\/p>\n<p>P: A cl\u00ednica realiza exames?<br \/>\nR: A cl\u00ednica n\u00e3o informa sobre a realiza\u00e7\u00e3o de exames. O foco \u00e9 no atendimento psiqui\u00e1trico.<\/p>\n<p>P: A cl\u00ednica possui estacionamento?<br \/>\nR: Sim, a cl\u00ednica est\u00e1 pr\u00f3xima a estacionamentos e pontos de transporte p\u00fablico.<\/p>\n<p>P: A Dra. Carolina possui experi\u00eancia na \u00e1rea?<br \/>\nR: Sim, a Dra. Carolina possui vasta experi\u00eancia em psiquiatria.<\/p>\n<p>P: A cl\u00ednica tem presen\u00e7a nas redes sociais?<br \/>\nR: Sim, a cl\u00ednica possui um perfil no Instagram onde s\u00e3o compartilhadas dicas e conte\u00fados sobre sa\u00fade mental.<\/p>\n<h3><span class=\"ez-toc-section\" id=\"Contato\"><\/span>Contato<span class=\"ez-toc-section-end\"><\/span><\/h3>\n<p><strong>Tel.:  | <\/strong><br \/>\n<strong>WhatsApp: &#8211; <\/strong><\/p>\n","protected":false},"excerpt":{"rendered":"<p>Cl\u00ednica Carolina Modena Bassi: Cuidado em Sa\u00fade Mental A Cl\u00ednica Carolina Modena Bassi, localizada no cora\u00e7\u00e3o do Jardim Paulistano em Sorocaba, S\u00e3o Paulo, \u00e9 um espa\u00e7o dedicado ao cuidado da sa\u00fade mental. Sob a responsabilidade t\u00e9cnica da Dra. Carolina Modena Bassi, psic\u00f3loga com CRM 124911\/SP, a cl\u00ednica se destaca pela abordagem humanizada e acolhedora no [&hellip;]<\/p>\n","protected":false},"author":0,"featured_media":0,"comment_status":"open","ping_status":"open","sticky":false,"template":"","format":"standard","meta":{"_et_pb_use_builder":"o","_et_pb_old_content":"","_et_gb_content_width":"","footnotes":""},"categories":[2102,1323,1306],"tags":[],"class_list":["post-150366","post","type-post","status-publish","format-standard","hentry","category-clinicas-sorocaba","category-psicologia","category-saude-mental"],"yoast_head":"<!-- This site is optimized with the Yoast SEO Premium plugin v21.3 (Yoast SEO v27.5) - https:\/\/yoast.com\/product\/yoast-seo-premium-wordpress\/ -->\n<title>Cl\u00ednica Carolina Modena Bassi: Cuidado em Sa\u00fade Mental - Conv\u00eanio Social<\/title>\n<meta name=\"robots\" content=\"index, follow, max-snippet:-1, max-image-preview:large, max-video-preview:-1\" \/>\n<link rel=\"canonical\" href=\"https:\/\/www.conveniosocial.com.br\/blog\/saude-mental\/clinica-carolina-modena-bassi-cuidado-em-saude-mental\/\" \/>\n<meta property=\"og:locale\" content=\"pt_BR\" \/>\n<meta property=\"og:type\" content=\"article\" \/>\n<meta property=\"og:title\" content=\"Cl\u00ednica Carolina Modena Bassi: Cuidado em Sa\u00fade Mental\" \/>\n<meta property=\"og:description\" content=\"Cl\u00ednica Carolina Modena Bassi: Cuidado em Sa\u00fade Mental A Cl\u00ednica Carolina Modena Bassi, localizada no cora\u00e7\u00e3o do Jardim Paulistano em Sorocaba, S\u00e3o Paulo, \u00e9 um espa\u00e7o dedicado ao cuidado da sa\u00fade mental. Sob a responsabilidade t\u00e9cnica da Dra. Carolina Modena Bassi, psic\u00f3loga com CRM 124911\/SP, a cl\u00ednica se destaca pela abordagem humanizada e acolhedora no [&hellip;]\" \/>\n<meta property=\"og:url\" content=\"https:\/\/www.conveniosocial.com.br\/blog\/saude-mental\/clinica-carolina-modena-bassi-cuidado-em-saude-mental\/\" \/>\n<meta property=\"og:site_name\" content=\"Conv\u00eanio Social\" \/>\n<meta property=\"article:published_time\" content=\"2026-01-29T00:00:22+00:00\" \/>\n<meta name=\"twitter:card\" content=\"summary_large_image\" \/>\n<meta name=\"twitter:label1\" content=\"Est. tempo de leitura\" \/>\n\t<meta name=\"twitter:data1\" content=\"3 minutos\" \/>\n<script type=\"application\/ld+json\" class=\"yoast-schema-graph\">{\"@context\":\"https:\\\/\\\/schema.org\",\"@graph\":[{\"@type\":\"Article\",\"@id\":\"https:\\\/\\\/www.conveniosocial.com.br\\\/blog\\\/saude-mental\\\/clinica-carolina-modena-bassi-cuidado-em-saude-mental\\\/#article\",\"isPartOf\":{\"@id\":\"https:\\\/\\\/www.conveniosocial.com.br\\\/blog\\\/saude-mental\\\/clinica-carolina-modena-bassi-cuidado-em-saude-mental\\\/\"},\"author\":{\"name\":\"\",\"@id\":\"\"},\"headline\":\"Cl\u00ednica Carolina Modena Bassi: Cuidado em Sa\u00fade Mental\",\"datePublished\":\"2026-01-29T00:00:22+00:00\",\"mainEntityOfPage\":{\"@id\":\"https:\\\/\\\/www.conveniosocial.com.br\\\/blog\\\/saude-mental\\\/clinica-carolina-modena-bassi-cuidado-em-saude-mental\\\/\"},\"wordCount\":678,\"commentCount\":0,\"publisher\":{\"@id\":\"https:\\\/\\\/www.conveniosocial.com.br\\\/blog\\\/#organization\"},\"articleSection\":[\"Cl\u00ednicas Sorocaba\",\"Psicologia\",\"Sa\u00fade Mental\"],\"inLanguage\":\"pt-BR\"},{\"@type\":\"WebPage\",\"@id\":\"https:\\\/\\\/www.conveniosocial.com.br\\\/blog\\\/saude-mental\\\/clinica-carolina-modena-bassi-cuidado-em-saude-mental\\\/\",\"url\":\"https:\\\/\\\/www.conveniosocial.com.br\\\/blog\\\/saude-mental\\\/clinica-carolina-modena-bassi-cuidado-em-saude-mental\\\/\",\"name\":\"Cl\u00ednica Carolina Modena Bassi: Cuidado em Sa\u00fade Mental - Conv\u00eanio Social\",\"isPartOf\":{\"@id\":\"https:\\\/\\\/www.conveniosocial.com.br\\\/blog\\\/#website\"},\"datePublished\":\"2026-01-29T00:00:22+00:00\",\"breadcrumb\":{\"@id\":\"https:\\\/\\\/www.conveniosocial.com.br\\\/blog\\\/saude-mental\\\/clinica-carolina-modena-bassi-cuidado-em-saude-mental\\\/#breadcrumb\"},\"inLanguage\":\"pt-BR\",\"potentialAction\":[{\"@type\":\"ReadAction\",\"target\":[\"https:\\\/\\\/www.conveniosocial.com.br\\\/blog\\\/saude-mental\\\/clinica-carolina-modena-bassi-cuidado-em-saude-mental\\\/\"]}]},{\"@type\":\"BreadcrumbList\",\"@id\":\"https:\\\/\\\/www.conveniosocial.com.br\\\/blog\\\/saude-mental\\\/clinica-carolina-modena-bassi-cuidado-em-saude-mental\\\/#breadcrumb\",\"itemListElement\":[{\"@type\":\"ListItem\",\"position\":1,\"name\":\"Home\",\"item\":\"https:\\\/\\\/www.conveniosocial.com.br\\\/blog\\\/\"},{\"@type\":\"ListItem\",\"position\":2,\"name\":\"Cl\u00ednicas Sorocaba\",\"item\":\"https:\\\/\\\/www.conveniosocial.com.br\\\/blog\\\/clinicas-sorocaba\\\/\"},{\"@type\":\"ListItem\",\"position\":3,\"name\":\"Cl\u00ednica Carolina Modena Bassi: Cuidado em Sa\u00fade Mental\"}]},{\"@type\":\"WebSite\",\"@id\":\"https:\\\/\\\/www.conveniosocial.com.br\\\/blog\\\/#website\",\"url\":\"https:\\\/\\\/www.conveniosocial.com.br\\\/blog\\\/\",\"name\":\"Conv\u00eanio Social\",\"description\":\"Informa\u00e7\u00f5es de Sa\u00fade e Bem-estar, Consultas e Exames Popular\",\"publisher\":{\"@id\":\"https:\\\/\\\/www.conveniosocial.com.br\\\/blog\\\/#organization\"},\"potentialAction\":[{\"@type\":\"SearchAction\",\"target\":{\"@type\":\"EntryPoint\",\"urlTemplate\":\"https:\\\/\\\/www.conveniosocial.com.br\\\/blog\\\/?s={search_term_string}\"},\"query-input\":{\"@type\":\"PropertyValueSpecification\",\"valueRequired\":true,\"valueName\":\"search_term_string\"}}],\"inLanguage\":\"pt-BR\"},{\"@type\":\"Organization\",\"@id\":\"https:\\\/\\\/www.conveniosocial.com.br\\\/blog\\\/#organization\",\"name\":\"Conv\u00eanio Social\",\"url\":\"https:\\\/\\\/www.conveniosocial.com.br\\\/blog\\\/\",\"logo\":{\"@type\":\"ImageObject\",\"inLanguage\":\"pt-BR\",\"@id\":\"https:\\\/\\\/www.conveniosocial.com.br\\\/blog\\\/#\\\/schema\\\/logo\\\/image\\\/\",\"url\":\"https:\\\/\\\/www.conveniosocial.com.br\\\/blog\\\/wp-content\\\/uploads\\\/2021\\\/11\\\/novo_logo-convenio-socia-digital.png\",\"contentUrl\":\"https:\\\/\\\/www.conveniosocial.com.br\\\/blog\\\/wp-content\\\/uploads\\\/2021\\\/11\\\/novo_logo-convenio-socia-digital.png\",\"width\":400,\"height\":102,\"caption\":\"Conv\u00eanio Social\"},\"image\":{\"@id\":\"https:\\\/\\\/www.conveniosocial.com.br\\\/blog\\\/#\\\/schema\\\/logo\\\/image\\\/\"}}]}<\/script>\n<!-- \/ Yoast SEO Premium plugin. -->","yoast_head_json":{"title":"Cl\u00ednica Carolina Modena Bassi: Cuidado em Sa\u00fade Mental - Conv\u00eanio Social","robots":{"index":"index","follow":"follow","max-snippet":"max-snippet:-1","max-image-preview":"max-image-preview:large","max-video-preview":"max-video-preview:-1"},"canonical":"https:\/\/www.conveniosocial.com.br\/blog\/saude-mental\/clinica-carolina-modena-bassi-cuidado-em-saude-mental\/","og_locale":"pt_BR","og_type":"article","og_title":"Cl\u00ednica Carolina Modena Bassi: Cuidado em Sa\u00fade Mental","og_description":"Cl\u00ednica Carolina Modena Bassi: Cuidado em Sa\u00fade Mental A Cl\u00ednica Carolina Modena Bassi, localizada no cora\u00e7\u00e3o do Jardim Paulistano em Sorocaba, S\u00e3o Paulo, \u00e9 um espa\u00e7o dedicado ao cuidado da sa\u00fade mental. Sob a responsabilidade t\u00e9cnica da Dra. Carolina Modena Bassi, psic\u00f3loga com CRM 124911\/SP, a cl\u00ednica se destaca pela abordagem humanizada e acolhedora no [&hellip;]","og_url":"https:\/\/www.conveniosocial.com.br\/blog\/saude-mental\/clinica-carolina-modena-bassi-cuidado-em-saude-mental\/","og_site_name":"Conv\u00eanio Social","article_published_time":"2026-01-29T00:00:22+00:00","twitter_card":"summary_large_image","twitter_misc":{"Est. tempo de leitura":"3 minutos"},"schema":{"@context":"https:\/\/schema.org","@graph":[{"@type":"Article","@id":"https:\/\/www.conveniosocial.com.br\/blog\/saude-mental\/clinica-carolina-modena-bassi-cuidado-em-saude-mental\/#article","isPartOf":{"@id":"https:\/\/www.conveniosocial.com.br\/blog\/saude-mental\/clinica-carolina-modena-bassi-cuidado-em-saude-mental\/"},"author":{"name":"","@id":""},"headline":"Cl\u00ednica Carolina Modena Bassi: Cuidado em Sa\u00fade Mental","datePublished":"2026-01-29T00:00:22+00:00","mainEntityOfPage":{"@id":"https:\/\/www.conveniosocial.com.br\/blog\/saude-mental\/clinica-carolina-modena-bassi-cuidado-em-saude-mental\/"},"wordCount":678,"commentCount":0,"publisher":{"@id":"https:\/\/www.conveniosocial.com.br\/blog\/#organization"},"articleSection":["Cl\u00ednicas Sorocaba","Psicologia","Sa\u00fade Mental"],"inLanguage":"pt-BR"},{"@type":"WebPage","@id":"https:\/\/www.conveniosocial.com.br\/blog\/saude-mental\/clinica-carolina-modena-bassi-cuidado-em-saude-mental\/","url":"https:\/\/www.conveniosocial.com.br\/blog\/saude-mental\/clinica-carolina-modena-bassi-cuidado-em-saude-mental\/","name":"Cl\u00ednica Carolina Modena Bassi: Cuidado em Sa\u00fade Mental - Conv\u00eanio Social","isPartOf":{"@id":"https:\/\/www.conveniosocial.com.br\/blog\/#website"},"datePublished":"2026-01-29T00:00:22+00:00","breadcrumb":{"@id":"https:\/\/www.conveniosocial.com.br\/blog\/saude-mental\/clinica-carolina-modena-bassi-cuidado-em-saude-mental\/#breadcrumb"},"inLanguage":"pt-BR","potentialAction":[{"@type":"ReadAction","target":["https:\/\/www.conveniosocial.com.br\/blog\/saude-mental\/clinica-carolina-modena-bassi-cuidado-em-saude-mental\/"]}]},{"@type":"BreadcrumbList","@id":"https:\/\/www.conveniosocial.com.br\/blog\/saude-mental\/clinica-carolina-modena-bassi-cuidado-em-saude-mental\/#breadcrumb","itemListElement":[{"@type":"ListItem","position":1,"name":"Home","item":"https:\/\/www.conveniosocial.com.br\/blog\/"},{"@type":"ListItem","position":2,"name":"Cl\u00ednicas Sorocaba","item":"https:\/\/www.conveniosocial.com.br\/blog\/clinicas-sorocaba\/"},{"@type":"ListItem","position":3,"name":"Cl\u00ednica Carolina Modena Bassi: Cuidado em Sa\u00fade Mental"}]},{"@type":"WebSite","@id":"https:\/\/www.conveniosocial.com.br\/blog\/#website","url":"https:\/\/www.conveniosocial.com.br\/blog\/","name":"Conv\u00eanio Social","description":"Informa\u00e7\u00f5es de Sa\u00fade e Bem-estar, Consultas e Exames Popular","publisher":{"@id":"https:\/\/www.conveniosocial.com.br\/blog\/#organization"},"potentialAction":[{"@type":"SearchAction","target":{"@type":"EntryPoint","urlTemplate":"https:\/\/www.conveniosocial.com.br\/blog\/?s={search_term_string}"},"query-input":{"@type":"PropertyValueSpecification","valueRequired":true,"valueName":"search_term_string"}}],"inLanguage":"pt-BR"},{"@type":"Organization","@id":"https:\/\/www.conveniosocial.com.br\/blog\/#organization","name":"Conv\u00eanio Social","url":"https:\/\/www.conveniosocial.com.br\/blog\/","logo":{"@type":"ImageObject","inLanguage":"pt-BR","@id":"https:\/\/www.conveniosocial.com.br\/blog\/#\/schema\/logo\/image\/","url":"https:\/\/www.conveniosocial.com.br\/blog\/wp-content\/uploads\/2021\/11\/novo_logo-convenio-socia-digital.png","contentUrl":"https:\/\/www.conveniosocial.com.br\/blog\/wp-content\/uploads\/2021\/11\/novo_logo-convenio-socia-digital.png","width":400,"height":102,"caption":"Conv\u00eanio Social"},"image":{"@id":"https:\/\/www.conveniosocial.com.br\/blog\/#\/schema\/logo\/image\/"}}]}},"_links":{"self":[{"href":"https:\/\/www.conveniosocial.com.br\/blog\/wp-json\/wp\/v2\/posts\/150366","targetHints":{"allow":["GET"]}}],"collection":[{"href":"https:\/\/www.conveniosocial.com.br\/blog\/wp-json\/wp\/v2\/posts"}],"about":[{"href":"https:\/\/www.conveniosocial.com.br\/blog\/wp-json\/wp\/v2\/types\/post"}],"replies":[{"embeddable":true,"href":"https:\/\/www.conveniosocial.com.br\/blog\/wp-json\/wp\/v2\/comments?post=150366"}],"version-history":[{"count":0,"href":"https:\/\/www.conveniosocial.com.br\/blog\/wp-json\/wp\/v2\/posts\/150366\/revisions"}],"wp:attachment":[{"href":"https:\/\/www.conveniosocial.com.br\/blog\/wp-json\/wp\/v2\/media?parent=150366"}],"wp:term":[{"taxonomy":"category","embeddable":true,"href":"https:\/\/www.conveniosocial.com.br\/blog\/wp-json\/wp\/v2\/categories?post=150366"},{"taxonomy":"post_tag","embeddable":true,"href":"https:\/\/www.conveniosocial.com.br\/blog\/wp-json\/wp\/v2\/tags?post=150366"}],"curies":[{"name":"wp","href":"https:\/\/api.w.org\/{rel}","templated":true}]}}