{"id":151933,"date":"2026-03-04T21:00:43","date_gmt":"2026-03-05T00:00:43","guid":{"rendered":"https:\/\/www.conveniosocial.com.br\/blog\/nehuma\/espaco-psique-cuidado-psicologico-em-jau\/"},"modified":"2026-03-04T21:00:43","modified_gmt":"2026-03-05T00:00:43","slug":"espaco-psique-cuidado-psicologico-em-jau","status":"publish","type":"post","link":"https:\/\/www.conveniosocial.com.br\/blog\/psicologia\/espaco-psique-cuidado-psicologico-em-jau\/","title":{"rendered":"Espa\u00e7o Psiqu\u00ea: Cuidado Psicol\u00f3gico em Ja\u00fa"},"content":{"rendered":"<div id=\"ez-toc-container\" class=\"ez-toc-v2_0_82_2 counter-flat ez-toc-counter ez-toc-white ez-toc-container-direction\">\n<p class=\"ez-toc-title\" style=\"cursor:inherit\">\u00cdndice do Conte\u00fado<\/p>\n<label for=\"ez-toc-cssicon-toggle-item-69f1f68e8edab\" class=\"ez-toc-cssicon-toggle-label\"><span class=\"ez-toc-cssicon\"><span class=\"eztoc-hide\" style=\"display:none;\">Toggle<\/span><span class=\"ez-toc-icon-toggle-span\"><svg style=\"fill: #999;color:#999\" xmlns=\"http:\/\/www.w3.org\/2000\/svg\" class=\"list-377408\" width=\"20px\" height=\"20px\" viewBox=\"0 0 24 24\" fill=\"none\"><path d=\"M6 6H4v2h2V6zm14 0H8v2h12V6zM4 11h2v2H4v-2zm16 0H8v2h12v-2zM4 16h2v2H4v-2zm16 0H8v2h12v-2z\" fill=\"currentColor\"><\/path><\/svg><svg style=\"fill: #999;color:#999\" class=\"arrow-unsorted-368013\" xmlns=\"http:\/\/www.w3.org\/2000\/svg\" width=\"10px\" height=\"10px\" viewBox=\"0 0 24 24\" version=\"1.2\" baseProfile=\"tiny\"><path d=\"M18.2 9.3l-6.2-6.3-6.2 6.3c-.2.2-.3.4-.3.7s.1.5.3.7c.2.2.4.3.7.3h11c.3 0 .5-.1.7-.3.2-.2.3-.5.3-.7s-.1-.5-.3-.7zM5.8 14.7l6.2 6.3 6.2-6.3c.2-.2.3-.5.3-.7s-.1-.5-.3-.7c-.2-.2-.4-.3-.7-.3h-11c-.3 0-.5.1-.7.3-.2.2-.3.5-.3.7s.1.5.3.7z\"\/><\/svg><\/span><\/span><\/label><input type=\"checkbox\"  id=\"ez-toc-cssicon-toggle-item-69f1f68e8edab\" checked aria-label=\"Alternar\" \/><nav><ul class='ez-toc-list ez-toc-list-level-1 ' ><li class='ez-toc-page-1'><a class=\"ez-toc-link ez-toc-heading-1\" href=\"https:\/\/www.conveniosocial.com.br\/blog\/psicologia\/espaco-psique-cuidado-psicologico-em-jau\/#Espaco_Psique_Cuidado_Psicologico_em_Jau\" >Espa\u00e7o Psiqu\u00ea: Cuidado Psicol\u00f3gico em Ja\u00fa<\/a><\/li><li class='ez-toc-page-1'><a class=\"ez-toc-link ez-toc-heading-2\" href=\"https:\/\/www.conveniosocial.com.br\/blog\/psicologia\/espaco-psique-cuidado-psicologico-em-jau\/#Perguntas_Frequentes\" >Perguntas Frequentes<\/a><\/li><li class='ez-toc-page-1'><a class=\"ez-toc-link ez-toc-heading-3\" href=\"https:\/\/www.conveniosocial.com.br\/blog\/psicologia\/espaco-psique-cuidado-psicologico-em-jau\/#Contato\" >Contato<\/a><\/li><\/ul><\/nav><\/div>\n<h2><span class=\"ez-toc-section\" id=\"Espaco_Psique_Cuidado_Psicologico_em_Jau\"><\/span>Espa\u00e7o Psiqu\u00ea: Cuidado Psicol\u00f3gico em Ja\u00fa<span class=\"ez-toc-section-end\"><\/span><\/h2>\n<p>O Espa\u00e7o Psiqu\u00ea \u00e9 uma cl\u00ednica especializada em psicologia localizada no bairro Alto da Boa Vista, em Ja\u00fa, SP. Nossa miss\u00e3o \u00e9 oferecer um atendimento humanizado e acolhedor, promovendo a sa\u00fade mental e o bem-estar de nossos pacientes. Sob a dire\u00e7\u00e3o da psic\u00f3loga Angela Catuta Ferreira Ebne, com registro CRP 06\/120237, a cl\u00ednica se destaca pela qualidade e \u00e9tica no atendimento psicol\u00f3gico.  <\/p>\n<p>A cl\u00ednica se encontra em uma localiza\u00e7\u00e3o de f\u00e1cil acesso, na Rua Garibaldi 1959, proporcionando comodidade para os habitantes de Ja\u00fa e das cidades vizinhas. Nossos hor\u00e1rios de atendimento s\u00e3o de quarta a sexta-feira, das 08:00 \u00e0s 20:00, e aos s\u00e1bados, das 08:00 \u00e0s 12:00, permitindo flexibilidade para que nossos pacientes possam agendar suas consultas conforme sua conveni\u00eancia.  <\/p>\n<p>No Espa\u00e7o Psiqu\u00ea, oferecemos diversas modalidades de atendimento psicol\u00f3gico, incluindo terapia individual, terapia de casal e psicoterapia para crian\u00e7as e adolescentes. Nossos profissionais s\u00e3o capacitados para lidar com uma ampla gama de quest\u00f5es emocionais, como ansiedade, depress\u00e3o, estresse, transtornos de comportamento, entre outras.  <\/p>\n<p>Embora ainda n\u00e3o trabalhemos com conv\u00eanios, nossa equipe est\u00e1 aberta a discutir diferentes formas de pagamento, para que todos possam ter acesso ao cuidado que precisam. Acreditamos que a sa\u00fade mental \u00e9 uma prioridade e queremos garantir que nossos servi\u00e7os sejam acess\u00edveis.  <\/p>\n<p>Para mais informa\u00e7\u00f5es sobre nossos servi\u00e7os e agendamentos, disponibilizamos canais de comunica\u00e7\u00e3o que ser\u00e3o informados em breve atrav\u00e9s do nosso site e redes sociais, que est\u00e3o em processo de cria\u00e7\u00e3o. Acompanhe-nos no Instagram para ficar por dentro de dicas de sa\u00fade mental e novidades sobre a cl\u00ednica. Acreditamos na import\u00e2ncia de uma comunidade informada e empoderada em rela\u00e7\u00e3o \u00e0 sua sa\u00fade.  <\/p>\n<p>O Espa\u00e7o Psiqu\u00ea est\u00e1 comprometido em proporcionar um ambiente seguro e acolhedor onde os pacientes possam se sentir \u00e0 vontade para compartilhar suas experi\u00eancias e desafios. Nossa abordagem \u00e9 sempre personalizada, respeitando a individualidade de cada paciente e buscando as melhores alternativas terap\u00eauticas.  <\/p>\n<p>Se voc\u00ea est\u00e1 buscando ajuda psicol\u00f3gica, n\u00e3o hesite em entrar em contato conosco. Estamos aqui para ajudar voc\u00ea a encontrar o caminho para uma vida mais equilibrada e saud\u00e1vel. Venha nos visitar e conhe\u00e7a o Espa\u00e7o Psiqu\u00ea, onde a sua sa\u00fade mental \u00e9 nossa prioridade.<\/p>\n<h3><span class=\"ez-toc-section\" id=\"Perguntas_Frequentes\"><\/span>Perguntas Frequentes<span class=\"ez-toc-section-end\"><\/span><\/h3>\n<p>P: Quais servi\u00e7os oferece o Espa\u00e7o Psiqu\u00ea?<br \/>\nR: O Espa\u00e7o Psiqu\u00ea oferece atendimento psicol\u00f3gico, incluindo terapia individual, terapia de casal e psicoterapia para crian\u00e7as e adolescentes.<\/p>\n<p>P: Quais s\u00e3o os hor\u00e1rios de funcionamento da cl\u00ednica?<br \/>\nR: A cl\u00ednica funciona de quarta a sexta-feira, das 08:00 \u00e0s 20:00, e aos s\u00e1bados, das 08:00 \u00e0s 12:00. Estamos fechados aos domingos.<\/p>\n<p>P: A cl\u00ednica aceita conv\u00eanios?<br \/>\nR: Atualmente, o Espa\u00e7o Psiqu\u00ea n\u00e3o trabalha com conv\u00eanios, mas estamos abertos a discutir diferentes formas de pagamento.<\/p>\n<p>P: Onde est\u00e1 localizada a cl\u00ednica?<br \/>\nR: Estamos localizados na Rua Garibaldi 1959, no bairro Alto da Boa Vista, em Ja\u00fa, SP.<\/p>\n<p>P: Como posso agendar uma consulta?<br \/>\nR: As informa\u00e7\u00f5es sobre agendamentos ser\u00e3o disponibilizadas em breve em nosso site e redes sociais.<\/p>\n<p>P: Quem \u00e9 a respons\u00e1vel t\u00e9cnica da cl\u00ednica?<br \/>\nR: A respons\u00e1vel t\u00e9cnica \u00e9 a psic\u00f3loga Angela Catuta Ferreira Ebne, com registro CRP 06\/120237.<\/p>\n<p>P: Quais quest\u00f5es emocionais podem ser tratadas na cl\u00ednica?<br \/>\nR: Tratamos uma variedade de quest\u00f5es emocionais, incluindo ansiedade, depress\u00e3o, estresse e transtornos de comportamento.<\/p>\n<p>P: A cl\u00ednica tem alguma forma de contato?<br \/>\nR: Em breve, disponibilizaremos n\u00fameros de telefone e informa\u00e7\u00f5es de contato em nosso site.<\/p>\n<p>P: O Espa\u00e7o Psiqu\u00ea \u00e9 acess\u00edvel para pessoas com defici\u00eancia?<br \/>\nR: Sim, a cl\u00ednica foi projetada para ser acess\u00edvel a todos os pacientes.<\/p>\n<p>P: Como posso acompanhar as novidades da cl\u00ednica?<br \/>\nR: Voc\u00ea pode nos seguir no Instagram, onde iremos compartilhar dicas de sa\u00fade mental e atualiza\u00e7\u00f5es sobre nossos servi\u00e7os.<\/p>\n<h3><span class=\"ez-toc-section\" id=\"Contato\"><\/span>Contato<span class=\"ez-toc-section-end\"><\/span><\/h3>\n<p><strong>Tel.:  | <\/strong><br \/>\n<strong>WhatsApp: &#8211; <\/strong><\/p>\n","protected":false},"excerpt":{"rendered":"<p>Espa\u00e7o Psiqu\u00ea: Cuidado Psicol\u00f3gico em Ja\u00fa O Espa\u00e7o Psiqu\u00ea \u00e9 uma cl\u00ednica especializada em psicologia localizada no bairro Alto da Boa Vista, em Ja\u00fa, SP. Nossa miss\u00e3o \u00e9 oferecer um atendimento humanizado e acolhedor, promovendo a sa\u00fade mental e o bem-estar de nossos pacientes. Sob a dire\u00e7\u00e3o da psic\u00f3loga Angela Catuta Ferreira Ebne, com registro [&hellip;]<\/p>\n","protected":false},"author":0,"featured_media":0,"comment_status":"open","ping_status":"open","sticky":false,"template":"","format":"standard","meta":{"_et_pb_use_builder":"o","_et_pb_old_content":"","_et_gb_content_width":"","footnotes":""},"categories":[1423,2460,1323],"tags":[],"class_list":["post-151933","post","type-post","status-publish","format-standard","hentry","category-atendimento-psicoterapeutico","category-clinicas-de-saude-mental","category-psicologia"],"yoast_head":"<!-- This site is optimized with the Yoast SEO Premium plugin v21.3 (Yoast SEO v27.5) - https:\/\/yoast.com\/product\/yoast-seo-premium-wordpress\/ -->\n<title>Espa\u00e7o Psiqu\u00ea: Cuidado Psicol\u00f3gico em Ja\u00fa - Conv\u00eanio Social<\/title>\n<meta name=\"robots\" content=\"index, follow, max-snippet:-1, max-image-preview:large, max-video-preview:-1\" \/>\n<link rel=\"canonical\" href=\"https:\/\/www.conveniosocial.com.br\/blog\/psicologia\/espaco-psique-cuidado-psicologico-em-jau\/\" \/>\n<meta property=\"og:locale\" content=\"pt_BR\" \/>\n<meta property=\"og:type\" content=\"article\" \/>\n<meta property=\"og:title\" content=\"Espa\u00e7o Psiqu\u00ea: Cuidado Psicol\u00f3gico em Ja\u00fa\" \/>\n<meta property=\"og:description\" content=\"Espa\u00e7o Psiqu\u00ea: Cuidado Psicol\u00f3gico em Ja\u00fa O Espa\u00e7o Psiqu\u00ea \u00e9 uma cl\u00ednica especializada em psicologia localizada no bairro Alto da Boa Vista, em Ja\u00fa, SP. Nossa miss\u00e3o \u00e9 oferecer um atendimento humanizado e acolhedor, promovendo a sa\u00fade mental e o bem-estar de nossos pacientes. Sob a dire\u00e7\u00e3o da psic\u00f3loga Angela Catuta Ferreira Ebne, com registro [&hellip;]\" \/>\n<meta property=\"og:url\" content=\"https:\/\/www.conveniosocial.com.br\/blog\/psicologia\/espaco-psique-cuidado-psicologico-em-jau\/\" \/>\n<meta property=\"og:site_name\" content=\"Conv\u00eanio Social\" \/>\n<meta property=\"article:published_time\" content=\"2026-03-05T00:00:43+00:00\" \/>\n<meta name=\"twitter:card\" content=\"summary_large_image\" \/>\n<meta name=\"twitter:label1\" content=\"Est. tempo de leitura\" \/>\n\t<meta name=\"twitter:data1\" content=\"3 minutos\" \/>\n<script type=\"application\/ld+json\" class=\"yoast-schema-graph\">{\"@context\":\"https:\\\/\\\/schema.org\",\"@graph\":[{\"@type\":\"Article\",\"@id\":\"https:\\\/\\\/www.conveniosocial.com.br\\\/blog\\\/psicologia\\\/espaco-psique-cuidado-psicologico-em-jau\\\/#article\",\"isPartOf\":{\"@id\":\"https:\\\/\\\/www.conveniosocial.com.br\\\/blog\\\/psicologia\\\/espaco-psique-cuidado-psicologico-em-jau\\\/\"},\"author\":{\"name\":\"\",\"@id\":\"\"},\"headline\":\"Espa\u00e7o Psiqu\u00ea: Cuidado Psicol\u00f3gico em Ja\u00fa\",\"datePublished\":\"2026-03-05T00:00:43+00:00\",\"mainEntityOfPage\":{\"@id\":\"https:\\\/\\\/www.conveniosocial.com.br\\\/blog\\\/psicologia\\\/espaco-psique-cuidado-psicologico-em-jau\\\/\"},\"wordCount\":683,\"commentCount\":0,\"publisher\":{\"@id\":\"https:\\\/\\\/www.conveniosocial.com.br\\\/blog\\\/#organization\"},\"articleSection\":[\"Atendimento Psicoterap\u00eautico\",\"Cl\u00ednicas de Sa\u00fade Mental\",\"Psicologia\"],\"inLanguage\":\"pt-BR\"},{\"@type\":\"WebPage\",\"@id\":\"https:\\\/\\\/www.conveniosocial.com.br\\\/blog\\\/psicologia\\\/espaco-psique-cuidado-psicologico-em-jau\\\/\",\"url\":\"https:\\\/\\\/www.conveniosocial.com.br\\\/blog\\\/psicologia\\\/espaco-psique-cuidado-psicologico-em-jau\\\/\",\"name\":\"Espa\u00e7o Psiqu\u00ea: Cuidado Psicol\u00f3gico em Ja\u00fa - Conv\u00eanio Social\",\"isPartOf\":{\"@id\":\"https:\\\/\\\/www.conveniosocial.com.br\\\/blog\\\/#website\"},\"datePublished\":\"2026-03-05T00:00:43+00:00\",\"breadcrumb\":{\"@id\":\"https:\\\/\\\/www.conveniosocial.com.br\\\/blog\\\/psicologia\\\/espaco-psique-cuidado-psicologico-em-jau\\\/#breadcrumb\"},\"inLanguage\":\"pt-BR\",\"potentialAction\":[{\"@type\":\"ReadAction\",\"target\":[\"https:\\\/\\\/www.conveniosocial.com.br\\\/blog\\\/psicologia\\\/espaco-psique-cuidado-psicologico-em-jau\\\/\"]}]},{\"@type\":\"BreadcrumbList\",\"@id\":\"https:\\\/\\\/www.conveniosocial.com.br\\\/blog\\\/psicologia\\\/espaco-psique-cuidado-psicologico-em-jau\\\/#breadcrumb\",\"itemListElement\":[{\"@type\":\"ListItem\",\"position\":1,\"name\":\"Home\",\"item\":\"https:\\\/\\\/www.conveniosocial.com.br\\\/blog\\\/\"},{\"@type\":\"ListItem\",\"position\":2,\"name\":\"Atendimento Psicoterap\u00eautico\",\"item\":\"https:\\\/\\\/www.conveniosocial.com.br\\\/blog\\\/atendimento-psicoterapeutico\\\/\"},{\"@type\":\"ListItem\",\"position\":3,\"name\":\"Espa\u00e7o Psiqu\u00ea: Cuidado Psicol\u00f3gico em Ja\u00fa\"}]},{\"@type\":\"WebSite\",\"@id\":\"https:\\\/\\\/www.conveniosocial.com.br\\\/blog\\\/#website\",\"url\":\"https:\\\/\\\/www.conveniosocial.com.br\\\/blog\\\/\",\"name\":\"Conv\u00eanio Social\",\"description\":\"Informa\u00e7\u00f5es de Sa\u00fade e Bem-estar, Consultas e Exames Popular\",\"publisher\":{\"@id\":\"https:\\\/\\\/www.conveniosocial.com.br\\\/blog\\\/#organization\"},\"potentialAction\":[{\"@type\":\"SearchAction\",\"target\":{\"@type\":\"EntryPoint\",\"urlTemplate\":\"https:\\\/\\\/www.conveniosocial.com.br\\\/blog\\\/?s={search_term_string}\"},\"query-input\":{\"@type\":\"PropertyValueSpecification\",\"valueRequired\":true,\"valueName\":\"search_term_string\"}}],\"inLanguage\":\"pt-BR\"},{\"@type\":\"Organization\",\"@id\":\"https:\\\/\\\/www.conveniosocial.com.br\\\/blog\\\/#organization\",\"name\":\"Conv\u00eanio Social\",\"url\":\"https:\\\/\\\/www.conveniosocial.com.br\\\/blog\\\/\",\"logo\":{\"@type\":\"ImageObject\",\"inLanguage\":\"pt-BR\",\"@id\":\"https:\\\/\\\/www.conveniosocial.com.br\\\/blog\\\/#\\\/schema\\\/logo\\\/image\\\/\",\"url\":\"https:\\\/\\\/www.conveniosocial.com.br\\\/blog\\\/wp-content\\\/uploads\\\/2021\\\/11\\\/novo_logo-convenio-socia-digital.png\",\"contentUrl\":\"https:\\\/\\\/www.conveniosocial.com.br\\\/blog\\\/wp-content\\\/uploads\\\/2021\\\/11\\\/novo_logo-convenio-socia-digital.png\",\"width\":400,\"height\":102,\"caption\":\"Conv\u00eanio Social\"},\"image\":{\"@id\":\"https:\\\/\\\/www.conveniosocial.com.br\\\/blog\\\/#\\\/schema\\\/logo\\\/image\\\/\"}}]}<\/script>\n<!-- \/ Yoast SEO Premium plugin. -->","yoast_head_json":{"title":"Espa\u00e7o Psiqu\u00ea: Cuidado Psicol\u00f3gico em Ja\u00fa - Conv\u00eanio Social","robots":{"index":"index","follow":"follow","max-snippet":"max-snippet:-1","max-image-preview":"max-image-preview:large","max-video-preview":"max-video-preview:-1"},"canonical":"https:\/\/www.conveniosocial.com.br\/blog\/psicologia\/espaco-psique-cuidado-psicologico-em-jau\/","og_locale":"pt_BR","og_type":"article","og_title":"Espa\u00e7o Psiqu\u00ea: Cuidado Psicol\u00f3gico em Ja\u00fa","og_description":"Espa\u00e7o Psiqu\u00ea: Cuidado Psicol\u00f3gico em Ja\u00fa O Espa\u00e7o Psiqu\u00ea \u00e9 uma cl\u00ednica especializada em psicologia localizada no bairro Alto da Boa Vista, em Ja\u00fa, SP. Nossa miss\u00e3o \u00e9 oferecer um atendimento humanizado e acolhedor, promovendo a sa\u00fade mental e o bem-estar de nossos pacientes. Sob a dire\u00e7\u00e3o da psic\u00f3loga Angela Catuta Ferreira Ebne, com registro [&hellip;]","og_url":"https:\/\/www.conveniosocial.com.br\/blog\/psicologia\/espaco-psique-cuidado-psicologico-em-jau\/","og_site_name":"Conv\u00eanio Social","article_published_time":"2026-03-05T00:00:43+00:00","twitter_card":"summary_large_image","twitter_misc":{"Est. tempo de leitura":"3 minutos"},"schema":{"@context":"https:\/\/schema.org","@graph":[{"@type":"Article","@id":"https:\/\/www.conveniosocial.com.br\/blog\/psicologia\/espaco-psique-cuidado-psicologico-em-jau\/#article","isPartOf":{"@id":"https:\/\/www.conveniosocial.com.br\/blog\/psicologia\/espaco-psique-cuidado-psicologico-em-jau\/"},"author":{"name":"","@id":""},"headline":"Espa\u00e7o Psiqu\u00ea: Cuidado Psicol\u00f3gico em Ja\u00fa","datePublished":"2026-03-05T00:00:43+00:00","mainEntityOfPage":{"@id":"https:\/\/www.conveniosocial.com.br\/blog\/psicologia\/espaco-psique-cuidado-psicologico-em-jau\/"},"wordCount":683,"commentCount":0,"publisher":{"@id":"https:\/\/www.conveniosocial.com.br\/blog\/#organization"},"articleSection":["Atendimento Psicoterap\u00eautico","Cl\u00ednicas de Sa\u00fade Mental","Psicologia"],"inLanguage":"pt-BR"},{"@type":"WebPage","@id":"https:\/\/www.conveniosocial.com.br\/blog\/psicologia\/espaco-psique-cuidado-psicologico-em-jau\/","url":"https:\/\/www.conveniosocial.com.br\/blog\/psicologia\/espaco-psique-cuidado-psicologico-em-jau\/","name":"Espa\u00e7o Psiqu\u00ea: Cuidado Psicol\u00f3gico em Ja\u00fa - Conv\u00eanio Social","isPartOf":{"@id":"https:\/\/www.conveniosocial.com.br\/blog\/#website"},"datePublished":"2026-03-05T00:00:43+00:00","breadcrumb":{"@id":"https:\/\/www.conveniosocial.com.br\/blog\/psicologia\/espaco-psique-cuidado-psicologico-em-jau\/#breadcrumb"},"inLanguage":"pt-BR","potentialAction":[{"@type":"ReadAction","target":["https:\/\/www.conveniosocial.com.br\/blog\/psicologia\/espaco-psique-cuidado-psicologico-em-jau\/"]}]},{"@type":"BreadcrumbList","@id":"https:\/\/www.conveniosocial.com.br\/blog\/psicologia\/espaco-psique-cuidado-psicologico-em-jau\/#breadcrumb","itemListElement":[{"@type":"ListItem","position":1,"name":"Home","item":"https:\/\/www.conveniosocial.com.br\/blog\/"},{"@type":"ListItem","position":2,"name":"Atendimento Psicoterap\u00eautico","item":"https:\/\/www.conveniosocial.com.br\/blog\/atendimento-psicoterapeutico\/"},{"@type":"ListItem","position":3,"name":"Espa\u00e7o Psiqu\u00ea: Cuidado Psicol\u00f3gico em Ja\u00fa"}]},{"@type":"WebSite","@id":"https:\/\/www.conveniosocial.com.br\/blog\/#website","url":"https:\/\/www.conveniosocial.com.br\/blog\/","name":"Conv\u00eanio Social","description":"Informa\u00e7\u00f5es de Sa\u00fade e Bem-estar, Consultas e Exames Popular","publisher":{"@id":"https:\/\/www.conveniosocial.com.br\/blog\/#organization"},"potentialAction":[{"@type":"SearchAction","target":{"@type":"EntryPoint","urlTemplate":"https:\/\/www.conveniosocial.com.br\/blog\/?s={search_term_string}"},"query-input":{"@type":"PropertyValueSpecification","valueRequired":true,"valueName":"search_term_string"}}],"inLanguage":"pt-BR"},{"@type":"Organization","@id":"https:\/\/www.conveniosocial.com.br\/blog\/#organization","name":"Conv\u00eanio Social","url":"https:\/\/www.conveniosocial.com.br\/blog\/","logo":{"@type":"ImageObject","inLanguage":"pt-BR","@id":"https:\/\/www.conveniosocial.com.br\/blog\/#\/schema\/logo\/image\/","url":"https:\/\/www.conveniosocial.com.br\/blog\/wp-content\/uploads\/2021\/11\/novo_logo-convenio-socia-digital.png","contentUrl":"https:\/\/www.conveniosocial.com.br\/blog\/wp-content\/uploads\/2021\/11\/novo_logo-convenio-socia-digital.png","width":400,"height":102,"caption":"Conv\u00eanio Social"},"image":{"@id":"https:\/\/www.conveniosocial.com.br\/blog\/#\/schema\/logo\/image\/"}}]}},"_links":{"self":[{"href":"https:\/\/www.conveniosocial.com.br\/blog\/wp-json\/wp\/v2\/posts\/151933","targetHints":{"allow":["GET"]}}],"collection":[{"href":"https:\/\/www.conveniosocial.com.br\/blog\/wp-json\/wp\/v2\/posts"}],"about":[{"href":"https:\/\/www.conveniosocial.com.br\/blog\/wp-json\/wp\/v2\/types\/post"}],"replies":[{"embeddable":true,"href":"https:\/\/www.conveniosocial.com.br\/blog\/wp-json\/wp\/v2\/comments?post=151933"}],"version-history":[{"count":0,"href":"https:\/\/www.conveniosocial.com.br\/blog\/wp-json\/wp\/v2\/posts\/151933\/revisions"}],"wp:attachment":[{"href":"https:\/\/www.conveniosocial.com.br\/blog\/wp-json\/wp\/v2\/media?parent=151933"}],"wp:term":[{"taxonomy":"category","embeddable":true,"href":"https:\/\/www.conveniosocial.com.br\/blog\/wp-json\/wp\/v2\/categories?post=151933"},{"taxonomy":"post_tag","embeddable":true,"href":"https:\/\/www.conveniosocial.com.br\/blog\/wp-json\/wp\/v2\/tags?post=151933"}],"curies":[{"name":"wp","href":"https:\/\/api.w.org\/{rel}","templated":true}]}}