{"id":152092,"date":"2026-03-06T21:00:39","date_gmt":"2026-03-07T00:00:39","guid":{"rendered":"https:\/\/www.conveniosocial.com.br\/blog\/nehuma\/instituto-atenas-saude-e-bem-estar-em-joinville\/"},"modified":"2026-03-06T21:00:39","modified_gmt":"2026-03-07T00:00:39","slug":"instituto-atenas-saude-e-bem-estar-em-joinville","status":"publish","type":"post","link":"https:\/\/www.conveniosocial.com.br\/blog\/fisioterapia\/instituto-atenas-saude-e-bem-estar-em-joinville\/","title":{"rendered":"Instituto Atenas: Sa\u00fade e Bem-Estar em Joinville"},"content":{"rendered":"<div id=\"ez-toc-container\" class=\"ez-toc-v2_0_82_2 counter-flat ez-toc-counter ez-toc-white ez-toc-container-direction\">\n<p class=\"ez-toc-title\" style=\"cursor:inherit\">\u00cdndice do Conte\u00fado<\/p>\n<label for=\"ez-toc-cssicon-toggle-item-69f4c3122c0f1\" class=\"ez-toc-cssicon-toggle-label\"><span class=\"ez-toc-cssicon\"><span class=\"eztoc-hide\" style=\"display:none;\">Toggle<\/span><span class=\"ez-toc-icon-toggle-span\"><svg style=\"fill: #999;color:#999\" xmlns=\"http:\/\/www.w3.org\/2000\/svg\" class=\"list-377408\" width=\"20px\" height=\"20px\" viewBox=\"0 0 24 24\" fill=\"none\"><path d=\"M6 6H4v2h2V6zm14 0H8v2h12V6zM4 11h2v2H4v-2zm16 0H8v2h12v-2zM4 16h2v2H4v-2zm16 0H8v2h12v-2z\" fill=\"currentColor\"><\/path><\/svg><svg style=\"fill: #999;color:#999\" class=\"arrow-unsorted-368013\" xmlns=\"http:\/\/www.w3.org\/2000\/svg\" width=\"10px\" height=\"10px\" viewBox=\"0 0 24 24\" version=\"1.2\" baseProfile=\"tiny\"><path d=\"M18.2 9.3l-6.2-6.3-6.2 6.3c-.2.2-.3.4-.3.7s.1.5.3.7c.2.2.4.3.7.3h11c.3 0 .5-.1.7-.3.2-.2.3-.5.3-.7s-.1-.5-.3-.7zM5.8 14.7l6.2 6.3 6.2-6.3c.2-.2.3-.5.3-.7s-.1-.5-.3-.7c-.2-.2-.4-.3-.7-.3h-11c-.3 0-.5.1-.7.3-.2.2-.3.5-.3.7s.1.5.3.7z\"\/><\/svg><\/span><\/span><\/label><input type=\"checkbox\"  id=\"ez-toc-cssicon-toggle-item-69f4c3122c0f1\" checked aria-label=\"Alternar\" \/><nav><ul class='ez-toc-list ez-toc-list-level-1 ' ><li class='ez-toc-page-1'><a class=\"ez-toc-link ez-toc-heading-1\" href=\"https:\/\/www.conveniosocial.com.br\/blog\/fisioterapia\/instituto-atenas-saude-e-bem-estar-em-joinville\/#Instituto_Atenas_Saude_e_Bem-Estar_em_Joinville\" >Instituto Atenas: Sa\u00fade e Bem-Estar em Joinville<\/a><\/li><li class='ez-toc-page-1'><a class=\"ez-toc-link ez-toc-heading-2\" href=\"https:\/\/www.conveniosocial.com.br\/blog\/fisioterapia\/instituto-atenas-saude-e-bem-estar-em-joinville\/#Perguntas_Frequentes\" >Perguntas Frequentes<\/a><\/li><li class='ez-toc-page-1'><a class=\"ez-toc-link ez-toc-heading-3\" href=\"https:\/\/www.conveniosocial.com.br\/blog\/fisioterapia\/instituto-atenas-saude-e-bem-estar-em-joinville\/#Contato\" >Contato<\/a><\/li><\/ul><\/nav><\/div>\n<h2><span class=\"ez-toc-section\" id=\"Instituto_Atenas_Saude_e_Bem-Estar_em_Joinville\"><\/span>Instituto Atenas: Sa\u00fade e Bem-Estar em Joinville<span class=\"ez-toc-section-end\"><\/span><\/h2>\n<p>O Instituto Atenas \u00e9 uma cl\u00ednica de sa\u00fade localizada no bairro Gl\u00f3ria, em Joinville, SC, que se destaca pela sua abordagem humanizada e acolhedora. Sob a supervis\u00e3o do Dr. Andr\u00e9 B. Vilela de Farias, respons\u00e1vel t\u00e9cnico com CRM\/SC: 8815, a cl\u00ednica oferece um ambiente seguro e confort\u00e1vel para todos os pacientes. Com um hor\u00e1rio de funcionamento de segunda a sexta-feira, das 8:00 \u00e0s 18:00, o Instituto Atenas se torna uma op\u00e7\u00e3o acess\u00edvel para aqueles que buscam cuidados m\u00e9dicos de qualidade.<\/p>\n<p>As especialidades oferecidas pelo Instituto incluem Ortopedia, Fisioterapia, Nutri\u00e7\u00e3o, Neurologia, Psiquiatria, Infectologia e Psicologia. A equipe de profissionais \u00e9 altamente qualificada e comprometida em proporcionar o melhor atendimento, garantindo que cada paciente receba um tratamento personalizado que atenda \u00e0s suas necessidades espec\u00edficas.<\/p>\n<p>A localiza\u00e7\u00e3o do Instituto Atenas \u00e9 estrat\u00e9gica, permitindo f\u00e1cil acesso para os moradores de Joinville e bairros adjacentes, como Costa e Silva, Vila Nova, S\u00e3o Marcos, Anita Garibaldi e Atiradores. Isso facilita a chegada dos pacientes, contribuindo para um melhor acompanhamento de sa\u00fade, essencial para a efic\u00e1cia dos tratamentos.<\/p>\n<p>Al\u00e9m das consultas, a cl\u00ednica tamb\u00e9m realiza exames e tratamentos, sempre com um foco no bem-estar integral do paciente. Os profissionais do Instituto Atenas trabalham em equipe, garantindo uma vis\u00e3o multidisciplinar que \u00e9 fundamental para o sucesso no tratamento de diversas condi\u00e7\u00f5es de sa\u00fade.<\/p>\n<p>Embora os conv\u00eanios n\u00e3o tenham sido mencionados, a cl\u00ednica busca atender a todos os pacientes da melhor forma poss\u00edvel, independente de sua situa\u00e7\u00e3o financeira, oferecendo op\u00e7\u00f5es acess\u00edveis e uma abordagem inclusiva. Os pacientes podem entrar em contato pelo telefone (47) 3026-4532 para agendar consultas e esclarecer d\u00favidas sobre os servi\u00e7os oferecidos.<\/p>\n<p>O Instituto Atenas tamb\u00e9m est\u00e1 presente nas redes sociais, o que proporciona uma forma de interagir e se manter atualizado sobre novidades, dicas de sa\u00fade e bem-estar. Embora o site ainda n\u00e3o esteja dispon\u00edvel, a presen\u00e7a nas redes sociais \u00e9 um passo importante para a comunica\u00e7\u00e3o moderna e para o marketing digital da cl\u00ednica. <\/p>\n<p>Na busca pelo bem-estar e sa\u00fade dos pacientes, o Instituto Atenas se compromete a oferecer um atendimento de excel\u00eancia, onde cada indiv\u00edduo \u00e9 tratado com respeito e dignidade. Com uma equipe dedicada e uma estrutura que prioriza o conforto e a qualidade do atendimento, a cl\u00ednica se coloca como uma refer\u00eancia em sa\u00fade na cidade de Joinville.<\/p>\n<h3><span class=\"ez-toc-section\" id=\"Perguntas_Frequentes\"><\/span>Perguntas Frequentes<span class=\"ez-toc-section-end\"><\/span><\/h3>\n<p>P: Quais especialidades m\u00e9dicas o Instituto Atenas oferece?<br \/>\nR: O Instituto Atenas oferece especialidades como Ortopedia, Fisioterapia, Nutri\u00e7\u00e3o, Neurologia, Psiquiatria, Infectologia e Psicologia.<\/p>\n<p>P: Qual \u00e9 o hor\u00e1rio de funcionamento da cl\u00ednica?<br \/>\nR: O Instituto Atenas funciona de segunda a sexta-feira, das 8:00 \u00e0s 18:00.<\/p>\n<p>P: Como posso agendar uma consulta na cl\u00ednica?<br \/>\nR: Voc\u00ea pode agendar uma consulta pelo telefone (47) 3026-4532.<\/p>\n<p>P: A cl\u00ednica aceita conv\u00eanios?<br \/>\nR: N\u00e3o foram mencionados conv\u00eanios espec\u00edficos, mas a cl\u00ednica busca atender a todos os pacientes da melhor forma poss\u00edvel.<\/p>\n<p>P: Onde o Instituto Atenas est\u00e1 localizado?<br \/>\nR: O Instituto Atenas est\u00e1 localizado no bairro Gl\u00f3ria, em Joinville, SC.<\/p>\n<p>P: Quais exames s\u00e3o realizados na cl\u00ednica?<br \/>\nR: A cl\u00ednica realiza consultas e tratamentos, mas detalhes sobre exames espec\u00edficos n\u00e3o foram listados.<\/p>\n<p>P: A cl\u00ednica possui uma equipe multidisciplinar?<br \/>\nR: Sim, o Instituto Atenas conta com uma equipe de profissionais qualificados que trabalham em conjunto para oferecer um atendimento integral.<\/p>\n<p>P: Como posso acompanhar as novidades da cl\u00ednica?<br \/>\nR: Voc\u00ea pode acompanhar as novidades da cl\u00ednica atrav\u00e9s das redes sociais do Instituto Atenas.<\/p>\n<p>P: Quem \u00e9 o respons\u00e1vel t\u00e9cnico da cl\u00ednica?<br \/>\nR: O respons\u00e1vel t\u00e9cnico do Instituto Atenas \u00e9 o Dr. Andr\u00e9 B. Vilela de Farias, com CRM\/SC: 8815.<\/p>\n<p>P: Quais bairros est\u00e3o pr\u00f3ximos ao Instituto Atenas?<br \/>\nR: Os bairros pr\u00f3ximos incluem Costa e Silva, Vila Nova, S\u00e3o Marcos, Anita Garibaldi e Atiradores.<\/p>\n<h3><span class=\"ez-toc-section\" id=\"Contato\"><\/span>Contato<span class=\"ez-toc-section-end\"><\/span><\/h3>\n<p><strong>Tel.:  | <\/strong><br \/>\n<strong>WhatsApp: &#8211; <\/strong><\/p>\n","protected":false},"excerpt":{"rendered":"<p>Instituto Atenas: Sa\u00fade e Bem-Estar em Joinville O Instituto Atenas \u00e9 uma cl\u00ednica de sa\u00fade localizada no bairro Gl\u00f3ria, em Joinville, SC, que se destaca pela sua abordagem humanizada e acolhedora. Sob a supervis\u00e3o do Dr. Andr\u00e9 B. Vilela de Farias, respons\u00e1vel t\u00e9cnico com CRM\/SC: 8815, a cl\u00ednica oferece um ambiente seguro e confort\u00e1vel para [&hellip;]<\/p>\n","protected":false},"author":0,"featured_media":0,"comment_status":"open","ping_status":"open","sticky":false,"template":"","format":"standard","meta":{"_et_pb_use_builder":"o","_et_pb_old_content":"","_et_gb_content_width":"","footnotes":""},"categories":[915,1304,1380],"tags":[],"class_list":["post-152092","post","type-post","status-publish","format-standard","hentry","category-fisioterapia","category-nutricao","category-ortopedia"],"yoast_head":"<!-- This site is optimized with the Yoast SEO Premium plugin v21.3 (Yoast SEO v27.5) - https:\/\/yoast.com\/product\/yoast-seo-premium-wordpress\/ -->\n<title>Instituto Atenas: Sa\u00fade e Bem-Estar em Joinville - Conv\u00eanio Social<\/title>\n<meta name=\"robots\" content=\"index, follow, max-snippet:-1, max-image-preview:large, max-video-preview:-1\" \/>\n<link rel=\"canonical\" href=\"https:\/\/www.conveniosocial.com.br\/blog\/fisioterapia\/instituto-atenas-saude-e-bem-estar-em-joinville\/\" \/>\n<meta property=\"og:locale\" content=\"pt_BR\" \/>\n<meta property=\"og:type\" content=\"article\" \/>\n<meta property=\"og:title\" content=\"Instituto Atenas: Sa\u00fade e Bem-Estar em Joinville\" \/>\n<meta property=\"og:description\" content=\"Instituto Atenas: Sa\u00fade e Bem-Estar em Joinville O Instituto Atenas \u00e9 uma cl\u00ednica de sa\u00fade localizada no bairro Gl\u00f3ria, em Joinville, SC, que se destaca pela sua abordagem humanizada e acolhedora. Sob a supervis\u00e3o do Dr. Andr\u00e9 B. Vilela de Farias, respons\u00e1vel t\u00e9cnico com CRM\/SC: 8815, a cl\u00ednica oferece um ambiente seguro e confort\u00e1vel para [&hellip;]\" \/>\n<meta property=\"og:url\" content=\"https:\/\/www.conveniosocial.com.br\/blog\/fisioterapia\/instituto-atenas-saude-e-bem-estar-em-joinville\/\" \/>\n<meta property=\"og:site_name\" content=\"Conv\u00eanio Social\" \/>\n<meta property=\"article:published_time\" content=\"2026-03-07T00:00:39+00:00\" \/>\n<meta name=\"twitter:card\" content=\"summary_large_image\" \/>\n<meta name=\"twitter:label1\" content=\"Est. tempo de leitura\" \/>\n\t<meta name=\"twitter:data1\" content=\"3 minutos\" \/>\n<script type=\"application\/ld+json\" class=\"yoast-schema-graph\">{\"@context\":\"https:\\\/\\\/schema.org\",\"@graph\":[{\"@type\":\"Article\",\"@id\":\"https:\\\/\\\/www.conveniosocial.com.br\\\/blog\\\/fisioterapia\\\/instituto-atenas-saude-e-bem-estar-em-joinville\\\/#article\",\"isPartOf\":{\"@id\":\"https:\\\/\\\/www.conveniosocial.com.br\\\/blog\\\/fisioterapia\\\/instituto-atenas-saude-e-bem-estar-em-joinville\\\/\"},\"author\":{\"name\":\"\",\"@id\":\"\"},\"headline\":\"Instituto Atenas: Sa\u00fade e Bem-Estar em Joinville\",\"datePublished\":\"2026-03-07T00:00:39+00:00\",\"mainEntityOfPage\":{\"@id\":\"https:\\\/\\\/www.conveniosocial.com.br\\\/blog\\\/fisioterapia\\\/instituto-atenas-saude-e-bem-estar-em-joinville\\\/\"},\"wordCount\":691,\"commentCount\":0,\"publisher\":{\"@id\":\"https:\\\/\\\/www.conveniosocial.com.br\\\/blog\\\/#organization\"},\"articleSection\":[\"Fisioterapia\",\"Nutri\u00e7\u00e3o\",\"Ortopedia\"],\"inLanguage\":\"pt-BR\"},{\"@type\":\"WebPage\",\"@id\":\"https:\\\/\\\/www.conveniosocial.com.br\\\/blog\\\/fisioterapia\\\/instituto-atenas-saude-e-bem-estar-em-joinville\\\/\",\"url\":\"https:\\\/\\\/www.conveniosocial.com.br\\\/blog\\\/fisioterapia\\\/instituto-atenas-saude-e-bem-estar-em-joinville\\\/\",\"name\":\"Instituto Atenas: Sa\u00fade e Bem-Estar em Joinville - Conv\u00eanio Social\",\"isPartOf\":{\"@id\":\"https:\\\/\\\/www.conveniosocial.com.br\\\/blog\\\/#website\"},\"datePublished\":\"2026-03-07T00:00:39+00:00\",\"breadcrumb\":{\"@id\":\"https:\\\/\\\/www.conveniosocial.com.br\\\/blog\\\/fisioterapia\\\/instituto-atenas-saude-e-bem-estar-em-joinville\\\/#breadcrumb\"},\"inLanguage\":\"pt-BR\",\"potentialAction\":[{\"@type\":\"ReadAction\",\"target\":[\"https:\\\/\\\/www.conveniosocial.com.br\\\/blog\\\/fisioterapia\\\/instituto-atenas-saude-e-bem-estar-em-joinville\\\/\"]}]},{\"@type\":\"BreadcrumbList\",\"@id\":\"https:\\\/\\\/www.conveniosocial.com.br\\\/blog\\\/fisioterapia\\\/instituto-atenas-saude-e-bem-estar-em-joinville\\\/#breadcrumb\",\"itemListElement\":[{\"@type\":\"ListItem\",\"position\":1,\"name\":\"Home\",\"item\":\"https:\\\/\\\/www.conveniosocial.com.br\\\/blog\\\/\"},{\"@type\":\"ListItem\",\"position\":2,\"name\":\"Fisioterapia\",\"item\":\"https:\\\/\\\/www.conveniosocial.com.br\\\/blog\\\/fisioterapia\\\/\"},{\"@type\":\"ListItem\",\"position\":3,\"name\":\"Instituto Atenas: Sa\u00fade e Bem-Estar em Joinville\"}]},{\"@type\":\"WebSite\",\"@id\":\"https:\\\/\\\/www.conveniosocial.com.br\\\/blog\\\/#website\",\"url\":\"https:\\\/\\\/www.conveniosocial.com.br\\\/blog\\\/\",\"name\":\"Conv\u00eanio Social\",\"description\":\"Informa\u00e7\u00f5es de Sa\u00fade e Bem-estar, Consultas e Exames Popular\",\"publisher\":{\"@id\":\"https:\\\/\\\/www.conveniosocial.com.br\\\/blog\\\/#organization\"},\"potentialAction\":[{\"@type\":\"SearchAction\",\"target\":{\"@type\":\"EntryPoint\",\"urlTemplate\":\"https:\\\/\\\/www.conveniosocial.com.br\\\/blog\\\/?s={search_term_string}\"},\"query-input\":{\"@type\":\"PropertyValueSpecification\",\"valueRequired\":true,\"valueName\":\"search_term_string\"}}],\"inLanguage\":\"pt-BR\"},{\"@type\":\"Organization\",\"@id\":\"https:\\\/\\\/www.conveniosocial.com.br\\\/blog\\\/#organization\",\"name\":\"Conv\u00eanio Social\",\"url\":\"https:\\\/\\\/www.conveniosocial.com.br\\\/blog\\\/\",\"logo\":{\"@type\":\"ImageObject\",\"inLanguage\":\"pt-BR\",\"@id\":\"https:\\\/\\\/www.conveniosocial.com.br\\\/blog\\\/#\\\/schema\\\/logo\\\/image\\\/\",\"url\":\"https:\\\/\\\/www.conveniosocial.com.br\\\/blog\\\/wp-content\\\/uploads\\\/2021\\\/11\\\/novo_logo-convenio-socia-digital.png\",\"contentUrl\":\"https:\\\/\\\/www.conveniosocial.com.br\\\/blog\\\/wp-content\\\/uploads\\\/2021\\\/11\\\/novo_logo-convenio-socia-digital.png\",\"width\":400,\"height\":102,\"caption\":\"Conv\u00eanio Social\"},\"image\":{\"@id\":\"https:\\\/\\\/www.conveniosocial.com.br\\\/blog\\\/#\\\/schema\\\/logo\\\/image\\\/\"}}]}<\/script>\n<!-- \/ Yoast SEO Premium plugin. -->","yoast_head_json":{"title":"Instituto Atenas: Sa\u00fade e Bem-Estar em Joinville - Conv\u00eanio Social","robots":{"index":"index","follow":"follow","max-snippet":"max-snippet:-1","max-image-preview":"max-image-preview:large","max-video-preview":"max-video-preview:-1"},"canonical":"https:\/\/www.conveniosocial.com.br\/blog\/fisioterapia\/instituto-atenas-saude-e-bem-estar-em-joinville\/","og_locale":"pt_BR","og_type":"article","og_title":"Instituto Atenas: Sa\u00fade e Bem-Estar em Joinville","og_description":"Instituto Atenas: Sa\u00fade e Bem-Estar em Joinville O Instituto Atenas \u00e9 uma cl\u00ednica de sa\u00fade localizada no bairro Gl\u00f3ria, em Joinville, SC, que se destaca pela sua abordagem humanizada e acolhedora. Sob a supervis\u00e3o do Dr. Andr\u00e9 B. Vilela de Farias, respons\u00e1vel t\u00e9cnico com CRM\/SC: 8815, a cl\u00ednica oferece um ambiente seguro e confort\u00e1vel para [&hellip;]","og_url":"https:\/\/www.conveniosocial.com.br\/blog\/fisioterapia\/instituto-atenas-saude-e-bem-estar-em-joinville\/","og_site_name":"Conv\u00eanio Social","article_published_time":"2026-03-07T00:00:39+00:00","twitter_card":"summary_large_image","twitter_misc":{"Est. tempo de leitura":"3 minutos"},"schema":{"@context":"https:\/\/schema.org","@graph":[{"@type":"Article","@id":"https:\/\/www.conveniosocial.com.br\/blog\/fisioterapia\/instituto-atenas-saude-e-bem-estar-em-joinville\/#article","isPartOf":{"@id":"https:\/\/www.conveniosocial.com.br\/blog\/fisioterapia\/instituto-atenas-saude-e-bem-estar-em-joinville\/"},"author":{"name":"","@id":""},"headline":"Instituto Atenas: Sa\u00fade e Bem-Estar em Joinville","datePublished":"2026-03-07T00:00:39+00:00","mainEntityOfPage":{"@id":"https:\/\/www.conveniosocial.com.br\/blog\/fisioterapia\/instituto-atenas-saude-e-bem-estar-em-joinville\/"},"wordCount":691,"commentCount":0,"publisher":{"@id":"https:\/\/www.conveniosocial.com.br\/blog\/#organization"},"articleSection":["Fisioterapia","Nutri\u00e7\u00e3o","Ortopedia"],"inLanguage":"pt-BR"},{"@type":"WebPage","@id":"https:\/\/www.conveniosocial.com.br\/blog\/fisioterapia\/instituto-atenas-saude-e-bem-estar-em-joinville\/","url":"https:\/\/www.conveniosocial.com.br\/blog\/fisioterapia\/instituto-atenas-saude-e-bem-estar-em-joinville\/","name":"Instituto Atenas: Sa\u00fade e Bem-Estar em Joinville - Conv\u00eanio Social","isPartOf":{"@id":"https:\/\/www.conveniosocial.com.br\/blog\/#website"},"datePublished":"2026-03-07T00:00:39+00:00","breadcrumb":{"@id":"https:\/\/www.conveniosocial.com.br\/blog\/fisioterapia\/instituto-atenas-saude-e-bem-estar-em-joinville\/#breadcrumb"},"inLanguage":"pt-BR","potentialAction":[{"@type":"ReadAction","target":["https:\/\/www.conveniosocial.com.br\/blog\/fisioterapia\/instituto-atenas-saude-e-bem-estar-em-joinville\/"]}]},{"@type":"BreadcrumbList","@id":"https:\/\/www.conveniosocial.com.br\/blog\/fisioterapia\/instituto-atenas-saude-e-bem-estar-em-joinville\/#breadcrumb","itemListElement":[{"@type":"ListItem","position":1,"name":"Home","item":"https:\/\/www.conveniosocial.com.br\/blog\/"},{"@type":"ListItem","position":2,"name":"Fisioterapia","item":"https:\/\/www.conveniosocial.com.br\/blog\/fisioterapia\/"},{"@type":"ListItem","position":3,"name":"Instituto Atenas: Sa\u00fade e Bem-Estar em Joinville"}]},{"@type":"WebSite","@id":"https:\/\/www.conveniosocial.com.br\/blog\/#website","url":"https:\/\/www.conveniosocial.com.br\/blog\/","name":"Conv\u00eanio Social","description":"Informa\u00e7\u00f5es de Sa\u00fade e Bem-estar, Consultas e Exames Popular","publisher":{"@id":"https:\/\/www.conveniosocial.com.br\/blog\/#organization"},"potentialAction":[{"@type":"SearchAction","target":{"@type":"EntryPoint","urlTemplate":"https:\/\/www.conveniosocial.com.br\/blog\/?s={search_term_string}"},"query-input":{"@type":"PropertyValueSpecification","valueRequired":true,"valueName":"search_term_string"}}],"inLanguage":"pt-BR"},{"@type":"Organization","@id":"https:\/\/www.conveniosocial.com.br\/blog\/#organization","name":"Conv\u00eanio Social","url":"https:\/\/www.conveniosocial.com.br\/blog\/","logo":{"@type":"ImageObject","inLanguage":"pt-BR","@id":"https:\/\/www.conveniosocial.com.br\/blog\/#\/schema\/logo\/image\/","url":"https:\/\/www.conveniosocial.com.br\/blog\/wp-content\/uploads\/2021\/11\/novo_logo-convenio-socia-digital.png","contentUrl":"https:\/\/www.conveniosocial.com.br\/blog\/wp-content\/uploads\/2021\/11\/novo_logo-convenio-socia-digital.png","width":400,"height":102,"caption":"Conv\u00eanio Social"},"image":{"@id":"https:\/\/www.conveniosocial.com.br\/blog\/#\/schema\/logo\/image\/"}}]}},"_links":{"self":[{"href":"https:\/\/www.conveniosocial.com.br\/blog\/wp-json\/wp\/v2\/posts\/152092","targetHints":{"allow":["GET"]}}],"collection":[{"href":"https:\/\/www.conveniosocial.com.br\/blog\/wp-json\/wp\/v2\/posts"}],"about":[{"href":"https:\/\/www.conveniosocial.com.br\/blog\/wp-json\/wp\/v2\/types\/post"}],"replies":[{"embeddable":true,"href":"https:\/\/www.conveniosocial.com.br\/blog\/wp-json\/wp\/v2\/comments?post=152092"}],"version-history":[{"count":0,"href":"https:\/\/www.conveniosocial.com.br\/blog\/wp-json\/wp\/v2\/posts\/152092\/revisions"}],"wp:attachment":[{"href":"https:\/\/www.conveniosocial.com.br\/blog\/wp-json\/wp\/v2\/media?parent=152092"}],"wp:term":[{"taxonomy":"category","embeddable":true,"href":"https:\/\/www.conveniosocial.com.br\/blog\/wp-json\/wp\/v2\/categories?post=152092"},{"taxonomy":"post_tag","embeddable":true,"href":"https:\/\/www.conveniosocial.com.br\/blog\/wp-json\/wp\/v2\/tags?post=152092"}],"curies":[{"name":"wp","href":"https:\/\/api.w.org\/{rel}","templated":true}]}}