{"id":152173,"date":"2026-03-07T21:00:42","date_gmt":"2026-03-08T00:00:42","guid":{"rendered":"https:\/\/www.conveniosocial.com.br\/blog\/nehuma\/dr-pedro-fragoso-especialista-em-otorrinolaringologia\/"},"modified":"2026-03-07T21:00:42","modified_gmt":"2026-03-08T00:00:42","slug":"dr-pedro-fragoso-especialista-em-otorrinolaringologia","status":"publish","type":"post","link":"https:\/\/www.conveniosocial.com.br\/blog\/otorrinolaringologia\/dr-pedro-fragoso-especialista-em-otorrinolaringologia\/","title":{"rendered":"Dr. Pedro Fragoso: Especialista em Otorrinolaringologia"},"content":{"rendered":"<div id=\"ez-toc-container\" class=\"ez-toc-v2_0_82_2 counter-flat ez-toc-counter ez-toc-white ez-toc-container-direction\">\n<p class=\"ez-toc-title\" style=\"cursor:inherit\">\u00cdndice do Conte\u00fado<\/p>\n<label for=\"ez-toc-cssicon-toggle-item-69f54c2987551\" class=\"ez-toc-cssicon-toggle-label\"><span class=\"ez-toc-cssicon\"><span class=\"eztoc-hide\" style=\"display:none;\">Toggle<\/span><span class=\"ez-toc-icon-toggle-span\"><svg style=\"fill: #999;color:#999\" xmlns=\"http:\/\/www.w3.org\/2000\/svg\" class=\"list-377408\" width=\"20px\" height=\"20px\" viewBox=\"0 0 24 24\" fill=\"none\"><path d=\"M6 6H4v2h2V6zm14 0H8v2h12V6zM4 11h2v2H4v-2zm16 0H8v2h12v-2zM4 16h2v2H4v-2zm16 0H8v2h12v-2z\" fill=\"currentColor\"><\/path><\/svg><svg style=\"fill: #999;color:#999\" class=\"arrow-unsorted-368013\" xmlns=\"http:\/\/www.w3.org\/2000\/svg\" width=\"10px\" height=\"10px\" viewBox=\"0 0 24 24\" version=\"1.2\" baseProfile=\"tiny\"><path d=\"M18.2 9.3l-6.2-6.3-6.2 6.3c-.2.2-.3.4-.3.7s.1.5.3.7c.2.2.4.3.7.3h11c.3 0 .5-.1.7-.3.2-.2.3-.5.3-.7s-.1-.5-.3-.7zM5.8 14.7l6.2 6.3 6.2-6.3c.2-.2.3-.5.3-.7s-.1-.5-.3-.7c-.2-.2-.4-.3-.7-.3h-11c-.3 0-.5.1-.7.3-.2.2-.3.5-.3.7s.1.5.3.7z\"\/><\/svg><\/span><\/span><\/label><input type=\"checkbox\"  id=\"ez-toc-cssicon-toggle-item-69f54c2987551\" checked aria-label=\"Alternar\" \/><nav><ul class='ez-toc-list ez-toc-list-level-1 ' ><li class='ez-toc-page-1'><a class=\"ez-toc-link ez-toc-heading-1\" href=\"https:\/\/www.conveniosocial.com.br\/blog\/otorrinolaringologia\/dr-pedro-fragoso-especialista-em-otorrinolaringologia\/#Dr_Pedro_Fragoso_Especialista_em_Otorrinolaringologia\" >Dr. Pedro Fragoso: Especialista em Otorrinolaringologia<\/a><\/li><li class='ez-toc-page-1'><a class=\"ez-toc-link ez-toc-heading-2\" href=\"https:\/\/www.conveniosocial.com.br\/blog\/otorrinolaringologia\/dr-pedro-fragoso-especialista-em-otorrinolaringologia\/#Perguntas_Frequentes\" >Perguntas Frequentes<\/a><\/li><li class='ez-toc-page-1'><a class=\"ez-toc-link ez-toc-heading-3\" href=\"https:\/\/www.conveniosocial.com.br\/blog\/otorrinolaringologia\/dr-pedro-fragoso-especialista-em-otorrinolaringologia\/#Contato\" >Contato<\/a><\/li><\/ul><\/nav><\/div>\n<h2><span class=\"ez-toc-section\" id=\"Dr_Pedro_Fragoso_Especialista_em_Otorrinolaringologia\"><\/span>Dr. Pedro Fragoso: Especialista em Otorrinolaringologia<span class=\"ez-toc-section-end\"><\/span><\/h2>\n<p>A Cl\u00ednica Dr. Pedro Fragoso de Almeida, localizada em Aparecida de Goi\u00e2nia, Goi\u00e1s, \u00e9 um espa\u00e7o dedicado \u00e0 sa\u00fade e bem-estar dos pacientes, com foco na especialidade de Otorrinolaringologia. Sob a responsabilidade do Dr. Pedro Fragoso de Almeida, m\u00e9dico com CRM GO14100, a cl\u00ednica se destaca por oferecer um atendimento humanizado e acolhedor, priorizando a escuta ativa e o conforto de cada paciente que busca por cuidados na \u00e1rea de otorrinolaringologia. <\/p>\n<p>Situada no bairro ILDA, a cl\u00ednica \u00e9 de f\u00e1cil acesso, com estacionamento dispon\u00edvel e proximidade a importantes vias da cidade, facilitando a chegada de pacientes de diferentes regi\u00f5es, inclusive dos bairros adjacentes, como Jardim Nova Era. A cl\u00ednica funciona de segunda a sexta-feira, das 9h \u00e0s 17h, permitindo que os pacientes agendem suas consultas em hor\u00e1rios convenientes. <\/p>\n<p>Na Cl\u00ednica Dr. Pedro Fragoso, os pacientes t\u00eam acesso a uma gama de servi\u00e7os relacionados \u00e0 sa\u00fade auditiva, respirat\u00f3ria e de garganta. O Dr. Pedro \u00e9 conhecido por sua abordagem minuciosa e emp\u00e1tica, assegurando que cada diagn\u00f3stico seja preciso e cada tratamento, adequado \u00e0s necessidades individuais. Embora informa\u00e7\u00f5es sobre exames e conv\u00eanios ainda n\u00e3o estejam dispon\u00edveis, a cl\u00ednica est\u00e1 em constante evolu\u00e7\u00e3o para oferecer as melhores op\u00e7\u00f5es em servi\u00e7os de sa\u00fade. <\/p>\n<p>A filosofia da cl\u00ednica \u00e9 centrada no respeito e na valoriza\u00e7\u00e3o do paciente, criando um ambiente onde todos se sintam seguros e acolhidos. O Dr. Pedro Fragoso n\u00e3o apenas realiza consultas, mas tamb\u00e9m se dedica a educar os pacientes sobre preven\u00e7\u00e3o e cuidados com a sa\u00fade. Para agendar uma consulta ou obter mais informa\u00e7\u00f5es, os interessados podem entrar em contato pelo telefone (62) 3094-6056. <\/p>\n<p>Apesar de a cl\u00ednica ainda n\u00e3o contar com um site ou perfil em redes sociais, a constru\u00e7\u00e3o de uma presen\u00e7a digital \u00e9 uma prioridade. O objetivo \u00e9 facilitar o acesso \u00e0 informa\u00e7\u00e3o sobre servi\u00e7os, hor\u00e1rios e dicas de sa\u00fade, al\u00e9m de permitir que os pacientes compartilhem suas experi\u00eancias. Atrav\u00e9s de um site informativo e um Instagram ativo, a cl\u00ednica poder\u00e1 expandir sua visibilidade e engajamento com a comunidade local, tornando-se uma refer\u00eancia em Otorrinolaringologia na regi\u00e3o. <\/p>\n<p>Com um compromisso inabal\u00e1vel com a sa\u00fade e o bem-estar, a Cl\u00ednica Dr. Pedro Fragoso de Almeida reafirma sua miss\u00e3o de proporcionar um atendimento de qualidade, sempre com \u00e9tica e responsabilidade.<\/p>\n<h3><span class=\"ez-toc-section\" id=\"Perguntas_Frequentes\"><\/span>Perguntas Frequentes<span class=\"ez-toc-section-end\"><\/span><\/h3>\n<p>P: Quais s\u00e3o os hor\u00e1rios de atendimento da cl\u00ednica?<br \/>\nR: A cl\u00ednica atende de segunda a sexta-feira, das 9h \u00e0s 17h.<\/p>\n<p>P: Onde a cl\u00ednica est\u00e1 localizada?<br \/>\nR: A Cl\u00ednica Dr. Pedro Fragoso est\u00e1 localizada no bairro ILDA, em Aparecida de Goi\u00e2nia, Goi\u00e1s.<\/p>\n<p>P: Quais especialidades s\u00e3o atendidas na cl\u00ednica?<br \/>\nR: A cl\u00ednica \u00e9 especializada em Otorrinolaringologia.<\/p>\n<p>P: Como posso agendar uma consulta?<br \/>\nR: Voc\u00ea pode agendar uma consulta entrando em contato pelo telefone (62) 3094-6056.<\/p>\n<p>P: A cl\u00ednica aceita conv\u00eanios?<br \/>\nR: Informa\u00e7\u00f5es sobre conv\u00eanios ainda n\u00e3o est\u00e3o dispon\u00edveis, mas a cl\u00ednica est\u00e1 em processo de evolu\u00e7\u00e3o nesse aspecto.<\/p>\n<p>P: O Dr. Pedro Fragoso \u00e9 um m\u00e9dico qualificado?<br \/>\nR: Sim, o Dr. Pedro Fragoso \u00e9 m\u00e9dico com CRM GO14100 e possui experi\u00eancia em Otorrinolaringologia.<\/p>\n<p>P: A cl\u00ednica oferece exames?<br \/>\nR: Atualmente, n\u00e3o h\u00e1 informa\u00e7\u00f5es dispon\u00edveis sobre a realiza\u00e7\u00e3o de exames na cl\u00ednica.<\/p>\n<p>P: A cl\u00ednica possui estacionamento?<br \/>\nR: Sim, a cl\u00ednica oferece estacionamento para facilitar o acesso dos pacientes.<\/p>\n<p>P: A cl\u00ednica realiza atendimento humanizado?<br \/>\nR: Sim, a cl\u00ednica prioriza um atendimento humanizado, com foco na escuta e conforto do paciente.<\/p>\n<p>P: Existe algum site ou rede social da cl\u00ednica?<br \/>\nR: No momento, a cl\u00ednica ainda n\u00e3o possui um site ou perfil em redes sociais, mas pretende criar uma presen\u00e7a digital em breve.<\/p>\n<h3><span class=\"ez-toc-section\" id=\"Contato\"><\/span>Contato<span class=\"ez-toc-section-end\"><\/span><\/h3>\n<p><strong>Tel.:  | <\/strong><br \/>\n<strong>WhatsApp: &#8211; <\/strong><\/p>\n","protected":false},"excerpt":{"rendered":"<p>Dr. Pedro Fragoso: Especialista em Otorrinolaringologia A Cl\u00ednica Dr. Pedro Fragoso de Almeida, localizada em Aparecida de Goi\u00e2nia, Goi\u00e1s, \u00e9 um espa\u00e7o dedicado \u00e0 sa\u00fade e bem-estar dos pacientes, com foco na especialidade de Otorrinolaringologia. Sob a responsabilidade do Dr. Pedro Fragoso de Almeida, m\u00e9dico com CRM GO14100, a cl\u00ednica se destaca por oferecer um [&hellip;]<\/p>\n","protected":false},"author":0,"featured_media":0,"comment_status":"open","ping_status":"open","sticky":false,"template":"","format":"standard","meta":{"_et_pb_use_builder":"o","_et_pb_old_content":"","_et_gb_content_width":"","footnotes":""},"categories":[907,1315,681],"tags":[],"class_list":["post-152173","post","type-post","status-publish","format-standard","hentry","category-atendimento-humanizado","category-clinica-de-saude","category-otorrinolaringologia"],"yoast_head":"<!-- This site is optimized with the Yoast SEO Premium plugin v21.3 (Yoast SEO v27.5) - https:\/\/yoast.com\/product\/yoast-seo-premium-wordpress\/ -->\n<title>Dr. Pedro Fragoso: Especialista em Otorrinolaringologia - Conv\u00eanio Social<\/title>\n<meta name=\"robots\" content=\"index, follow, max-snippet:-1, max-image-preview:large, max-video-preview:-1\" \/>\n<link rel=\"canonical\" href=\"https:\/\/www.conveniosocial.com.br\/blog\/otorrinolaringologia\/dr-pedro-fragoso-especialista-em-otorrinolaringologia\/\" \/>\n<meta property=\"og:locale\" content=\"pt_BR\" \/>\n<meta property=\"og:type\" content=\"article\" \/>\n<meta property=\"og:title\" content=\"Dr. Pedro Fragoso: Especialista em Otorrinolaringologia\" \/>\n<meta property=\"og:description\" content=\"Dr. Pedro Fragoso: Especialista em Otorrinolaringologia A Cl\u00ednica Dr. Pedro Fragoso de Almeida, localizada em Aparecida de Goi\u00e2nia, Goi\u00e1s, \u00e9 um espa\u00e7o dedicado \u00e0 sa\u00fade e bem-estar dos pacientes, com foco na especialidade de Otorrinolaringologia. Sob a responsabilidade do Dr. Pedro Fragoso de Almeida, m\u00e9dico com CRM GO14100, a cl\u00ednica se destaca por oferecer um [&hellip;]\" \/>\n<meta property=\"og:url\" content=\"https:\/\/www.conveniosocial.com.br\/blog\/otorrinolaringologia\/dr-pedro-fragoso-especialista-em-otorrinolaringologia\/\" \/>\n<meta property=\"og:site_name\" content=\"Conv\u00eanio Social\" \/>\n<meta property=\"article:published_time\" content=\"2026-03-08T00:00:42+00:00\" \/>\n<meta name=\"twitter:card\" content=\"summary_large_image\" \/>\n<meta name=\"twitter:label1\" content=\"Est. tempo de leitura\" \/>\n\t<meta name=\"twitter:data1\" content=\"3 minutos\" \/>\n<script type=\"application\/ld+json\" class=\"yoast-schema-graph\">{\"@context\":\"https:\\\/\\\/schema.org\",\"@graph\":[{\"@type\":\"Article\",\"@id\":\"https:\\\/\\\/www.conveniosocial.com.br\\\/blog\\\/otorrinolaringologia\\\/dr-pedro-fragoso-especialista-em-otorrinolaringologia\\\/#article\",\"isPartOf\":{\"@id\":\"https:\\\/\\\/www.conveniosocial.com.br\\\/blog\\\/otorrinolaringologia\\\/dr-pedro-fragoso-especialista-em-otorrinolaringologia\\\/\"},\"author\":{\"name\":\"\",\"@id\":\"\"},\"headline\":\"Dr. Pedro Fragoso: Especialista em Otorrinolaringologia\",\"datePublished\":\"2026-03-08T00:00:42+00:00\",\"mainEntityOfPage\":{\"@id\":\"https:\\\/\\\/www.conveniosocial.com.br\\\/blog\\\/otorrinolaringologia\\\/dr-pedro-fragoso-especialista-em-otorrinolaringologia\\\/\"},\"wordCount\":677,\"commentCount\":0,\"publisher\":{\"@id\":\"https:\\\/\\\/www.conveniosocial.com.br\\\/blog\\\/#organization\"},\"articleSection\":[\"Atendimento Humanizado\",\"Cl\u00ednica de Sa\u00fade\",\"Otorrinolaringologia\"],\"inLanguage\":\"pt-BR\"},{\"@type\":\"WebPage\",\"@id\":\"https:\\\/\\\/www.conveniosocial.com.br\\\/blog\\\/otorrinolaringologia\\\/dr-pedro-fragoso-especialista-em-otorrinolaringologia\\\/\",\"url\":\"https:\\\/\\\/www.conveniosocial.com.br\\\/blog\\\/otorrinolaringologia\\\/dr-pedro-fragoso-especialista-em-otorrinolaringologia\\\/\",\"name\":\"Dr. Pedro Fragoso: Especialista em Otorrinolaringologia - Conv\u00eanio Social\",\"isPartOf\":{\"@id\":\"https:\\\/\\\/www.conveniosocial.com.br\\\/blog\\\/#website\"},\"datePublished\":\"2026-03-08T00:00:42+00:00\",\"breadcrumb\":{\"@id\":\"https:\\\/\\\/www.conveniosocial.com.br\\\/blog\\\/otorrinolaringologia\\\/dr-pedro-fragoso-especialista-em-otorrinolaringologia\\\/#breadcrumb\"},\"inLanguage\":\"pt-BR\",\"potentialAction\":[{\"@type\":\"ReadAction\",\"target\":[\"https:\\\/\\\/www.conveniosocial.com.br\\\/blog\\\/otorrinolaringologia\\\/dr-pedro-fragoso-especialista-em-otorrinolaringologia\\\/\"]}]},{\"@type\":\"BreadcrumbList\",\"@id\":\"https:\\\/\\\/www.conveniosocial.com.br\\\/blog\\\/otorrinolaringologia\\\/dr-pedro-fragoso-especialista-em-otorrinolaringologia\\\/#breadcrumb\",\"itemListElement\":[{\"@type\":\"ListItem\",\"position\":1,\"name\":\"Home\",\"item\":\"https:\\\/\\\/www.conveniosocial.com.br\\\/blog\\\/\"},{\"@type\":\"ListItem\",\"position\":2,\"name\":\"Atendimento Humanizado\",\"item\":\"https:\\\/\\\/www.conveniosocial.com.br\\\/blog\\\/atendimento-humanizado\\\/\"},{\"@type\":\"ListItem\",\"position\":3,\"name\":\"Dr. Pedro Fragoso: Especialista em Otorrinolaringologia\"}]},{\"@type\":\"WebSite\",\"@id\":\"https:\\\/\\\/www.conveniosocial.com.br\\\/blog\\\/#website\",\"url\":\"https:\\\/\\\/www.conveniosocial.com.br\\\/blog\\\/\",\"name\":\"Conv\u00eanio Social\",\"description\":\"Informa\u00e7\u00f5es de Sa\u00fade e Bem-estar, Consultas e Exames Popular\",\"publisher\":{\"@id\":\"https:\\\/\\\/www.conveniosocial.com.br\\\/blog\\\/#organization\"},\"potentialAction\":[{\"@type\":\"SearchAction\",\"target\":{\"@type\":\"EntryPoint\",\"urlTemplate\":\"https:\\\/\\\/www.conveniosocial.com.br\\\/blog\\\/?s={search_term_string}\"},\"query-input\":{\"@type\":\"PropertyValueSpecification\",\"valueRequired\":true,\"valueName\":\"search_term_string\"}}],\"inLanguage\":\"pt-BR\"},{\"@type\":\"Organization\",\"@id\":\"https:\\\/\\\/www.conveniosocial.com.br\\\/blog\\\/#organization\",\"name\":\"Conv\u00eanio Social\",\"url\":\"https:\\\/\\\/www.conveniosocial.com.br\\\/blog\\\/\",\"logo\":{\"@type\":\"ImageObject\",\"inLanguage\":\"pt-BR\",\"@id\":\"https:\\\/\\\/www.conveniosocial.com.br\\\/blog\\\/#\\\/schema\\\/logo\\\/image\\\/\",\"url\":\"https:\\\/\\\/www.conveniosocial.com.br\\\/blog\\\/wp-content\\\/uploads\\\/2021\\\/11\\\/novo_logo-convenio-socia-digital.png\",\"contentUrl\":\"https:\\\/\\\/www.conveniosocial.com.br\\\/blog\\\/wp-content\\\/uploads\\\/2021\\\/11\\\/novo_logo-convenio-socia-digital.png\",\"width\":400,\"height\":102,\"caption\":\"Conv\u00eanio Social\"},\"image\":{\"@id\":\"https:\\\/\\\/www.conveniosocial.com.br\\\/blog\\\/#\\\/schema\\\/logo\\\/image\\\/\"}}]}<\/script>\n<!-- \/ Yoast SEO Premium plugin. -->","yoast_head_json":{"title":"Dr. Pedro Fragoso: Especialista em Otorrinolaringologia - Conv\u00eanio Social","robots":{"index":"index","follow":"follow","max-snippet":"max-snippet:-1","max-image-preview":"max-image-preview:large","max-video-preview":"max-video-preview:-1"},"canonical":"https:\/\/www.conveniosocial.com.br\/blog\/otorrinolaringologia\/dr-pedro-fragoso-especialista-em-otorrinolaringologia\/","og_locale":"pt_BR","og_type":"article","og_title":"Dr. Pedro Fragoso: Especialista em Otorrinolaringologia","og_description":"Dr. Pedro Fragoso: Especialista em Otorrinolaringologia A Cl\u00ednica Dr. Pedro Fragoso de Almeida, localizada em Aparecida de Goi\u00e2nia, Goi\u00e1s, \u00e9 um espa\u00e7o dedicado \u00e0 sa\u00fade e bem-estar dos pacientes, com foco na especialidade de Otorrinolaringologia. Sob a responsabilidade do Dr. Pedro Fragoso de Almeida, m\u00e9dico com CRM GO14100, a cl\u00ednica se destaca por oferecer um [&hellip;]","og_url":"https:\/\/www.conveniosocial.com.br\/blog\/otorrinolaringologia\/dr-pedro-fragoso-especialista-em-otorrinolaringologia\/","og_site_name":"Conv\u00eanio Social","article_published_time":"2026-03-08T00:00:42+00:00","twitter_card":"summary_large_image","twitter_misc":{"Est. tempo de leitura":"3 minutos"},"schema":{"@context":"https:\/\/schema.org","@graph":[{"@type":"Article","@id":"https:\/\/www.conveniosocial.com.br\/blog\/otorrinolaringologia\/dr-pedro-fragoso-especialista-em-otorrinolaringologia\/#article","isPartOf":{"@id":"https:\/\/www.conveniosocial.com.br\/blog\/otorrinolaringologia\/dr-pedro-fragoso-especialista-em-otorrinolaringologia\/"},"author":{"name":"","@id":""},"headline":"Dr. Pedro Fragoso: Especialista em Otorrinolaringologia","datePublished":"2026-03-08T00:00:42+00:00","mainEntityOfPage":{"@id":"https:\/\/www.conveniosocial.com.br\/blog\/otorrinolaringologia\/dr-pedro-fragoso-especialista-em-otorrinolaringologia\/"},"wordCount":677,"commentCount":0,"publisher":{"@id":"https:\/\/www.conveniosocial.com.br\/blog\/#organization"},"articleSection":["Atendimento Humanizado","Cl\u00ednica de Sa\u00fade","Otorrinolaringologia"],"inLanguage":"pt-BR"},{"@type":"WebPage","@id":"https:\/\/www.conveniosocial.com.br\/blog\/otorrinolaringologia\/dr-pedro-fragoso-especialista-em-otorrinolaringologia\/","url":"https:\/\/www.conveniosocial.com.br\/blog\/otorrinolaringologia\/dr-pedro-fragoso-especialista-em-otorrinolaringologia\/","name":"Dr. Pedro Fragoso: Especialista em Otorrinolaringologia - Conv\u00eanio Social","isPartOf":{"@id":"https:\/\/www.conveniosocial.com.br\/blog\/#website"},"datePublished":"2026-03-08T00:00:42+00:00","breadcrumb":{"@id":"https:\/\/www.conveniosocial.com.br\/blog\/otorrinolaringologia\/dr-pedro-fragoso-especialista-em-otorrinolaringologia\/#breadcrumb"},"inLanguage":"pt-BR","potentialAction":[{"@type":"ReadAction","target":["https:\/\/www.conveniosocial.com.br\/blog\/otorrinolaringologia\/dr-pedro-fragoso-especialista-em-otorrinolaringologia\/"]}]},{"@type":"BreadcrumbList","@id":"https:\/\/www.conveniosocial.com.br\/blog\/otorrinolaringologia\/dr-pedro-fragoso-especialista-em-otorrinolaringologia\/#breadcrumb","itemListElement":[{"@type":"ListItem","position":1,"name":"Home","item":"https:\/\/www.conveniosocial.com.br\/blog\/"},{"@type":"ListItem","position":2,"name":"Atendimento Humanizado","item":"https:\/\/www.conveniosocial.com.br\/blog\/atendimento-humanizado\/"},{"@type":"ListItem","position":3,"name":"Dr. Pedro Fragoso: Especialista em Otorrinolaringologia"}]},{"@type":"WebSite","@id":"https:\/\/www.conveniosocial.com.br\/blog\/#website","url":"https:\/\/www.conveniosocial.com.br\/blog\/","name":"Conv\u00eanio Social","description":"Informa\u00e7\u00f5es de Sa\u00fade e Bem-estar, Consultas e Exames Popular","publisher":{"@id":"https:\/\/www.conveniosocial.com.br\/blog\/#organization"},"potentialAction":[{"@type":"SearchAction","target":{"@type":"EntryPoint","urlTemplate":"https:\/\/www.conveniosocial.com.br\/blog\/?s={search_term_string}"},"query-input":{"@type":"PropertyValueSpecification","valueRequired":true,"valueName":"search_term_string"}}],"inLanguage":"pt-BR"},{"@type":"Organization","@id":"https:\/\/www.conveniosocial.com.br\/blog\/#organization","name":"Conv\u00eanio Social","url":"https:\/\/www.conveniosocial.com.br\/blog\/","logo":{"@type":"ImageObject","inLanguage":"pt-BR","@id":"https:\/\/www.conveniosocial.com.br\/blog\/#\/schema\/logo\/image\/","url":"https:\/\/www.conveniosocial.com.br\/blog\/wp-content\/uploads\/2021\/11\/novo_logo-convenio-socia-digital.png","contentUrl":"https:\/\/www.conveniosocial.com.br\/blog\/wp-content\/uploads\/2021\/11\/novo_logo-convenio-socia-digital.png","width":400,"height":102,"caption":"Conv\u00eanio Social"},"image":{"@id":"https:\/\/www.conveniosocial.com.br\/blog\/#\/schema\/logo\/image\/"}}]}},"_links":{"self":[{"href":"https:\/\/www.conveniosocial.com.br\/blog\/wp-json\/wp\/v2\/posts\/152173","targetHints":{"allow":["GET"]}}],"collection":[{"href":"https:\/\/www.conveniosocial.com.br\/blog\/wp-json\/wp\/v2\/posts"}],"about":[{"href":"https:\/\/www.conveniosocial.com.br\/blog\/wp-json\/wp\/v2\/types\/post"}],"replies":[{"embeddable":true,"href":"https:\/\/www.conveniosocial.com.br\/blog\/wp-json\/wp\/v2\/comments?post=152173"}],"version-history":[{"count":0,"href":"https:\/\/www.conveniosocial.com.br\/blog\/wp-json\/wp\/v2\/posts\/152173\/revisions"}],"wp:attachment":[{"href":"https:\/\/www.conveniosocial.com.br\/blog\/wp-json\/wp\/v2\/media?parent=152173"}],"wp:term":[{"taxonomy":"category","embeddable":true,"href":"https:\/\/www.conveniosocial.com.br\/blog\/wp-json\/wp\/v2\/categories?post=152173"},{"taxonomy":"post_tag","embeddable":true,"href":"https:\/\/www.conveniosocial.com.br\/blog\/wp-json\/wp\/v2\/tags?post=152173"}],"curies":[{"name":"wp","href":"https:\/\/api.w.org\/{rel}","templated":true}]}}