{"id":152214,"date":"2026-03-08T21:00:37","date_gmt":"2026-03-09T00:00:37","guid":{"rendered":"https:\/\/www.conveniosocial.com.br\/blog\/nehuma\/clinica-de-estetica-em-vitoria-dra-ana-flavia-moll\/"},"modified":"2026-03-08T21:00:37","modified_gmt":"2026-03-09T00:00:37","slug":"clinica-de-estetica-em-vitoria-dra-ana-flavia-moll","status":"publish","type":"post","link":"https:\/\/www.conveniosocial.com.br\/blog\/rejuvenescimento-facial\/clinica-de-estetica-em-vitoria-dra-ana-flavia-moll\/","title":{"rendered":"Cl\u00ednica de Est\u00e9tica em Vit\u00f3ria &#8211; Dra. Ana Fl\u00e1via Moll"},"content":{"rendered":"<div id=\"ez-toc-container\" class=\"ez-toc-v2_0_82_2 counter-flat ez-toc-counter ez-toc-white ez-toc-container-direction\">\n<p class=\"ez-toc-title\" style=\"cursor:inherit\">\u00cdndice do Conte\u00fado<\/p>\n<label for=\"ez-toc-cssicon-toggle-item-69f5ac7532f59\" class=\"ez-toc-cssicon-toggle-label\"><span class=\"ez-toc-cssicon\"><span class=\"eztoc-hide\" style=\"display:none;\">Toggle<\/span><span class=\"ez-toc-icon-toggle-span\"><svg style=\"fill: #999;color:#999\" xmlns=\"http:\/\/www.w3.org\/2000\/svg\" class=\"list-377408\" width=\"20px\" height=\"20px\" viewBox=\"0 0 24 24\" fill=\"none\"><path d=\"M6 6H4v2h2V6zm14 0H8v2h12V6zM4 11h2v2H4v-2zm16 0H8v2h12v-2zM4 16h2v2H4v-2zm16 0H8v2h12v-2z\" fill=\"currentColor\"><\/path><\/svg><svg style=\"fill: #999;color:#999\" class=\"arrow-unsorted-368013\" xmlns=\"http:\/\/www.w3.org\/2000\/svg\" width=\"10px\" height=\"10px\" viewBox=\"0 0 24 24\" version=\"1.2\" baseProfile=\"tiny\"><path d=\"M18.2 9.3l-6.2-6.3-6.2 6.3c-.2.2-.3.4-.3.7s.1.5.3.7c.2.2.4.3.7.3h11c.3 0 .5-.1.7-.3.2-.2.3-.5.3-.7s-.1-.5-.3-.7zM5.8 14.7l6.2 6.3 6.2-6.3c.2-.2.3-.5.3-.7s-.1-.5-.3-.7c-.2-.2-.4-.3-.7-.3h-11c-.3 0-.5.1-.7.3-.2.2-.3.5-.3.7s.1.5.3.7z\"\/><\/svg><\/span><\/span><\/label><input type=\"checkbox\"  id=\"ez-toc-cssicon-toggle-item-69f5ac7532f59\" checked aria-label=\"Alternar\" \/><nav><ul class='ez-toc-list ez-toc-list-level-1 ' ><li class='ez-toc-page-1'><a class=\"ez-toc-link ez-toc-heading-1\" href=\"https:\/\/www.conveniosocial.com.br\/blog\/rejuvenescimento-facial\/clinica-de-estetica-em-vitoria-dra-ana-flavia-moll\/#Clinica_de_Estetica_em_Vitoria_%E2%80%93_Dra_Ana_Flavia_Moll\" >Cl\u00ednica de Est\u00e9tica em Vit\u00f3ria &#8211; Dra. Ana Fl\u00e1via Moll<\/a><\/li><li class='ez-toc-page-1'><a class=\"ez-toc-link ez-toc-heading-2\" href=\"https:\/\/www.conveniosocial.com.br\/blog\/rejuvenescimento-facial\/clinica-de-estetica-em-vitoria-dra-ana-flavia-moll\/#Perguntas_Frequentes\" >Perguntas Frequentes<\/a><\/li><li class='ez-toc-page-1'><a class=\"ez-toc-link ez-toc-heading-3\" href=\"https:\/\/www.conveniosocial.com.br\/blog\/rejuvenescimento-facial\/clinica-de-estetica-em-vitoria-dra-ana-flavia-moll\/#Contato\" >Contato<\/a><\/li><\/ul><\/nav><\/div>\n<h2><span class=\"ez-toc-section\" id=\"Clinica_de_Estetica_em_Vitoria_%E2%80%93_Dra_Ana_Flavia_Moll\"><\/span>Cl\u00ednica de Est\u00e9tica em Vit\u00f3ria &#8211; Dra. Ana Fl\u00e1via Moll<span class=\"ez-toc-section-end\"><\/span><\/h2>\n<p>A Cl\u00ednica Dra. Ana Fl\u00e1via Lemos da Cunha Moll est\u00e1 localizada em Praia do Canto, um dos bairros mais charmosos de Vit\u00f3ria, ES. Especializada em dermatologia est\u00e9tica, a cl\u00ednica oferece tratamentos de alta qualidade, com um enfoque em peelings qu\u00edmicos e rejuvenescimento facial. Sob a responsabilidade da experiente Dra. Ana Fl\u00e1via, registrada no CRM 10963-ES e com RQE N\u00ba 6962, a cl\u00ednica se destaca por seu atendimento humanizado e acolhedor, sempre buscando o melhor para seus pacientes.<\/p>\n<p>A Dra. Ana Fl\u00e1via \u00e9 uma profissional reconhecida na \u00e1rea, com vasta experi\u00eancia em tratamentos est\u00e9ticos que visam n\u00e3o apenas a beleza, mas tamb\u00e9m a sa\u00fade da pele. Os peelings qu\u00edmicos, oferecidos na cl\u00ednica, s\u00e3o uma excelente op\u00e7\u00e3o para quem busca melhorar a textura e a apar\u00eancia da pele, reduzindo manchas e sinais de envelhecimento. Al\u00e9m disso, a aplica\u00e7\u00e3o de toxina botul\u00ednica \u00e9 um dos servi\u00e7os mais procurados, proporcionando resultados naturais e satisfat\u00f3rios, que ajudam a rejuvenescer a apar\u00eancia sem a necessidade de procedimentos invasivos.<\/p>\n<p>A localiza\u00e7\u00e3o da cl\u00ednica \u00e9 um ponto forte, com f\u00e1cil acesso para moradores de bairros pr\u00f3ximos como Jardim da Penha, Santa Helena, Santa L\u00facia, Mata da Praia, Barro Vermelho, Enseada do Sua e Camburi. A cl\u00ednica atende de segunda a sexta, das 09:00 \u00e0s 19:00 horas, oferecendo flexibilidade para que os pacientes possam agendar suas consultas e tratamentos de acordo com suas necessidades.<\/p>\n<p>Os conv\u00eanios aceitos incluem a Unimed, facilitando o acesso a tratamentos est\u00e9ticos de qualidade para um maior n\u00famero de pacientes. A cl\u00ednica valoriza a transpar\u00eancia e o conforto em todas as etapas do atendimento, desde a consulta inicial at\u00e9 o acompanhamento p\u00f3s-tratamento. O compromisso com a \u00e9tica e a seguran\u00e7a \u00e9 uma prioridade, garantindo que todos os procedimentos sejam realizados com os mais altos padr\u00f5es de qualidade e cuidado.<\/p>\n<p>Com um ambiente acolhedor e uma equipe dedicada, a Cl\u00ednica Dra. Ana Fl\u00e1via Lemos da Cunha Moll oferece uma experi\u00eancia \u00fanica e satisfat\u00f3ria para quem busca cuidar da beleza e da sa\u00fade da pele. Para mais informa\u00e7\u00f5es sobre os servi\u00e7os, agendamentos ou d\u00favidas, os pacientes podem entrar em contato diretamente com a cl\u00ednica. Acompanhe tamb\u00e9m as novidades e dicas de cuidados com a pele pelo Instagram da Dra. Ana Fl\u00e1via, onde s\u00e3o compartilhados conte\u00fados relevantes e promocionais. A cl\u00ednica \u00e9 um verdadeiro ref\u00fagio para quem deseja um atendimento diferenciado e resultados eficazes em est\u00e9tica facial.<\/p>\n<h3><span class=\"ez-toc-section\" id=\"Perguntas_Frequentes\"><\/span>Perguntas Frequentes<span class=\"ez-toc-section-end\"><\/span><\/h3>\n<p>P: Quais tratamentos est\u00e9ticos s\u00e3o oferecidos na cl\u00ednica?<br \/>\nR: A cl\u00ednica oferece peelings qu\u00edmicos e aplica\u00e7\u00e3o de toxina botul\u00ednica, focando em rejuvenescimento facial.<\/p>\n<p>P: Onde a cl\u00ednica est\u00e1 localizada?<br \/>\nR: A cl\u00ednica est\u00e1 situada em Praia do Canto, Vit\u00f3ria &#8211; ES, com f\u00e1cil acesso para bairros pr\u00f3ximos.<\/p>\n<p>P: Quais s\u00e3o os hor\u00e1rios de atendimento?<br \/>\nR: A cl\u00ednica atende de segunda a sexta-feira, das 09:00 \u00e0s 19:00 horas.<\/p>\n<p>P: A cl\u00ednica aceita conv\u00eanios?<br \/>\nR: Sim, a cl\u00ednica aceita conv\u00eanios, incluindo a Unimed.<\/p>\n<p>P: Quem \u00e9 a respons\u00e1vel t\u00e9cnica da cl\u00ednica?<br \/>\nR: A respons\u00e1vel t\u00e9cnica \u00e9 a Dra. Ana Fl\u00e1via Lemos da Cunha Moll, CRM 10963-ES.<\/p>\n<p>P: Como posso agendar uma consulta?<br \/>\nR: Para agendar uma consulta, entre em contato pelo telefone da cl\u00ednica, que ser\u00e1 informado ao paciente.<\/p>\n<p>P: Quais s\u00e3o os benef\u00edcios do peeling qu\u00edmico?<br \/>\nR: O peeling qu\u00edmico melhora a textura da pele, reduz manchas e sinais de envelhecimento, proporcionando um aspecto mais saud\u00e1vel e rejuvenescido.<\/p>\n<p>P: A aplica\u00e7\u00e3o de toxina botul\u00ednica \u00e9 segura?<br \/>\nR: Sim, a aplica\u00e7\u00e3o de toxina botul\u00ednica \u00e9 um procedimento seguro quando realizado por um profissional qualificado, como a Dra. Ana Fl\u00e1via.<\/p>\n<p>P: Quais cuidados devo ter ap\u00f3s um tratamento est\u00e9tico?<br \/>\nR: \u00c9 importante seguir as orienta\u00e7\u00f5es do profissional, evitar exposi\u00e7\u00e3o solar intensa e manter uma rotina de cuidados com a pele.<\/p>\n<p>P: A cl\u00ednica oferece acompanhamento p\u00f3s-tratamento?<br \/>\nR: Sim, a cl\u00ednica oferece acompanhamento p\u00f3s-tratamento para garantir a satisfa\u00e7\u00e3o e seguran\u00e7a dos pacientes.<\/p>\n<h3><span class=\"ez-toc-section\" id=\"Contato\"><\/span>Contato<span class=\"ez-toc-section-end\"><\/span><\/h3>\n<p><strong>Tel.:  | <\/strong><br \/>\n<strong>WhatsApp: &#8211; <\/strong><\/p>\n","protected":false},"excerpt":{"rendered":"<p>Cl\u00ednica de Est\u00e9tica em Vit\u00f3ria &#8211; Dra. Ana Fl\u00e1via Moll A Cl\u00ednica Dra. Ana Fl\u00e1via Lemos da Cunha Moll est\u00e1 localizada em Praia do Canto, um dos bairros mais charmosos de Vit\u00f3ria, ES. Especializada em dermatologia est\u00e9tica, a cl\u00ednica oferece tratamentos de alta qualidade, com um enfoque em peelings qu\u00edmicos e rejuvenescimento facial. Sob a [&hellip;]<\/p>\n","protected":false},"author":0,"featured_media":0,"comment_status":"open","ping_status":"open","sticky":false,"template":"","format":"standard","meta":{"_et_pb_use_builder":"o","_et_pb_old_content":"","_et_gb_content_width":"","footnotes":""},"categories":[1643,2487,1364],"tags":[],"class_list":["post-152214","post","type-post","status-publish","format-standard","hentry","category-dermatologia-estetica","category-peelings-quimicos","category-rejuvenescimento-facial"],"yoast_head":"<!-- This site is optimized with the Yoast SEO Premium plugin v21.3 (Yoast SEO v27.5) - https:\/\/yoast.com\/product\/yoast-seo-premium-wordpress\/ -->\n<title>Cl\u00ednica de Est\u00e9tica em Vit\u00f3ria - Dra. Ana Fl\u00e1via Moll - Conv\u00eanio Social<\/title>\n<meta name=\"robots\" content=\"index, follow, max-snippet:-1, max-image-preview:large, max-video-preview:-1\" \/>\n<link rel=\"canonical\" href=\"https:\/\/www.conveniosocial.com.br\/blog\/rejuvenescimento-facial\/clinica-de-estetica-em-vitoria-dra-ana-flavia-moll\/\" \/>\n<meta property=\"og:locale\" content=\"pt_BR\" \/>\n<meta property=\"og:type\" content=\"article\" \/>\n<meta property=\"og:title\" content=\"Cl\u00ednica de Est\u00e9tica em Vit\u00f3ria - Dra. Ana Fl\u00e1via Moll\" \/>\n<meta property=\"og:description\" content=\"Cl\u00ednica de Est\u00e9tica em Vit\u00f3ria - Dra. Ana Fl\u00e1via Moll A Cl\u00ednica Dra. Ana Fl\u00e1via Lemos da Cunha Moll est\u00e1 localizada em Praia do Canto, um dos bairros mais charmosos de Vit\u00f3ria, ES. Especializada em dermatologia est\u00e9tica, a cl\u00ednica oferece tratamentos de alta qualidade, com um enfoque em peelings qu\u00edmicos e rejuvenescimento facial. Sob a [&hellip;]\" \/>\n<meta property=\"og:url\" content=\"https:\/\/www.conveniosocial.com.br\/blog\/rejuvenescimento-facial\/clinica-de-estetica-em-vitoria-dra-ana-flavia-moll\/\" \/>\n<meta property=\"og:site_name\" content=\"Conv\u00eanio Social\" \/>\n<meta property=\"article:published_time\" content=\"2026-03-09T00:00:37+00:00\" \/>\n<meta name=\"twitter:card\" content=\"summary_large_image\" \/>\n<meta name=\"twitter:label1\" content=\"Est. tempo de leitura\" \/>\n\t<meta name=\"twitter:data1\" content=\"4 minutos\" \/>\n<script type=\"application\/ld+json\" class=\"yoast-schema-graph\">{\"@context\":\"https:\\\/\\\/schema.org\",\"@graph\":[{\"@type\":\"Article\",\"@id\":\"https:\\\/\\\/www.conveniosocial.com.br\\\/blog\\\/rejuvenescimento-facial\\\/clinica-de-estetica-em-vitoria-dra-ana-flavia-moll\\\/#article\",\"isPartOf\":{\"@id\":\"https:\\\/\\\/www.conveniosocial.com.br\\\/blog\\\/rejuvenescimento-facial\\\/clinica-de-estetica-em-vitoria-dra-ana-flavia-moll\\\/\"},\"author\":{\"name\":\"\",\"@id\":\"\"},\"headline\":\"Cl\u00ednica de Est\u00e9tica em Vit\u00f3ria &#8211; Dra. Ana Fl\u00e1via Moll\",\"datePublished\":\"2026-03-09T00:00:37+00:00\",\"mainEntityOfPage\":{\"@id\":\"https:\\\/\\\/www.conveniosocial.com.br\\\/blog\\\/rejuvenescimento-facial\\\/clinica-de-estetica-em-vitoria-dra-ana-flavia-moll\\\/\"},\"wordCount\":746,\"commentCount\":0,\"publisher\":{\"@id\":\"https:\\\/\\\/www.conveniosocial.com.br\\\/blog\\\/#organization\"},\"articleSection\":[\"Dermatologia Est\u00e9tica\",\"Peelings Qu\u00edmicos\",\"Rejuvenescimento Facial\"],\"inLanguage\":\"pt-BR\"},{\"@type\":\"WebPage\",\"@id\":\"https:\\\/\\\/www.conveniosocial.com.br\\\/blog\\\/rejuvenescimento-facial\\\/clinica-de-estetica-em-vitoria-dra-ana-flavia-moll\\\/\",\"url\":\"https:\\\/\\\/www.conveniosocial.com.br\\\/blog\\\/rejuvenescimento-facial\\\/clinica-de-estetica-em-vitoria-dra-ana-flavia-moll\\\/\",\"name\":\"Cl\u00ednica de Est\u00e9tica em Vit\u00f3ria - Dra. Ana Fl\u00e1via Moll - Conv\u00eanio Social\",\"isPartOf\":{\"@id\":\"https:\\\/\\\/www.conveniosocial.com.br\\\/blog\\\/#website\"},\"datePublished\":\"2026-03-09T00:00:37+00:00\",\"breadcrumb\":{\"@id\":\"https:\\\/\\\/www.conveniosocial.com.br\\\/blog\\\/rejuvenescimento-facial\\\/clinica-de-estetica-em-vitoria-dra-ana-flavia-moll\\\/#breadcrumb\"},\"inLanguage\":\"pt-BR\",\"potentialAction\":[{\"@type\":\"ReadAction\",\"target\":[\"https:\\\/\\\/www.conveniosocial.com.br\\\/blog\\\/rejuvenescimento-facial\\\/clinica-de-estetica-em-vitoria-dra-ana-flavia-moll\\\/\"]}]},{\"@type\":\"BreadcrumbList\",\"@id\":\"https:\\\/\\\/www.conveniosocial.com.br\\\/blog\\\/rejuvenescimento-facial\\\/clinica-de-estetica-em-vitoria-dra-ana-flavia-moll\\\/#breadcrumb\",\"itemListElement\":[{\"@type\":\"ListItem\",\"position\":1,\"name\":\"Home\",\"item\":\"https:\\\/\\\/www.conveniosocial.com.br\\\/blog\\\/\"},{\"@type\":\"ListItem\",\"position\":2,\"name\":\"Dermatologia Est\u00e9tica\",\"item\":\"https:\\\/\\\/www.conveniosocial.com.br\\\/blog\\\/dermatologia-estetica\\\/\"},{\"@type\":\"ListItem\",\"position\":3,\"name\":\"Cl\u00ednica de Est\u00e9tica em Vit\u00f3ria &#8211; Dra. Ana Fl\u00e1via Moll\"}]},{\"@type\":\"WebSite\",\"@id\":\"https:\\\/\\\/www.conveniosocial.com.br\\\/blog\\\/#website\",\"url\":\"https:\\\/\\\/www.conveniosocial.com.br\\\/blog\\\/\",\"name\":\"Conv\u00eanio Social\",\"description\":\"Informa\u00e7\u00f5es de Sa\u00fade e Bem-estar, Consultas e Exames Popular\",\"publisher\":{\"@id\":\"https:\\\/\\\/www.conveniosocial.com.br\\\/blog\\\/#organization\"},\"potentialAction\":[{\"@type\":\"SearchAction\",\"target\":{\"@type\":\"EntryPoint\",\"urlTemplate\":\"https:\\\/\\\/www.conveniosocial.com.br\\\/blog\\\/?s={search_term_string}\"},\"query-input\":{\"@type\":\"PropertyValueSpecification\",\"valueRequired\":true,\"valueName\":\"search_term_string\"}}],\"inLanguage\":\"pt-BR\"},{\"@type\":\"Organization\",\"@id\":\"https:\\\/\\\/www.conveniosocial.com.br\\\/blog\\\/#organization\",\"name\":\"Conv\u00eanio Social\",\"url\":\"https:\\\/\\\/www.conveniosocial.com.br\\\/blog\\\/\",\"logo\":{\"@type\":\"ImageObject\",\"inLanguage\":\"pt-BR\",\"@id\":\"https:\\\/\\\/www.conveniosocial.com.br\\\/blog\\\/#\\\/schema\\\/logo\\\/image\\\/\",\"url\":\"https:\\\/\\\/www.conveniosocial.com.br\\\/blog\\\/wp-content\\\/uploads\\\/2021\\\/11\\\/novo_logo-convenio-socia-digital.png\",\"contentUrl\":\"https:\\\/\\\/www.conveniosocial.com.br\\\/blog\\\/wp-content\\\/uploads\\\/2021\\\/11\\\/novo_logo-convenio-socia-digital.png\",\"width\":400,\"height\":102,\"caption\":\"Conv\u00eanio Social\"},\"image\":{\"@id\":\"https:\\\/\\\/www.conveniosocial.com.br\\\/blog\\\/#\\\/schema\\\/logo\\\/image\\\/\"}}]}<\/script>\n<!-- \/ Yoast SEO Premium plugin. -->","yoast_head_json":{"title":"Cl\u00ednica de Est\u00e9tica em Vit\u00f3ria - Dra. Ana Fl\u00e1via Moll - Conv\u00eanio Social","robots":{"index":"index","follow":"follow","max-snippet":"max-snippet:-1","max-image-preview":"max-image-preview:large","max-video-preview":"max-video-preview:-1"},"canonical":"https:\/\/www.conveniosocial.com.br\/blog\/rejuvenescimento-facial\/clinica-de-estetica-em-vitoria-dra-ana-flavia-moll\/","og_locale":"pt_BR","og_type":"article","og_title":"Cl\u00ednica de Est\u00e9tica em Vit\u00f3ria - Dra. Ana Fl\u00e1via Moll","og_description":"Cl\u00ednica de Est\u00e9tica em Vit\u00f3ria - Dra. Ana Fl\u00e1via Moll A Cl\u00ednica Dra. Ana Fl\u00e1via Lemos da Cunha Moll est\u00e1 localizada em Praia do Canto, um dos bairros mais charmosos de Vit\u00f3ria, ES. Especializada em dermatologia est\u00e9tica, a cl\u00ednica oferece tratamentos de alta qualidade, com um enfoque em peelings qu\u00edmicos e rejuvenescimento facial. Sob a [&hellip;]","og_url":"https:\/\/www.conveniosocial.com.br\/blog\/rejuvenescimento-facial\/clinica-de-estetica-em-vitoria-dra-ana-flavia-moll\/","og_site_name":"Conv\u00eanio Social","article_published_time":"2026-03-09T00:00:37+00:00","twitter_card":"summary_large_image","twitter_misc":{"Est. tempo de leitura":"4 minutos"},"schema":{"@context":"https:\/\/schema.org","@graph":[{"@type":"Article","@id":"https:\/\/www.conveniosocial.com.br\/blog\/rejuvenescimento-facial\/clinica-de-estetica-em-vitoria-dra-ana-flavia-moll\/#article","isPartOf":{"@id":"https:\/\/www.conveniosocial.com.br\/blog\/rejuvenescimento-facial\/clinica-de-estetica-em-vitoria-dra-ana-flavia-moll\/"},"author":{"name":"","@id":""},"headline":"Cl\u00ednica de Est\u00e9tica em Vit\u00f3ria &#8211; Dra. Ana Fl\u00e1via Moll","datePublished":"2026-03-09T00:00:37+00:00","mainEntityOfPage":{"@id":"https:\/\/www.conveniosocial.com.br\/blog\/rejuvenescimento-facial\/clinica-de-estetica-em-vitoria-dra-ana-flavia-moll\/"},"wordCount":746,"commentCount":0,"publisher":{"@id":"https:\/\/www.conveniosocial.com.br\/blog\/#organization"},"articleSection":["Dermatologia Est\u00e9tica","Peelings Qu\u00edmicos","Rejuvenescimento Facial"],"inLanguage":"pt-BR"},{"@type":"WebPage","@id":"https:\/\/www.conveniosocial.com.br\/blog\/rejuvenescimento-facial\/clinica-de-estetica-em-vitoria-dra-ana-flavia-moll\/","url":"https:\/\/www.conveniosocial.com.br\/blog\/rejuvenescimento-facial\/clinica-de-estetica-em-vitoria-dra-ana-flavia-moll\/","name":"Cl\u00ednica de Est\u00e9tica em Vit\u00f3ria - Dra. Ana Fl\u00e1via Moll - Conv\u00eanio Social","isPartOf":{"@id":"https:\/\/www.conveniosocial.com.br\/blog\/#website"},"datePublished":"2026-03-09T00:00:37+00:00","breadcrumb":{"@id":"https:\/\/www.conveniosocial.com.br\/blog\/rejuvenescimento-facial\/clinica-de-estetica-em-vitoria-dra-ana-flavia-moll\/#breadcrumb"},"inLanguage":"pt-BR","potentialAction":[{"@type":"ReadAction","target":["https:\/\/www.conveniosocial.com.br\/blog\/rejuvenescimento-facial\/clinica-de-estetica-em-vitoria-dra-ana-flavia-moll\/"]}]},{"@type":"BreadcrumbList","@id":"https:\/\/www.conveniosocial.com.br\/blog\/rejuvenescimento-facial\/clinica-de-estetica-em-vitoria-dra-ana-flavia-moll\/#breadcrumb","itemListElement":[{"@type":"ListItem","position":1,"name":"Home","item":"https:\/\/www.conveniosocial.com.br\/blog\/"},{"@type":"ListItem","position":2,"name":"Dermatologia Est\u00e9tica","item":"https:\/\/www.conveniosocial.com.br\/blog\/dermatologia-estetica\/"},{"@type":"ListItem","position":3,"name":"Cl\u00ednica de Est\u00e9tica em Vit\u00f3ria &#8211; Dra. Ana Fl\u00e1via Moll"}]},{"@type":"WebSite","@id":"https:\/\/www.conveniosocial.com.br\/blog\/#website","url":"https:\/\/www.conveniosocial.com.br\/blog\/","name":"Conv\u00eanio Social","description":"Informa\u00e7\u00f5es de Sa\u00fade e Bem-estar, Consultas e Exames Popular","publisher":{"@id":"https:\/\/www.conveniosocial.com.br\/blog\/#organization"},"potentialAction":[{"@type":"SearchAction","target":{"@type":"EntryPoint","urlTemplate":"https:\/\/www.conveniosocial.com.br\/blog\/?s={search_term_string}"},"query-input":{"@type":"PropertyValueSpecification","valueRequired":true,"valueName":"search_term_string"}}],"inLanguage":"pt-BR"},{"@type":"Organization","@id":"https:\/\/www.conveniosocial.com.br\/blog\/#organization","name":"Conv\u00eanio Social","url":"https:\/\/www.conveniosocial.com.br\/blog\/","logo":{"@type":"ImageObject","inLanguage":"pt-BR","@id":"https:\/\/www.conveniosocial.com.br\/blog\/#\/schema\/logo\/image\/","url":"https:\/\/www.conveniosocial.com.br\/blog\/wp-content\/uploads\/2021\/11\/novo_logo-convenio-socia-digital.png","contentUrl":"https:\/\/www.conveniosocial.com.br\/blog\/wp-content\/uploads\/2021\/11\/novo_logo-convenio-socia-digital.png","width":400,"height":102,"caption":"Conv\u00eanio Social"},"image":{"@id":"https:\/\/www.conveniosocial.com.br\/blog\/#\/schema\/logo\/image\/"}}]}},"_links":{"self":[{"href":"https:\/\/www.conveniosocial.com.br\/blog\/wp-json\/wp\/v2\/posts\/152214","targetHints":{"allow":["GET"]}}],"collection":[{"href":"https:\/\/www.conveniosocial.com.br\/blog\/wp-json\/wp\/v2\/posts"}],"about":[{"href":"https:\/\/www.conveniosocial.com.br\/blog\/wp-json\/wp\/v2\/types\/post"}],"replies":[{"embeddable":true,"href":"https:\/\/www.conveniosocial.com.br\/blog\/wp-json\/wp\/v2\/comments?post=152214"}],"version-history":[{"count":0,"href":"https:\/\/www.conveniosocial.com.br\/blog\/wp-json\/wp\/v2\/posts\/152214\/revisions"}],"wp:attachment":[{"href":"https:\/\/www.conveniosocial.com.br\/blog\/wp-json\/wp\/v2\/media?parent=152214"}],"wp:term":[{"taxonomy":"category","embeddable":true,"href":"https:\/\/www.conveniosocial.com.br\/blog\/wp-json\/wp\/v2\/categories?post=152214"},{"taxonomy":"post_tag","embeddable":true,"href":"https:\/\/www.conveniosocial.com.br\/blog\/wp-json\/wp\/v2\/tags?post=152214"}],"curies":[{"name":"wp","href":"https:\/\/api.w.org\/{rel}","templated":true}]}}