{"id":152217,"date":"2026-03-08T21:00:37","date_gmt":"2026-03-09T00:00:37","guid":{"rendered":"https:\/\/www.conveniosocial.com.br\/blog\/nehuma\/dra-juliana-quintas-estetica-facial-em-serra-es\/"},"modified":"2026-03-08T21:00:37","modified_gmt":"2026-03-09T00:00:37","slug":"dra-juliana-quintas-estetica-facial-em-serra-es","status":"publish","type":"post","link":"https:\/\/www.conveniosocial.com.br\/blog\/estetica-facial\/dra-juliana-quintas-estetica-facial-em-serra-es\/","title":{"rendered":"Dra. Juliana Quintas: Est\u00e9tica Facial em Serra, ES"},"content":{"rendered":"<div id=\"ez-toc-container\" class=\"ez-toc-v2_0_82_2 counter-flat ez-toc-counter ez-toc-white ez-toc-container-direction\">\n<p class=\"ez-toc-title\" style=\"cursor:inherit\">\u00cdndice do Conte\u00fado<\/p>\n<label for=\"ez-toc-cssicon-toggle-item-69ef7b36b291f\" class=\"ez-toc-cssicon-toggle-label\"><span class=\"ez-toc-cssicon\"><span class=\"eztoc-hide\" style=\"display:none;\">Toggle<\/span><span class=\"ez-toc-icon-toggle-span\"><svg style=\"fill: #999;color:#999\" xmlns=\"http:\/\/www.w3.org\/2000\/svg\" class=\"list-377408\" width=\"20px\" height=\"20px\" viewBox=\"0 0 24 24\" fill=\"none\"><path d=\"M6 6H4v2h2V6zm14 0H8v2h12V6zM4 11h2v2H4v-2zm16 0H8v2h12v-2zM4 16h2v2H4v-2zm16 0H8v2h12v-2z\" fill=\"currentColor\"><\/path><\/svg><svg style=\"fill: #999;color:#999\" class=\"arrow-unsorted-368013\" xmlns=\"http:\/\/www.w3.org\/2000\/svg\" width=\"10px\" height=\"10px\" viewBox=\"0 0 24 24\" version=\"1.2\" baseProfile=\"tiny\"><path d=\"M18.2 9.3l-6.2-6.3-6.2 6.3c-.2.2-.3.4-.3.7s.1.5.3.7c.2.2.4.3.7.3h11c.3 0 .5-.1.7-.3.2-.2.3-.5.3-.7s-.1-.5-.3-.7zM5.8 14.7l6.2 6.3 6.2-6.3c.2-.2.3-.5.3-.7s-.1-.5-.3-.7c-.2-.2-.4-.3-.7-.3h-11c-.3 0-.5.1-.7.3-.2.2-.3.5-.3.7s.1.5.3.7z\"\/><\/svg><\/span><\/span><\/label><input type=\"checkbox\"  id=\"ez-toc-cssicon-toggle-item-69ef7b36b291f\" checked aria-label=\"Alternar\" \/><nav><ul class='ez-toc-list ez-toc-list-level-1 ' ><li class='ez-toc-page-1'><a class=\"ez-toc-link ez-toc-heading-1\" href=\"https:\/\/www.conveniosocial.com.br\/blog\/estetica-facial\/dra-juliana-quintas-estetica-facial-em-serra-es\/#Dra_Juliana_Quintas_Estetica_Facial_em_Serra_ES\" >Dra. Juliana Quintas: Est\u00e9tica Facial em Serra, ES<\/a><\/li><li class='ez-toc-page-1'><a class=\"ez-toc-link ez-toc-heading-2\" href=\"https:\/\/www.conveniosocial.com.br\/blog\/estetica-facial\/dra-juliana-quintas-estetica-facial-em-serra-es\/#Perguntas_Frequentes\" >Perguntas Frequentes<\/a><\/li><li class='ez-toc-page-1'><a class=\"ez-toc-link ez-toc-heading-3\" href=\"https:\/\/www.conveniosocial.com.br\/blog\/estetica-facial\/dra-juliana-quintas-estetica-facial-em-serra-es\/#Contato\" >Contato<\/a><\/li><\/ul><\/nav><\/div>\n<h2><span class=\"ez-toc-section\" id=\"Dra_Juliana_Quintas_Estetica_Facial_em_Serra_ES\"><\/span>Dra. Juliana Quintas: Est\u00e9tica Facial em Serra, ES<span class=\"ez-toc-section-end\"><\/span><\/h2>\n<p>A Cl\u00ednica Dra. Juliana Quintas, localizada no Conjunto Carapina I, em Serra, ES, \u00e9 um espa\u00e7o dedicado ao cuidado da beleza e sa\u00fade da pele, oferecendo um atendimento humanizado e profissional. Sob a responsabilidade t\u00e9cnica da renomada Dra. Juliana Quintas, CRM ES 14842, nossa cl\u00ednica se destaca pela excel\u00eancia em tratamentos est\u00e9ticos, sempre priorizando o bem-estar e a satisfa\u00e7\u00e3o dos nossos pacientes. <\/p>\n<p>Com um portf\u00f3lio diversificado, a cl\u00ednica oferece especialidades como microagulhamento, aplica\u00e7\u00e3o de bioremodelador Profhilo, enzimas, bioestimulador de col\u00e1geno, Botox, mesoterapia capilar, microinfus\u00e3o de medicamentos na pele (MMP) e peelings qu\u00edmicos. Cada um desses procedimentos \u00e9 realizado com t\u00e9cnicas atualizadas e seguras, visando resultados naturais e eficazes. <\/p>\n<p>A localiza\u00e7\u00e3o da cl\u00ednica \u00e9 um dos nossos diferenciais, pois estamos situados em uma \u00e1rea de f\u00e1cil acesso, pr\u00f3ximos a bairros como Bairro de F\u00e1tima, Carapina, Jardim Camburi, Maria Ortiz, Jabour, Nova Carapina, Jardim Carapina, Jardim Tropical e Jardim Limoeiro. Dessa forma, nossos pacientes podem nos visitar sem dificuldades, aproveitando a conveni\u00eancia de um atendimento agendado online, especialmente para aqueles que possuem conv\u00eanios como Banescaixa e Medprev.<\/p>\n<p>Nosso hor\u00e1rio de atendimento \u00e9 de segunda a sexta, das 09:00 \u00e0s 18:00 horas, o que facilita que nossos pacientes encontrem um hor\u00e1rio que se encaixe em sua rotina. Na Cl\u00ednica Dra. Juliana Quintas, nos comprometemos a proporcionar uma experi\u00eancia acolhedora, onde cada paciente \u00e9 tratado com aten\u00e7\u00e3o e respeito. <\/p>\n<p>Al\u00e9m dos servi\u00e7os est\u00e9ticos, estamos sempre atentos \u00e0s inova\u00e7\u00f5es do setor, buscando as melhores pr\u00e1ticas e produtos para oferecer o que h\u00e1 de mais moderno em tratamentos. Nossa equipe \u00e9 treinada para assegurar que cada procedimento seja realizado com cuidado e precis\u00e3o, priorizando a seguran\u00e7a e a sa\u00fade da pele de nossos pacientes. <\/p>\n<p>Convidamos voc\u00ea a nos conhecer e descobrir como podemos ajudar a real\u00e7ar sua beleza natural. Para mais informa\u00e7\u00f5es, entre em contato conosco. Embora o telefone e o site ainda n\u00e3o estejam dispon\u00edveis, voc\u00ea pode nos acompanhar pelo Instagram, onde postamos dicas de cuidados com a pele e novidades sobre nossos servi\u00e7os. Estamos aqui para cuidar de voc\u00ea e proporcionar o melhor em est\u00e9tica facial.<\/p>\n<h3><span class=\"ez-toc-section\" id=\"Perguntas_Frequentes\"><\/span>Perguntas Frequentes<span class=\"ez-toc-section-end\"><\/span><\/h3>\n<p>P: Quais s\u00e3o os principais tratamentos oferecidos pela cl\u00ednica?<br \/>\nR: Oferecemos microagulhamento, aplica\u00e7\u00e3o de bioremodelador Profhilo, enzimas, bioestimulador de col\u00e1geno, Botox, mesoterapia capilar, microinfus\u00e3o de medicamentos na pele (MMP) e peelings qu\u00edmicos.<\/p>\n<p>P: A cl\u00ednica atende conv\u00eanios?<br \/>\nR: Sim, aceitamos conv\u00eanios como Banescaixa e Medprev.<\/p>\n<p>P: Como posso agendar uma consulta?<br \/>\nR: As consultas podem ser agendadas online. Em breve, disponibilizaremos mais informa\u00e7\u00f5es sobre como proceder.<\/p>\n<p>P: Quais s\u00e3o os hor\u00e1rios de atendimento?<br \/>\nR: Nossa cl\u00ednica funciona de segunda a sexta, das 09:00 \u00e0s 18:00 horas.<\/p>\n<p>P: A cl\u00ednica \u00e9 de f\u00e1cil acesso?<br \/>\nR: Sim, estamos localizados no Conjunto Carapina I, em Serra, ES, pr\u00f3ximo a v\u00e1rios bairros e com f\u00e1cil acesso.<\/p>\n<p>P: Quais cuidados devo ter ap\u00f3s um tratamento est\u00e9tico?<br \/>\nR: Os cuidados variam conforme o tratamento, mas geralmente incluem evitar exposi\u00e7\u00e3o ao sol e seguir as recomenda\u00e7\u00f5es espec\u00edficas da Dra. Juliana.<\/p>\n<p>P: A Dra. Juliana Quintas \u00e9 especializada em quais \u00e1reas?<br \/>\nR: Dra. Juliana \u00e9 especializada em est\u00e9tica facial, com foco em tratamentos modernos e eficazes.<\/p>\n<p>P: A cl\u00ednica oferece algum tipo de promo\u00e7\u00e3o?<br \/>\nR: Estamos sempre atualizando nossas ofertas e promo\u00e7\u00f5es, fique de olho no nosso Instagram para mais informa\u00e7\u00f5es.<\/p>\n<p>P: Como posso saber mais sobre os tratamentos?<br \/>\nR: Voc\u00ea pode acompanhar nosso Instagram, onde postamos dicas e informa\u00e7\u00f5es sobre os tratamentos dispon\u00edveis.<\/p>\n<p>P: A cl\u00ednica realiza atendimentos para todas as idades?<br \/>\nR: Sim, atendemos pacientes de diferentes idades, sempre oferecendo tratamentos adequados para cada perfil.<\/p>\n<h3><span class=\"ez-toc-section\" id=\"Contato\"><\/span>Contato<span class=\"ez-toc-section-end\"><\/span><\/h3>\n<p><strong>Tel.:  | <\/strong><br \/>\n<strong>WhatsApp: &#8211; <\/strong><\/p>\n","protected":false},"excerpt":{"rendered":"<p>Dra. Juliana Quintas: Est\u00e9tica Facial em Serra, ES A Cl\u00ednica Dra. Juliana Quintas, localizada no Conjunto Carapina I, em Serra, ES, \u00e9 um espa\u00e7o dedicado ao cuidado da beleza e sa\u00fade da pele, oferecendo um atendimento humanizado e profissional. Sob a responsabilidade t\u00e9cnica da renomada Dra. Juliana Quintas, CRM ES 14842, nossa cl\u00ednica se destaca [&hellip;]<\/p>\n","protected":false},"author":0,"featured_media":0,"comment_status":"open","ping_status":"open","sticky":false,"template":"","format":"standard","meta":{"_et_pb_use_builder":"o","_et_pb_old_content":"","_et_gb_content_width":"","footnotes":""},"categories":[1590,1320,1537],"tags":[],"class_list":["post-152217","post","type-post","status-publish","format-standard","hentry","category-clinicas-de-beleza","category-estetica-facial","category-tratamentos-de-pele"],"yoast_head":"<!-- This site is optimized with the Yoast SEO Premium plugin v21.3 (Yoast SEO v27.4) - https:\/\/yoast.com\/product\/yoast-seo-premium-wordpress\/ -->\n<title>Dra. Juliana Quintas: Est\u00e9tica Facial em Serra, ES - Conv\u00eanio Social<\/title>\n<meta name=\"robots\" content=\"index, follow, max-snippet:-1, max-image-preview:large, max-video-preview:-1\" \/>\n<link rel=\"canonical\" href=\"https:\/\/www.conveniosocial.com.br\/blog\/estetica-facial\/dra-juliana-quintas-estetica-facial-em-serra-es\/\" \/>\n<meta property=\"og:locale\" content=\"pt_BR\" \/>\n<meta property=\"og:type\" content=\"article\" \/>\n<meta property=\"og:title\" content=\"Dra. Juliana Quintas: Est\u00e9tica Facial em Serra, ES\" \/>\n<meta property=\"og:description\" content=\"Dra. Juliana Quintas: Est\u00e9tica Facial em Serra, ES A Cl\u00ednica Dra. Juliana Quintas, localizada no Conjunto Carapina I, em Serra, ES, \u00e9 um espa\u00e7o dedicado ao cuidado da beleza e sa\u00fade da pele, oferecendo um atendimento humanizado e profissional. Sob a responsabilidade t\u00e9cnica da renomada Dra. Juliana Quintas, CRM ES 14842, nossa cl\u00ednica se destaca [&hellip;]\" \/>\n<meta property=\"og:url\" content=\"https:\/\/www.conveniosocial.com.br\/blog\/estetica-facial\/dra-juliana-quintas-estetica-facial-em-serra-es\/\" \/>\n<meta property=\"og:site_name\" content=\"Conv\u00eanio Social\" \/>\n<meta property=\"article:published_time\" content=\"2026-03-09T00:00:37+00:00\" \/>\n<meta name=\"twitter:card\" content=\"summary_large_image\" \/>\n<meta name=\"twitter:label1\" content=\"Est. tempo de leitura\" \/>\n\t<meta name=\"twitter:data1\" content=\"3 minutos\" \/>\n<script type=\"application\/ld+json\" class=\"yoast-schema-graph\">{\"@context\":\"https:\\\/\\\/schema.org\",\"@graph\":[{\"@type\":\"Article\",\"@id\":\"https:\\\/\\\/www.conveniosocial.com.br\\\/blog\\\/estetica-facial\\\/dra-juliana-quintas-estetica-facial-em-serra-es\\\/#article\",\"isPartOf\":{\"@id\":\"https:\\\/\\\/www.conveniosocial.com.br\\\/blog\\\/estetica-facial\\\/dra-juliana-quintas-estetica-facial-em-serra-es\\\/\"},\"author\":{\"name\":\"\",\"@id\":\"\"},\"headline\":\"Dra. Juliana Quintas: Est\u00e9tica Facial em Serra, ES\",\"datePublished\":\"2026-03-09T00:00:37+00:00\",\"mainEntityOfPage\":{\"@id\":\"https:\\\/\\\/www.conveniosocial.com.br\\\/blog\\\/estetica-facial\\\/dra-juliana-quintas-estetica-facial-em-serra-es\\\/\"},\"wordCount\":662,\"commentCount\":0,\"publisher\":{\"@id\":\"https:\\\/\\\/www.conveniosocial.com.br\\\/blog\\\/#organization\"},\"articleSection\":[\"Cl\u00ednicas de Beleza\",\"Est\u00e9tica Facial\",\"Tratamentos de Pele\"],\"inLanguage\":\"pt-BR\"},{\"@type\":\"WebPage\",\"@id\":\"https:\\\/\\\/www.conveniosocial.com.br\\\/blog\\\/estetica-facial\\\/dra-juliana-quintas-estetica-facial-em-serra-es\\\/\",\"url\":\"https:\\\/\\\/www.conveniosocial.com.br\\\/blog\\\/estetica-facial\\\/dra-juliana-quintas-estetica-facial-em-serra-es\\\/\",\"name\":\"Dra. Juliana Quintas: Est\u00e9tica Facial em Serra, ES - Conv\u00eanio Social\",\"isPartOf\":{\"@id\":\"https:\\\/\\\/www.conveniosocial.com.br\\\/blog\\\/#website\"},\"datePublished\":\"2026-03-09T00:00:37+00:00\",\"breadcrumb\":{\"@id\":\"https:\\\/\\\/www.conveniosocial.com.br\\\/blog\\\/estetica-facial\\\/dra-juliana-quintas-estetica-facial-em-serra-es\\\/#breadcrumb\"},\"inLanguage\":\"pt-BR\",\"potentialAction\":[{\"@type\":\"ReadAction\",\"target\":[\"https:\\\/\\\/www.conveniosocial.com.br\\\/blog\\\/estetica-facial\\\/dra-juliana-quintas-estetica-facial-em-serra-es\\\/\"]}]},{\"@type\":\"BreadcrumbList\",\"@id\":\"https:\\\/\\\/www.conveniosocial.com.br\\\/blog\\\/estetica-facial\\\/dra-juliana-quintas-estetica-facial-em-serra-es\\\/#breadcrumb\",\"itemListElement\":[{\"@type\":\"ListItem\",\"position\":1,\"name\":\"Home\",\"item\":\"https:\\\/\\\/www.conveniosocial.com.br\\\/blog\\\/\"},{\"@type\":\"ListItem\",\"position\":2,\"name\":\"Cl\u00ednicas de Beleza\",\"item\":\"https:\\\/\\\/www.conveniosocial.com.br\\\/blog\\\/clinicas-de-beleza\\\/\"},{\"@type\":\"ListItem\",\"position\":3,\"name\":\"Dra. Juliana Quintas: Est\u00e9tica Facial em Serra, ES\"}]},{\"@type\":\"WebSite\",\"@id\":\"https:\\\/\\\/www.conveniosocial.com.br\\\/blog\\\/#website\",\"url\":\"https:\\\/\\\/www.conveniosocial.com.br\\\/blog\\\/\",\"name\":\"Conv\u00eanio Social\",\"description\":\"Informa\u00e7\u00f5es de Sa\u00fade e Bem-estar, Consultas e Exames Popular\",\"publisher\":{\"@id\":\"https:\\\/\\\/www.conveniosocial.com.br\\\/blog\\\/#organization\"},\"potentialAction\":[{\"@type\":\"SearchAction\",\"target\":{\"@type\":\"EntryPoint\",\"urlTemplate\":\"https:\\\/\\\/www.conveniosocial.com.br\\\/blog\\\/?s={search_term_string}\"},\"query-input\":{\"@type\":\"PropertyValueSpecification\",\"valueRequired\":true,\"valueName\":\"search_term_string\"}}],\"inLanguage\":\"pt-BR\"},{\"@type\":\"Organization\",\"@id\":\"https:\\\/\\\/www.conveniosocial.com.br\\\/blog\\\/#organization\",\"name\":\"Conv\u00eanio Social\",\"url\":\"https:\\\/\\\/www.conveniosocial.com.br\\\/blog\\\/\",\"logo\":{\"@type\":\"ImageObject\",\"inLanguage\":\"pt-BR\",\"@id\":\"https:\\\/\\\/www.conveniosocial.com.br\\\/blog\\\/#\\\/schema\\\/logo\\\/image\\\/\",\"url\":\"https:\\\/\\\/www.conveniosocial.com.br\\\/blog\\\/wp-content\\\/uploads\\\/2021\\\/11\\\/novo_logo-convenio-socia-digital.png\",\"contentUrl\":\"https:\\\/\\\/www.conveniosocial.com.br\\\/blog\\\/wp-content\\\/uploads\\\/2021\\\/11\\\/novo_logo-convenio-socia-digital.png\",\"width\":400,\"height\":102,\"caption\":\"Conv\u00eanio Social\"},\"image\":{\"@id\":\"https:\\\/\\\/www.conveniosocial.com.br\\\/blog\\\/#\\\/schema\\\/logo\\\/image\\\/\"}}]}<\/script>\n<!-- \/ Yoast SEO Premium plugin. -->","yoast_head_json":{"title":"Dra. Juliana Quintas: Est\u00e9tica Facial em Serra, ES - Conv\u00eanio Social","robots":{"index":"index","follow":"follow","max-snippet":"max-snippet:-1","max-image-preview":"max-image-preview:large","max-video-preview":"max-video-preview:-1"},"canonical":"https:\/\/www.conveniosocial.com.br\/blog\/estetica-facial\/dra-juliana-quintas-estetica-facial-em-serra-es\/","og_locale":"pt_BR","og_type":"article","og_title":"Dra. Juliana Quintas: Est\u00e9tica Facial em Serra, ES","og_description":"Dra. Juliana Quintas: Est\u00e9tica Facial em Serra, ES A Cl\u00ednica Dra. Juliana Quintas, localizada no Conjunto Carapina I, em Serra, ES, \u00e9 um espa\u00e7o dedicado ao cuidado da beleza e sa\u00fade da pele, oferecendo um atendimento humanizado e profissional. Sob a responsabilidade t\u00e9cnica da renomada Dra. Juliana Quintas, CRM ES 14842, nossa cl\u00ednica se destaca [&hellip;]","og_url":"https:\/\/www.conveniosocial.com.br\/blog\/estetica-facial\/dra-juliana-quintas-estetica-facial-em-serra-es\/","og_site_name":"Conv\u00eanio Social","article_published_time":"2026-03-09T00:00:37+00:00","twitter_card":"summary_large_image","twitter_misc":{"Est. tempo de leitura":"3 minutos"},"schema":{"@context":"https:\/\/schema.org","@graph":[{"@type":"Article","@id":"https:\/\/www.conveniosocial.com.br\/blog\/estetica-facial\/dra-juliana-quintas-estetica-facial-em-serra-es\/#article","isPartOf":{"@id":"https:\/\/www.conveniosocial.com.br\/blog\/estetica-facial\/dra-juliana-quintas-estetica-facial-em-serra-es\/"},"author":{"name":"","@id":""},"headline":"Dra. Juliana Quintas: Est\u00e9tica Facial em Serra, ES","datePublished":"2026-03-09T00:00:37+00:00","mainEntityOfPage":{"@id":"https:\/\/www.conveniosocial.com.br\/blog\/estetica-facial\/dra-juliana-quintas-estetica-facial-em-serra-es\/"},"wordCount":662,"commentCount":0,"publisher":{"@id":"https:\/\/www.conveniosocial.com.br\/blog\/#organization"},"articleSection":["Cl\u00ednicas de Beleza","Est\u00e9tica Facial","Tratamentos de Pele"],"inLanguage":"pt-BR"},{"@type":"WebPage","@id":"https:\/\/www.conveniosocial.com.br\/blog\/estetica-facial\/dra-juliana-quintas-estetica-facial-em-serra-es\/","url":"https:\/\/www.conveniosocial.com.br\/blog\/estetica-facial\/dra-juliana-quintas-estetica-facial-em-serra-es\/","name":"Dra. Juliana Quintas: Est\u00e9tica Facial em Serra, ES - Conv\u00eanio Social","isPartOf":{"@id":"https:\/\/www.conveniosocial.com.br\/blog\/#website"},"datePublished":"2026-03-09T00:00:37+00:00","breadcrumb":{"@id":"https:\/\/www.conveniosocial.com.br\/blog\/estetica-facial\/dra-juliana-quintas-estetica-facial-em-serra-es\/#breadcrumb"},"inLanguage":"pt-BR","potentialAction":[{"@type":"ReadAction","target":["https:\/\/www.conveniosocial.com.br\/blog\/estetica-facial\/dra-juliana-quintas-estetica-facial-em-serra-es\/"]}]},{"@type":"BreadcrumbList","@id":"https:\/\/www.conveniosocial.com.br\/blog\/estetica-facial\/dra-juliana-quintas-estetica-facial-em-serra-es\/#breadcrumb","itemListElement":[{"@type":"ListItem","position":1,"name":"Home","item":"https:\/\/www.conveniosocial.com.br\/blog\/"},{"@type":"ListItem","position":2,"name":"Cl\u00ednicas de Beleza","item":"https:\/\/www.conveniosocial.com.br\/blog\/clinicas-de-beleza\/"},{"@type":"ListItem","position":3,"name":"Dra. Juliana Quintas: Est\u00e9tica Facial em Serra, ES"}]},{"@type":"WebSite","@id":"https:\/\/www.conveniosocial.com.br\/blog\/#website","url":"https:\/\/www.conveniosocial.com.br\/blog\/","name":"Conv\u00eanio Social","description":"Informa\u00e7\u00f5es de Sa\u00fade e Bem-estar, Consultas e Exames Popular","publisher":{"@id":"https:\/\/www.conveniosocial.com.br\/blog\/#organization"},"potentialAction":[{"@type":"SearchAction","target":{"@type":"EntryPoint","urlTemplate":"https:\/\/www.conveniosocial.com.br\/blog\/?s={search_term_string}"},"query-input":{"@type":"PropertyValueSpecification","valueRequired":true,"valueName":"search_term_string"}}],"inLanguage":"pt-BR"},{"@type":"Organization","@id":"https:\/\/www.conveniosocial.com.br\/blog\/#organization","name":"Conv\u00eanio Social","url":"https:\/\/www.conveniosocial.com.br\/blog\/","logo":{"@type":"ImageObject","inLanguage":"pt-BR","@id":"https:\/\/www.conveniosocial.com.br\/blog\/#\/schema\/logo\/image\/","url":"https:\/\/www.conveniosocial.com.br\/blog\/wp-content\/uploads\/2021\/11\/novo_logo-convenio-socia-digital.png","contentUrl":"https:\/\/www.conveniosocial.com.br\/blog\/wp-content\/uploads\/2021\/11\/novo_logo-convenio-socia-digital.png","width":400,"height":102,"caption":"Conv\u00eanio Social"},"image":{"@id":"https:\/\/www.conveniosocial.com.br\/blog\/#\/schema\/logo\/image\/"}}]}},"_links":{"self":[{"href":"https:\/\/www.conveniosocial.com.br\/blog\/wp-json\/wp\/v2\/posts\/152217","targetHints":{"allow":["GET"]}}],"collection":[{"href":"https:\/\/www.conveniosocial.com.br\/blog\/wp-json\/wp\/v2\/posts"}],"about":[{"href":"https:\/\/www.conveniosocial.com.br\/blog\/wp-json\/wp\/v2\/types\/post"}],"replies":[{"embeddable":true,"href":"https:\/\/www.conveniosocial.com.br\/blog\/wp-json\/wp\/v2\/comments?post=152217"}],"version-history":[{"count":0,"href":"https:\/\/www.conveniosocial.com.br\/blog\/wp-json\/wp\/v2\/posts\/152217\/revisions"}],"wp:attachment":[{"href":"https:\/\/www.conveniosocial.com.br\/blog\/wp-json\/wp\/v2\/media?parent=152217"}],"wp:term":[{"taxonomy":"category","embeddable":true,"href":"https:\/\/www.conveniosocial.com.br\/blog\/wp-json\/wp\/v2\/categories?post=152217"},{"taxonomy":"post_tag","embeddable":true,"href":"https:\/\/www.conveniosocial.com.br\/blog\/wp-json\/wp\/v2\/tags?post=152217"}],"curies":[{"name":"wp","href":"https:\/\/api.w.org\/{rel}","templated":true}]}}