{"id":152218,"date":"2026-03-08T21:00:37","date_gmt":"2026-03-09T00:00:37","guid":{"rendered":"https:\/\/www.conveniosocial.com.br\/blog\/nehuma\/clinica-dra-manoela-rangel-beleza-e-saude-em-serra\/"},"modified":"2026-03-08T21:00:37","modified_gmt":"2026-03-09T00:00:37","slug":"clinica-dra-manoela-rangel-beleza-e-saude-em-serra","status":"publish","type":"post","link":"https:\/\/www.conveniosocial.com.br\/blog\/tratamentos-faciais\/clinica-dra-manoela-rangel-beleza-e-saude-em-serra\/","title":{"rendered":"Cl\u00ednica Dra. Manoela Rangel: Beleza e Sa\u00fade em Serra"},"content":{"rendered":"<div id=\"ez-toc-container\" class=\"ez-toc-v2_0_82_2 counter-flat ez-toc-counter ez-toc-white ez-toc-container-direction\">\n<p class=\"ez-toc-title\" style=\"cursor:inherit\">\u00cdndice do Conte\u00fado<\/p>\n<label for=\"ez-toc-cssicon-toggle-item-69f5ac75342a8\" class=\"ez-toc-cssicon-toggle-label\"><span class=\"ez-toc-cssicon\"><span class=\"eztoc-hide\" style=\"display:none;\">Toggle<\/span><span class=\"ez-toc-icon-toggle-span\"><svg style=\"fill: #999;color:#999\" xmlns=\"http:\/\/www.w3.org\/2000\/svg\" class=\"list-377408\" width=\"20px\" height=\"20px\" viewBox=\"0 0 24 24\" fill=\"none\"><path d=\"M6 6H4v2h2V6zm14 0H8v2h12V6zM4 11h2v2H4v-2zm16 0H8v2h12v-2zM4 16h2v2H4v-2zm16 0H8v2h12v-2z\" fill=\"currentColor\"><\/path><\/svg><svg style=\"fill: #999;color:#999\" class=\"arrow-unsorted-368013\" xmlns=\"http:\/\/www.w3.org\/2000\/svg\" width=\"10px\" height=\"10px\" viewBox=\"0 0 24 24\" version=\"1.2\" baseProfile=\"tiny\"><path d=\"M18.2 9.3l-6.2-6.3-6.2 6.3c-.2.2-.3.4-.3.7s.1.5.3.7c.2.2.4.3.7.3h11c.3 0 .5-.1.7-.3.2-.2.3-.5.3-.7s-.1-.5-.3-.7zM5.8 14.7l6.2 6.3 6.2-6.3c.2-.2.3-.5.3-.7s-.1-.5-.3-.7c-.2-.2-.4-.3-.7-.3h-11c-.3 0-.5.1-.7.3-.2.2-.3.5-.3.7s.1.5.3.7z\"\/><\/svg><\/span><\/span><\/label><input type=\"checkbox\"  id=\"ez-toc-cssicon-toggle-item-69f5ac75342a8\" checked aria-label=\"Alternar\" \/><nav><ul class='ez-toc-list ez-toc-list-level-1 ' ><li class='ez-toc-page-1'><a class=\"ez-toc-link ez-toc-heading-1\" href=\"https:\/\/www.conveniosocial.com.br\/blog\/tratamentos-faciais\/clinica-dra-manoela-rangel-beleza-e-saude-em-serra\/#Clinica_Dra_Manoela_Rangel_Beleza_e_Saude_em_Serra\" >Cl\u00ednica Dra. Manoela Rangel: Beleza e Sa\u00fade em Serra<\/a><\/li><li class='ez-toc-page-1'><a class=\"ez-toc-link ez-toc-heading-2\" href=\"https:\/\/www.conveniosocial.com.br\/blog\/tratamentos-faciais\/clinica-dra-manoela-rangel-beleza-e-saude-em-serra\/#Perguntas_Frequentes\" >Perguntas Frequentes<\/a><\/li><li class='ez-toc-page-1'><a class=\"ez-toc-link ez-toc-heading-3\" href=\"https:\/\/www.conveniosocial.com.br\/blog\/tratamentos-faciais\/clinica-dra-manoela-rangel-beleza-e-saude-em-serra\/#Contato\" >Contato<\/a><\/li><\/ul><\/nav><\/div>\n<h2><span class=\"ez-toc-section\" id=\"Clinica_Dra_Manoela_Rangel_Beleza_e_Saude_em_Serra\"><\/span>Cl\u00ednica Dra. Manoela Rangel: Beleza e Sa\u00fade em Serra<span class=\"ez-toc-section-end\"><\/span><\/h2>\n<p>A Cl\u00ednica da Dra. Manoela Sarmento Freitas Rangel, localizada no Parque Res. Laranjeiras, em Serra &#8211; ES, \u00e9 um espa\u00e7o dedicado \u00e0 sa\u00fade e \u00e0 beleza, oferecendo um atendimento acolhedor e humanizado. Com um compromisso com a excel\u00eancia, a cl\u00ednica se destaca na \u00e1rea de dermatologia est\u00e9tica, especialmente nas t\u00e9cnicas de microagulhamento e outros tratamentos faciais. Nossa miss\u00e3o \u00e9 proporcionar aos pacientes n\u00e3o apenas resultados vis\u00edveis, mas tamb\u00e9m um acompanhamento que prioriza o bem-estar e a autoestima.<\/p>\n<p>A Dra. Manoela Rangel, respons\u00e1vel t\u00e9cnica da cl\u00ednica, possui o CRM 10412 ES e RQE 8592, garantindo a voc\u00ea a seguran\u00e7a e a qualidade nos atendimentos. Com um hor\u00e1rio de funcionamento de segunda a sexta, das 08:00 \u00e0s 18:00 horas, a cl\u00ednica est\u00e1 acess\u00edvel a todos que buscam tratamentos est\u00e9ticos de alta qualidade em um ambiente confort\u00e1vel e profissional.<\/p>\n<p>Oferecemos uma ampla gama de servi\u00e7os, incluindo transplante capilar, preenchimento cut\u00e2neo, rejuvenescimento facial, e a retirada de sinais, cistos e verrugas. Tamb\u00e9m realizamos tratamentos para psor\u00edase e acne, tricoscopia, peeling, intradermoterapia, aplica\u00e7\u00e3o da toxina botul\u00ednica, cantoplastia, e o \u00e1cido polil\u00e1ctico &#8211; Sculptra. Cada procedimento \u00e9 realizado com t\u00e9cnicas avan\u00e7adas e equipamentos de \u00faltima gera\u00e7\u00e3o, sempre com foco na seguran\u00e7a e no conforto dos nossos pacientes.<\/p>\n<p>A localiza\u00e7\u00e3o da cl\u00ednica \u00e9 estrat\u00e9gica, pr\u00f3xima a bairros como Morada de Laranjeiras, Barcelona, Castel\u00e2ndia, Jardim Tropical, Jardim Limoeiro, Porto Canoa, Laranjeiras e Jos\u00e9 de Anchieta, facilitando o acesso para quem vem de diferentes regi\u00f5es da cidade. Al\u00e9m disso, aceitamos diversos conv\u00eanios, como Bradesco Sa\u00fade, Sul Am\u00e9rica Sa\u00fade, Amil, Cassi e Sa\u00fade Caixa, tornando nossos servi\u00e7os ainda mais acess\u00edveis.<\/p>\n<p>Acreditamos na import\u00e2ncia de um relacionamento pr\u00f3ximo com nossos pacientes, e por isso, incentivamos que voc\u00ea entre em contato conosco para tirar d\u00favidas, agendar consultas ou obter mais informa\u00e7\u00f5es sobre nossos tratamentos. Embora atualmente n\u00e3o tenhamos um telefone ou site divulgados, voc\u00ea pode nos encontrar nas redes sociais. Fique atento ao nosso Instagram, onde compartilhamos dicas, informa\u00e7\u00f5es sobre sa\u00fade e beleza, al\u00e9m de resultados dos nossos tratamentos.<\/p>\n<p>Se voc\u00ea est\u00e1 buscando potencializar sua beleza e cuidar da sua sa\u00fade com profissionais qualificados e uma equipe dedicada, a Cl\u00ednica da Dra. Manoela Rangel \u00e9 a escolha certa. Venha nos visitar e descubra como podemos ajudar voc\u00ea a se sentir ainda mais confiante e saud\u00e1vel.<\/p>\n<h3><span class=\"ez-toc-section\" id=\"Perguntas_Frequentes\"><\/span>Perguntas Frequentes<span class=\"ez-toc-section-end\"><\/span><\/h3>\n<p>P: Quais especialidades s\u00e3o oferecidas na cl\u00ednica?<br \/>\nR: A cl\u00ednica oferece especialidades em dermatologia est\u00e9tica, incluindo microagulhamento e outros tratamentos faciais.<\/p>\n<p>P: Onde a cl\u00ednica est\u00e1 localizada?<br \/>\nR: A cl\u00ednica est\u00e1 localizada no Parque Res. Laranjeiras, Serra &#8211; ES.<\/p>\n<p>P: Quais tipos de tratamentos faciais voc\u00eas realizam?<br \/>\nR: Realizamos transplante capilar, preenchimento cut\u00e2neo, rejuvenescimento facial, entre outros.<\/p>\n<p>P: A cl\u00ednica atende conv\u00eanios?<br \/>\nR: Sim, aceitamos conv\u00eanios como Bradesco Sa\u00fade, Sul Am\u00e9rica Sa\u00fade, Amil, Cassi e Sa\u00fade Caixa.<\/p>\n<p>P: Qual o hor\u00e1rio de funcionamento da cl\u00ednica?<br \/>\nR: Funcionamos de segunda a sexta, das 08:00 \u00e0s 18:00 horas.<\/p>\n<p>P: Quem \u00e9 a respons\u00e1vel t\u00e9cnica da cl\u00ednica?<br \/>\nR: A respons\u00e1vel t\u00e9cnica \u00e9 a Dra. Manoela Sarmento Freitas Rangel, com CRM 10412 ES e RQE 8592.<\/p>\n<p>P: A cl\u00ednica realiza tratamentos para acne?<br \/>\nR: Sim, oferecemos tratamento para acne entre os nossos servi\u00e7os.<\/p>\n<p>P: Como posso agendar uma consulta?<br \/>\nR: Voc\u00ea pode entrar em contato conosco atrav\u00e9s das redes sociais para agendar sua consulta.<\/p>\n<p>P: A cl\u00ednica possui algum tipo de promo\u00e7\u00e3o?<br \/>\nR: Fique atento ao nosso Instagram para informa\u00e7\u00f5es sobre promo\u00e7\u00f5es e novidades.<\/p>\n<p>P: Que cuidados devo ter ap\u00f3s um tratamento est\u00e9tico?<br \/>\nR: Os cuidados podem variar conforme o tratamento; recomenda\u00e7\u00f5es espec\u00edficas ser\u00e3o dadas durante a consulta.<\/p>\n<h3><span class=\"ez-toc-section\" id=\"Contato\"><\/span>Contato<span class=\"ez-toc-section-end\"><\/span><\/h3>\n<p><strong>Tel.:  | <\/strong><br \/>\n<strong>WhatsApp: &#8211; <\/strong><\/p>\n","protected":false},"excerpt":{"rendered":"<p>Cl\u00ednica Dra. Manoela Rangel: Beleza e Sa\u00fade em Serra A Cl\u00ednica da Dra. Manoela Sarmento Freitas Rangel, localizada no Parque Res. Laranjeiras, em Serra &#8211; ES, \u00e9 um espa\u00e7o dedicado \u00e0 sa\u00fade e \u00e0 beleza, oferecendo um atendimento acolhedor e humanizado. Com um compromisso com a excel\u00eancia, a cl\u00ednica se destaca na \u00e1rea de dermatologia [&hellip;]<\/p>\n","protected":false},"author":0,"featured_media":0,"comment_status":"open","ping_status":"open","sticky":false,"template":"","format":"standard","meta":{"_et_pb_use_builder":"o","_et_pb_old_content":"","_et_gb_content_width":"","footnotes":""},"categories":[1643,2488,1318],"tags":[],"class_list":["post-152218","post","type-post","status-publish","format-standard","hentry","category-dermatologia-estetica","category-microagulhamento","category-tratamentos-faciais"],"yoast_head":"<!-- This site is optimized with the Yoast SEO Premium plugin v21.3 (Yoast SEO v27.5) - https:\/\/yoast.com\/product\/yoast-seo-premium-wordpress\/ -->\n<title>Cl\u00ednica Dra. Manoela Rangel: Beleza e Sa\u00fade em Serra - Conv\u00eanio Social<\/title>\n<meta name=\"robots\" content=\"index, follow, max-snippet:-1, max-image-preview:large, max-video-preview:-1\" \/>\n<link rel=\"canonical\" href=\"https:\/\/www.conveniosocial.com.br\/blog\/tratamentos-faciais\/clinica-dra-manoela-rangel-beleza-e-saude-em-serra\/\" \/>\n<meta property=\"og:locale\" content=\"pt_BR\" \/>\n<meta property=\"og:type\" content=\"article\" \/>\n<meta property=\"og:title\" content=\"Cl\u00ednica Dra. Manoela Rangel: Beleza e Sa\u00fade em Serra\" \/>\n<meta property=\"og:description\" content=\"Cl\u00ednica Dra. Manoela Rangel: Beleza e Sa\u00fade em Serra A Cl\u00ednica da Dra. Manoela Sarmento Freitas Rangel, localizada no Parque Res. Laranjeiras, em Serra - ES, \u00e9 um espa\u00e7o dedicado \u00e0 sa\u00fade e \u00e0 beleza, oferecendo um atendimento acolhedor e humanizado. Com um compromisso com a excel\u00eancia, a cl\u00ednica se destaca na \u00e1rea de dermatologia [&hellip;]\" \/>\n<meta property=\"og:url\" content=\"https:\/\/www.conveniosocial.com.br\/blog\/tratamentos-faciais\/clinica-dra-manoela-rangel-beleza-e-saude-em-serra\/\" \/>\n<meta property=\"og:site_name\" content=\"Conv\u00eanio Social\" \/>\n<meta property=\"article:published_time\" content=\"2026-03-09T00:00:37+00:00\" \/>\n<meta name=\"twitter:card\" content=\"summary_large_image\" \/>\n<meta name=\"twitter:label1\" content=\"Est. tempo de leitura\" \/>\n\t<meta name=\"twitter:data1\" content=\"3 minutos\" \/>\n<script type=\"application\/ld+json\" class=\"yoast-schema-graph\">{\"@context\":\"https:\\\/\\\/schema.org\",\"@graph\":[{\"@type\":\"Article\",\"@id\":\"https:\\\/\\\/www.conveniosocial.com.br\\\/blog\\\/tratamentos-faciais\\\/clinica-dra-manoela-rangel-beleza-e-saude-em-serra\\\/#article\",\"isPartOf\":{\"@id\":\"https:\\\/\\\/www.conveniosocial.com.br\\\/blog\\\/tratamentos-faciais\\\/clinica-dra-manoela-rangel-beleza-e-saude-em-serra\\\/\"},\"author\":{\"name\":\"\",\"@id\":\"\"},\"headline\":\"Cl\u00ednica Dra. Manoela Rangel: Beleza e Sa\u00fade em Serra\",\"datePublished\":\"2026-03-09T00:00:37+00:00\",\"mainEntityOfPage\":{\"@id\":\"https:\\\/\\\/www.conveniosocial.com.br\\\/blog\\\/tratamentos-faciais\\\/clinica-dra-manoela-rangel-beleza-e-saude-em-serra\\\/\"},\"wordCount\":677,\"commentCount\":0,\"publisher\":{\"@id\":\"https:\\\/\\\/www.conveniosocial.com.br\\\/blog\\\/#organization\"},\"articleSection\":[\"Dermatologia Est\u00e9tica\",\"Microagulhamento\",\"Tratamentos Faciais\"],\"inLanguage\":\"pt-BR\"},{\"@type\":\"WebPage\",\"@id\":\"https:\\\/\\\/www.conveniosocial.com.br\\\/blog\\\/tratamentos-faciais\\\/clinica-dra-manoela-rangel-beleza-e-saude-em-serra\\\/\",\"url\":\"https:\\\/\\\/www.conveniosocial.com.br\\\/blog\\\/tratamentos-faciais\\\/clinica-dra-manoela-rangel-beleza-e-saude-em-serra\\\/\",\"name\":\"Cl\u00ednica Dra. Manoela Rangel: Beleza e Sa\u00fade em Serra - Conv\u00eanio Social\",\"isPartOf\":{\"@id\":\"https:\\\/\\\/www.conveniosocial.com.br\\\/blog\\\/#website\"},\"datePublished\":\"2026-03-09T00:00:37+00:00\",\"breadcrumb\":{\"@id\":\"https:\\\/\\\/www.conveniosocial.com.br\\\/blog\\\/tratamentos-faciais\\\/clinica-dra-manoela-rangel-beleza-e-saude-em-serra\\\/#breadcrumb\"},\"inLanguage\":\"pt-BR\",\"potentialAction\":[{\"@type\":\"ReadAction\",\"target\":[\"https:\\\/\\\/www.conveniosocial.com.br\\\/blog\\\/tratamentos-faciais\\\/clinica-dra-manoela-rangel-beleza-e-saude-em-serra\\\/\"]}]},{\"@type\":\"BreadcrumbList\",\"@id\":\"https:\\\/\\\/www.conveniosocial.com.br\\\/blog\\\/tratamentos-faciais\\\/clinica-dra-manoela-rangel-beleza-e-saude-em-serra\\\/#breadcrumb\",\"itemListElement\":[{\"@type\":\"ListItem\",\"position\":1,\"name\":\"Home\",\"item\":\"https:\\\/\\\/www.conveniosocial.com.br\\\/blog\\\/\"},{\"@type\":\"ListItem\",\"position\":2,\"name\":\"Dermatologia Est\u00e9tica\",\"item\":\"https:\\\/\\\/www.conveniosocial.com.br\\\/blog\\\/dermatologia-estetica\\\/\"},{\"@type\":\"ListItem\",\"position\":3,\"name\":\"Cl\u00ednica Dra. Manoela Rangel: Beleza e Sa\u00fade em Serra\"}]},{\"@type\":\"WebSite\",\"@id\":\"https:\\\/\\\/www.conveniosocial.com.br\\\/blog\\\/#website\",\"url\":\"https:\\\/\\\/www.conveniosocial.com.br\\\/blog\\\/\",\"name\":\"Conv\u00eanio Social\",\"description\":\"Informa\u00e7\u00f5es de Sa\u00fade e Bem-estar, Consultas e Exames Popular\",\"publisher\":{\"@id\":\"https:\\\/\\\/www.conveniosocial.com.br\\\/blog\\\/#organization\"},\"potentialAction\":[{\"@type\":\"SearchAction\",\"target\":{\"@type\":\"EntryPoint\",\"urlTemplate\":\"https:\\\/\\\/www.conveniosocial.com.br\\\/blog\\\/?s={search_term_string}\"},\"query-input\":{\"@type\":\"PropertyValueSpecification\",\"valueRequired\":true,\"valueName\":\"search_term_string\"}}],\"inLanguage\":\"pt-BR\"},{\"@type\":\"Organization\",\"@id\":\"https:\\\/\\\/www.conveniosocial.com.br\\\/blog\\\/#organization\",\"name\":\"Conv\u00eanio Social\",\"url\":\"https:\\\/\\\/www.conveniosocial.com.br\\\/blog\\\/\",\"logo\":{\"@type\":\"ImageObject\",\"inLanguage\":\"pt-BR\",\"@id\":\"https:\\\/\\\/www.conveniosocial.com.br\\\/blog\\\/#\\\/schema\\\/logo\\\/image\\\/\",\"url\":\"https:\\\/\\\/www.conveniosocial.com.br\\\/blog\\\/wp-content\\\/uploads\\\/2021\\\/11\\\/novo_logo-convenio-socia-digital.png\",\"contentUrl\":\"https:\\\/\\\/www.conveniosocial.com.br\\\/blog\\\/wp-content\\\/uploads\\\/2021\\\/11\\\/novo_logo-convenio-socia-digital.png\",\"width\":400,\"height\":102,\"caption\":\"Conv\u00eanio Social\"},\"image\":{\"@id\":\"https:\\\/\\\/www.conveniosocial.com.br\\\/blog\\\/#\\\/schema\\\/logo\\\/image\\\/\"}}]}<\/script>\n<!-- \/ Yoast SEO Premium plugin. -->","yoast_head_json":{"title":"Cl\u00ednica Dra. Manoela Rangel: Beleza e Sa\u00fade em Serra - Conv\u00eanio Social","robots":{"index":"index","follow":"follow","max-snippet":"max-snippet:-1","max-image-preview":"max-image-preview:large","max-video-preview":"max-video-preview:-1"},"canonical":"https:\/\/www.conveniosocial.com.br\/blog\/tratamentos-faciais\/clinica-dra-manoela-rangel-beleza-e-saude-em-serra\/","og_locale":"pt_BR","og_type":"article","og_title":"Cl\u00ednica Dra. Manoela Rangel: Beleza e Sa\u00fade em Serra","og_description":"Cl\u00ednica Dra. Manoela Rangel: Beleza e Sa\u00fade em Serra A Cl\u00ednica da Dra. Manoela Sarmento Freitas Rangel, localizada no Parque Res. Laranjeiras, em Serra - ES, \u00e9 um espa\u00e7o dedicado \u00e0 sa\u00fade e \u00e0 beleza, oferecendo um atendimento acolhedor e humanizado. Com um compromisso com a excel\u00eancia, a cl\u00ednica se destaca na \u00e1rea de dermatologia [&hellip;]","og_url":"https:\/\/www.conveniosocial.com.br\/blog\/tratamentos-faciais\/clinica-dra-manoela-rangel-beleza-e-saude-em-serra\/","og_site_name":"Conv\u00eanio Social","article_published_time":"2026-03-09T00:00:37+00:00","twitter_card":"summary_large_image","twitter_misc":{"Est. tempo de leitura":"3 minutos"},"schema":{"@context":"https:\/\/schema.org","@graph":[{"@type":"Article","@id":"https:\/\/www.conveniosocial.com.br\/blog\/tratamentos-faciais\/clinica-dra-manoela-rangel-beleza-e-saude-em-serra\/#article","isPartOf":{"@id":"https:\/\/www.conveniosocial.com.br\/blog\/tratamentos-faciais\/clinica-dra-manoela-rangel-beleza-e-saude-em-serra\/"},"author":{"name":"","@id":""},"headline":"Cl\u00ednica Dra. Manoela Rangel: Beleza e Sa\u00fade em Serra","datePublished":"2026-03-09T00:00:37+00:00","mainEntityOfPage":{"@id":"https:\/\/www.conveniosocial.com.br\/blog\/tratamentos-faciais\/clinica-dra-manoela-rangel-beleza-e-saude-em-serra\/"},"wordCount":677,"commentCount":0,"publisher":{"@id":"https:\/\/www.conveniosocial.com.br\/blog\/#organization"},"articleSection":["Dermatologia Est\u00e9tica","Microagulhamento","Tratamentos Faciais"],"inLanguage":"pt-BR"},{"@type":"WebPage","@id":"https:\/\/www.conveniosocial.com.br\/blog\/tratamentos-faciais\/clinica-dra-manoela-rangel-beleza-e-saude-em-serra\/","url":"https:\/\/www.conveniosocial.com.br\/blog\/tratamentos-faciais\/clinica-dra-manoela-rangel-beleza-e-saude-em-serra\/","name":"Cl\u00ednica Dra. Manoela Rangel: Beleza e Sa\u00fade em Serra - Conv\u00eanio Social","isPartOf":{"@id":"https:\/\/www.conveniosocial.com.br\/blog\/#website"},"datePublished":"2026-03-09T00:00:37+00:00","breadcrumb":{"@id":"https:\/\/www.conveniosocial.com.br\/blog\/tratamentos-faciais\/clinica-dra-manoela-rangel-beleza-e-saude-em-serra\/#breadcrumb"},"inLanguage":"pt-BR","potentialAction":[{"@type":"ReadAction","target":["https:\/\/www.conveniosocial.com.br\/blog\/tratamentos-faciais\/clinica-dra-manoela-rangel-beleza-e-saude-em-serra\/"]}]},{"@type":"BreadcrumbList","@id":"https:\/\/www.conveniosocial.com.br\/blog\/tratamentos-faciais\/clinica-dra-manoela-rangel-beleza-e-saude-em-serra\/#breadcrumb","itemListElement":[{"@type":"ListItem","position":1,"name":"Home","item":"https:\/\/www.conveniosocial.com.br\/blog\/"},{"@type":"ListItem","position":2,"name":"Dermatologia Est\u00e9tica","item":"https:\/\/www.conveniosocial.com.br\/blog\/dermatologia-estetica\/"},{"@type":"ListItem","position":3,"name":"Cl\u00ednica Dra. Manoela Rangel: Beleza e Sa\u00fade em Serra"}]},{"@type":"WebSite","@id":"https:\/\/www.conveniosocial.com.br\/blog\/#website","url":"https:\/\/www.conveniosocial.com.br\/blog\/","name":"Conv\u00eanio Social","description":"Informa\u00e7\u00f5es de Sa\u00fade e Bem-estar, Consultas e Exames Popular","publisher":{"@id":"https:\/\/www.conveniosocial.com.br\/blog\/#organization"},"potentialAction":[{"@type":"SearchAction","target":{"@type":"EntryPoint","urlTemplate":"https:\/\/www.conveniosocial.com.br\/blog\/?s={search_term_string}"},"query-input":{"@type":"PropertyValueSpecification","valueRequired":true,"valueName":"search_term_string"}}],"inLanguage":"pt-BR"},{"@type":"Organization","@id":"https:\/\/www.conveniosocial.com.br\/blog\/#organization","name":"Conv\u00eanio Social","url":"https:\/\/www.conveniosocial.com.br\/blog\/","logo":{"@type":"ImageObject","inLanguage":"pt-BR","@id":"https:\/\/www.conveniosocial.com.br\/blog\/#\/schema\/logo\/image\/","url":"https:\/\/www.conveniosocial.com.br\/blog\/wp-content\/uploads\/2021\/11\/novo_logo-convenio-socia-digital.png","contentUrl":"https:\/\/www.conveniosocial.com.br\/blog\/wp-content\/uploads\/2021\/11\/novo_logo-convenio-socia-digital.png","width":400,"height":102,"caption":"Conv\u00eanio Social"},"image":{"@id":"https:\/\/www.conveniosocial.com.br\/blog\/#\/schema\/logo\/image\/"}}]}},"_links":{"self":[{"href":"https:\/\/www.conveniosocial.com.br\/blog\/wp-json\/wp\/v2\/posts\/152218","targetHints":{"allow":["GET"]}}],"collection":[{"href":"https:\/\/www.conveniosocial.com.br\/blog\/wp-json\/wp\/v2\/posts"}],"about":[{"href":"https:\/\/www.conveniosocial.com.br\/blog\/wp-json\/wp\/v2\/types\/post"}],"replies":[{"embeddable":true,"href":"https:\/\/www.conveniosocial.com.br\/blog\/wp-json\/wp\/v2\/comments?post=152218"}],"version-history":[{"count":0,"href":"https:\/\/www.conveniosocial.com.br\/blog\/wp-json\/wp\/v2\/posts\/152218\/revisions"}],"wp:attachment":[{"href":"https:\/\/www.conveniosocial.com.br\/blog\/wp-json\/wp\/v2\/media?parent=152218"}],"wp:term":[{"taxonomy":"category","embeddable":true,"href":"https:\/\/www.conveniosocial.com.br\/blog\/wp-json\/wp\/v2\/categories?post=152218"},{"taxonomy":"post_tag","embeddable":true,"href":"https:\/\/www.conveniosocial.com.br\/blog\/wp-json\/wp\/v2\/tags?post=152218"}],"curies":[{"name":"wp","href":"https:\/\/api.w.org\/{rel}","templated":true}]}}