{"id":152234,"date":"2026-03-09T21:00:40","date_gmt":"2026-03-10T00:00:40","guid":{"rendered":"https:\/\/www.conveniosocial.com.br\/blog\/nehuma\/clinica-dr-ramon-d-angelo-dias-em-vitoria-estetica-e-saude\/"},"modified":"2026-03-09T21:00:40","modified_gmt":"2026-03-10T00:00:40","slug":"clinica-dr-ramon-d-angelo-dias-em-vitoria-estetica-e-saude","status":"publish","type":"post","link":"https:\/\/www.conveniosocial.com.br\/blog\/estetica\/clinica-dr-ramon-d-angelo-dias-em-vitoria-estetica-e-saude\/","title":{"rendered":"Cl\u00ednica Dr. Ramon D Angelo Dias em Vit\u00f3ria &#8211; Est\u00e9tica e Sa\u00fade"},"content":{"rendered":"<div id=\"ez-toc-container\" class=\"ez-toc-v2_0_82_2 counter-flat ez-toc-counter ez-toc-white ez-toc-container-direction\">\n<p class=\"ez-toc-title\" style=\"cursor:inherit\">\u00cdndice do Conte\u00fado<\/p>\n<label for=\"ez-toc-cssicon-toggle-item-69f765781c6ef\" class=\"ez-toc-cssicon-toggle-label\"><span class=\"ez-toc-cssicon\"><span class=\"eztoc-hide\" style=\"display:none;\">Toggle<\/span><span class=\"ez-toc-icon-toggle-span\"><svg style=\"fill: #999;color:#999\" xmlns=\"http:\/\/www.w3.org\/2000\/svg\" class=\"list-377408\" width=\"20px\" height=\"20px\" viewBox=\"0 0 24 24\" fill=\"none\"><path d=\"M6 6H4v2h2V6zm14 0H8v2h12V6zM4 11h2v2H4v-2zm16 0H8v2h12v-2zM4 16h2v2H4v-2zm16 0H8v2h12v-2z\" fill=\"currentColor\"><\/path><\/svg><svg style=\"fill: #999;color:#999\" class=\"arrow-unsorted-368013\" xmlns=\"http:\/\/www.w3.org\/2000\/svg\" width=\"10px\" height=\"10px\" viewBox=\"0 0 24 24\" version=\"1.2\" baseProfile=\"tiny\"><path d=\"M18.2 9.3l-6.2-6.3-6.2 6.3c-.2.2-.3.4-.3.7s.1.5.3.7c.2.2.4.3.7.3h11c.3 0 .5-.1.7-.3.2-.2.3-.5.3-.7s-.1-.5-.3-.7zM5.8 14.7l6.2 6.3 6.2-6.3c.2-.2.3-.5.3-.7s-.1-.5-.3-.7c-.2-.2-.4-.3-.7-.3h-11c-.3 0-.5.1-.7.3-.2.2-.3.5-.3.7s.1.5.3.7z\"\/><\/svg><\/span><\/span><\/label><input type=\"checkbox\"  id=\"ez-toc-cssicon-toggle-item-69f765781c6ef\" checked aria-label=\"Alternar\" \/><nav><ul class='ez-toc-list ez-toc-list-level-1 ' ><li class='ez-toc-page-1'><a class=\"ez-toc-link ez-toc-heading-1\" href=\"https:\/\/www.conveniosocial.com.br\/blog\/estetica\/clinica-dr-ramon-d-angelo-dias-em-vitoria-estetica-e-saude\/#Clinica_Dr_Ramon_D_Angelo_Dias_em_Vitoria_%E2%80%93_Estetica_e_Saude\" >Cl\u00ednica Dr. Ramon D Angelo Dias em Vit\u00f3ria &#8211; Est\u00e9tica e Sa\u00fade<\/a><\/li><li class='ez-toc-page-1'><a class=\"ez-toc-link ez-toc-heading-2\" href=\"https:\/\/www.conveniosocial.com.br\/blog\/estetica\/clinica-dr-ramon-d-angelo-dias-em-vitoria-estetica-e-saude\/#Perguntas_Frequentes\" >Perguntas Frequentes<\/a><\/li><li class='ez-toc-page-1'><a class=\"ez-toc-link ez-toc-heading-3\" href=\"https:\/\/www.conveniosocial.com.br\/blog\/estetica\/clinica-dr-ramon-d-angelo-dias-em-vitoria-estetica-e-saude\/#Contato\" >Contato<\/a><\/li><\/ul><\/nav><\/div>\n<h2><span class=\"ez-toc-section\" id=\"Clinica_Dr_Ramon_D_Angelo_Dias_em_Vitoria_%E2%80%93_Estetica_e_Saude\"><\/span>Cl\u00ednica Dr. Ramon D Angelo Dias em Vit\u00f3ria &#8211; Est\u00e9tica e Sa\u00fade<span class=\"ez-toc-section-end\"><\/span><\/h2>\n<p>A Cl\u00ednica Dr. Ramon D Angelo Dias, localizada no cora\u00e7\u00e3o de Vit\u00f3ria, no bairro Enseada do Su\u00e1, \u00e9 um espa\u00e7o dedicado a proporcionar sa\u00fade e bem-estar aos seus pacientes. Com um atendimento humanizado e profissional, a cl\u00ednica se destaca pelas especialidades em Toxina Botul\u00ednica (Botox) e tratamentos voltados para o al\u00edvio da dor. O Dr. Ramon D Angelo Dias, com CRM ES 13252, \u00e9 o respons\u00e1vel t\u00e9cnico, trazendo sua expertise e dedica\u00e7\u00e3o a cada atendimento.<\/p>\n<p>A cl\u00ednica oferece servi\u00e7os de qualidade, com foco em tratamentos est\u00e9ticos e de sa\u00fade. A Toxina Botul\u00ednica \u00e9 um dos procedimentos mais procurados, indicado para suavizar rugas e linhas de express\u00e3o, promovendo um aspecto mais jovem e revitalizado. Al\u00e9m disso, realizamos exames como bloqueio de nervo perif\u00e9rico e infiltra\u00e7\u00f5es para tratamento da dor, incluindo a viscossuplementa\u00e7\u00e3o, que auxilia na recupera\u00e7\u00e3o de condi\u00e7\u00f5es articulares.<\/p>\n<p>Uma das principais vantagens da Cl\u00ednica Dr. Ramon D Angelo Dias \u00e9 a facilidade de acesso. Situada em uma \u00e1rea central e de f\u00e1cil localiza\u00e7\u00e3o, o paciente pode chegar rapidamente, seja de transporte p\u00fablico ou particular. O nosso hor\u00e1rio de atendimento \u00e9 de segunda a sexta-feira, das 07:00 \u00e0s 17:30 horas, permitindo que os pacientes agendem suas consultas de acordo com sua rotina.<\/p>\n<p>Atendemos pacientes particulares e buscamos oferecer um ambiente acolhedor, onde cada visitante se sinta \u00e0 vontade. A sa\u00fade e o bem-estar do paciente s\u00e3o nossas prioridades, e todos os procedimentos realizados s\u00e3o feitos com total seguran\u00e7a e respeito \u00e0s normas de sa\u00fade.<\/p>\n<p>Para mais informa\u00e7\u00f5es sobre nossos servi\u00e7os, or\u00e7amentos ou agendamentos, entre em contato conosco. Embora o telefone e as redes sociais ainda n\u00e3o estejam dispon\u00edveis, em breve teremos um site onde voc\u00ea poder\u00e1 encontrar todas as informa\u00e7\u00f5es necess\u00e1rias, incluindo nosso Instagram, que ser\u00e1 uma plataforma para compartilhar dicas de sa\u00fade e novidades sobre nossos servi\u00e7os.<\/p>\n<p>A Cl\u00ednica Dr. Ramon D Angelo Dias se compromete a oferecer um atendimento diferenciado, focado na excel\u00eancia e na satisfa\u00e7\u00e3o de nossos pacientes. Venha nos visitar e descubra como podemos ajudar a transformar sua sa\u00fade e autoestima.<\/p>\n<h3><span class=\"ez-toc-section\" id=\"Perguntas_Frequentes\"><\/span>Perguntas Frequentes<span class=\"ez-toc-section-end\"><\/span><\/h3>\n<p>P: Quais s\u00e3o os servi\u00e7os oferecidos pela cl\u00ednica?<br \/>\nR: Oferecemos servi\u00e7os de Toxina Botul\u00ednica (Botox), bloqueio de nervo perif\u00e9rico, infiltra\u00e7\u00f5es para tratamento da dor e viscossuplementa\u00e7\u00e3o.<\/p>\n<p>P: A cl\u00ednica atende conv\u00eanios?<br \/>\nR: Atualmente, atendemos apenas pacientes particulares.<\/p>\n<p>P: Quais s\u00e3o os hor\u00e1rios de funcionamento?<br \/>\nR: Estamos abertos de segunda a sexta-feira, das 07:00 \u00e0s 17:30 horas.<\/p>\n<p>P: Quem \u00e9 o respons\u00e1vel t\u00e9cnico da cl\u00ednica?<br \/>\nR: O Dr. Ramon D Angelo Dias \u00e9 o respons\u00e1vel t\u00e9cnico, possuindo CRM ES 13252.<\/p>\n<p>P: A cl\u00ednica \u00e9 de f\u00e1cil acesso?<br \/>\nR: Sim, estamos localizados no bairro Enseada do Su\u00e1, em Vit\u00f3ria, com f\u00e1cil acesso por transporte p\u00fablico e particular.<\/p>\n<p>P: Quais bairros pr\u00f3ximos podem acessar a cl\u00ednica facilmente?<br \/>\nR: Bairros como Ilha do Frade, Bento Ferreira, Santos Dumont, Santa Cec\u00edlia, Maruipe, Santa Helena, Santa L\u00facia e Barro Vermelho est\u00e3o nas proximidades.<\/p>\n<p>P: A cl\u00ednica realiza apenas procedimentos est\u00e9ticos?<br \/>\nR: N\u00e3o, tamb\u00e9m realizamos tratamentos voltados para al\u00edvio da dor, como infiltra\u00e7\u00f5es e bloqueios.<\/p>\n<p>P: Como posso agendar uma consulta?<br \/>\nR: Em breve, disponibilizaremos um site para agendamentos e informa\u00e7\u00f5es adicionais.<\/p>\n<p>P: Quais cuidados devo ter ap\u00f3s um procedimento com Toxina Botul\u00ednica?<br \/>\nR: \u00c9 importante seguir as orienta\u00e7\u00f5es do m\u00e9dico, evitando atividades f\u00edsicas intensas e exposi\u00e7\u00e3o ao sol nas primeiras 24 horas.<\/p>\n<p>P: A cl\u00ednica tem redes sociais?<br \/>\nR: Estamos em processo de cria\u00e7\u00e3o de um Instagram e um site para melhor comunica\u00e7\u00e3o com nossos pacientes.<\/p>\n<h3><span class=\"ez-toc-section\" id=\"Contato\"><\/span>Contato<span class=\"ez-toc-section-end\"><\/span><\/h3>\n<p><strong>Tel.:  | <\/strong><br \/>\n<strong>WhatsApp: &#8211; <\/strong><\/p>\n","protected":false},"excerpt":{"rendered":"<p>Cl\u00ednica Dr. Ramon D Angelo Dias em Vit\u00f3ria &#8211; Est\u00e9tica e Sa\u00fade A Cl\u00ednica Dr. Ramon D Angelo Dias, localizada no cora\u00e7\u00e3o de Vit\u00f3ria, no bairro Enseada do Su\u00e1, \u00e9 um espa\u00e7o dedicado a proporcionar sa\u00fade e bem-estar aos seus pacientes. Com um atendimento humanizado e profissional, a cl\u00ednica se destaca pelas especialidades em Toxina [&hellip;]<\/p>\n","protected":false},"author":0,"featured_media":0,"comment_status":"open","ping_status":"open","sticky":false,"template":"","format":"standard","meta":{"_et_pb_use_builder":"o","_et_pb_old_content":"","_et_gb_content_width":"","footnotes":""},"categories":[912,684,1566],"tags":[],"class_list":["post-152234","post","type-post","status-publish","format-standard","hentry","category-consultas-medicas","category-estetica","category-tratamento-da-dor"],"yoast_head":"<!-- This site is optimized with the Yoast SEO Premium plugin v21.3 (Yoast SEO v27.5) - https:\/\/yoast.com\/product\/yoast-seo-premium-wordpress\/ -->\n<title>Cl\u00ednica Dr. Ramon D Angelo Dias em Vit\u00f3ria - Est\u00e9tica e Sa\u00fade - Conv\u00eanio Social<\/title>\n<meta name=\"robots\" content=\"index, follow, max-snippet:-1, max-image-preview:large, max-video-preview:-1\" \/>\n<link rel=\"canonical\" href=\"https:\/\/www.conveniosocial.com.br\/blog\/estetica\/clinica-dr-ramon-d-angelo-dias-em-vitoria-estetica-e-saude\/\" \/>\n<meta property=\"og:locale\" content=\"pt_BR\" \/>\n<meta property=\"og:type\" content=\"article\" \/>\n<meta property=\"og:title\" content=\"Cl\u00ednica Dr. Ramon D Angelo Dias em Vit\u00f3ria - Est\u00e9tica e Sa\u00fade\" \/>\n<meta property=\"og:description\" content=\"Cl\u00ednica Dr. Ramon D Angelo Dias em Vit\u00f3ria - Est\u00e9tica e Sa\u00fade A Cl\u00ednica Dr. Ramon D Angelo Dias, localizada no cora\u00e7\u00e3o de Vit\u00f3ria, no bairro Enseada do Su\u00e1, \u00e9 um espa\u00e7o dedicado a proporcionar sa\u00fade e bem-estar aos seus pacientes. Com um atendimento humanizado e profissional, a cl\u00ednica se destaca pelas especialidades em Toxina [&hellip;]\" \/>\n<meta property=\"og:url\" content=\"https:\/\/www.conveniosocial.com.br\/blog\/estetica\/clinica-dr-ramon-d-angelo-dias-em-vitoria-estetica-e-saude\/\" \/>\n<meta property=\"og:site_name\" content=\"Conv\u00eanio Social\" \/>\n<meta property=\"article:published_time\" content=\"2026-03-10T00:00:40+00:00\" \/>\n<meta name=\"twitter:card\" content=\"summary_large_image\" \/>\n<meta name=\"twitter:label1\" content=\"Est. tempo de leitura\" \/>\n\t<meta name=\"twitter:data1\" content=\"3 minutos\" \/>\n<script type=\"application\/ld+json\" class=\"yoast-schema-graph\">{\"@context\":\"https:\\\/\\\/schema.org\",\"@graph\":[{\"@type\":\"Article\",\"@id\":\"https:\\\/\\\/www.conveniosocial.com.br\\\/blog\\\/estetica\\\/clinica-dr-ramon-d-angelo-dias-em-vitoria-estetica-e-saude\\\/#article\",\"isPartOf\":{\"@id\":\"https:\\\/\\\/www.conveniosocial.com.br\\\/blog\\\/estetica\\\/clinica-dr-ramon-d-angelo-dias-em-vitoria-estetica-e-saude\\\/\"},\"author\":{\"name\":\"\",\"@id\":\"\"},\"headline\":\"Cl\u00ednica Dr. Ramon D Angelo Dias em Vit\u00f3ria &#8211; Est\u00e9tica e Sa\u00fade\",\"datePublished\":\"2026-03-10T00:00:40+00:00\",\"mainEntityOfPage\":{\"@id\":\"https:\\\/\\\/www.conveniosocial.com.br\\\/blog\\\/estetica\\\/clinica-dr-ramon-d-angelo-dias-em-vitoria-estetica-e-saude\\\/\"},\"wordCount\":673,\"commentCount\":0,\"publisher\":{\"@id\":\"https:\\\/\\\/www.conveniosocial.com.br\\\/blog\\\/#organization\"},\"articleSection\":[\"Consultas M\u00e9dicas\",\"Est\u00e9tica\",\"Tratamento da Dor\"],\"inLanguage\":\"pt-BR\"},{\"@type\":\"WebPage\",\"@id\":\"https:\\\/\\\/www.conveniosocial.com.br\\\/blog\\\/estetica\\\/clinica-dr-ramon-d-angelo-dias-em-vitoria-estetica-e-saude\\\/\",\"url\":\"https:\\\/\\\/www.conveniosocial.com.br\\\/blog\\\/estetica\\\/clinica-dr-ramon-d-angelo-dias-em-vitoria-estetica-e-saude\\\/\",\"name\":\"Cl\u00ednica Dr. Ramon D Angelo Dias em Vit\u00f3ria - Est\u00e9tica e Sa\u00fade - Conv\u00eanio Social\",\"isPartOf\":{\"@id\":\"https:\\\/\\\/www.conveniosocial.com.br\\\/blog\\\/#website\"},\"datePublished\":\"2026-03-10T00:00:40+00:00\",\"breadcrumb\":{\"@id\":\"https:\\\/\\\/www.conveniosocial.com.br\\\/blog\\\/estetica\\\/clinica-dr-ramon-d-angelo-dias-em-vitoria-estetica-e-saude\\\/#breadcrumb\"},\"inLanguage\":\"pt-BR\",\"potentialAction\":[{\"@type\":\"ReadAction\",\"target\":[\"https:\\\/\\\/www.conveniosocial.com.br\\\/blog\\\/estetica\\\/clinica-dr-ramon-d-angelo-dias-em-vitoria-estetica-e-saude\\\/\"]}]},{\"@type\":\"BreadcrumbList\",\"@id\":\"https:\\\/\\\/www.conveniosocial.com.br\\\/blog\\\/estetica\\\/clinica-dr-ramon-d-angelo-dias-em-vitoria-estetica-e-saude\\\/#breadcrumb\",\"itemListElement\":[{\"@type\":\"ListItem\",\"position\":1,\"name\":\"Home\",\"item\":\"https:\\\/\\\/www.conveniosocial.com.br\\\/blog\\\/\"},{\"@type\":\"ListItem\",\"position\":2,\"name\":\"Consultas M\u00e9dicas\",\"item\":\"https:\\\/\\\/www.conveniosocial.com.br\\\/blog\\\/consultas-medicas\\\/\"},{\"@type\":\"ListItem\",\"position\":3,\"name\":\"Cl\u00ednica Dr. Ramon D Angelo Dias em Vit\u00f3ria &#8211; Est\u00e9tica e Sa\u00fade\"}]},{\"@type\":\"WebSite\",\"@id\":\"https:\\\/\\\/www.conveniosocial.com.br\\\/blog\\\/#website\",\"url\":\"https:\\\/\\\/www.conveniosocial.com.br\\\/blog\\\/\",\"name\":\"Conv\u00eanio Social\",\"description\":\"Informa\u00e7\u00f5es de Sa\u00fade e Bem-estar, Consultas e Exames Popular\",\"publisher\":{\"@id\":\"https:\\\/\\\/www.conveniosocial.com.br\\\/blog\\\/#organization\"},\"potentialAction\":[{\"@type\":\"SearchAction\",\"target\":{\"@type\":\"EntryPoint\",\"urlTemplate\":\"https:\\\/\\\/www.conveniosocial.com.br\\\/blog\\\/?s={search_term_string}\"},\"query-input\":{\"@type\":\"PropertyValueSpecification\",\"valueRequired\":true,\"valueName\":\"search_term_string\"}}],\"inLanguage\":\"pt-BR\"},{\"@type\":\"Organization\",\"@id\":\"https:\\\/\\\/www.conveniosocial.com.br\\\/blog\\\/#organization\",\"name\":\"Conv\u00eanio Social\",\"url\":\"https:\\\/\\\/www.conveniosocial.com.br\\\/blog\\\/\",\"logo\":{\"@type\":\"ImageObject\",\"inLanguage\":\"pt-BR\",\"@id\":\"https:\\\/\\\/www.conveniosocial.com.br\\\/blog\\\/#\\\/schema\\\/logo\\\/image\\\/\",\"url\":\"https:\\\/\\\/www.conveniosocial.com.br\\\/blog\\\/wp-content\\\/uploads\\\/2021\\\/11\\\/novo_logo-convenio-socia-digital.png\",\"contentUrl\":\"https:\\\/\\\/www.conveniosocial.com.br\\\/blog\\\/wp-content\\\/uploads\\\/2021\\\/11\\\/novo_logo-convenio-socia-digital.png\",\"width\":400,\"height\":102,\"caption\":\"Conv\u00eanio Social\"},\"image\":{\"@id\":\"https:\\\/\\\/www.conveniosocial.com.br\\\/blog\\\/#\\\/schema\\\/logo\\\/image\\\/\"}}]}<\/script>\n<!-- \/ Yoast SEO Premium plugin. -->","yoast_head_json":{"title":"Cl\u00ednica Dr. Ramon D Angelo Dias em Vit\u00f3ria - Est\u00e9tica e Sa\u00fade - Conv\u00eanio Social","robots":{"index":"index","follow":"follow","max-snippet":"max-snippet:-1","max-image-preview":"max-image-preview:large","max-video-preview":"max-video-preview:-1"},"canonical":"https:\/\/www.conveniosocial.com.br\/blog\/estetica\/clinica-dr-ramon-d-angelo-dias-em-vitoria-estetica-e-saude\/","og_locale":"pt_BR","og_type":"article","og_title":"Cl\u00ednica Dr. Ramon D Angelo Dias em Vit\u00f3ria - Est\u00e9tica e Sa\u00fade","og_description":"Cl\u00ednica Dr. Ramon D Angelo Dias em Vit\u00f3ria - Est\u00e9tica e Sa\u00fade A Cl\u00ednica Dr. Ramon D Angelo Dias, localizada no cora\u00e7\u00e3o de Vit\u00f3ria, no bairro Enseada do Su\u00e1, \u00e9 um espa\u00e7o dedicado a proporcionar sa\u00fade e bem-estar aos seus pacientes. Com um atendimento humanizado e profissional, a cl\u00ednica se destaca pelas especialidades em Toxina [&hellip;]","og_url":"https:\/\/www.conveniosocial.com.br\/blog\/estetica\/clinica-dr-ramon-d-angelo-dias-em-vitoria-estetica-e-saude\/","og_site_name":"Conv\u00eanio Social","article_published_time":"2026-03-10T00:00:40+00:00","twitter_card":"summary_large_image","twitter_misc":{"Est. tempo de leitura":"3 minutos"},"schema":{"@context":"https:\/\/schema.org","@graph":[{"@type":"Article","@id":"https:\/\/www.conveniosocial.com.br\/blog\/estetica\/clinica-dr-ramon-d-angelo-dias-em-vitoria-estetica-e-saude\/#article","isPartOf":{"@id":"https:\/\/www.conveniosocial.com.br\/blog\/estetica\/clinica-dr-ramon-d-angelo-dias-em-vitoria-estetica-e-saude\/"},"author":{"name":"","@id":""},"headline":"Cl\u00ednica Dr. Ramon D Angelo Dias em Vit\u00f3ria &#8211; Est\u00e9tica e Sa\u00fade","datePublished":"2026-03-10T00:00:40+00:00","mainEntityOfPage":{"@id":"https:\/\/www.conveniosocial.com.br\/blog\/estetica\/clinica-dr-ramon-d-angelo-dias-em-vitoria-estetica-e-saude\/"},"wordCount":673,"commentCount":0,"publisher":{"@id":"https:\/\/www.conveniosocial.com.br\/blog\/#organization"},"articleSection":["Consultas M\u00e9dicas","Est\u00e9tica","Tratamento da Dor"],"inLanguage":"pt-BR"},{"@type":"WebPage","@id":"https:\/\/www.conveniosocial.com.br\/blog\/estetica\/clinica-dr-ramon-d-angelo-dias-em-vitoria-estetica-e-saude\/","url":"https:\/\/www.conveniosocial.com.br\/blog\/estetica\/clinica-dr-ramon-d-angelo-dias-em-vitoria-estetica-e-saude\/","name":"Cl\u00ednica Dr. Ramon D Angelo Dias em Vit\u00f3ria - Est\u00e9tica e Sa\u00fade - Conv\u00eanio Social","isPartOf":{"@id":"https:\/\/www.conveniosocial.com.br\/blog\/#website"},"datePublished":"2026-03-10T00:00:40+00:00","breadcrumb":{"@id":"https:\/\/www.conveniosocial.com.br\/blog\/estetica\/clinica-dr-ramon-d-angelo-dias-em-vitoria-estetica-e-saude\/#breadcrumb"},"inLanguage":"pt-BR","potentialAction":[{"@type":"ReadAction","target":["https:\/\/www.conveniosocial.com.br\/blog\/estetica\/clinica-dr-ramon-d-angelo-dias-em-vitoria-estetica-e-saude\/"]}]},{"@type":"BreadcrumbList","@id":"https:\/\/www.conveniosocial.com.br\/blog\/estetica\/clinica-dr-ramon-d-angelo-dias-em-vitoria-estetica-e-saude\/#breadcrumb","itemListElement":[{"@type":"ListItem","position":1,"name":"Home","item":"https:\/\/www.conveniosocial.com.br\/blog\/"},{"@type":"ListItem","position":2,"name":"Consultas M\u00e9dicas","item":"https:\/\/www.conveniosocial.com.br\/blog\/consultas-medicas\/"},{"@type":"ListItem","position":3,"name":"Cl\u00ednica Dr. Ramon D Angelo Dias em Vit\u00f3ria &#8211; Est\u00e9tica e Sa\u00fade"}]},{"@type":"WebSite","@id":"https:\/\/www.conveniosocial.com.br\/blog\/#website","url":"https:\/\/www.conveniosocial.com.br\/blog\/","name":"Conv\u00eanio Social","description":"Informa\u00e7\u00f5es de Sa\u00fade e Bem-estar, Consultas e Exames Popular","publisher":{"@id":"https:\/\/www.conveniosocial.com.br\/blog\/#organization"},"potentialAction":[{"@type":"SearchAction","target":{"@type":"EntryPoint","urlTemplate":"https:\/\/www.conveniosocial.com.br\/blog\/?s={search_term_string}"},"query-input":{"@type":"PropertyValueSpecification","valueRequired":true,"valueName":"search_term_string"}}],"inLanguage":"pt-BR"},{"@type":"Organization","@id":"https:\/\/www.conveniosocial.com.br\/blog\/#organization","name":"Conv\u00eanio Social","url":"https:\/\/www.conveniosocial.com.br\/blog\/","logo":{"@type":"ImageObject","inLanguage":"pt-BR","@id":"https:\/\/www.conveniosocial.com.br\/blog\/#\/schema\/logo\/image\/","url":"https:\/\/www.conveniosocial.com.br\/blog\/wp-content\/uploads\/2021\/11\/novo_logo-convenio-socia-digital.png","contentUrl":"https:\/\/www.conveniosocial.com.br\/blog\/wp-content\/uploads\/2021\/11\/novo_logo-convenio-socia-digital.png","width":400,"height":102,"caption":"Conv\u00eanio Social"},"image":{"@id":"https:\/\/www.conveniosocial.com.br\/blog\/#\/schema\/logo\/image\/"}}]}},"_links":{"self":[{"href":"https:\/\/www.conveniosocial.com.br\/blog\/wp-json\/wp\/v2\/posts\/152234","targetHints":{"allow":["GET"]}}],"collection":[{"href":"https:\/\/www.conveniosocial.com.br\/blog\/wp-json\/wp\/v2\/posts"}],"about":[{"href":"https:\/\/www.conveniosocial.com.br\/blog\/wp-json\/wp\/v2\/types\/post"}],"replies":[{"embeddable":true,"href":"https:\/\/www.conveniosocial.com.br\/blog\/wp-json\/wp\/v2\/comments?post=152234"}],"version-history":[{"count":0,"href":"https:\/\/www.conveniosocial.com.br\/blog\/wp-json\/wp\/v2\/posts\/152234\/revisions"}],"wp:attachment":[{"href":"https:\/\/www.conveniosocial.com.br\/blog\/wp-json\/wp\/v2\/media?parent=152234"}],"wp:term":[{"taxonomy":"category","embeddable":true,"href":"https:\/\/www.conveniosocial.com.br\/blog\/wp-json\/wp\/v2\/categories?post=152234"},{"taxonomy":"post_tag","embeddable":true,"href":"https:\/\/www.conveniosocial.com.br\/blog\/wp-json\/wp\/v2\/tags?post=152234"}],"curies":[{"name":"wp","href":"https:\/\/api.w.org\/{rel}","templated":true}]}}