{"id":152247,"date":"2026-03-09T21:00:41","date_gmt":"2026-03-10T00:00:41","guid":{"rendered":"https:\/\/www.conveniosocial.com.br\/blog\/nehuma\/clinica-dr-cristiano-budin-otorrinolaringologia-em-jau\/"},"modified":"2026-03-09T21:00:41","modified_gmt":"2026-03-10T00:00:41","slug":"clinica-dr-cristiano-budin-otorrinolaringologia-em-jau","status":"publish","type":"post","link":"https:\/\/www.conveniosocial.com.br\/blog\/otorrinolaringologia\/clinica-dr-cristiano-budin-otorrinolaringologia-em-jau\/","title":{"rendered":"Cl\u00ednica Dr. Cristiano Budin: Otorrinolaringologia em Ja\u00fa"},"content":{"rendered":"<div id=\"ez-toc-container\" class=\"ez-toc-v2_0_82_2 counter-flat ez-toc-counter ez-toc-white ez-toc-container-direction\">\n<p class=\"ez-toc-title\" style=\"cursor:inherit\">\u00cdndice do Conte\u00fado<\/p>\n<label for=\"ez-toc-cssicon-toggle-item-69f1fe9fa1fcf\" class=\"ez-toc-cssicon-toggle-label\"><span class=\"ez-toc-cssicon\"><span class=\"eztoc-hide\" style=\"display:none;\">Toggle<\/span><span class=\"ez-toc-icon-toggle-span\"><svg style=\"fill: #999;color:#999\" xmlns=\"http:\/\/www.w3.org\/2000\/svg\" class=\"list-377408\" width=\"20px\" height=\"20px\" viewBox=\"0 0 24 24\" fill=\"none\"><path d=\"M6 6H4v2h2V6zm14 0H8v2h12V6zM4 11h2v2H4v-2zm16 0H8v2h12v-2zM4 16h2v2H4v-2zm16 0H8v2h12v-2z\" fill=\"currentColor\"><\/path><\/svg><svg style=\"fill: #999;color:#999\" class=\"arrow-unsorted-368013\" xmlns=\"http:\/\/www.w3.org\/2000\/svg\" width=\"10px\" height=\"10px\" viewBox=\"0 0 24 24\" version=\"1.2\" baseProfile=\"tiny\"><path d=\"M18.2 9.3l-6.2-6.3-6.2 6.3c-.2.2-.3.4-.3.7s.1.5.3.7c.2.2.4.3.7.3h11c.3 0 .5-.1.7-.3.2-.2.3-.5.3-.7s-.1-.5-.3-.7zM5.8 14.7l6.2 6.3 6.2-6.3c.2-.2.3-.5.3-.7s-.1-.5-.3-.7c-.2-.2-.4-.3-.7-.3h-11c-.3 0-.5.1-.7.3-.2.2-.3.5-.3.7s.1.5.3.7z\"\/><\/svg><\/span><\/span><\/label><input type=\"checkbox\"  id=\"ez-toc-cssicon-toggle-item-69f1fe9fa1fcf\" checked aria-label=\"Alternar\" \/><nav><ul class='ez-toc-list ez-toc-list-level-1 ' ><li class='ez-toc-page-1'><a class=\"ez-toc-link ez-toc-heading-1\" href=\"https:\/\/www.conveniosocial.com.br\/blog\/otorrinolaringologia\/clinica-dr-cristiano-budin-otorrinolaringologia-em-jau\/#Clinica_Dr_Cristiano_Budin_Otorrinolaringologia_em_Jau\" >Cl\u00ednica Dr. Cristiano Budin: Otorrinolaringologia em Ja\u00fa<\/a><\/li><li class='ez-toc-page-1'><a class=\"ez-toc-link ez-toc-heading-2\" href=\"https:\/\/www.conveniosocial.com.br\/blog\/otorrinolaringologia\/clinica-dr-cristiano-budin-otorrinolaringologia-em-jau\/#Perguntas_Frequentes\" >Perguntas Frequentes<\/a><\/li><li class='ez-toc-page-1'><a class=\"ez-toc-link ez-toc-heading-3\" href=\"https:\/\/www.conveniosocial.com.br\/blog\/otorrinolaringologia\/clinica-dr-cristiano-budin-otorrinolaringologia-em-jau\/#Contato\" >Contato<\/a><\/li><\/ul><\/nav><\/div>\n<h2><span class=\"ez-toc-section\" id=\"Clinica_Dr_Cristiano_Budin_Otorrinolaringologia_em_Jau\"><\/span>Cl\u00ednica Dr. Cristiano Budin: Otorrinolaringologia em Ja\u00fa<span class=\"ez-toc-section-end\"><\/span><\/h2>\n<p>A Cl\u00ednica Dr. Cristiano Belloni Budin \u00e9 um espa\u00e7o dedicado \u00e0 sa\u00fade auditiva, respirat\u00f3ria e de garganta, localizado no bairro Ch\u00e1cara Braz Miraglia, em Ja\u00fa, SP. Com um compromisso inabal\u00e1vel com o bem-estar dos pacientes, a cl\u00ednica oferece servi\u00e7os especializados em otorrinolaringologia, sempre com um atendimento humanizado e acolhedor. O Dr. Cristiano Budin, respons\u00e1vel t\u00e9cnico pela cl\u00ednica e com CRM 108126\/SP, conta com ampla experi\u00eancia na \u00e1rea, proporcionando um atendimento de qualidade que visa a sa\u00fade e a satisfa\u00e7\u00e3o de todos que buscam ajuda. <\/p>\n<p>O acesso \u00e0 cl\u00ednica \u00e9 facilitado pela localiza\u00e7\u00e3o central, permitindo que pacientes de diversas regi\u00f5es, como Vila Hilst, Jardim Regina, Vila Ivan, Ch\u00e1cara S\u00e3o Jos\u00e9 e Ch\u00e1cara Peccioli, possam chegar rapidamente. O ambiente da cl\u00ednica \u00e9 cuidadosamente planejado para oferecer conforto e tranquilidade, refletindo a preocupa\u00e7\u00e3o da equipe com a experi\u00eancia do paciente. <\/p>\n<p>Na Cl\u00ednica Dr. Cristiano Budin, os pacientes podem realizar diversos exames otorrinolaringol\u00f3gicos, todos com tecnologia de ponta e seguindo rigorosos padr\u00f5es de qualidade. A cl\u00ednica tem como miss\u00e3o proporcionar diagn\u00f3sticos precisos e tratamentos eficazes, que v\u00e3o desde quest\u00f5es simples, como alergias e resfriados, at\u00e9 problemas mais complexos que exigem aten\u00e7\u00e3o especial. <\/p>\n<p>O hor\u00e1rio de atendimento \u00e9 de segunda a sexta-feira, das 09:00 \u00e0s 17:30, permitindo que os pacientes possam agendar suas consultas de acordo com sua disponibilidade. Infelizmente, n\u00e3o h\u00e1 informa\u00e7\u00f5es sobre conv\u00eanios, mas a equipe est\u00e1 sempre disposta a conversar sobre as melhores op\u00e7\u00f5es de pagamento. <\/p>\n<p>Al\u00e9m disso, a Cl\u00ednica Dr. Cristiano Budin valoriza a comunica\u00e7\u00e3o com seus pacientes e est\u00e1 em processo de desenvolvimento de um site, onde informa\u00e7\u00f5es adicionais, agendamentos e dicas de sa\u00fade poder\u00e3o ser facilmente acessadas. A presen\u00e7a nas redes sociais, como Instagram, tamb\u00e9m est\u00e1 sendo planejada, para que os pacientes possam acompanhar novidades, dicas de sa\u00fade e interagir com a cl\u00ednica. <\/p>\n<p>A sa\u00fade do paciente \u00e9 a prioridade m\u00e1xima da Cl\u00ednica Dr. Cristiano Budin, sempre buscando a melhor forma de atend\u00ea-los e oferecer um tratamento que respeite suas individualidades e necessidades. Para mais informa\u00e7\u00f5es, entre em contato pelo telefone (14) 3621-1221 e agende sua consulta. Estamos aqui para cuidar de voc\u00ea e da sua sa\u00fade de forma completa e respons\u00e1vel.<\/p>\n<h3><span class=\"ez-toc-section\" id=\"Perguntas_Frequentes\"><\/span>Perguntas Frequentes<span class=\"ez-toc-section-end\"><\/span><\/h3>\n<p>P: Quais s\u00e3o os hor\u00e1rios de atendimento da cl\u00ednica?<br \/>\nR: A cl\u00ednica atende de segunda a sexta-feira, das 09:00 \u00e0s 17:30.<\/p>\n<p>P: Quais especialidades s\u00e3o atendidas na cl\u00ednica?<br \/>\nR: A cl\u00ednica \u00e9 especializada em otorrinolaringologia.<\/p>\n<p>P: A cl\u00ednica realiza exames otorrinolaringol\u00f3gicos?<br \/>\nR: Sim, a cl\u00ednica oferece diversos exames na \u00e1rea de otorrinolaringologia.<\/p>\n<p>P: Onde a cl\u00ednica est\u00e1 localizada?<br \/>\nR: A cl\u00ednica est\u00e1 situada no bairro Ch\u00e1cara Braz Miraglia, em Ja\u00fa, SP.<\/p>\n<p>P: A cl\u00ednica aceita conv\u00eanios?<br \/>\nR: No momento, n\u00e3o h\u00e1 informa\u00e7\u00f5es sobre conv\u00eanios aceitos; entre em contato para mais detalhes.<\/p>\n<p>P: Como posso agendar uma consulta?<br \/>\nR: Voc\u00ea pode agendar uma consulta ligando para o telefone (14) 3621-1221.<\/p>\n<p>P: Qual o CRM do Dr. Cristiano Budin?<br \/>\nR: O CRM do Dr. Cristiano Budin \u00e9 108126\/SP, com RQE n\u00ba 25224.<\/p>\n<p>P: A cl\u00ednica possui estacionamento?<br \/>\nR: Informa\u00e7\u00f5es sobre estacionamento n\u00e3o foram fornecidas; entre em contato para mais detalhes.<\/p>\n<p>P: A cl\u00ednica atende crian\u00e7as?<br \/>\nR: Para informa\u00e7\u00f5es sobre atendimento a crian\u00e7as, \u00e9 recomend\u00e1vel entrar em contato diretamente com a cl\u00ednica.<\/p>\n<p>P: A cl\u00ednica tem algum site ou presen\u00e7a nas redes sociais?<br \/>\nR: A cl\u00ednica est\u00e1 desenvolvendo um site e planeja estar presente nas redes sociais em breve.<\/p>\n<h3><span class=\"ez-toc-section\" id=\"Contato\"><\/span>Contato<span class=\"ez-toc-section-end\"><\/span><\/h3>\n<p><strong>Tel.:  | <\/strong><br \/>\n<strong>WhatsApp: &#8211; <\/strong><\/p>\n","protected":false},"excerpt":{"rendered":"<p>Cl\u00ednica Dr. Cristiano Budin: Otorrinolaringologia em Ja\u00fa A Cl\u00ednica Dr. Cristiano Belloni Budin \u00e9 um espa\u00e7o dedicado \u00e0 sa\u00fade auditiva, respirat\u00f3ria e de garganta, localizado no bairro Ch\u00e1cara Braz Miraglia, em Ja\u00fa, SP. Com um compromisso inabal\u00e1vel com o bem-estar dos pacientes, a cl\u00ednica oferece servi\u00e7os especializados em otorrinolaringologia, sempre com um atendimento humanizado e [&hellip;]<\/p>\n","protected":false},"author":0,"featured_media":0,"comment_status":"open","ping_status":"open","sticky":false,"template":"","format":"standard","meta":{"_et_pb_use_builder":"o","_et_pb_old_content":"","_et_gb_content_width":"","footnotes":""},"categories":[903,681,2494],"tags":[],"class_list":["post-152247","post","type-post","status-publish","format-standard","hentry","category-exames-diagnosticos","category-otorrinolaringologia","category-saude-em-jau"],"yoast_head":"<!-- This site is optimized with the Yoast SEO Premium plugin v21.3 (Yoast SEO v27.5) - https:\/\/yoast.com\/product\/yoast-seo-premium-wordpress\/ -->\n<title>Cl\u00ednica Dr. Cristiano Budin: Otorrinolaringologia em Ja\u00fa - Conv\u00eanio Social<\/title>\n<meta name=\"robots\" content=\"index, follow, max-snippet:-1, max-image-preview:large, max-video-preview:-1\" \/>\n<link rel=\"canonical\" href=\"https:\/\/www.conveniosocial.com.br\/blog\/otorrinolaringologia\/clinica-dr-cristiano-budin-otorrinolaringologia-em-jau\/\" \/>\n<meta property=\"og:locale\" content=\"pt_BR\" \/>\n<meta property=\"og:type\" content=\"article\" \/>\n<meta property=\"og:title\" content=\"Cl\u00ednica Dr. Cristiano Budin: Otorrinolaringologia em Ja\u00fa\" \/>\n<meta property=\"og:description\" content=\"Cl\u00ednica Dr. Cristiano Budin: Otorrinolaringologia em Ja\u00fa A Cl\u00ednica Dr. Cristiano Belloni Budin \u00e9 um espa\u00e7o dedicado \u00e0 sa\u00fade auditiva, respirat\u00f3ria e de garganta, localizado no bairro Ch\u00e1cara Braz Miraglia, em Ja\u00fa, SP. Com um compromisso inabal\u00e1vel com o bem-estar dos pacientes, a cl\u00ednica oferece servi\u00e7os especializados em otorrinolaringologia, sempre com um atendimento humanizado e [&hellip;]\" \/>\n<meta property=\"og:url\" content=\"https:\/\/www.conveniosocial.com.br\/blog\/otorrinolaringologia\/clinica-dr-cristiano-budin-otorrinolaringologia-em-jau\/\" \/>\n<meta property=\"og:site_name\" content=\"Conv\u00eanio Social\" \/>\n<meta property=\"article:published_time\" content=\"2026-03-10T00:00:41+00:00\" \/>\n<meta name=\"twitter:card\" content=\"summary_large_image\" \/>\n<meta name=\"twitter:label1\" content=\"Est. tempo de leitura\" \/>\n\t<meta name=\"twitter:data1\" content=\"3 minutos\" \/>\n<script type=\"application\/ld+json\" class=\"yoast-schema-graph\">{\"@context\":\"https:\\\/\\\/schema.org\",\"@graph\":[{\"@type\":\"Article\",\"@id\":\"https:\\\/\\\/www.conveniosocial.com.br\\\/blog\\\/otorrinolaringologia\\\/clinica-dr-cristiano-budin-otorrinolaringologia-em-jau\\\/#article\",\"isPartOf\":{\"@id\":\"https:\\\/\\\/www.conveniosocial.com.br\\\/blog\\\/otorrinolaringologia\\\/clinica-dr-cristiano-budin-otorrinolaringologia-em-jau\\\/\"},\"author\":{\"name\":\"\",\"@id\":\"\"},\"headline\":\"Cl\u00ednica Dr. Cristiano Budin: Otorrinolaringologia em Ja\u00fa\",\"datePublished\":\"2026-03-10T00:00:41+00:00\",\"mainEntityOfPage\":{\"@id\":\"https:\\\/\\\/www.conveniosocial.com.br\\\/blog\\\/otorrinolaringologia\\\/clinica-dr-cristiano-budin-otorrinolaringologia-em-jau\\\/\"},\"wordCount\":637,\"commentCount\":0,\"publisher\":{\"@id\":\"https:\\\/\\\/www.conveniosocial.com.br\\\/blog\\\/#organization\"},\"articleSection\":[\"Exames Diagn\u00f3sticos\",\"Otorrinolaringologia\",\"Sa\u00fade em Ja\u00fa\"],\"inLanguage\":\"pt-BR\"},{\"@type\":\"WebPage\",\"@id\":\"https:\\\/\\\/www.conveniosocial.com.br\\\/blog\\\/otorrinolaringologia\\\/clinica-dr-cristiano-budin-otorrinolaringologia-em-jau\\\/\",\"url\":\"https:\\\/\\\/www.conveniosocial.com.br\\\/blog\\\/otorrinolaringologia\\\/clinica-dr-cristiano-budin-otorrinolaringologia-em-jau\\\/\",\"name\":\"Cl\u00ednica Dr. Cristiano Budin: Otorrinolaringologia em Ja\u00fa - Conv\u00eanio Social\",\"isPartOf\":{\"@id\":\"https:\\\/\\\/www.conveniosocial.com.br\\\/blog\\\/#website\"},\"datePublished\":\"2026-03-10T00:00:41+00:00\",\"breadcrumb\":{\"@id\":\"https:\\\/\\\/www.conveniosocial.com.br\\\/blog\\\/otorrinolaringologia\\\/clinica-dr-cristiano-budin-otorrinolaringologia-em-jau\\\/#breadcrumb\"},\"inLanguage\":\"pt-BR\",\"potentialAction\":[{\"@type\":\"ReadAction\",\"target\":[\"https:\\\/\\\/www.conveniosocial.com.br\\\/blog\\\/otorrinolaringologia\\\/clinica-dr-cristiano-budin-otorrinolaringologia-em-jau\\\/\"]}]},{\"@type\":\"BreadcrumbList\",\"@id\":\"https:\\\/\\\/www.conveniosocial.com.br\\\/blog\\\/otorrinolaringologia\\\/clinica-dr-cristiano-budin-otorrinolaringologia-em-jau\\\/#breadcrumb\",\"itemListElement\":[{\"@type\":\"ListItem\",\"position\":1,\"name\":\"Home\",\"item\":\"https:\\\/\\\/www.conveniosocial.com.br\\\/blog\\\/\"},{\"@type\":\"ListItem\",\"position\":2,\"name\":\"Exames Diagn\u00f3sticos\",\"item\":\"https:\\\/\\\/www.conveniosocial.com.br\\\/blog\\\/exames-diagnosticos\\\/\"},{\"@type\":\"ListItem\",\"position\":3,\"name\":\"Cl\u00ednica Dr. Cristiano Budin: Otorrinolaringologia em Ja\u00fa\"}]},{\"@type\":\"WebSite\",\"@id\":\"https:\\\/\\\/www.conveniosocial.com.br\\\/blog\\\/#website\",\"url\":\"https:\\\/\\\/www.conveniosocial.com.br\\\/blog\\\/\",\"name\":\"Conv\u00eanio Social\",\"description\":\"Informa\u00e7\u00f5es de Sa\u00fade e Bem-estar, Consultas e Exames Popular\",\"publisher\":{\"@id\":\"https:\\\/\\\/www.conveniosocial.com.br\\\/blog\\\/#organization\"},\"potentialAction\":[{\"@type\":\"SearchAction\",\"target\":{\"@type\":\"EntryPoint\",\"urlTemplate\":\"https:\\\/\\\/www.conveniosocial.com.br\\\/blog\\\/?s={search_term_string}\"},\"query-input\":{\"@type\":\"PropertyValueSpecification\",\"valueRequired\":true,\"valueName\":\"search_term_string\"}}],\"inLanguage\":\"pt-BR\"},{\"@type\":\"Organization\",\"@id\":\"https:\\\/\\\/www.conveniosocial.com.br\\\/blog\\\/#organization\",\"name\":\"Conv\u00eanio Social\",\"url\":\"https:\\\/\\\/www.conveniosocial.com.br\\\/blog\\\/\",\"logo\":{\"@type\":\"ImageObject\",\"inLanguage\":\"pt-BR\",\"@id\":\"https:\\\/\\\/www.conveniosocial.com.br\\\/blog\\\/#\\\/schema\\\/logo\\\/image\\\/\",\"url\":\"https:\\\/\\\/www.conveniosocial.com.br\\\/blog\\\/wp-content\\\/uploads\\\/2021\\\/11\\\/novo_logo-convenio-socia-digital.png\",\"contentUrl\":\"https:\\\/\\\/www.conveniosocial.com.br\\\/blog\\\/wp-content\\\/uploads\\\/2021\\\/11\\\/novo_logo-convenio-socia-digital.png\",\"width\":400,\"height\":102,\"caption\":\"Conv\u00eanio Social\"},\"image\":{\"@id\":\"https:\\\/\\\/www.conveniosocial.com.br\\\/blog\\\/#\\\/schema\\\/logo\\\/image\\\/\"}}]}<\/script>\n<!-- \/ Yoast SEO Premium plugin. -->","yoast_head_json":{"title":"Cl\u00ednica Dr. Cristiano Budin: Otorrinolaringologia em Ja\u00fa - Conv\u00eanio Social","robots":{"index":"index","follow":"follow","max-snippet":"max-snippet:-1","max-image-preview":"max-image-preview:large","max-video-preview":"max-video-preview:-1"},"canonical":"https:\/\/www.conveniosocial.com.br\/blog\/otorrinolaringologia\/clinica-dr-cristiano-budin-otorrinolaringologia-em-jau\/","og_locale":"pt_BR","og_type":"article","og_title":"Cl\u00ednica Dr. Cristiano Budin: Otorrinolaringologia em Ja\u00fa","og_description":"Cl\u00ednica Dr. Cristiano Budin: Otorrinolaringologia em Ja\u00fa A Cl\u00ednica Dr. Cristiano Belloni Budin \u00e9 um espa\u00e7o dedicado \u00e0 sa\u00fade auditiva, respirat\u00f3ria e de garganta, localizado no bairro Ch\u00e1cara Braz Miraglia, em Ja\u00fa, SP. Com um compromisso inabal\u00e1vel com o bem-estar dos pacientes, a cl\u00ednica oferece servi\u00e7os especializados em otorrinolaringologia, sempre com um atendimento humanizado e [&hellip;]","og_url":"https:\/\/www.conveniosocial.com.br\/blog\/otorrinolaringologia\/clinica-dr-cristiano-budin-otorrinolaringologia-em-jau\/","og_site_name":"Conv\u00eanio Social","article_published_time":"2026-03-10T00:00:41+00:00","twitter_card":"summary_large_image","twitter_misc":{"Est. tempo de leitura":"3 minutos"},"schema":{"@context":"https:\/\/schema.org","@graph":[{"@type":"Article","@id":"https:\/\/www.conveniosocial.com.br\/blog\/otorrinolaringologia\/clinica-dr-cristiano-budin-otorrinolaringologia-em-jau\/#article","isPartOf":{"@id":"https:\/\/www.conveniosocial.com.br\/blog\/otorrinolaringologia\/clinica-dr-cristiano-budin-otorrinolaringologia-em-jau\/"},"author":{"name":"","@id":""},"headline":"Cl\u00ednica Dr. Cristiano Budin: Otorrinolaringologia em Ja\u00fa","datePublished":"2026-03-10T00:00:41+00:00","mainEntityOfPage":{"@id":"https:\/\/www.conveniosocial.com.br\/blog\/otorrinolaringologia\/clinica-dr-cristiano-budin-otorrinolaringologia-em-jau\/"},"wordCount":637,"commentCount":0,"publisher":{"@id":"https:\/\/www.conveniosocial.com.br\/blog\/#organization"},"articleSection":["Exames Diagn\u00f3sticos","Otorrinolaringologia","Sa\u00fade em Ja\u00fa"],"inLanguage":"pt-BR"},{"@type":"WebPage","@id":"https:\/\/www.conveniosocial.com.br\/blog\/otorrinolaringologia\/clinica-dr-cristiano-budin-otorrinolaringologia-em-jau\/","url":"https:\/\/www.conveniosocial.com.br\/blog\/otorrinolaringologia\/clinica-dr-cristiano-budin-otorrinolaringologia-em-jau\/","name":"Cl\u00ednica Dr. Cristiano Budin: Otorrinolaringologia em Ja\u00fa - Conv\u00eanio Social","isPartOf":{"@id":"https:\/\/www.conveniosocial.com.br\/blog\/#website"},"datePublished":"2026-03-10T00:00:41+00:00","breadcrumb":{"@id":"https:\/\/www.conveniosocial.com.br\/blog\/otorrinolaringologia\/clinica-dr-cristiano-budin-otorrinolaringologia-em-jau\/#breadcrumb"},"inLanguage":"pt-BR","potentialAction":[{"@type":"ReadAction","target":["https:\/\/www.conveniosocial.com.br\/blog\/otorrinolaringologia\/clinica-dr-cristiano-budin-otorrinolaringologia-em-jau\/"]}]},{"@type":"BreadcrumbList","@id":"https:\/\/www.conveniosocial.com.br\/blog\/otorrinolaringologia\/clinica-dr-cristiano-budin-otorrinolaringologia-em-jau\/#breadcrumb","itemListElement":[{"@type":"ListItem","position":1,"name":"Home","item":"https:\/\/www.conveniosocial.com.br\/blog\/"},{"@type":"ListItem","position":2,"name":"Exames Diagn\u00f3sticos","item":"https:\/\/www.conveniosocial.com.br\/blog\/exames-diagnosticos\/"},{"@type":"ListItem","position":3,"name":"Cl\u00ednica Dr. Cristiano Budin: Otorrinolaringologia em Ja\u00fa"}]},{"@type":"WebSite","@id":"https:\/\/www.conveniosocial.com.br\/blog\/#website","url":"https:\/\/www.conveniosocial.com.br\/blog\/","name":"Conv\u00eanio Social","description":"Informa\u00e7\u00f5es de Sa\u00fade e Bem-estar, Consultas e Exames Popular","publisher":{"@id":"https:\/\/www.conveniosocial.com.br\/blog\/#organization"},"potentialAction":[{"@type":"SearchAction","target":{"@type":"EntryPoint","urlTemplate":"https:\/\/www.conveniosocial.com.br\/blog\/?s={search_term_string}"},"query-input":{"@type":"PropertyValueSpecification","valueRequired":true,"valueName":"search_term_string"}}],"inLanguage":"pt-BR"},{"@type":"Organization","@id":"https:\/\/www.conveniosocial.com.br\/blog\/#organization","name":"Conv\u00eanio Social","url":"https:\/\/www.conveniosocial.com.br\/blog\/","logo":{"@type":"ImageObject","inLanguage":"pt-BR","@id":"https:\/\/www.conveniosocial.com.br\/blog\/#\/schema\/logo\/image\/","url":"https:\/\/www.conveniosocial.com.br\/blog\/wp-content\/uploads\/2021\/11\/novo_logo-convenio-socia-digital.png","contentUrl":"https:\/\/www.conveniosocial.com.br\/blog\/wp-content\/uploads\/2021\/11\/novo_logo-convenio-socia-digital.png","width":400,"height":102,"caption":"Conv\u00eanio Social"},"image":{"@id":"https:\/\/www.conveniosocial.com.br\/blog\/#\/schema\/logo\/image\/"}}]}},"_links":{"self":[{"href":"https:\/\/www.conveniosocial.com.br\/blog\/wp-json\/wp\/v2\/posts\/152247","targetHints":{"allow":["GET"]}}],"collection":[{"href":"https:\/\/www.conveniosocial.com.br\/blog\/wp-json\/wp\/v2\/posts"}],"about":[{"href":"https:\/\/www.conveniosocial.com.br\/blog\/wp-json\/wp\/v2\/types\/post"}],"replies":[{"embeddable":true,"href":"https:\/\/www.conveniosocial.com.br\/blog\/wp-json\/wp\/v2\/comments?post=152247"}],"version-history":[{"count":0,"href":"https:\/\/www.conveniosocial.com.br\/blog\/wp-json\/wp\/v2\/posts\/152247\/revisions"}],"wp:attachment":[{"href":"https:\/\/www.conveniosocial.com.br\/blog\/wp-json\/wp\/v2\/media?parent=152247"}],"wp:term":[{"taxonomy":"category","embeddable":true,"href":"https:\/\/www.conveniosocial.com.br\/blog\/wp-json\/wp\/v2\/categories?post=152247"},{"taxonomy":"post_tag","embeddable":true,"href":"https:\/\/www.conveniosocial.com.br\/blog\/wp-json\/wp\/v2\/tags?post=152247"}],"curies":[{"name":"wp","href":"https:\/\/api.w.org\/{rel}","templated":true}]}}