{"id":152248,"date":"2026-03-09T21:00:41","date_gmt":"2026-03-10T00:00:41","guid":{"rendered":"https:\/\/www.conveniosocial.com.br\/blog\/nehuma\/larinx-especialistas-em-cirurgia-de-cabeca-e-pescoco\/"},"modified":"2026-03-09T21:00:41","modified_gmt":"2026-03-10T00:00:41","slug":"larinx-especialistas-em-cirurgia-de-cabeca-e-pescoco","status":"publish","type":"post","link":"https:\/\/www.conveniosocial.com.br\/blog\/otorrinolaringologia\/larinx-especialistas-em-cirurgia-de-cabeca-e-pescoco\/","title":{"rendered":"Larinx: Especialistas em Cirurgia de Cabe\u00e7a e Pesco\u00e7o"},"content":{"rendered":"<div id=\"ez-toc-container\" class=\"ez-toc-v2_0_82_2 counter-flat ez-toc-counter ez-toc-white ez-toc-container-direction\">\n<p class=\"ez-toc-title\" style=\"cursor:inherit\">\u00cdndice do Conte\u00fado<\/p>\n<label for=\"ez-toc-cssicon-toggle-item-69f59bff1c008\" class=\"ez-toc-cssicon-toggle-label\"><span class=\"ez-toc-cssicon\"><span class=\"eztoc-hide\" style=\"display:none;\">Toggle<\/span><span class=\"ez-toc-icon-toggle-span\"><svg style=\"fill: #999;color:#999\" xmlns=\"http:\/\/www.w3.org\/2000\/svg\" class=\"list-377408\" width=\"20px\" height=\"20px\" viewBox=\"0 0 24 24\" fill=\"none\"><path d=\"M6 6H4v2h2V6zm14 0H8v2h12V6zM4 11h2v2H4v-2zm16 0H8v2h12v-2zM4 16h2v2H4v-2zm16 0H8v2h12v-2z\" fill=\"currentColor\"><\/path><\/svg><svg style=\"fill: #999;color:#999\" class=\"arrow-unsorted-368013\" xmlns=\"http:\/\/www.w3.org\/2000\/svg\" width=\"10px\" height=\"10px\" viewBox=\"0 0 24 24\" version=\"1.2\" baseProfile=\"tiny\"><path d=\"M18.2 9.3l-6.2-6.3-6.2 6.3c-.2.2-.3.4-.3.7s.1.5.3.7c.2.2.4.3.7.3h11c.3 0 .5-.1.7-.3.2-.2.3-.5.3-.7s-.1-.5-.3-.7zM5.8 14.7l6.2 6.3 6.2-6.3c.2-.2.3-.5.3-.7s-.1-.5-.3-.7c-.2-.2-.4-.3-.7-.3h-11c-.3 0-.5.1-.7.3-.2.2-.3.5-.3.7s.1.5.3.7z\"\/><\/svg><\/span><\/span><\/label><input type=\"checkbox\"  id=\"ez-toc-cssicon-toggle-item-69f59bff1c008\" checked aria-label=\"Alternar\" \/><nav><ul class='ez-toc-list ez-toc-list-level-1 ' ><li class='ez-toc-page-1'><a class=\"ez-toc-link ez-toc-heading-1\" href=\"https:\/\/www.conveniosocial.com.br\/blog\/otorrinolaringologia\/larinx-especialistas-em-cirurgia-de-cabeca-e-pescoco\/#Larinx_Especialistas_em_Cirurgia_de_Cabeca_e_Pescoco\" >Larinx: Especialistas em Cirurgia de Cabe\u00e7a e Pesco\u00e7o<\/a><\/li><li class='ez-toc-page-1'><a class=\"ez-toc-link ez-toc-heading-2\" href=\"https:\/\/www.conveniosocial.com.br\/blog\/otorrinolaringologia\/larinx-especialistas-em-cirurgia-de-cabeca-e-pescoco\/#Perguntas_Frequentes\" >Perguntas Frequentes<\/a><\/li><li class='ez-toc-page-1'><a class=\"ez-toc-link ez-toc-heading-3\" href=\"https:\/\/www.conveniosocial.com.br\/blog\/otorrinolaringologia\/larinx-especialistas-em-cirurgia-de-cabeca-e-pescoco\/#Contato\" >Contato<\/a><\/li><\/ul><\/nav><\/div>\n<h2><span class=\"ez-toc-section\" id=\"Larinx_Especialistas_em_Cirurgia_de_Cabeca_e_Pescoco\"><\/span>Larinx: Especialistas em Cirurgia de Cabe\u00e7a e Pesco\u00e7o<span class=\"ez-toc-section-end\"><\/span><\/h2>\n<p>A Larinx &#8211; Cirurgia de Cabe\u00e7a e Pesco\u00e7o \u00e9 uma cl\u00ednica especializada em otorrinolaringologia, situada no acolhedor bairro Ch\u00e1cara Braz Miraglia, em Ja\u00fa, S\u00e3o Paulo. Sob a responsabilidade da Dra. Martina Iavarone, uma profissional renomada na \u00e1rea, a cl\u00ednica se destaca pela aten\u00e7\u00e3o humanizada e pelo compromisso com a sa\u00fade dos pacientes. Na Larinx, cada atendimento \u00e9 realizado com a m\u00e1xima dedica\u00e7\u00e3o, visando n\u00e3o apenas o tratamento, mas tamb\u00e9m o bem-estar integral do paciente. <\/p>\n<p>A localiza\u00e7\u00e3o da cl\u00ednica \u00e9 estrat\u00e9gica, permitindo f\u00e1cil acesso para moradores de Ja\u00fa e das cidades vizinhas. Os bairros pr\u00f3ximos, como Vila Hilst, Jardim Regina, Vila Ivan, Ch\u00e1cara S\u00e3o Jos\u00e9 e Ch\u00e1cara Peccioli, facilitam a locomo\u00e7\u00e3o, seja a p\u00e9 ou de transporte p\u00fablico. Essa proximidade \u00e9 um diferencial importante, pois garante que mais pessoas possam usufruir dos servi\u00e7os de sa\u00fade de qualidade oferecidos pela Larinx. <\/p>\n<p>A especialidade da cl\u00ednica concentra-se na otorrinolaringologia, um campo da medicina que se dedica ao diagn\u00f3stico e tratamento de doen\u00e7as relacionadas ao ouvido, nariz e garganta. Os pacientes podem contar com uma gama de exames espec\u00edficos que auxiliam na identifica\u00e7\u00e3o de problemas como sinusite, rinite, dist\u00farbios da audi\u00e7\u00e3o, entre outros. Com um ambiente acolhedor e estruturado, a Larinx proporciona um espa\u00e7o seguro para que as consultas e procedimentos sejam realizados com conforto e tranquilidade. <\/p>\n<p>Embora os conv\u00eanios n\u00e3o tenham sido informados, a cl\u00ednica est\u00e1 sempre aberta a dialogar com seus pacientes sobre formas de atendimento que possam facilitar o acesso aos servi\u00e7os. A comunica\u00e7\u00e3o \u00e9 fundamental, e a Larinx busca manter um relacionamento transparente e pr\u00f3ximo de todos que a procuram. <\/p>\n<p>Para garantir um atendimento ainda mais eficiente, a cl\u00ednica est\u00e1 investindo em melhorias cont\u00ednuas e atualiza\u00e7\u00e3o de suas pr\u00e1ticas. A Dra. Martina Iavarone e sua equipe est\u00e3o sempre em busca de conhecimento e aperfei\u00e7oamento, garantindo que cada paciente receba o melhor cuidado poss\u00edvel. Al\u00e9m disso, a Larinx tamb\u00e9m estar\u00e1 dispon\u00edvel nas plataformas digitais, permitindo que os pacientes se conectem facilmente por meio de seu site e redes sociais. <\/p>\n<p>A Larinx \u00e9 mais do que uma cl\u00ednica; \u00e9 um espa\u00e7o de cuidado e carinho, onde cada paciente \u00e9 tratado como \u00fanico. Se voc\u00ea est\u00e1 buscando um otorrinolaringologista em Ja\u00fa, venha nos visitar. Estamos prontos para atender voc\u00ea com excel\u00eancia e humanidade. Para mais informa\u00e7\u00f5es, entre em contato com a cl\u00ednica e agende sua consulta. Estamos aqui para ajudar na sua sa\u00fade e qualidade de vida!<\/p>\n<h3><span class=\"ez-toc-section\" id=\"Perguntas_Frequentes\"><\/span>Perguntas Frequentes<span class=\"ez-toc-section-end\"><\/span><\/h3>\n<p>P: O que \u00e9 otorrinolaringologia?<br \/>\nR: A otorrinolaringologia \u00e9 a especialidade m\u00e9dica que se dedica ao diagn\u00f3stico e tratamento de doen\u00e7as do ouvido, nariz e garganta.<\/p>\n<p>P: Quais condi\u00e7\u00f5es podem ser tratadas na Larinx?<br \/>\nR: Na Larinx, tratamos condi\u00e7\u00f5es como sinusite, rinite, problemas de audi\u00e7\u00e3o, entre outras doen\u00e7as relacionadas \u00e0 otorrinolaringologia.<\/p>\n<p>P: Como posso agendar uma consulta?<br \/>\nR: Para agendar uma consulta, entre em contato diretamente com a cl\u00ednica atrav\u00e9s do telefone que ser\u00e1 disponibilizado em breve.<\/p>\n<p>P: A Larinx atende conv\u00eanios?<br \/>\nR: Atualmente, os conv\u00eanios n\u00e3o foram informados, mas estamos abertos a conversar sobre formas de atendimento.<\/p>\n<p>P: Qual \u00e9 a localiza\u00e7\u00e3o da cl\u00ednica Larinx?<br \/>\nR: A cl\u00ednica Larinx est\u00e1 localizada no bairro Ch\u00e1cara Braz Miraglia, em Ja\u00fa, SP.<\/p>\n<p>P: Quais exames est\u00e3o dispon\u00edveis na Larinx?<br \/>\nR: Oferecemos exames otorrinolaringol\u00f3gicos para ajudar no diagn\u00f3stico de diversas condi\u00e7\u00f5es.<\/p>\n<p>P: A cl\u00ednica possui hor\u00e1rio de funcionamento?<br \/>\nR: O hor\u00e1rio de funcionamento ainda n\u00e3o foi informado, mas em breve estar\u00e1 dispon\u00edvel.<\/p>\n<p>P: Quem \u00e9 a respons\u00e1vel t\u00e9cnica da Larinx?<br \/>\nR: A respons\u00e1vel t\u00e9cnica \u00e9 a Dra. Martina Iavarone, CRM 158087\/SP.<\/p>\n<p>P: Quais s\u00e3o os bairros pr\u00f3ximos \u00e0 cl\u00ednica?<br \/>\nR: Bairros pr\u00f3ximos incluem Vila Hilst, Jardim Regina, Vila Ivan, Ch\u00e1cara S\u00e3o Jos\u00e9 e Ch\u00e1cara Peccioli.<\/p>\n<p>P: A Larinx aceita pacientes de outras cidades?<br \/>\nR: Sim, a Larinx est\u00e1 dispon\u00edvel para atender pacientes de Ja\u00fa e cidades vizinhas.<\/p>\n<h3><span class=\"ez-toc-section\" id=\"Contato\"><\/span>Contato<span class=\"ez-toc-section-end\"><\/span><\/h3>\n<p><strong>Tel.:  | <\/strong><br \/>\n<strong>WhatsApp: &#8211; <\/strong><\/p>\n","protected":false},"excerpt":{"rendered":"<p>Larinx: Especialistas em Cirurgia de Cabe\u00e7a e Pesco\u00e7o A Larinx &#8211; Cirurgia de Cabe\u00e7a e Pesco\u00e7o \u00e9 uma cl\u00ednica especializada em otorrinolaringologia, situada no acolhedor bairro Ch\u00e1cara Braz Miraglia, em Ja\u00fa, S\u00e3o Paulo. Sob a responsabilidade da Dra. Martina Iavarone, uma profissional renomada na \u00e1rea, a cl\u00ednica se destaca pela aten\u00e7\u00e3o humanizada e pelo compromisso [&hellip;]<\/p>\n","protected":false},"author":0,"featured_media":0,"comment_status":"open","ping_status":"open","sticky":false,"template":"","format":"standard","meta":{"_et_pb_use_builder":"o","_et_pb_old_content":"","_et_gb_content_width":"","footnotes":""},"categories":[2367,906,681],"tags":[],"class_list":["post-152248","post","type-post","status-publish","format-standard","hentry","category-clinicas-em-jau","category-exames-de-saude","category-otorrinolaringologia"],"yoast_head":"<!-- This site is optimized with the Yoast SEO Premium plugin v21.3 (Yoast SEO v27.5) - https:\/\/yoast.com\/product\/yoast-seo-premium-wordpress\/ -->\n<title>Larinx: Especialistas em Cirurgia de Cabe\u00e7a e Pesco\u00e7o - Conv\u00eanio Social<\/title>\n<meta name=\"robots\" content=\"index, follow, max-snippet:-1, max-image-preview:large, max-video-preview:-1\" \/>\n<link rel=\"canonical\" href=\"https:\/\/www.conveniosocial.com.br\/blog\/otorrinolaringologia\/larinx-especialistas-em-cirurgia-de-cabeca-e-pescoco\/\" \/>\n<meta property=\"og:locale\" content=\"pt_BR\" \/>\n<meta property=\"og:type\" content=\"article\" \/>\n<meta property=\"og:title\" content=\"Larinx: Especialistas em Cirurgia de Cabe\u00e7a e Pesco\u00e7o\" \/>\n<meta property=\"og:description\" content=\"Larinx: Especialistas em Cirurgia de Cabe\u00e7a e Pesco\u00e7o A Larinx - Cirurgia de Cabe\u00e7a e Pesco\u00e7o \u00e9 uma cl\u00ednica especializada em otorrinolaringologia, situada no acolhedor bairro Ch\u00e1cara Braz Miraglia, em Ja\u00fa, S\u00e3o Paulo. Sob a responsabilidade da Dra. Martina Iavarone, uma profissional renomada na \u00e1rea, a cl\u00ednica se destaca pela aten\u00e7\u00e3o humanizada e pelo compromisso [&hellip;]\" \/>\n<meta property=\"og:url\" content=\"https:\/\/www.conveniosocial.com.br\/blog\/otorrinolaringologia\/larinx-especialistas-em-cirurgia-de-cabeca-e-pescoco\/\" \/>\n<meta property=\"og:site_name\" content=\"Conv\u00eanio Social\" \/>\n<meta property=\"article:published_time\" content=\"2026-03-10T00:00:41+00:00\" \/>\n<meta name=\"twitter:card\" content=\"summary_large_image\" \/>\n<meta name=\"twitter:label1\" content=\"Est. tempo de leitura\" \/>\n\t<meta name=\"twitter:data1\" content=\"4 minutos\" \/>\n<script type=\"application\/ld+json\" class=\"yoast-schema-graph\">{\"@context\":\"https:\\\/\\\/schema.org\",\"@graph\":[{\"@type\":\"Article\",\"@id\":\"https:\\\/\\\/www.conveniosocial.com.br\\\/blog\\\/otorrinolaringologia\\\/larinx-especialistas-em-cirurgia-de-cabeca-e-pescoco\\\/#article\",\"isPartOf\":{\"@id\":\"https:\\\/\\\/www.conveniosocial.com.br\\\/blog\\\/otorrinolaringologia\\\/larinx-especialistas-em-cirurgia-de-cabeca-e-pescoco\\\/\"},\"author\":{\"name\":\"\",\"@id\":\"\"},\"headline\":\"Larinx: Especialistas em Cirurgia de Cabe\u00e7a e Pesco\u00e7o\",\"datePublished\":\"2026-03-10T00:00:41+00:00\",\"mainEntityOfPage\":{\"@id\":\"https:\\\/\\\/www.conveniosocial.com.br\\\/blog\\\/otorrinolaringologia\\\/larinx-especialistas-em-cirurgia-de-cabeca-e-pescoco\\\/\"},\"wordCount\":720,\"commentCount\":0,\"publisher\":{\"@id\":\"https:\\\/\\\/www.conveniosocial.com.br\\\/blog\\\/#organization\"},\"articleSection\":[\"Cl\u00ednicas em Ja\u00fa\",\"Exames de Sa\u00fade\",\"Otorrinolaringologia\"],\"inLanguage\":\"pt-BR\"},{\"@type\":\"WebPage\",\"@id\":\"https:\\\/\\\/www.conveniosocial.com.br\\\/blog\\\/otorrinolaringologia\\\/larinx-especialistas-em-cirurgia-de-cabeca-e-pescoco\\\/\",\"url\":\"https:\\\/\\\/www.conveniosocial.com.br\\\/blog\\\/otorrinolaringologia\\\/larinx-especialistas-em-cirurgia-de-cabeca-e-pescoco\\\/\",\"name\":\"Larinx: Especialistas em Cirurgia de Cabe\u00e7a e Pesco\u00e7o - Conv\u00eanio Social\",\"isPartOf\":{\"@id\":\"https:\\\/\\\/www.conveniosocial.com.br\\\/blog\\\/#website\"},\"datePublished\":\"2026-03-10T00:00:41+00:00\",\"breadcrumb\":{\"@id\":\"https:\\\/\\\/www.conveniosocial.com.br\\\/blog\\\/otorrinolaringologia\\\/larinx-especialistas-em-cirurgia-de-cabeca-e-pescoco\\\/#breadcrumb\"},\"inLanguage\":\"pt-BR\",\"potentialAction\":[{\"@type\":\"ReadAction\",\"target\":[\"https:\\\/\\\/www.conveniosocial.com.br\\\/blog\\\/otorrinolaringologia\\\/larinx-especialistas-em-cirurgia-de-cabeca-e-pescoco\\\/\"]}]},{\"@type\":\"BreadcrumbList\",\"@id\":\"https:\\\/\\\/www.conveniosocial.com.br\\\/blog\\\/otorrinolaringologia\\\/larinx-especialistas-em-cirurgia-de-cabeca-e-pescoco\\\/#breadcrumb\",\"itemListElement\":[{\"@type\":\"ListItem\",\"position\":1,\"name\":\"Home\",\"item\":\"https:\\\/\\\/www.conveniosocial.com.br\\\/blog\\\/\"},{\"@type\":\"ListItem\",\"position\":2,\"name\":\"Cl\u00ednicas em Ja\u00fa\",\"item\":\"https:\\\/\\\/www.conveniosocial.com.br\\\/blog\\\/clinicas-em-jau\\\/\"},{\"@type\":\"ListItem\",\"position\":3,\"name\":\"Larinx: Especialistas em Cirurgia de Cabe\u00e7a e Pesco\u00e7o\"}]},{\"@type\":\"WebSite\",\"@id\":\"https:\\\/\\\/www.conveniosocial.com.br\\\/blog\\\/#website\",\"url\":\"https:\\\/\\\/www.conveniosocial.com.br\\\/blog\\\/\",\"name\":\"Conv\u00eanio Social\",\"description\":\"Informa\u00e7\u00f5es de Sa\u00fade e Bem-estar, Consultas e Exames Popular\",\"publisher\":{\"@id\":\"https:\\\/\\\/www.conveniosocial.com.br\\\/blog\\\/#organization\"},\"potentialAction\":[{\"@type\":\"SearchAction\",\"target\":{\"@type\":\"EntryPoint\",\"urlTemplate\":\"https:\\\/\\\/www.conveniosocial.com.br\\\/blog\\\/?s={search_term_string}\"},\"query-input\":{\"@type\":\"PropertyValueSpecification\",\"valueRequired\":true,\"valueName\":\"search_term_string\"}}],\"inLanguage\":\"pt-BR\"},{\"@type\":\"Organization\",\"@id\":\"https:\\\/\\\/www.conveniosocial.com.br\\\/blog\\\/#organization\",\"name\":\"Conv\u00eanio Social\",\"url\":\"https:\\\/\\\/www.conveniosocial.com.br\\\/blog\\\/\",\"logo\":{\"@type\":\"ImageObject\",\"inLanguage\":\"pt-BR\",\"@id\":\"https:\\\/\\\/www.conveniosocial.com.br\\\/blog\\\/#\\\/schema\\\/logo\\\/image\\\/\",\"url\":\"https:\\\/\\\/www.conveniosocial.com.br\\\/blog\\\/wp-content\\\/uploads\\\/2021\\\/11\\\/novo_logo-convenio-socia-digital.png\",\"contentUrl\":\"https:\\\/\\\/www.conveniosocial.com.br\\\/blog\\\/wp-content\\\/uploads\\\/2021\\\/11\\\/novo_logo-convenio-socia-digital.png\",\"width\":400,\"height\":102,\"caption\":\"Conv\u00eanio Social\"},\"image\":{\"@id\":\"https:\\\/\\\/www.conveniosocial.com.br\\\/blog\\\/#\\\/schema\\\/logo\\\/image\\\/\"}}]}<\/script>\n<!-- \/ Yoast SEO Premium plugin. -->","yoast_head_json":{"title":"Larinx: Especialistas em Cirurgia de Cabe\u00e7a e Pesco\u00e7o - Conv\u00eanio Social","robots":{"index":"index","follow":"follow","max-snippet":"max-snippet:-1","max-image-preview":"max-image-preview:large","max-video-preview":"max-video-preview:-1"},"canonical":"https:\/\/www.conveniosocial.com.br\/blog\/otorrinolaringologia\/larinx-especialistas-em-cirurgia-de-cabeca-e-pescoco\/","og_locale":"pt_BR","og_type":"article","og_title":"Larinx: Especialistas em Cirurgia de Cabe\u00e7a e Pesco\u00e7o","og_description":"Larinx: Especialistas em Cirurgia de Cabe\u00e7a e Pesco\u00e7o A Larinx - Cirurgia de Cabe\u00e7a e Pesco\u00e7o \u00e9 uma cl\u00ednica especializada em otorrinolaringologia, situada no acolhedor bairro Ch\u00e1cara Braz Miraglia, em Ja\u00fa, S\u00e3o Paulo. Sob a responsabilidade da Dra. Martina Iavarone, uma profissional renomada na \u00e1rea, a cl\u00ednica se destaca pela aten\u00e7\u00e3o humanizada e pelo compromisso [&hellip;]","og_url":"https:\/\/www.conveniosocial.com.br\/blog\/otorrinolaringologia\/larinx-especialistas-em-cirurgia-de-cabeca-e-pescoco\/","og_site_name":"Conv\u00eanio Social","article_published_time":"2026-03-10T00:00:41+00:00","twitter_card":"summary_large_image","twitter_misc":{"Est. tempo de leitura":"4 minutos"},"schema":{"@context":"https:\/\/schema.org","@graph":[{"@type":"Article","@id":"https:\/\/www.conveniosocial.com.br\/blog\/otorrinolaringologia\/larinx-especialistas-em-cirurgia-de-cabeca-e-pescoco\/#article","isPartOf":{"@id":"https:\/\/www.conveniosocial.com.br\/blog\/otorrinolaringologia\/larinx-especialistas-em-cirurgia-de-cabeca-e-pescoco\/"},"author":{"name":"","@id":""},"headline":"Larinx: Especialistas em Cirurgia de Cabe\u00e7a e Pesco\u00e7o","datePublished":"2026-03-10T00:00:41+00:00","mainEntityOfPage":{"@id":"https:\/\/www.conveniosocial.com.br\/blog\/otorrinolaringologia\/larinx-especialistas-em-cirurgia-de-cabeca-e-pescoco\/"},"wordCount":720,"commentCount":0,"publisher":{"@id":"https:\/\/www.conveniosocial.com.br\/blog\/#organization"},"articleSection":["Cl\u00ednicas em Ja\u00fa","Exames de Sa\u00fade","Otorrinolaringologia"],"inLanguage":"pt-BR"},{"@type":"WebPage","@id":"https:\/\/www.conveniosocial.com.br\/blog\/otorrinolaringologia\/larinx-especialistas-em-cirurgia-de-cabeca-e-pescoco\/","url":"https:\/\/www.conveniosocial.com.br\/blog\/otorrinolaringologia\/larinx-especialistas-em-cirurgia-de-cabeca-e-pescoco\/","name":"Larinx: Especialistas em Cirurgia de Cabe\u00e7a e Pesco\u00e7o - Conv\u00eanio Social","isPartOf":{"@id":"https:\/\/www.conveniosocial.com.br\/blog\/#website"},"datePublished":"2026-03-10T00:00:41+00:00","breadcrumb":{"@id":"https:\/\/www.conveniosocial.com.br\/blog\/otorrinolaringologia\/larinx-especialistas-em-cirurgia-de-cabeca-e-pescoco\/#breadcrumb"},"inLanguage":"pt-BR","potentialAction":[{"@type":"ReadAction","target":["https:\/\/www.conveniosocial.com.br\/blog\/otorrinolaringologia\/larinx-especialistas-em-cirurgia-de-cabeca-e-pescoco\/"]}]},{"@type":"BreadcrumbList","@id":"https:\/\/www.conveniosocial.com.br\/blog\/otorrinolaringologia\/larinx-especialistas-em-cirurgia-de-cabeca-e-pescoco\/#breadcrumb","itemListElement":[{"@type":"ListItem","position":1,"name":"Home","item":"https:\/\/www.conveniosocial.com.br\/blog\/"},{"@type":"ListItem","position":2,"name":"Cl\u00ednicas em Ja\u00fa","item":"https:\/\/www.conveniosocial.com.br\/blog\/clinicas-em-jau\/"},{"@type":"ListItem","position":3,"name":"Larinx: Especialistas em Cirurgia de Cabe\u00e7a e Pesco\u00e7o"}]},{"@type":"WebSite","@id":"https:\/\/www.conveniosocial.com.br\/blog\/#website","url":"https:\/\/www.conveniosocial.com.br\/blog\/","name":"Conv\u00eanio Social","description":"Informa\u00e7\u00f5es de Sa\u00fade e Bem-estar, Consultas e Exames Popular","publisher":{"@id":"https:\/\/www.conveniosocial.com.br\/blog\/#organization"},"potentialAction":[{"@type":"SearchAction","target":{"@type":"EntryPoint","urlTemplate":"https:\/\/www.conveniosocial.com.br\/blog\/?s={search_term_string}"},"query-input":{"@type":"PropertyValueSpecification","valueRequired":true,"valueName":"search_term_string"}}],"inLanguage":"pt-BR"},{"@type":"Organization","@id":"https:\/\/www.conveniosocial.com.br\/blog\/#organization","name":"Conv\u00eanio Social","url":"https:\/\/www.conveniosocial.com.br\/blog\/","logo":{"@type":"ImageObject","inLanguage":"pt-BR","@id":"https:\/\/www.conveniosocial.com.br\/blog\/#\/schema\/logo\/image\/","url":"https:\/\/www.conveniosocial.com.br\/blog\/wp-content\/uploads\/2021\/11\/novo_logo-convenio-socia-digital.png","contentUrl":"https:\/\/www.conveniosocial.com.br\/blog\/wp-content\/uploads\/2021\/11\/novo_logo-convenio-socia-digital.png","width":400,"height":102,"caption":"Conv\u00eanio Social"},"image":{"@id":"https:\/\/www.conveniosocial.com.br\/blog\/#\/schema\/logo\/image\/"}}]}},"_links":{"self":[{"href":"https:\/\/www.conveniosocial.com.br\/blog\/wp-json\/wp\/v2\/posts\/152248","targetHints":{"allow":["GET"]}}],"collection":[{"href":"https:\/\/www.conveniosocial.com.br\/blog\/wp-json\/wp\/v2\/posts"}],"about":[{"href":"https:\/\/www.conveniosocial.com.br\/blog\/wp-json\/wp\/v2\/types\/post"}],"replies":[{"embeddable":true,"href":"https:\/\/www.conveniosocial.com.br\/blog\/wp-json\/wp\/v2\/comments?post=152248"}],"version-history":[{"count":0,"href":"https:\/\/www.conveniosocial.com.br\/blog\/wp-json\/wp\/v2\/posts\/152248\/revisions"}],"wp:attachment":[{"href":"https:\/\/www.conveniosocial.com.br\/blog\/wp-json\/wp\/v2\/media?parent=152248"}],"wp:term":[{"taxonomy":"category","embeddable":true,"href":"https:\/\/www.conveniosocial.com.br\/blog\/wp-json\/wp\/v2\/categories?post=152248"},{"taxonomy":"post_tag","embeddable":true,"href":"https:\/\/www.conveniosocial.com.br\/blog\/wp-json\/wp\/v2\/tags?post=152248"}],"curies":[{"name":"wp","href":"https:\/\/api.w.org\/{rel}","templated":true}]}}