{"id":152274,"date":"2026-03-10T21:01:05","date_gmt":"2026-03-11T00:01:05","guid":{"rendered":"https:\/\/www.conveniosocial.com.br\/blog\/nehuma\/dra-raquel-evangelista-cuidado-e-saude-em-eusebio\/"},"modified":"2026-03-10T21:01:05","modified_gmt":"2026-03-11T00:01:05","slug":"dra-raquel-evangelista-cuidado-e-saude-em-eusebio","status":"publish","type":"post","link":"https:\/\/www.conveniosocial.com.br\/blog\/clinica-geral\/dra-raquel-evangelista-cuidado-e-saude-em-eusebio\/","title":{"rendered":"Dra. Raquel Evangelista: Cuidado e Sa\u00fade em Eus\u00e9bio"},"content":{"rendered":"<div id=\"ez-toc-container\" class=\"ez-toc-v2_0_82_2 counter-flat ez-toc-counter ez-toc-white ez-toc-container-direction\">\n<p class=\"ez-toc-title\" style=\"cursor:inherit\">\u00cdndice do Conte\u00fado<\/p>\n<label for=\"ez-toc-cssicon-toggle-item-69f0d4dd66a2f\" class=\"ez-toc-cssicon-toggle-label\"><span class=\"ez-toc-cssicon\"><span class=\"eztoc-hide\" style=\"display:none;\">Toggle<\/span><span class=\"ez-toc-icon-toggle-span\"><svg style=\"fill: #999;color:#999\" xmlns=\"http:\/\/www.w3.org\/2000\/svg\" class=\"list-377408\" width=\"20px\" height=\"20px\" viewBox=\"0 0 24 24\" fill=\"none\"><path d=\"M6 6H4v2h2V6zm14 0H8v2h12V6zM4 11h2v2H4v-2zm16 0H8v2h12v-2zM4 16h2v2H4v-2zm16 0H8v2h12v-2z\" fill=\"currentColor\"><\/path><\/svg><svg style=\"fill: #999;color:#999\" class=\"arrow-unsorted-368013\" xmlns=\"http:\/\/www.w3.org\/2000\/svg\" width=\"10px\" height=\"10px\" viewBox=\"0 0 24 24\" version=\"1.2\" baseProfile=\"tiny\"><path d=\"M18.2 9.3l-6.2-6.3-6.2 6.3c-.2.2-.3.4-.3.7s.1.5.3.7c.2.2.4.3.7.3h11c.3 0 .5-.1.7-.3.2-.2.3-.5.3-.7s-.1-.5-.3-.7zM5.8 14.7l6.2 6.3 6.2-6.3c.2-.2.3-.5.3-.7s-.1-.5-.3-.7c-.2-.2-.4-.3-.7-.3h-11c-.3 0-.5.1-.7.3-.2.2-.3.5-.3.7s.1.5.3.7z\"\/><\/svg><\/span><\/span><\/label><input type=\"checkbox\"  id=\"ez-toc-cssicon-toggle-item-69f0d4dd66a2f\" checked aria-label=\"Alternar\" \/><nav><ul class='ez-toc-list ez-toc-list-level-1 ' ><li class='ez-toc-page-1'><a class=\"ez-toc-link ez-toc-heading-1\" href=\"https:\/\/www.conveniosocial.com.br\/blog\/clinica-geral\/dra-raquel-evangelista-cuidado-e-saude-em-eusebio\/#Dra_Raquel_Evangelista_Cuidado_e_Saude_em_Eusebio\" >Dra. Raquel Evangelista: Cuidado e Sa\u00fade em Eus\u00e9bio<\/a><\/li><li class='ez-toc-page-1'><a class=\"ez-toc-link ez-toc-heading-2\" href=\"https:\/\/www.conveniosocial.com.br\/blog\/clinica-geral\/dra-raquel-evangelista-cuidado-e-saude-em-eusebio\/#Perguntas_Frequentes\" >Perguntas Frequentes<\/a><\/li><li class='ez-toc-page-1'><a class=\"ez-toc-link ez-toc-heading-3\" href=\"https:\/\/www.conveniosocial.com.br\/blog\/clinica-geral\/dra-raquel-evangelista-cuidado-e-saude-em-eusebio\/#Contato\" >Contato<\/a><\/li><\/ul><\/nav><\/div>\n<h2><span class=\"ez-toc-section\" id=\"Dra_Raquel_Evangelista_Cuidado_e_Saude_em_Eusebio\"><\/span>Dra. Raquel Evangelista: Cuidado e Sa\u00fade em Eus\u00e9bio<span class=\"ez-toc-section-end\"><\/span><\/h2>\n<p>A Cl\u00ednica da Dra. Raquel Evangelista em Eus\u00e9bio, Cear\u00e1, \u00e9 um espa\u00e7o dedicado ao cuidado integral da sa\u00fade, oferecendo um atendimento humanizado e profissional. Localizada no cora\u00e7\u00e3o do Centro, nossa cl\u00ednica \u00e9 de f\u00e1cil acesso, proporcionando conforto e praticidade aos nossos pacientes. A Dra. Raquel, com CRM 16606, traz consigo uma vasta experi\u00eancia e um compromisso genu\u00edno com o bem-estar de cada pessoa que atende.<\/p>\n<p>As especialidades da cl\u00ednica abrangem diversas \u00e1reas da sa\u00fade, embora ainda estejam sendo definidas. Estamos constantemente em busca de oferecer um leque diversificado de servi\u00e7os que atenda \u00e0s necessidades da popula\u00e7\u00e3o local. Al\u00e9m disso, estamos implementando uma gama de exames m\u00e9dicos que garantam diagn\u00f3sticos precisos e tratamentos adequados para nossos pacientes.<\/p>\n<p>Um dos nossos diferenciais \u00e9 a abordagem acolhedora e emp\u00e1tica que a Dra. Raquel proporciona. Cada atendimento \u00e9 realizado com aten\u00e7\u00e3o individualizada, respeitando as particularidades de cada paciente. Aqui, a prioridade \u00e9 a sa\u00fade, seguran\u00e7a e conforto de quem nos procura. A Dra. Raquel acredita que um bom atendimento vai al\u00e9m de receitas e diagn\u00f3sticos; envolve escuta ativa e orienta\u00e7\u00f5es que promovem a sa\u00fade de forma integral.<\/p>\n<p>Estamos em fase de capta\u00e7\u00e3o de conv\u00eanios, buscando parcerias que facilitem o acesso \u00e0 sa\u00fade de qualidade para todos. Assim, em breve, poderemos atender um n\u00famero maior de pacientes, oferecendo op\u00e7\u00f5es que se adequem \u00e0s suas necessidades financeiras e de sa\u00fade.<\/p>\n<p>Para agendamentos e informa\u00e7\u00f5es, nossa equipe est\u00e1 \u00e0 disposi\u00e7\u00e3o pelo telefone 85988334000. Acreditamos que a comunica\u00e7\u00e3o \u00e9 fundamental para um atendimento eficaz, por isso, n\u00e3o hesite em entrar em contato para esclarecer d\u00favidas ou agendar sua consulta.<\/p>\n<p>Ainda estamos desenvolvendo nosso site, onde voc\u00ea poder\u00e1 encontrar mais informa\u00e7\u00f5es sobre nossos servi\u00e7os, hor\u00e1rios de atendimento e novidades sobre a cl\u00ednica. Al\u00e9m disso, em breve, teremos uma presen\u00e7a ativa nas redes sociais, especialmente no Instagram, onde compartilharemos dicas de sa\u00fade, novidades e informa\u00e7\u00f5es sobre nossa cl\u00ednica.<\/p>\n<p>A Cl\u00ednica Dra. Raquel Evangelista \u00e9 mais que um espa\u00e7o para consultas; \u00e9 um local onde a sa\u00fade e o bem-estar s\u00e3o prioridades. Estamos aqui para cuidar de voc\u00ea, oferecendo um atendimento que respeita a individualidade e a necessidade de cada paciente. Venha nos conhecer e fazer parte desta rede de cuidado e sa\u00fade que estamos construindo em Eus\u00e9bio. Juntos, podemos promover uma vida mais saud\u00e1vel e feliz.<\/p>\n<h3><span class=\"ez-toc-section\" id=\"Perguntas_Frequentes\"><\/span>Perguntas Frequentes<span class=\"ez-toc-section-end\"><\/span><\/h3>\n<p>P: Quais s\u00e3o os hor\u00e1rios de atendimento da Cl\u00ednica Dra. Raquel Evangelista?<br \/>\nR: Os hor\u00e1rios de atendimento est\u00e3o sendo definidos, e em breve teremos essa informa\u00e7\u00e3o dispon\u00edvel.<\/p>\n<p>P: A cl\u00ednica aceita conv\u00eanios?<br \/>\nR: Estamos em processo de capta\u00e7\u00e3o de conv\u00eanios e esperamos oferecer essa facilidade em breve.<\/p>\n<p>P: Qual \u00e9 o telefone para agendamento de consultas?<br \/>\nR: O telefone para agendamentos \u00e9 85988334000.<\/p>\n<p>P: Quais especialidades ser\u00e3o oferecidas na cl\u00ednica?<br \/>\nR: As especialidades ainda est\u00e3o sendo definidas, mas planejamos abranger diversas \u00e1reas da sa\u00fade.<\/p>\n<p>P: A cl\u00ednica realiza exames m\u00e9dicos?<br \/>\nR: Estamos implementando uma gama de exames m\u00e9dicos para garantir diagn\u00f3sticos precisos.<\/p>\n<p>P: Onde est\u00e1 localizada a cl\u00ednica?<br \/>\nR: A Cl\u00ednica Dra. Raquel Evangelista est\u00e1 localizada no Centro de Eus\u00e9bio, Cear\u00e1.<\/p>\n<p>P: A cl\u00ednica possui site?<br \/>\nR: Estamos desenvolvendo nosso site, onde em breve voc\u00ea encontrar\u00e1 mais informa\u00e7\u00f5es sobre nossos servi\u00e7os.<\/p>\n<p>P: Como posso entrar em contato com a cl\u00ednica?<br \/>\nR: Voc\u00ea pode entrar em contato pelo telefone 85988334000.<\/p>\n<p>P: A Dra. Raquel Evangelista possui experi\u00eancia na \u00e1rea?<br \/>\nR: Sim, a Dra. Raquel possui vasta experi\u00eancia e \u00e9 dedicada ao cuidado da sa\u00fade de seus pacientes.<\/p>\n<p>P: A cl\u00ednica oferece atendimento humanizado?<br \/>\nR: Sim, nossa abordagem \u00e9 acolhedora e humanizada, priorizando o bem-estar dos pacientes.<\/p>\n<h3><span class=\"ez-toc-section\" id=\"Contato\"><\/span>Contato<span class=\"ez-toc-section-end\"><\/span><\/h3>\n<p><strong>Tel.:  | <\/strong><br \/>\n<strong>WhatsApp: &#8211; <\/strong><\/p>\n","protected":false},"excerpt":{"rendered":"<p>Dra. Raquel Evangelista: Cuidado e Sa\u00fade em Eus\u00e9bio A Cl\u00ednica da Dra. Raquel Evangelista em Eus\u00e9bio, Cear\u00e1, \u00e9 um espa\u00e7o dedicado ao cuidado integral da sa\u00fade, oferecendo um atendimento humanizado e profissional. Localizada no cora\u00e7\u00e3o do Centro, nossa cl\u00ednica \u00e9 de f\u00e1cil acesso, proporcionando conforto e praticidade aos nossos pacientes. A Dra. Raquel, com CRM [&hellip;]<\/p>\n","protected":false},"author":0,"featured_media":0,"comment_status":"open","ping_status":"open","sticky":false,"template":"","format":"standard","meta":{"_et_pb_use_builder":"o","_et_pb_old_content":"","_et_gb_content_width":"","footnotes":""},"categories":[905,911,965],"tags":[],"class_list":["post-152274","post","type-post","status-publish","format-standard","hentry","category-clinica-geral","category-exames-medicos","category-saude-e-bem-estar"],"yoast_head":"<!-- This site is optimized with the Yoast SEO Premium plugin v21.3 (Yoast SEO v27.4) - https:\/\/yoast.com\/product\/yoast-seo-premium-wordpress\/ -->\n<title>Dra. Raquel Evangelista: Cuidado e Sa\u00fade em Eus\u00e9bio - Conv\u00eanio Social<\/title>\n<meta name=\"robots\" content=\"index, follow, max-snippet:-1, max-image-preview:large, max-video-preview:-1\" \/>\n<link rel=\"canonical\" href=\"https:\/\/www.conveniosocial.com.br\/blog\/clinica-geral\/dra-raquel-evangelista-cuidado-e-saude-em-eusebio\/\" \/>\n<meta property=\"og:locale\" content=\"pt_BR\" \/>\n<meta property=\"og:type\" content=\"article\" \/>\n<meta property=\"og:title\" content=\"Dra. Raquel Evangelista: Cuidado e Sa\u00fade em Eus\u00e9bio\" \/>\n<meta property=\"og:description\" content=\"Dra. Raquel Evangelista: Cuidado e Sa\u00fade em Eus\u00e9bio A Cl\u00ednica da Dra. Raquel Evangelista em Eus\u00e9bio, Cear\u00e1, \u00e9 um espa\u00e7o dedicado ao cuidado integral da sa\u00fade, oferecendo um atendimento humanizado e profissional. Localizada no cora\u00e7\u00e3o do Centro, nossa cl\u00ednica \u00e9 de f\u00e1cil acesso, proporcionando conforto e praticidade aos nossos pacientes. A Dra. Raquel, com CRM [&hellip;]\" \/>\n<meta property=\"og:url\" content=\"https:\/\/www.conveniosocial.com.br\/blog\/clinica-geral\/dra-raquel-evangelista-cuidado-e-saude-em-eusebio\/\" \/>\n<meta property=\"og:site_name\" content=\"Conv\u00eanio Social\" \/>\n<meta property=\"article:published_time\" content=\"2026-03-11T00:01:05+00:00\" \/>\n<meta name=\"twitter:card\" content=\"summary_large_image\" \/>\n<meta name=\"twitter:label1\" content=\"Est. tempo de leitura\" \/>\n\t<meta name=\"twitter:data1\" content=\"3 minutos\" \/>\n<script type=\"application\/ld+json\" class=\"yoast-schema-graph\">{\"@context\":\"https:\\\/\\\/schema.org\",\"@graph\":[{\"@type\":\"Article\",\"@id\":\"https:\\\/\\\/www.conveniosocial.com.br\\\/blog\\\/clinica-geral\\\/dra-raquel-evangelista-cuidado-e-saude-em-eusebio\\\/#article\",\"isPartOf\":{\"@id\":\"https:\\\/\\\/www.conveniosocial.com.br\\\/blog\\\/clinica-geral\\\/dra-raquel-evangelista-cuidado-e-saude-em-eusebio\\\/\"},\"author\":{\"name\":\"\",\"@id\":\"\"},\"headline\":\"Dra. Raquel Evangelista: Cuidado e Sa\u00fade em Eus\u00e9bio\",\"datePublished\":\"2026-03-11T00:01:05+00:00\",\"mainEntityOfPage\":{\"@id\":\"https:\\\/\\\/www.conveniosocial.com.br\\\/blog\\\/clinica-geral\\\/dra-raquel-evangelista-cuidado-e-saude-em-eusebio\\\/\"},\"wordCount\":669,\"commentCount\":0,\"publisher\":{\"@id\":\"https:\\\/\\\/www.conveniosocial.com.br\\\/blog\\\/#organization\"},\"articleSection\":[\"Cl\u00ednica Geral\",\"Exames M\u00e9dicos\",\"Sa\u00fade e bem-estar\"],\"inLanguage\":\"pt-BR\"},{\"@type\":\"WebPage\",\"@id\":\"https:\\\/\\\/www.conveniosocial.com.br\\\/blog\\\/clinica-geral\\\/dra-raquel-evangelista-cuidado-e-saude-em-eusebio\\\/\",\"url\":\"https:\\\/\\\/www.conveniosocial.com.br\\\/blog\\\/clinica-geral\\\/dra-raquel-evangelista-cuidado-e-saude-em-eusebio\\\/\",\"name\":\"Dra. Raquel Evangelista: Cuidado e Sa\u00fade em Eus\u00e9bio - Conv\u00eanio Social\",\"isPartOf\":{\"@id\":\"https:\\\/\\\/www.conveniosocial.com.br\\\/blog\\\/#website\"},\"datePublished\":\"2026-03-11T00:01:05+00:00\",\"breadcrumb\":{\"@id\":\"https:\\\/\\\/www.conveniosocial.com.br\\\/blog\\\/clinica-geral\\\/dra-raquel-evangelista-cuidado-e-saude-em-eusebio\\\/#breadcrumb\"},\"inLanguage\":\"pt-BR\",\"potentialAction\":[{\"@type\":\"ReadAction\",\"target\":[\"https:\\\/\\\/www.conveniosocial.com.br\\\/blog\\\/clinica-geral\\\/dra-raquel-evangelista-cuidado-e-saude-em-eusebio\\\/\"]}]},{\"@type\":\"BreadcrumbList\",\"@id\":\"https:\\\/\\\/www.conveniosocial.com.br\\\/blog\\\/clinica-geral\\\/dra-raquel-evangelista-cuidado-e-saude-em-eusebio\\\/#breadcrumb\",\"itemListElement\":[{\"@type\":\"ListItem\",\"position\":1,\"name\":\"Home\",\"item\":\"https:\\\/\\\/www.conveniosocial.com.br\\\/blog\\\/\"},{\"@type\":\"ListItem\",\"position\":2,\"name\":\"Cl\u00ednica Geral\",\"item\":\"https:\\\/\\\/www.conveniosocial.com.br\\\/blog\\\/clinica-geral\\\/\"},{\"@type\":\"ListItem\",\"position\":3,\"name\":\"Dra. Raquel Evangelista: Cuidado e Sa\u00fade em Eus\u00e9bio\"}]},{\"@type\":\"WebSite\",\"@id\":\"https:\\\/\\\/www.conveniosocial.com.br\\\/blog\\\/#website\",\"url\":\"https:\\\/\\\/www.conveniosocial.com.br\\\/blog\\\/\",\"name\":\"Conv\u00eanio Social\",\"description\":\"Informa\u00e7\u00f5es de Sa\u00fade e Bem-estar, Consultas e Exames Popular\",\"publisher\":{\"@id\":\"https:\\\/\\\/www.conveniosocial.com.br\\\/blog\\\/#organization\"},\"potentialAction\":[{\"@type\":\"SearchAction\",\"target\":{\"@type\":\"EntryPoint\",\"urlTemplate\":\"https:\\\/\\\/www.conveniosocial.com.br\\\/blog\\\/?s={search_term_string}\"},\"query-input\":{\"@type\":\"PropertyValueSpecification\",\"valueRequired\":true,\"valueName\":\"search_term_string\"}}],\"inLanguage\":\"pt-BR\"},{\"@type\":\"Organization\",\"@id\":\"https:\\\/\\\/www.conveniosocial.com.br\\\/blog\\\/#organization\",\"name\":\"Conv\u00eanio Social\",\"url\":\"https:\\\/\\\/www.conveniosocial.com.br\\\/blog\\\/\",\"logo\":{\"@type\":\"ImageObject\",\"inLanguage\":\"pt-BR\",\"@id\":\"https:\\\/\\\/www.conveniosocial.com.br\\\/blog\\\/#\\\/schema\\\/logo\\\/image\\\/\",\"url\":\"https:\\\/\\\/www.conveniosocial.com.br\\\/blog\\\/wp-content\\\/uploads\\\/2021\\\/11\\\/novo_logo-convenio-socia-digital.png\",\"contentUrl\":\"https:\\\/\\\/www.conveniosocial.com.br\\\/blog\\\/wp-content\\\/uploads\\\/2021\\\/11\\\/novo_logo-convenio-socia-digital.png\",\"width\":400,\"height\":102,\"caption\":\"Conv\u00eanio Social\"},\"image\":{\"@id\":\"https:\\\/\\\/www.conveniosocial.com.br\\\/blog\\\/#\\\/schema\\\/logo\\\/image\\\/\"}}]}<\/script>\n<!-- \/ Yoast SEO Premium plugin. -->","yoast_head_json":{"title":"Dra. Raquel Evangelista: Cuidado e Sa\u00fade em Eus\u00e9bio - Conv\u00eanio Social","robots":{"index":"index","follow":"follow","max-snippet":"max-snippet:-1","max-image-preview":"max-image-preview:large","max-video-preview":"max-video-preview:-1"},"canonical":"https:\/\/www.conveniosocial.com.br\/blog\/clinica-geral\/dra-raquel-evangelista-cuidado-e-saude-em-eusebio\/","og_locale":"pt_BR","og_type":"article","og_title":"Dra. Raquel Evangelista: Cuidado e Sa\u00fade em Eus\u00e9bio","og_description":"Dra. Raquel Evangelista: Cuidado e Sa\u00fade em Eus\u00e9bio A Cl\u00ednica da Dra. Raquel Evangelista em Eus\u00e9bio, Cear\u00e1, \u00e9 um espa\u00e7o dedicado ao cuidado integral da sa\u00fade, oferecendo um atendimento humanizado e profissional. Localizada no cora\u00e7\u00e3o do Centro, nossa cl\u00ednica \u00e9 de f\u00e1cil acesso, proporcionando conforto e praticidade aos nossos pacientes. A Dra. Raquel, com CRM [&hellip;]","og_url":"https:\/\/www.conveniosocial.com.br\/blog\/clinica-geral\/dra-raquel-evangelista-cuidado-e-saude-em-eusebio\/","og_site_name":"Conv\u00eanio Social","article_published_time":"2026-03-11T00:01:05+00:00","twitter_card":"summary_large_image","twitter_misc":{"Est. tempo de leitura":"3 minutos"},"schema":{"@context":"https:\/\/schema.org","@graph":[{"@type":"Article","@id":"https:\/\/www.conveniosocial.com.br\/blog\/clinica-geral\/dra-raquel-evangelista-cuidado-e-saude-em-eusebio\/#article","isPartOf":{"@id":"https:\/\/www.conveniosocial.com.br\/blog\/clinica-geral\/dra-raquel-evangelista-cuidado-e-saude-em-eusebio\/"},"author":{"name":"","@id":""},"headline":"Dra. Raquel Evangelista: Cuidado e Sa\u00fade em Eus\u00e9bio","datePublished":"2026-03-11T00:01:05+00:00","mainEntityOfPage":{"@id":"https:\/\/www.conveniosocial.com.br\/blog\/clinica-geral\/dra-raquel-evangelista-cuidado-e-saude-em-eusebio\/"},"wordCount":669,"commentCount":0,"publisher":{"@id":"https:\/\/www.conveniosocial.com.br\/blog\/#organization"},"articleSection":["Cl\u00ednica Geral","Exames M\u00e9dicos","Sa\u00fade e bem-estar"],"inLanguage":"pt-BR"},{"@type":"WebPage","@id":"https:\/\/www.conveniosocial.com.br\/blog\/clinica-geral\/dra-raquel-evangelista-cuidado-e-saude-em-eusebio\/","url":"https:\/\/www.conveniosocial.com.br\/blog\/clinica-geral\/dra-raquel-evangelista-cuidado-e-saude-em-eusebio\/","name":"Dra. Raquel Evangelista: Cuidado e Sa\u00fade em Eus\u00e9bio - Conv\u00eanio Social","isPartOf":{"@id":"https:\/\/www.conveniosocial.com.br\/blog\/#website"},"datePublished":"2026-03-11T00:01:05+00:00","breadcrumb":{"@id":"https:\/\/www.conveniosocial.com.br\/blog\/clinica-geral\/dra-raquel-evangelista-cuidado-e-saude-em-eusebio\/#breadcrumb"},"inLanguage":"pt-BR","potentialAction":[{"@type":"ReadAction","target":["https:\/\/www.conveniosocial.com.br\/blog\/clinica-geral\/dra-raquel-evangelista-cuidado-e-saude-em-eusebio\/"]}]},{"@type":"BreadcrumbList","@id":"https:\/\/www.conveniosocial.com.br\/blog\/clinica-geral\/dra-raquel-evangelista-cuidado-e-saude-em-eusebio\/#breadcrumb","itemListElement":[{"@type":"ListItem","position":1,"name":"Home","item":"https:\/\/www.conveniosocial.com.br\/blog\/"},{"@type":"ListItem","position":2,"name":"Cl\u00ednica Geral","item":"https:\/\/www.conveniosocial.com.br\/blog\/clinica-geral\/"},{"@type":"ListItem","position":3,"name":"Dra. Raquel Evangelista: Cuidado e Sa\u00fade em Eus\u00e9bio"}]},{"@type":"WebSite","@id":"https:\/\/www.conveniosocial.com.br\/blog\/#website","url":"https:\/\/www.conveniosocial.com.br\/blog\/","name":"Conv\u00eanio Social","description":"Informa\u00e7\u00f5es de Sa\u00fade e Bem-estar, Consultas e Exames Popular","publisher":{"@id":"https:\/\/www.conveniosocial.com.br\/blog\/#organization"},"potentialAction":[{"@type":"SearchAction","target":{"@type":"EntryPoint","urlTemplate":"https:\/\/www.conveniosocial.com.br\/blog\/?s={search_term_string}"},"query-input":{"@type":"PropertyValueSpecification","valueRequired":true,"valueName":"search_term_string"}}],"inLanguage":"pt-BR"},{"@type":"Organization","@id":"https:\/\/www.conveniosocial.com.br\/blog\/#organization","name":"Conv\u00eanio Social","url":"https:\/\/www.conveniosocial.com.br\/blog\/","logo":{"@type":"ImageObject","inLanguage":"pt-BR","@id":"https:\/\/www.conveniosocial.com.br\/blog\/#\/schema\/logo\/image\/","url":"https:\/\/www.conveniosocial.com.br\/blog\/wp-content\/uploads\/2021\/11\/novo_logo-convenio-socia-digital.png","contentUrl":"https:\/\/www.conveniosocial.com.br\/blog\/wp-content\/uploads\/2021\/11\/novo_logo-convenio-socia-digital.png","width":400,"height":102,"caption":"Conv\u00eanio Social"},"image":{"@id":"https:\/\/www.conveniosocial.com.br\/blog\/#\/schema\/logo\/image\/"}}]}},"_links":{"self":[{"href":"https:\/\/www.conveniosocial.com.br\/blog\/wp-json\/wp\/v2\/posts\/152274","targetHints":{"allow":["GET"]}}],"collection":[{"href":"https:\/\/www.conveniosocial.com.br\/blog\/wp-json\/wp\/v2\/posts"}],"about":[{"href":"https:\/\/www.conveniosocial.com.br\/blog\/wp-json\/wp\/v2\/types\/post"}],"replies":[{"embeddable":true,"href":"https:\/\/www.conveniosocial.com.br\/blog\/wp-json\/wp\/v2\/comments?post=152274"}],"version-history":[{"count":0,"href":"https:\/\/www.conveniosocial.com.br\/blog\/wp-json\/wp\/v2\/posts\/152274\/revisions"}],"wp:attachment":[{"href":"https:\/\/www.conveniosocial.com.br\/blog\/wp-json\/wp\/v2\/media?parent=152274"}],"wp:term":[{"taxonomy":"category","embeddable":true,"href":"https:\/\/www.conveniosocial.com.br\/blog\/wp-json\/wp\/v2\/categories?post=152274"},{"taxonomy":"post_tag","embeddable":true,"href":"https:\/\/www.conveniosocial.com.br\/blog\/wp-json\/wp\/v2\/tags?post=152274"}],"curies":[{"name":"wp","href":"https:\/\/api.w.org\/{rel}","templated":true}]}}