{"id":152367,"date":"2026-03-10T21:01:08","date_gmt":"2026-03-11T00:01:08","guid":{"rendered":"https:\/\/www.conveniosocial.com.br\/blog\/nehuma\/cuide-da-sua-pele-com-o-dr-djalma-valdevino\/"},"modified":"2026-03-10T21:01:08","modified_gmt":"2026-03-11T00:01:08","slug":"cuide-da-sua-pele-com-o-dr-djalma-valdevino","status":"publish","type":"post","link":"https:\/\/www.conveniosocial.com.br\/blog\/estetica\/cuide-da-sua-pele-com-o-dr-djalma-valdevino\/","title":{"rendered":"Cuide da Sua Pele com o Dr. Djalma Valdevino"},"content":{"rendered":"<div id=\"ez-toc-container\" class=\"ez-toc-v2_0_82_2 counter-flat ez-toc-counter ez-toc-white ez-toc-container-direction\">\n<p class=\"ez-toc-title\" style=\"cursor:inherit\">\u00cdndice do Conte\u00fado<\/p>\n<label for=\"ez-toc-cssicon-toggle-item-69ed980bdf6f6\" class=\"ez-toc-cssicon-toggle-label\"><span class=\"ez-toc-cssicon\"><span class=\"eztoc-hide\" style=\"display:none;\">Toggle<\/span><span class=\"ez-toc-icon-toggle-span\"><svg style=\"fill: #999;color:#999\" xmlns=\"http:\/\/www.w3.org\/2000\/svg\" class=\"list-377408\" width=\"20px\" height=\"20px\" viewBox=\"0 0 24 24\" fill=\"none\"><path d=\"M6 6H4v2h2V6zm14 0H8v2h12V6zM4 11h2v2H4v-2zm16 0H8v2h12v-2zM4 16h2v2H4v-2zm16 0H8v2h12v-2z\" fill=\"currentColor\"><\/path><\/svg><svg style=\"fill: #999;color:#999\" class=\"arrow-unsorted-368013\" xmlns=\"http:\/\/www.w3.org\/2000\/svg\" width=\"10px\" height=\"10px\" viewBox=\"0 0 24 24\" version=\"1.2\" baseProfile=\"tiny\"><path d=\"M18.2 9.3l-6.2-6.3-6.2 6.3c-.2.2-.3.4-.3.7s.1.5.3.7c.2.2.4.3.7.3h11c.3 0 .5-.1.7-.3.2-.2.3-.5.3-.7s-.1-.5-.3-.7zM5.8 14.7l6.2 6.3 6.2-6.3c.2-.2.3-.5.3-.7s-.1-.5-.3-.7c-.2-.2-.4-.3-.7-.3h-11c-.3 0-.5.1-.7.3-.2.2-.3.5-.3.7s.1.5.3.7z\"\/><\/svg><\/span><\/span><\/label><input type=\"checkbox\"  id=\"ez-toc-cssicon-toggle-item-69ed980bdf6f6\" checked aria-label=\"Alternar\" \/><nav><ul class='ez-toc-list ez-toc-list-level-1 ' ><li class='ez-toc-page-1'><a class=\"ez-toc-link ez-toc-heading-1\" href=\"https:\/\/www.conveniosocial.com.br\/blog\/estetica\/cuide-da-sua-pele-com-o-dr-djalma-valdevino\/#Cuide_da_Sua_Pele_com_o_Dr_Djalma_Valdevino\" >Cuide da Sua Pele com o Dr. Djalma Valdevino<\/a><\/li><li class='ez-toc-page-1'><a class=\"ez-toc-link ez-toc-heading-2\" href=\"https:\/\/www.conveniosocial.com.br\/blog\/estetica\/cuide-da-sua-pele-com-o-dr-djalma-valdevino\/#Perguntas_Frequentes\" >Perguntas Frequentes<\/a><\/li><li class='ez-toc-page-1'><a class=\"ez-toc-link ez-toc-heading-3\" href=\"https:\/\/www.conveniosocial.com.br\/blog\/estetica\/cuide-da-sua-pele-com-o-dr-djalma-valdevino\/#Contato\" >Contato<\/a><\/li><\/ul><\/nav><\/div>\n<h2><span class=\"ez-toc-section\" id=\"Cuide_da_Sua_Pele_com_o_Dr_Djalma_Valdevino\"><\/span>Cuide da Sua Pele com o Dr. Djalma Valdevino<span class=\"ez-toc-section-end\"><\/span><\/h2>\n<p>A cl\u00ednica do Dr. Djalma Valdevino de Ara\u00fajo Junior, localizada no cora\u00e7\u00e3o de Paulista Centro, Pernambuco, \u00e9 um espa\u00e7o dedicado \u00e0 sa\u00fade e bem-estar da pele. Com um foco em preven\u00e7\u00e3o, diagn\u00f3stico e tratamento de doen\u00e7as cut\u00e2neas, a cl\u00ednica se destaca por oferecer um atendimento humanizado e acolhedor, ideal para quem busca qualidade e confian\u00e7a em cuidados dermatol\u00f3gicos. <\/p>\n<p>Dr. Djalma, com CRM 16003 PE, \u00e9 um profissional renomado na \u00e1rea, especializado em diversos procedimentos est\u00e9ticos e cir\u00fargicos. Entre suas especialidades est\u00e3o o tratamento de acne, queda excessiva de cabelo e avalia\u00e7\u00e3o de manchas que mudam de cor ou forma, al\u00e9m de check-ups preventivos de pele, visando a preven\u00e7\u00e3o do c\u00e2ncer de pele. <\/p>\n<p>Nossa cl\u00ednica est\u00e1 estrategicamente situada em uma \u00e1rea de f\u00e1cil acesso, pr\u00f3xima a bairros como Maranguape, Arthur Lundgrin, Jardim Paulista, Nobre e Paratibe, facilitando a locomo\u00e7\u00e3o de pacientes de diversas regi\u00f5es. Disponibilizamos um ambiente confort\u00e1vel e acolhedor, pensado para proporcionar a melhor experi\u00eancia poss\u00edvel durante a consulta. <\/p>\n<p>Os exames laboratoriais e de imagem tamb\u00e9m s\u00e3o realizados na cl\u00ednica, garantindo um diagn\u00f3stico preciso e eficiente. \u00c9 importante ressaltar que, atualmente, a cl\u00ednica n\u00e3o possui conv\u00eanios, mas oferece pre\u00e7os acess\u00edveis e um atendimento de qualidade. <\/p>\n<p>Estamos abertos de segunda e ter\u00e7a-feira, das 08h30 \u00e0s 17h00, e na sexta-feira, das 08h30 \u00e0s 12h00, para atender a todas as suas necessidades dermatol\u00f3gicas. Para agendar uma consulta ou esclarecer d\u00favidas, entre em contato pelo telefone 81 3438 &#8211; 4883. <\/p>\n<p>O Dr. Djalma Valdevino de Ara\u00fajo Junior tem um compromisso com a sa\u00fade da sua pele e a satisfa\u00e7\u00e3o de seus pacientes. Siga-nos nas redes sociais, onde em breve teremos um perfil no Instagram, para ficar por dentro de dicas e novidades sobre cuidados com a pele. N\u00e3o deixe de cuidar da sua sa\u00fade cut\u00e2nea, agende sua visita e venha conhecer nossos servi\u00e7os especializados!<\/p>\n<h3><span class=\"ez-toc-section\" id=\"Perguntas_Frequentes\"><\/span>Perguntas Frequentes<span class=\"ez-toc-section-end\"><\/span><\/h3>\n<p>P: Quais servi\u00e7os a cl\u00ednica oferece?<br \/>\nR: A cl\u00ednica oferece preven\u00e7\u00e3o, diagn\u00f3stico e tratamento de doen\u00e7as da pele, al\u00e9m de procedimentos est\u00e9ticos e cir\u00fargicos.<\/p>\n<p>P: O Dr. Djalma \u00e9 especialista em quais \u00e1reas?<br \/>\nR: O Dr. Djalma \u00e9 especialista em tratamento de acne, queda de cabelo, avalia\u00e7\u00e3o de manchas e check-ups preventivos de pele.<\/p>\n<p>P: A cl\u00ednica realiza exames?<br \/>\nR: Sim, a cl\u00ednica realiza exames laboratoriais e de imagem.<\/p>\n<p>P: A cl\u00ednica tem conv\u00eanios?<br \/>\nR: Atualmente, a cl\u00ednica n\u00e3o possui conv\u00eanios.<\/p>\n<p>P: Qual \u00e9 o hor\u00e1rio de funcionamento da cl\u00ednica?<br \/>\nR: A cl\u00ednica funciona de segunda e ter\u00e7a-feira, das 08h30 \u00e0s 17h00, e na sexta-feira, das 08h30 \u00e0s 12h00.<\/p>\n<p>P: Como posso agendar uma consulta?<br \/>\nR: Para agendar uma consulta, voc\u00ea pode entrar em contato pelo telefone 81 3438 &#8211; 4883.<\/p>\n<p>P: Onde a cl\u00ednica est\u00e1 localizada?<br \/>\nR: A cl\u00ednica est\u00e1 localizada em Paulista Centro, Pernambuco.<\/p>\n<p>P: Quais s\u00e3o os bairros pr\u00f3ximos \u00e0 cl\u00ednica?<br \/>\nR: Os bairros pr\u00f3ximos incluem Maranguape 1 e 2, Arthur Lundgrin 1 e 2, Jardim Paulista, Nobre e Paratibe.<\/p>\n<p>P: O Dr. Djalma possui qual forma\u00e7\u00e3o?<br \/>\nR: Dr. Djalma Valdevino de Ara\u00fajo Junior \u00e9 um m\u00e9dico dermatologista com registro no CRM 16003 PE.<\/p>\n<p>P: A cl\u00ednica possui site ou redes sociais?<br \/>\nR: Atualmente, n\u00e3o temos um site, mas em breve estaremos presentes no Instagram.<\/p>\n<h3><span class=\"ez-toc-section\" id=\"Contato\"><\/span>Contato<span class=\"ez-toc-section-end\"><\/span><\/h3>\n<p><strong>Tel.:  | <\/strong><br \/>\n<strong>WhatsApp: &#8211; <\/strong><\/p>\n","protected":false},"excerpt":{"rendered":"<p>Cuide da Sua Pele com o Dr. Djalma Valdevino A cl\u00ednica do Dr. Djalma Valdevino de Ara\u00fajo Junior, localizada no cora\u00e7\u00e3o de Paulista Centro, Pernambuco, \u00e9 um espa\u00e7o dedicado \u00e0 sa\u00fade e bem-estar da pele. Com um foco em preven\u00e7\u00e3o, diagn\u00f3stico e tratamento de doen\u00e7as cut\u00e2neas, a cl\u00ednica se destaca por oferecer um atendimento humanizado [&hellip;]<\/p>\n","protected":false},"author":0,"featured_media":0,"comment_status":"open","ping_status":"open","sticky":false,"template":"","format":"standard","meta":{"_et_pb_use_builder":"o","_et_pb_old_content":"","_et_gb_content_width":"","footnotes":""},"categories":[722,684,1383],"tags":[],"class_list":["post-152367","post","type-post","status-publish","format-standard","hentry","category-dermatologia-consultorios-e-clinicas","category-estetica","category-exames-de-diagnostico"],"yoast_head":"<!-- This site is optimized with the Yoast SEO Premium plugin v21.3 (Yoast SEO v27.4) - https:\/\/yoast.com\/product\/yoast-seo-premium-wordpress\/ -->\n<title>Cuide da Sua Pele com o Dr. Djalma Valdevino - Conv\u00eanio Social<\/title>\n<meta name=\"robots\" content=\"index, follow, max-snippet:-1, max-image-preview:large, max-video-preview:-1\" \/>\n<link rel=\"canonical\" href=\"https:\/\/www.conveniosocial.com.br\/blog\/estetica\/cuide-da-sua-pele-com-o-dr-djalma-valdevino\/\" \/>\n<meta property=\"og:locale\" content=\"pt_BR\" \/>\n<meta property=\"og:type\" content=\"article\" \/>\n<meta property=\"og:title\" content=\"Cuide da Sua Pele com o Dr. Djalma Valdevino\" \/>\n<meta property=\"og:description\" content=\"Cuide da Sua Pele com o Dr. Djalma Valdevino A cl\u00ednica do Dr. Djalma Valdevino de Ara\u00fajo Junior, localizada no cora\u00e7\u00e3o de Paulista Centro, Pernambuco, \u00e9 um espa\u00e7o dedicado \u00e0 sa\u00fade e bem-estar da pele. Com um foco em preven\u00e7\u00e3o, diagn\u00f3stico e tratamento de doen\u00e7as cut\u00e2neas, a cl\u00ednica se destaca por oferecer um atendimento humanizado [&hellip;]\" \/>\n<meta property=\"og:url\" content=\"https:\/\/www.conveniosocial.com.br\/blog\/estetica\/cuide-da-sua-pele-com-o-dr-djalma-valdevino\/\" \/>\n<meta property=\"og:site_name\" content=\"Conv\u00eanio Social\" \/>\n<meta property=\"article:published_time\" content=\"2026-03-11T00:01:08+00:00\" \/>\n<meta name=\"twitter:card\" content=\"summary_large_image\" \/>\n<meta name=\"twitter:label1\" content=\"Est. tempo de leitura\" \/>\n\t<meta name=\"twitter:data1\" content=\"3 minutos\" \/>\n<script type=\"application\/ld+json\" class=\"yoast-schema-graph\">{\"@context\":\"https:\\\/\\\/schema.org\",\"@graph\":[{\"@type\":\"Article\",\"@id\":\"https:\\\/\\\/www.conveniosocial.com.br\\\/blog\\\/estetica\\\/cuide-da-sua-pele-com-o-dr-djalma-valdevino\\\/#article\",\"isPartOf\":{\"@id\":\"https:\\\/\\\/www.conveniosocial.com.br\\\/blog\\\/estetica\\\/cuide-da-sua-pele-com-o-dr-djalma-valdevino\\\/\"},\"author\":{\"name\":\"\",\"@id\":\"\"},\"headline\":\"Cuide da Sua Pele com o Dr. Djalma Valdevino\",\"datePublished\":\"2026-03-11T00:01:08+00:00\",\"mainEntityOfPage\":{\"@id\":\"https:\\\/\\\/www.conveniosocial.com.br\\\/blog\\\/estetica\\\/cuide-da-sua-pele-com-o-dr-djalma-valdevino\\\/\"},\"wordCount\":598,\"commentCount\":0,\"publisher\":{\"@id\":\"https:\\\/\\\/www.conveniosocial.com.br\\\/blog\\\/#organization\"},\"articleSection\":[\"Dermatologia\",\"Est\u00e9tica\",\"Exames de Diagn\u00f3stico\"],\"inLanguage\":\"pt-BR\"},{\"@type\":\"WebPage\",\"@id\":\"https:\\\/\\\/www.conveniosocial.com.br\\\/blog\\\/estetica\\\/cuide-da-sua-pele-com-o-dr-djalma-valdevino\\\/\",\"url\":\"https:\\\/\\\/www.conveniosocial.com.br\\\/blog\\\/estetica\\\/cuide-da-sua-pele-com-o-dr-djalma-valdevino\\\/\",\"name\":\"Cuide da Sua Pele com o Dr. Djalma Valdevino - Conv\u00eanio Social\",\"isPartOf\":{\"@id\":\"https:\\\/\\\/www.conveniosocial.com.br\\\/blog\\\/#website\"},\"datePublished\":\"2026-03-11T00:01:08+00:00\",\"breadcrumb\":{\"@id\":\"https:\\\/\\\/www.conveniosocial.com.br\\\/blog\\\/estetica\\\/cuide-da-sua-pele-com-o-dr-djalma-valdevino\\\/#breadcrumb\"},\"inLanguage\":\"pt-BR\",\"potentialAction\":[{\"@type\":\"ReadAction\",\"target\":[\"https:\\\/\\\/www.conveniosocial.com.br\\\/blog\\\/estetica\\\/cuide-da-sua-pele-com-o-dr-djalma-valdevino\\\/\"]}]},{\"@type\":\"BreadcrumbList\",\"@id\":\"https:\\\/\\\/www.conveniosocial.com.br\\\/blog\\\/estetica\\\/cuide-da-sua-pele-com-o-dr-djalma-valdevino\\\/#breadcrumb\",\"itemListElement\":[{\"@type\":\"ListItem\",\"position\":1,\"name\":\"Home\",\"item\":\"https:\\\/\\\/www.conveniosocial.com.br\\\/blog\\\/\"},{\"@type\":\"ListItem\",\"position\":2,\"name\":\"Dermatologia\",\"item\":\"https:\\\/\\\/www.conveniosocial.com.br\\\/blog\\\/dermatologia-consultorios-e-clinicas\\\/\"},{\"@type\":\"ListItem\",\"position\":3,\"name\":\"Cuide da Sua Pele com o Dr. Djalma Valdevino\"}]},{\"@type\":\"WebSite\",\"@id\":\"https:\\\/\\\/www.conveniosocial.com.br\\\/blog\\\/#website\",\"url\":\"https:\\\/\\\/www.conveniosocial.com.br\\\/blog\\\/\",\"name\":\"Conv\u00eanio Social\",\"description\":\"Informa\u00e7\u00f5es de Sa\u00fade e Bem-estar, Consultas e Exames Popular\",\"publisher\":{\"@id\":\"https:\\\/\\\/www.conveniosocial.com.br\\\/blog\\\/#organization\"},\"potentialAction\":[{\"@type\":\"SearchAction\",\"target\":{\"@type\":\"EntryPoint\",\"urlTemplate\":\"https:\\\/\\\/www.conveniosocial.com.br\\\/blog\\\/?s={search_term_string}\"},\"query-input\":{\"@type\":\"PropertyValueSpecification\",\"valueRequired\":true,\"valueName\":\"search_term_string\"}}],\"inLanguage\":\"pt-BR\"},{\"@type\":\"Organization\",\"@id\":\"https:\\\/\\\/www.conveniosocial.com.br\\\/blog\\\/#organization\",\"name\":\"Conv\u00eanio Social\",\"url\":\"https:\\\/\\\/www.conveniosocial.com.br\\\/blog\\\/\",\"logo\":{\"@type\":\"ImageObject\",\"inLanguage\":\"pt-BR\",\"@id\":\"https:\\\/\\\/www.conveniosocial.com.br\\\/blog\\\/#\\\/schema\\\/logo\\\/image\\\/\",\"url\":\"https:\\\/\\\/www.conveniosocial.com.br\\\/blog\\\/wp-content\\\/uploads\\\/2021\\\/11\\\/novo_logo-convenio-socia-digital.png\",\"contentUrl\":\"https:\\\/\\\/www.conveniosocial.com.br\\\/blog\\\/wp-content\\\/uploads\\\/2021\\\/11\\\/novo_logo-convenio-socia-digital.png\",\"width\":400,\"height\":102,\"caption\":\"Conv\u00eanio Social\"},\"image\":{\"@id\":\"https:\\\/\\\/www.conveniosocial.com.br\\\/blog\\\/#\\\/schema\\\/logo\\\/image\\\/\"}}]}<\/script>\n<!-- \/ Yoast SEO Premium plugin. -->","yoast_head_json":{"title":"Cuide da Sua Pele com o Dr. Djalma Valdevino - Conv\u00eanio Social","robots":{"index":"index","follow":"follow","max-snippet":"max-snippet:-1","max-image-preview":"max-image-preview:large","max-video-preview":"max-video-preview:-1"},"canonical":"https:\/\/www.conveniosocial.com.br\/blog\/estetica\/cuide-da-sua-pele-com-o-dr-djalma-valdevino\/","og_locale":"pt_BR","og_type":"article","og_title":"Cuide da Sua Pele com o Dr. Djalma Valdevino","og_description":"Cuide da Sua Pele com o Dr. Djalma Valdevino A cl\u00ednica do Dr. Djalma Valdevino de Ara\u00fajo Junior, localizada no cora\u00e7\u00e3o de Paulista Centro, Pernambuco, \u00e9 um espa\u00e7o dedicado \u00e0 sa\u00fade e bem-estar da pele. Com um foco em preven\u00e7\u00e3o, diagn\u00f3stico e tratamento de doen\u00e7as cut\u00e2neas, a cl\u00ednica se destaca por oferecer um atendimento humanizado [&hellip;]","og_url":"https:\/\/www.conveniosocial.com.br\/blog\/estetica\/cuide-da-sua-pele-com-o-dr-djalma-valdevino\/","og_site_name":"Conv\u00eanio Social","article_published_time":"2026-03-11T00:01:08+00:00","twitter_card":"summary_large_image","twitter_misc":{"Est. tempo de leitura":"3 minutos"},"schema":{"@context":"https:\/\/schema.org","@graph":[{"@type":"Article","@id":"https:\/\/www.conveniosocial.com.br\/blog\/estetica\/cuide-da-sua-pele-com-o-dr-djalma-valdevino\/#article","isPartOf":{"@id":"https:\/\/www.conveniosocial.com.br\/blog\/estetica\/cuide-da-sua-pele-com-o-dr-djalma-valdevino\/"},"author":{"name":"","@id":""},"headline":"Cuide da Sua Pele com o Dr. Djalma Valdevino","datePublished":"2026-03-11T00:01:08+00:00","mainEntityOfPage":{"@id":"https:\/\/www.conveniosocial.com.br\/blog\/estetica\/cuide-da-sua-pele-com-o-dr-djalma-valdevino\/"},"wordCount":598,"commentCount":0,"publisher":{"@id":"https:\/\/www.conveniosocial.com.br\/blog\/#organization"},"articleSection":["Dermatologia","Est\u00e9tica","Exames de Diagn\u00f3stico"],"inLanguage":"pt-BR"},{"@type":"WebPage","@id":"https:\/\/www.conveniosocial.com.br\/blog\/estetica\/cuide-da-sua-pele-com-o-dr-djalma-valdevino\/","url":"https:\/\/www.conveniosocial.com.br\/blog\/estetica\/cuide-da-sua-pele-com-o-dr-djalma-valdevino\/","name":"Cuide da Sua Pele com o Dr. Djalma Valdevino - Conv\u00eanio Social","isPartOf":{"@id":"https:\/\/www.conveniosocial.com.br\/blog\/#website"},"datePublished":"2026-03-11T00:01:08+00:00","breadcrumb":{"@id":"https:\/\/www.conveniosocial.com.br\/blog\/estetica\/cuide-da-sua-pele-com-o-dr-djalma-valdevino\/#breadcrumb"},"inLanguage":"pt-BR","potentialAction":[{"@type":"ReadAction","target":["https:\/\/www.conveniosocial.com.br\/blog\/estetica\/cuide-da-sua-pele-com-o-dr-djalma-valdevino\/"]}]},{"@type":"BreadcrumbList","@id":"https:\/\/www.conveniosocial.com.br\/blog\/estetica\/cuide-da-sua-pele-com-o-dr-djalma-valdevino\/#breadcrumb","itemListElement":[{"@type":"ListItem","position":1,"name":"Home","item":"https:\/\/www.conveniosocial.com.br\/blog\/"},{"@type":"ListItem","position":2,"name":"Dermatologia","item":"https:\/\/www.conveniosocial.com.br\/blog\/dermatologia-consultorios-e-clinicas\/"},{"@type":"ListItem","position":3,"name":"Cuide da Sua Pele com o Dr. Djalma Valdevino"}]},{"@type":"WebSite","@id":"https:\/\/www.conveniosocial.com.br\/blog\/#website","url":"https:\/\/www.conveniosocial.com.br\/blog\/","name":"Conv\u00eanio Social","description":"Informa\u00e7\u00f5es de Sa\u00fade e Bem-estar, Consultas e Exames Popular","publisher":{"@id":"https:\/\/www.conveniosocial.com.br\/blog\/#organization"},"potentialAction":[{"@type":"SearchAction","target":{"@type":"EntryPoint","urlTemplate":"https:\/\/www.conveniosocial.com.br\/blog\/?s={search_term_string}"},"query-input":{"@type":"PropertyValueSpecification","valueRequired":true,"valueName":"search_term_string"}}],"inLanguage":"pt-BR"},{"@type":"Organization","@id":"https:\/\/www.conveniosocial.com.br\/blog\/#organization","name":"Conv\u00eanio Social","url":"https:\/\/www.conveniosocial.com.br\/blog\/","logo":{"@type":"ImageObject","inLanguage":"pt-BR","@id":"https:\/\/www.conveniosocial.com.br\/blog\/#\/schema\/logo\/image\/","url":"https:\/\/www.conveniosocial.com.br\/blog\/wp-content\/uploads\/2021\/11\/novo_logo-convenio-socia-digital.png","contentUrl":"https:\/\/www.conveniosocial.com.br\/blog\/wp-content\/uploads\/2021\/11\/novo_logo-convenio-socia-digital.png","width":400,"height":102,"caption":"Conv\u00eanio Social"},"image":{"@id":"https:\/\/www.conveniosocial.com.br\/blog\/#\/schema\/logo\/image\/"}}]}},"_links":{"self":[{"href":"https:\/\/www.conveniosocial.com.br\/blog\/wp-json\/wp\/v2\/posts\/152367","targetHints":{"allow":["GET"]}}],"collection":[{"href":"https:\/\/www.conveniosocial.com.br\/blog\/wp-json\/wp\/v2\/posts"}],"about":[{"href":"https:\/\/www.conveniosocial.com.br\/blog\/wp-json\/wp\/v2\/types\/post"}],"replies":[{"embeddable":true,"href":"https:\/\/www.conveniosocial.com.br\/blog\/wp-json\/wp\/v2\/comments?post=152367"}],"version-history":[{"count":0,"href":"https:\/\/www.conveniosocial.com.br\/blog\/wp-json\/wp\/v2\/posts\/152367\/revisions"}],"wp:attachment":[{"href":"https:\/\/www.conveniosocial.com.br\/blog\/wp-json\/wp\/v2\/media?parent=152367"}],"wp:term":[{"taxonomy":"category","embeddable":true,"href":"https:\/\/www.conveniosocial.com.br\/blog\/wp-json\/wp\/v2\/categories?post=152367"},{"taxonomy":"post_tag","embeddable":true,"href":"https:\/\/www.conveniosocial.com.br\/blog\/wp-json\/wp\/v2\/tags?post=152367"}],"curies":[{"name":"wp","href":"https:\/\/api.w.org\/{rel}","templated":true}]}}