{"id":152416,"date":"2026-03-11T21:01:06","date_gmt":"2026-03-12T00:01:06","guid":{"rendered":"https:\/\/www.conveniosocial.com.br\/blog\/nehuma\/clinica-ana-paula-cozer-bandeira-cuidado-infantil-em-cascavel\/"},"modified":"2026-03-11T21:01:06","modified_gmt":"2026-03-12T00:01:06","slug":"clinica-ana-paula-cozer-bandeira-cuidado-infantil-em-cascavel","status":"publish","type":"post","link":"https:\/\/www.conveniosocial.com.br\/blog\/consultas-medicas\/clinica-ana-paula-cozer-bandeira-cuidado-infantil-em-cascavel\/","title":{"rendered":"Cl\u00ednica Ana Paula Cozer Bandeira: Cuidado Infantil em Cascavel"},"content":{"rendered":"<div id=\"ez-toc-container\" class=\"ez-toc-v2_0_82_2 counter-flat ez-toc-counter ez-toc-white ez-toc-container-direction\">\n<p class=\"ez-toc-title\" style=\"cursor:inherit\">\u00cdndice do Conte\u00fado<\/p>\n<label for=\"ez-toc-cssicon-toggle-item-69f5112153153\" class=\"ez-toc-cssicon-toggle-label\"><span class=\"ez-toc-cssicon\"><span class=\"eztoc-hide\" style=\"display:none;\">Toggle<\/span><span class=\"ez-toc-icon-toggle-span\"><svg style=\"fill: #999;color:#999\" xmlns=\"http:\/\/www.w3.org\/2000\/svg\" class=\"list-377408\" width=\"20px\" height=\"20px\" viewBox=\"0 0 24 24\" fill=\"none\"><path d=\"M6 6H4v2h2V6zm14 0H8v2h12V6zM4 11h2v2H4v-2zm16 0H8v2h12v-2zM4 16h2v2H4v-2zm16 0H8v2h12v-2z\" fill=\"currentColor\"><\/path><\/svg><svg style=\"fill: #999;color:#999\" class=\"arrow-unsorted-368013\" xmlns=\"http:\/\/www.w3.org\/2000\/svg\" width=\"10px\" height=\"10px\" viewBox=\"0 0 24 24\" version=\"1.2\" baseProfile=\"tiny\"><path d=\"M18.2 9.3l-6.2-6.3-6.2 6.3c-.2.2-.3.4-.3.7s.1.5.3.7c.2.2.4.3.7.3h11c.3 0 .5-.1.7-.3.2-.2.3-.5.3-.7s-.1-.5-.3-.7zM5.8 14.7l6.2 6.3 6.2-6.3c.2-.2.3-.5.3-.7s-.1-.5-.3-.7c-.2-.2-.4-.3-.7-.3h-11c-.3 0-.5.1-.7.3-.2.2-.3.5-.3.7s.1.5.3.7z\"\/><\/svg><\/span><\/span><\/label><input type=\"checkbox\"  id=\"ez-toc-cssicon-toggle-item-69f5112153153\" checked aria-label=\"Alternar\" \/><nav><ul class='ez-toc-list ez-toc-list-level-1 ' ><li class='ez-toc-page-1'><a class=\"ez-toc-link ez-toc-heading-1\" href=\"https:\/\/www.conveniosocial.com.br\/blog\/consultas-medicas\/clinica-ana-paula-cozer-bandeira-cuidado-infantil-em-cascavel\/#Clinica_Ana_Paula_Cozer_Bandeira_Cuidado_Infantil_em_Cascavel\" >Cl\u00ednica Ana Paula Cozer Bandeira: Cuidado Infantil em Cascavel<\/a><\/li><li class='ez-toc-page-1'><a class=\"ez-toc-link ez-toc-heading-2\" href=\"https:\/\/www.conveniosocial.com.br\/blog\/consultas-medicas\/clinica-ana-paula-cozer-bandeira-cuidado-infantil-em-cascavel\/#Perguntas_Frequentes\" >Perguntas Frequentes<\/a><\/li><li class='ez-toc-page-1'><a class=\"ez-toc-link ez-toc-heading-3\" href=\"https:\/\/www.conveniosocial.com.br\/blog\/consultas-medicas\/clinica-ana-paula-cozer-bandeira-cuidado-infantil-em-cascavel\/#Contato\" >Contato<\/a><\/li><\/ul><\/nav><\/div>\n<h2><span class=\"ez-toc-section\" id=\"Clinica_Ana_Paula_Cozer_Bandeira_Cuidado_Infantil_em_Cascavel\"><\/span>Cl\u00ednica Ana Paula Cozer Bandeira: Cuidado Infantil em Cascavel<span class=\"ez-toc-section-end\"><\/span><\/h2>\n<p>A Cl\u00ednica Ana Paula Cozer Bandeira \u00e9 um espa\u00e7o dedicado ao cuidado infantil, localizada no cora\u00e7\u00e3o de Cascavel, PR. Com um ambiente acolhedor e humanizado, nossa miss\u00e3o \u00e9 oferecer um atendimento de excel\u00eancia \u00e0s crian\u00e7as e suas fam\u00edlias. A pediatra Ana Paula Cozer Bandeira, respons\u00e1vel t\u00e9cnica da cl\u00ednica, tem amplo conhecimento e experi\u00eancia na \u00e1rea, garantindo que cada pequeno paciente receba o melhor cuidado poss\u00edvel. <\/p>\n<p>Nosso atendimento \u00e9 realizado de segunda a sexta-feira, das 8:00 \u00e0s 18:00, permitindo que as fam\u00edlias encontrem um hor\u00e1rio que se encaixe em sua rotina. O acesso \u00e0 cl\u00ednica \u00e9 facilitado pela localiza\u00e7\u00e3o central, pr\u00f3xima a bairros como Neva, Cancelli, Tropical, Country e Coqueiral, tornando-a uma op\u00e7\u00e3o pr\u00e1tica para os moradores da regi\u00e3o. <\/p>\n<p>A especialidade da cl\u00ednica \u00e9 a pediatria, onde a Dra. Ana Paula est\u00e1 capacitada para atender desde rec\u00e9m-nascidos at\u00e9 adolescentes, abordando quest\u00f5es de sa\u00fade, desenvolvimento e preven\u00e7\u00e3o de doen\u00e7as. Al\u00e9m das consultas, oferecemos orienta\u00e7\u00f5es sobre alimenta\u00e7\u00e3o, vacinas e cuidados gerais, sempre com um olhar atento \u00e0s necessidades individuais de cada crian\u00e7a. <\/p>\n<p>A Cl\u00ednica Ana Paula Cozer Bandeira preza pela comunica\u00e7\u00e3o aberta e transparente com os pais, buscando sempre o melhor para a sa\u00fade e bem-estar dos pequenos. Para agendar uma consulta, entre em contato conosco por telefone. Embora ainda n\u00e3o tenhamos um site ou perfil no Instagram, estamos trabalhando para estar mais presentes no mundo digital, facilitando ainda mais o acesso \u00e0s informa\u00e7\u00f5es sobre nossos servi\u00e7os. <\/p>\n<p>Se voc\u00ea est\u00e1 em busca de um atendimento pedi\u00e1trico humanizado e de qualidade em Cascavel, a Cl\u00ednica Ana Paula Cozer Bandeira \u00e9 a escolha certa. Nossa equipe est\u00e1 pronta para receber voc\u00ea e seu filho, proporcionando um ambiente seguro e acolhedor. N\u00e3o deixe de investir na sa\u00fade do seu pequeno, agende uma consulta e venha nos conhecer!<\/p>\n<h3><span class=\"ez-toc-section\" id=\"Perguntas_Frequentes\"><\/span>Perguntas Frequentes<span class=\"ez-toc-section-end\"><\/span><\/h3>\n<p>P: Quais os hor\u00e1rios de atendimento da cl\u00ednica?<br \/>\nR: A cl\u00ednica atende de segunda a sexta-feira, das 8:00 \u00e0s 18:00.<\/p>\n<p>P: A cl\u00ednica atende a quais faixas et\u00e1rias?<br \/>\nR: Atendemos crian\u00e7as desde rec\u00e9m-nascidos at\u00e9 adolescentes.<\/p>\n<p>P: \u00c9 necess\u00e1rio agendar consulta?<br \/>\nR: Sim, recomendamos agendar sua consulta para garantir atendimento.<\/p>\n<p>P: Quais especialidades s\u00e3o oferecidas na cl\u00ednica?<br \/>\nR: Oferecemos atendimento especializado em pediatria.<\/p>\n<p>P: A cl\u00ednica aceita conv\u00eanios?<br \/>\nR: N\u00e3o foram mencionados conv\u00eanios, sugerimos entrar em contato para mais informa\u00e7\u00f5es.<\/p>\n<p>P: Onde a cl\u00ednica est\u00e1 localizada?<br \/>\nR: Estamos localizados no Centro de Cascavel, PR.<\/p>\n<p>P: Como posso entrar em contato para agendar uma consulta?<br \/>\nR: Voc\u00ea pode nos contatar pelo telefone, que ser\u00e1 informado em breve.<\/p>\n<p>P: A cl\u00ednica oferece exames m\u00e9dicos?<br \/>\nR: Atualmente, oferecemos consultas m\u00e9dicas e orienta\u00e7\u00f5es, mas n\u00e3o realizamos exames.<\/p>\n<p>P: A Dra. Ana Paula Cozer Bandeira possui experi\u00eancia na \u00e1rea?<br \/>\nR: Sim, a Dra. Ana Paula \u00e9 uma pediatra com vasta experi\u00eancia e conhecimento.<\/p>\n<p>P: A cl\u00ednica possui um site ou redes sociais?<br \/>\nR: No momento, a cl\u00ednica est\u00e1 desenvolvendo sua presen\u00e7a online, mas informa\u00e7\u00f5es ser\u00e3o disponibilizadas em breve.<\/p>\n<h3><span class=\"ez-toc-section\" id=\"Contato\"><\/span>Contato<span class=\"ez-toc-section-end\"><\/span><\/h3>\n<p><strong>Tel.:  | <\/strong><br \/>\n<strong>WhatsApp: &#8211; <\/strong><\/p>\n","protected":false},"excerpt":{"rendered":"<p>Cl\u00ednica Ana Paula Cozer Bandeira: Cuidado Infantil em Cascavel A Cl\u00ednica Ana Paula Cozer Bandeira \u00e9 um espa\u00e7o dedicado ao cuidado infantil, localizada no cora\u00e7\u00e3o de Cascavel, PR. Com um ambiente acolhedor e humanizado, nossa miss\u00e3o \u00e9 oferecer um atendimento de excel\u00eancia \u00e0s crian\u00e7as e suas fam\u00edlias. A pediatra Ana Paula Cozer Bandeira, respons\u00e1vel t\u00e9cnica [&hellip;]<\/p>\n","protected":false},"author":0,"featured_media":0,"comment_status":"open","ping_status":"open","sticky":false,"template":"","format":"standard","meta":{"_et_pb_use_builder":"o","_et_pb_old_content":"","_et_gb_content_width":"","footnotes":""},"categories":[912,1193,1361],"tags":[],"class_list":["post-152416","post","type-post","status-publish","format-standard","hentry","category-consultas-medicas","category-pediatria","category-saude-infantil"],"yoast_head":"<!-- This site is optimized with the Yoast SEO Premium plugin v21.3 (Yoast SEO v27.5) - https:\/\/yoast.com\/product\/yoast-seo-premium-wordpress\/ -->\n<title>Cl\u00ednica Ana Paula Cozer Bandeira: Cuidado Infantil em Cascavel - Conv\u00eanio Social<\/title>\n<meta name=\"robots\" content=\"index, follow, max-snippet:-1, max-image-preview:large, max-video-preview:-1\" \/>\n<link rel=\"canonical\" href=\"https:\/\/www.conveniosocial.com.br\/blog\/consultas-medicas\/clinica-ana-paula-cozer-bandeira-cuidado-infantil-em-cascavel\/\" \/>\n<meta property=\"og:locale\" content=\"pt_BR\" \/>\n<meta property=\"og:type\" content=\"article\" \/>\n<meta property=\"og:title\" content=\"Cl\u00ednica Ana Paula Cozer Bandeira: Cuidado Infantil em Cascavel\" \/>\n<meta property=\"og:description\" content=\"Cl\u00ednica Ana Paula Cozer Bandeira: Cuidado Infantil em Cascavel A Cl\u00ednica Ana Paula Cozer Bandeira \u00e9 um espa\u00e7o dedicado ao cuidado infantil, localizada no cora\u00e7\u00e3o de Cascavel, PR. Com um ambiente acolhedor e humanizado, nossa miss\u00e3o \u00e9 oferecer um atendimento de excel\u00eancia \u00e0s crian\u00e7as e suas fam\u00edlias. A pediatra Ana Paula Cozer Bandeira, respons\u00e1vel t\u00e9cnica [&hellip;]\" \/>\n<meta property=\"og:url\" content=\"https:\/\/www.conveniosocial.com.br\/blog\/consultas-medicas\/clinica-ana-paula-cozer-bandeira-cuidado-infantil-em-cascavel\/\" \/>\n<meta property=\"og:site_name\" content=\"Conv\u00eanio Social\" \/>\n<meta property=\"article:published_time\" content=\"2026-03-12T00:01:06+00:00\" \/>\n<meta name=\"twitter:card\" content=\"summary_large_image\" \/>\n<meta name=\"twitter:label1\" content=\"Est. tempo de leitura\" \/>\n\t<meta name=\"twitter:data1\" content=\"3 minutos\" \/>\n<script type=\"application\/ld+json\" class=\"yoast-schema-graph\">{\"@context\":\"https:\\\/\\\/schema.org\",\"@graph\":[{\"@type\":\"Article\",\"@id\":\"https:\\\/\\\/www.conveniosocial.com.br\\\/blog\\\/consultas-medicas\\\/clinica-ana-paula-cozer-bandeira-cuidado-infantil-em-cascavel\\\/#article\",\"isPartOf\":{\"@id\":\"https:\\\/\\\/www.conveniosocial.com.br\\\/blog\\\/consultas-medicas\\\/clinica-ana-paula-cozer-bandeira-cuidado-infantil-em-cascavel\\\/\"},\"author\":{\"name\":\"\",\"@id\":\"\"},\"headline\":\"Cl\u00ednica Ana Paula Cozer Bandeira: Cuidado Infantil em Cascavel\",\"datePublished\":\"2026-03-12T00:01:06+00:00\",\"mainEntityOfPage\":{\"@id\":\"https:\\\/\\\/www.conveniosocial.com.br\\\/blog\\\/consultas-medicas\\\/clinica-ana-paula-cozer-bandeira-cuidado-infantil-em-cascavel\\\/\"},\"wordCount\":553,\"commentCount\":0,\"publisher\":{\"@id\":\"https:\\\/\\\/www.conveniosocial.com.br\\\/blog\\\/#organization\"},\"articleSection\":[\"Consultas M\u00e9dicas\",\"Pediatria\",\"Sa\u00fade Infantil\"],\"inLanguage\":\"pt-BR\"},{\"@type\":\"WebPage\",\"@id\":\"https:\\\/\\\/www.conveniosocial.com.br\\\/blog\\\/consultas-medicas\\\/clinica-ana-paula-cozer-bandeira-cuidado-infantil-em-cascavel\\\/\",\"url\":\"https:\\\/\\\/www.conveniosocial.com.br\\\/blog\\\/consultas-medicas\\\/clinica-ana-paula-cozer-bandeira-cuidado-infantil-em-cascavel\\\/\",\"name\":\"Cl\u00ednica Ana Paula Cozer Bandeira: Cuidado Infantil em Cascavel - Conv\u00eanio Social\",\"isPartOf\":{\"@id\":\"https:\\\/\\\/www.conveniosocial.com.br\\\/blog\\\/#website\"},\"datePublished\":\"2026-03-12T00:01:06+00:00\",\"breadcrumb\":{\"@id\":\"https:\\\/\\\/www.conveniosocial.com.br\\\/blog\\\/consultas-medicas\\\/clinica-ana-paula-cozer-bandeira-cuidado-infantil-em-cascavel\\\/#breadcrumb\"},\"inLanguage\":\"pt-BR\",\"potentialAction\":[{\"@type\":\"ReadAction\",\"target\":[\"https:\\\/\\\/www.conveniosocial.com.br\\\/blog\\\/consultas-medicas\\\/clinica-ana-paula-cozer-bandeira-cuidado-infantil-em-cascavel\\\/\"]}]},{\"@type\":\"BreadcrumbList\",\"@id\":\"https:\\\/\\\/www.conveniosocial.com.br\\\/blog\\\/consultas-medicas\\\/clinica-ana-paula-cozer-bandeira-cuidado-infantil-em-cascavel\\\/#breadcrumb\",\"itemListElement\":[{\"@type\":\"ListItem\",\"position\":1,\"name\":\"Home\",\"item\":\"https:\\\/\\\/www.conveniosocial.com.br\\\/blog\\\/\"},{\"@type\":\"ListItem\",\"position\":2,\"name\":\"Consultas M\u00e9dicas\",\"item\":\"https:\\\/\\\/www.conveniosocial.com.br\\\/blog\\\/consultas-medicas\\\/\"},{\"@type\":\"ListItem\",\"position\":3,\"name\":\"Cl\u00ednica Ana Paula Cozer Bandeira: Cuidado Infantil em Cascavel\"}]},{\"@type\":\"WebSite\",\"@id\":\"https:\\\/\\\/www.conveniosocial.com.br\\\/blog\\\/#website\",\"url\":\"https:\\\/\\\/www.conveniosocial.com.br\\\/blog\\\/\",\"name\":\"Conv\u00eanio Social\",\"description\":\"Informa\u00e7\u00f5es de Sa\u00fade e Bem-estar, Consultas e Exames Popular\",\"publisher\":{\"@id\":\"https:\\\/\\\/www.conveniosocial.com.br\\\/blog\\\/#organization\"},\"potentialAction\":[{\"@type\":\"SearchAction\",\"target\":{\"@type\":\"EntryPoint\",\"urlTemplate\":\"https:\\\/\\\/www.conveniosocial.com.br\\\/blog\\\/?s={search_term_string}\"},\"query-input\":{\"@type\":\"PropertyValueSpecification\",\"valueRequired\":true,\"valueName\":\"search_term_string\"}}],\"inLanguage\":\"pt-BR\"},{\"@type\":\"Organization\",\"@id\":\"https:\\\/\\\/www.conveniosocial.com.br\\\/blog\\\/#organization\",\"name\":\"Conv\u00eanio Social\",\"url\":\"https:\\\/\\\/www.conveniosocial.com.br\\\/blog\\\/\",\"logo\":{\"@type\":\"ImageObject\",\"inLanguage\":\"pt-BR\",\"@id\":\"https:\\\/\\\/www.conveniosocial.com.br\\\/blog\\\/#\\\/schema\\\/logo\\\/image\\\/\",\"url\":\"https:\\\/\\\/www.conveniosocial.com.br\\\/blog\\\/wp-content\\\/uploads\\\/2021\\\/11\\\/novo_logo-convenio-socia-digital.png\",\"contentUrl\":\"https:\\\/\\\/www.conveniosocial.com.br\\\/blog\\\/wp-content\\\/uploads\\\/2021\\\/11\\\/novo_logo-convenio-socia-digital.png\",\"width\":400,\"height\":102,\"caption\":\"Conv\u00eanio Social\"},\"image\":{\"@id\":\"https:\\\/\\\/www.conveniosocial.com.br\\\/blog\\\/#\\\/schema\\\/logo\\\/image\\\/\"}}]}<\/script>\n<!-- \/ Yoast SEO Premium plugin. -->","yoast_head_json":{"title":"Cl\u00ednica Ana Paula Cozer Bandeira: Cuidado Infantil em Cascavel - Conv\u00eanio Social","robots":{"index":"index","follow":"follow","max-snippet":"max-snippet:-1","max-image-preview":"max-image-preview:large","max-video-preview":"max-video-preview:-1"},"canonical":"https:\/\/www.conveniosocial.com.br\/blog\/consultas-medicas\/clinica-ana-paula-cozer-bandeira-cuidado-infantil-em-cascavel\/","og_locale":"pt_BR","og_type":"article","og_title":"Cl\u00ednica Ana Paula Cozer Bandeira: Cuidado Infantil em Cascavel","og_description":"Cl\u00ednica Ana Paula Cozer Bandeira: Cuidado Infantil em Cascavel A Cl\u00ednica Ana Paula Cozer Bandeira \u00e9 um espa\u00e7o dedicado ao cuidado infantil, localizada no cora\u00e7\u00e3o de Cascavel, PR. Com um ambiente acolhedor e humanizado, nossa miss\u00e3o \u00e9 oferecer um atendimento de excel\u00eancia \u00e0s crian\u00e7as e suas fam\u00edlias. A pediatra Ana Paula Cozer Bandeira, respons\u00e1vel t\u00e9cnica [&hellip;]","og_url":"https:\/\/www.conveniosocial.com.br\/blog\/consultas-medicas\/clinica-ana-paula-cozer-bandeira-cuidado-infantil-em-cascavel\/","og_site_name":"Conv\u00eanio Social","article_published_time":"2026-03-12T00:01:06+00:00","twitter_card":"summary_large_image","twitter_misc":{"Est. tempo de leitura":"3 minutos"},"schema":{"@context":"https:\/\/schema.org","@graph":[{"@type":"Article","@id":"https:\/\/www.conveniosocial.com.br\/blog\/consultas-medicas\/clinica-ana-paula-cozer-bandeira-cuidado-infantil-em-cascavel\/#article","isPartOf":{"@id":"https:\/\/www.conveniosocial.com.br\/blog\/consultas-medicas\/clinica-ana-paula-cozer-bandeira-cuidado-infantil-em-cascavel\/"},"author":{"name":"","@id":""},"headline":"Cl\u00ednica Ana Paula Cozer Bandeira: Cuidado Infantil em Cascavel","datePublished":"2026-03-12T00:01:06+00:00","mainEntityOfPage":{"@id":"https:\/\/www.conveniosocial.com.br\/blog\/consultas-medicas\/clinica-ana-paula-cozer-bandeira-cuidado-infantil-em-cascavel\/"},"wordCount":553,"commentCount":0,"publisher":{"@id":"https:\/\/www.conveniosocial.com.br\/blog\/#organization"},"articleSection":["Consultas M\u00e9dicas","Pediatria","Sa\u00fade Infantil"],"inLanguage":"pt-BR"},{"@type":"WebPage","@id":"https:\/\/www.conveniosocial.com.br\/blog\/consultas-medicas\/clinica-ana-paula-cozer-bandeira-cuidado-infantil-em-cascavel\/","url":"https:\/\/www.conveniosocial.com.br\/blog\/consultas-medicas\/clinica-ana-paula-cozer-bandeira-cuidado-infantil-em-cascavel\/","name":"Cl\u00ednica Ana Paula Cozer Bandeira: Cuidado Infantil em Cascavel - Conv\u00eanio Social","isPartOf":{"@id":"https:\/\/www.conveniosocial.com.br\/blog\/#website"},"datePublished":"2026-03-12T00:01:06+00:00","breadcrumb":{"@id":"https:\/\/www.conveniosocial.com.br\/blog\/consultas-medicas\/clinica-ana-paula-cozer-bandeira-cuidado-infantil-em-cascavel\/#breadcrumb"},"inLanguage":"pt-BR","potentialAction":[{"@type":"ReadAction","target":["https:\/\/www.conveniosocial.com.br\/blog\/consultas-medicas\/clinica-ana-paula-cozer-bandeira-cuidado-infantil-em-cascavel\/"]}]},{"@type":"BreadcrumbList","@id":"https:\/\/www.conveniosocial.com.br\/blog\/consultas-medicas\/clinica-ana-paula-cozer-bandeira-cuidado-infantil-em-cascavel\/#breadcrumb","itemListElement":[{"@type":"ListItem","position":1,"name":"Home","item":"https:\/\/www.conveniosocial.com.br\/blog\/"},{"@type":"ListItem","position":2,"name":"Consultas M\u00e9dicas","item":"https:\/\/www.conveniosocial.com.br\/blog\/consultas-medicas\/"},{"@type":"ListItem","position":3,"name":"Cl\u00ednica Ana Paula Cozer Bandeira: Cuidado Infantil em Cascavel"}]},{"@type":"WebSite","@id":"https:\/\/www.conveniosocial.com.br\/blog\/#website","url":"https:\/\/www.conveniosocial.com.br\/blog\/","name":"Conv\u00eanio Social","description":"Informa\u00e7\u00f5es de Sa\u00fade e Bem-estar, Consultas e Exames Popular","publisher":{"@id":"https:\/\/www.conveniosocial.com.br\/blog\/#organization"},"potentialAction":[{"@type":"SearchAction","target":{"@type":"EntryPoint","urlTemplate":"https:\/\/www.conveniosocial.com.br\/blog\/?s={search_term_string}"},"query-input":{"@type":"PropertyValueSpecification","valueRequired":true,"valueName":"search_term_string"}}],"inLanguage":"pt-BR"},{"@type":"Organization","@id":"https:\/\/www.conveniosocial.com.br\/blog\/#organization","name":"Conv\u00eanio Social","url":"https:\/\/www.conveniosocial.com.br\/blog\/","logo":{"@type":"ImageObject","inLanguage":"pt-BR","@id":"https:\/\/www.conveniosocial.com.br\/blog\/#\/schema\/logo\/image\/","url":"https:\/\/www.conveniosocial.com.br\/blog\/wp-content\/uploads\/2021\/11\/novo_logo-convenio-socia-digital.png","contentUrl":"https:\/\/www.conveniosocial.com.br\/blog\/wp-content\/uploads\/2021\/11\/novo_logo-convenio-socia-digital.png","width":400,"height":102,"caption":"Conv\u00eanio Social"},"image":{"@id":"https:\/\/www.conveniosocial.com.br\/blog\/#\/schema\/logo\/image\/"}}]}},"_links":{"self":[{"href":"https:\/\/www.conveniosocial.com.br\/blog\/wp-json\/wp\/v2\/posts\/152416","targetHints":{"allow":["GET"]}}],"collection":[{"href":"https:\/\/www.conveniosocial.com.br\/blog\/wp-json\/wp\/v2\/posts"}],"about":[{"href":"https:\/\/www.conveniosocial.com.br\/blog\/wp-json\/wp\/v2\/types\/post"}],"replies":[{"embeddable":true,"href":"https:\/\/www.conveniosocial.com.br\/blog\/wp-json\/wp\/v2\/comments?post=152416"}],"version-history":[{"count":0,"href":"https:\/\/www.conveniosocial.com.br\/blog\/wp-json\/wp\/v2\/posts\/152416\/revisions"}],"wp:attachment":[{"href":"https:\/\/www.conveniosocial.com.br\/blog\/wp-json\/wp\/v2\/media?parent=152416"}],"wp:term":[{"taxonomy":"category","embeddable":true,"href":"https:\/\/www.conveniosocial.com.br\/blog\/wp-json\/wp\/v2\/categories?post=152416"},{"taxonomy":"post_tag","embeddable":true,"href":"https:\/\/www.conveniosocial.com.br\/blog\/wp-json\/wp\/v2\/tags?post=152416"}],"curies":[{"name":"wp","href":"https:\/\/api.w.org\/{rel}","templated":true}]}}