{"id":152431,"date":"2026-03-11T21:01:07","date_gmt":"2026-03-12T00:01:07","guid":{"rendered":"https:\/\/www.conveniosocial.com.br\/blog\/nehuma\/psicologa-elizete-ferreira-cuidado-e-acolhimento-em-diadema\/"},"modified":"2026-03-11T21:01:07","modified_gmt":"2026-03-12T00:01:07","slug":"psicologa-elizete-ferreira-cuidado-e-acolhimento-em-diadema","status":"publish","type":"post","link":"https:\/\/www.conveniosocial.com.br\/blog\/saude-mental\/psicologa-elizete-ferreira-cuidado-e-acolhimento-em-diadema\/","title":{"rendered":"Psic\u00f3loga Elizete Ferreira: Cuidado e Acolhimento em Diadema"},"content":{"rendered":"<div id=\"ez-toc-container\" class=\"ez-toc-v2_0_82_2 counter-flat ez-toc-counter ez-toc-white ez-toc-container-direction\">\n<p class=\"ez-toc-title\" style=\"cursor:inherit\">\u00cdndice do Conte\u00fado<\/p>\n<label for=\"ez-toc-cssicon-toggle-item-69f3d6b4706fa\" class=\"ez-toc-cssicon-toggle-label\"><span class=\"ez-toc-cssicon\"><span class=\"eztoc-hide\" style=\"display:none;\">Toggle<\/span><span class=\"ez-toc-icon-toggle-span\"><svg style=\"fill: #999;color:#999\" xmlns=\"http:\/\/www.w3.org\/2000\/svg\" class=\"list-377408\" width=\"20px\" height=\"20px\" viewBox=\"0 0 24 24\" fill=\"none\"><path d=\"M6 6H4v2h2V6zm14 0H8v2h12V6zM4 11h2v2H4v-2zm16 0H8v2h12v-2zM4 16h2v2H4v-2zm16 0H8v2h12v-2z\" fill=\"currentColor\"><\/path><\/svg><svg style=\"fill: #999;color:#999\" class=\"arrow-unsorted-368013\" xmlns=\"http:\/\/www.w3.org\/2000\/svg\" width=\"10px\" height=\"10px\" viewBox=\"0 0 24 24\" version=\"1.2\" baseProfile=\"tiny\"><path d=\"M18.2 9.3l-6.2-6.3-6.2 6.3c-.2.2-.3.4-.3.7s.1.5.3.7c.2.2.4.3.7.3h11c.3 0 .5-.1.7-.3.2-.2.3-.5.3-.7s-.1-.5-.3-.7zM5.8 14.7l6.2 6.3 6.2-6.3c.2-.2.3-.5.3-.7s-.1-.5-.3-.7c-.2-.2-.4-.3-.7-.3h-11c-.3 0-.5.1-.7.3-.2.2-.3.5-.3.7s.1.5.3.7z\"\/><\/svg><\/span><\/span><\/label><input type=\"checkbox\"  id=\"ez-toc-cssicon-toggle-item-69f3d6b4706fa\" checked aria-label=\"Alternar\" \/><nav><ul class='ez-toc-list ez-toc-list-level-1 ' ><li class='ez-toc-page-1'><a class=\"ez-toc-link ez-toc-heading-1\" href=\"https:\/\/www.conveniosocial.com.br\/blog\/saude-mental\/psicologa-elizete-ferreira-cuidado-e-acolhimento-em-diadema\/#Psicologa_Elizete_Ferreira_Cuidado_e_Acolhimento_em_Diadema\" >Psic\u00f3loga Elizete Ferreira: Cuidado e Acolhimento em Diadema<\/a><\/li><li class='ez-toc-page-1'><a class=\"ez-toc-link ez-toc-heading-2\" href=\"https:\/\/www.conveniosocial.com.br\/blog\/saude-mental\/psicologa-elizete-ferreira-cuidado-e-acolhimento-em-diadema\/#Perguntas_Frequentes\" >Perguntas Frequentes<\/a><\/li><li class='ez-toc-page-1'><a class=\"ez-toc-link ez-toc-heading-3\" href=\"https:\/\/www.conveniosocial.com.br\/blog\/saude-mental\/psicologa-elizete-ferreira-cuidado-e-acolhimento-em-diadema\/#Contato\" >Contato<\/a><\/li><\/ul><\/nav><\/div>\n<h2><span class=\"ez-toc-section\" id=\"Psicologa_Elizete_Ferreira_Cuidado_e_Acolhimento_em_Diadema\"><\/span>Psic\u00f3loga Elizete Ferreira: Cuidado e Acolhimento em Diadema<span class=\"ez-toc-section-end\"><\/span><\/h2>\n<p>A Psic\u00f3loga Elizete Ferreira \u00e9 uma profissional dedicada \u00e0 sa\u00fade mental, localizada no cora\u00e7\u00e3o de Diadema, SP. Com um compromisso firme em proporcionar um atendimento humanizado e acolhedor, Elizete oferece suporte psicol\u00f3gico a indiv\u00edduos que buscam melhorar seu bem-estar emocional e mental. Seu consult\u00f3rio, situado no Centro de Diadema, \u00e9 de f\u00e1cil acesso, possibilitando que todos possam encontrar um espa\u00e7o seguro para o autocuidado.  <\/p>\n<p>A Psic\u00f3loga Elizete Ferreira tem como foco principal o acompanhamento psicol\u00f3gico, utilizando abordagens que favorecem a escuta ativa e a empatia. Seu objetivo \u00e9 criar um ambiente confort\u00e1vel para que os pacientes possam se expressar livremente, abordando quest\u00f5es como ansiedade, depress\u00e3o, estresse e relacionamentos. A sua atua\u00e7\u00e3o \u00e9 pautada em um profundo respeito \u00e0s necessidades individuais de cada paciente, sempre buscando oferecer um tratamento personalizado e eficaz.  <\/p>\n<p>Al\u00e9m do atendimento psicol\u00f3gico, a cl\u00ednica est\u00e1 inserida em um contexto de cuidados integrados \u00e0 sa\u00fade, onde a profissional se mant\u00e9m atualizada sobre as melhores pr\u00e1ticas e tend\u00eancias do campo da psicologia. Embora as especialidades e exames espec\u00edficos n\u00e3o tenham sido informados, a cl\u00ednica \u00e9 um espa\u00e7o que promove a sa\u00fade mental de forma ampla e acess\u00edvel.  <\/p>\n<p>O hor\u00e1rio de atendimento \u00e9 das 09:00 \u00e0s 20:00, permitindo que os pacientes agendem suas consultas em hor\u00e1rios que melhor se adequem \u00e0 sua rotina. A Psic\u00f3loga Elizete Ferreira \u00e9 a respons\u00e1vel t\u00e9cnica da cl\u00ednica e possui um CRM de n\u00famero 06\/134917, assegurando a credibilidade e a confian\u00e7a que voc\u00ea merece em um atendimento psicol\u00f3gico.  <\/p>\n<p>Para entrar em contato, voc\u00ea pode ligar para o telefone que ser\u00e1 disponibilizado em breve, ou acompanhar as novidades e dicas de sa\u00fade mental pelo Instagram da cl\u00ednica, que tamb\u00e9m ser\u00e1 divulgado em breve. A presen\u00e7a online \u00e9 essencial para que o p\u00fablico tenha acesso \u00e0 informa\u00e7\u00e3o e possa se sentir mais pr\u00f3ximo do trabalho realizado.  <\/p>\n<p>A Psic\u00f3loga Elizete Ferreira entende que cuidar da mente \u00e9 t\u00e3o importante quanto cuidar do corpo, e por isso, est\u00e1 sempre pronta para apoiar seus pacientes em sua jornada de autoconhecimento e supera\u00e7\u00e3o. Se voc\u00ea est\u00e1 em busca de um espa\u00e7o acolhedor para falar sobre suas emo\u00e7\u00f5es e desafios, a cl\u00ednica de Elizete Ferreira \u00e9 o lugar certo para voc\u00ea. N\u00e3o hesite em buscar ajuda e investir no seu bem-estar.  <\/p>\n<p>A sa\u00fade mental \u00e9 uma prioridade que deve ser levada a s\u00e9rio, e a Psic\u00f3loga Elizete Ferreira est\u00e1 aqui para te apoiar nesse processo.<\/p>\n<h3><span class=\"ez-toc-section\" id=\"Perguntas_Frequentes\"><\/span>Perguntas Frequentes<span class=\"ez-toc-section-end\"><\/span><\/h3>\n<p>P: Quais servi\u00e7os a Psic\u00f3loga Elizete Ferreira oferece?<br \/>\nR: A Psic\u00f3loga Elizete Ferreira oferece acompanhamento psicol\u00f3gico e terapia. <\/p>\n<p>P: Como posso agendar uma consulta?<br \/>\nR: Voc\u00ea pode agendar uma consulta entrando em contato pelo telefone que ser\u00e1 disponibilizado. <\/p>\n<p>P: Qual \u00e9 o hor\u00e1rio de atendimento da cl\u00ednica?<br \/>\nR: O hor\u00e1rio de atendimento \u00e9 das 09:00 \u00e0s 20:00. <\/p>\n<p>P: A psic\u00f3loga atende apenas adultos?<br \/>\nR: A cl\u00ednica est\u00e1 aberta para atender a diferentes faixas et\u00e1rias, incluindo adolescentes e adultos. <\/p>\n<p>P: A Psic\u00f3loga Elizete Ferreira aceita conv\u00eanios?<br \/>\nR: Informa\u00e7\u00f5es sobre conv\u00eanios n\u00e3o foram informadas, por favor entre em contato para mais detalhes. <\/p>\n<p>P: Onde a cl\u00ednica est\u00e1 localizada?<br \/>\nR: A cl\u00ednica est\u00e1 situada no Centro de Diadema, SP, em um local de f\u00e1cil acesso. <\/p>\n<p>P: A consulta \u00e9 presencial ou online?<br \/>\nR: Para informa\u00e7\u00f5es sobre a modalidade das consultas, entre em contato diretamente com a cl\u00ednica. <\/p>\n<p>P: Quais s\u00e3o os temas abordados nas consultas?<br \/>\nR: Os temas podem incluir ansiedade, depress\u00e3o, estresse e relacionamentos, entre outros. <\/p>\n<p>P: A cl\u00ednica possui algum site ou redes sociais?<br \/>\nR: Um site e Instagram ser\u00e3o disponibilizados em breve para mais informa\u00e7\u00f5es. <\/p>\n<p>P: Posso fazer uma consulta de emerg\u00eancia?<br \/>\nR: Para consultas de emerg\u00eancia, \u00e9 recomendado buscar atendimento imediato em servi\u00e7os especializados.<\/p>\n<h3><span class=\"ez-toc-section\" id=\"Contato\"><\/span>Contato<span class=\"ez-toc-section-end\"><\/span><\/h3>\n<p><strong>Tel.:  | <\/strong><br \/>\n<strong>WhatsApp: &#8211; <\/strong><\/p>\n","protected":false},"excerpt":{"rendered":"<p>Psic\u00f3loga Elizete Ferreira: Cuidado e Acolhimento em Diadema A Psic\u00f3loga Elizete Ferreira \u00e9 uma profissional dedicada \u00e0 sa\u00fade mental, localizada no cora\u00e7\u00e3o de Diadema, SP. Com um compromisso firme em proporcionar um atendimento humanizado e acolhedor, Elizete oferece suporte psicol\u00f3gico a indiv\u00edduos que buscam melhorar seu bem-estar emocional e mental. Seu consult\u00f3rio, situado no Centro [&hellip;]<\/p>\n","protected":false},"author":0,"featured_media":0,"comment_status":"open","ping_status":"open","sticky":false,"template":"","format":"standard","meta":{"_et_pb_use_builder":"o","_et_pb_old_content":"","_et_gb_content_width":"","footnotes":""},"categories":[1323,1306,1324],"tags":[],"class_list":["post-152431","post","type-post","status-publish","format-standard","hentry","category-psicologia","category-saude-mental","category-terapia"],"yoast_head":"<!-- This site is optimized with the Yoast SEO Premium plugin v21.3 (Yoast SEO v27.5) - https:\/\/yoast.com\/product\/yoast-seo-premium-wordpress\/ -->\n<title>Psic\u00f3loga Elizete Ferreira: Cuidado e Acolhimento em Diadema - Conv\u00eanio Social<\/title>\n<meta name=\"robots\" content=\"index, follow, max-snippet:-1, max-image-preview:large, max-video-preview:-1\" \/>\n<link rel=\"canonical\" href=\"https:\/\/www.conveniosocial.com.br\/blog\/saude-mental\/psicologa-elizete-ferreira-cuidado-e-acolhimento-em-diadema\/\" \/>\n<meta property=\"og:locale\" content=\"pt_BR\" \/>\n<meta property=\"og:type\" content=\"article\" \/>\n<meta property=\"og:title\" content=\"Psic\u00f3loga Elizete Ferreira: Cuidado e Acolhimento em Diadema\" \/>\n<meta property=\"og:description\" content=\"Psic\u00f3loga Elizete Ferreira: Cuidado e Acolhimento em Diadema A Psic\u00f3loga Elizete Ferreira \u00e9 uma profissional dedicada \u00e0 sa\u00fade mental, localizada no cora\u00e7\u00e3o de Diadema, SP. Com um compromisso firme em proporcionar um atendimento humanizado e acolhedor, Elizete oferece suporte psicol\u00f3gico a indiv\u00edduos que buscam melhorar seu bem-estar emocional e mental. Seu consult\u00f3rio, situado no Centro [&hellip;]\" \/>\n<meta property=\"og:url\" content=\"https:\/\/www.conveniosocial.com.br\/blog\/saude-mental\/psicologa-elizete-ferreira-cuidado-e-acolhimento-em-diadema\/\" \/>\n<meta property=\"og:site_name\" content=\"Conv\u00eanio Social\" \/>\n<meta property=\"article:published_time\" content=\"2026-03-12T00:01:07+00:00\" \/>\n<meta name=\"twitter:card\" content=\"summary_large_image\" \/>\n<meta name=\"twitter:label1\" content=\"Est. tempo de leitura\" \/>\n\t<meta name=\"twitter:data1\" content=\"3 minutos\" \/>\n<script type=\"application\/ld+json\" class=\"yoast-schema-graph\">{\"@context\":\"https:\\\/\\\/schema.org\",\"@graph\":[{\"@type\":\"Article\",\"@id\":\"https:\\\/\\\/www.conveniosocial.com.br\\\/blog\\\/saude-mental\\\/psicologa-elizete-ferreira-cuidado-e-acolhimento-em-diadema\\\/#article\",\"isPartOf\":{\"@id\":\"https:\\\/\\\/www.conveniosocial.com.br\\\/blog\\\/saude-mental\\\/psicologa-elizete-ferreira-cuidado-e-acolhimento-em-diadema\\\/\"},\"author\":{\"name\":\"\",\"@id\":\"\"},\"headline\":\"Psic\u00f3loga Elizete Ferreira: Cuidado e Acolhimento em Diadema\",\"datePublished\":\"2026-03-12T00:01:07+00:00\",\"mainEntityOfPage\":{\"@id\":\"https:\\\/\\\/www.conveniosocial.com.br\\\/blog\\\/saude-mental\\\/psicologa-elizete-ferreira-cuidado-e-acolhimento-em-diadema\\\/\"},\"wordCount\":678,\"commentCount\":0,\"publisher\":{\"@id\":\"https:\\\/\\\/www.conveniosocial.com.br\\\/blog\\\/#organization\"},\"articleSection\":[\"Psicologia\",\"Sa\u00fade Mental\",\"Terapia\"],\"inLanguage\":\"pt-BR\"},{\"@type\":\"WebPage\",\"@id\":\"https:\\\/\\\/www.conveniosocial.com.br\\\/blog\\\/saude-mental\\\/psicologa-elizete-ferreira-cuidado-e-acolhimento-em-diadema\\\/\",\"url\":\"https:\\\/\\\/www.conveniosocial.com.br\\\/blog\\\/saude-mental\\\/psicologa-elizete-ferreira-cuidado-e-acolhimento-em-diadema\\\/\",\"name\":\"Psic\u00f3loga Elizete Ferreira: Cuidado e Acolhimento em Diadema - Conv\u00eanio Social\",\"isPartOf\":{\"@id\":\"https:\\\/\\\/www.conveniosocial.com.br\\\/blog\\\/#website\"},\"datePublished\":\"2026-03-12T00:01:07+00:00\",\"breadcrumb\":{\"@id\":\"https:\\\/\\\/www.conveniosocial.com.br\\\/blog\\\/saude-mental\\\/psicologa-elizete-ferreira-cuidado-e-acolhimento-em-diadema\\\/#breadcrumb\"},\"inLanguage\":\"pt-BR\",\"potentialAction\":[{\"@type\":\"ReadAction\",\"target\":[\"https:\\\/\\\/www.conveniosocial.com.br\\\/blog\\\/saude-mental\\\/psicologa-elizete-ferreira-cuidado-e-acolhimento-em-diadema\\\/\"]}]},{\"@type\":\"BreadcrumbList\",\"@id\":\"https:\\\/\\\/www.conveniosocial.com.br\\\/blog\\\/saude-mental\\\/psicologa-elizete-ferreira-cuidado-e-acolhimento-em-diadema\\\/#breadcrumb\",\"itemListElement\":[{\"@type\":\"ListItem\",\"position\":1,\"name\":\"Home\",\"item\":\"https:\\\/\\\/www.conveniosocial.com.br\\\/blog\\\/\"},{\"@type\":\"ListItem\",\"position\":2,\"name\":\"Psicologia\",\"item\":\"https:\\\/\\\/www.conveniosocial.com.br\\\/blog\\\/psicologia\\\/\"},{\"@type\":\"ListItem\",\"position\":3,\"name\":\"Psic\u00f3loga Elizete Ferreira: Cuidado e Acolhimento em Diadema\"}]},{\"@type\":\"WebSite\",\"@id\":\"https:\\\/\\\/www.conveniosocial.com.br\\\/blog\\\/#website\",\"url\":\"https:\\\/\\\/www.conveniosocial.com.br\\\/blog\\\/\",\"name\":\"Conv\u00eanio Social\",\"description\":\"Informa\u00e7\u00f5es de Sa\u00fade e Bem-estar, Consultas e Exames Popular\",\"publisher\":{\"@id\":\"https:\\\/\\\/www.conveniosocial.com.br\\\/blog\\\/#organization\"},\"potentialAction\":[{\"@type\":\"SearchAction\",\"target\":{\"@type\":\"EntryPoint\",\"urlTemplate\":\"https:\\\/\\\/www.conveniosocial.com.br\\\/blog\\\/?s={search_term_string}\"},\"query-input\":{\"@type\":\"PropertyValueSpecification\",\"valueRequired\":true,\"valueName\":\"search_term_string\"}}],\"inLanguage\":\"pt-BR\"},{\"@type\":\"Organization\",\"@id\":\"https:\\\/\\\/www.conveniosocial.com.br\\\/blog\\\/#organization\",\"name\":\"Conv\u00eanio Social\",\"url\":\"https:\\\/\\\/www.conveniosocial.com.br\\\/blog\\\/\",\"logo\":{\"@type\":\"ImageObject\",\"inLanguage\":\"pt-BR\",\"@id\":\"https:\\\/\\\/www.conveniosocial.com.br\\\/blog\\\/#\\\/schema\\\/logo\\\/image\\\/\",\"url\":\"https:\\\/\\\/www.conveniosocial.com.br\\\/blog\\\/wp-content\\\/uploads\\\/2021\\\/11\\\/novo_logo-convenio-socia-digital.png\",\"contentUrl\":\"https:\\\/\\\/www.conveniosocial.com.br\\\/blog\\\/wp-content\\\/uploads\\\/2021\\\/11\\\/novo_logo-convenio-socia-digital.png\",\"width\":400,\"height\":102,\"caption\":\"Conv\u00eanio Social\"},\"image\":{\"@id\":\"https:\\\/\\\/www.conveniosocial.com.br\\\/blog\\\/#\\\/schema\\\/logo\\\/image\\\/\"}}]}<\/script>\n<!-- \/ Yoast SEO Premium plugin. -->","yoast_head_json":{"title":"Psic\u00f3loga Elizete Ferreira: Cuidado e Acolhimento em Diadema - Conv\u00eanio Social","robots":{"index":"index","follow":"follow","max-snippet":"max-snippet:-1","max-image-preview":"max-image-preview:large","max-video-preview":"max-video-preview:-1"},"canonical":"https:\/\/www.conveniosocial.com.br\/blog\/saude-mental\/psicologa-elizete-ferreira-cuidado-e-acolhimento-em-diadema\/","og_locale":"pt_BR","og_type":"article","og_title":"Psic\u00f3loga Elizete Ferreira: Cuidado e Acolhimento em Diadema","og_description":"Psic\u00f3loga Elizete Ferreira: Cuidado e Acolhimento em Diadema A Psic\u00f3loga Elizete Ferreira \u00e9 uma profissional dedicada \u00e0 sa\u00fade mental, localizada no cora\u00e7\u00e3o de Diadema, SP. Com um compromisso firme em proporcionar um atendimento humanizado e acolhedor, Elizete oferece suporte psicol\u00f3gico a indiv\u00edduos que buscam melhorar seu bem-estar emocional e mental. Seu consult\u00f3rio, situado no Centro [&hellip;]","og_url":"https:\/\/www.conveniosocial.com.br\/blog\/saude-mental\/psicologa-elizete-ferreira-cuidado-e-acolhimento-em-diadema\/","og_site_name":"Conv\u00eanio Social","article_published_time":"2026-03-12T00:01:07+00:00","twitter_card":"summary_large_image","twitter_misc":{"Est. tempo de leitura":"3 minutos"},"schema":{"@context":"https:\/\/schema.org","@graph":[{"@type":"Article","@id":"https:\/\/www.conveniosocial.com.br\/blog\/saude-mental\/psicologa-elizete-ferreira-cuidado-e-acolhimento-em-diadema\/#article","isPartOf":{"@id":"https:\/\/www.conveniosocial.com.br\/blog\/saude-mental\/psicologa-elizete-ferreira-cuidado-e-acolhimento-em-diadema\/"},"author":{"name":"","@id":""},"headline":"Psic\u00f3loga Elizete Ferreira: Cuidado e Acolhimento em Diadema","datePublished":"2026-03-12T00:01:07+00:00","mainEntityOfPage":{"@id":"https:\/\/www.conveniosocial.com.br\/blog\/saude-mental\/psicologa-elizete-ferreira-cuidado-e-acolhimento-em-diadema\/"},"wordCount":678,"commentCount":0,"publisher":{"@id":"https:\/\/www.conveniosocial.com.br\/blog\/#organization"},"articleSection":["Psicologia","Sa\u00fade Mental","Terapia"],"inLanguage":"pt-BR"},{"@type":"WebPage","@id":"https:\/\/www.conveniosocial.com.br\/blog\/saude-mental\/psicologa-elizete-ferreira-cuidado-e-acolhimento-em-diadema\/","url":"https:\/\/www.conveniosocial.com.br\/blog\/saude-mental\/psicologa-elizete-ferreira-cuidado-e-acolhimento-em-diadema\/","name":"Psic\u00f3loga Elizete Ferreira: Cuidado e Acolhimento em Diadema - Conv\u00eanio Social","isPartOf":{"@id":"https:\/\/www.conveniosocial.com.br\/blog\/#website"},"datePublished":"2026-03-12T00:01:07+00:00","breadcrumb":{"@id":"https:\/\/www.conveniosocial.com.br\/blog\/saude-mental\/psicologa-elizete-ferreira-cuidado-e-acolhimento-em-diadema\/#breadcrumb"},"inLanguage":"pt-BR","potentialAction":[{"@type":"ReadAction","target":["https:\/\/www.conveniosocial.com.br\/blog\/saude-mental\/psicologa-elizete-ferreira-cuidado-e-acolhimento-em-diadema\/"]}]},{"@type":"BreadcrumbList","@id":"https:\/\/www.conveniosocial.com.br\/blog\/saude-mental\/psicologa-elizete-ferreira-cuidado-e-acolhimento-em-diadema\/#breadcrumb","itemListElement":[{"@type":"ListItem","position":1,"name":"Home","item":"https:\/\/www.conveniosocial.com.br\/blog\/"},{"@type":"ListItem","position":2,"name":"Psicologia","item":"https:\/\/www.conveniosocial.com.br\/blog\/psicologia\/"},{"@type":"ListItem","position":3,"name":"Psic\u00f3loga Elizete Ferreira: Cuidado e Acolhimento em Diadema"}]},{"@type":"WebSite","@id":"https:\/\/www.conveniosocial.com.br\/blog\/#website","url":"https:\/\/www.conveniosocial.com.br\/blog\/","name":"Conv\u00eanio Social","description":"Informa\u00e7\u00f5es de Sa\u00fade e Bem-estar, Consultas e Exames Popular","publisher":{"@id":"https:\/\/www.conveniosocial.com.br\/blog\/#organization"},"potentialAction":[{"@type":"SearchAction","target":{"@type":"EntryPoint","urlTemplate":"https:\/\/www.conveniosocial.com.br\/blog\/?s={search_term_string}"},"query-input":{"@type":"PropertyValueSpecification","valueRequired":true,"valueName":"search_term_string"}}],"inLanguage":"pt-BR"},{"@type":"Organization","@id":"https:\/\/www.conveniosocial.com.br\/blog\/#organization","name":"Conv\u00eanio Social","url":"https:\/\/www.conveniosocial.com.br\/blog\/","logo":{"@type":"ImageObject","inLanguage":"pt-BR","@id":"https:\/\/www.conveniosocial.com.br\/blog\/#\/schema\/logo\/image\/","url":"https:\/\/www.conveniosocial.com.br\/blog\/wp-content\/uploads\/2021\/11\/novo_logo-convenio-socia-digital.png","contentUrl":"https:\/\/www.conveniosocial.com.br\/blog\/wp-content\/uploads\/2021\/11\/novo_logo-convenio-socia-digital.png","width":400,"height":102,"caption":"Conv\u00eanio Social"},"image":{"@id":"https:\/\/www.conveniosocial.com.br\/blog\/#\/schema\/logo\/image\/"}}]}},"_links":{"self":[{"href":"https:\/\/www.conveniosocial.com.br\/blog\/wp-json\/wp\/v2\/posts\/152431","targetHints":{"allow":["GET"]}}],"collection":[{"href":"https:\/\/www.conveniosocial.com.br\/blog\/wp-json\/wp\/v2\/posts"}],"about":[{"href":"https:\/\/www.conveniosocial.com.br\/blog\/wp-json\/wp\/v2\/types\/post"}],"replies":[{"embeddable":true,"href":"https:\/\/www.conveniosocial.com.br\/blog\/wp-json\/wp\/v2\/comments?post=152431"}],"version-history":[{"count":0,"href":"https:\/\/www.conveniosocial.com.br\/blog\/wp-json\/wp\/v2\/posts\/152431\/revisions"}],"wp:attachment":[{"href":"https:\/\/www.conveniosocial.com.br\/blog\/wp-json\/wp\/v2\/media?parent=152431"}],"wp:term":[{"taxonomy":"category","embeddable":true,"href":"https:\/\/www.conveniosocial.com.br\/blog\/wp-json\/wp\/v2\/categories?post=152431"},{"taxonomy":"post_tag","embeddable":true,"href":"https:\/\/www.conveniosocial.com.br\/blog\/wp-json\/wp\/v2\/tags?post=152431"}],"curies":[{"name":"wp","href":"https:\/\/api.w.org\/{rel}","templated":true}]}}