{"id":152432,"date":"2026-03-11T21:01:07","date_gmt":"2026-03-12T00:01:07","guid":{"rendered":"https:\/\/www.conveniosocial.com.br\/blog\/nehuma\/psicologa-tatiana-dias-gomes-cuidado-e-profissionalismo-em-diadema\/"},"modified":"2026-03-11T21:01:07","modified_gmt":"2026-03-12T00:01:07","slug":"psicologa-tatiana-dias-gomes-cuidado-e-profissionalismo-em-diadema","status":"publish","type":"post","link":"https:\/\/www.conveniosocial.com.br\/blog\/saude-mental\/psicologa-tatiana-dias-gomes-cuidado-e-profissionalismo-em-diadema\/","title":{"rendered":"Psic\u00f3loga Tatiana Dias Gomes: Cuidado e Profissionalismo em Diadema"},"content":{"rendered":"<div id=\"ez-toc-container\" class=\"ez-toc-v2_0_82_2 counter-flat ez-toc-counter ez-toc-white ez-toc-container-direction\">\n<p class=\"ez-toc-title\" style=\"cursor:inherit\">\u00cdndice do Conte\u00fado<\/p>\n<label for=\"ez-toc-cssicon-toggle-item-69f3a535b131f\" class=\"ez-toc-cssicon-toggle-label\"><span class=\"ez-toc-cssicon\"><span class=\"eztoc-hide\" style=\"display:none;\">Toggle<\/span><span class=\"ez-toc-icon-toggle-span\"><svg style=\"fill: #999;color:#999\" xmlns=\"http:\/\/www.w3.org\/2000\/svg\" class=\"list-377408\" width=\"20px\" height=\"20px\" viewBox=\"0 0 24 24\" fill=\"none\"><path d=\"M6 6H4v2h2V6zm14 0H8v2h12V6zM4 11h2v2H4v-2zm16 0H8v2h12v-2zM4 16h2v2H4v-2zm16 0H8v2h12v-2z\" fill=\"currentColor\"><\/path><\/svg><svg style=\"fill: #999;color:#999\" class=\"arrow-unsorted-368013\" xmlns=\"http:\/\/www.w3.org\/2000\/svg\" width=\"10px\" height=\"10px\" viewBox=\"0 0 24 24\" version=\"1.2\" baseProfile=\"tiny\"><path d=\"M18.2 9.3l-6.2-6.3-6.2 6.3c-.2.2-.3.4-.3.7s.1.5.3.7c.2.2.4.3.7.3h11c.3 0 .5-.1.7-.3.2-.2.3-.5.3-.7s-.1-.5-.3-.7zM5.8 14.7l6.2 6.3 6.2-6.3c.2-.2.3-.5.3-.7s-.1-.5-.3-.7c-.2-.2-.4-.3-.7-.3h-11c-.3 0-.5.1-.7.3-.2.2-.3.5-.3.7s.1.5.3.7z\"\/><\/svg><\/span><\/span><\/label><input type=\"checkbox\"  id=\"ez-toc-cssicon-toggle-item-69f3a535b131f\" checked aria-label=\"Alternar\" \/><nav><ul class='ez-toc-list ez-toc-list-level-1 ' ><li class='ez-toc-page-1'><a class=\"ez-toc-link ez-toc-heading-1\" href=\"https:\/\/www.conveniosocial.com.br\/blog\/saude-mental\/psicologa-tatiana-dias-gomes-cuidado-e-profissionalismo-em-diadema\/#Psicologa_Tatiana_Dias_Gomes_Cuidado_e_Profissionalismo_em_Diadema\" >Psic\u00f3loga Tatiana Dias Gomes: Cuidado e Profissionalismo em Diadema<\/a><\/li><li class='ez-toc-page-1'><a class=\"ez-toc-link ez-toc-heading-2\" href=\"https:\/\/www.conveniosocial.com.br\/blog\/saude-mental\/psicologa-tatiana-dias-gomes-cuidado-e-profissionalismo-em-diadema\/#Perguntas_Frequentes\" >Perguntas Frequentes<\/a><\/li><li class='ez-toc-page-1'><a class=\"ez-toc-link ez-toc-heading-3\" href=\"https:\/\/www.conveniosocial.com.br\/blog\/saude-mental\/psicologa-tatiana-dias-gomes-cuidado-e-profissionalismo-em-diadema\/#Contato\" >Contato<\/a><\/li><\/ul><\/nav><\/div>\n<h2><span class=\"ez-toc-section\" id=\"Psicologa_Tatiana_Dias_Gomes_Cuidado_e_Profissionalismo_em_Diadema\"><\/span>Psic\u00f3loga Tatiana Dias Gomes: Cuidado e Profissionalismo em Diadema<span class=\"ez-toc-section-end\"><\/span><\/h2>\n<p>A Psic\u00f3loga Tatiana Dias Gomes \u00e9 uma profissional dedicada e altamente qualificada, atuando na \u00e1rea de Psicologia Cl\u00ednica em Diadema, SP. Com um enfoque humanizado, Tatiana busca proporcionar um ambiente acolhedor e seguro para seus pacientes, promovendo um espa\u00e7o onde \u00e9 poss\u00edvel explorar sentimentos, emo\u00e7\u00f5es e comportamentos de maneira construtiva. <\/p>\n<p>Localizada no Centro de Diadema, a cl\u00ednica oferece f\u00e1cil acesso para todos os moradores da regi\u00e3o, sendo ideal para aqueles que buscam apoio psicol\u00f3gico. A psic\u00f3loga atende de segunda a sexta-feira, das 07:00 \u00e0s 20:00, permitindo que os pacientes possam agendar consultas em hor\u00e1rios que se encaixem em suas rotinas di\u00e1rias. <\/p>\n<p>Tatiana \u00e9 formada e registrada no conselho regional de psicologia (CRM 06\/158465), garantindo que seus atendimentos sejam realizados com \u00e9tica e responsabilidade. A cl\u00ednica \u00e9 conhecida por seu atendimento personalizado, onde cada paciente recebe aten\u00e7\u00e3o \u00fanica, respeitando suas individualidades e necessidades. <\/p>\n<p>Al\u00e9m de sess\u00f5es de terapia individual, a psic\u00f3loga oferece orienta\u00e7\u00f5es e suporte para os mais diversos desafios emocionais e psicol\u00f3gicos, como ansiedade, depress\u00e3o, estresse e dificuldades de relacionamento. Embora n\u00e3o sejam realizados exames na cl\u00ednica, o foco est\u00e1 na escuta ativa e no desenvolvimento de estrat\u00e9gias que visam o bem-estar emocional dos pacientes. <\/p>\n<p>Atrav\u00e9s de uma abordagem que integra diferentes correntes da psicologia, Tatiana prop\u00f5e um tratamento que n\u00e3o apenas busca aliviar os sintomas, mas tamb\u00e9m promove o autoconhecimento e a transforma\u00e7\u00e3o pessoal. A psic\u00f3loga se mant\u00e9m atualizada com as melhores pr\u00e1ticas e tend\u00eancias da \u00e1rea, participando de cursos e workshops que a capacitam a oferecer um atendimento de excel\u00eancia. <\/p>\n<p>Para aqueles que desejam iniciar um processo terap\u00eautico, a cl\u00ednica oferece um primeiro contato onde \u00e9 poss\u00edvel esclarecer d\u00favidas e entender melhor como funciona a terapia. O telefone e os canais de comunica\u00e7\u00e3o ser\u00e3o disponibilizados em breve, assim como informa\u00e7\u00f5es sobre conv\u00eanios e parcerias. <\/p>\n<p>A presen\u00e7a da Psic\u00f3loga Tatiana Dias Gomes na cidade de Diadema \u00e9 um grande avan\u00e7o para a promo\u00e7\u00e3o da sa\u00fade mental na regi\u00e3o, acolhendo todos que buscam apoio e orienta\u00e7\u00e3o profissional. Siga a cl\u00ednica nas redes sociais para ficar por dentro de dicas de sa\u00fade mental e novidades sobre os servi\u00e7os oferecidos. Em breve, o site ser\u00e1 lan\u00e7ado, proporcionando ainda mais informa\u00e7\u00f5es e facilidades para o agendamento de consultas. <\/p>\n<p>Se voc\u00ea est\u00e1 em busca de um espa\u00e7o seguro para falar sobre suas quest\u00f5es emocionais, a Psic\u00f3loga Tatiana Dias Gomes \u00e9 a profissional que pode ajudar a trilhar esse caminho de autoconhecimento e cura.<\/p>\n<h3><span class=\"ez-toc-section\" id=\"Perguntas_Frequentes\"><\/span>Perguntas Frequentes<span class=\"ez-toc-section-end\"><\/span><\/h3>\n<p>P: Quais s\u00e3o os hor\u00e1rios de atendimento da cl\u00ednica?<br \/>\nR: A cl\u00ednica atende de segunda a sexta-feira, das 07:00 \u00e0s 20:00.<\/p>\n<p>P: A cl\u00ednica aceita conv\u00eanios?<br \/>\nR: Informa\u00e7\u00f5es sobre conv\u00eanios estar\u00e3o dispon\u00edveis em breve.<\/p>\n<p>P: Como posso agendar uma consulta?<br \/>\nR: O agendamento pode ser feito atrav\u00e9s do telefone, que ser\u00e1 disponibilizado em breve.<\/p>\n<p>P: Quais especialidades a psic\u00f3loga atende?<br \/>\nR: A Psic\u00f3loga Tatiana Dias Gomes atende na \u00e1rea de Psicologia Cl\u00ednica.<\/p>\n<p>P: A cl\u00ednica realiza exames?<br \/>\nR: N\u00e3o, a cl\u00ednica foca exclusivamente em atendimentos psicol\u00f3gicos.<\/p>\n<p>P: A terapia \u00e9 indicada para qualquer tipo de problema emocional?<br \/>\nR: Sim, a terapia pode ajudar com ansiedade, depress\u00e3o, estresse e dificuldades de relacionamento.<\/p>\n<p>P: Como \u00e9 o primeiro atendimento?<br \/>\nR: O primeiro atendimento \u00e9 uma conversa inicial para entender suas necessidades e esclarecer d\u00favidas sobre o processo terap\u00eautico.<\/p>\n<p>P: A psic\u00f3loga \u00e9 qualificada?<br \/>\nR: Sim, Tatiana \u00e9 registrada no CRM e possui forma\u00e7\u00e3o em Psicologia.<\/p>\n<p>P: Existe um limite de sess\u00f5es?<br \/>\nR: N\u00e3o h\u00e1 um limite fixo, o n\u00famero de sess\u00f5es varia conforme a necessidade de cada paciente.<\/p>\n<p>P: A cl\u00ednica tem redes sociais?<br \/>\nR: Sim, a cl\u00ednica estar\u00e1 presente nas redes sociais, onde voc\u00ea poder\u00e1 acompanhar dicas e novidades.<\/p>\n<h3><span class=\"ez-toc-section\" id=\"Contato\"><\/span>Contato<span class=\"ez-toc-section-end\"><\/span><\/h3>\n<p><strong>Tel.:  | <\/strong><br \/>\n<strong>WhatsApp: &#8211; <\/strong><\/p>\n","protected":false},"excerpt":{"rendered":"<p>Psic\u00f3loga Tatiana Dias Gomes: Cuidado e Profissionalismo em Diadema A Psic\u00f3loga Tatiana Dias Gomes \u00e9 uma profissional dedicada e altamente qualificada, atuando na \u00e1rea de Psicologia Cl\u00ednica em Diadema, SP. Com um enfoque humanizado, Tatiana busca proporcionar um ambiente acolhedor e seguro para seus pacientes, promovendo um espa\u00e7o onde \u00e9 poss\u00edvel explorar sentimentos, emo\u00e7\u00f5es e [&hellip;]<\/p>\n","protected":false},"author":0,"featured_media":0,"comment_status":"open","ping_status":"open","sticky":false,"template":"","format":"standard","meta":{"_et_pb_use_builder":"o","_et_pb_old_content":"","_et_gb_content_width":"","footnotes":""},"categories":[2426,1323,1306],"tags":[],"class_list":["post-152432","post","type-post","status-publish","format-standard","hentry","category-clinicas-em-diadema","category-psicologia","category-saude-mental"],"yoast_head":"<!-- This site is optimized with the Yoast SEO Premium plugin v21.3 (Yoast SEO v27.5) - https:\/\/yoast.com\/product\/yoast-seo-premium-wordpress\/ -->\n<title>Psic\u00f3loga Tatiana Dias Gomes: Cuidado e Profissionalismo em Diadema - Conv\u00eanio Social<\/title>\n<meta name=\"robots\" content=\"index, follow, max-snippet:-1, max-image-preview:large, max-video-preview:-1\" \/>\n<link rel=\"canonical\" href=\"https:\/\/www.conveniosocial.com.br\/blog\/saude-mental\/psicologa-tatiana-dias-gomes-cuidado-e-profissionalismo-em-diadema\/\" \/>\n<meta property=\"og:locale\" content=\"pt_BR\" \/>\n<meta property=\"og:type\" content=\"article\" \/>\n<meta property=\"og:title\" content=\"Psic\u00f3loga Tatiana Dias Gomes: Cuidado e Profissionalismo em Diadema\" \/>\n<meta property=\"og:description\" content=\"Psic\u00f3loga Tatiana Dias Gomes: Cuidado e Profissionalismo em Diadema A Psic\u00f3loga Tatiana Dias Gomes \u00e9 uma profissional dedicada e altamente qualificada, atuando na \u00e1rea de Psicologia Cl\u00ednica em Diadema, SP. Com um enfoque humanizado, Tatiana busca proporcionar um ambiente acolhedor e seguro para seus pacientes, promovendo um espa\u00e7o onde \u00e9 poss\u00edvel explorar sentimentos, emo\u00e7\u00f5es e [&hellip;]\" \/>\n<meta property=\"og:url\" content=\"https:\/\/www.conveniosocial.com.br\/blog\/saude-mental\/psicologa-tatiana-dias-gomes-cuidado-e-profissionalismo-em-diadema\/\" \/>\n<meta property=\"og:site_name\" content=\"Conv\u00eanio Social\" \/>\n<meta property=\"article:published_time\" content=\"2026-03-12T00:01:07+00:00\" \/>\n<meta name=\"twitter:card\" content=\"summary_large_image\" \/>\n<meta name=\"twitter:label1\" content=\"Est. tempo de leitura\" \/>\n\t<meta name=\"twitter:data1\" content=\"3 minutos\" \/>\n<script type=\"application\/ld+json\" class=\"yoast-schema-graph\">{\"@context\":\"https:\\\/\\\/schema.org\",\"@graph\":[{\"@type\":\"Article\",\"@id\":\"https:\\\/\\\/www.conveniosocial.com.br\\\/blog\\\/saude-mental\\\/psicologa-tatiana-dias-gomes-cuidado-e-profissionalismo-em-diadema\\\/#article\",\"isPartOf\":{\"@id\":\"https:\\\/\\\/www.conveniosocial.com.br\\\/blog\\\/saude-mental\\\/psicologa-tatiana-dias-gomes-cuidado-e-profissionalismo-em-diadema\\\/\"},\"author\":{\"name\":\"\",\"@id\":\"\"},\"headline\":\"Psic\u00f3loga Tatiana Dias Gomes: Cuidado e Profissionalismo em Diadema\",\"datePublished\":\"2026-03-12T00:01:07+00:00\",\"mainEntityOfPage\":{\"@id\":\"https:\\\/\\\/www.conveniosocial.com.br\\\/blog\\\/saude-mental\\\/psicologa-tatiana-dias-gomes-cuidado-e-profissionalismo-em-diadema\\\/\"},\"wordCount\":690,\"commentCount\":0,\"publisher\":{\"@id\":\"https:\\\/\\\/www.conveniosocial.com.br\\\/blog\\\/#organization\"},\"articleSection\":[\"Cl\u00ednicas em Diadema\",\"Psicologia\",\"Sa\u00fade Mental\"],\"inLanguage\":\"pt-BR\"},{\"@type\":\"WebPage\",\"@id\":\"https:\\\/\\\/www.conveniosocial.com.br\\\/blog\\\/saude-mental\\\/psicologa-tatiana-dias-gomes-cuidado-e-profissionalismo-em-diadema\\\/\",\"url\":\"https:\\\/\\\/www.conveniosocial.com.br\\\/blog\\\/saude-mental\\\/psicologa-tatiana-dias-gomes-cuidado-e-profissionalismo-em-diadema\\\/\",\"name\":\"Psic\u00f3loga Tatiana Dias Gomes: Cuidado e Profissionalismo em Diadema - Conv\u00eanio Social\",\"isPartOf\":{\"@id\":\"https:\\\/\\\/www.conveniosocial.com.br\\\/blog\\\/#website\"},\"datePublished\":\"2026-03-12T00:01:07+00:00\",\"breadcrumb\":{\"@id\":\"https:\\\/\\\/www.conveniosocial.com.br\\\/blog\\\/saude-mental\\\/psicologa-tatiana-dias-gomes-cuidado-e-profissionalismo-em-diadema\\\/#breadcrumb\"},\"inLanguage\":\"pt-BR\",\"potentialAction\":[{\"@type\":\"ReadAction\",\"target\":[\"https:\\\/\\\/www.conveniosocial.com.br\\\/blog\\\/saude-mental\\\/psicologa-tatiana-dias-gomes-cuidado-e-profissionalismo-em-diadema\\\/\"]}]},{\"@type\":\"BreadcrumbList\",\"@id\":\"https:\\\/\\\/www.conveniosocial.com.br\\\/blog\\\/saude-mental\\\/psicologa-tatiana-dias-gomes-cuidado-e-profissionalismo-em-diadema\\\/#breadcrumb\",\"itemListElement\":[{\"@type\":\"ListItem\",\"position\":1,\"name\":\"Home\",\"item\":\"https:\\\/\\\/www.conveniosocial.com.br\\\/blog\\\/\"},{\"@type\":\"ListItem\",\"position\":2,\"name\":\"Cl\u00ednicas em Diadema\",\"item\":\"https:\\\/\\\/www.conveniosocial.com.br\\\/blog\\\/clinicas-em-diadema\\\/\"},{\"@type\":\"ListItem\",\"position\":3,\"name\":\"Psic\u00f3loga Tatiana Dias Gomes: Cuidado e Profissionalismo em Diadema\"}]},{\"@type\":\"WebSite\",\"@id\":\"https:\\\/\\\/www.conveniosocial.com.br\\\/blog\\\/#website\",\"url\":\"https:\\\/\\\/www.conveniosocial.com.br\\\/blog\\\/\",\"name\":\"Conv\u00eanio Social\",\"description\":\"Informa\u00e7\u00f5es de Sa\u00fade e Bem-estar, Consultas e Exames Popular\",\"publisher\":{\"@id\":\"https:\\\/\\\/www.conveniosocial.com.br\\\/blog\\\/#organization\"},\"potentialAction\":[{\"@type\":\"SearchAction\",\"target\":{\"@type\":\"EntryPoint\",\"urlTemplate\":\"https:\\\/\\\/www.conveniosocial.com.br\\\/blog\\\/?s={search_term_string}\"},\"query-input\":{\"@type\":\"PropertyValueSpecification\",\"valueRequired\":true,\"valueName\":\"search_term_string\"}}],\"inLanguage\":\"pt-BR\"},{\"@type\":\"Organization\",\"@id\":\"https:\\\/\\\/www.conveniosocial.com.br\\\/blog\\\/#organization\",\"name\":\"Conv\u00eanio Social\",\"url\":\"https:\\\/\\\/www.conveniosocial.com.br\\\/blog\\\/\",\"logo\":{\"@type\":\"ImageObject\",\"inLanguage\":\"pt-BR\",\"@id\":\"https:\\\/\\\/www.conveniosocial.com.br\\\/blog\\\/#\\\/schema\\\/logo\\\/image\\\/\",\"url\":\"https:\\\/\\\/www.conveniosocial.com.br\\\/blog\\\/wp-content\\\/uploads\\\/2021\\\/11\\\/novo_logo-convenio-socia-digital.png\",\"contentUrl\":\"https:\\\/\\\/www.conveniosocial.com.br\\\/blog\\\/wp-content\\\/uploads\\\/2021\\\/11\\\/novo_logo-convenio-socia-digital.png\",\"width\":400,\"height\":102,\"caption\":\"Conv\u00eanio Social\"},\"image\":{\"@id\":\"https:\\\/\\\/www.conveniosocial.com.br\\\/blog\\\/#\\\/schema\\\/logo\\\/image\\\/\"}}]}<\/script>\n<!-- \/ Yoast SEO Premium plugin. -->","yoast_head_json":{"title":"Psic\u00f3loga Tatiana Dias Gomes: Cuidado e Profissionalismo em Diadema - Conv\u00eanio Social","robots":{"index":"index","follow":"follow","max-snippet":"max-snippet:-1","max-image-preview":"max-image-preview:large","max-video-preview":"max-video-preview:-1"},"canonical":"https:\/\/www.conveniosocial.com.br\/blog\/saude-mental\/psicologa-tatiana-dias-gomes-cuidado-e-profissionalismo-em-diadema\/","og_locale":"pt_BR","og_type":"article","og_title":"Psic\u00f3loga Tatiana Dias Gomes: Cuidado e Profissionalismo em Diadema","og_description":"Psic\u00f3loga Tatiana Dias Gomes: Cuidado e Profissionalismo em Diadema A Psic\u00f3loga Tatiana Dias Gomes \u00e9 uma profissional dedicada e altamente qualificada, atuando na \u00e1rea de Psicologia Cl\u00ednica em Diadema, SP. Com um enfoque humanizado, Tatiana busca proporcionar um ambiente acolhedor e seguro para seus pacientes, promovendo um espa\u00e7o onde \u00e9 poss\u00edvel explorar sentimentos, emo\u00e7\u00f5es e [&hellip;]","og_url":"https:\/\/www.conveniosocial.com.br\/blog\/saude-mental\/psicologa-tatiana-dias-gomes-cuidado-e-profissionalismo-em-diadema\/","og_site_name":"Conv\u00eanio Social","article_published_time":"2026-03-12T00:01:07+00:00","twitter_card":"summary_large_image","twitter_misc":{"Est. tempo de leitura":"3 minutos"},"schema":{"@context":"https:\/\/schema.org","@graph":[{"@type":"Article","@id":"https:\/\/www.conveniosocial.com.br\/blog\/saude-mental\/psicologa-tatiana-dias-gomes-cuidado-e-profissionalismo-em-diadema\/#article","isPartOf":{"@id":"https:\/\/www.conveniosocial.com.br\/blog\/saude-mental\/psicologa-tatiana-dias-gomes-cuidado-e-profissionalismo-em-diadema\/"},"author":{"name":"","@id":""},"headline":"Psic\u00f3loga Tatiana Dias Gomes: Cuidado e Profissionalismo em Diadema","datePublished":"2026-03-12T00:01:07+00:00","mainEntityOfPage":{"@id":"https:\/\/www.conveniosocial.com.br\/blog\/saude-mental\/psicologa-tatiana-dias-gomes-cuidado-e-profissionalismo-em-diadema\/"},"wordCount":690,"commentCount":0,"publisher":{"@id":"https:\/\/www.conveniosocial.com.br\/blog\/#organization"},"articleSection":["Cl\u00ednicas em Diadema","Psicologia","Sa\u00fade Mental"],"inLanguage":"pt-BR"},{"@type":"WebPage","@id":"https:\/\/www.conveniosocial.com.br\/blog\/saude-mental\/psicologa-tatiana-dias-gomes-cuidado-e-profissionalismo-em-diadema\/","url":"https:\/\/www.conveniosocial.com.br\/blog\/saude-mental\/psicologa-tatiana-dias-gomes-cuidado-e-profissionalismo-em-diadema\/","name":"Psic\u00f3loga Tatiana Dias Gomes: Cuidado e Profissionalismo em Diadema - Conv\u00eanio Social","isPartOf":{"@id":"https:\/\/www.conveniosocial.com.br\/blog\/#website"},"datePublished":"2026-03-12T00:01:07+00:00","breadcrumb":{"@id":"https:\/\/www.conveniosocial.com.br\/blog\/saude-mental\/psicologa-tatiana-dias-gomes-cuidado-e-profissionalismo-em-diadema\/#breadcrumb"},"inLanguage":"pt-BR","potentialAction":[{"@type":"ReadAction","target":["https:\/\/www.conveniosocial.com.br\/blog\/saude-mental\/psicologa-tatiana-dias-gomes-cuidado-e-profissionalismo-em-diadema\/"]}]},{"@type":"BreadcrumbList","@id":"https:\/\/www.conveniosocial.com.br\/blog\/saude-mental\/psicologa-tatiana-dias-gomes-cuidado-e-profissionalismo-em-diadema\/#breadcrumb","itemListElement":[{"@type":"ListItem","position":1,"name":"Home","item":"https:\/\/www.conveniosocial.com.br\/blog\/"},{"@type":"ListItem","position":2,"name":"Cl\u00ednicas em Diadema","item":"https:\/\/www.conveniosocial.com.br\/blog\/clinicas-em-diadema\/"},{"@type":"ListItem","position":3,"name":"Psic\u00f3loga Tatiana Dias Gomes: Cuidado e Profissionalismo em Diadema"}]},{"@type":"WebSite","@id":"https:\/\/www.conveniosocial.com.br\/blog\/#website","url":"https:\/\/www.conveniosocial.com.br\/blog\/","name":"Conv\u00eanio Social","description":"Informa\u00e7\u00f5es de Sa\u00fade e Bem-estar, Consultas e Exames Popular","publisher":{"@id":"https:\/\/www.conveniosocial.com.br\/blog\/#organization"},"potentialAction":[{"@type":"SearchAction","target":{"@type":"EntryPoint","urlTemplate":"https:\/\/www.conveniosocial.com.br\/blog\/?s={search_term_string}"},"query-input":{"@type":"PropertyValueSpecification","valueRequired":true,"valueName":"search_term_string"}}],"inLanguage":"pt-BR"},{"@type":"Organization","@id":"https:\/\/www.conveniosocial.com.br\/blog\/#organization","name":"Conv\u00eanio Social","url":"https:\/\/www.conveniosocial.com.br\/blog\/","logo":{"@type":"ImageObject","inLanguage":"pt-BR","@id":"https:\/\/www.conveniosocial.com.br\/blog\/#\/schema\/logo\/image\/","url":"https:\/\/www.conveniosocial.com.br\/blog\/wp-content\/uploads\/2021\/11\/novo_logo-convenio-socia-digital.png","contentUrl":"https:\/\/www.conveniosocial.com.br\/blog\/wp-content\/uploads\/2021\/11\/novo_logo-convenio-socia-digital.png","width":400,"height":102,"caption":"Conv\u00eanio Social"},"image":{"@id":"https:\/\/www.conveniosocial.com.br\/blog\/#\/schema\/logo\/image\/"}}]}},"_links":{"self":[{"href":"https:\/\/www.conveniosocial.com.br\/blog\/wp-json\/wp\/v2\/posts\/152432","targetHints":{"allow":["GET"]}}],"collection":[{"href":"https:\/\/www.conveniosocial.com.br\/blog\/wp-json\/wp\/v2\/posts"}],"about":[{"href":"https:\/\/www.conveniosocial.com.br\/blog\/wp-json\/wp\/v2\/types\/post"}],"replies":[{"embeddable":true,"href":"https:\/\/www.conveniosocial.com.br\/blog\/wp-json\/wp\/v2\/comments?post=152432"}],"version-history":[{"count":0,"href":"https:\/\/www.conveniosocial.com.br\/blog\/wp-json\/wp\/v2\/posts\/152432\/revisions"}],"wp:attachment":[{"href":"https:\/\/www.conveniosocial.com.br\/blog\/wp-json\/wp\/v2\/media?parent=152432"}],"wp:term":[{"taxonomy":"category","embeddable":true,"href":"https:\/\/www.conveniosocial.com.br\/blog\/wp-json\/wp\/v2\/categories?post=152432"},{"taxonomy":"post_tag","embeddable":true,"href":"https:\/\/www.conveniosocial.com.br\/blog\/wp-json\/wp\/v2\/tags?post=152432"}],"curies":[{"name":"wp","href":"https:\/\/api.w.org\/{rel}","templated":true}]}}