{"id":152446,"date":"2026-03-12T21:01:02","date_gmt":"2026-03-13T00:01:02","guid":{"rendered":"https:\/\/www.conveniosocial.com.br\/blog\/nehuma\/clinica-antonio-carlos-alves-cuidado-cardiologico-em-santarem\/"},"modified":"2026-03-12T21:01:02","modified_gmt":"2026-03-13T00:01:02","slug":"clinica-antonio-carlos-alves-cuidado-cardiologico-em-santarem","status":"publish","type":"post","link":"https:\/\/www.conveniosocial.com.br\/blog\/cardiologia\/clinica-antonio-carlos-alves-cuidado-cardiologico-em-santarem\/","title":{"rendered":"Cl\u00ednica Antonio Carlos Alves: Cuidado Cardiol\u00f3gico em Santar\u00e9m"},"content":{"rendered":"<div id=\"ez-toc-container\" class=\"ez-toc-v2_0_82_2 counter-flat ez-toc-counter ez-toc-white ez-toc-container-direction\">\n<p class=\"ez-toc-title\" style=\"cursor:inherit\">\u00cdndice do Conte\u00fado<\/p>\n<label for=\"ez-toc-cssicon-toggle-item-69f5e59d6c726\" class=\"ez-toc-cssicon-toggle-label\"><span class=\"ez-toc-cssicon\"><span class=\"eztoc-hide\" style=\"display:none;\">Toggle<\/span><span class=\"ez-toc-icon-toggle-span\"><svg style=\"fill: #999;color:#999\" xmlns=\"http:\/\/www.w3.org\/2000\/svg\" class=\"list-377408\" width=\"20px\" height=\"20px\" viewBox=\"0 0 24 24\" fill=\"none\"><path d=\"M6 6H4v2h2V6zm14 0H8v2h12V6zM4 11h2v2H4v-2zm16 0H8v2h12v-2zM4 16h2v2H4v-2zm16 0H8v2h12v-2z\" fill=\"currentColor\"><\/path><\/svg><svg style=\"fill: #999;color:#999\" class=\"arrow-unsorted-368013\" xmlns=\"http:\/\/www.w3.org\/2000\/svg\" width=\"10px\" height=\"10px\" viewBox=\"0 0 24 24\" version=\"1.2\" baseProfile=\"tiny\"><path d=\"M18.2 9.3l-6.2-6.3-6.2 6.3c-.2.2-.3.4-.3.7s.1.5.3.7c.2.2.4.3.7.3h11c.3 0 .5-.1.7-.3.2-.2.3-.5.3-.7s-.1-.5-.3-.7zM5.8 14.7l6.2 6.3 6.2-6.3c.2-.2.3-.5.3-.7s-.1-.5-.3-.7c-.2-.2-.4-.3-.7-.3h-11c-.3 0-.5.1-.7.3-.2.2-.3.5-.3.7s.1.5.3.7z\"\/><\/svg><\/span><\/span><\/label><input type=\"checkbox\"  id=\"ez-toc-cssicon-toggle-item-69f5e59d6c726\" checked aria-label=\"Alternar\" \/><nav><ul class='ez-toc-list ez-toc-list-level-1 ' ><li class='ez-toc-page-1'><a class=\"ez-toc-link ez-toc-heading-1\" href=\"https:\/\/www.conveniosocial.com.br\/blog\/cardiologia\/clinica-antonio-carlos-alves-cuidado-cardiologico-em-santarem\/#Clinica_Antonio_Carlos_Alves_Cuidado_Cardiologico_em_Santarem\" >Cl\u00ednica Antonio Carlos Alves: Cuidado Cardiol\u00f3gico em Santar\u00e9m<\/a><\/li><li class='ez-toc-page-1'><a class=\"ez-toc-link ez-toc-heading-2\" href=\"https:\/\/www.conveniosocial.com.br\/blog\/cardiologia\/clinica-antonio-carlos-alves-cuidado-cardiologico-em-santarem\/#Perguntas_Frequentes\" >Perguntas Frequentes<\/a><\/li><li class='ez-toc-page-1'><a class=\"ez-toc-link ez-toc-heading-3\" href=\"https:\/\/www.conveniosocial.com.br\/blog\/cardiologia\/clinica-antonio-carlos-alves-cuidado-cardiologico-em-santarem\/#Contato\" >Contato<\/a><\/li><\/ul><\/nav><\/div>\n<h2><span class=\"ez-toc-section\" id=\"Clinica_Antonio_Carlos_Alves_Cuidado_Cardiologico_em_Santarem\"><\/span>Cl\u00ednica Antonio Carlos Alves: Cuidado Cardiol\u00f3gico em Santar\u00e9m<span class=\"ez-toc-section-end\"><\/span><\/h2>\n<p>A Cl\u00ednica Antonio Carlos Alves da Silva, localizada no bairro Santa Clara em Santar\u00e9m, Par\u00e1, \u00e9 um espa\u00e7o dedicado ao cuidado da sa\u00fade cardiovascular, sob a responsabilidade do Dr. Antonio Carlos Alves da Silva, CRM 4475. Com um ambiente acolhedor e uma equipe comprometida com o bem-estar dos pacientes, a cl\u00ednica oferece um atendimento humanizado e de qualidade, focando na preven\u00e7\u00e3o e no tratamento de doen\u00e7as card\u00edacas. <\/p>\n<p>Nosso hor\u00e1rio de atendimento \u00e9 de segunda a sexta-feira, das 08:04 \u00e0s 12:00 e das 14:30 \u00e0s 18:00, proporcionando flexibilidade para que nossos pacientes possam agendar suas consultas sem dificuldades. Infelizmente, atualmente n\u00e3o trabalhamos aos s\u00e1bados e domingos. <\/p>\n<p>A especialidade de Cardiologia \u00e9 essencial para a detec\u00e7\u00e3o precoce e o tratamento de problemas card\u00edacos, que s\u00e3o uma das principais causas de morte no Brasil. Na cl\u00ednica, o Dr. Antonio Carlos oferece uma gama de servi\u00e7os que incluem avalia\u00e7\u00f5es cl\u00ednicas, acompanhamento de doen\u00e7as card\u00edacas, orienta\u00e7\u00f5es sobre estilo de vida saud\u00e1vel e preven\u00e7\u00e3o de doen\u00e7as. Embora n\u00e3o tenhamos informa\u00e7\u00f5es sobre exames espec\u00edficos realizados no local, a cl\u00ednica est\u00e1 sempre atualizada com as melhores pr\u00e1ticas e recomenda\u00e7\u00f5es na \u00e1rea da cardiologia. <\/p>\n<p>Um dos diferenciais da Cl\u00ednica Antonio Carlos Alves \u00e9 o compromisso com a educa\u00e7\u00e3o do paciente. Aqui, acreditamos que um paciente bem informado \u00e9 um paciente mais saud\u00e1vel. Por isso, al\u00e9m das consultas, incentivamos os nossos pacientes a participarem de palestras e workshops sobre sa\u00fade cardiovascular, onde abordamos temas como alimenta\u00e7\u00e3o saud\u00e1vel, exerc\u00edcios f\u00edsicos e controle do estresse. <\/p>\n<p>A localiza\u00e7\u00e3o da cl\u00ednica \u00e9 um ponto forte, pois est\u00e1 situada em uma \u00e1rea de f\u00e1cil acesso e pr\u00f3xima a pontos de refer\u00eancia na cidade, facilitando a chegada de pacientes de diversos bairros. <\/p>\n<p>Para mais informa\u00e7\u00f5es, agendamentos ou d\u00favidas, voc\u00ea pode entrar em contato conosco atrav\u00e9s do telefone que ser\u00e1 disponibilizado em breve. Tamb\u00e9m estamos trabalhando para lan\u00e7ar nosso site, onde voc\u00ea poder\u00e1 acessar mais detalhes sobre nossos servi\u00e7os e agendar consultas online. Para acompanhar nossas novidades e dicas de sa\u00fade, siga-nos no Instagram, onde estaremos em breve ativos com conte\u00fados relevantes para a sua sa\u00fade. <\/p>\n<p>A Cl\u00ednica Antonio Carlos Alves da Silva \u00e9 mais do que um consult\u00f3rio; \u00e9 um espa\u00e7o onde cuidamos da sua sa\u00fade com respeito, empatia e profissionalismo. Venha nos visitar e sinta a diferen\u00e7a no atendimento. Estamos aqui para cuidar de voc\u00ea e da sua sa\u00fade cardiovascular.<\/p>\n<h3><span class=\"ez-toc-section\" id=\"Perguntas_Frequentes\"><\/span>Perguntas Frequentes<span class=\"ez-toc-section-end\"><\/span><\/h3>\n<p>P: Quais especialidades a cl\u00ednica oferece?<br \/>\nR: A cl\u00ednica \u00e9 especializada em cardiologia.<\/p>\n<p>P: Quais s\u00e3o os hor\u00e1rios de atendimento?<br \/>\nR: Atendemos de segunda a sexta-feira, das 08:04 \u00e0s 12:00 e das 14:30 \u00e0s 18:00.<\/p>\n<p>P: A cl\u00ednica realiza exames?<br \/>\nR: Atualmente, n\u00e3o temos informa\u00e7\u00f5es sobre exames realizados na cl\u00ednica.<\/p>\n<p>P: Quais conv\u00eanios a cl\u00ednica aceita?<br \/>\nR: N\u00e3o temos informa\u00e7\u00f5es sobre conv\u00eanios aceitos no momento.<\/p>\n<p>P: Como posso agendar uma consulta?<br \/>\nR: Em breve, disponibilizaremos um telefone para agendamentos e tamb\u00e9m um site para marca\u00e7\u00e3o online.<\/p>\n<p>P: A cl\u00ednica oferece atividades educativas sobre sa\u00fade?<br \/>\nR: Sim, promovemos palestras e workshops sobre sa\u00fade cardiovascular.<\/p>\n<p>P: A cl\u00ednica atende no final de semana?<br \/>\nR: N\u00e3o, a cl\u00ednica est\u00e1 fechada aos s\u00e1bados e domingos.<\/p>\n<p>P: Onde a cl\u00ednica est\u00e1 localizada?<br \/>\nR: A Cl\u00ednica Antonio Carlos Alves da Silva est\u00e1 situada no bairro Santa Clara, em Santar\u00e9m, Par\u00e1.<\/p>\n<p>P: Quem \u00e9 o respons\u00e1vel t\u00e9cnico da cl\u00ednica?<br \/>\nR: O respons\u00e1vel t\u00e9cnico \u00e9 o Dr. Antonio Carlos Alves da Silva, CRM 4475.<\/p>\n<p>P: A cl\u00ednica \u00e9 acess\u00edvel para pessoas com defici\u00eancia?<br \/>\nR: Estamos comprometidos em garantir acessibilidade para todos os nossos pacientes.<\/p>\n<h3><span class=\"ez-toc-section\" id=\"Contato\"><\/span>Contato<span class=\"ez-toc-section-end\"><\/span><\/h3>\n<p><strong>Tel.:  | <\/strong><br \/>\n<strong>WhatsApp: &#8211; <\/strong><\/p>\n","protected":false},"excerpt":{"rendered":"<p>Cl\u00ednica Antonio Carlos Alves: Cuidado Cardiol\u00f3gico em Santar\u00e9m A Cl\u00ednica Antonio Carlos Alves da Silva, localizada no bairro Santa Clara em Santar\u00e9m, Par\u00e1, \u00e9 um espa\u00e7o dedicado ao cuidado da sa\u00fade cardiovascular, sob a responsabilidade do Dr. Antonio Carlos Alves da Silva, CRM 4475. Com um ambiente acolhedor e uma equipe comprometida com o bem-estar [&hellip;]<\/p>\n","protected":false},"author":0,"featured_media":0,"comment_status":"open","ping_status":"open","sticky":false,"template":"","format":"standard","meta":{"_et_pb_use_builder":"o","_et_pb_old_content":"","_et_gb_content_width":"","footnotes":""},"categories":[919,1333,1386],"tags":[],"class_list":["post-152446","post","type-post","status-publish","format-standard","hentry","category-cardiologia","category-clinica-medica","category-saude-preventiva"],"yoast_head":"<!-- This site is optimized with the Yoast SEO Premium plugin v21.3 (Yoast SEO v27.5) - https:\/\/yoast.com\/product\/yoast-seo-premium-wordpress\/ -->\n<title>Cl\u00ednica Antonio Carlos Alves: Cuidado Cardiol\u00f3gico em Santar\u00e9m - Conv\u00eanio Social<\/title>\n<meta name=\"robots\" content=\"index, follow, max-snippet:-1, max-image-preview:large, max-video-preview:-1\" \/>\n<link rel=\"canonical\" href=\"https:\/\/www.conveniosocial.com.br\/blog\/cardiologia\/clinica-antonio-carlos-alves-cuidado-cardiologico-em-santarem\/\" \/>\n<meta property=\"og:locale\" content=\"pt_BR\" \/>\n<meta property=\"og:type\" content=\"article\" \/>\n<meta property=\"og:title\" content=\"Cl\u00ednica Antonio Carlos Alves: Cuidado Cardiol\u00f3gico em Santar\u00e9m\" \/>\n<meta property=\"og:description\" content=\"Cl\u00ednica Antonio Carlos Alves: Cuidado Cardiol\u00f3gico em Santar\u00e9m A Cl\u00ednica Antonio Carlos Alves da Silva, localizada no bairro Santa Clara em Santar\u00e9m, Par\u00e1, \u00e9 um espa\u00e7o dedicado ao cuidado da sa\u00fade cardiovascular, sob a responsabilidade do Dr. Antonio Carlos Alves da Silva, CRM 4475. Com um ambiente acolhedor e uma equipe comprometida com o bem-estar [&hellip;]\" \/>\n<meta property=\"og:url\" content=\"https:\/\/www.conveniosocial.com.br\/blog\/cardiologia\/clinica-antonio-carlos-alves-cuidado-cardiologico-em-santarem\/\" \/>\n<meta property=\"og:site_name\" content=\"Conv\u00eanio Social\" \/>\n<meta property=\"article:published_time\" content=\"2026-03-13T00:01:02+00:00\" \/>\n<meta name=\"twitter:card\" content=\"summary_large_image\" \/>\n<meta name=\"twitter:label1\" content=\"Est. tempo de leitura\" \/>\n\t<meta name=\"twitter:data1\" content=\"3 minutos\" \/>\n<script type=\"application\/ld+json\" class=\"yoast-schema-graph\">{\"@context\":\"https:\\\/\\\/schema.org\",\"@graph\":[{\"@type\":\"Article\",\"@id\":\"https:\\\/\\\/www.conveniosocial.com.br\\\/blog\\\/cardiologia\\\/clinica-antonio-carlos-alves-cuidado-cardiologico-em-santarem\\\/#article\",\"isPartOf\":{\"@id\":\"https:\\\/\\\/www.conveniosocial.com.br\\\/blog\\\/cardiologia\\\/clinica-antonio-carlos-alves-cuidado-cardiologico-em-santarem\\\/\"},\"author\":{\"name\":\"\",\"@id\":\"\"},\"headline\":\"Cl\u00ednica Antonio Carlos Alves: Cuidado Cardiol\u00f3gico em Santar\u00e9m\",\"datePublished\":\"2026-03-13T00:01:02+00:00\",\"mainEntityOfPage\":{\"@id\":\"https:\\\/\\\/www.conveniosocial.com.br\\\/blog\\\/cardiologia\\\/clinica-antonio-carlos-alves-cuidado-cardiologico-em-santarem\\\/\"},\"wordCount\":668,\"commentCount\":0,\"publisher\":{\"@id\":\"https:\\\/\\\/www.conveniosocial.com.br\\\/blog\\\/#organization\"},\"articleSection\":[\"Cardiologia\",\"Cl\u00ednica M\u00e9dica\",\"Sa\u00fade Preventiva\"],\"inLanguage\":\"pt-BR\"},{\"@type\":\"WebPage\",\"@id\":\"https:\\\/\\\/www.conveniosocial.com.br\\\/blog\\\/cardiologia\\\/clinica-antonio-carlos-alves-cuidado-cardiologico-em-santarem\\\/\",\"url\":\"https:\\\/\\\/www.conveniosocial.com.br\\\/blog\\\/cardiologia\\\/clinica-antonio-carlos-alves-cuidado-cardiologico-em-santarem\\\/\",\"name\":\"Cl\u00ednica Antonio Carlos Alves: Cuidado Cardiol\u00f3gico em Santar\u00e9m - Conv\u00eanio Social\",\"isPartOf\":{\"@id\":\"https:\\\/\\\/www.conveniosocial.com.br\\\/blog\\\/#website\"},\"datePublished\":\"2026-03-13T00:01:02+00:00\",\"breadcrumb\":{\"@id\":\"https:\\\/\\\/www.conveniosocial.com.br\\\/blog\\\/cardiologia\\\/clinica-antonio-carlos-alves-cuidado-cardiologico-em-santarem\\\/#breadcrumb\"},\"inLanguage\":\"pt-BR\",\"potentialAction\":[{\"@type\":\"ReadAction\",\"target\":[\"https:\\\/\\\/www.conveniosocial.com.br\\\/blog\\\/cardiologia\\\/clinica-antonio-carlos-alves-cuidado-cardiologico-em-santarem\\\/\"]}]},{\"@type\":\"BreadcrumbList\",\"@id\":\"https:\\\/\\\/www.conveniosocial.com.br\\\/blog\\\/cardiologia\\\/clinica-antonio-carlos-alves-cuidado-cardiologico-em-santarem\\\/#breadcrumb\",\"itemListElement\":[{\"@type\":\"ListItem\",\"position\":1,\"name\":\"Home\",\"item\":\"https:\\\/\\\/www.conveniosocial.com.br\\\/blog\\\/\"},{\"@type\":\"ListItem\",\"position\":2,\"name\":\"Cardiologia\",\"item\":\"https:\\\/\\\/www.conveniosocial.com.br\\\/blog\\\/cardiologia\\\/\"},{\"@type\":\"ListItem\",\"position\":3,\"name\":\"Cl\u00ednica Antonio Carlos Alves: Cuidado Cardiol\u00f3gico em Santar\u00e9m\"}]},{\"@type\":\"WebSite\",\"@id\":\"https:\\\/\\\/www.conveniosocial.com.br\\\/blog\\\/#website\",\"url\":\"https:\\\/\\\/www.conveniosocial.com.br\\\/blog\\\/\",\"name\":\"Conv\u00eanio Social\",\"description\":\"Informa\u00e7\u00f5es de Sa\u00fade e Bem-estar, Consultas e Exames Popular\",\"publisher\":{\"@id\":\"https:\\\/\\\/www.conveniosocial.com.br\\\/blog\\\/#organization\"},\"potentialAction\":[{\"@type\":\"SearchAction\",\"target\":{\"@type\":\"EntryPoint\",\"urlTemplate\":\"https:\\\/\\\/www.conveniosocial.com.br\\\/blog\\\/?s={search_term_string}\"},\"query-input\":{\"@type\":\"PropertyValueSpecification\",\"valueRequired\":true,\"valueName\":\"search_term_string\"}}],\"inLanguage\":\"pt-BR\"},{\"@type\":\"Organization\",\"@id\":\"https:\\\/\\\/www.conveniosocial.com.br\\\/blog\\\/#organization\",\"name\":\"Conv\u00eanio Social\",\"url\":\"https:\\\/\\\/www.conveniosocial.com.br\\\/blog\\\/\",\"logo\":{\"@type\":\"ImageObject\",\"inLanguage\":\"pt-BR\",\"@id\":\"https:\\\/\\\/www.conveniosocial.com.br\\\/blog\\\/#\\\/schema\\\/logo\\\/image\\\/\",\"url\":\"https:\\\/\\\/www.conveniosocial.com.br\\\/blog\\\/wp-content\\\/uploads\\\/2021\\\/11\\\/novo_logo-convenio-socia-digital.png\",\"contentUrl\":\"https:\\\/\\\/www.conveniosocial.com.br\\\/blog\\\/wp-content\\\/uploads\\\/2021\\\/11\\\/novo_logo-convenio-socia-digital.png\",\"width\":400,\"height\":102,\"caption\":\"Conv\u00eanio Social\"},\"image\":{\"@id\":\"https:\\\/\\\/www.conveniosocial.com.br\\\/blog\\\/#\\\/schema\\\/logo\\\/image\\\/\"}}]}<\/script>\n<!-- \/ Yoast SEO Premium plugin. -->","yoast_head_json":{"title":"Cl\u00ednica Antonio Carlos Alves: Cuidado Cardiol\u00f3gico em Santar\u00e9m - Conv\u00eanio Social","robots":{"index":"index","follow":"follow","max-snippet":"max-snippet:-1","max-image-preview":"max-image-preview:large","max-video-preview":"max-video-preview:-1"},"canonical":"https:\/\/www.conveniosocial.com.br\/blog\/cardiologia\/clinica-antonio-carlos-alves-cuidado-cardiologico-em-santarem\/","og_locale":"pt_BR","og_type":"article","og_title":"Cl\u00ednica Antonio Carlos Alves: Cuidado Cardiol\u00f3gico em Santar\u00e9m","og_description":"Cl\u00ednica Antonio Carlos Alves: Cuidado Cardiol\u00f3gico em Santar\u00e9m A Cl\u00ednica Antonio Carlos Alves da Silva, localizada no bairro Santa Clara em Santar\u00e9m, Par\u00e1, \u00e9 um espa\u00e7o dedicado ao cuidado da sa\u00fade cardiovascular, sob a responsabilidade do Dr. Antonio Carlos Alves da Silva, CRM 4475. Com um ambiente acolhedor e uma equipe comprometida com o bem-estar [&hellip;]","og_url":"https:\/\/www.conveniosocial.com.br\/blog\/cardiologia\/clinica-antonio-carlos-alves-cuidado-cardiologico-em-santarem\/","og_site_name":"Conv\u00eanio Social","article_published_time":"2026-03-13T00:01:02+00:00","twitter_card":"summary_large_image","twitter_misc":{"Est. tempo de leitura":"3 minutos"},"schema":{"@context":"https:\/\/schema.org","@graph":[{"@type":"Article","@id":"https:\/\/www.conveniosocial.com.br\/blog\/cardiologia\/clinica-antonio-carlos-alves-cuidado-cardiologico-em-santarem\/#article","isPartOf":{"@id":"https:\/\/www.conveniosocial.com.br\/blog\/cardiologia\/clinica-antonio-carlos-alves-cuidado-cardiologico-em-santarem\/"},"author":{"name":"","@id":""},"headline":"Cl\u00ednica Antonio Carlos Alves: Cuidado Cardiol\u00f3gico em Santar\u00e9m","datePublished":"2026-03-13T00:01:02+00:00","mainEntityOfPage":{"@id":"https:\/\/www.conveniosocial.com.br\/blog\/cardiologia\/clinica-antonio-carlos-alves-cuidado-cardiologico-em-santarem\/"},"wordCount":668,"commentCount":0,"publisher":{"@id":"https:\/\/www.conveniosocial.com.br\/blog\/#organization"},"articleSection":["Cardiologia","Cl\u00ednica M\u00e9dica","Sa\u00fade Preventiva"],"inLanguage":"pt-BR"},{"@type":"WebPage","@id":"https:\/\/www.conveniosocial.com.br\/blog\/cardiologia\/clinica-antonio-carlos-alves-cuidado-cardiologico-em-santarem\/","url":"https:\/\/www.conveniosocial.com.br\/blog\/cardiologia\/clinica-antonio-carlos-alves-cuidado-cardiologico-em-santarem\/","name":"Cl\u00ednica Antonio Carlos Alves: Cuidado Cardiol\u00f3gico em Santar\u00e9m - Conv\u00eanio Social","isPartOf":{"@id":"https:\/\/www.conveniosocial.com.br\/blog\/#website"},"datePublished":"2026-03-13T00:01:02+00:00","breadcrumb":{"@id":"https:\/\/www.conveniosocial.com.br\/blog\/cardiologia\/clinica-antonio-carlos-alves-cuidado-cardiologico-em-santarem\/#breadcrumb"},"inLanguage":"pt-BR","potentialAction":[{"@type":"ReadAction","target":["https:\/\/www.conveniosocial.com.br\/blog\/cardiologia\/clinica-antonio-carlos-alves-cuidado-cardiologico-em-santarem\/"]}]},{"@type":"BreadcrumbList","@id":"https:\/\/www.conveniosocial.com.br\/blog\/cardiologia\/clinica-antonio-carlos-alves-cuidado-cardiologico-em-santarem\/#breadcrumb","itemListElement":[{"@type":"ListItem","position":1,"name":"Home","item":"https:\/\/www.conveniosocial.com.br\/blog\/"},{"@type":"ListItem","position":2,"name":"Cardiologia","item":"https:\/\/www.conveniosocial.com.br\/blog\/cardiologia\/"},{"@type":"ListItem","position":3,"name":"Cl\u00ednica Antonio Carlos Alves: Cuidado Cardiol\u00f3gico em Santar\u00e9m"}]},{"@type":"WebSite","@id":"https:\/\/www.conveniosocial.com.br\/blog\/#website","url":"https:\/\/www.conveniosocial.com.br\/blog\/","name":"Conv\u00eanio Social","description":"Informa\u00e7\u00f5es de Sa\u00fade e Bem-estar, Consultas e Exames Popular","publisher":{"@id":"https:\/\/www.conveniosocial.com.br\/blog\/#organization"},"potentialAction":[{"@type":"SearchAction","target":{"@type":"EntryPoint","urlTemplate":"https:\/\/www.conveniosocial.com.br\/blog\/?s={search_term_string}"},"query-input":{"@type":"PropertyValueSpecification","valueRequired":true,"valueName":"search_term_string"}}],"inLanguage":"pt-BR"},{"@type":"Organization","@id":"https:\/\/www.conveniosocial.com.br\/blog\/#organization","name":"Conv\u00eanio Social","url":"https:\/\/www.conveniosocial.com.br\/blog\/","logo":{"@type":"ImageObject","inLanguage":"pt-BR","@id":"https:\/\/www.conveniosocial.com.br\/blog\/#\/schema\/logo\/image\/","url":"https:\/\/www.conveniosocial.com.br\/blog\/wp-content\/uploads\/2021\/11\/novo_logo-convenio-socia-digital.png","contentUrl":"https:\/\/www.conveniosocial.com.br\/blog\/wp-content\/uploads\/2021\/11\/novo_logo-convenio-socia-digital.png","width":400,"height":102,"caption":"Conv\u00eanio Social"},"image":{"@id":"https:\/\/www.conveniosocial.com.br\/blog\/#\/schema\/logo\/image\/"}}]}},"_links":{"self":[{"href":"https:\/\/www.conveniosocial.com.br\/blog\/wp-json\/wp\/v2\/posts\/152446","targetHints":{"allow":["GET"]}}],"collection":[{"href":"https:\/\/www.conveniosocial.com.br\/blog\/wp-json\/wp\/v2\/posts"}],"about":[{"href":"https:\/\/www.conveniosocial.com.br\/blog\/wp-json\/wp\/v2\/types\/post"}],"replies":[{"embeddable":true,"href":"https:\/\/www.conveniosocial.com.br\/blog\/wp-json\/wp\/v2\/comments?post=152446"}],"version-history":[{"count":0,"href":"https:\/\/www.conveniosocial.com.br\/blog\/wp-json\/wp\/v2\/posts\/152446\/revisions"}],"wp:attachment":[{"href":"https:\/\/www.conveniosocial.com.br\/blog\/wp-json\/wp\/v2\/media?parent=152446"}],"wp:term":[{"taxonomy":"category","embeddable":true,"href":"https:\/\/www.conveniosocial.com.br\/blog\/wp-json\/wp\/v2\/categories?post=152446"},{"taxonomy":"post_tag","embeddable":true,"href":"https:\/\/www.conveniosocial.com.br\/blog\/wp-json\/wp\/v2\/tags?post=152446"}],"curies":[{"name":"wp","href":"https:\/\/api.w.org\/{rel}","templated":true}]}}