{"id":152478,"date":"2026-03-12T21:01:04","date_gmt":"2026-03-13T00:01:04","guid":{"rendered":"https:\/\/www.conveniosocial.com.br\/blog\/nehuma\/consultorio-dra-giovana-hess-cuidado-e-humanizacao-em-salvador\/"},"modified":"2026-03-12T21:01:04","modified_gmt":"2026-03-13T00:01:04","slug":"consultorio-dra-giovana-hess-cuidado-e-humanizacao-em-salvador","status":"publish","type":"post","link":"https:\/\/www.conveniosocial.com.br\/blog\/clinica-geral\/consultorio-dra-giovana-hess-cuidado-e-humanizacao-em-salvador\/","title":{"rendered":"Consult\u00f3rio Dra. Giovana Hess: Cuidado e Humaniza\u00e7\u00e3o em Salvador"},"content":{"rendered":"<div id=\"ez-toc-container\" class=\"ez-toc-v2_0_82_2 counter-flat ez-toc-counter ez-toc-white ez-toc-container-direction\">\n<p class=\"ez-toc-title\" style=\"cursor:inherit\">\u00cdndice do Conte\u00fado<\/p>\n<label for=\"ez-toc-cssicon-toggle-item-69f515a2566dd\" class=\"ez-toc-cssicon-toggle-label\"><span class=\"ez-toc-cssicon\"><span class=\"eztoc-hide\" style=\"display:none;\">Toggle<\/span><span class=\"ez-toc-icon-toggle-span\"><svg style=\"fill: #999;color:#999\" xmlns=\"http:\/\/www.w3.org\/2000\/svg\" class=\"list-377408\" width=\"20px\" height=\"20px\" viewBox=\"0 0 24 24\" fill=\"none\"><path d=\"M6 6H4v2h2V6zm14 0H8v2h12V6zM4 11h2v2H4v-2zm16 0H8v2h12v-2zM4 16h2v2H4v-2zm16 0H8v2h12v-2z\" fill=\"currentColor\"><\/path><\/svg><svg style=\"fill: #999;color:#999\" class=\"arrow-unsorted-368013\" xmlns=\"http:\/\/www.w3.org\/2000\/svg\" width=\"10px\" height=\"10px\" viewBox=\"0 0 24 24\" version=\"1.2\" baseProfile=\"tiny\"><path d=\"M18.2 9.3l-6.2-6.3-6.2 6.3c-.2.2-.3.4-.3.7s.1.5.3.7c.2.2.4.3.7.3h11c.3 0 .5-.1.7-.3.2-.2.3-.5.3-.7s-.1-.5-.3-.7zM5.8 14.7l6.2 6.3 6.2-6.3c.2-.2.3-.5.3-.7s-.1-.5-.3-.7c-.2-.2-.4-.3-.7-.3h-11c-.3 0-.5.1-.7.3-.2.2-.3.5-.3.7s.1.5.3.7z\"\/><\/svg><\/span><\/span><\/label><input type=\"checkbox\"  id=\"ez-toc-cssicon-toggle-item-69f515a2566dd\" checked aria-label=\"Alternar\" \/><nav><ul class='ez-toc-list ez-toc-list-level-1 ' ><li class='ez-toc-page-1'><a class=\"ez-toc-link ez-toc-heading-1\" href=\"https:\/\/www.conveniosocial.com.br\/blog\/clinica-geral\/consultorio-dra-giovana-hess-cuidado-e-humanizacao-em-salvador\/#Consultorio_Dra_Giovana_Hess_Cuidado_e_Humanizacao_em_Salvador\" >Consult\u00f3rio Dra. Giovana Hess: Cuidado e Humaniza\u00e7\u00e3o em Salvador<\/a><\/li><li class='ez-toc-page-1'><a class=\"ez-toc-link ez-toc-heading-2\" href=\"https:\/\/www.conveniosocial.com.br\/blog\/clinica-geral\/consultorio-dra-giovana-hess-cuidado-e-humanizacao-em-salvador\/#Perguntas_Frequentes\" >Perguntas Frequentes<\/a><\/li><li class='ez-toc-page-1'><a class=\"ez-toc-link ez-toc-heading-3\" href=\"https:\/\/www.conveniosocial.com.br\/blog\/clinica-geral\/consultorio-dra-giovana-hess-cuidado-e-humanizacao-em-salvador\/#Contato\" >Contato<\/a><\/li><\/ul><\/nav><\/div>\n<h2><span class=\"ez-toc-section\" id=\"Consultorio_Dra_Giovana_Hess_Cuidado_e_Humanizacao_em_Salvador\"><\/span>Consult\u00f3rio Dra. Giovana Hess: Cuidado e Humaniza\u00e7\u00e3o em Salvador<span class=\"ez-toc-section-end\"><\/span><\/h2>\n<p>O Consult\u00f3rio Dra. Giovana Hess, localizado no bairro Caminho das \u00c1rvores em Salvador, Bahia, \u00e9 um espa\u00e7o dedicado ao cuidado integral da sa\u00fade. Sob a responsabilidade da Dra. Giovana Hess Liskoski, uma profissional com CRM 42399 SC, a cl\u00ednica se destaca pelo atendimento humanizado e pelo compromisso em oferecer servi\u00e7os de qualidade para toda a comunidade. A cl\u00ednica \u00e9 especializada em Cl\u00ednica Geral, onde a sa\u00fade do paciente \u00e9 priorizada em todas as etapas do atendimento. Aqui, os pacientes s\u00e3o atendidos com respeito e aten\u00e7\u00e3o, garantindo que suas preocupa\u00e7\u00f5es sejam ouvidas e compreendidas. Al\u00e9m disso, o consult\u00f3rio tamb\u00e9m oferece servi\u00e7os de Medicina Preventiva, com foco na promo\u00e7\u00e3o da sa\u00fade e na preven\u00e7\u00e3o de doen\u00e7as, um aspecto fundamental para manter a qualidade de vida ao longo dos anos.<\/p>\n<p>Outro servi\u00e7o relevante dispon\u00edvel na cl\u00ednica \u00e9 a Psiquiatria. A sa\u00fade mental \u00e9 uma parte essencial do bem-estar geral e, por isso, a Dra. Giovana tamb\u00e9m se dedica a oferecer suporte e tratamento para quest\u00f5es emocionais e psicol\u00f3gicas. A abordagem acolhedora e emp\u00e1tica da Dra. Giovana faz com que os pacientes se sintam \u00e0 vontade para discutir suas preocupa\u00e7\u00f5es, resultando em um tratamento mais eficaz.<\/p>\n<p>Apesar de n\u00e3o trabalhar com conv\u00eanios, o consult\u00f3rio busca oferecer pre\u00e7os justos e acess\u00edveis, garantindo que todos tenham a oportunidade de cuidar de sua sa\u00fade. A localiza\u00e7\u00e3o da cl\u00ednica em um bairro t\u00e3o central como Caminho das \u00c1rvores facilita o acesso, al\u00e9m de contar com um ambiente tranquilo e acolhedor. Isso permite que os pacientes possam se deslocar facilmente e tenham uma experi\u00eancia de atendimento confort\u00e1vel, longe do estresse do centro da cidade.<\/p>\n<p>O consult\u00f3rio tamb\u00e9m est\u00e1 comprometido em oferecer exames como atestados m\u00e9dicos e avalia\u00e7\u00f5es de sa\u00fade, fundamentais para a realiza\u00e7\u00e3o de atividades cotidianas e exig\u00eancias profissionais. Embora o hor\u00e1rio de funcionamento n\u00e3o tenha sido informado, a cl\u00ednica se esfor\u00e7a para atender a demanda de seus pacientes, proporcionando hor\u00e1rios flex\u00edveis sempre que poss\u00edvel.<\/p>\n<p>Para mais informa\u00e7\u00f5es sobre os servi\u00e7os oferecidos, os interessados podem entrar em contato pelo telefone que ser\u00e1 disponibilizado em breve, al\u00e9m de poderem acompanhar novidades e dicas de sa\u00fade pelo Instagram do consult\u00f3rio. O suporte cont\u00ednuo e a rela\u00e7\u00e3o de confian\u00e7a entre a Dra. Giovana e seus pacientes s\u00e3o pilares do atendimento na cl\u00ednica, refletindo uma verdadeira preocupa\u00e7\u00e3o com a sa\u00fade e o bem-estar de cada indiv\u00edduo que busca cuidados m\u00e9dicos. No Consult\u00f3rio Dra. Giovana Hess, a sa\u00fade \u00e9 tratada com carinho e profissionalismo, tornando-se um lugar onde cada paciente \u00e9 visto como \u00fanico e especial.<\/p>\n<h3><span class=\"ez-toc-section\" id=\"Perguntas_Frequentes\"><\/span>Perguntas Frequentes<span class=\"ez-toc-section-end\"><\/span><\/h3>\n<p>P: Quais especialidades a cl\u00ednica oferece?<br \/>\nR: A cl\u00ednica oferece especialidades em Cl\u00ednica Geral, Medicina Preventiva e Psiquiatria.<\/p>\n<p>P: A cl\u00ednica aceita conv\u00eanios?<br \/>\nR: N\u00e3o, atualmente a cl\u00ednica n\u00e3o trabalha com conv\u00eanios, mas busca oferecer pre\u00e7os justos.<\/p>\n<p>P: Onde est\u00e1 localizada a cl\u00ednica?<br \/>\nR: O Consult\u00f3rio Dra. Giovana Hess est\u00e1 localizado no bairro Caminho das \u00c1rvores, em Salvador, Bahia.<\/p>\n<p>P: Quais exames podem ser realizados na cl\u00ednica?<br \/>\nR: A cl\u00ednica realiza exames como atestados m\u00e9dicos e servi\u00e7os de Medicina Preventiva.<\/p>\n<p>P: Como posso agendar uma consulta?<br \/>\nR: Em breve, o telefone da cl\u00ednica estar\u00e1 dispon\u00edvel para agendamentos.<\/p>\n<p>P: A cl\u00ednica tem um hor\u00e1rio de funcionamento espec\u00edfico?<br \/>\nR: O hor\u00e1rio de funcionamento ainda n\u00e3o foi informado, mas a cl\u00ednica busca atender aos pacientes de maneira flex\u00edvel.<\/p>\n<p>P: Quem \u00e9 a respons\u00e1vel t\u00e9cnica da cl\u00ednica?<br \/>\nR: A respons\u00e1vel t\u00e9cnica \u00e9 a Dra. Giovana Hess Liskoski, com CRM 42399 SC.<\/p>\n<p>P: A cl\u00ednica oferece atendimento para crian\u00e7as?<br \/>\nR: A cl\u00ednica \u00e9 voltada para o atendimento em Cl\u00ednica Geral, podendo atender pacientes de todas as idades conforme a demanda.<\/p>\n<p>P: Posso acompanhar as novidades da cl\u00ednica nas redes sociais?<br \/>\nR: Sim, a cl\u00ednica tem um perfil no Instagram onde compartilha novidades e dicas de sa\u00fade.<\/p>\n<p>P: Como posso entrar em contato com a cl\u00ednica?<br \/>\nR: O contato ser\u00e1 disponibilizado em breve para que os pacientes possam tirar d\u00favidas e agendar consultas.<\/p>\n<h3><span class=\"ez-toc-section\" id=\"Contato\"><\/span>Contato<span class=\"ez-toc-section-end\"><\/span><\/h3>\n<p><strong>Tel.:  | <\/strong><br \/>\n<strong>WhatsApp: &#8211; <\/strong><\/p>\n","protected":false},"excerpt":{"rendered":"<p>Consult\u00f3rio Dra. Giovana Hess: Cuidado e Humaniza\u00e7\u00e3o em Salvador O Consult\u00f3rio Dra. Giovana Hess, localizado no bairro Caminho das \u00c1rvores em Salvador, Bahia, \u00e9 um espa\u00e7o dedicado ao cuidado integral da sa\u00fade. Sob a responsabilidade da Dra. Giovana Hess Liskoski, uma profissional com CRM 42399 SC, a cl\u00ednica se destaca pelo atendimento humanizado e pelo [&hellip;]<\/p>\n","protected":false},"author":0,"featured_media":0,"comment_status":"open","ping_status":"open","sticky":false,"template":"","format":"standard","meta":{"_et_pb_use_builder":"o","_et_pb_old_content":"","_et_gb_content_width":"","footnotes":""},"categories":[905,1660,1306],"tags":[],"class_list":["post-152478","post","type-post","status-publish","format-standard","hentry","category-clinica-geral","category-medicina-preventiva","category-saude-mental"],"yoast_head":"<!-- This site is optimized with the Yoast SEO Premium plugin v21.3 (Yoast SEO v27.5) - https:\/\/yoast.com\/product\/yoast-seo-premium-wordpress\/ -->\n<title>Consult\u00f3rio Dra. Giovana Hess: Cuidado e Humaniza\u00e7\u00e3o em Salvador - Conv\u00eanio Social<\/title>\n<meta name=\"robots\" content=\"index, follow, max-snippet:-1, max-image-preview:large, max-video-preview:-1\" \/>\n<link rel=\"canonical\" href=\"https:\/\/www.conveniosocial.com.br\/blog\/clinica-geral\/consultorio-dra-giovana-hess-cuidado-e-humanizacao-em-salvador\/\" \/>\n<meta property=\"og:locale\" content=\"pt_BR\" \/>\n<meta property=\"og:type\" content=\"article\" \/>\n<meta property=\"og:title\" content=\"Consult\u00f3rio Dra. Giovana Hess: Cuidado e Humaniza\u00e7\u00e3o em Salvador\" \/>\n<meta property=\"og:description\" content=\"Consult\u00f3rio Dra. Giovana Hess: Cuidado e Humaniza\u00e7\u00e3o em Salvador O Consult\u00f3rio Dra. Giovana Hess, localizado no bairro Caminho das \u00c1rvores em Salvador, Bahia, \u00e9 um espa\u00e7o dedicado ao cuidado integral da sa\u00fade. Sob a responsabilidade da Dra. Giovana Hess Liskoski, uma profissional com CRM 42399 SC, a cl\u00ednica se destaca pelo atendimento humanizado e pelo [&hellip;]\" \/>\n<meta property=\"og:url\" content=\"https:\/\/www.conveniosocial.com.br\/blog\/clinica-geral\/consultorio-dra-giovana-hess-cuidado-e-humanizacao-em-salvador\/\" \/>\n<meta property=\"og:site_name\" content=\"Conv\u00eanio Social\" \/>\n<meta property=\"article:published_time\" content=\"2026-03-13T00:01:04+00:00\" \/>\n<meta name=\"twitter:card\" content=\"summary_large_image\" \/>\n<meta name=\"twitter:label1\" content=\"Est. tempo de leitura\" \/>\n\t<meta name=\"twitter:data1\" content=\"4 minutos\" \/>\n<script type=\"application\/ld+json\" class=\"yoast-schema-graph\">{\"@context\":\"https:\\\/\\\/schema.org\",\"@graph\":[{\"@type\":\"Article\",\"@id\":\"https:\\\/\\\/www.conveniosocial.com.br\\\/blog\\\/clinica-geral\\\/consultorio-dra-giovana-hess-cuidado-e-humanizacao-em-salvador\\\/#article\",\"isPartOf\":{\"@id\":\"https:\\\/\\\/www.conveniosocial.com.br\\\/blog\\\/clinica-geral\\\/consultorio-dra-giovana-hess-cuidado-e-humanizacao-em-salvador\\\/\"},\"author\":{\"name\":\"\",\"@id\":\"\"},\"headline\":\"Consult\u00f3rio Dra. Giovana Hess: Cuidado e Humaniza\u00e7\u00e3o em Salvador\",\"datePublished\":\"2026-03-13T00:01:04+00:00\",\"mainEntityOfPage\":{\"@id\":\"https:\\\/\\\/www.conveniosocial.com.br\\\/blog\\\/clinica-geral\\\/consultorio-dra-giovana-hess-cuidado-e-humanizacao-em-salvador\\\/\"},\"wordCount\":762,\"commentCount\":0,\"publisher\":{\"@id\":\"https:\\\/\\\/www.conveniosocial.com.br\\\/blog\\\/#organization\"},\"articleSection\":[\"Cl\u00ednica Geral\",\"Medicina Preventiva\",\"Sa\u00fade Mental\"],\"inLanguage\":\"pt-BR\"},{\"@type\":\"WebPage\",\"@id\":\"https:\\\/\\\/www.conveniosocial.com.br\\\/blog\\\/clinica-geral\\\/consultorio-dra-giovana-hess-cuidado-e-humanizacao-em-salvador\\\/\",\"url\":\"https:\\\/\\\/www.conveniosocial.com.br\\\/blog\\\/clinica-geral\\\/consultorio-dra-giovana-hess-cuidado-e-humanizacao-em-salvador\\\/\",\"name\":\"Consult\u00f3rio Dra. Giovana Hess: Cuidado e Humaniza\u00e7\u00e3o em Salvador - Conv\u00eanio Social\",\"isPartOf\":{\"@id\":\"https:\\\/\\\/www.conveniosocial.com.br\\\/blog\\\/#website\"},\"datePublished\":\"2026-03-13T00:01:04+00:00\",\"breadcrumb\":{\"@id\":\"https:\\\/\\\/www.conveniosocial.com.br\\\/blog\\\/clinica-geral\\\/consultorio-dra-giovana-hess-cuidado-e-humanizacao-em-salvador\\\/#breadcrumb\"},\"inLanguage\":\"pt-BR\",\"potentialAction\":[{\"@type\":\"ReadAction\",\"target\":[\"https:\\\/\\\/www.conveniosocial.com.br\\\/blog\\\/clinica-geral\\\/consultorio-dra-giovana-hess-cuidado-e-humanizacao-em-salvador\\\/\"]}]},{\"@type\":\"BreadcrumbList\",\"@id\":\"https:\\\/\\\/www.conveniosocial.com.br\\\/blog\\\/clinica-geral\\\/consultorio-dra-giovana-hess-cuidado-e-humanizacao-em-salvador\\\/#breadcrumb\",\"itemListElement\":[{\"@type\":\"ListItem\",\"position\":1,\"name\":\"Home\",\"item\":\"https:\\\/\\\/www.conveniosocial.com.br\\\/blog\\\/\"},{\"@type\":\"ListItem\",\"position\":2,\"name\":\"Cl\u00ednica Geral\",\"item\":\"https:\\\/\\\/www.conveniosocial.com.br\\\/blog\\\/clinica-geral\\\/\"},{\"@type\":\"ListItem\",\"position\":3,\"name\":\"Consult\u00f3rio Dra. Giovana Hess: Cuidado e Humaniza\u00e7\u00e3o em Salvador\"}]},{\"@type\":\"WebSite\",\"@id\":\"https:\\\/\\\/www.conveniosocial.com.br\\\/blog\\\/#website\",\"url\":\"https:\\\/\\\/www.conveniosocial.com.br\\\/blog\\\/\",\"name\":\"Conv\u00eanio Social\",\"description\":\"Informa\u00e7\u00f5es de Sa\u00fade e Bem-estar, Consultas e Exames Popular\",\"publisher\":{\"@id\":\"https:\\\/\\\/www.conveniosocial.com.br\\\/blog\\\/#organization\"},\"potentialAction\":[{\"@type\":\"SearchAction\",\"target\":{\"@type\":\"EntryPoint\",\"urlTemplate\":\"https:\\\/\\\/www.conveniosocial.com.br\\\/blog\\\/?s={search_term_string}\"},\"query-input\":{\"@type\":\"PropertyValueSpecification\",\"valueRequired\":true,\"valueName\":\"search_term_string\"}}],\"inLanguage\":\"pt-BR\"},{\"@type\":\"Organization\",\"@id\":\"https:\\\/\\\/www.conveniosocial.com.br\\\/blog\\\/#organization\",\"name\":\"Conv\u00eanio Social\",\"url\":\"https:\\\/\\\/www.conveniosocial.com.br\\\/blog\\\/\",\"logo\":{\"@type\":\"ImageObject\",\"inLanguage\":\"pt-BR\",\"@id\":\"https:\\\/\\\/www.conveniosocial.com.br\\\/blog\\\/#\\\/schema\\\/logo\\\/image\\\/\",\"url\":\"https:\\\/\\\/www.conveniosocial.com.br\\\/blog\\\/wp-content\\\/uploads\\\/2021\\\/11\\\/novo_logo-convenio-socia-digital.png\",\"contentUrl\":\"https:\\\/\\\/www.conveniosocial.com.br\\\/blog\\\/wp-content\\\/uploads\\\/2021\\\/11\\\/novo_logo-convenio-socia-digital.png\",\"width\":400,\"height\":102,\"caption\":\"Conv\u00eanio Social\"},\"image\":{\"@id\":\"https:\\\/\\\/www.conveniosocial.com.br\\\/blog\\\/#\\\/schema\\\/logo\\\/image\\\/\"}}]}<\/script>\n<!-- \/ Yoast SEO Premium plugin. -->","yoast_head_json":{"title":"Consult\u00f3rio Dra. Giovana Hess: Cuidado e Humaniza\u00e7\u00e3o em Salvador - Conv\u00eanio Social","robots":{"index":"index","follow":"follow","max-snippet":"max-snippet:-1","max-image-preview":"max-image-preview:large","max-video-preview":"max-video-preview:-1"},"canonical":"https:\/\/www.conveniosocial.com.br\/blog\/clinica-geral\/consultorio-dra-giovana-hess-cuidado-e-humanizacao-em-salvador\/","og_locale":"pt_BR","og_type":"article","og_title":"Consult\u00f3rio Dra. Giovana Hess: Cuidado e Humaniza\u00e7\u00e3o em Salvador","og_description":"Consult\u00f3rio Dra. Giovana Hess: Cuidado e Humaniza\u00e7\u00e3o em Salvador O Consult\u00f3rio Dra. Giovana Hess, localizado no bairro Caminho das \u00c1rvores em Salvador, Bahia, \u00e9 um espa\u00e7o dedicado ao cuidado integral da sa\u00fade. Sob a responsabilidade da Dra. Giovana Hess Liskoski, uma profissional com CRM 42399 SC, a cl\u00ednica se destaca pelo atendimento humanizado e pelo [&hellip;]","og_url":"https:\/\/www.conveniosocial.com.br\/blog\/clinica-geral\/consultorio-dra-giovana-hess-cuidado-e-humanizacao-em-salvador\/","og_site_name":"Conv\u00eanio Social","article_published_time":"2026-03-13T00:01:04+00:00","twitter_card":"summary_large_image","twitter_misc":{"Est. tempo de leitura":"4 minutos"},"schema":{"@context":"https:\/\/schema.org","@graph":[{"@type":"Article","@id":"https:\/\/www.conveniosocial.com.br\/blog\/clinica-geral\/consultorio-dra-giovana-hess-cuidado-e-humanizacao-em-salvador\/#article","isPartOf":{"@id":"https:\/\/www.conveniosocial.com.br\/blog\/clinica-geral\/consultorio-dra-giovana-hess-cuidado-e-humanizacao-em-salvador\/"},"author":{"name":"","@id":""},"headline":"Consult\u00f3rio Dra. Giovana Hess: Cuidado e Humaniza\u00e7\u00e3o em Salvador","datePublished":"2026-03-13T00:01:04+00:00","mainEntityOfPage":{"@id":"https:\/\/www.conveniosocial.com.br\/blog\/clinica-geral\/consultorio-dra-giovana-hess-cuidado-e-humanizacao-em-salvador\/"},"wordCount":762,"commentCount":0,"publisher":{"@id":"https:\/\/www.conveniosocial.com.br\/blog\/#organization"},"articleSection":["Cl\u00ednica Geral","Medicina Preventiva","Sa\u00fade Mental"],"inLanguage":"pt-BR"},{"@type":"WebPage","@id":"https:\/\/www.conveniosocial.com.br\/blog\/clinica-geral\/consultorio-dra-giovana-hess-cuidado-e-humanizacao-em-salvador\/","url":"https:\/\/www.conveniosocial.com.br\/blog\/clinica-geral\/consultorio-dra-giovana-hess-cuidado-e-humanizacao-em-salvador\/","name":"Consult\u00f3rio Dra. Giovana Hess: Cuidado e Humaniza\u00e7\u00e3o em Salvador - Conv\u00eanio Social","isPartOf":{"@id":"https:\/\/www.conveniosocial.com.br\/blog\/#website"},"datePublished":"2026-03-13T00:01:04+00:00","breadcrumb":{"@id":"https:\/\/www.conveniosocial.com.br\/blog\/clinica-geral\/consultorio-dra-giovana-hess-cuidado-e-humanizacao-em-salvador\/#breadcrumb"},"inLanguage":"pt-BR","potentialAction":[{"@type":"ReadAction","target":["https:\/\/www.conveniosocial.com.br\/blog\/clinica-geral\/consultorio-dra-giovana-hess-cuidado-e-humanizacao-em-salvador\/"]}]},{"@type":"BreadcrumbList","@id":"https:\/\/www.conveniosocial.com.br\/blog\/clinica-geral\/consultorio-dra-giovana-hess-cuidado-e-humanizacao-em-salvador\/#breadcrumb","itemListElement":[{"@type":"ListItem","position":1,"name":"Home","item":"https:\/\/www.conveniosocial.com.br\/blog\/"},{"@type":"ListItem","position":2,"name":"Cl\u00ednica Geral","item":"https:\/\/www.conveniosocial.com.br\/blog\/clinica-geral\/"},{"@type":"ListItem","position":3,"name":"Consult\u00f3rio Dra. Giovana Hess: Cuidado e Humaniza\u00e7\u00e3o em Salvador"}]},{"@type":"WebSite","@id":"https:\/\/www.conveniosocial.com.br\/blog\/#website","url":"https:\/\/www.conveniosocial.com.br\/blog\/","name":"Conv\u00eanio Social","description":"Informa\u00e7\u00f5es de Sa\u00fade e Bem-estar, Consultas e Exames Popular","publisher":{"@id":"https:\/\/www.conveniosocial.com.br\/blog\/#organization"},"potentialAction":[{"@type":"SearchAction","target":{"@type":"EntryPoint","urlTemplate":"https:\/\/www.conveniosocial.com.br\/blog\/?s={search_term_string}"},"query-input":{"@type":"PropertyValueSpecification","valueRequired":true,"valueName":"search_term_string"}}],"inLanguage":"pt-BR"},{"@type":"Organization","@id":"https:\/\/www.conveniosocial.com.br\/blog\/#organization","name":"Conv\u00eanio Social","url":"https:\/\/www.conveniosocial.com.br\/blog\/","logo":{"@type":"ImageObject","inLanguage":"pt-BR","@id":"https:\/\/www.conveniosocial.com.br\/blog\/#\/schema\/logo\/image\/","url":"https:\/\/www.conveniosocial.com.br\/blog\/wp-content\/uploads\/2021\/11\/novo_logo-convenio-socia-digital.png","contentUrl":"https:\/\/www.conveniosocial.com.br\/blog\/wp-content\/uploads\/2021\/11\/novo_logo-convenio-socia-digital.png","width":400,"height":102,"caption":"Conv\u00eanio Social"},"image":{"@id":"https:\/\/www.conveniosocial.com.br\/blog\/#\/schema\/logo\/image\/"}}]}},"_links":{"self":[{"href":"https:\/\/www.conveniosocial.com.br\/blog\/wp-json\/wp\/v2\/posts\/152478","targetHints":{"allow":["GET"]}}],"collection":[{"href":"https:\/\/www.conveniosocial.com.br\/blog\/wp-json\/wp\/v2\/posts"}],"about":[{"href":"https:\/\/www.conveniosocial.com.br\/blog\/wp-json\/wp\/v2\/types\/post"}],"replies":[{"embeddable":true,"href":"https:\/\/www.conveniosocial.com.br\/blog\/wp-json\/wp\/v2\/comments?post=152478"}],"version-history":[{"count":0,"href":"https:\/\/www.conveniosocial.com.br\/blog\/wp-json\/wp\/v2\/posts\/152478\/revisions"}],"wp:attachment":[{"href":"https:\/\/www.conveniosocial.com.br\/blog\/wp-json\/wp\/v2\/media?parent=152478"}],"wp:term":[{"taxonomy":"category","embeddable":true,"href":"https:\/\/www.conveniosocial.com.br\/blog\/wp-json\/wp\/v2\/categories?post=152478"},{"taxonomy":"post_tag","embeddable":true,"href":"https:\/\/www.conveniosocial.com.br\/blog\/wp-json\/wp\/v2\/tags?post=152478"}],"curies":[{"name":"wp","href":"https:\/\/api.w.org\/{rel}","templated":true}]}}