{"id":152519,"date":"2026-03-12T21:01:06","date_gmt":"2026-03-13T00:01:06","guid":{"rendered":"https:\/\/www.conveniosocial.com.br\/blog\/nehuma\/carine-nogueira-estetica-beleza-e-cuidado-em-cariacica\/"},"modified":"2026-03-12T21:01:06","modified_gmt":"2026-03-13T00:01:06","slug":"carine-nogueira-estetica-beleza-e-cuidado-em-cariacica","status":"publish","type":"post","link":"https:\/\/www.conveniosocial.com.br\/blog\/bem-estar\/carine-nogueira-estetica-beleza-e-cuidado-em-cariacica\/","title":{"rendered":"Carine Nogueira Est\u00e9tica: Beleza e Cuidado em Cariacica"},"content":{"rendered":"<div id=\"ez-toc-container\" class=\"ez-toc-v2_0_82_2 counter-flat ez-toc-counter ez-toc-white ez-toc-container-direction\">\n<p class=\"ez-toc-title\" style=\"cursor:inherit\">\u00cdndice do Conte\u00fado<\/p>\n<label for=\"ez-toc-cssicon-toggle-item-69f36ea21eb25\" class=\"ez-toc-cssicon-toggle-label\"><span class=\"ez-toc-cssicon\"><span class=\"eztoc-hide\" style=\"display:none;\">Toggle<\/span><span class=\"ez-toc-icon-toggle-span\"><svg style=\"fill: #999;color:#999\" xmlns=\"http:\/\/www.w3.org\/2000\/svg\" class=\"list-377408\" width=\"20px\" height=\"20px\" viewBox=\"0 0 24 24\" fill=\"none\"><path d=\"M6 6H4v2h2V6zm14 0H8v2h12V6zM4 11h2v2H4v-2zm16 0H8v2h12v-2zM4 16h2v2H4v-2zm16 0H8v2h12v-2z\" fill=\"currentColor\"><\/path><\/svg><svg style=\"fill: #999;color:#999\" class=\"arrow-unsorted-368013\" xmlns=\"http:\/\/www.w3.org\/2000\/svg\" width=\"10px\" height=\"10px\" viewBox=\"0 0 24 24\" version=\"1.2\" baseProfile=\"tiny\"><path d=\"M18.2 9.3l-6.2-6.3-6.2 6.3c-.2.2-.3.4-.3.7s.1.5.3.7c.2.2.4.3.7.3h11c.3 0 .5-.1.7-.3.2-.2.3-.5.3-.7s-.1-.5-.3-.7zM5.8 14.7l6.2 6.3 6.2-6.3c.2-.2.3-.5.3-.7s-.1-.5-.3-.7c-.2-.2-.4-.3-.7-.3h-11c-.3 0-.5.1-.7.3-.2.2-.3.5-.3.7s.1.5.3.7z\"\/><\/svg><\/span><\/span><\/label><input type=\"checkbox\"  id=\"ez-toc-cssicon-toggle-item-69f36ea21eb25\" checked aria-label=\"Alternar\" \/><nav><ul class='ez-toc-list ez-toc-list-level-1 ' ><li class='ez-toc-page-1'><a class=\"ez-toc-link ez-toc-heading-1\" href=\"https:\/\/www.conveniosocial.com.br\/blog\/bem-estar\/carine-nogueira-estetica-beleza-e-cuidado-em-cariacica\/#Carine_Nogueira_Estetica_Beleza_e_Cuidado_em_Cariacica\" >Carine Nogueira Est\u00e9tica: Beleza e Cuidado em Cariacica<\/a><\/li><li class='ez-toc-page-1'><a class=\"ez-toc-link ez-toc-heading-2\" href=\"https:\/\/www.conveniosocial.com.br\/blog\/bem-estar\/carine-nogueira-estetica-beleza-e-cuidado-em-cariacica\/#Perguntas_Frequentes\" >Perguntas Frequentes<\/a><\/li><li class='ez-toc-page-1'><a class=\"ez-toc-link ez-toc-heading-3\" href=\"https:\/\/www.conveniosocial.com.br\/blog\/bem-estar\/carine-nogueira-estetica-beleza-e-cuidado-em-cariacica\/#Contato\" >Contato<\/a><\/li><\/ul><\/nav><\/div>\n<h2><span class=\"ez-toc-section\" id=\"Carine_Nogueira_Estetica_Beleza_e_Cuidado_em_Cariacica\"><\/span>Carine Nogueira Est\u00e9tica: Beleza e Cuidado em Cariacica<span class=\"ez-toc-section-end\"><\/span><\/h2>\n<p>A Cl\u00ednica Carine Nogueira &#8211; Est\u00e9tica, localizada no cora\u00e7\u00e3o de Campo Grande, Cariacica, ES, \u00e9 um espa\u00e7o dedicado ao cuidado e \u00e0 beleza, oferecendo tratamentos est\u00e9ticos inovadores e personalizados. Sob a responsabilidade da Dra. Carine Nogueira, a cl\u00ednica se destaca por seu atendimento humanizado e profissional, proporcionando aos pacientes um ambiente acolhedor e seguro. <\/p>\n<p>Especializada em bioestimuladores de col\u00e1geno, a cl\u00ednica \u00e9 um referencial na regi\u00e3o, oferecendo solu\u00e7\u00f5es eficazes para rejuvenescimento e cuidados com a pele. Com um portf\u00f3lio diversificado de servi\u00e7os, os pacientes podem contar com procedimentos como Lumine peel, que ajuda a combater o melasma e a melhorar a textura da pele, al\u00e9m de vitaminas injet\u00e1veis que promovem a sa\u00fade e a vitalidade, tanto da pele facial quanto capilar.<\/p>\n<p>A localiza\u00e7\u00e3o da cl\u00ednica \u00e9 estrat\u00e9gica, permitindo f\u00e1cil acesso aos moradores de bairros vizinhos como Vila Capixaba, Rio Branco, Dom Bosco e Nova Bras\u00edlia. Isso facilita a visita de pacientes que buscam tratamentos est\u00e9ticos de qualidade, sem precisar se deslocar para outras cidades. Al\u00e9m disso, a cl\u00ednica funciona de segunda a sexta, das 08:00 \u00e0s 19:00, e aos s\u00e1bados, das 08:00 \u00e0s 12:00, oferecendo flexibilidade para atender a agenda dos clientes. <\/p>\n<p>Na Carine Nogueira &#8211; Est\u00e9tica, a sa\u00fade e o bem-estar dos pacientes est\u00e3o sempre em primeiro lugar. A equipe \u00e9 altamente treinada e capacitada para realizar os procedimentos com seguran\u00e7a e efic\u00e1cia, utilizando t\u00e9cnicas modernas e produtos de qualidade. Os conv\u00eanios s\u00e3o oferecidos sob consulta, garantindo que mais pessoas possam acessar os tratamentos dispon\u00edveis. <\/p>\n<p>Para mais informa\u00e7\u00f5es sobre os servi\u00e7os oferecidos, a cl\u00ednica convida todos a entrar em contato. Embora o telefone e o site n\u00e3o estejam dispon\u00edveis neste momento, os interessados podem acompanhar as novidades e promo\u00e7\u00f5es pelo Instagram da cl\u00ednica. A presen\u00e7a online da cl\u00ednica \u00e9 uma ferramenta importante para manter os pacientes informados e engajados. <\/p>\n<p>Por fim, a Cl\u00ednica Carine Nogueira &#8211; Est\u00e9tica \u00e9 mais do que um lugar para tratamentos; \u00e9 um espa\u00e7o onde a beleza e o cuidado andam juntos, proporcionando resultados vis\u00edveis e satisfa\u00e7\u00e3o aos seus pacientes. Venha conhecer e transformar sua autoestima com a Dra. Carine Nogueira e sua equipe dedicada ao bem-estar e \u00e0 est\u00e9tica de qualidade.<\/p>\n<h3><span class=\"ez-toc-section\" id=\"Perguntas_Frequentes\"><\/span>Perguntas Frequentes<span class=\"ez-toc-section-end\"><\/span><\/h3>\n<p>P: Quais s\u00e3o os principais tratamentos oferecidos na cl\u00ednica?<br \/>\nR: Oferecemos tratamentos com bioestimuladores de col\u00e1geno, Lumine peel, vitaminas injet\u00e1veis e cuidados faciais e capilares.<\/p>\n<p>P: A cl\u00ednica atende conv\u00eanios?<br \/>\nR: Sim, aceitamos conv\u00eanios sob consulta. Sugerimos que entre em contato para mais informa\u00e7\u00f5es.<\/p>\n<p>P: Quais s\u00e3o os hor\u00e1rios de funcionamento da cl\u00ednica?<br \/>\nR: Estamos abertos de segunda a sexta, das 08:00 \u00e0s 19:00, e aos s\u00e1bados, das 08:00 \u00e0s 12:00.<\/p>\n<p>P: Onde a cl\u00ednica est\u00e1 localizada?<br \/>\nR: Nossa cl\u00ednica est\u00e1 situada em Campo Grande, Cariacica, ES, com f\u00e1cil acesso para moradores de bairros vizinhos.<\/p>\n<p>P: A Dra. Carine Nogueira \u00e9 a respons\u00e1vel t\u00e9cnica?<br \/>\nR: Sim, a Dra. Carine Nogueira \u00e9 a respons\u00e1vel t\u00e9cnica da cl\u00ednica e possui vasta experi\u00eancia na \u00e1rea est\u00e9tica.<\/p>\n<p>P: Como posso agendar uma consulta?<br \/>\nR: Para agendar uma consulta, recomendamos que voc\u00ea entre em contato pelo nosso Instagram, onde tamb\u00e9m divulgamos informa\u00e7\u00f5es e atualiza\u00e7\u00f5es.<\/p>\n<p>P: Quais cuidados devo ter ap\u00f3s um tratamento facial?<br \/>\nR: \u00c9 importante seguir as orienta\u00e7\u00f5es do profissional, que geralmente incluem evitar exposi\u00e7\u00e3o solar e usar produtos espec\u00edficos para a pele.<\/p>\n<p>P: A cl\u00ednica oferece tratamentos para melasma?<br \/>\nR: Sim, oferecemos o tratamento Lumine peel, que \u00e9 eficaz no combate ao melasma.<\/p>\n<p>P: Quais s\u00e3o as vantagens dos bioestimuladores de col\u00e1geno?<br \/>\nR: Os bioestimuladores promovem a produ\u00e7\u00e3o natural de col\u00e1geno, melhorando a firmeza e a elasticidade da pele.<\/p>\n<p>P: A cl\u00ednica tem presen\u00e7a nas redes sociais?<br \/>\nR: Sim, estamos ativos no Instagram, onde compartilhamos dicas, novidades e promo\u00e7\u00f5es sobre nossos servi\u00e7os.<\/p>\n<h3><span class=\"ez-toc-section\" id=\"Contato\"><\/span>Contato<span class=\"ez-toc-section-end\"><\/span><\/h3>\n<p><strong>Tel.:  | <\/strong><br \/>\n<strong>WhatsApp: &#8211; <\/strong><\/p>\n","protected":false},"excerpt":{"rendered":"<p>Carine Nogueira Est\u00e9tica: Beleza e Cuidado em Cariacica A Cl\u00ednica Carine Nogueira &#8211; Est\u00e9tica, localizada no cora\u00e7\u00e3o de Campo Grande, Cariacica, ES, \u00e9 um espa\u00e7o dedicado ao cuidado e \u00e0 beleza, oferecendo tratamentos est\u00e9ticos inovadores e personalizados. Sob a responsabilidade da Dra. Carine Nogueira, a cl\u00ednica se destaca por seu atendimento humanizado e profissional, proporcionando [&hellip;]<\/p>\n","protected":false},"author":0,"featured_media":0,"comment_status":"open","ping_status":"open","sticky":false,"template":"","format":"standard","meta":{"_et_pb_use_builder":"o","_et_pb_old_content":"","_et_gb_content_width":"","footnotes":""},"categories":[31,684,1318],"tags":[],"class_list":["post-152519","post","type-post","status-publish","format-standard","hentry","category-bem-estar","category-estetica","category-tratamentos-faciais"],"yoast_head":"<!-- This site is optimized with the Yoast SEO Premium plugin v21.3 (Yoast SEO v27.5) - https:\/\/yoast.com\/product\/yoast-seo-premium-wordpress\/ -->\n<title>Carine Nogueira Est\u00e9tica: Beleza e Cuidado em Cariacica - Conv\u00eanio Social<\/title>\n<meta name=\"robots\" content=\"index, follow, max-snippet:-1, max-image-preview:large, max-video-preview:-1\" \/>\n<link rel=\"canonical\" href=\"https:\/\/www.conveniosocial.com.br\/blog\/bem-estar\/carine-nogueira-estetica-beleza-e-cuidado-em-cariacica\/\" \/>\n<meta property=\"og:locale\" content=\"pt_BR\" \/>\n<meta property=\"og:type\" content=\"article\" \/>\n<meta property=\"og:title\" content=\"Carine Nogueira Est\u00e9tica: Beleza e Cuidado em Cariacica\" \/>\n<meta property=\"og:description\" content=\"Carine Nogueira Est\u00e9tica: Beleza e Cuidado em Cariacica A Cl\u00ednica Carine Nogueira - Est\u00e9tica, localizada no cora\u00e7\u00e3o de Campo Grande, Cariacica, ES, \u00e9 um espa\u00e7o dedicado ao cuidado e \u00e0 beleza, oferecendo tratamentos est\u00e9ticos inovadores e personalizados. Sob a responsabilidade da Dra. Carine Nogueira, a cl\u00ednica se destaca por seu atendimento humanizado e profissional, proporcionando [&hellip;]\" \/>\n<meta property=\"og:url\" content=\"https:\/\/www.conveniosocial.com.br\/blog\/bem-estar\/carine-nogueira-estetica-beleza-e-cuidado-em-cariacica\/\" \/>\n<meta property=\"og:site_name\" content=\"Conv\u00eanio Social\" \/>\n<meta property=\"article:published_time\" content=\"2026-03-13T00:01:06+00:00\" \/>\n<meta name=\"twitter:card\" content=\"summary_large_image\" \/>\n<meta name=\"twitter:label1\" content=\"Est. tempo de leitura\" \/>\n\t<meta name=\"twitter:data1\" content=\"3 minutos\" \/>\n<script type=\"application\/ld+json\" class=\"yoast-schema-graph\">{\"@context\":\"https:\\\/\\\/schema.org\",\"@graph\":[{\"@type\":\"Article\",\"@id\":\"https:\\\/\\\/www.conveniosocial.com.br\\\/blog\\\/bem-estar\\\/carine-nogueira-estetica-beleza-e-cuidado-em-cariacica\\\/#article\",\"isPartOf\":{\"@id\":\"https:\\\/\\\/www.conveniosocial.com.br\\\/blog\\\/bem-estar\\\/carine-nogueira-estetica-beleza-e-cuidado-em-cariacica\\\/\"},\"author\":{\"name\":\"\",\"@id\":\"\"},\"headline\":\"Carine Nogueira Est\u00e9tica: Beleza e Cuidado em Cariacica\",\"datePublished\":\"2026-03-13T00:01:06+00:00\",\"mainEntityOfPage\":{\"@id\":\"https:\\\/\\\/www.conveniosocial.com.br\\\/blog\\\/bem-estar\\\/carine-nogueira-estetica-beleza-e-cuidado-em-cariacica\\\/\"},\"wordCount\":694,\"commentCount\":0,\"publisher\":{\"@id\":\"https:\\\/\\\/www.conveniosocial.com.br\\\/blog\\\/#organization\"},\"articleSection\":[\"Bem-estar\",\"Est\u00e9tica\",\"Tratamentos Faciais\"],\"inLanguage\":\"pt-BR\"},{\"@type\":\"WebPage\",\"@id\":\"https:\\\/\\\/www.conveniosocial.com.br\\\/blog\\\/bem-estar\\\/carine-nogueira-estetica-beleza-e-cuidado-em-cariacica\\\/\",\"url\":\"https:\\\/\\\/www.conveniosocial.com.br\\\/blog\\\/bem-estar\\\/carine-nogueira-estetica-beleza-e-cuidado-em-cariacica\\\/\",\"name\":\"Carine Nogueira Est\u00e9tica: Beleza e Cuidado em Cariacica - Conv\u00eanio Social\",\"isPartOf\":{\"@id\":\"https:\\\/\\\/www.conveniosocial.com.br\\\/blog\\\/#website\"},\"datePublished\":\"2026-03-13T00:01:06+00:00\",\"breadcrumb\":{\"@id\":\"https:\\\/\\\/www.conveniosocial.com.br\\\/blog\\\/bem-estar\\\/carine-nogueira-estetica-beleza-e-cuidado-em-cariacica\\\/#breadcrumb\"},\"inLanguage\":\"pt-BR\",\"potentialAction\":[{\"@type\":\"ReadAction\",\"target\":[\"https:\\\/\\\/www.conveniosocial.com.br\\\/blog\\\/bem-estar\\\/carine-nogueira-estetica-beleza-e-cuidado-em-cariacica\\\/\"]}]},{\"@type\":\"BreadcrumbList\",\"@id\":\"https:\\\/\\\/www.conveniosocial.com.br\\\/blog\\\/bem-estar\\\/carine-nogueira-estetica-beleza-e-cuidado-em-cariacica\\\/#breadcrumb\",\"itemListElement\":[{\"@type\":\"ListItem\",\"position\":1,\"name\":\"Home\",\"item\":\"https:\\\/\\\/www.conveniosocial.com.br\\\/blog\\\/\"},{\"@type\":\"ListItem\",\"position\":2,\"name\":\"Bem-estar\",\"item\":\"https:\\\/\\\/www.conveniosocial.com.br\\\/blog\\\/bem-estar\\\/\"},{\"@type\":\"ListItem\",\"position\":3,\"name\":\"Carine Nogueira Est\u00e9tica: Beleza e Cuidado em Cariacica\"}]},{\"@type\":\"WebSite\",\"@id\":\"https:\\\/\\\/www.conveniosocial.com.br\\\/blog\\\/#website\",\"url\":\"https:\\\/\\\/www.conveniosocial.com.br\\\/blog\\\/\",\"name\":\"Conv\u00eanio Social\",\"description\":\"Informa\u00e7\u00f5es de Sa\u00fade e Bem-estar, Consultas e Exames Popular\",\"publisher\":{\"@id\":\"https:\\\/\\\/www.conveniosocial.com.br\\\/blog\\\/#organization\"},\"potentialAction\":[{\"@type\":\"SearchAction\",\"target\":{\"@type\":\"EntryPoint\",\"urlTemplate\":\"https:\\\/\\\/www.conveniosocial.com.br\\\/blog\\\/?s={search_term_string}\"},\"query-input\":{\"@type\":\"PropertyValueSpecification\",\"valueRequired\":true,\"valueName\":\"search_term_string\"}}],\"inLanguage\":\"pt-BR\"},{\"@type\":\"Organization\",\"@id\":\"https:\\\/\\\/www.conveniosocial.com.br\\\/blog\\\/#organization\",\"name\":\"Conv\u00eanio Social\",\"url\":\"https:\\\/\\\/www.conveniosocial.com.br\\\/blog\\\/\",\"logo\":{\"@type\":\"ImageObject\",\"inLanguage\":\"pt-BR\",\"@id\":\"https:\\\/\\\/www.conveniosocial.com.br\\\/blog\\\/#\\\/schema\\\/logo\\\/image\\\/\",\"url\":\"https:\\\/\\\/www.conveniosocial.com.br\\\/blog\\\/wp-content\\\/uploads\\\/2021\\\/11\\\/novo_logo-convenio-socia-digital.png\",\"contentUrl\":\"https:\\\/\\\/www.conveniosocial.com.br\\\/blog\\\/wp-content\\\/uploads\\\/2021\\\/11\\\/novo_logo-convenio-socia-digital.png\",\"width\":400,\"height\":102,\"caption\":\"Conv\u00eanio Social\"},\"image\":{\"@id\":\"https:\\\/\\\/www.conveniosocial.com.br\\\/blog\\\/#\\\/schema\\\/logo\\\/image\\\/\"}}]}<\/script>\n<!-- \/ Yoast SEO Premium plugin. -->","yoast_head_json":{"title":"Carine Nogueira Est\u00e9tica: Beleza e Cuidado em Cariacica - Conv\u00eanio Social","robots":{"index":"index","follow":"follow","max-snippet":"max-snippet:-1","max-image-preview":"max-image-preview:large","max-video-preview":"max-video-preview:-1"},"canonical":"https:\/\/www.conveniosocial.com.br\/blog\/bem-estar\/carine-nogueira-estetica-beleza-e-cuidado-em-cariacica\/","og_locale":"pt_BR","og_type":"article","og_title":"Carine Nogueira Est\u00e9tica: Beleza e Cuidado em Cariacica","og_description":"Carine Nogueira Est\u00e9tica: Beleza e Cuidado em Cariacica A Cl\u00ednica Carine Nogueira - Est\u00e9tica, localizada no cora\u00e7\u00e3o de Campo Grande, Cariacica, ES, \u00e9 um espa\u00e7o dedicado ao cuidado e \u00e0 beleza, oferecendo tratamentos est\u00e9ticos inovadores e personalizados. Sob a responsabilidade da Dra. Carine Nogueira, a cl\u00ednica se destaca por seu atendimento humanizado e profissional, proporcionando [&hellip;]","og_url":"https:\/\/www.conveniosocial.com.br\/blog\/bem-estar\/carine-nogueira-estetica-beleza-e-cuidado-em-cariacica\/","og_site_name":"Conv\u00eanio Social","article_published_time":"2026-03-13T00:01:06+00:00","twitter_card":"summary_large_image","twitter_misc":{"Est. tempo de leitura":"3 minutos"},"schema":{"@context":"https:\/\/schema.org","@graph":[{"@type":"Article","@id":"https:\/\/www.conveniosocial.com.br\/blog\/bem-estar\/carine-nogueira-estetica-beleza-e-cuidado-em-cariacica\/#article","isPartOf":{"@id":"https:\/\/www.conveniosocial.com.br\/blog\/bem-estar\/carine-nogueira-estetica-beleza-e-cuidado-em-cariacica\/"},"author":{"name":"","@id":""},"headline":"Carine Nogueira Est\u00e9tica: Beleza e Cuidado em Cariacica","datePublished":"2026-03-13T00:01:06+00:00","mainEntityOfPage":{"@id":"https:\/\/www.conveniosocial.com.br\/blog\/bem-estar\/carine-nogueira-estetica-beleza-e-cuidado-em-cariacica\/"},"wordCount":694,"commentCount":0,"publisher":{"@id":"https:\/\/www.conveniosocial.com.br\/blog\/#organization"},"articleSection":["Bem-estar","Est\u00e9tica","Tratamentos Faciais"],"inLanguage":"pt-BR"},{"@type":"WebPage","@id":"https:\/\/www.conveniosocial.com.br\/blog\/bem-estar\/carine-nogueira-estetica-beleza-e-cuidado-em-cariacica\/","url":"https:\/\/www.conveniosocial.com.br\/blog\/bem-estar\/carine-nogueira-estetica-beleza-e-cuidado-em-cariacica\/","name":"Carine Nogueira Est\u00e9tica: Beleza e Cuidado em Cariacica - Conv\u00eanio Social","isPartOf":{"@id":"https:\/\/www.conveniosocial.com.br\/blog\/#website"},"datePublished":"2026-03-13T00:01:06+00:00","breadcrumb":{"@id":"https:\/\/www.conveniosocial.com.br\/blog\/bem-estar\/carine-nogueira-estetica-beleza-e-cuidado-em-cariacica\/#breadcrumb"},"inLanguage":"pt-BR","potentialAction":[{"@type":"ReadAction","target":["https:\/\/www.conveniosocial.com.br\/blog\/bem-estar\/carine-nogueira-estetica-beleza-e-cuidado-em-cariacica\/"]}]},{"@type":"BreadcrumbList","@id":"https:\/\/www.conveniosocial.com.br\/blog\/bem-estar\/carine-nogueira-estetica-beleza-e-cuidado-em-cariacica\/#breadcrumb","itemListElement":[{"@type":"ListItem","position":1,"name":"Home","item":"https:\/\/www.conveniosocial.com.br\/blog\/"},{"@type":"ListItem","position":2,"name":"Bem-estar","item":"https:\/\/www.conveniosocial.com.br\/blog\/bem-estar\/"},{"@type":"ListItem","position":3,"name":"Carine Nogueira Est\u00e9tica: Beleza e Cuidado em Cariacica"}]},{"@type":"WebSite","@id":"https:\/\/www.conveniosocial.com.br\/blog\/#website","url":"https:\/\/www.conveniosocial.com.br\/blog\/","name":"Conv\u00eanio Social","description":"Informa\u00e7\u00f5es de Sa\u00fade e Bem-estar, Consultas e Exames Popular","publisher":{"@id":"https:\/\/www.conveniosocial.com.br\/blog\/#organization"},"potentialAction":[{"@type":"SearchAction","target":{"@type":"EntryPoint","urlTemplate":"https:\/\/www.conveniosocial.com.br\/blog\/?s={search_term_string}"},"query-input":{"@type":"PropertyValueSpecification","valueRequired":true,"valueName":"search_term_string"}}],"inLanguage":"pt-BR"},{"@type":"Organization","@id":"https:\/\/www.conveniosocial.com.br\/blog\/#organization","name":"Conv\u00eanio Social","url":"https:\/\/www.conveniosocial.com.br\/blog\/","logo":{"@type":"ImageObject","inLanguage":"pt-BR","@id":"https:\/\/www.conveniosocial.com.br\/blog\/#\/schema\/logo\/image\/","url":"https:\/\/www.conveniosocial.com.br\/blog\/wp-content\/uploads\/2021\/11\/novo_logo-convenio-socia-digital.png","contentUrl":"https:\/\/www.conveniosocial.com.br\/blog\/wp-content\/uploads\/2021\/11\/novo_logo-convenio-socia-digital.png","width":400,"height":102,"caption":"Conv\u00eanio Social"},"image":{"@id":"https:\/\/www.conveniosocial.com.br\/blog\/#\/schema\/logo\/image\/"}}]}},"_links":{"self":[{"href":"https:\/\/www.conveniosocial.com.br\/blog\/wp-json\/wp\/v2\/posts\/152519","targetHints":{"allow":["GET"]}}],"collection":[{"href":"https:\/\/www.conveniosocial.com.br\/blog\/wp-json\/wp\/v2\/posts"}],"about":[{"href":"https:\/\/www.conveniosocial.com.br\/blog\/wp-json\/wp\/v2\/types\/post"}],"replies":[{"embeddable":true,"href":"https:\/\/www.conveniosocial.com.br\/blog\/wp-json\/wp\/v2\/comments?post=152519"}],"version-history":[{"count":0,"href":"https:\/\/www.conveniosocial.com.br\/blog\/wp-json\/wp\/v2\/posts\/152519\/revisions"}],"wp:attachment":[{"href":"https:\/\/www.conveniosocial.com.br\/blog\/wp-json\/wp\/v2\/media?parent=152519"}],"wp:term":[{"taxonomy":"category","embeddable":true,"href":"https:\/\/www.conveniosocial.com.br\/blog\/wp-json\/wp\/v2\/categories?post=152519"},{"taxonomy":"post_tag","embeddable":true,"href":"https:\/\/www.conveniosocial.com.br\/blog\/wp-json\/wp\/v2\/tags?post=152519"}],"curies":[{"name":"wp","href":"https:\/\/api.w.org\/{rel}","templated":true}]}}