{"id":152539,"date":"2026-03-14T09:00:42","date_gmt":"2026-03-14T12:00:42","guid":{"rendered":"https:\/\/www.conveniosocial.com.br\/blog\/nehuma\/clinica-dra-maria-luiza-fregonazzi-estetica-em-vitoria\/"},"modified":"2026-03-14T09:00:42","modified_gmt":"2026-03-14T12:00:42","slug":"clinica-dra-maria-luiza-fregonazzi-estetica-em-vitoria","status":"publish","type":"post","link":"https:\/\/www.conveniosocial.com.br\/blog\/estetica\/clinica-dra-maria-luiza-fregonazzi-estetica-em-vitoria\/","title":{"rendered":"Cl\u00ednica Dra. Maria Luiza Fregonazzi: Est\u00e9tica em Vit\u00f3ria"},"content":{"rendered":"<div id=\"ez-toc-container\" class=\"ez-toc-v2_0_82_2 counter-flat ez-toc-counter ez-toc-white ez-toc-container-direction\">\n<p class=\"ez-toc-title\" style=\"cursor:inherit\">\u00cdndice do Conte\u00fado<\/p>\n<label for=\"ez-toc-cssicon-toggle-item-69f36e2f99fad\" class=\"ez-toc-cssicon-toggle-label\"><span class=\"ez-toc-cssicon\"><span class=\"eztoc-hide\" style=\"display:none;\">Toggle<\/span><span class=\"ez-toc-icon-toggle-span\"><svg style=\"fill: #999;color:#999\" xmlns=\"http:\/\/www.w3.org\/2000\/svg\" class=\"list-377408\" width=\"20px\" height=\"20px\" viewBox=\"0 0 24 24\" fill=\"none\"><path d=\"M6 6H4v2h2V6zm14 0H8v2h12V6zM4 11h2v2H4v-2zm16 0H8v2h12v-2zM4 16h2v2H4v-2zm16 0H8v2h12v-2z\" fill=\"currentColor\"><\/path><\/svg><svg style=\"fill: #999;color:#999\" class=\"arrow-unsorted-368013\" xmlns=\"http:\/\/www.w3.org\/2000\/svg\" width=\"10px\" height=\"10px\" viewBox=\"0 0 24 24\" version=\"1.2\" baseProfile=\"tiny\"><path d=\"M18.2 9.3l-6.2-6.3-6.2 6.3c-.2.2-.3.4-.3.7s.1.5.3.7c.2.2.4.3.7.3h11c.3 0 .5-.1.7-.3.2-.2.3-.5.3-.7s-.1-.5-.3-.7zM5.8 14.7l6.2 6.3 6.2-6.3c.2-.2.3-.5.3-.7s-.1-.5-.3-.7c-.2-.2-.4-.3-.7-.3h-11c-.3 0-.5.1-.7.3-.2.2-.3.5-.3.7s.1.5.3.7z\"\/><\/svg><\/span><\/span><\/label><input type=\"checkbox\"  id=\"ez-toc-cssicon-toggle-item-69f36e2f99fad\" checked aria-label=\"Alternar\" \/><nav><ul class='ez-toc-list ez-toc-list-level-1 ' ><li class='ez-toc-page-1'><a class=\"ez-toc-link ez-toc-heading-1\" href=\"https:\/\/www.conveniosocial.com.br\/blog\/estetica\/clinica-dra-maria-luiza-fregonazzi-estetica-em-vitoria\/#Clinica_Dra_Maria_Luiza_Fregonazzi_Estetica_em_Vitoria\" >Cl\u00ednica Dra. Maria Luiza Fregonazzi: Est\u00e9tica em Vit\u00f3ria<\/a><\/li><li class='ez-toc-page-1'><a class=\"ez-toc-link ez-toc-heading-2\" href=\"https:\/\/www.conveniosocial.com.br\/blog\/estetica\/clinica-dra-maria-luiza-fregonazzi-estetica-em-vitoria\/#Perguntas_Frequentes\" >Perguntas Frequentes<\/a><\/li><li class='ez-toc-page-1'><a class=\"ez-toc-link ez-toc-heading-3\" href=\"https:\/\/www.conveniosocial.com.br\/blog\/estetica\/clinica-dra-maria-luiza-fregonazzi-estetica-em-vitoria\/#Contato\" >Contato<\/a><\/li><\/ul><\/nav><\/div>\n<h2><span class=\"ez-toc-section\" id=\"Clinica_Dra_Maria_Luiza_Fregonazzi_Estetica_em_Vitoria\"><\/span>Cl\u00ednica Dra. Maria Luiza Fregonazzi: Est\u00e9tica em Vit\u00f3ria<span class=\"ez-toc-section-end\"><\/span><\/h2>\n<p>A Cl\u00ednica Dra. Maria Luiza Fregonazzi, situada no cora\u00e7\u00e3o da Enseada do Su\u00e1, Vit\u00f3ria &#8211; ES, \u00e9 o seu destino ideal para tratamentos est\u00e9ticos de alta qualidade. Sob a responsabilidade da Dra. Maria Luiza Fregonazzi, uma profissional renomada na \u00e1rea, a cl\u00ednica se destaca pela sua abordagem humanizada e pelo atendimento acolhedor, proporcionando uma experi\u00eancia \u00fanica a cada paciente.<\/p>\n<p>Com um hor\u00e1rio de funcionamento de segunda a sexta-feira, das 09:00 \u00e0s 18:00 horas, a cl\u00ednica oferece uma ampla gama de servi\u00e7os, focando especialmente na depila\u00e7\u00e3o a laser, que \u00e9 uma das especialidades mais procuradas. O tratamento \u00e9 realizado com tecnologia de ponta, garantindo resultados eficazes e seguran\u00e7a para todos os tipos de pele.<\/p>\n<p>Al\u00e9m da depila\u00e7\u00e3o a laser, a cl\u00ednica disponibiliza diversos exames e tratamentos est\u00e9ticos, como preenchimento facial, tratamento de cicatrizes de acne, skin booster, peeling qu\u00edmico e de cristal, aplica\u00e7\u00e3o de toxina botul\u00ednica, laser de CO2, microagulhamento e \u00e1cido polil\u00e1ctico (Sculptra). Cada procedimento \u00e9 realizado com aten\u00e7\u00e3o aos detalhes e em um ambiente cuidadosamente preparado para oferecer conforto e tranquilidade.<\/p>\n<p>Localizada em um bairro tranquilo e de f\u00e1cil acesso, a cl\u00ednica \u00e9 cercada por diversas op\u00e7\u00f5es de transporte p\u00fablico, tornando a visita mais pr\u00e1tica para os moradores de bairros pr\u00f3ximos como Bento Ferreira, Maru\u00edpe, Ilha de Santa Maria, Santa Helena, Santa L\u00facia, Jardim da Penha, Barro Vermelho e Mata da Praia. Essa localiza\u00e7\u00e3o estrat\u00e9gica facilita a chegada de pacientes de toda a regi\u00e3o.<\/p>\n<p>A Dra. Maria Luiza Fregonazzi, com CRM ES 2690 e RQE n\u00ba 3981, est\u00e1 sempre atualizada nas melhores pr\u00e1ticas e tend\u00eancias do mercado est\u00e9tico, garantindo que todos os procedimentos realizados na cl\u00ednica sejam seguros e eficazes, seguindo rigorosos padr\u00f5es de qualidade.<\/p>\n<p>A cl\u00ednica aceita conv\u00eanios da Unimed, tornando os tratamentos mais acess\u00edveis para um maior n\u00famero de pacientes. Com um compromisso inabal\u00e1vel com a sa\u00fade e a autoestima dos seus pacientes, a Dra. Maria Luiza e sua equipe est\u00e3o sempre prontos para oferecer um atendimento personalizado, buscando entender as necessidades individuais de cada um.<\/p>\n<p>Para mais informa\u00e7\u00f5es sobre servi\u00e7os e agendamentos, entre em contato com a cl\u00ednica atrav\u00e9s do telefone que ser\u00e1 informado em breve, ou siga-nos nas redes sociais para acompanhar novidades e dicas de cuidados est\u00e9ticos. A Cl\u00ednica Dra. Maria Luiza Fregonazzi est\u00e1 aqui para transformar sua experi\u00eancia em beleza e cuidados pessoais, sempre com o toque humano que faz a diferen\u00e7a.<\/p>\n<h3><span class=\"ez-toc-section\" id=\"Perguntas_Frequentes\"><\/span>Perguntas Frequentes<span class=\"ez-toc-section-end\"><\/span><\/h3>\n<p>P: Quais servi\u00e7os a cl\u00ednica oferece?<br \/>\nR: A cl\u00ednica oferece depila\u00e7\u00e3o a laser, preenchimento facial, tratamento de cicatrizes de acne, skin booster, peeling qu\u00edmico, entre outros.<\/p>\n<p>P: A Dra. Maria Luiza \u00e9 especializada em que \u00e1rea?<br \/>\nR: A Dra. Maria Luiza Fregonazzi \u00e9 especializada em est\u00e9tica e tratamentos faciais.<\/p>\n<p>P: Quais s\u00e3o os hor\u00e1rios de atendimento?<br \/>\nR: O atendimento \u00e9 realizado de segunda a sexta-feira, das 09:00 \u00e0s 18:00 horas.<\/p>\n<p>P: A cl\u00ednica aceita conv\u00eanios?<br \/>\nR: Sim, a cl\u00ednica aceita conv\u00eanios da Unimed.<\/p>\n<p>P: Onde a cl\u00ednica est\u00e1 localizada?<br \/>\nR: A cl\u00ednica est\u00e1 localizada na Enseada do Su\u00e1, em Vit\u00f3ria &#8211; ES.<\/p>\n<p>P: A cl\u00ednica realiza tratamentos para cicatrizes de acne?<br \/>\nR: Sim, a cl\u00ednica possui tratamentos espec\u00edficos para cicatrizes de acne.<\/p>\n<p>P: Como posso agendar uma consulta?<br \/>\nR: Entre em contato pelo telefone que ser\u00e1 informado em breve ou siga nossas redes sociais.<\/p>\n<p>P: Quais s\u00e3o os bairros pr\u00f3ximos \u00e0 cl\u00ednica?<br \/>\nR: Bairros pr\u00f3ximos incluem Bento Ferreira, Maru\u00edpe, Ilha de Santa Maria, entre outros.<\/p>\n<p>P: A cl\u00ednica tem alguma especializa\u00e7\u00e3o em depila\u00e7\u00e3o?<br \/>\nR: Sim, a cl\u00ednica \u00e9 especializada em depila\u00e7\u00e3o a laser, utilizando tecnologia de ponta.<\/p>\n<p>P: Quais procedimentos est\u00e9ticos s\u00e3o realizados na cl\u00ednica?<br \/>\nR: Os procedimentos incluem aplica\u00e7\u00e3o de toxina botul\u00ednica, microagulhamento, entre outros tratamentos faciais.<\/p>\n<h3><span class=\"ez-toc-section\" id=\"Contato\"><\/span>Contato<span class=\"ez-toc-section-end\"><\/span><\/h3>\n<p><strong>Tel.:  | <\/strong><br \/>\n<strong>WhatsApp: &#8211; <\/strong><\/p>\n","protected":false},"excerpt":{"rendered":"<p>Cl\u00ednica Dra. Maria Luiza Fregonazzi: Est\u00e9tica em Vit\u00f3ria A Cl\u00ednica Dra. Maria Luiza Fregonazzi, situada no cora\u00e7\u00e3o da Enseada do Su\u00e1, Vit\u00f3ria &#8211; ES, \u00e9 o seu destino ideal para tratamentos est\u00e9ticos de alta qualidade. Sob a responsabilidade da Dra. Maria Luiza Fregonazzi, uma profissional renomada na \u00e1rea, a cl\u00ednica se destaca pela sua abordagem [&hellip;]<\/p>\n","protected":false},"author":0,"featured_media":0,"comment_status":"open","ping_status":"open","sticky":false,"template":"","format":"standard","meta":{"_et_pb_use_builder":"o","_et_pb_old_content":"","_et_gb_content_width":"","footnotes":""},"categories":[1957,684,1318],"tags":[],"class_list":["post-152539","post","type-post","status-publish","format-standard","hentry","category-depilacao-a-laser","category-estetica","category-tratamentos-faciais"],"yoast_head":"<!-- This site is optimized with the Yoast SEO Premium plugin v21.3 (Yoast SEO v27.5) - https:\/\/yoast.com\/product\/yoast-seo-premium-wordpress\/ -->\n<title>Cl\u00ednica Dra. Maria Luiza Fregonazzi: Est\u00e9tica em Vit\u00f3ria - Conv\u00eanio Social<\/title>\n<meta name=\"robots\" content=\"index, follow, max-snippet:-1, max-image-preview:large, max-video-preview:-1\" \/>\n<link rel=\"canonical\" href=\"https:\/\/www.conveniosocial.com.br\/blog\/estetica\/clinica-dra-maria-luiza-fregonazzi-estetica-em-vitoria\/\" \/>\n<meta property=\"og:locale\" content=\"pt_BR\" \/>\n<meta property=\"og:type\" content=\"article\" \/>\n<meta property=\"og:title\" content=\"Cl\u00ednica Dra. Maria Luiza Fregonazzi: Est\u00e9tica em Vit\u00f3ria\" \/>\n<meta property=\"og:description\" content=\"Cl\u00ednica Dra. Maria Luiza Fregonazzi: Est\u00e9tica em Vit\u00f3ria A Cl\u00ednica Dra. Maria Luiza Fregonazzi, situada no cora\u00e7\u00e3o da Enseada do Su\u00e1, Vit\u00f3ria - ES, \u00e9 o seu destino ideal para tratamentos est\u00e9ticos de alta qualidade. Sob a responsabilidade da Dra. Maria Luiza Fregonazzi, uma profissional renomada na \u00e1rea, a cl\u00ednica se destaca pela sua abordagem [&hellip;]\" \/>\n<meta property=\"og:url\" content=\"https:\/\/www.conveniosocial.com.br\/blog\/estetica\/clinica-dra-maria-luiza-fregonazzi-estetica-em-vitoria\/\" \/>\n<meta property=\"og:site_name\" content=\"Conv\u00eanio Social\" \/>\n<meta property=\"article:published_time\" content=\"2026-03-14T12:00:42+00:00\" \/>\n<meta name=\"twitter:card\" content=\"summary_large_image\" \/>\n<meta name=\"twitter:label1\" content=\"Est. tempo de leitura\" \/>\n\t<meta name=\"twitter:data1\" content=\"3 minutos\" \/>\n<script type=\"application\/ld+json\" class=\"yoast-schema-graph\">{\"@context\":\"https:\\\/\\\/schema.org\",\"@graph\":[{\"@type\":\"Article\",\"@id\":\"https:\\\/\\\/www.conveniosocial.com.br\\\/blog\\\/estetica\\\/clinica-dra-maria-luiza-fregonazzi-estetica-em-vitoria\\\/#article\",\"isPartOf\":{\"@id\":\"https:\\\/\\\/www.conveniosocial.com.br\\\/blog\\\/estetica\\\/clinica-dra-maria-luiza-fregonazzi-estetica-em-vitoria\\\/\"},\"author\":{\"name\":\"\",\"@id\":\"\"},\"headline\":\"Cl\u00ednica Dra. Maria Luiza Fregonazzi: Est\u00e9tica em Vit\u00f3ria\",\"datePublished\":\"2026-03-14T12:00:42+00:00\",\"mainEntityOfPage\":{\"@id\":\"https:\\\/\\\/www.conveniosocial.com.br\\\/blog\\\/estetica\\\/clinica-dra-maria-luiza-fregonazzi-estetica-em-vitoria\\\/\"},\"wordCount\":692,\"commentCount\":0,\"publisher\":{\"@id\":\"https:\\\/\\\/www.conveniosocial.com.br\\\/blog\\\/#organization\"},\"articleSection\":[\"Depila\u00e7\u00e3o a Laser\",\"Est\u00e9tica\",\"Tratamentos Faciais\"],\"inLanguage\":\"pt-BR\"},{\"@type\":\"WebPage\",\"@id\":\"https:\\\/\\\/www.conveniosocial.com.br\\\/blog\\\/estetica\\\/clinica-dra-maria-luiza-fregonazzi-estetica-em-vitoria\\\/\",\"url\":\"https:\\\/\\\/www.conveniosocial.com.br\\\/blog\\\/estetica\\\/clinica-dra-maria-luiza-fregonazzi-estetica-em-vitoria\\\/\",\"name\":\"Cl\u00ednica Dra. Maria Luiza Fregonazzi: Est\u00e9tica em Vit\u00f3ria - Conv\u00eanio Social\",\"isPartOf\":{\"@id\":\"https:\\\/\\\/www.conveniosocial.com.br\\\/blog\\\/#website\"},\"datePublished\":\"2026-03-14T12:00:42+00:00\",\"breadcrumb\":{\"@id\":\"https:\\\/\\\/www.conveniosocial.com.br\\\/blog\\\/estetica\\\/clinica-dra-maria-luiza-fregonazzi-estetica-em-vitoria\\\/#breadcrumb\"},\"inLanguage\":\"pt-BR\",\"potentialAction\":[{\"@type\":\"ReadAction\",\"target\":[\"https:\\\/\\\/www.conveniosocial.com.br\\\/blog\\\/estetica\\\/clinica-dra-maria-luiza-fregonazzi-estetica-em-vitoria\\\/\"]}]},{\"@type\":\"BreadcrumbList\",\"@id\":\"https:\\\/\\\/www.conveniosocial.com.br\\\/blog\\\/estetica\\\/clinica-dra-maria-luiza-fregonazzi-estetica-em-vitoria\\\/#breadcrumb\",\"itemListElement\":[{\"@type\":\"ListItem\",\"position\":1,\"name\":\"Home\",\"item\":\"https:\\\/\\\/www.conveniosocial.com.br\\\/blog\\\/\"},{\"@type\":\"ListItem\",\"position\":2,\"name\":\"Depila\u00e7\u00e3o a Laser\",\"item\":\"https:\\\/\\\/www.conveniosocial.com.br\\\/blog\\\/depilacao-a-laser\\\/\"},{\"@type\":\"ListItem\",\"position\":3,\"name\":\"Cl\u00ednica Dra. Maria Luiza Fregonazzi: Est\u00e9tica em Vit\u00f3ria\"}]},{\"@type\":\"WebSite\",\"@id\":\"https:\\\/\\\/www.conveniosocial.com.br\\\/blog\\\/#website\",\"url\":\"https:\\\/\\\/www.conveniosocial.com.br\\\/blog\\\/\",\"name\":\"Conv\u00eanio Social\",\"description\":\"Informa\u00e7\u00f5es de Sa\u00fade e Bem-estar, Consultas e Exames Popular\",\"publisher\":{\"@id\":\"https:\\\/\\\/www.conveniosocial.com.br\\\/blog\\\/#organization\"},\"potentialAction\":[{\"@type\":\"SearchAction\",\"target\":{\"@type\":\"EntryPoint\",\"urlTemplate\":\"https:\\\/\\\/www.conveniosocial.com.br\\\/blog\\\/?s={search_term_string}\"},\"query-input\":{\"@type\":\"PropertyValueSpecification\",\"valueRequired\":true,\"valueName\":\"search_term_string\"}}],\"inLanguage\":\"pt-BR\"},{\"@type\":\"Organization\",\"@id\":\"https:\\\/\\\/www.conveniosocial.com.br\\\/blog\\\/#organization\",\"name\":\"Conv\u00eanio Social\",\"url\":\"https:\\\/\\\/www.conveniosocial.com.br\\\/blog\\\/\",\"logo\":{\"@type\":\"ImageObject\",\"inLanguage\":\"pt-BR\",\"@id\":\"https:\\\/\\\/www.conveniosocial.com.br\\\/blog\\\/#\\\/schema\\\/logo\\\/image\\\/\",\"url\":\"https:\\\/\\\/www.conveniosocial.com.br\\\/blog\\\/wp-content\\\/uploads\\\/2021\\\/11\\\/novo_logo-convenio-socia-digital.png\",\"contentUrl\":\"https:\\\/\\\/www.conveniosocial.com.br\\\/blog\\\/wp-content\\\/uploads\\\/2021\\\/11\\\/novo_logo-convenio-socia-digital.png\",\"width\":400,\"height\":102,\"caption\":\"Conv\u00eanio Social\"},\"image\":{\"@id\":\"https:\\\/\\\/www.conveniosocial.com.br\\\/blog\\\/#\\\/schema\\\/logo\\\/image\\\/\"}}]}<\/script>\n<!-- \/ Yoast SEO Premium plugin. -->","yoast_head_json":{"title":"Cl\u00ednica Dra. Maria Luiza Fregonazzi: Est\u00e9tica em Vit\u00f3ria - Conv\u00eanio Social","robots":{"index":"index","follow":"follow","max-snippet":"max-snippet:-1","max-image-preview":"max-image-preview:large","max-video-preview":"max-video-preview:-1"},"canonical":"https:\/\/www.conveniosocial.com.br\/blog\/estetica\/clinica-dra-maria-luiza-fregonazzi-estetica-em-vitoria\/","og_locale":"pt_BR","og_type":"article","og_title":"Cl\u00ednica Dra. Maria Luiza Fregonazzi: Est\u00e9tica em Vit\u00f3ria","og_description":"Cl\u00ednica Dra. Maria Luiza Fregonazzi: Est\u00e9tica em Vit\u00f3ria A Cl\u00ednica Dra. Maria Luiza Fregonazzi, situada no cora\u00e7\u00e3o da Enseada do Su\u00e1, Vit\u00f3ria - ES, \u00e9 o seu destino ideal para tratamentos est\u00e9ticos de alta qualidade. Sob a responsabilidade da Dra. Maria Luiza Fregonazzi, uma profissional renomada na \u00e1rea, a cl\u00ednica se destaca pela sua abordagem [&hellip;]","og_url":"https:\/\/www.conveniosocial.com.br\/blog\/estetica\/clinica-dra-maria-luiza-fregonazzi-estetica-em-vitoria\/","og_site_name":"Conv\u00eanio Social","article_published_time":"2026-03-14T12:00:42+00:00","twitter_card":"summary_large_image","twitter_misc":{"Est. tempo de leitura":"3 minutos"},"schema":{"@context":"https:\/\/schema.org","@graph":[{"@type":"Article","@id":"https:\/\/www.conveniosocial.com.br\/blog\/estetica\/clinica-dra-maria-luiza-fregonazzi-estetica-em-vitoria\/#article","isPartOf":{"@id":"https:\/\/www.conveniosocial.com.br\/blog\/estetica\/clinica-dra-maria-luiza-fregonazzi-estetica-em-vitoria\/"},"author":{"name":"","@id":""},"headline":"Cl\u00ednica Dra. Maria Luiza Fregonazzi: Est\u00e9tica em Vit\u00f3ria","datePublished":"2026-03-14T12:00:42+00:00","mainEntityOfPage":{"@id":"https:\/\/www.conveniosocial.com.br\/blog\/estetica\/clinica-dra-maria-luiza-fregonazzi-estetica-em-vitoria\/"},"wordCount":692,"commentCount":0,"publisher":{"@id":"https:\/\/www.conveniosocial.com.br\/blog\/#organization"},"articleSection":["Depila\u00e7\u00e3o a Laser","Est\u00e9tica","Tratamentos Faciais"],"inLanguage":"pt-BR"},{"@type":"WebPage","@id":"https:\/\/www.conveniosocial.com.br\/blog\/estetica\/clinica-dra-maria-luiza-fregonazzi-estetica-em-vitoria\/","url":"https:\/\/www.conveniosocial.com.br\/blog\/estetica\/clinica-dra-maria-luiza-fregonazzi-estetica-em-vitoria\/","name":"Cl\u00ednica Dra. Maria Luiza Fregonazzi: Est\u00e9tica em Vit\u00f3ria - Conv\u00eanio Social","isPartOf":{"@id":"https:\/\/www.conveniosocial.com.br\/blog\/#website"},"datePublished":"2026-03-14T12:00:42+00:00","breadcrumb":{"@id":"https:\/\/www.conveniosocial.com.br\/blog\/estetica\/clinica-dra-maria-luiza-fregonazzi-estetica-em-vitoria\/#breadcrumb"},"inLanguage":"pt-BR","potentialAction":[{"@type":"ReadAction","target":["https:\/\/www.conveniosocial.com.br\/blog\/estetica\/clinica-dra-maria-luiza-fregonazzi-estetica-em-vitoria\/"]}]},{"@type":"BreadcrumbList","@id":"https:\/\/www.conveniosocial.com.br\/blog\/estetica\/clinica-dra-maria-luiza-fregonazzi-estetica-em-vitoria\/#breadcrumb","itemListElement":[{"@type":"ListItem","position":1,"name":"Home","item":"https:\/\/www.conveniosocial.com.br\/blog\/"},{"@type":"ListItem","position":2,"name":"Depila\u00e7\u00e3o a Laser","item":"https:\/\/www.conveniosocial.com.br\/blog\/depilacao-a-laser\/"},{"@type":"ListItem","position":3,"name":"Cl\u00ednica Dra. Maria Luiza Fregonazzi: Est\u00e9tica em Vit\u00f3ria"}]},{"@type":"WebSite","@id":"https:\/\/www.conveniosocial.com.br\/blog\/#website","url":"https:\/\/www.conveniosocial.com.br\/blog\/","name":"Conv\u00eanio Social","description":"Informa\u00e7\u00f5es de Sa\u00fade e Bem-estar, Consultas e Exames Popular","publisher":{"@id":"https:\/\/www.conveniosocial.com.br\/blog\/#organization"},"potentialAction":[{"@type":"SearchAction","target":{"@type":"EntryPoint","urlTemplate":"https:\/\/www.conveniosocial.com.br\/blog\/?s={search_term_string}"},"query-input":{"@type":"PropertyValueSpecification","valueRequired":true,"valueName":"search_term_string"}}],"inLanguage":"pt-BR"},{"@type":"Organization","@id":"https:\/\/www.conveniosocial.com.br\/blog\/#organization","name":"Conv\u00eanio Social","url":"https:\/\/www.conveniosocial.com.br\/blog\/","logo":{"@type":"ImageObject","inLanguage":"pt-BR","@id":"https:\/\/www.conveniosocial.com.br\/blog\/#\/schema\/logo\/image\/","url":"https:\/\/www.conveniosocial.com.br\/blog\/wp-content\/uploads\/2021\/11\/novo_logo-convenio-socia-digital.png","contentUrl":"https:\/\/www.conveniosocial.com.br\/blog\/wp-content\/uploads\/2021\/11\/novo_logo-convenio-socia-digital.png","width":400,"height":102,"caption":"Conv\u00eanio Social"},"image":{"@id":"https:\/\/www.conveniosocial.com.br\/blog\/#\/schema\/logo\/image\/"}}]}},"_links":{"self":[{"href":"https:\/\/www.conveniosocial.com.br\/blog\/wp-json\/wp\/v2\/posts\/152539","targetHints":{"allow":["GET"]}}],"collection":[{"href":"https:\/\/www.conveniosocial.com.br\/blog\/wp-json\/wp\/v2\/posts"}],"about":[{"href":"https:\/\/www.conveniosocial.com.br\/blog\/wp-json\/wp\/v2\/types\/post"}],"replies":[{"embeddable":true,"href":"https:\/\/www.conveniosocial.com.br\/blog\/wp-json\/wp\/v2\/comments?post=152539"}],"version-history":[{"count":0,"href":"https:\/\/www.conveniosocial.com.br\/blog\/wp-json\/wp\/v2\/posts\/152539\/revisions"}],"wp:attachment":[{"href":"https:\/\/www.conveniosocial.com.br\/blog\/wp-json\/wp\/v2\/media?parent=152539"}],"wp:term":[{"taxonomy":"category","embeddable":true,"href":"https:\/\/www.conveniosocial.com.br\/blog\/wp-json\/wp\/v2\/categories?post=152539"},{"taxonomy":"post_tag","embeddable":true,"href":"https:\/\/www.conveniosocial.com.br\/blog\/wp-json\/wp\/v2\/tags?post=152539"}],"curies":[{"name":"wp","href":"https:\/\/api.w.org\/{rel}","templated":true}]}}