{"id":152588,"date":"2026-03-14T09:00:45","date_gmt":"2026-03-14T12:00:45","guid":{"rendered":"https:\/\/www.conveniosocial.com.br\/blog\/nehuma\/clinica-aline-zara-proctologia-em-sao-bernardo-do-campo\/"},"modified":"2026-03-14T09:00:45","modified_gmt":"2026-03-14T12:00:45","slug":"clinica-aline-zara-proctologia-em-sao-bernardo-do-campo","status":"publish","type":"post","link":"https:\/\/www.conveniosocial.com.br\/blog\/atendimento-humanizado\/clinica-aline-zara-proctologia-em-sao-bernardo-do-campo\/","title":{"rendered":"Cl\u00ednica Aline Zara: Proctologia em S\u00e3o Bernardo do Campo"},"content":{"rendered":"<div id=\"ez-toc-container\" class=\"ez-toc-v2_0_82_2 counter-flat ez-toc-counter ez-toc-white ez-toc-container-direction\">\n<p class=\"ez-toc-title\" style=\"cursor:inherit\">\u00cdndice do Conte\u00fado<\/p>\n<label for=\"ez-toc-cssicon-toggle-item-69f5737ec5d51\" class=\"ez-toc-cssicon-toggle-label\"><span class=\"ez-toc-cssicon\"><span class=\"eztoc-hide\" style=\"display:none;\">Toggle<\/span><span class=\"ez-toc-icon-toggle-span\"><svg style=\"fill: #999;color:#999\" xmlns=\"http:\/\/www.w3.org\/2000\/svg\" class=\"list-377408\" width=\"20px\" height=\"20px\" viewBox=\"0 0 24 24\" fill=\"none\"><path d=\"M6 6H4v2h2V6zm14 0H8v2h12V6zM4 11h2v2H4v-2zm16 0H8v2h12v-2zM4 16h2v2H4v-2zm16 0H8v2h12v-2z\" fill=\"currentColor\"><\/path><\/svg><svg style=\"fill: #999;color:#999\" class=\"arrow-unsorted-368013\" xmlns=\"http:\/\/www.w3.org\/2000\/svg\" width=\"10px\" height=\"10px\" viewBox=\"0 0 24 24\" version=\"1.2\" baseProfile=\"tiny\"><path d=\"M18.2 9.3l-6.2-6.3-6.2 6.3c-.2.2-.3.4-.3.7s.1.5.3.7c.2.2.4.3.7.3h11c.3 0 .5-.1.7-.3.2-.2.3-.5.3-.7s-.1-.5-.3-.7zM5.8 14.7l6.2 6.3 6.2-6.3c.2-.2.3-.5.3-.7s-.1-.5-.3-.7c-.2-.2-.4-.3-.7-.3h-11c-.3 0-.5.1-.7.3-.2.2-.3.5-.3.7s.1.5.3.7z\"\/><\/svg><\/span><\/span><\/label><input type=\"checkbox\"  id=\"ez-toc-cssicon-toggle-item-69f5737ec5d51\" checked aria-label=\"Alternar\" \/><nav><ul class='ez-toc-list ez-toc-list-level-1 ' ><li class='ez-toc-page-1'><a class=\"ez-toc-link ez-toc-heading-1\" href=\"https:\/\/www.conveniosocial.com.br\/blog\/atendimento-humanizado\/clinica-aline-zara-proctologia-em-sao-bernardo-do-campo\/#Clinica_Aline_Zara_Proctologia_em_Sao_Bernardo_do_Campo\" >Cl\u00ednica Aline Zara: Proctologia em S\u00e3o Bernardo do Campo<\/a><\/li><li class='ez-toc-page-1'><a class=\"ez-toc-link ez-toc-heading-2\" href=\"https:\/\/www.conveniosocial.com.br\/blog\/atendimento-humanizado\/clinica-aline-zara-proctologia-em-sao-bernardo-do-campo\/#Perguntas_Frequentes\" >Perguntas Frequentes<\/a><\/li><li class='ez-toc-page-1'><a class=\"ez-toc-link ez-toc-heading-3\" href=\"https:\/\/www.conveniosocial.com.br\/blog\/atendimento-humanizado\/clinica-aline-zara-proctologia-em-sao-bernardo-do-campo\/#Contato\" >Contato<\/a><\/li><\/ul><\/nav><\/div>\n<h2><span class=\"ez-toc-section\" id=\"Clinica_Aline_Zara_Proctologia_em_Sao_Bernardo_do_Campo\"><\/span>Cl\u00ednica Aline Zara: Proctologia em S\u00e3o Bernardo do Campo<span class=\"ez-toc-section-end\"><\/span><\/h2>\n<p>A Cl\u00ednica Aline Zara, localizada em S\u00e3o Bernardo do Campo, SP, \u00e9 especializada em Proctologia e Coloproctologia, oferecendo um atendimento acolhedor e humanizado. Com a responsabilidade t\u00e9cnica da Dra. Aline Zara, CRM 184740-SP, a cl\u00ednica se destaca pela sua abordagem centrada no paciente, proporcionando um ambiente seguro e confort\u00e1vel para todos. A cl\u00ednica est\u00e1 situada no bairro Vila Gilda, um local de f\u00e1cil acesso, ideal para atender os moradores da regi\u00e3o e \u00e1reas adjacentes. <\/p>\n<p>Nosso compromisso \u00e9 garantir que cada paciente receba o melhor cuidado poss\u00edvel. A Dra. Aline Zara possui ampla experi\u00eancia nas especialidades de Proctologia e Coloproctologia, e est\u00e1 sempre atualizada sobre as melhores pr\u00e1ticas e inova\u00e7\u00f5es na \u00e1rea, garantindo diagn\u00f3sticos precisos e tratamentos eficazes. <\/p>\n<p>Atendemos pacientes de forma particular, oferecendo uma gama completa de servi\u00e7os e a possibilidade de realizar avalia\u00e7\u00f5es detalhadas e exames necess\u00e1rios para um diagn\u00f3stico seguro. Embora n\u00e3o tenhamos informa\u00e7\u00f5es espec\u00edficas sobre exames dispon\u00edveis, a Dra. Aline \u00e9 dedicada a orientar os pacientes sobre quais procedimentos s\u00e3o recomendados de acordo com suas necessidades individuais. <\/p>\n<p>Nosso hor\u00e1rio de funcionamento \u00e9 de segunda a sexta das 08h \u00e0s 19h e aos s\u00e1bados das 08h \u00e0s 13h, tornando f\u00e1cil encontrar um hor\u00e1rio que se encaixe na sua rotina. Para agendar uma consulta ou obter mais informa\u00e7\u00f5es, voc\u00ea pode entrar em contato conosco. Embora o telefone e o site ainda n\u00e3o estejam dispon\u00edveis, recomendamos que siga nosso perfil no Instagram para atualiza\u00e7\u00f5es e dicas sobre sa\u00fade e bem-estar. <\/p>\n<p>Na Cl\u00ednica Aline Zara, entendemos que a sa\u00fade do paciente \u00e9 prioridade. Por isso, buscamos sempre oferecer um atendimento personalizado, com escuta ativa e respeito \u00e0s preocupa\u00e7\u00f5es de cada um. Nossa miss\u00e3o \u00e9 promover a sa\u00fade e o bem-estar, sempre com \u00e9tica e profissionalismo. Se voc\u00ea procura um lugar onde possa se sentir \u00e0 vontade para discutir quest\u00f5es de sa\u00fade \u00edntima, a Cl\u00ednica Aline Zara \u00e9 o destino certo. Venha nos visitar e conhe\u00e7a nossos servi\u00e7os de perto, estamos prontos para acolh\u00ea-lo com carinho e aten\u00e7\u00e3o.<\/p>\n<h3><span class=\"ez-toc-section\" id=\"Perguntas_Frequentes\"><\/span>Perguntas Frequentes<span class=\"ez-toc-section-end\"><\/span><\/h3>\n<p>P: O que \u00e9 Proctologia?<br \/>\nR: Proctologia \u00e9 a especialidade m\u00e9dica que se dedica ao diagn\u00f3stico e tratamento de doen\u00e7as do \u00e2nus e do reto.<\/p>\n<p>P: Quais s\u00e3o os principais problemas tratados na Proctologia?<br \/>\nR: Os principais problemas incluem hemorroidas, fissuras anais, doen\u00e7as inflamat\u00f3rias intestinais e c\u00e2ncer colorretal.<\/p>\n<p>P: Como agendar uma consulta na Cl\u00ednica Aline Zara?<br \/>\nR: Voc\u00ea pode agendar uma consulta entrando em contato diretamente com a cl\u00ednica, em breve disponibilizaremos nosso telefone e site.<\/p>\n<p>P: A cl\u00ednica atende conv\u00eanios?<br \/>\nR: Atualmente, a Cl\u00ednica Aline Zara atende apenas pacientes particulares.<\/p>\n<p>P: Quais s\u00e3o os hor\u00e1rios de funcionamento da cl\u00ednica?<br \/>\nR: Estamos abertos de segunda a sexta, das 08h \u00e0s 19h, e aos s\u00e1bados, das 08h \u00e0s 13h.<\/p>\n<p>P: O que devo levar para a consulta?<br \/>\nR: \u00c9 recomendado trazer documentos pessoais e qualquer exame anterior relacionado \u00e0 sua condi\u00e7\u00e3o de sa\u00fade.<\/p>\n<p>P: A Dra. Aline Zara \u00e9 experiente na \u00e1rea?<br \/>\nR: Sim, a Dra. Aline Zara possui vasta experi\u00eancia em Proctologia e Coloproctologia, com CRM 184740-SP.<\/p>\n<p>P: A cl\u00ednica oferece exames?<br \/>\nR: Embora n\u00e3o tenhamos informa\u00e7\u00f5es espec\u00edficas sobre exames, a Dra. Aline ir\u00e1 orientar sobre quais exames podem ser necess\u00e1rios.<\/p>\n<p>P: Como posso me manter atualizado sobre a cl\u00ednica?<br \/>\nR: Siga nosso perfil no Instagram para dicas de sa\u00fade e atualiza\u00e7\u00f5es sobre a cl\u00ednica.<\/p>\n<p>P: A cl\u00ednica \u00e9 de f\u00e1cil acesso?<br \/>\nR: Sim, estamos localizados em Vila Gilda, S\u00e3o Bernardo do Campo, com f\u00e1cil acesso para os moradores da regi\u00e3o.<\/p>\n<h3><span class=\"ez-toc-section\" id=\"Contato\"><\/span>Contato<span class=\"ez-toc-section-end\"><\/span><\/h3>\n<p><strong>Tel.:  | <\/strong><br \/>\n<strong>WhatsApp: &#8211; <\/strong><\/p>\n","protected":false},"excerpt":{"rendered":"<p>Cl\u00ednica Aline Zara: Proctologia em S\u00e3o Bernardo do Campo A Cl\u00ednica Aline Zara, localizada em S\u00e3o Bernardo do Campo, SP, \u00e9 especializada em Proctologia e Coloproctologia, oferecendo um atendimento acolhedor e humanizado. Com a responsabilidade t\u00e9cnica da Dra. Aline Zara, CRM 184740-SP, a cl\u00ednica se destaca pela sua abordagem centrada no paciente, proporcionando um ambiente [&hellip;]<\/p>\n","protected":false},"author":0,"featured_media":0,"comment_status":"open","ping_status":"open","sticky":false,"template":"","format":"standard","meta":{"_et_pb_use_builder":"o","_et_pb_old_content":"","_et_gb_content_width":"","footnotes":""},"categories":[907,1368,1607],"tags":[],"class_list":["post-152588","post","type-post","status-publish","format-standard","hentry","category-atendimento-humanizado","category-clinicas-de-saude","category-proctologia"],"yoast_head":"<!-- This site is optimized with the Yoast SEO Premium plugin v21.3 (Yoast SEO v27.5) - https:\/\/yoast.com\/product\/yoast-seo-premium-wordpress\/ -->\n<title>Cl\u00ednica Aline Zara: Proctologia em S\u00e3o Bernardo do Campo - Conv\u00eanio Social<\/title>\n<meta name=\"robots\" content=\"index, follow, max-snippet:-1, max-image-preview:large, max-video-preview:-1\" \/>\n<link rel=\"canonical\" href=\"https:\/\/www.conveniosocial.com.br\/blog\/atendimento-humanizado\/clinica-aline-zara-proctologia-em-sao-bernardo-do-campo\/\" \/>\n<meta property=\"og:locale\" content=\"pt_BR\" \/>\n<meta property=\"og:type\" content=\"article\" \/>\n<meta property=\"og:title\" content=\"Cl\u00ednica Aline Zara: Proctologia em S\u00e3o Bernardo do Campo\" \/>\n<meta property=\"og:description\" content=\"Cl\u00ednica Aline Zara: Proctologia em S\u00e3o Bernardo do Campo A Cl\u00ednica Aline Zara, localizada em S\u00e3o Bernardo do Campo, SP, \u00e9 especializada em Proctologia e Coloproctologia, oferecendo um atendimento acolhedor e humanizado. Com a responsabilidade t\u00e9cnica da Dra. Aline Zara, CRM 184740-SP, a cl\u00ednica se destaca pela sua abordagem centrada no paciente, proporcionando um ambiente [&hellip;]\" \/>\n<meta property=\"og:url\" content=\"https:\/\/www.conveniosocial.com.br\/blog\/atendimento-humanizado\/clinica-aline-zara-proctologia-em-sao-bernardo-do-campo\/\" \/>\n<meta property=\"og:site_name\" content=\"Conv\u00eanio Social\" \/>\n<meta property=\"article:published_time\" content=\"2026-03-14T12:00:45+00:00\" \/>\n<meta name=\"twitter:card\" content=\"summary_large_image\" \/>\n<meta name=\"twitter:label1\" content=\"Est. tempo de leitura\" \/>\n\t<meta name=\"twitter:data1\" content=\"3 minutos\" \/>\n<script type=\"application\/ld+json\" class=\"yoast-schema-graph\">{\"@context\":\"https:\\\/\\\/schema.org\",\"@graph\":[{\"@type\":\"Article\",\"@id\":\"https:\\\/\\\/www.conveniosocial.com.br\\\/blog\\\/atendimento-humanizado\\\/clinica-aline-zara-proctologia-em-sao-bernardo-do-campo\\\/#article\",\"isPartOf\":{\"@id\":\"https:\\\/\\\/www.conveniosocial.com.br\\\/blog\\\/atendimento-humanizado\\\/clinica-aline-zara-proctologia-em-sao-bernardo-do-campo\\\/\"},\"author\":{\"name\":\"\",\"@id\":\"\"},\"headline\":\"Cl\u00ednica Aline Zara: Proctologia em S\u00e3o Bernardo do Campo\",\"datePublished\":\"2026-03-14T12:00:45+00:00\",\"mainEntityOfPage\":{\"@id\":\"https:\\\/\\\/www.conveniosocial.com.br\\\/blog\\\/atendimento-humanizado\\\/clinica-aline-zara-proctologia-em-sao-bernardo-do-campo\\\/\"},\"wordCount\":657,\"commentCount\":0,\"publisher\":{\"@id\":\"https:\\\/\\\/www.conveniosocial.com.br\\\/blog\\\/#organization\"},\"articleSection\":[\"Atendimento Humanizado\",\"Cl\u00ednicas de Sa\u00fade\",\"Proctologia\"],\"inLanguage\":\"pt-BR\"},{\"@type\":\"WebPage\",\"@id\":\"https:\\\/\\\/www.conveniosocial.com.br\\\/blog\\\/atendimento-humanizado\\\/clinica-aline-zara-proctologia-em-sao-bernardo-do-campo\\\/\",\"url\":\"https:\\\/\\\/www.conveniosocial.com.br\\\/blog\\\/atendimento-humanizado\\\/clinica-aline-zara-proctologia-em-sao-bernardo-do-campo\\\/\",\"name\":\"Cl\u00ednica Aline Zara: Proctologia em S\u00e3o Bernardo do Campo - Conv\u00eanio Social\",\"isPartOf\":{\"@id\":\"https:\\\/\\\/www.conveniosocial.com.br\\\/blog\\\/#website\"},\"datePublished\":\"2026-03-14T12:00:45+00:00\",\"breadcrumb\":{\"@id\":\"https:\\\/\\\/www.conveniosocial.com.br\\\/blog\\\/atendimento-humanizado\\\/clinica-aline-zara-proctologia-em-sao-bernardo-do-campo\\\/#breadcrumb\"},\"inLanguage\":\"pt-BR\",\"potentialAction\":[{\"@type\":\"ReadAction\",\"target\":[\"https:\\\/\\\/www.conveniosocial.com.br\\\/blog\\\/atendimento-humanizado\\\/clinica-aline-zara-proctologia-em-sao-bernardo-do-campo\\\/\"]}]},{\"@type\":\"BreadcrumbList\",\"@id\":\"https:\\\/\\\/www.conveniosocial.com.br\\\/blog\\\/atendimento-humanizado\\\/clinica-aline-zara-proctologia-em-sao-bernardo-do-campo\\\/#breadcrumb\",\"itemListElement\":[{\"@type\":\"ListItem\",\"position\":1,\"name\":\"Home\",\"item\":\"https:\\\/\\\/www.conveniosocial.com.br\\\/blog\\\/\"},{\"@type\":\"ListItem\",\"position\":2,\"name\":\"Atendimento Humanizado\",\"item\":\"https:\\\/\\\/www.conveniosocial.com.br\\\/blog\\\/atendimento-humanizado\\\/\"},{\"@type\":\"ListItem\",\"position\":3,\"name\":\"Cl\u00ednica Aline Zara: Proctologia em S\u00e3o Bernardo do Campo\"}]},{\"@type\":\"WebSite\",\"@id\":\"https:\\\/\\\/www.conveniosocial.com.br\\\/blog\\\/#website\",\"url\":\"https:\\\/\\\/www.conveniosocial.com.br\\\/blog\\\/\",\"name\":\"Conv\u00eanio Social\",\"description\":\"Informa\u00e7\u00f5es de Sa\u00fade e Bem-estar, Consultas e Exames Popular\",\"publisher\":{\"@id\":\"https:\\\/\\\/www.conveniosocial.com.br\\\/blog\\\/#organization\"},\"potentialAction\":[{\"@type\":\"SearchAction\",\"target\":{\"@type\":\"EntryPoint\",\"urlTemplate\":\"https:\\\/\\\/www.conveniosocial.com.br\\\/blog\\\/?s={search_term_string}\"},\"query-input\":{\"@type\":\"PropertyValueSpecification\",\"valueRequired\":true,\"valueName\":\"search_term_string\"}}],\"inLanguage\":\"pt-BR\"},{\"@type\":\"Organization\",\"@id\":\"https:\\\/\\\/www.conveniosocial.com.br\\\/blog\\\/#organization\",\"name\":\"Conv\u00eanio Social\",\"url\":\"https:\\\/\\\/www.conveniosocial.com.br\\\/blog\\\/\",\"logo\":{\"@type\":\"ImageObject\",\"inLanguage\":\"pt-BR\",\"@id\":\"https:\\\/\\\/www.conveniosocial.com.br\\\/blog\\\/#\\\/schema\\\/logo\\\/image\\\/\",\"url\":\"https:\\\/\\\/www.conveniosocial.com.br\\\/blog\\\/wp-content\\\/uploads\\\/2021\\\/11\\\/novo_logo-convenio-socia-digital.png\",\"contentUrl\":\"https:\\\/\\\/www.conveniosocial.com.br\\\/blog\\\/wp-content\\\/uploads\\\/2021\\\/11\\\/novo_logo-convenio-socia-digital.png\",\"width\":400,\"height\":102,\"caption\":\"Conv\u00eanio Social\"},\"image\":{\"@id\":\"https:\\\/\\\/www.conveniosocial.com.br\\\/blog\\\/#\\\/schema\\\/logo\\\/image\\\/\"}}]}<\/script>\n<!-- \/ Yoast SEO Premium plugin. -->","yoast_head_json":{"title":"Cl\u00ednica Aline Zara: Proctologia em S\u00e3o Bernardo do Campo - Conv\u00eanio Social","robots":{"index":"index","follow":"follow","max-snippet":"max-snippet:-1","max-image-preview":"max-image-preview:large","max-video-preview":"max-video-preview:-1"},"canonical":"https:\/\/www.conveniosocial.com.br\/blog\/atendimento-humanizado\/clinica-aline-zara-proctologia-em-sao-bernardo-do-campo\/","og_locale":"pt_BR","og_type":"article","og_title":"Cl\u00ednica Aline Zara: Proctologia em S\u00e3o Bernardo do Campo","og_description":"Cl\u00ednica Aline Zara: Proctologia em S\u00e3o Bernardo do Campo A Cl\u00ednica Aline Zara, localizada em S\u00e3o Bernardo do Campo, SP, \u00e9 especializada em Proctologia e Coloproctologia, oferecendo um atendimento acolhedor e humanizado. Com a responsabilidade t\u00e9cnica da Dra. Aline Zara, CRM 184740-SP, a cl\u00ednica se destaca pela sua abordagem centrada no paciente, proporcionando um ambiente [&hellip;]","og_url":"https:\/\/www.conveniosocial.com.br\/blog\/atendimento-humanizado\/clinica-aline-zara-proctologia-em-sao-bernardo-do-campo\/","og_site_name":"Conv\u00eanio Social","article_published_time":"2026-03-14T12:00:45+00:00","twitter_card":"summary_large_image","twitter_misc":{"Est. tempo de leitura":"3 minutos"},"schema":{"@context":"https:\/\/schema.org","@graph":[{"@type":"Article","@id":"https:\/\/www.conveniosocial.com.br\/blog\/atendimento-humanizado\/clinica-aline-zara-proctologia-em-sao-bernardo-do-campo\/#article","isPartOf":{"@id":"https:\/\/www.conveniosocial.com.br\/blog\/atendimento-humanizado\/clinica-aline-zara-proctologia-em-sao-bernardo-do-campo\/"},"author":{"name":"","@id":""},"headline":"Cl\u00ednica Aline Zara: Proctologia em S\u00e3o Bernardo do Campo","datePublished":"2026-03-14T12:00:45+00:00","mainEntityOfPage":{"@id":"https:\/\/www.conveniosocial.com.br\/blog\/atendimento-humanizado\/clinica-aline-zara-proctologia-em-sao-bernardo-do-campo\/"},"wordCount":657,"commentCount":0,"publisher":{"@id":"https:\/\/www.conveniosocial.com.br\/blog\/#organization"},"articleSection":["Atendimento Humanizado","Cl\u00ednicas de Sa\u00fade","Proctologia"],"inLanguage":"pt-BR"},{"@type":"WebPage","@id":"https:\/\/www.conveniosocial.com.br\/blog\/atendimento-humanizado\/clinica-aline-zara-proctologia-em-sao-bernardo-do-campo\/","url":"https:\/\/www.conveniosocial.com.br\/blog\/atendimento-humanizado\/clinica-aline-zara-proctologia-em-sao-bernardo-do-campo\/","name":"Cl\u00ednica Aline Zara: Proctologia em S\u00e3o Bernardo do Campo - Conv\u00eanio Social","isPartOf":{"@id":"https:\/\/www.conveniosocial.com.br\/blog\/#website"},"datePublished":"2026-03-14T12:00:45+00:00","breadcrumb":{"@id":"https:\/\/www.conveniosocial.com.br\/blog\/atendimento-humanizado\/clinica-aline-zara-proctologia-em-sao-bernardo-do-campo\/#breadcrumb"},"inLanguage":"pt-BR","potentialAction":[{"@type":"ReadAction","target":["https:\/\/www.conveniosocial.com.br\/blog\/atendimento-humanizado\/clinica-aline-zara-proctologia-em-sao-bernardo-do-campo\/"]}]},{"@type":"BreadcrumbList","@id":"https:\/\/www.conveniosocial.com.br\/blog\/atendimento-humanizado\/clinica-aline-zara-proctologia-em-sao-bernardo-do-campo\/#breadcrumb","itemListElement":[{"@type":"ListItem","position":1,"name":"Home","item":"https:\/\/www.conveniosocial.com.br\/blog\/"},{"@type":"ListItem","position":2,"name":"Atendimento Humanizado","item":"https:\/\/www.conveniosocial.com.br\/blog\/atendimento-humanizado\/"},{"@type":"ListItem","position":3,"name":"Cl\u00ednica Aline Zara: Proctologia em S\u00e3o Bernardo do Campo"}]},{"@type":"WebSite","@id":"https:\/\/www.conveniosocial.com.br\/blog\/#website","url":"https:\/\/www.conveniosocial.com.br\/blog\/","name":"Conv\u00eanio Social","description":"Informa\u00e7\u00f5es de Sa\u00fade e Bem-estar, Consultas e Exames Popular","publisher":{"@id":"https:\/\/www.conveniosocial.com.br\/blog\/#organization"},"potentialAction":[{"@type":"SearchAction","target":{"@type":"EntryPoint","urlTemplate":"https:\/\/www.conveniosocial.com.br\/blog\/?s={search_term_string}"},"query-input":{"@type":"PropertyValueSpecification","valueRequired":true,"valueName":"search_term_string"}}],"inLanguage":"pt-BR"},{"@type":"Organization","@id":"https:\/\/www.conveniosocial.com.br\/blog\/#organization","name":"Conv\u00eanio Social","url":"https:\/\/www.conveniosocial.com.br\/blog\/","logo":{"@type":"ImageObject","inLanguage":"pt-BR","@id":"https:\/\/www.conveniosocial.com.br\/blog\/#\/schema\/logo\/image\/","url":"https:\/\/www.conveniosocial.com.br\/blog\/wp-content\/uploads\/2021\/11\/novo_logo-convenio-socia-digital.png","contentUrl":"https:\/\/www.conveniosocial.com.br\/blog\/wp-content\/uploads\/2021\/11\/novo_logo-convenio-socia-digital.png","width":400,"height":102,"caption":"Conv\u00eanio Social"},"image":{"@id":"https:\/\/www.conveniosocial.com.br\/blog\/#\/schema\/logo\/image\/"}}]}},"_links":{"self":[{"href":"https:\/\/www.conveniosocial.com.br\/blog\/wp-json\/wp\/v2\/posts\/152588","targetHints":{"allow":["GET"]}}],"collection":[{"href":"https:\/\/www.conveniosocial.com.br\/blog\/wp-json\/wp\/v2\/posts"}],"about":[{"href":"https:\/\/www.conveniosocial.com.br\/blog\/wp-json\/wp\/v2\/types\/post"}],"replies":[{"embeddable":true,"href":"https:\/\/www.conveniosocial.com.br\/blog\/wp-json\/wp\/v2\/comments?post=152588"}],"version-history":[{"count":0,"href":"https:\/\/www.conveniosocial.com.br\/blog\/wp-json\/wp\/v2\/posts\/152588\/revisions"}],"wp:attachment":[{"href":"https:\/\/www.conveniosocial.com.br\/blog\/wp-json\/wp\/v2\/media?parent=152588"}],"wp:term":[{"taxonomy":"category","embeddable":true,"href":"https:\/\/www.conveniosocial.com.br\/blog\/wp-json\/wp\/v2\/categories?post=152588"},{"taxonomy":"post_tag","embeddable":true,"href":"https:\/\/www.conveniosocial.com.br\/blog\/wp-json\/wp\/v2\/tags?post=152588"}],"curies":[{"name":"wp","href":"https:\/\/api.w.org\/{rel}","templated":true}]}}