{"id":152619,"date":"2026-03-14T09:00:47","date_gmt":"2026-03-14T12:00:47","guid":{"rendered":"https:\/\/www.conveniosocial.com.br\/blog\/nehuma\/clinica-dra-valeria-lacks-especializada-em-psiquiatria\/"},"modified":"2026-03-14T09:00:47","modified_gmt":"2026-03-14T12:00:47","slug":"clinica-dra-valeria-lacks-especializada-em-psiquiatria","status":"publish","type":"post","link":"https:\/\/www.conveniosocial.com.br\/blog\/psiquiatria\/clinica-dra-valeria-lacks-especializada-em-psiquiatria\/","title":{"rendered":"Cl\u00ednica Dra. Valeria Lacks: Especializada em Psiquiatria"},"content":{"rendered":"<div id=\"ez-toc-container\" class=\"ez-toc-v2_0_82_2 counter-flat ez-toc-counter ez-toc-white ez-toc-container-direction\">\n<p class=\"ez-toc-title\" style=\"cursor:inherit\">\u00cdndice do Conte\u00fado<\/p>\n<label for=\"ez-toc-cssicon-toggle-item-69f2f905df33c\" class=\"ez-toc-cssicon-toggle-label\"><span class=\"ez-toc-cssicon\"><span class=\"eztoc-hide\" style=\"display:none;\">Toggle<\/span><span class=\"ez-toc-icon-toggle-span\"><svg style=\"fill: #999;color:#999\" xmlns=\"http:\/\/www.w3.org\/2000\/svg\" class=\"list-377408\" width=\"20px\" height=\"20px\" viewBox=\"0 0 24 24\" fill=\"none\"><path d=\"M6 6H4v2h2V6zm14 0H8v2h12V6zM4 11h2v2H4v-2zm16 0H8v2h12v-2zM4 16h2v2H4v-2zm16 0H8v2h12v-2z\" fill=\"currentColor\"><\/path><\/svg><svg style=\"fill: #999;color:#999\" class=\"arrow-unsorted-368013\" xmlns=\"http:\/\/www.w3.org\/2000\/svg\" width=\"10px\" height=\"10px\" viewBox=\"0 0 24 24\" version=\"1.2\" baseProfile=\"tiny\"><path d=\"M18.2 9.3l-6.2-6.3-6.2 6.3c-.2.2-.3.4-.3.7s.1.5.3.7c.2.2.4.3.7.3h11c.3 0 .5-.1.7-.3.2-.2.3-.5.3-.7s-.1-.5-.3-.7zM5.8 14.7l6.2 6.3 6.2-6.3c.2-.2.3-.5.3-.7s-.1-.5-.3-.7c-.2-.2-.4-.3-.7-.3h-11c-.3 0-.5.1-.7.3-.2.2-.3.5-.3.7s.1.5.3.7z\"\/><\/svg><\/span><\/span><\/label><input type=\"checkbox\"  id=\"ez-toc-cssicon-toggle-item-69f2f905df33c\" checked aria-label=\"Alternar\" \/><nav><ul class='ez-toc-list ez-toc-list-level-1 ' ><li class='ez-toc-page-1'><a class=\"ez-toc-link ez-toc-heading-1\" href=\"https:\/\/www.conveniosocial.com.br\/blog\/psiquiatria\/clinica-dra-valeria-lacks-especializada-em-psiquiatria\/#Clinica_Dra_Valeria_Lacks_Especializada_em_Psiquiatria\" >Cl\u00ednica Dra. Valeria Lacks: Especializada em Psiquiatria<\/a><\/li><li class='ez-toc-page-1'><a class=\"ez-toc-link ez-toc-heading-2\" href=\"https:\/\/www.conveniosocial.com.br\/blog\/psiquiatria\/clinica-dra-valeria-lacks-especializada-em-psiquiatria\/#Perguntas_Frequentes\" >Perguntas Frequentes<\/a><\/li><li class='ez-toc-page-1'><a class=\"ez-toc-link ez-toc-heading-3\" href=\"https:\/\/www.conveniosocial.com.br\/blog\/psiquiatria\/clinica-dra-valeria-lacks-especializada-em-psiquiatria\/#Contato\" >Contato<\/a><\/li><\/ul><\/nav><\/div>\n<h2><span class=\"ez-toc-section\" id=\"Clinica_Dra_Valeria_Lacks_Especializada_em_Psiquiatria\"><\/span>Cl\u00ednica Dra. Valeria Lacks: Especializada em Psiquiatria<span class=\"ez-toc-section-end\"><\/span><\/h2>\n<p>A Cl\u00ednica Dra. Valeria Lacks, localizada no cora\u00e7\u00e3o de Diadema, SP, no bairro Serraria, \u00e9 um espa\u00e7o dedicado \u00e0 sa\u00fade mental, oferecendo um atendimento humanizado e profissional. Sob a responsabilidade da Dra. Valeria Lacks, m\u00e9dica psiquiatra com CRM 60542-SP, nossa cl\u00ednica se destaca pela abordagem emp\u00e1tica e acolhedora, visando proporcionar um ambiente seguro e confort\u00e1vel para nossos pacientes. <\/p>\n<p>A sa\u00fade mental \u00e9 uma parte essencial do bem-estar geral, e na Cl\u00ednica Dra. Valeria Lacks, entendemos a import\u00e2ncia de cuidar desse aspecto da vida. A Dra. Valeria possui vasta experi\u00eancia na \u00e1rea de psiquiatria, proporcionando diagn\u00f3sticos precisos e tratamentos adequados \u00e0s necessidades de cada paciente. Nossos servi\u00e7os s\u00e3o voltados para adultos e adolescentes, oferecendo suporte em quest\u00f5es como depress\u00e3o, ansiedade, transtornos de humor, entre outros. <\/p>\n<p>Estamos comprometidos em tornar o acesso \u00e0 sa\u00fade mental mais f\u00e1cil e conveniente. Nossa cl\u00ednica est\u00e1 situada em um local de f\u00e1cil acesso, com transporte p\u00fablico nas proximidades, o que facilita a chegada dos pacientes. <\/p>\n<p>Embora n\u00e3o tenhamos exames espec\u00edficos dispon\u00edveis, a Dra. Valeria \u00e9 altamente qualificada para realizar avalia\u00e7\u00f5es psiqui\u00e1tricas detalhadas e recomendar os melhores caminhos de tratamento, que podem incluir terapia medicamentosa e acompanhamento psicol\u00f3gico. <\/p>\n<p>Nosso compromisso com a sa\u00fade mental vai al\u00e9m do atendimento cl\u00ednico. Estamos sempre buscando maneiras de melhorar a experi\u00eancia do paciente, garantindo que todos se sintam ouvidos e compreendidos. Acreditamos que a comunica\u00e7\u00e3o aberta \u00e9 fundamental para um tratamento eficaz, e por isso incentivamos nossos pacientes a expressarem suas preocupa\u00e7\u00f5es e d\u00favidas durante as consultas. <\/p>\n<p>Para facilitar a comunica\u00e7\u00e3o, voc\u00ea pode entrar em contato conosco pelo telefone (11) 3583-1400 para agendar uma consulta ou obter mais informa\u00e7\u00f5es sobre nossos servi\u00e7os. Embora ainda n\u00e3o tenhamos um site ou perfil no Instagram, estamos trabalhando para implementar essas ferramentas e aumentar nossa presen\u00e7a online, permitindo que mais pessoas conhe\u00e7am nosso trabalho. <\/p>\n<p>A Cl\u00ednica Dra. Valeria Lacks \u00e9 mais do que um espa\u00e7o de atendimento; \u00e9 um lugar onde a sa\u00fade mental \u00e9 tratada com a seriedade que merece. Estamos prontos para acolher voc\u00ea em sua jornada de autocuidado e bem-estar. Venha nos visitar e descubra como podemos ajud\u00e1-lo a viver uma vida mais plena e equilibrada.<\/p>\n<h3><span class=\"ez-toc-section\" id=\"Perguntas_Frequentes\"><\/span>Perguntas Frequentes<span class=\"ez-toc-section-end\"><\/span><\/h3>\n<p>P: Quais s\u00e3o os servi\u00e7os oferecidos pela cl\u00ednica?<br \/>\nR: Oferecemos atendimento especializado em psiquiatria, focando na sa\u00fade mental de adultos e adolescentes.<\/p>\n<p>P: Como posso agendar uma consulta?<br \/>\nR: Voc\u00ea pode agendar uma consulta entrando em contato pelo telefone (11) 3583-1400.<\/p>\n<p>P: A cl\u00ednica aceita conv\u00eanios?<br \/>\nR: No momento, a informa\u00e7\u00e3o sobre conv\u00eanios n\u00e3o est\u00e1 dispon\u00edvel. Recomendamos entrar em contato para mais detalhes.<\/p>\n<p>P: A Dra. Valeria Lacks tem experi\u00eancia na \u00e1rea?<br \/>\nR: Sim, a Dra. Valeria Lacks possui vasta experi\u00eancia em psiquiatria e est\u00e1 comprometida com o bem-estar de seus pacientes.<\/p>\n<p>P: A cl\u00ednica realiza exames?<br \/>\nR: Atualmente, n\u00e3o realizamos exames na cl\u00ednica, mas a Dra. Valeria pode recomendar tratamentos adequados.<\/p>\n<p>P: Qual \u00e9 a localiza\u00e7\u00e3o da cl\u00ednica?<br \/>\nR: A cl\u00ednica est\u00e1 localizada em Diadema, SP, no bairro Serraria, em um local de f\u00e1cil acesso.<\/p>\n<p>P: A cl\u00ednica oferece atendimento para adolescentes?<br \/>\nR: Sim, atendemos adolescentes e adultos, oferecendo suporte em diversas quest\u00f5es de sa\u00fade mental.<\/p>\n<p>P: Como posso saber mais sobre a Dra. Valeria?<br \/>\nR: Voc\u00ea pode entrar em contato conosco pelo telefone (11) 3583-1400 para mais informa\u00e7\u00f5es sobre a Dra. Valeria e seu trabalho.<\/p>\n<p>P: Quais transtornos s\u00e3o tratados na cl\u00ednica?<br \/>\nR: Tratamos uma variedade de transtornos, incluindo depress\u00e3o, ansiedade e transtornos de humor.<\/p>\n<p>P: A cl\u00ednica possui um site ou redes sociais?<br \/>\nR: No momento, ainda n\u00e3o temos um site ou perfil no Instagram, mas estamos trabalhando para isso.<\/p>\n<h3><span class=\"ez-toc-section\" id=\"Contato\"><\/span>Contato<span class=\"ez-toc-section-end\"><\/span><\/h3>\n<p><strong>Tel.:  | <\/strong><br \/>\n<strong>WhatsApp: &#8211; <\/strong><\/p>\n","protected":false},"excerpt":{"rendered":"<p>Cl\u00ednica Dra. Valeria Lacks: Especializada em Psiquiatria A Cl\u00ednica Dra. Valeria Lacks, localizada no cora\u00e7\u00e3o de Diadema, SP, no bairro Serraria, \u00e9 um espa\u00e7o dedicado \u00e0 sa\u00fade mental, oferecendo um atendimento humanizado e profissional. Sob a responsabilidade da Dra. Valeria Lacks, m\u00e9dica psiquiatra com CRM 60542-SP, nossa cl\u00ednica se destaca pela abordagem emp\u00e1tica e acolhedora, [&hellip;]<\/p>\n","protected":false},"author":0,"featured_media":0,"comment_status":"open","ping_status":"open","sticky":false,"template":"","format":"standard","meta":{"_et_pb_use_builder":"o","_et_pb_old_content":"","_et_gb_content_width":"","footnotes":""},"categories":[2500,901,1306],"tags":[],"class_list":["post-152619","post","type-post","status-publish","format-standard","hentry","category-clinica-em-diadema","category-psiquiatria","category-saude-mental"],"yoast_head":"<!-- This site is optimized with the Yoast SEO Premium plugin v21.3 (Yoast SEO v27.5) - https:\/\/yoast.com\/product\/yoast-seo-premium-wordpress\/ -->\n<title>Cl\u00ednica Dra. Valeria Lacks: Especializada em Psiquiatria - Conv\u00eanio Social<\/title>\n<meta name=\"robots\" content=\"index, follow, max-snippet:-1, max-image-preview:large, max-video-preview:-1\" \/>\n<link rel=\"canonical\" href=\"https:\/\/www.conveniosocial.com.br\/blog\/psiquiatria\/clinica-dra-valeria-lacks-especializada-em-psiquiatria\/\" \/>\n<meta property=\"og:locale\" content=\"pt_BR\" \/>\n<meta property=\"og:type\" content=\"article\" \/>\n<meta property=\"og:title\" content=\"Cl\u00ednica Dra. Valeria Lacks: Especializada em Psiquiatria\" \/>\n<meta property=\"og:description\" content=\"Cl\u00ednica Dra. Valeria Lacks: Especializada em Psiquiatria A Cl\u00ednica Dra. Valeria Lacks, localizada no cora\u00e7\u00e3o de Diadema, SP, no bairro Serraria, \u00e9 um espa\u00e7o dedicado \u00e0 sa\u00fade mental, oferecendo um atendimento humanizado e profissional. Sob a responsabilidade da Dra. Valeria Lacks, m\u00e9dica psiquiatra com CRM 60542-SP, nossa cl\u00ednica se destaca pela abordagem emp\u00e1tica e acolhedora, [&hellip;]\" \/>\n<meta property=\"og:url\" content=\"https:\/\/www.conveniosocial.com.br\/blog\/psiquiatria\/clinica-dra-valeria-lacks-especializada-em-psiquiatria\/\" \/>\n<meta property=\"og:site_name\" content=\"Conv\u00eanio Social\" \/>\n<meta property=\"article:published_time\" content=\"2026-03-14T12:00:47+00:00\" \/>\n<meta name=\"twitter:card\" content=\"summary_large_image\" \/>\n<meta name=\"twitter:label1\" content=\"Est. tempo de leitura\" \/>\n\t<meta name=\"twitter:data1\" content=\"3 minutos\" \/>\n<script type=\"application\/ld+json\" class=\"yoast-schema-graph\">{\"@context\":\"https:\\\/\\\/schema.org\",\"@graph\":[{\"@type\":\"Article\",\"@id\":\"https:\\\/\\\/www.conveniosocial.com.br\\\/blog\\\/psiquiatria\\\/clinica-dra-valeria-lacks-especializada-em-psiquiatria\\\/#article\",\"isPartOf\":{\"@id\":\"https:\\\/\\\/www.conveniosocial.com.br\\\/blog\\\/psiquiatria\\\/clinica-dra-valeria-lacks-especializada-em-psiquiatria\\\/\"},\"author\":{\"name\":\"\",\"@id\":\"\"},\"headline\":\"Cl\u00ednica Dra. Valeria Lacks: Especializada em Psiquiatria\",\"datePublished\":\"2026-03-14T12:00:47+00:00\",\"mainEntityOfPage\":{\"@id\":\"https:\\\/\\\/www.conveniosocial.com.br\\\/blog\\\/psiquiatria\\\/clinica-dra-valeria-lacks-especializada-em-psiquiatria\\\/\"},\"wordCount\":668,\"commentCount\":0,\"publisher\":{\"@id\":\"https:\\\/\\\/www.conveniosocial.com.br\\\/blog\\\/#organization\"},\"articleSection\":[\"Cl\u00ednica em Diadema\",\"Psiquiatria\",\"Sa\u00fade Mental\"],\"inLanguage\":\"pt-BR\"},{\"@type\":\"WebPage\",\"@id\":\"https:\\\/\\\/www.conveniosocial.com.br\\\/blog\\\/psiquiatria\\\/clinica-dra-valeria-lacks-especializada-em-psiquiatria\\\/\",\"url\":\"https:\\\/\\\/www.conveniosocial.com.br\\\/blog\\\/psiquiatria\\\/clinica-dra-valeria-lacks-especializada-em-psiquiatria\\\/\",\"name\":\"Cl\u00ednica Dra. Valeria Lacks: Especializada em Psiquiatria - Conv\u00eanio Social\",\"isPartOf\":{\"@id\":\"https:\\\/\\\/www.conveniosocial.com.br\\\/blog\\\/#website\"},\"datePublished\":\"2026-03-14T12:00:47+00:00\",\"breadcrumb\":{\"@id\":\"https:\\\/\\\/www.conveniosocial.com.br\\\/blog\\\/psiquiatria\\\/clinica-dra-valeria-lacks-especializada-em-psiquiatria\\\/#breadcrumb\"},\"inLanguage\":\"pt-BR\",\"potentialAction\":[{\"@type\":\"ReadAction\",\"target\":[\"https:\\\/\\\/www.conveniosocial.com.br\\\/blog\\\/psiquiatria\\\/clinica-dra-valeria-lacks-especializada-em-psiquiatria\\\/\"]}]},{\"@type\":\"BreadcrumbList\",\"@id\":\"https:\\\/\\\/www.conveniosocial.com.br\\\/blog\\\/psiquiatria\\\/clinica-dra-valeria-lacks-especializada-em-psiquiatria\\\/#breadcrumb\",\"itemListElement\":[{\"@type\":\"ListItem\",\"position\":1,\"name\":\"Home\",\"item\":\"https:\\\/\\\/www.conveniosocial.com.br\\\/blog\\\/\"},{\"@type\":\"ListItem\",\"position\":2,\"name\":\"Cl\u00ednica em Diadema\",\"item\":\"https:\\\/\\\/www.conveniosocial.com.br\\\/blog\\\/clinica-em-diadema\\\/\"},{\"@type\":\"ListItem\",\"position\":3,\"name\":\"Cl\u00ednica Dra. Valeria Lacks: Especializada em Psiquiatria\"}]},{\"@type\":\"WebSite\",\"@id\":\"https:\\\/\\\/www.conveniosocial.com.br\\\/blog\\\/#website\",\"url\":\"https:\\\/\\\/www.conveniosocial.com.br\\\/blog\\\/\",\"name\":\"Conv\u00eanio Social\",\"description\":\"Informa\u00e7\u00f5es de Sa\u00fade e Bem-estar, Consultas e Exames Popular\",\"publisher\":{\"@id\":\"https:\\\/\\\/www.conveniosocial.com.br\\\/blog\\\/#organization\"},\"potentialAction\":[{\"@type\":\"SearchAction\",\"target\":{\"@type\":\"EntryPoint\",\"urlTemplate\":\"https:\\\/\\\/www.conveniosocial.com.br\\\/blog\\\/?s={search_term_string}\"},\"query-input\":{\"@type\":\"PropertyValueSpecification\",\"valueRequired\":true,\"valueName\":\"search_term_string\"}}],\"inLanguage\":\"pt-BR\"},{\"@type\":\"Organization\",\"@id\":\"https:\\\/\\\/www.conveniosocial.com.br\\\/blog\\\/#organization\",\"name\":\"Conv\u00eanio Social\",\"url\":\"https:\\\/\\\/www.conveniosocial.com.br\\\/blog\\\/\",\"logo\":{\"@type\":\"ImageObject\",\"inLanguage\":\"pt-BR\",\"@id\":\"https:\\\/\\\/www.conveniosocial.com.br\\\/blog\\\/#\\\/schema\\\/logo\\\/image\\\/\",\"url\":\"https:\\\/\\\/www.conveniosocial.com.br\\\/blog\\\/wp-content\\\/uploads\\\/2021\\\/11\\\/novo_logo-convenio-socia-digital.png\",\"contentUrl\":\"https:\\\/\\\/www.conveniosocial.com.br\\\/blog\\\/wp-content\\\/uploads\\\/2021\\\/11\\\/novo_logo-convenio-socia-digital.png\",\"width\":400,\"height\":102,\"caption\":\"Conv\u00eanio Social\"},\"image\":{\"@id\":\"https:\\\/\\\/www.conveniosocial.com.br\\\/blog\\\/#\\\/schema\\\/logo\\\/image\\\/\"}}]}<\/script>\n<!-- \/ Yoast SEO Premium plugin. -->","yoast_head_json":{"title":"Cl\u00ednica Dra. Valeria Lacks: Especializada em Psiquiatria - Conv\u00eanio Social","robots":{"index":"index","follow":"follow","max-snippet":"max-snippet:-1","max-image-preview":"max-image-preview:large","max-video-preview":"max-video-preview:-1"},"canonical":"https:\/\/www.conveniosocial.com.br\/blog\/psiquiatria\/clinica-dra-valeria-lacks-especializada-em-psiquiatria\/","og_locale":"pt_BR","og_type":"article","og_title":"Cl\u00ednica Dra. Valeria Lacks: Especializada em Psiquiatria","og_description":"Cl\u00ednica Dra. Valeria Lacks: Especializada em Psiquiatria A Cl\u00ednica Dra. Valeria Lacks, localizada no cora\u00e7\u00e3o de Diadema, SP, no bairro Serraria, \u00e9 um espa\u00e7o dedicado \u00e0 sa\u00fade mental, oferecendo um atendimento humanizado e profissional. Sob a responsabilidade da Dra. Valeria Lacks, m\u00e9dica psiquiatra com CRM 60542-SP, nossa cl\u00ednica se destaca pela abordagem emp\u00e1tica e acolhedora, [&hellip;]","og_url":"https:\/\/www.conveniosocial.com.br\/blog\/psiquiatria\/clinica-dra-valeria-lacks-especializada-em-psiquiatria\/","og_site_name":"Conv\u00eanio Social","article_published_time":"2026-03-14T12:00:47+00:00","twitter_card":"summary_large_image","twitter_misc":{"Est. tempo de leitura":"3 minutos"},"schema":{"@context":"https:\/\/schema.org","@graph":[{"@type":"Article","@id":"https:\/\/www.conveniosocial.com.br\/blog\/psiquiatria\/clinica-dra-valeria-lacks-especializada-em-psiquiatria\/#article","isPartOf":{"@id":"https:\/\/www.conveniosocial.com.br\/blog\/psiquiatria\/clinica-dra-valeria-lacks-especializada-em-psiquiatria\/"},"author":{"name":"","@id":""},"headline":"Cl\u00ednica Dra. Valeria Lacks: Especializada em Psiquiatria","datePublished":"2026-03-14T12:00:47+00:00","mainEntityOfPage":{"@id":"https:\/\/www.conveniosocial.com.br\/blog\/psiquiatria\/clinica-dra-valeria-lacks-especializada-em-psiquiatria\/"},"wordCount":668,"commentCount":0,"publisher":{"@id":"https:\/\/www.conveniosocial.com.br\/blog\/#organization"},"articleSection":["Cl\u00ednica em Diadema","Psiquiatria","Sa\u00fade Mental"],"inLanguage":"pt-BR"},{"@type":"WebPage","@id":"https:\/\/www.conveniosocial.com.br\/blog\/psiquiatria\/clinica-dra-valeria-lacks-especializada-em-psiquiatria\/","url":"https:\/\/www.conveniosocial.com.br\/blog\/psiquiatria\/clinica-dra-valeria-lacks-especializada-em-psiquiatria\/","name":"Cl\u00ednica Dra. Valeria Lacks: Especializada em Psiquiatria - Conv\u00eanio Social","isPartOf":{"@id":"https:\/\/www.conveniosocial.com.br\/blog\/#website"},"datePublished":"2026-03-14T12:00:47+00:00","breadcrumb":{"@id":"https:\/\/www.conveniosocial.com.br\/blog\/psiquiatria\/clinica-dra-valeria-lacks-especializada-em-psiquiatria\/#breadcrumb"},"inLanguage":"pt-BR","potentialAction":[{"@type":"ReadAction","target":["https:\/\/www.conveniosocial.com.br\/blog\/psiquiatria\/clinica-dra-valeria-lacks-especializada-em-psiquiatria\/"]}]},{"@type":"BreadcrumbList","@id":"https:\/\/www.conveniosocial.com.br\/blog\/psiquiatria\/clinica-dra-valeria-lacks-especializada-em-psiquiatria\/#breadcrumb","itemListElement":[{"@type":"ListItem","position":1,"name":"Home","item":"https:\/\/www.conveniosocial.com.br\/blog\/"},{"@type":"ListItem","position":2,"name":"Cl\u00ednica em Diadema","item":"https:\/\/www.conveniosocial.com.br\/blog\/clinica-em-diadema\/"},{"@type":"ListItem","position":3,"name":"Cl\u00ednica Dra. Valeria Lacks: Especializada em Psiquiatria"}]},{"@type":"WebSite","@id":"https:\/\/www.conveniosocial.com.br\/blog\/#website","url":"https:\/\/www.conveniosocial.com.br\/blog\/","name":"Conv\u00eanio Social","description":"Informa\u00e7\u00f5es de Sa\u00fade e Bem-estar, Consultas e Exames Popular","publisher":{"@id":"https:\/\/www.conveniosocial.com.br\/blog\/#organization"},"potentialAction":[{"@type":"SearchAction","target":{"@type":"EntryPoint","urlTemplate":"https:\/\/www.conveniosocial.com.br\/blog\/?s={search_term_string}"},"query-input":{"@type":"PropertyValueSpecification","valueRequired":true,"valueName":"search_term_string"}}],"inLanguage":"pt-BR"},{"@type":"Organization","@id":"https:\/\/www.conveniosocial.com.br\/blog\/#organization","name":"Conv\u00eanio Social","url":"https:\/\/www.conveniosocial.com.br\/blog\/","logo":{"@type":"ImageObject","inLanguage":"pt-BR","@id":"https:\/\/www.conveniosocial.com.br\/blog\/#\/schema\/logo\/image\/","url":"https:\/\/www.conveniosocial.com.br\/blog\/wp-content\/uploads\/2021\/11\/novo_logo-convenio-socia-digital.png","contentUrl":"https:\/\/www.conveniosocial.com.br\/blog\/wp-content\/uploads\/2021\/11\/novo_logo-convenio-socia-digital.png","width":400,"height":102,"caption":"Conv\u00eanio Social"},"image":{"@id":"https:\/\/www.conveniosocial.com.br\/blog\/#\/schema\/logo\/image\/"}}]}},"_links":{"self":[{"href":"https:\/\/www.conveniosocial.com.br\/blog\/wp-json\/wp\/v2\/posts\/152619","targetHints":{"allow":["GET"]}}],"collection":[{"href":"https:\/\/www.conveniosocial.com.br\/blog\/wp-json\/wp\/v2\/posts"}],"about":[{"href":"https:\/\/www.conveniosocial.com.br\/blog\/wp-json\/wp\/v2\/types\/post"}],"replies":[{"embeddable":true,"href":"https:\/\/www.conveniosocial.com.br\/blog\/wp-json\/wp\/v2\/comments?post=152619"}],"version-history":[{"count":0,"href":"https:\/\/www.conveniosocial.com.br\/blog\/wp-json\/wp\/v2\/posts\/152619\/revisions"}],"wp:attachment":[{"href":"https:\/\/www.conveniosocial.com.br\/blog\/wp-json\/wp\/v2\/media?parent=152619"}],"wp:term":[{"taxonomy":"category","embeddable":true,"href":"https:\/\/www.conveniosocial.com.br\/blog\/wp-json\/wp\/v2\/categories?post=152619"},{"taxonomy":"post_tag","embeddable":true,"href":"https:\/\/www.conveniosocial.com.br\/blog\/wp-json\/wp\/v2\/tags?post=152619"}],"curies":[{"name":"wp","href":"https:\/\/api.w.org\/{rel}","templated":true}]}}